{"id":19564,"date":"2019-04-13T09:55:47","date_gmt":"2019-04-13T09:55:47","guid":{"rendered":"http:\/\/www.shqiperia.com\/blog\/?p=19564"},"modified":"2021-04-19T12:43:58","modified_gmt":"2021-04-19T12:43:58","slug":"boshtrra-nje-bime-e-rralle-ne-europe","status":"publish","type":"post","link":"https:\/\/www.shqiperia.com\/blog\/boshtrra-nje-bime-e-rralle-ne-europe\/","title":{"rendered":"Boshtrra nje bime e rralle ne Europe. &#8211; &#8220;VOSHTRUM Albania&#8221;."},"content":{"rendered":"<div id=\"attachment_19565\" style=\"width: 435px\" class=\"wp-caption alignnone\"><img data-recalc-dims=\"1\" loading=\"lazy\" decoding=\"async\" aria-describedby=\"caption-attachment-19565\" data-attachment-id=\"19565\" data-permalink=\"https:\/\/www.shqiperia.com\/blog\/boshtrra-nje-bime-e-rralle-ne-europe\/olympus-digital-camera-88\/\" data-orig-file=\"https:\/\/i0.wp.com\/www.shqiperia.com\/blog\/wp-content\/uploads\/2019\/04\/P1011552-Copy.jpg?fit=2976%2C1715&amp;ssl=1\" data-orig-size=\"2976,1715\" data-comments-opened=\"1\" data-image-meta=\"{&quot;aperture&quot;:&quot;2.9&quot;,&quot;credit&quot;:&quot;&quot;,&quot;camera&quot;:&quot;VG110,D700&quot;,&quot;caption&quot;:&quot;OLYMPUS DIGITAL CAMERA&quot;,&quot;created_timestamp&quot;:&quot;-62169984000&quot;,&quot;copyright&quot;:&quot;&quot;,&quot;focal_length&quot;:&quot;4.8&quot;,&quot;iso&quot;:&quot;100&quot;,&quot;shutter_speed&quot;:&quot;0.0015625&quot;,&quot;title&quot;:&quot;OLYMPUS DIGITAL CAMERA&quot;,&quot;orientation&quot;:&quot;1&quot;}\" data-image-title=\"Bashtrra nje bime e rralle ne Europe. &#8211;\" data-image-description=\"\" data-image-caption=\"&lt;p&gt;Bashtrra nje bime e rralle ne Europe. &#8211;&lt;\/p&gt;\n\" data-medium-file=\"https:\/\/i0.wp.com\/www.shqiperia.com\/blog\/wp-content\/uploads\/2019\/04\/P1011552-Copy.jpg?fit=300%2C173&amp;ssl=1\" data-large-file=\"https:\/\/i0.wp.com\/www.shqiperia.com\/blog\/wp-content\/uploads\/2019\/04\/P1011552-Copy.jpg?fit=1024%2C590&amp;ssl=1\" class=\" wp-image-19565\" alt=\"\" src=\"https:\/\/i0.wp.com\/www.shqiperia.com\/blog\/wp-content\/uploads\/2019\/04\/P1011552-Copy-300x173.jpg?resize=425%2C245\" width=\"425\" height=\"245\" srcset=\"https:\/\/i0.wp.com\/www.shqiperia.com\/blog\/wp-content\/uploads\/2019\/04\/P1011552-Copy.jpg?resize=300%2C173&amp;ssl=1 300w, https:\/\/i0.wp.com\/www.shqiperia.com\/blog\/wp-content\/uploads\/2019\/04\/P1011552-Copy.jpg?resize=768%2C443&amp;ssl=1 768w, https:\/\/i0.wp.com\/www.shqiperia.com\/blog\/wp-content\/uploads\/2019\/04\/P1011552-Copy.jpg?resize=1024%2C590&amp;ssl=1 1024w, https:\/\/i0.wp.com\/www.shqiperia.com\/blog\/wp-content\/uploads\/2019\/04\/P1011552-Copy.jpg?resize=2000%2C1153&amp;ssl=1 2000w, https:\/\/i0.wp.com\/www.shqiperia.com\/blog\/wp-content\/uploads\/2019\/04\/P1011552-Copy.jpg?resize=450%2C259&amp;ssl=1 450w, https:\/\/i0.wp.com\/www.shqiperia.com\/blog\/wp-content\/uploads\/2019\/04\/P1011552-Copy.jpg?resize=600%2C346&amp;ssl=1 600w, https:\/\/i0.wp.com\/www.shqiperia.com\/blog\/wp-content\/uploads\/2019\/04\/P1011552-Copy.jpg?resize=1500%2C864&amp;ssl=1 1500w, https:\/\/i0.wp.com\/www.shqiperia.com\/blog\/wp-content\/uploads\/2019\/04\/P1011552-Copy.jpg?resize=1300%2C749&amp;ssl=1 1300w, https:\/\/i0.wp.com\/www.shqiperia.com\/blog\/wp-content\/uploads\/2019\/04\/P1011552-Copy.jpg?resize=400%2C231&amp;ssl=1 400w\" sizes=\"auto, (max-width: 425px) 100vw, 425px\" \/><p id=\"caption-attachment-19565\" class=\"wp-caption-text\">Boshtrra nje bime e rralle ne Europe. &#8211;<\/p><\/div>\n<div class=\"\" data-block=\"true\" data-editor=\"d0its\" data-offset-key=\"976db-0-0\">\n<div class=\"_1mf _1mj\" data-offset-key=\"976db-0-0\"><span data-offset-key=\"976db-0-0\">Boshtrra nje bime e rralle ne Europe. &#8211;<\/span><\/div>\n<\/div>\n<div class=\"\" data-block=\"true\" data-editor=\"d0its\" data-offset-key=\"bgcbn-0-0\">\n<div class=\"_1mf _1mj\" data-offset-key=\"bgcbn-0-0\"><span data-offset-key=\"bgcbn-0-0\">-Boshtrra eshte bime e rralle ne Europe. Eshte shkurre qe <\/span>rritet me shumice ne vendin tone kryesishte ne luginen e Fanit ne lartesite 350-600 metra mbi nivelin e detit. Rritet ne forme shkurreje qe arrin lartesine deri ne 2 metra .<\/div>\n<div data-offset-key=\"bgcbn-0-0\"><span>&#8211; Boshtra eshte bime qe rritet ne gjendje natyrale vetem ne pjesen veriore te Shqiperise, dhe ne asnje vend tjeter te botes (ne menyre te eger, natyrale). <\/span><\/div>\n<div data-offset-key=\"bgcbn-0-0\"><span>&#8211; Quhet &#8220;VOSHTRUM Albania&#8221;.<\/span><\/div>\n<\/div>\n<div class=\"\" data-block=\"true\" data-editor=\"d0its\" data-offset-key=\"bj59l-0-0\">\n<div class=\"_1mf _1mj\" data-offset-key=\"bj59l-0-0\"><span data-offset-key=\"bj59l-0-0\"> Kjo bime e rralle i jep bukuri kesaj lugine gjate lulezimit ne muajin mars dhe fillim te prillit.<\/span><\/div>\n<div data-offset-key=\"bj59l-0-0\">\n<div id=\"attachment_19566\" style=\"width: 414px\" class=\"wp-caption alignnone\"><img data-recalc-dims=\"1\" loading=\"lazy\" decoding=\"async\" aria-describedby=\"caption-attachment-19566\" data-attachment-id=\"19566\" data-permalink=\"https:\/\/www.shqiperia.com\/blog\/boshtrra-nje-bime-e-rralle-ne-europe\/olympus-digital-camera-89\/\" data-orig-file=\"https:\/\/i0.wp.com\/www.shqiperia.com\/blog\/wp-content\/uploads\/2019\/04\/P1011552-Copy-Copy.jpg?fit=2976%2C3525&amp;ssl=1\" data-orig-size=\"2976,3525\" data-comments-opened=\"1\" data-image-meta=\"{&quot;aperture&quot;:&quot;2.9&quot;,&quot;credit&quot;:&quot;&quot;,&quot;camera&quot;:&quot;VG110,D700&quot;,&quot;caption&quot;:&quot;OLYMPUS DIGITAL CAMERA&quot;,&quot;created_timestamp&quot;:&quot;-62169984000&quot;,&quot;copyright&quot;:&quot;&quot;,&quot;focal_length&quot;:&quot;4.8&quot;,&quot;iso&quot;:&quot;100&quot;,&quot;shutter_speed&quot;:&quot;0.0015625&quot;,&quot;title&quot;:&quot;OLYMPUS DIGITAL CAMERA&quot;,&quot;orientation&quot;:&quot;1&quot;}\" data-image-title=\"OLYMPUS DIGITAL CAMERA\" data-image-description=\"\" data-image-caption=\"&lt;p&gt;Bashtrra nje bime e rralle ne Europe. &#8211;&lt;\/p&gt;\n\" data-medium-file=\"https:\/\/i0.wp.com\/www.shqiperia.com\/blog\/wp-content\/uploads\/2019\/04\/P1011552-Copy-Copy.jpg?fit=253%2C300&amp;ssl=1\" data-large-file=\"https:\/\/i0.wp.com\/www.shqiperia.com\/blog\/wp-content\/uploads\/2019\/04\/P1011552-Copy-Copy.jpg?fit=865%2C1024&amp;ssl=1\" class=\" wp-image-19566\" alt=\"\" src=\"https:\/\/i0.wp.com\/www.shqiperia.com\/blog\/wp-content\/uploads\/2019\/04\/P1011552-Copy-Copy-253x300.jpg?resize=404%2C479\" width=\"404\" height=\"479\" srcset=\"https:\/\/i0.wp.com\/www.shqiperia.com\/blog\/wp-content\/uploads\/2019\/04\/P1011552-Copy-Copy.jpg?resize=253%2C300&amp;ssl=1 253w, https:\/\/i0.wp.com\/www.shqiperia.com\/blog\/wp-content\/uploads\/2019\/04\/P1011552-Copy-Copy.jpg?resize=768%2C910&amp;ssl=1 768w, https:\/\/i0.wp.com\/www.shqiperia.com\/blog\/wp-content\/uploads\/2019\/04\/P1011552-Copy-Copy.jpg?resize=865%2C1024&amp;ssl=1 865w, https:\/\/i0.wp.com\/www.shqiperia.com\/blog\/wp-content\/uploads\/2019\/04\/P1011552-Copy-Copy.jpg?resize=2000%2C2369&amp;ssl=1 2000w, https:\/\/i0.wp.com\/www.shqiperia.com\/blog\/wp-content\/uploads\/2019\/04\/P1011552-Copy-Copy.jpg?resize=450%2C533&amp;ssl=1 450w, https:\/\/i0.wp.com\/www.shqiperia.com\/blog\/wp-content\/uploads\/2019\/04\/P1011552-Copy-Copy.jpg?resize=600%2C711&amp;ssl=1 600w, https:\/\/i0.wp.com\/www.shqiperia.com\/blog\/wp-content\/uploads\/2019\/04\/P1011552-Copy-Copy.jpg?resize=1500%2C1777&amp;ssl=1 1500w, https:\/\/i0.wp.com\/www.shqiperia.com\/blog\/wp-content\/uploads\/2019\/04\/P1011552-Copy-Copy.jpg?resize=1300%2C1540&amp;ssl=1 1300w, https:\/\/i0.wp.com\/www.shqiperia.com\/blog\/wp-content\/uploads\/2019\/04\/P1011552-Copy-Copy.jpg?resize=400%2C474&amp;ssl=1 400w\" sizes=\"auto, (max-width: 404px) 100vw, 404px\" \/><p id=\"caption-attachment-19566\" class=\"wp-caption-text\">Boshtrra nje bime e rralle ne Europe. &#8211;<\/p><\/div>\n<\/div>\n<\/div>\n<div class=\"\" data-block=\"true\" data-editor=\"d0its\" data-offset-key=\"4a302-0-0\">\n<div class=\"_1mf _1mj\" data-offset-key=\"4a302-0-0\"><span data-offset-key=\"4a302-0-0\">Natyra eshte kujdesur qe ta zbukuroj vetvehten dhe duhet ti jemi mirnjohese, duke e vleresuar kete bime te rrelle qe tek ne e kemi pa kursim.<\/span><\/div>\n<div data-offset-key=\"4a302-0-0\"><em>Shtese nga komenti i Z. Preng Pistja.<\/em><\/div>\n<div data-offset-key=\"4a302-0-0\"><span>&#8230; &#8220;- Dua te shtoj vetem 2 fjale.<\/span><br \/>\n<span>&#8211; Quhet ne gjuhen shkencore <strong>Voshtrum Albania<\/strong>. Eshte bime qe rritet vetem ne Shqiperine e Veriut , sic thoni edhe juve , dhe ne asnje vend tjeter te globit. &#8230;&#8221;<\/span><\/div>\n<\/div>\n<div data-offset-key=\"4a302-0-0\"><\/div>\n<div data-offset-key=\"4a302-0-0\">\n<div id=\"attachment_19568\" style=\"width: 631px\" class=\"wp-caption alignnone\"><img data-recalc-dims=\"1\" loading=\"lazy\" decoding=\"async\" aria-describedby=\"caption-attachment-19568\" data-attachment-id=\"19568\" data-permalink=\"https:\/\/www.shqiperia.com\/blog\/boshtrra-nje-bime-e-rralle-ne-europe\/olympus-digital-camera-91\/\" data-orig-file=\"https:\/\/i0.wp.com\/www.shqiperia.com\/blog\/wp-content\/uploads\/2019\/04\/P1011556-1.jpg?fit=2976%2C3968&amp;ssl=1\" data-orig-size=\"2976,3968\" data-comments-opened=\"1\" data-image-meta=\"{&quot;aperture&quot;:&quot;4.6&quot;,&quot;credit&quot;:&quot;&quot;,&quot;camera&quot;:&quot;VG110,D700&quot;,&quot;caption&quot;:&quot;OLYMPUS DIGITAL CAMERA&quot;,&quot;created_timestamp&quot;:&quot;-62169984000&quot;,&quot;copyright&quot;:&quot;&quot;,&quot;focal_length&quot;:&quot;11.1&quot;,&quot;iso&quot;:&quot;100&quot;,&quot;shutter_speed&quot;:&quot;0.005&quot;,&quot;title&quot;:&quot;OLYMPUS DIGITAL CAMERA&quot;,&quot;orientation&quot;:&quot;1&quot;}\" data-image-title=\"Bashtrra nje bime e rralle ne Europe. &#8211;\" data-image-description=\"\" data-image-caption=\"&lt;p&gt;Bashtrra nje bime e rralle ne Europe. &#8211;&lt;\/p&gt;\n\" data-medium-file=\"https:\/\/i0.wp.com\/www.shqiperia.com\/blog\/wp-content\/uploads\/2019\/04\/P1011556-1.jpg?fit=225%2C300&amp;ssl=1\" data-large-file=\"https:\/\/i0.wp.com\/www.shqiperia.com\/blog\/wp-content\/uploads\/2019\/04\/P1011556-1.jpg?fit=768%2C1024&amp;ssl=1\" class=\" wp-image-19568\" alt=\"\" src=\"https:\/\/i0.wp.com\/www.shqiperia.com\/blog\/wp-content\/uploads\/2019\/04\/P1011556-1-225x300.jpg?resize=621%2C828\" width=\"621\" height=\"828\" srcset=\"https:\/\/i0.wp.com\/www.shqiperia.com\/blog\/wp-content\/uploads\/2019\/04\/P1011556-1.jpg?resize=225%2C300&amp;ssl=1 225w, https:\/\/i0.wp.com\/www.shqiperia.com\/blog\/wp-content\/uploads\/2019\/04\/P1011556-1.jpg?resize=768%2C1024&amp;ssl=1 768w, https:\/\/i0.wp.com\/www.shqiperia.com\/blog\/wp-content\/uploads\/2019\/04\/P1011556-1.jpg?resize=2000%2C2667&amp;ssl=1 2000w, https:\/\/i0.wp.com\/www.shqiperia.com\/blog\/wp-content\/uploads\/2019\/04\/P1011556-1.jpg?resize=450%2C600&amp;ssl=1 450w, https:\/\/i0.wp.com\/www.shqiperia.com\/blog\/wp-content\/uploads\/2019\/04\/P1011556-1.jpg?resize=600%2C800&amp;ssl=1 600w, https:\/\/i0.wp.com\/www.shqiperia.com\/blog\/wp-content\/uploads\/2019\/04\/P1011556-1.jpg?resize=1500%2C2000&amp;ssl=1 1500w, https:\/\/i0.wp.com\/www.shqiperia.com\/blog\/wp-content\/uploads\/2019\/04\/P1011556-1.jpg?resize=1300%2C1733&amp;ssl=1 1300w, https:\/\/i0.wp.com\/www.shqiperia.com\/blog\/wp-content\/uploads\/2019\/04\/P1011556-1.jpg?resize=400%2C533&amp;ssl=1 400w\" sizes=\"auto, (max-width: 621px) 100vw, 621px\" \/><p id=\"caption-attachment-19568\" class=\"wp-caption-text\">Boshtrra nje bime e rralle ne Europe. &#8211;<\/p><\/div>\n<\/div>\n<div class=\"\" data-block=\"true\" data-editor=\"d0its\" data-offset-key=\"1t2u4-0-0\">\n<div class=\"_1mf _1mj\" data-offset-key=\"1t2u4-0-0\"><span data-offset-key=\"1t2u4-0-0\">Eshte me interes studimi dhe popullarizimi i kesaj luleje si bime e rralle e pasuri e jona.<\/span><\/div>\n<pre data-offset-key=\"1t2u4-0-0\">Shenim nga: Jaho Brahaj.<\/pre>\n<\/div>\n","protected":false},"excerpt":{"rendered":"<p>Boshtrra nje bime e rralle ne Europe. &#8211; -Boshtrra eshte bime e rralle ne Europe. Eshte shkurre qe rritet me shumice ne vendin tone kryesishte ne luginen e Fanit ne lartesite 350-600 metra mbi nivelin e detit. Rritet ne forme shkurreje qe arrin lartesine deri ne 2 metra . &#8211; Boshtra eshte bime qe rritet [&hellip;]<\/p>\n","protected":false},"author":9,"featured_media":19565,"comment_status":"open","ping_status":"open","sticky":false,"template":"","format":"standard","meta":{"jetpack_post_was_ever_published":false,"_jetpack_newsletter_access":"","_jetpack_dont_email_post_to_subs":false,"_jetpack_newsletter_tier_id":0,"_jetpack_memberships_contains_paywalled_content":false,"_jetpack_memberships_contains_paid_content":false,"footnotes":"","jetpack_publicize_message":"","jetpack_publicize_feature_enabled":true,"jetpack_social_post_already_shared":true,"jetpack_social_options":{"image_generator_settings":{"template":"highway","default_image_id":0,"font":"","enabled":false},"version":2}},"categories":[27,10,14],"tags":[],"class_list":["post-19564","post","type-post","status-publish","format-standard","has-post-thumbnail","hentry","category-blogu-i-udhetarit","category-kultura","category-press-releases"],"jetpack_publicize_connections":[],"jetpack_featured_media_url":"https:\/\/i0.wp.com\/www.shqiperia.com\/blog\/wp-content\/uploads\/2019\/04\/P1011552-Copy.jpg?fit=2976%2C1715&ssl=1","jetpack_sharing_enabled":true,"jetpack_shortlink":"https:\/\/wp.me\/p5Z6wp-55y","jetpack-related-posts":[{"id":24570,"url":"https:\/\/www.shqiperia.com\/blog\/kuriozitet-kryezi-puke-rastesishte-u-ndeshem-me-kete-bime-gjethegjere-te-panjohur\/","url_meta":{"origin":19564,"position":0},"title":"Kuriozitet: Kryezi, Puke. Rastesishte u ndeshem me kete bime gjethegjere te panjohur.","author":"Kurt Farka","date":"August 9, 2019","format":false,"excerpt":"Kuriozitet: Kryezi, Puke. Rastesishte u ndeshem me kete bime gjethegjere te panjohur. Ne lumin e Kryeziut, Puke rastesishte poshte shtepise se Isuf Halilit shikova me habi nje bime me gjethe shume te gjere, qe nuk mbahet mend te jete rritur ne Kryezin ne vitet e meparshme. Pyeta dhe askush nuk\u2026","rel":"","context":"In &quot;Blogu i Udh\u00ebtarit&quot;","block_context":{"text":"Blogu i Udh\u00ebtarit","link":"https:\/\/www.shqiperia.com\/blog\/category\/blogu-i-udhetarit\/"},"img":{"alt_text":"","src":"https:\/\/i0.wp.com\/www.shqiperia.com\/blog\/wp-content\/uploads\/2019\/08\/1-20190617_162444.jpg?fit=1200%2C583&ssl=1&resize=350%2C200","width":350,"height":200,"srcset":"https:\/\/i0.wp.com\/www.shqiperia.com\/blog\/wp-content\/uploads\/2019\/08\/1-20190617_162444.jpg?fit=1200%2C583&ssl=1&resize=350%2C200 1x, https:\/\/i0.wp.com\/www.shqiperia.com\/blog\/wp-content\/uploads\/2019\/08\/1-20190617_162444.jpg?fit=1200%2C583&ssl=1&resize=525%2C300 1.5x, https:\/\/i0.wp.com\/www.shqiperia.com\/blog\/wp-content\/uploads\/2019\/08\/1-20190617_162444.jpg?fit=1200%2C583&ssl=1&resize=700%2C400 2x, https:\/\/i0.wp.com\/www.shqiperia.com\/blog\/wp-content\/uploads\/2019\/08\/1-20190617_162444.jpg?fit=1200%2C583&ssl=1&resize=1050%2C600 3x"},"classes":[]},{"id":48436,"url":"https:\/\/www.shqiperia.com\/blog\/skandali-ministria-i-ben-publicitet-kanabisit-qe-rritet-ne-serat-bujqesore-te-shtetit\/","url_meta":{"origin":19564,"position":1},"title":"Skandali! &#8211; Ministria i b\u00ebn &#8216;publicitet&#8217; kanabisit q\u00eb rritet n\u00eb serat bujq\u00ebsore t\u00eb shtetit?","author":"Kurt Farka","date":"July 12, 2021","format":false,"excerpt":"Skandali! - Ministria i b\u00ebn 'publicitet' kanabisit q\u00eb rritet n\u00eb serat bujq\u00ebsore t\u00eb shtetit? 12 KORRIK 2021 Nga: GAZETA SHQIP Qendra e Transferimit t\u00eb Teknologjive Bujq\u00ebsore n\u00eb Lushnje, q\u00eb ka si fokus t\u00eb pun\u00ebs s\u00eb saj, indentifikimin, testimin, p\u00ebrshtatjen dhe futjen e praktikave t\u00eb reja bujq\u00ebsore, duket se p\u00ebrve\u00e7 aktivitetit\u2026","rel":"","context":"In &quot;Blogu i Udh\u00ebtarit&quot;","block_context":{"text":"Blogu i Udh\u00ebtarit","link":"https:\/\/www.shqiperia.com\/blog\/category\/blogu-i-udhetarit\/"},"img":{"alt_text":"","src":"https:\/\/i0.wp.com\/www.shqiperia.com\/blog\/wp-content\/uploads\/2021\/07\/Ministria-i-ben-publicitet-kanabisit-qe-rritet-ne-serat-bujqesore-te-shtetit.jpg?fit=640%2C321&ssl=1&resize=350%2C200","width":350,"height":200,"srcset":"https:\/\/i0.wp.com\/www.shqiperia.com\/blog\/wp-content\/uploads\/2021\/07\/Ministria-i-ben-publicitet-kanabisit-qe-rritet-ne-serat-bujqesore-te-shtetit.jpg?fit=640%2C321&ssl=1&resize=350%2C200 1x, https:\/\/i0.wp.com\/www.shqiperia.com\/blog\/wp-content\/uploads\/2021\/07\/Ministria-i-ben-publicitet-kanabisit-qe-rritet-ne-serat-bujqesore-te-shtetit.jpg?fit=640%2C321&ssl=1&resize=525%2C300 1.5x"},"classes":[]},{"id":38968,"url":"https:\/\/www.shqiperia.com\/blog\/lulja-kokoceli-lulekin-shqiptare-dhe-surprizat-e-fuqise-medicinale\/","url_meta":{"origin":19564,"position":2},"title":"Lulja koko\u00e7eli (lulekin) shqiptare dhe surprizat e fuqis\u00eb medicinale","author":"Kurt Farka","date":"September 27, 2020","format":false,"excerpt":"Lulja koko\u00e7eli (lulekin) shqiptare dhe surprizat e fuqis\u00eb medicinale Ka nj\u00eb em\u00ebr t\u00eb \u00e7uditsh\u00ebm. Njihet si koko\u00e7eli, ose si lule ciani ose gjer\u00ebsisht si lulekin. Lulekina \u00ebsht\u00eb shum\u00eb e njohur edhe n\u00eb Shqip\u00ebri, madje koh\u00ebt e fundit ka nisur t\u00eb kultivohet edhe nga ago-p\u00ebrpunues, t\u00eb cil\u00ebt operojn\u00eb n\u00eb tregun e\u2026","rel":"","context":"In &quot;Blogu i Udh\u00ebtarit&quot;","block_context":{"text":"Blogu i Udh\u00ebtarit","link":"https:\/\/www.shqiperia.com\/blog\/category\/blogu-i-udhetarit\/"},"img":{"alt_text":"","src":"https:\/\/i0.wp.com\/www.shqiperia.com\/blog\/wp-content\/uploads\/2020\/09\/20170330121755911-1.jpg?fit=1200%2C675&ssl=1&resize=350%2C200","width":350,"height":200,"srcset":"https:\/\/i0.wp.com\/www.shqiperia.com\/blog\/wp-content\/uploads\/2020\/09\/20170330121755911-1.jpg?fit=1200%2C675&ssl=1&resize=350%2C200 1x, https:\/\/i0.wp.com\/www.shqiperia.com\/blog\/wp-content\/uploads\/2020\/09\/20170330121755911-1.jpg?fit=1200%2C675&ssl=1&resize=525%2C300 1.5x, https:\/\/i0.wp.com\/www.shqiperia.com\/blog\/wp-content\/uploads\/2020\/09\/20170330121755911-1.jpg?fit=1200%2C675&ssl=1&resize=700%2C400 2x, https:\/\/i0.wp.com\/www.shqiperia.com\/blog\/wp-content\/uploads\/2020\/09\/20170330121755911-1.jpg?fit=1200%2C675&ssl=1&resize=1050%2C600 3x"},"classes":[]},{"id":96370,"url":"https:\/\/www.shqiperia.com\/blog\/lulja-surprize-nga-nje-bime-e-pavlere-ne-nje-burim-kryesor-te-ardhurash\/","url_meta":{"origin":19564,"position":3},"title":"LULJA \u201cSURPRIZ\u00cb\u201d \/ Nga nj\u00eb bim\u00eb e pavler\u00eb, n\u00eb nj\u00eb burim kryesor t\u00eb ardhurash","author":"Kurt Farka","date":"January 8, 2026","format":false,"excerpt":"8 Janar 2026 Nj\u00eb lule thuajse e panjohur dhe e pavler\u00ebsuar nga fermer\u00ebt \u00ebsht\u00eb kthyer n\u00eb nj\u00eb burim kryesor t\u00eb ardhurash p\u00ebr shum\u00eb fshatra n\u00eb Indi. Shkak \u00ebsht\u00eb b\u00ebr\u00eb aft\u00ebsia e saj p\u00ebr t\u00eb z\u00ebv\u00ebnd\u00ebsuar ngjyruesit artificial sintetik\u00eb n\u00eb \u00ebms t\u00eb nj\u00eb fushat\u00eb t\u00eb zgjeruar n\u00eb Europ\u00eb dhe SHBA p\u00ebr\u2026","rel":"","context":"In &quot;Njoftime Shtypi&quot;","block_context":{"text":"Njoftime Shtypi","link":"https:\/\/www.shqiperia.com\/blog\/category\/njoftime-shtypi\/"},"img":{"alt_text":"","src":"https:\/\/i0.wp.com\/www.shqiperia.com\/blog\/wp-content\/uploads\/2026\/01\/640-0-capturepng-1767705453.png?fit=640%2C382&ssl=1&resize=350%2C200","width":350,"height":200,"srcset":"https:\/\/i0.wp.com\/www.shqiperia.com\/blog\/wp-content\/uploads\/2026\/01\/640-0-capturepng-1767705453.png?fit=640%2C382&ssl=1&resize=350%2C200 1x, https:\/\/i0.wp.com\/www.shqiperia.com\/blog\/wp-content\/uploads\/2026\/01\/640-0-capturepng-1767705453.png?fit=640%2C382&ssl=1&resize=525%2C300 1.5x"},"classes":[]},{"id":39733,"url":"https:\/\/www.shqiperia.com\/blog\/bimet-magjike-te-tokes-shqiptare-mjekesore-dhe-aromatike\/","url_meta":{"origin":19564,"position":4},"title":"Bim\u00ebt magjike t\u00eb tok\u00ebs shqiptare, mjek\u00ebsore dhe aromatike","author":"Kurt Farka","date":"October 16, 2020","format":false,"excerpt":"Bim\u00ebt magjike t\u00eb tok\u00ebs shqiptare, mjek\u00ebsore dhe aromatike N\u00eb Shqip\u00ebri ka rreth 7233 lloje bim\u00ebsh t\u00eb cilat formojn\u00eb thuajse 32% t\u00eb t\u00eb gjith\u00eb flor\u00ebs s\u00eb Evrop\u00ebs. K\u00ebtu futen edhe ato aromatiket apo medicinalet q\u00eb jan\u00eb p\u00ebrdorur gjer\u00ebsisht nga mjek\u00ebsia popullore nd\u00ebr shekuj. Nd\u00ebr to renditen dhe ato q\u00eb n\u00eb bot\u00eb\u2026","rel":"","context":"In &quot;Blogu i Udh\u00ebtarit&quot;","block_context":{"text":"Blogu i Udh\u00ebtarit","link":"https:\/\/www.shqiperia.com\/blog\/category\/blogu-i-udhetarit\/"},"img":{"alt_text":"","src":"https:\/\/i0.wp.com\/www.shqiperia.com\/blog\/wp-content\/uploads\/2020\/10\/lavandaok-750x500-1-750x433-696x402-1.jpg?fit=696%2C402&ssl=1&resize=350%2C200","width":350,"height":200,"srcset":"https:\/\/i0.wp.com\/www.shqiperia.com\/blog\/wp-content\/uploads\/2020\/10\/lavandaok-750x500-1-750x433-696x402-1.jpg?fit=696%2C402&ssl=1&resize=350%2C200 1x, https:\/\/i0.wp.com\/www.shqiperia.com\/blog\/wp-content\/uploads\/2020\/10\/lavandaok-750x500-1-750x433-696x402-1.jpg?fit=696%2C402&ssl=1&resize=525%2C300 1.5x"},"classes":[]},{"id":31429,"url":"https:\/\/www.shqiperia.com\/blog\/epineda-e-alpeve-shqiptare-nje-nenlloj-qe-rritet-vetem-ne-shqiperi\/","url_meta":{"origin":19564,"position":5},"title":"Epineda e Alpeve Shqiptare nj\u00eb n\u00ebnlloj q\u00eb rritet vet\u00ebm n\u00eb Shqip\u00ebri","author":"Kurt Farka","date":"February 12, 2020","format":false,"excerpt":"Epineda e Alpeve Shqiptare nj\u00eb n\u00ebnlloj q\u00eb rritet vet\u00ebm n\u00eb Shqip\u00ebri Nga: Blendi Klosi Dua t\u00eb ndaj me ju lajmin e zbulimit t\u00eb subspecies endemike, Epineda e Alpeve Shqiptare (Epimedium alpinum subsp. Albanicum), nj\u00eb n\u00ebnlloj q\u00eb rritet vet\u00ebm n\u00eb Shqip\u00ebri\u00a0dhe askund tjet\u00ebr n\u00eb bot\u00eb. Ky zbulim \u00ebsht\u00eb b\u00ebr\u00eb nga nj\u00eb\u2026","rel":"","context":"In &quot;Histori&quot;","block_context":{"text":"Histori","link":"https:\/\/www.shqiperia.com\/blog\/category\/histori\/"},"img":{"alt_text":"","src":"https:\/\/i0.wp.com\/www.shqiperia.com\/blog\/wp-content\/uploads\/2020\/02\/Epineda-e-Alpeve-Shqiptare-2.jpg?fit=960%2C638&ssl=1&resize=350%2C200","width":350,"height":200,"srcset":"https:\/\/i0.wp.com\/www.shqiperia.com\/blog\/wp-content\/uploads\/2020\/02\/Epineda-e-Alpeve-Shqiptare-2.jpg?fit=960%2C638&ssl=1&resize=350%2C200 1x, https:\/\/i0.wp.com\/www.shqiperia.com\/blog\/wp-content\/uploads\/2020\/02\/Epineda-e-Alpeve-Shqiptare-2.jpg?fit=960%2C638&ssl=1&resize=525%2C300 1.5x, https:\/\/i0.wp.com\/www.shqiperia.com\/blog\/wp-content\/uploads\/2020\/02\/Epineda-e-Alpeve-Shqiptare-2.jpg?fit=960%2C638&ssl=1&resize=700%2C400 2x"},"classes":[]}],"_links":{"self":[{"href":"https:\/\/www.shqiperia.com\/blog\/wp-json\/wp\/v2\/posts\/19564","targetHints":{"allow":["GET"]}}],"collection":[{"href":"https:\/\/www.shqiperia.com\/blog\/wp-json\/wp\/v2\/posts"}],"about":[{"href":"https:\/\/www.shqiperia.com\/blog\/wp-json\/wp\/v2\/types\/post"}],"author":[{"embeddable":true,"href":"https:\/\/www.shqiperia.com\/blog\/wp-json\/wp\/v2\/users\/9"}],"replies":[{"embeddable":true,"href":"https:\/\/www.shqiperia.com\/blog\/wp-json\/wp\/v2\/comments?post=19564"}],"version-history":[{"count":13,"href":"https:\/\/www.shqiperia.com\/blog\/wp-json\/wp\/v2\/posts\/19564\/revisions"}],"predecessor-version":[{"id":46673,"href":"https:\/\/www.shqiperia.com\/blog\/wp-json\/wp\/v2\/posts\/19564\/revisions\/46673"}],"wp:featuredmedia":[{"embeddable":true,"href":"https:\/\/www.shqiperia.com\/blog\/wp-json\/wp\/v2\/media\/19565"}],"wp:attachment":[{"href":"https:\/\/www.shqiperia.com\/blog\/wp-json\/wp\/v2\/media?parent=19564"}],"wp:term":[{"taxonomy":"category","embeddable":true,"href":"https:\/\/www.shqiperia.com\/blog\/wp-json\/wp\/v2\/categories?post=19564"},{"taxonomy":"post_tag","embeddable":true,"href":"https:\/\/www.shqiperia.com\/blog\/wp-json\/wp\/v2\/tags?post=19564"}],"curies":[{"name":"wp","href":"https:\/\/api.w.org\/{rel}","templated":true}]}}