{"id":18374,"date":"2019-03-15T18:46:25","date_gmt":"2019-03-15T18:46:25","guid":{"rendered":"http:\/\/www.shqiperia.com\/blog\/?p=18374"},"modified":"2019-03-15T18:46:25","modified_gmt":"2019-03-15T18:46:25","slug":"europa-po-nderron-opinion-schmidt-edhe-qeveria-mban-pergjegjesi-per-krizen","status":"publish","type":"post","link":"https:\/\/www.shqiperia.com\/blog\/europa-po-nderron-opinion-schmidt-edhe-qeveria-mban-pergjegjesi-per-krizen\/","title":{"rendered":"Europa po nderron Opinion, &#8211; Schmidt: Edhe qeveria mban p\u00ebrgjegj\u00ebsi p\u00ebr kriz\u00ebn. &#8211;"},"content":{"rendered":"<div id=\"attachment_18375\" style=\"width: 510px\" class=\"wp-caption alignnone\"><img data-recalc-dims=\"1\" loading=\"lazy\" decoding=\"async\" aria-describedby=\"caption-attachment-18375\" data-attachment-id=\"18375\" data-permalink=\"https:\/\/www.shqiperia.com\/blog\/europa-po-nderron-opinion-schmidt-edhe-qeveria-mban-pergjegjesi-per-krizen\/christian-schmidt_podium-905x395\/\" data-orig-file=\"https:\/\/i0.wp.com\/www.shqiperia.com\/blog\/wp-content\/uploads\/2019\/03\/Christian-Schmidt_Podium-905x395.jpg?fit=843%2C395&amp;ssl=1\" data-orig-size=\"843,395\" data-comments-opened=\"1\" data-image-meta=\"{&quot;aperture&quot;:&quot;0&quot;,&quot;credit&quot;:&quot;&quot;,&quot;camera&quot;:&quot;&quot;,&quot;caption&quot;:&quot;&quot;,&quot;created_timestamp&quot;:&quot;0&quot;,&quot;copyright&quot;:&quot;&quot;,&quot;focal_length&quot;:&quot;0&quot;,&quot;iso&quot;:&quot;0&quot;,&quot;shutter_speed&quot;:&quot;0&quot;,&quot;title&quot;:&quot;&quot;,&quot;orientation&quot;:&quot;0&quot;}\" data-image-title=\"Christian-Schmidt_\" data-image-description=\"\" data-image-caption=\"&lt;p&gt;Christian-Schmidt&lt;\/p&gt;\n\" data-medium-file=\"https:\/\/i0.wp.com\/www.shqiperia.com\/blog\/wp-content\/uploads\/2019\/03\/Christian-Schmidt_Podium-905x395.jpg?fit=300%2C141&amp;ssl=1\" data-large-file=\"https:\/\/i0.wp.com\/www.shqiperia.com\/blog\/wp-content\/uploads\/2019\/03\/Christian-Schmidt_Podium-905x395.jpg?fit=843%2C395&amp;ssl=1\" class=\" wp-image-18375\" alt=\"\" src=\"https:\/\/i0.wp.com\/www.shqiperia.com\/blog\/wp-content\/uploads\/2019\/03\/Christian-Schmidt_Podium-905x395-300x141.jpg?resize=500%2C235\" width=\"500\" height=\"235\" srcset=\"https:\/\/i0.wp.com\/www.shqiperia.com\/blog\/wp-content\/uploads\/2019\/03\/Christian-Schmidt_Podium-905x395.jpg?resize=300%2C141&amp;ssl=1 300w, https:\/\/i0.wp.com\/www.shqiperia.com\/blog\/wp-content\/uploads\/2019\/03\/Christian-Schmidt_Podium-905x395.jpg?resize=768%2C360&amp;ssl=1 768w, https:\/\/i0.wp.com\/www.shqiperia.com\/blog\/wp-content\/uploads\/2019\/03\/Christian-Schmidt_Podium-905x395.jpg?resize=450%2C211&amp;ssl=1 450w, https:\/\/i0.wp.com\/www.shqiperia.com\/blog\/wp-content\/uploads\/2019\/03\/Christian-Schmidt_Podium-905x395.jpg?resize=600%2C281&amp;ssl=1 600w, https:\/\/i0.wp.com\/www.shqiperia.com\/blog\/wp-content\/uploads\/2019\/03\/Christian-Schmidt_Podium-905x395.jpg?resize=400%2C187&amp;ssl=1 400w, https:\/\/i0.wp.com\/www.shqiperia.com\/blog\/wp-content\/uploads\/2019\/03\/Christian-Schmidt_Podium-905x395.jpg?w=843&amp;ssl=1 843w\" sizes=\"auto, (max-width: 500px) 100vw, 500px\" \/><p id=\"caption-attachment-18375\" class=\"wp-caption-text\">Christian-Schmidt<\/p><\/div>\n<p><strong>Europa po nderron Opinion, &#8211; Schmidt: Edhe qeveria mban p\u00ebrgjegj\u00ebsi p\u00ebr kriz\u00ebn. &#8211;<\/strong><\/p>\n<p>15 mars 2019<\/p>\n<p>Nd\u00ebrsa qeveria gjermane kritikon qart\u00eb opozit\u00ebn e Shqip\u00ebris\u00eb p\u00ebr bojkotin e parlamentit, raportuesi p\u00ebr Shqip\u00ebrin\u00eb n\u00eb Komisionin e Jasht\u00ebm, Christian Schmidt mendon se edhe qeveria ka p\u00ebrgjegj\u00ebsi p\u00ebr kriz\u00ebn.<\/p>\n<p>\u201cKjo nuk \u00ebsht\u00eb normale. Parlamenti jeton nga debati. I takon qeveris\u00eb q\u00eb t\u00eb garantoj\u00eb bashk\u00ebpunimin parlamentar\u201d, tha ish-ministri gjerman p\u00ebr DW.<\/p>\n<p>Schmidt \u00ebsht\u00eb q\u00eb nga fillimi i vitit raportues p\u00ebr Shqip\u00ebrin\u00eb n\u00eb Komisionin e Jasht\u00ebm n\u00eb Bundestag, nj\u00ebri nga komisionet q\u00eb vendos p\u00ebr \u00e7eljen e negociatave n\u00eb BE.<\/p>\n<p>Ai tha\u00a0 se s\u00eb shpejti planifikon t\u00eb shkoj\u00eb vet\u00eb n\u00eb Shqip\u00ebri p\u00ebr t\u2019u informuar vet\u00eb p\u00ebr gjendjen. \u201cVe\u00e7an\u00ebrisht dua t\u00eb shoh se sa p\u00ebrfshihet opozita n\u00eb procedurat parlamentare\u201d, theksoi ai<\/p>\n<p>Vendimi i Gjermanis\u00eb p\u00ebr \u00e7eljen e negociatave do t\u00eb varet nga progres-raporti i Komisionit t\u00eb Bashkimit Evropian q\u00eb do t\u00eb publikohet m\u00eb dat\u00ebn 29 maj. Por p\u00ebr t\u00eb dh\u00ebn\u00eb miratimin p\u00ebrfundimtar n\u00eb K\u00ebshillin e BE-s\u00eb, m\u00eb 19 qershor, Gjermanis\u00eb do t\u2019i duhet q\u00eb t\u00eb marr\u00eb aprovimin e Bundestagut.<\/p>\n<div id=\"attachment_18375\" style=\"width: 789px\" class=\"wp-caption alignnone\"><img data-recalc-dims=\"1\" loading=\"lazy\" decoding=\"async\" aria-describedby=\"caption-attachment-18375\" data-attachment-id=\"18375\" data-permalink=\"https:\/\/www.shqiperia.com\/blog\/europa-po-nderron-opinion-schmidt-edhe-qeveria-mban-pergjegjesi-per-krizen\/christian-schmidt_podium-905x395\/\" data-orig-file=\"https:\/\/i0.wp.com\/www.shqiperia.com\/blog\/wp-content\/uploads\/2019\/03\/Christian-Schmidt_Podium-905x395.jpg?fit=843%2C395&amp;ssl=1\" data-orig-size=\"843,395\" data-comments-opened=\"1\" data-image-meta=\"{&quot;aperture&quot;:&quot;0&quot;,&quot;credit&quot;:&quot;&quot;,&quot;camera&quot;:&quot;&quot;,&quot;caption&quot;:&quot;&quot;,&quot;created_timestamp&quot;:&quot;0&quot;,&quot;copyright&quot;:&quot;&quot;,&quot;focal_length&quot;:&quot;0&quot;,&quot;iso&quot;:&quot;0&quot;,&quot;shutter_speed&quot;:&quot;0&quot;,&quot;title&quot;:&quot;&quot;,&quot;orientation&quot;:&quot;0&quot;}\" data-image-title=\"Christian-Schmidt_\" data-image-description=\"\" data-image-caption=\"&lt;p&gt;Christian-Schmidt&lt;\/p&gt;\n\" data-medium-file=\"https:\/\/i0.wp.com\/www.shqiperia.com\/blog\/wp-content\/uploads\/2019\/03\/Christian-Schmidt_Podium-905x395.jpg?fit=300%2C141&amp;ssl=1\" data-large-file=\"https:\/\/i0.wp.com\/www.shqiperia.com\/blog\/wp-content\/uploads\/2019\/03\/Christian-Schmidt_Podium-905x395.jpg?fit=843%2C395&amp;ssl=1\" class=\" wp-image-18375\" alt=\"\" src=\"https:\/\/i0.wp.com\/www.shqiperia.com\/blog\/wp-content\/uploads\/2019\/03\/Christian-Schmidt_Podium-905x395-300x141.jpg?resize=779%2C366\" width=\"779\" height=\"366\" srcset=\"https:\/\/i0.wp.com\/www.shqiperia.com\/blog\/wp-content\/uploads\/2019\/03\/Christian-Schmidt_Podium-905x395.jpg?resize=300%2C141&amp;ssl=1 300w, https:\/\/i0.wp.com\/www.shqiperia.com\/blog\/wp-content\/uploads\/2019\/03\/Christian-Schmidt_Podium-905x395.jpg?resize=768%2C360&amp;ssl=1 768w, https:\/\/i0.wp.com\/www.shqiperia.com\/blog\/wp-content\/uploads\/2019\/03\/Christian-Schmidt_Podium-905x395.jpg?resize=450%2C211&amp;ssl=1 450w, https:\/\/i0.wp.com\/www.shqiperia.com\/blog\/wp-content\/uploads\/2019\/03\/Christian-Schmidt_Podium-905x395.jpg?resize=600%2C281&amp;ssl=1 600w, https:\/\/i0.wp.com\/www.shqiperia.com\/blog\/wp-content\/uploads\/2019\/03\/Christian-Schmidt_Podium-905x395.jpg?resize=400%2C187&amp;ssl=1 400w, https:\/\/i0.wp.com\/www.shqiperia.com\/blog\/wp-content\/uploads\/2019\/03\/Christian-Schmidt_Podium-905x395.jpg?w=843&amp;ssl=1 843w\" sizes=\"auto, (max-width: 779px) 100vw, 779px\" \/><p id=\"caption-attachment-18375\" class=\"wp-caption-text\">Christian-Schmidt<\/p><\/div>\n<p><em>o.j\/dita<\/em><\/p>\n","protected":false},"excerpt":{"rendered":"<p>Europa po nderron Opinion, &#8211; Schmidt: Edhe qeveria mban p\u00ebrgjegj\u00ebsi p\u00ebr kriz\u00ebn. &#8211; 15 mars 2019 Nd\u00ebrsa qeveria gjermane kritikon qart\u00eb opozit\u00ebn e Shqip\u00ebris\u00eb p\u00ebr bojkotin e parlamentit, raportuesi p\u00ebr Shqip\u00ebrin\u00eb n\u00eb Komisionin e Jasht\u00ebm, Christian Schmidt mendon se edhe qeveria ka p\u00ebrgjegj\u00ebsi p\u00ebr kriz\u00ebn. \u201cKjo nuk \u00ebsht\u00eb normale. Parlamenti jeton nga debati. I takon [&hellip;]<\/p>\n","protected":false},"author":9,"featured_media":18375,"comment_status":"open","ping_status":"open","sticky":false,"template":"","format":"standard","meta":{"jetpack_post_was_ever_published":false,"_jetpack_newsletter_access":"","_jetpack_dont_email_post_to_subs":false,"_jetpack_newsletter_tier_id":0,"_jetpack_memberships_contains_paywalled_content":false,"_jetpack_memberships_contains_paid_content":false,"footnotes":"","jetpack_publicize_message":"","jetpack_publicize_feature_enabled":true,"jetpack_social_post_already_shared":true,"jetpack_social_options":{"image_generator_settings":{"template":"highway","default_image_id":0,"font":"","enabled":false},"version":2}},"categories":[27,2,35],"tags":[],"class_list":["post-18374","post","type-post","status-publish","format-standard","has-post-thumbnail","hentry","category-blogu-i-udhetarit","category-politika","category-shoqerore"],"jetpack_publicize_connections":[],"jetpack_featured_media_url":"https:\/\/i0.wp.com\/www.shqiperia.com\/blog\/wp-content\/uploads\/2019\/03\/Christian-Schmidt_Podium-905x395.jpg?fit=843%2C395&ssl=1","jetpack_sharing_enabled":true,"jetpack_shortlink":"https:\/\/wp.me\/p5Z6wp-4Mm","jetpack-related-posts":[{"id":21113,"url":"https:\/\/www.shqiperia.com\/blog\/kriza-politike-deutsche-welle-qeveria-dhe-opozita-tani-duhet-te-hyjne-ne-dialog-urgjentisht-dhe-pa-asnje-parakusht-dhe-te-jene-te-gatshme-per-kompromise\/","url_meta":{"origin":18374,"position":0},"title":"Kriza politike, Deutsche Welle: &#8211; Qeveria dhe opozita tani duhet t\u00eb hyjn\u00eb n\u00eb dialog urgjentisht dhe pa asnj\u00eb parakusht dhe t\u00eb jen\u00eb t\u00eb gatshme p\u00ebr kompromise.","author":"Kurt Farka","date":"May 13, 2019","format":false,"excerpt":"Kriza politike, Deutsche Welle: - Qeveria dhe opozita tani duhet t\u00eb hyjn\u00eb n\u00eb dialog urgjentisht dhe pa asnj\u00eb parakusht dhe t\u00eb jen\u00eb t\u00eb gatshme p\u00ebr kompromise. 13 maji 2019 Z\u00ebvend\u00ebskryetari i grupit parlamentar t\u00eb Unioni Kristiandemokrat \/ Unioni Kristiansocial (CDU\/CSU) n\u00eb Bundestag dhe nj\u00ebherazi kryesues i grupit t\u00eb pun\u00ebs s\u00eb\u2026","rel":"","context":"In &quot;Blogu i Udh\u00ebtarit&quot;","block_context":{"text":"Blogu i Udh\u00ebtarit","link":"https:\/\/www.shqiperia.com\/blog\/category\/blogu-i-udhetarit\/"},"img":{"alt_text":"","src":"https:\/\/i0.wp.com\/www.shqiperia.com\/blog\/wp-content\/uploads\/2019\/05\/safe_image.png?fit=540%2C282&ssl=1&resize=350%2C200","width":350,"height":200,"srcset":"https:\/\/i0.wp.com\/www.shqiperia.com\/blog\/wp-content\/uploads\/2019\/05\/safe_image.png?fit=540%2C282&ssl=1&resize=350%2C200 1x, https:\/\/i0.wp.com\/www.shqiperia.com\/blog\/wp-content\/uploads\/2019\/05\/safe_image.png?fit=540%2C282&ssl=1&resize=525%2C300 1.5x"},"classes":[]},{"id":44852,"url":"https:\/\/www.shqiperia.com\/blog\/qeveria-e-holandes-raport-per-shqiperine-ministri-i-jashtem-krimi-i-organizuar-mbetet-problem-por-edhe\/","url_meta":{"origin":18374,"position":1},"title":"Qeveria e Holand\u00ebs raport p\u00ebr Shqip\u00ebrin\u00eb, Ministri i Jasht\u00ebm: &#8211; Krimi i organizuar mbetet problem, por edhe\u2026","author":"Kurt Farka","date":"March 2, 2021","format":false,"excerpt":"Qeveria e Holand\u00ebs raport p\u00ebr Shqip\u00ebrin\u00eb, Ministri i Jasht\u00ebm: - Krimi i organizuar mbetet problem, por edhe\u2026 01.03.2021 Nga Erjon Dervishi Qeveria e Holand\u00ebs ka p\u00ebrpiluar nj\u00eb raport p\u00ebr p\u00ebrmbushjen e kushteve nga Shqip\u00ebria, n\u00eb lidhje me Integrimin Europian. Ministri i Jasht\u00ebm, Stef Blok, thot\u00eb se, \u201cKrimi i organizuar mbetet\u2026","rel":"","context":"In &quot;Blogu i Udh\u00ebtarit&quot;","block_context":{"text":"Blogu i Udh\u00ebtarit","link":"https:\/\/www.shqiperia.com\/blog\/category\/blogu-i-udhetarit\/"},"img":{"alt_text":"","src":"https:\/\/i0.wp.com\/www.shqiperia.com\/blog\/wp-content\/uploads\/2021\/03\/Stef-Blok-1536x864-1.jpg?fit=1200%2C603&ssl=1&resize=350%2C200","width":350,"height":200,"srcset":"https:\/\/i0.wp.com\/www.shqiperia.com\/blog\/wp-content\/uploads\/2021\/03\/Stef-Blok-1536x864-1.jpg?fit=1200%2C603&ssl=1&resize=350%2C200 1x, https:\/\/i0.wp.com\/www.shqiperia.com\/blog\/wp-content\/uploads\/2021\/03\/Stef-Blok-1536x864-1.jpg?fit=1200%2C603&ssl=1&resize=525%2C300 1.5x, https:\/\/i0.wp.com\/www.shqiperia.com\/blog\/wp-content\/uploads\/2021\/03\/Stef-Blok-1536x864-1.jpg?fit=1200%2C603&ssl=1&resize=700%2C400 2x, https:\/\/i0.wp.com\/www.shqiperia.com\/blog\/wp-content\/uploads\/2021\/03\/Stef-Blok-1536x864-1.jpg?fit=1200%2C603&ssl=1&resize=1050%2C600 3x"},"classes":[]},{"id":17469,"url":"https:\/\/www.shqiperia.com\/blog\/apeli-i-ministrit-te-merkel-rruga-drejt-be-se-plot-sfida-stop-blerjes-se-votes\/","url_meta":{"origin":18374,"position":2},"title":"Apeli i ministrit t\u00eb Merkel: Rruga drejt BE-s\u00eb plot sfida. &#8211; Stop blerjes s\u00eb vot\u00ebs. &#8211;","author":"Kurt Farka","date":"February 16, 2019","format":false,"excerpt":"Apeli i ministrit t\u00eb Merkel: Rruga drejt BE-s\u00eb plot sfida. - Stop blerjes s\u00eb vot\u00ebs. - \u201cRruga drejt an\u00ebtar\u00ebsis\u00eb n\u00eb BE \u00ebsht\u00eb plot sfida. Qeveria e sotme duhet t\u00eb d\u00ebshmoj\u00eb se \u00ebsht\u00eb n\u00eb gjendje t\u00eb respektoj\u00eb Parlamentin e pavar\u00ebsin\u00eb e gjyq\u00ebsorit\u201d. K\u00ebshtu ka deklaruar reporteri p\u00ebr Shqip\u00ebrin\u00eb n\u00eb Grupin Parlamentar\u2026","rel":"","context":"In &quot;Blogu i Udh\u00ebtarit&quot;","block_context":{"text":"Blogu i Udh\u00ebtarit","link":"https:\/\/www.shqiperia.com\/blog\/category\/blogu-i-udhetarit\/"},"img":{"alt_text":"","src":"https:\/\/i0.wp.com\/www.shqiperia.com\/blog\/wp-content\/uploads\/2019\/02\/Gjermania-1.jpg?fit=632%2C319&ssl=1&resize=350%2C200","width":350,"height":200,"srcset":"https:\/\/i0.wp.com\/www.shqiperia.com\/blog\/wp-content\/uploads\/2019\/02\/Gjermania-1.jpg?fit=632%2C319&ssl=1&resize=350%2C200 1x, https:\/\/i0.wp.com\/www.shqiperia.com\/blog\/wp-content\/uploads\/2019\/02\/Gjermania-1.jpg?fit=632%2C319&ssl=1&resize=525%2C300 1.5x"},"classes":[]},{"id":50962,"url":"https:\/\/www.shqiperia.com\/blog\/mentalitet-titist-po-marr-borxhe-pas-meje-ndodh-qameti-malaj-tregon-rreziqet-e-ekonomise-ta-pergatisesh-popullin-per-krize-dhe-pastaj-te-flasesh-per-satelite\/","url_meta":{"origin":18374,"position":3},"title":"\u201cMentalitet Titist, po marr borxhe pas meje ndodh qameti!\u201d- Malaj tregon rreziqet e ekonomis\u00eb: &#8211; Ta p\u00ebrgatis\u00ebsh popullin p\u00ebr kriz\u00eb dhe pastaj t\u00eb flas\u00ebsh p\u00ebr satelit\u00eb\u2026","author":"Kurt Farka","date":"October 29, 2021","format":false,"excerpt":"\u201cMentalitet Titist, po marr borxhe pas meje ndodh qameti!\u201d- Malaj tregon rreziqet e ekonomis\u00eb: Ta p\u00ebrgatis\u00ebsh popullin p\u00ebr kriz\u00eb dhe pastaj t\u00eb flas\u00ebsh p\u00ebr satelit\u00eb\u2026 28 tetor 2021 Ish-ministri i Financave Arben Malaj paralajm\u00ebroi rreziqe dhe pasoja n\u00eb ekonomin\u00eb shqiptare si pasoj\u00eb e borxheve t\u00eb marra nga qeveria. Duke folur\u2026","rel":"","context":"In &quot;Blogu i Udh\u00ebtarit&quot;","block_context":{"text":"Blogu i Udh\u00ebtarit","link":"https:\/\/www.shqiperia.com\/blog\/category\/blogu-i-udhetarit\/"},"img":{"alt_text":"","src":"https:\/\/i0.wp.com\/www.shqiperia.com\/blog\/wp-content\/uploads\/2021\/10\/Arben-ma-laj-dhe.jpg?fit=750%2C375&ssl=1&resize=350%2C200","width":350,"height":200,"srcset":"https:\/\/i0.wp.com\/www.shqiperia.com\/blog\/wp-content\/uploads\/2021\/10\/Arben-ma-laj-dhe.jpg?fit=750%2C375&ssl=1&resize=350%2C200 1x, https:\/\/i0.wp.com\/www.shqiperia.com\/blog\/wp-content\/uploads\/2021\/10\/Arben-ma-laj-dhe.jpg?fit=750%2C375&ssl=1&resize=525%2C300 1.5x, https:\/\/i0.wp.com\/www.shqiperia.com\/blog\/wp-content\/uploads\/2021\/10\/Arben-ma-laj-dhe.jpg?fit=750%2C375&ssl=1&resize=700%2C400 2x"},"classes":[]},{"id":77172,"url":"https:\/\/www.shqiperia.com\/blog\/rama-po-nderron-70-te-kabinetit-para-se-ti-kape-spak\/","url_meta":{"origin":18374,"position":4},"title":"Rama po nd\u00ebrron 70% t\u00eb kabinetit para se t&#8217;i kap\u00eb SPAK","author":"Kurt Farka","date":"January 11, 2024","format":false,"excerpt":"11 Janar 2024 Analisti Artur Zheji ka deklaruar se opozit\u00ebn e v\u00ebrtet\u00eb k\u00ebt\u00eb mandat t\u00eb qeveris\u00eb e ka b\u00ebr\u00eb Prokuroria e Posa\u00e7me Antikorrupsion. Duke komentuar situat\u00ebn politike dhe ndryshimet n\u00eb qeveri, ai tha se Rama ka nisur t\u00eb veproj\u00eb. Sipas Zhejit, ai po largon ata q\u00eb mendon se do p\u00ebrfundojn\u00eb\u2026","rel":"","context":"In &quot;Blogu i Udh\u00ebtarit&quot;","block_context":{"text":"Blogu i Udh\u00ebtarit","link":"https:\/\/www.shqiperia.com\/blog\/category\/blogu-i-udhetarit\/"},"img":{"alt_text":"","src":"https:\/\/i0.wp.com\/www.shqiperia.com\/blog\/wp-content\/uploads\/2024\/01\/800-480-65a05ea567a16.png?fit=800%2C480&ssl=1&resize=350%2C200","width":350,"height":200,"srcset":"https:\/\/i0.wp.com\/www.shqiperia.com\/blog\/wp-content\/uploads\/2024\/01\/800-480-65a05ea567a16.png?fit=800%2C480&ssl=1&resize=350%2C200 1x, https:\/\/i0.wp.com\/www.shqiperia.com\/blog\/wp-content\/uploads\/2024\/01\/800-480-65a05ea567a16.png?fit=800%2C480&ssl=1&resize=525%2C300 1.5x, https:\/\/i0.wp.com\/www.shqiperia.com\/blog\/wp-content\/uploads\/2024\/01\/800-480-65a05ea567a16.png?fit=800%2C480&ssl=1&resize=700%2C400 2x"},"classes":[]},{"id":75381,"url":"https:\/\/www.shqiperia.com\/blog\/agron-gjekmarkaj-dhe-shperthen-ndaj-rames-nuk-duhet-ta-sjelle-krizen-ne-shqiperi-qeveria-e-melonit-lezhjanet-nuk-duhet-ti-zevendesojme-me-afrikane\/","url_meta":{"origin":18374,"position":5},"title":"Agron Gjekmarkaj dhe shp\u00ebrthen ndaj Ram\u00ebs: &#8211; Nuk duhet ta sjell\u00eb kriz\u00ebn n\u00eb Shqip\u00ebri, qeveria e Melonit. &#8211; \u201cLezhjan\u00ebt nuk duhet t\u2019i z\u00ebvend\u00ebsojm\u00eb me afrikan\u00eb\u201d","author":"Kurt Farka","date":"November 7, 2023","format":false,"excerpt":"7 Nentor 2023 Deputeti i Partis\u00eb Demokratike i qarkut Lezh\u00eb, Agron Gjekmarkaj ka kritikuar marr\u00ebveshjen mes Shqip\u00ebris\u00eb dhe Italis\u00eb p\u00ebr emigrant\u00ebt, q\u00eb parashikon sjelljen n\u00eb Sh\u00ebngjin t\u00eb 36 mije personave nga Mesdheu. Me an\u00eb t\u00eb postimi n\u00eb Facebook, Gjekmarkaj thot\u00eb se kryeministri Edi Rama nuk duhet t\u00eb sjell\u00eb kriz\u00ebn e\u2026","rel":"","context":"In &quot;Blogu i Udh\u00ebtarit&quot;","block_context":{"text":"Blogu i Udh\u00ebtarit","link":"https:\/\/www.shqiperia.com\/blog\/category\/blogu-i-udhetarit\/"},"img":{"alt_text":"","src":"https:\/\/i0.wp.com\/www.shqiperia.com\/blog\/wp-content\/uploads\/2023\/11\/800-0-bff295d7ae0f66795d8b3f499abe929b.jpg?fit=800%2C550&ssl=1&resize=350%2C200","width":350,"height":200,"srcset":"https:\/\/i0.wp.com\/www.shqiperia.com\/blog\/wp-content\/uploads\/2023\/11\/800-0-bff295d7ae0f66795d8b3f499abe929b.jpg?fit=800%2C550&ssl=1&resize=350%2C200 1x, https:\/\/i0.wp.com\/www.shqiperia.com\/blog\/wp-content\/uploads\/2023\/11\/800-0-bff295d7ae0f66795d8b3f499abe929b.jpg?fit=800%2C550&ssl=1&resize=525%2C300 1.5x, https:\/\/i0.wp.com\/www.shqiperia.com\/blog\/wp-content\/uploads\/2023\/11\/800-0-bff295d7ae0f66795d8b3f499abe929b.jpg?fit=800%2C550&ssl=1&resize=700%2C400 2x"},"classes":[]}],"_links":{"self":[{"href":"https:\/\/www.shqiperia.com\/blog\/wp-json\/wp\/v2\/posts\/18374","targetHints":{"allow":["GET"]}}],"collection":[{"href":"https:\/\/www.shqiperia.com\/blog\/wp-json\/wp\/v2\/posts"}],"about":[{"href":"https:\/\/www.shqiperia.com\/blog\/wp-json\/wp\/v2\/types\/post"}],"author":[{"embeddable":true,"href":"https:\/\/www.shqiperia.com\/blog\/wp-json\/wp\/v2\/users\/9"}],"replies":[{"embeddable":true,"href":"https:\/\/www.shqiperia.com\/blog\/wp-json\/wp\/v2\/comments?post=18374"}],"version-history":[{"count":1,"href":"https:\/\/www.shqiperia.com\/blog\/wp-json\/wp\/v2\/posts\/18374\/revisions"}],"predecessor-version":[{"id":18376,"href":"https:\/\/www.shqiperia.com\/blog\/wp-json\/wp\/v2\/posts\/18374\/revisions\/18376"}],"wp:featuredmedia":[{"embeddable":true,"href":"https:\/\/www.shqiperia.com\/blog\/wp-json\/wp\/v2\/media\/18375"}],"wp:attachment":[{"href":"https:\/\/www.shqiperia.com\/blog\/wp-json\/wp\/v2\/media?parent=18374"}],"wp:term":[{"taxonomy":"category","embeddable":true,"href":"https:\/\/www.shqiperia.com\/blog\/wp-json\/wp\/v2\/categories?post=18374"},{"taxonomy":"post_tag","embeddable":true,"href":"https:\/\/www.shqiperia.com\/blog\/wp-json\/wp\/v2\/tags?post=18374"}],"curies":[{"name":"wp","href":"https:\/\/api.w.org\/{rel}","templated":true}]}}