{"id":18371,"date":"2019-03-15T18:11:42","date_gmt":"2019-03-15T18:11:42","guid":{"rendered":"http:\/\/www.shqiperia.com\/blog\/?p=18371"},"modified":"2019-03-15T18:11:42","modified_gmt":"2019-03-15T18:11:42","slug":"problemi-i-madh-i-danimarkes-vendit-qe-enderrojne-te-gjithe","status":"publish","type":"post","link":"https:\/\/www.shqiperia.com\/blog\/problemi-i-madh-i-danimarkes-vendit-qe-enderrojne-te-gjithe\/","title":{"rendered":"Problemi i madh i Danimark\u00ebs, vendit q\u00eb \u00ebnd\u00ebrrojn\u00eb t\u00eb gjith\u00eb.-"},"content":{"rendered":"<p><img data-recalc-dims=\"1\" loading=\"lazy\" decoding=\"async\" data-attachment-id=\"18372\" data-permalink=\"https:\/\/www.shqiperia.com\/blog\/problemi-i-madh-i-danimarkes-vendit-qe-enderrojne-te-gjithe\/gettyimages\/\" data-orig-file=\"https:\/\/i0.wp.com\/www.shqiperia.com\/blog\/wp-content\/uploads\/2019\/03\/GettyImages-.jpg?fit=741%2C376&amp;ssl=1\" data-orig-size=\"741,376\" data-comments-opened=\"1\" data-image-meta=\"{&quot;aperture&quot;:&quot;0&quot;,&quot;credit&quot;:&quot;&quot;,&quot;camera&quot;:&quot;&quot;,&quot;caption&quot;:&quot;&quot;,&quot;created_timestamp&quot;:&quot;0&quot;,&quot;copyright&quot;:&quot;&quot;,&quot;focal_length&quot;:&quot;0&quot;,&quot;iso&quot;:&quot;0&quot;,&quot;shutter_speed&quot;:&quot;0&quot;,&quot;title&quot;:&quot;&quot;,&quot;orientation&quot;:&quot;0&quot;}\" data-image-title=\"GettyImages-\" data-image-description=\"\" data-image-caption=\"\" data-medium-file=\"https:\/\/i0.wp.com\/www.shqiperia.com\/blog\/wp-content\/uploads\/2019\/03\/GettyImages-.jpg?fit=300%2C152&amp;ssl=1\" data-large-file=\"https:\/\/i0.wp.com\/www.shqiperia.com\/blog\/wp-content\/uploads\/2019\/03\/GettyImages-.jpg?fit=741%2C376&amp;ssl=1\" class=\"alignnone  wp-image-18372\" alt=\"\" src=\"https:\/\/i0.wp.com\/www.shqiperia.com\/blog\/wp-content\/uploads\/2019\/03\/GettyImages--300x152.jpg?resize=395%2C200\" width=\"395\" height=\"200\" srcset=\"https:\/\/i0.wp.com\/www.shqiperia.com\/blog\/wp-content\/uploads\/2019\/03\/GettyImages-.jpg?resize=300%2C152&amp;ssl=1 300w, https:\/\/i0.wp.com\/www.shqiperia.com\/blog\/wp-content\/uploads\/2019\/03\/GettyImages-.jpg?resize=450%2C228&amp;ssl=1 450w, https:\/\/i0.wp.com\/www.shqiperia.com\/blog\/wp-content\/uploads\/2019\/03\/GettyImages-.jpg?resize=600%2C304&amp;ssl=1 600w, https:\/\/i0.wp.com\/www.shqiperia.com\/blog\/wp-content\/uploads\/2019\/03\/GettyImages-.jpg?resize=400%2C203&amp;ssl=1 400w, https:\/\/i0.wp.com\/www.shqiperia.com\/blog\/wp-content\/uploads\/2019\/03\/GettyImages-.jpg?w=741&amp;ssl=1 741w\" sizes=\"auto, (max-width: 395px) 100vw, 395px\" \/><\/p>\n<p><strong>Problemi i madh i Danimark\u00ebs, vendit q\u00eb \u00ebnd\u00ebrrojn\u00eb t\u00eb gjith\u00eb.-<\/strong><\/p>\n<p>Danimarka konsiderohet si nj\u00eb nga vendet m\u00eb ideale p\u00ebr t\u00eb jetuar, p\u00ebr shkak t\u00eb cil\u00ebsis\u00eb s\u00eb lart\u00eb, pagave dhe politikave sociale, por atje ka nj\u00eb problem t\u00eb madh. Sipas nj\u00eb raporti t\u00eb publikuar nga Amnesty International, Danimarka rezulton nj\u00eb vend me shum\u00eb abuzime dhe dhun\u00eb seksuale. Gjithashtu probleme me m\u00ebnyr\u00ebn se si trajtohen k\u00ebto probleme. P\u00ebrkund\u00ebr reputacionit t\u00eb madh q\u00eb ka p\u00ebr barazin\u00eb gjinore, aktivist\u00ebt e t\u00eb drejtave t\u00eb njeriut kan\u00eb zbuluar se procesi i raportimit t\u00eb abuzimeve dhe pasojat pas saj jan\u00eb traumatizuese p\u00ebr viktimat.<\/p>\n<p>\u00c7far\u00eb do t\u00eb thot\u00eb kjo? P\u00ebrdhunimet n\u00eb Danimark\u00eb jan\u00eb jasht\u00ebzakonisht t\u00eb n\u00ebn-raportuara, madje edhe n\u00eb rrethanat kur grat\u00eb shkojn\u00eb dhe denoncojn\u00eb n\u00eb polici. Shanset p\u00ebr ndjekje penale dhe d\u00ebnime jan\u00eb shum\u00eb t\u00eb pakta.<\/p>\n<p>Sipas Amnesty, nga grat\u00eb q\u00eb kan\u00eb p\u00ebrjetuar p\u00ebrdhunim ose tentative p\u00ebr p\u00ebrdhunim ( n\u00eb vitin 2017), raportohet p\u00ebr 5100 raste nga ministria e Mjedisit, nd\u00ebrkoh\u00eb q\u00eb sipas studimit jan\u00eb 24 mij\u00eb raste dhe nga k\u00ebto, vet\u00ebm 890 jan\u00eb raportuar n\u00eb polici. Nga k\u00ebto 535 kan\u00eb rezultuar me ndjekje penale dhe vet\u00ebm 94 me d\u00ebnime.<\/p>\n<p>Kujtojm\u00eb se sipas konvent\u00ebs s\u00eb Stambolli\\t, raitfikuar nga Danimarka n\u00eb vitin 2014, p\u00ebrdhunimi dhe t\u00eb gjitha aktet e tjera seksuale jo me konsensus duhet t\u00eb klasifikohen si vepra penale. Por sipas ligjit danez, p\u00ebrdhunimi nuk \u00ebsht\u00eb p\u00ebrcaktuar n\u00eb baz\u00eb t\u00eb munges\u00ebs s\u00eb p\u00eblqimit, por vet\u00ebm tek dhuna fizike, k\u00ebrc\u00ebnimi ose n\u00eb rastin kur zbulohet se viktima nuk ka qen\u00eb n\u00eb gjendje t\u00eb b\u00ebj\u00eb rezistenc\u00eb.<\/p>\n<p><img data-recalc-dims=\"1\" loading=\"lazy\" decoding=\"async\" data-attachment-id=\"18372\" data-permalink=\"https:\/\/www.shqiperia.com\/blog\/problemi-i-madh-i-danimarkes-vendit-qe-enderrojne-te-gjithe\/gettyimages\/\" data-orig-file=\"https:\/\/i0.wp.com\/www.shqiperia.com\/blog\/wp-content\/uploads\/2019\/03\/GettyImages-.jpg?fit=741%2C376&amp;ssl=1\" data-orig-size=\"741,376\" data-comments-opened=\"1\" data-image-meta=\"{&quot;aperture&quot;:&quot;0&quot;,&quot;credit&quot;:&quot;&quot;,&quot;camera&quot;:&quot;&quot;,&quot;caption&quot;:&quot;&quot;,&quot;created_timestamp&quot;:&quot;0&quot;,&quot;copyright&quot;:&quot;&quot;,&quot;focal_length&quot;:&quot;0&quot;,&quot;iso&quot;:&quot;0&quot;,&quot;shutter_speed&quot;:&quot;0&quot;,&quot;title&quot;:&quot;&quot;,&quot;orientation&quot;:&quot;0&quot;}\" data-image-title=\"GettyImages-\" data-image-description=\"\" data-image-caption=\"\" data-medium-file=\"https:\/\/i0.wp.com\/www.shqiperia.com\/blog\/wp-content\/uploads\/2019\/03\/GettyImages-.jpg?fit=300%2C152&amp;ssl=1\" data-large-file=\"https:\/\/i0.wp.com\/www.shqiperia.com\/blog\/wp-content\/uploads\/2019\/03\/GettyImages-.jpg?fit=741%2C376&amp;ssl=1\" class=\"alignnone  wp-image-18372\" alt=\"\" src=\"https:\/\/i0.wp.com\/www.shqiperia.com\/blog\/wp-content\/uploads\/2019\/03\/GettyImages--300x152.jpg?resize=795%2C403\" width=\"795\" height=\"403\" srcset=\"https:\/\/i0.wp.com\/www.shqiperia.com\/blog\/wp-content\/uploads\/2019\/03\/GettyImages-.jpg?resize=300%2C152&amp;ssl=1 300w, https:\/\/i0.wp.com\/www.shqiperia.com\/blog\/wp-content\/uploads\/2019\/03\/GettyImages-.jpg?resize=450%2C228&amp;ssl=1 450w, https:\/\/i0.wp.com\/www.shqiperia.com\/blog\/wp-content\/uploads\/2019\/03\/GettyImages-.jpg?resize=600%2C304&amp;ssl=1 600w, https:\/\/i0.wp.com\/www.shqiperia.com\/blog\/wp-content\/uploads\/2019\/03\/GettyImages-.jpg?resize=400%2C203&amp;ssl=1 400w, https:\/\/i0.wp.com\/www.shqiperia.com\/blog\/wp-content\/uploads\/2019\/03\/GettyImages-.jpg?w=741&amp;ssl=1 741w\" sizes=\"auto, (max-width: 795px) 100vw, 795px\" \/><\/p>\n<p>E sigurisht q\u00eb n\u00eb p\u00ebrgjigje t\u00eb raportit t\u00eb Amnesty, ministri Danez i Drejt\u00ebsis\u00eb, Soren Pape Poulsen postoi nj\u00eb status n\u00eb Twitter ku shkruante: Faleminderit q\u00eb nxor\u00ebt n\u00eb pah nj\u00eb problem t\u00eb madh. Po punoj fort p\u00ebr nj\u00eb legjislacion t\u00eb ri.<\/p>\n<p><strong><em>l.h\/ dita<\/em><\/strong><\/p>\n","protected":false},"excerpt":{"rendered":"<p>Problemi i madh i Danimark\u00ebs, vendit q\u00eb \u00ebnd\u00ebrrojn\u00eb t\u00eb gjith\u00eb.- Danimarka konsiderohet si nj\u00eb nga vendet m\u00eb ideale p\u00ebr t\u00eb jetuar, p\u00ebr shkak t\u00eb cil\u00ebsis\u00eb s\u00eb lart\u00eb, pagave dhe politikave sociale, por atje ka nj\u00eb problem t\u00eb madh. Sipas nj\u00eb raporti t\u00eb publikuar nga Amnesty International, Danimarka rezulton nj\u00eb vend me shum\u00eb abuzime dhe dhun\u00eb [&hellip;]<\/p>\n","protected":false},"author":9,"featured_media":18372,"comment_status":"open","ping_status":"open","sticky":false,"template":"","format":"standard","meta":{"jetpack_post_was_ever_published":false,"_jetpack_newsletter_access":"","_jetpack_dont_email_post_to_subs":false,"_jetpack_newsletter_tier_id":0,"_jetpack_memberships_contains_paywalled_content":false,"_jetpack_memberships_contains_paid_content":false,"footnotes":"","jetpack_publicize_message":"","jetpack_publicize_feature_enabled":true,"jetpack_social_post_already_shared":true,"jetpack_social_options":{"image_generator_settings":{"template":"highway","default_image_id":0,"font":"","enabled":false},"version":2}},"categories":[27,35],"tags":[],"class_list":["post-18371","post","type-post","status-publish","format-standard","has-post-thumbnail","hentry","category-blogu-i-udhetarit","category-shoqerore"],"jetpack_publicize_connections":[],"jetpack_featured_media_url":"https:\/\/i0.wp.com\/www.shqiperia.com\/blog\/wp-content\/uploads\/2019\/03\/GettyImages-.jpg?fit=741%2C376&ssl=1","jetpack_sharing_enabled":true,"jetpack_shortlink":"https:\/\/wp.me\/p5Z6wp-4Mj","jetpack-related-posts":[{"id":71473,"url":"https:\/\/www.shqiperia.com\/blog\/danimarka-lekundet-nga-disa-vale-akustike-reagojne-shkencetaret\/","url_meta":{"origin":18371,"position":0},"title":"Danimarka l\u00ebkundet nga disa val\u00eb akustike, reagojn\u00eb shkenc\u00ebtar\u00ebt","author":"Kurt Farka","date":"May 15, 2023","format":false,"excerpt":"15 Maji 2023 Nj\u00eb seri l\u00ebkundjesh t\u00eb vogla t\u00eb regjistruara n\u00eb ishullin baltik danez t\u00eb Bornholm t\u00eb shtun\u00ebn kan\u00eb habitur shkenc\u00ebtar\u00ebt, t\u00eb cil\u00ebt tani thon\u00eb se ato jan\u00eb shkaktuar nga \u201cval\u00ebt e presionit akustik nga nj\u00eb burim i panjohur\u201d. N\u00eb fillim u mendua se l\u00ebkundjet ishin shkaktuar nga nj\u00eb t\u00ebrmet.\u2026","rel":"","context":"In &quot;Blogu i Udh\u00ebtarit&quot;","block_context":{"text":"Blogu i Udh\u00ebtarit","link":"https:\/\/www.shqiperia.com\/blog\/category\/blogu-i-udhetarit\/"},"img":{"alt_text":"","src":"https:\/\/i0.wp.com\/www.shqiperia.com\/blog\/wp-content\/uploads\/2023\/05\/800-0-5118af3dbf65f52ac0110ed4712b0c1e.jpg?fit=800%2C545&ssl=1&resize=350%2C200","width":350,"height":200,"srcset":"https:\/\/i0.wp.com\/www.shqiperia.com\/blog\/wp-content\/uploads\/2023\/05\/800-0-5118af3dbf65f52ac0110ed4712b0c1e.jpg?fit=800%2C545&ssl=1&resize=350%2C200 1x, https:\/\/i0.wp.com\/www.shqiperia.com\/blog\/wp-content\/uploads\/2023\/05\/800-0-5118af3dbf65f52ac0110ed4712b0c1e.jpg?fit=800%2C545&ssl=1&resize=525%2C300 1.5x, https:\/\/i0.wp.com\/www.shqiperia.com\/blog\/wp-content\/uploads\/2023\/05\/800-0-5118af3dbf65f52ac0110ed4712b0c1e.jpg?fit=800%2C545&ssl=1&resize=700%2C400 2x"},"classes":[]},{"id":21799,"url":"https:\/\/www.shqiperia.com\/blog\/tiede-kam-gjera-me-te-medha-ajo-qe-kam-publikuar-eshte-shume-pak\/","url_meta":{"origin":18371,"position":1},"title":"Tiede: Kam gj\u00ebra m\u00eb t\u00eb m\u00ebdha, ajo q\u00eb kam publikuar \u00ebsht\u00eb shum\u00eb pak. &#8211;","author":"Kurt Farka","date":"June 9, 2019","format":false,"excerpt":"Tiede: Kam gj\u00ebra m\u00eb t\u00eb m\u00ebdha, ajo q\u00eb kam publikuar \u00ebsht\u00eb shum\u00eb pak. - Nga: mapo.al Gazetari gjerman i t\u00eb p\u00ebrditshmes Bild, Peter Tiede thot\u00eb se ka t\u00eb tjera materiale p\u00ebr publikim. Ai u shpreh n\u00eb nj\u00eb lidhje t\u00eb drejt\u00ebp\u00ebrdrejt\u00eb n\u00eb RTV Ora se ka ngjarje edhe m% t\u00eb m\u00ebdha\u2026","rel":"","context":"In &quot;Blogu i Udh\u00ebtarit&quot;","block_context":{"text":"Blogu i Udh\u00ebtarit","link":"https:\/\/www.shqiperia.com\/blog\/category\/blogu-i-udhetarit\/"},"img":{"alt_text":"","src":"https:\/\/i0.wp.com\/www.shqiperia.com\/blog\/wp-content\/uploads\/2019\/06\/peter-tiede1.jpg?fit=648%2C369&ssl=1&resize=350%2C200","width":350,"height":200,"srcset":"https:\/\/i0.wp.com\/www.shqiperia.com\/blog\/wp-content\/uploads\/2019\/06\/peter-tiede1.jpg?fit=648%2C369&ssl=1&resize=350%2C200 1x, https:\/\/i0.wp.com\/www.shqiperia.com\/blog\/wp-content\/uploads\/2019\/06\/peter-tiede1.jpg?fit=648%2C369&ssl=1&resize=525%2C300 1.5x"},"classes":[]},{"id":42939,"url":"https:\/\/www.shqiperia.com\/blog\/ky-do-te-jete-problemi-i-madh-artan-hoxha-ben-parashikimin-e-zymte-per-2021-ja-cfare-pritet\/","url_meta":{"origin":18371,"position":2},"title":"\u201cKy do t\u00eb jet\u00eb problemi i madh\u201d, Artan Hoxha b\u00ebn parashikimin e zymt\u00eb p\u00ebr 2021: Ja \u00e7far\u00eb pritet","author":"Kurt Farka","date":"January 14, 2021","format":false,"excerpt":"\u201cKy do t\u00eb jet\u00eb problemi i madh\u201d, Artan Hoxha b\u00ebn parashikimin e zymt\u00eb p\u00ebr 2021: Ja \u00e7far\u00eb pritet 14 JANAR 2021 Gazetari investigativ Artan Hoxha ka komentuar aksionin q\u00eb finalizoi policia pak dit\u00eb m\u00eb par\u00eb p\u00ebr 28 parcelat me kanabis n\u00eb Skrapar, \u201ckokat\u201d e drog\u00ebs nuk jan\u00eb kapur. \u201cHetimet nuk\u2026","rel":"","context":"In &quot;Blogu i Udh\u00ebtarit&quot;","block_context":{"text":"Blogu i Udh\u00ebtarit","link":"https:\/\/www.shqiperia.com\/blog\/category\/blogu-i-udhetarit\/"},"img":{"alt_text":"","src":"https:\/\/i0.wp.com\/www.shqiperia.com\/blog\/wp-content\/uploads\/2021\/01\/hoxha.png?fit=1196%2C610&ssl=1&resize=350%2C200","width":350,"height":200,"srcset":"https:\/\/i0.wp.com\/www.shqiperia.com\/blog\/wp-content\/uploads\/2021\/01\/hoxha.png?fit=1196%2C610&ssl=1&resize=350%2C200 1x, https:\/\/i0.wp.com\/www.shqiperia.com\/blog\/wp-content\/uploads\/2021\/01\/hoxha.png?fit=1196%2C610&ssl=1&resize=525%2C300 1.5x, https:\/\/i0.wp.com\/www.shqiperia.com\/blog\/wp-content\/uploads\/2021\/01\/hoxha.png?fit=1196%2C610&ssl=1&resize=700%2C400 2x, https:\/\/i0.wp.com\/www.shqiperia.com\/blog\/wp-content\/uploads\/2021\/01\/hoxha.png?fit=1196%2C610&ssl=1&resize=1050%2C600 3x"},"classes":[]},{"id":79023,"url":"https:\/\/www.shqiperia.com\/blog\/piktura-e-dites-piktura-e-mbretereshes-se-danimarkes-margrethe-ii-ne-ankand\/","url_meta":{"origin":18371,"position":3},"title":"PIKTURA E DIT\u00cbS: &#8211; Piktura e mbret\u00ebresh\u00ebs s\u00eb Danimark\u00ebs Margrethe II n\u00eb ankand","author":"Kurt Farka","date":"March 7, 2024","format":false,"excerpt":"7 Mars 2024 Nj\u00eb piktur\u00eb e ish-monarkes s\u00eb Danimark\u00ebs, Mbret\u00ebresh\u00ebs Margrethe II, do t\u00eb dal\u00eb n\u00eb ankand. Punimet e mbret\u00ebresh\u00ebs 83-vje\u00e7are, e cila \u00ebsht\u00eb nj\u00eb artiste pjellore, jan\u00eb paraqitur n\u00eb ekspozita t\u00eb ndryshme, por mund\u00ebsia p\u00ebr t\u00eb bler\u00eb nj\u00eb nga pikturat e saj \u00ebsht\u00eb e rrall\u00eb, sipas nj\u00eb deklarate nga\u2026","rel":"","context":"In &quot;Arte&quot;","block_context":{"text":"Arte","link":"https:\/\/www.shqiperia.com\/blog\/category\/arte\/"},"img":{"alt_text":"","src":"https:\/\/i0.wp.com\/www.shqiperia.com\/blog\/wp-content\/uploads\/2024\/03\/900-0-1706800215xgettyimages-1894099371-112.jpg?fit=900%2C579&ssl=1&resize=350%2C200","width":350,"height":200,"srcset":"https:\/\/i0.wp.com\/www.shqiperia.com\/blog\/wp-content\/uploads\/2024\/03\/900-0-1706800215xgettyimages-1894099371-112.jpg?fit=900%2C579&ssl=1&resize=350%2C200 1x, https:\/\/i0.wp.com\/www.shqiperia.com\/blog\/wp-content\/uploads\/2024\/03\/900-0-1706800215xgettyimages-1894099371-112.jpg?fit=900%2C579&ssl=1&resize=525%2C300 1.5x, https:\/\/i0.wp.com\/www.shqiperia.com\/blog\/wp-content\/uploads\/2024\/03\/900-0-1706800215xgettyimages-1894099371-112.jpg?fit=900%2C579&ssl=1&resize=700%2C400 2x"},"classes":[]},{"id":51991,"url":"https:\/\/www.shqiperia.com\/blog\/kryesisht-me-simptoma-te-lehta-omicron-perhapet-shpejte-ne-bote-te-pakten-30-shtete-dhe-rajone-e-konfirmojne\/","url_meta":{"origin":18371,"position":4},"title":"Kryesisht me simptoma t\u00eb lehta. &#8211; Omicron p\u00ebrhapet shpejt\u00eb n\u00eb bot\u00eb, t\u00eb pakt\u00ebn 30 shtete dhe rajone e konfirmojn\u00eb.","author":"Kurt Farka","date":"December 4, 2021","format":false,"excerpt":"Kryesisht me simptoma t\u00eb lehta. - Omicron p\u00ebrhapet shpejt\u00eb n\u00eb bot\u00eb, t\u00eb pakt\u00ebn 30 shtete dhe rajone e konfirmojn\u00eb. 4 Dhjetor 2021 T\u00eb pakt\u00ebn 30 vende dhe rajone kan\u00eb raportuar raste t\u00eb konfirmuara me Omicron, q\u00eb kur varianti i ri i koronavirusit u raportua p\u00ebr her\u00eb t\u00eb par\u00eb jav\u00ebn e\u2026","rel":"","context":"In &quot;Blogu i Udh\u00ebtarit&quot;","block_context":{"text":"Blogu i Udh\u00ebtarit","link":"https:\/\/www.shqiperia.com\/blog\/category\/blogu-i-udhetarit\/"},"img":{"alt_text":"","src":"https:\/\/i0.wp.com\/www.shqiperia.com\/blog\/wp-content\/uploads\/2021\/12\/Enterovirusi-645x383-1-905x450-1.jpg?fit=905%2C450&ssl=1&resize=350%2C200","width":350,"height":200,"srcset":"https:\/\/i0.wp.com\/www.shqiperia.com\/blog\/wp-content\/uploads\/2021\/12\/Enterovirusi-645x383-1-905x450-1.jpg?fit=905%2C450&ssl=1&resize=350%2C200 1x, https:\/\/i0.wp.com\/www.shqiperia.com\/blog\/wp-content\/uploads\/2021\/12\/Enterovirusi-645x383-1-905x450-1.jpg?fit=905%2C450&ssl=1&resize=525%2C300 1.5x, https:\/\/i0.wp.com\/www.shqiperia.com\/blog\/wp-content\/uploads\/2021\/12\/Enterovirusi-645x383-1-905x450-1.jpg?fit=905%2C450&ssl=1&resize=700%2C400 2x"},"classes":[]},{"id":46252,"url":"https:\/\/www.shqiperia.com\/blog\/rebelet-e-rinasit-dhe-ankthi-i-nje-regjimi\/","url_meta":{"origin":18371,"position":5},"title":"Rebel\u00ebt e Rinasit dhe ankthi i nj\u00eb regjimi","author":"Kurt Farka","date":"April 10, 2021","format":false,"excerpt":"Rebel\u00ebt e Rinasit dhe ankthi i nj\u00eb regjimi 8 Prill, 2021 Nga Armand Shkullaku D\u00ebshtimin e qeveris\u00eb p\u00ebr t\u00eb arritur nj\u00eb marr\u00ebveshje, pas gati nj\u00eb viti ankesash nga punonj\u00ebsit e Albkontroll, gj\u00eb q\u00eb degjeneroi me mbylljen e t\u00eb vetmit aeroport n\u00eb vend, Edi Rama e serviri si nj\u00eb grusht shteti\u2026","rel":"","context":"In &quot;Blogu i Udh\u00ebtarit&quot;","block_context":{"text":"Blogu i Udh\u00ebtarit","link":"https:\/\/www.shqiperia.com\/blog\/category\/blogu-i-udhetarit\/"},"img":{"alt_text":"","src":"https:\/\/i0.wp.com\/www.shqiperia.com\/blog\/wp-content\/uploads\/2021\/04\/Edi-rama-shkullaku-6.jpg?fit=900%2C500&ssl=1&resize=350%2C200","width":350,"height":200,"srcset":"https:\/\/i0.wp.com\/www.shqiperia.com\/blog\/wp-content\/uploads\/2021\/04\/Edi-rama-shkullaku-6.jpg?fit=900%2C500&ssl=1&resize=350%2C200 1x, https:\/\/i0.wp.com\/www.shqiperia.com\/blog\/wp-content\/uploads\/2021\/04\/Edi-rama-shkullaku-6.jpg?fit=900%2C500&ssl=1&resize=525%2C300 1.5x, https:\/\/i0.wp.com\/www.shqiperia.com\/blog\/wp-content\/uploads\/2021\/04\/Edi-rama-shkullaku-6.jpg?fit=900%2C500&ssl=1&resize=700%2C400 2x"},"classes":[]}],"_links":{"self":[{"href":"https:\/\/www.shqiperia.com\/blog\/wp-json\/wp\/v2\/posts\/18371","targetHints":{"allow":["GET"]}}],"collection":[{"href":"https:\/\/www.shqiperia.com\/blog\/wp-json\/wp\/v2\/posts"}],"about":[{"href":"https:\/\/www.shqiperia.com\/blog\/wp-json\/wp\/v2\/types\/post"}],"author":[{"embeddable":true,"href":"https:\/\/www.shqiperia.com\/blog\/wp-json\/wp\/v2\/users\/9"}],"replies":[{"embeddable":true,"href":"https:\/\/www.shqiperia.com\/blog\/wp-json\/wp\/v2\/comments?post=18371"}],"version-history":[{"count":1,"href":"https:\/\/www.shqiperia.com\/blog\/wp-json\/wp\/v2\/posts\/18371\/revisions"}],"predecessor-version":[{"id":18373,"href":"https:\/\/www.shqiperia.com\/blog\/wp-json\/wp\/v2\/posts\/18371\/revisions\/18373"}],"wp:featuredmedia":[{"embeddable":true,"href":"https:\/\/www.shqiperia.com\/blog\/wp-json\/wp\/v2\/media\/18372"}],"wp:attachment":[{"href":"https:\/\/www.shqiperia.com\/blog\/wp-json\/wp\/v2\/media?parent=18371"}],"wp:term":[{"taxonomy":"category","embeddable":true,"href":"https:\/\/www.shqiperia.com\/blog\/wp-json\/wp\/v2\/categories?post=18371"},{"taxonomy":"post_tag","embeddable":true,"href":"https:\/\/www.shqiperia.com\/blog\/wp-json\/wp\/v2\/tags?post=18371"}],"curies":[{"name":"wp","href":"https:\/\/api.w.org\/{rel}","templated":true}]}}