{"id":18364,"date":"2019-03-15T15:40:38","date_gmt":"2019-03-15T15:40:38","guid":{"rendered":"http:\/\/www.shqiperia.com\/blog\/?p=18364"},"modified":"2019-03-15T16:36:03","modified_gmt":"2019-03-15T16:36:03","slug":"raporti-i-departamentit-amerikan-te-shtetit-zyrtaret-nuk-po-ndeshkohen-korrupsioni-problem","status":"publish","type":"post","link":"https:\/\/www.shqiperia.com\/blog\/raporti-i-departamentit-amerikan-te-shtetit-zyrtaret-nuk-po-ndeshkohen-korrupsioni-problem\/","title":{"rendered":"Raporti i Departamentit Amerikan te Shtetit: Zyrtar\u00ebt nuk po nd\u00ebshkohen, korrupsioni problem"},"content":{"rendered":"<div id=\"attachment_18365\" style=\"width: 615px\" class=\"wp-caption alignnone\"><img data-recalc-dims=\"1\" loading=\"lazy\" decoding=\"async\" aria-describedby=\"caption-attachment-18365\" data-attachment-id=\"18365\" data-permalink=\"https:\/\/www.shqiperia.com\/blog\/raporti-i-departamentit-amerikan-te-shtetit-zyrtaret-nuk-po-ndeshkohen-korrupsioni-problem\/departamenti-amerikan-i-shtetit\/\" data-orig-file=\"https:\/\/i0.wp.com\/www.shqiperia.com\/blog\/wp-content\/uploads\/2019\/03\/Departamenti-Amerikan-i-Shtetit.jpg?fit=905%2C395&amp;ssl=1\" data-orig-size=\"905,395\" data-comments-opened=\"1\" data-image-meta=\"{&quot;aperture&quot;:&quot;0&quot;,&quot;credit&quot;:&quot;&quot;,&quot;camera&quot;:&quot;&quot;,&quot;caption&quot;:&quot;&quot;,&quot;created_timestamp&quot;:&quot;0&quot;,&quot;copyright&quot;:&quot;&quot;,&quot;focal_length&quot;:&quot;0&quot;,&quot;iso&quot;:&quot;0&quot;,&quot;shutter_speed&quot;:&quot;0&quot;,&quot;title&quot;:&quot;&quot;,&quot;orientation&quot;:&quot;0&quot;}\" data-image-title=\"Departamenti Amerikan i Shtetit\" data-image-description=\"\" data-image-caption=\"&lt;p&gt;Departamenti Amerikan i Shtetit&lt;\/p&gt;\n\" data-medium-file=\"https:\/\/i0.wp.com\/www.shqiperia.com\/blog\/wp-content\/uploads\/2019\/03\/Departamenti-Amerikan-i-Shtetit.jpg?fit=300%2C131&amp;ssl=1\" data-large-file=\"https:\/\/i0.wp.com\/www.shqiperia.com\/blog\/wp-content\/uploads\/2019\/03\/Departamenti-Amerikan-i-Shtetit.jpg?fit=905%2C395&amp;ssl=1\" class=\" wp-image-18365\" alt=\"\" src=\"https:\/\/i0.wp.com\/www.shqiperia.com\/blog\/wp-content\/uploads\/2019\/03\/Departamenti-Amerikan-i-Shtetit-300x131.jpg?resize=605%2C264\" width=\"605\" height=\"264\" srcset=\"https:\/\/i0.wp.com\/www.shqiperia.com\/blog\/wp-content\/uploads\/2019\/03\/Departamenti-Amerikan-i-Shtetit.jpg?resize=300%2C131&amp;ssl=1 300w, https:\/\/i0.wp.com\/www.shqiperia.com\/blog\/wp-content\/uploads\/2019\/03\/Departamenti-Amerikan-i-Shtetit.jpg?resize=768%2C335&amp;ssl=1 768w, https:\/\/i0.wp.com\/www.shqiperia.com\/blog\/wp-content\/uploads\/2019\/03\/Departamenti-Amerikan-i-Shtetit.jpg?resize=450%2C196&amp;ssl=1 450w, https:\/\/i0.wp.com\/www.shqiperia.com\/blog\/wp-content\/uploads\/2019\/03\/Departamenti-Amerikan-i-Shtetit.jpg?resize=600%2C262&amp;ssl=1 600w, https:\/\/i0.wp.com\/www.shqiperia.com\/blog\/wp-content\/uploads\/2019\/03\/Departamenti-Amerikan-i-Shtetit.jpg?resize=400%2C175&amp;ssl=1 400w, https:\/\/i0.wp.com\/www.shqiperia.com\/blog\/wp-content\/uploads\/2019\/03\/Departamenti-Amerikan-i-Shtetit.jpg?w=905&amp;ssl=1 905w\" sizes=\"auto, (max-width: 605px) 100vw, 605px\" \/><p id=\"caption-attachment-18365\" class=\"wp-caption-text\">Departamenti Amerikan i Shtetit<\/p><\/div>\n<p><strong>Raporti i Departamentit Amerikan te Shtetit: Zyrtar\u00ebt nuk po nd\u00ebshkohen, korrupsioni problem. &#8211;<\/strong><\/p>\n<p>13 mars \u00a02019 19:07<\/p>\n<p>T\u00eb m\u00ebrkur\u00ebn, Departamenti amerikan i Shtetit publikoi raportin mbi t\u00eb drejtat e njeriut n\u00eb bot\u00eb. N\u00eb pjes\u00ebn p\u00ebr Shqip\u00ebrin\u00eb trajtohen nj\u00eb num\u00ebr \u00e7\u00ebshtjesh. Ja disa prej tyre:<\/p>\n<p>Mosnd\u00ebshkimi mbeti problem. Ndjekja penale dhe sidomos d\u00ebnimi i zyrtar\u00ebve q\u00eb kryenin abuzime ishte sporadik dhe jokonsistent. Zyrtar\u00ebt, politikan\u00ebt, gjyqtar\u00ebt dhe personat me interesa t\u00eb fuqishme biznesi shpesh ishin n\u00eb gjendje t\u00eb shmangnin ndjekjen penale. N\u00eb p\u00ebrgjigje t\u00eb k\u00ebsaj, autoritetet kan\u00eb nd\u00ebrmarr\u00eb nj\u00eb veting t\u00eb monitoruar nd\u00ebrkomb\u00ebtarisht t\u00eb gjyqtar\u00ebve dhe prokuror\u00ebve dhe kan\u00eb skualifikuar nj\u00eb num\u00ebr t\u00eb konsideruesh\u00ebm zyrtar\u00ebsh p\u00ebr pasuri t\u00eb pashpjegueshme ose lidhje me krimin e organizuar.<\/p>\n<p>Korrupsioni vazhdoi t\u00eb ishte nj\u00eb problem serioz n\u00eb qendrat e paraburgimit.<\/p>\n<p>Edhe pse qeveria ka mekanizma p\u00ebr t\u00eb hetuar dhe d\u00ebnuar abuzimin dhe korrupsionin, korrupsioni n\u00eb radh\u00ebt e policis\u00eb mbeti problem.<\/p>\n<div id=\"attachment_18365\" style=\"width: 862px\" class=\"wp-caption alignnone\"><img data-recalc-dims=\"1\" loading=\"lazy\" decoding=\"async\" aria-describedby=\"caption-attachment-18365\" data-attachment-id=\"18365\" data-permalink=\"https:\/\/www.shqiperia.com\/blog\/raporti-i-departamentit-amerikan-te-shtetit-zyrtaret-nuk-po-ndeshkohen-korrupsioni-problem\/departamenti-amerikan-i-shtetit\/\" data-orig-file=\"https:\/\/i0.wp.com\/www.shqiperia.com\/blog\/wp-content\/uploads\/2019\/03\/Departamenti-Amerikan-i-Shtetit.jpg?fit=905%2C395&amp;ssl=1\" data-orig-size=\"905,395\" data-comments-opened=\"1\" data-image-meta=\"{&quot;aperture&quot;:&quot;0&quot;,&quot;credit&quot;:&quot;&quot;,&quot;camera&quot;:&quot;&quot;,&quot;caption&quot;:&quot;&quot;,&quot;created_timestamp&quot;:&quot;0&quot;,&quot;copyright&quot;:&quot;&quot;,&quot;focal_length&quot;:&quot;0&quot;,&quot;iso&quot;:&quot;0&quot;,&quot;shutter_speed&quot;:&quot;0&quot;,&quot;title&quot;:&quot;&quot;,&quot;orientation&quot;:&quot;0&quot;}\" data-image-title=\"Departamenti Amerikan i Shtetit\" data-image-description=\"\" data-image-caption=\"&lt;p&gt;Departamenti Amerikan i Shtetit&lt;\/p&gt;\n\" data-medium-file=\"https:\/\/i0.wp.com\/www.shqiperia.com\/blog\/wp-content\/uploads\/2019\/03\/Departamenti-Amerikan-i-Shtetit.jpg?fit=300%2C131&amp;ssl=1\" data-large-file=\"https:\/\/i0.wp.com\/www.shqiperia.com\/blog\/wp-content\/uploads\/2019\/03\/Departamenti-Amerikan-i-Shtetit.jpg?fit=905%2C395&amp;ssl=1\" class=\" wp-image-18365\" alt=\"\" src=\"https:\/\/i0.wp.com\/www.shqiperia.com\/blog\/wp-content\/uploads\/2019\/03\/Departamenti-Amerikan-i-Shtetit-300x131.jpg?resize=852%2C372\" width=\"852\" height=\"372\" srcset=\"https:\/\/i0.wp.com\/www.shqiperia.com\/blog\/wp-content\/uploads\/2019\/03\/Departamenti-Amerikan-i-Shtetit.jpg?resize=300%2C131&amp;ssl=1 300w, https:\/\/i0.wp.com\/www.shqiperia.com\/blog\/wp-content\/uploads\/2019\/03\/Departamenti-Amerikan-i-Shtetit.jpg?resize=768%2C335&amp;ssl=1 768w, https:\/\/i0.wp.com\/www.shqiperia.com\/blog\/wp-content\/uploads\/2019\/03\/Departamenti-Amerikan-i-Shtetit.jpg?resize=450%2C196&amp;ssl=1 450w, https:\/\/i0.wp.com\/www.shqiperia.com\/blog\/wp-content\/uploads\/2019\/03\/Departamenti-Amerikan-i-Shtetit.jpg?resize=600%2C262&amp;ssl=1 600w, https:\/\/i0.wp.com\/www.shqiperia.com\/blog\/wp-content\/uploads\/2019\/03\/Departamenti-Amerikan-i-Shtetit.jpg?resize=400%2C175&amp;ssl=1 400w, https:\/\/i0.wp.com\/www.shqiperia.com\/blog\/wp-content\/uploads\/2019\/03\/Departamenti-Amerikan-i-Shtetit.jpg?w=905&amp;ssl=1 905w\" sizes=\"auto, (max-width: 852px) 100vw, 852px\" \/><p id=\"caption-attachment-18365\" class=\"wp-caption-text\">Departamenti Amerikan i Shtetit<\/p><\/div>\n<p><strong>Liria e shtypit dhe e medias<\/strong><\/p>\n<p>Media e pavarur ishte aktive dhe shprehu nj\u00eb larmi pik\u00ebpamjesh, megjith\u00ebse pati p\u00ebrpjekje p\u00ebr t\u00eb ushtruar presion politik dhe ekonomik t\u00eb drejtp\u00ebrdrejt\u00eb dhe t\u00eb t\u00ebrthort\u00eb mbi median, duke p\u00ebrfshir\u00eb k\u00ebrc\u00ebnimet dhe dhun\u00eb ndaj gazetar\u00ebve q\u00eb u p\u00ebrpoq\u00ebn t\u00eb hetonin krimin dhe korrupsionin. Pronar\u00ebt e bizneseve kan\u00eb p\u00ebrdorur lirsh\u00ebm mediat p\u00ebr t\u00eb p\u00ebrfituar favore dhe p\u00ebr t\u00eb promovuar interesat e tyre pran\u00eb partive politike. Shumica e pronar\u00ebve t\u00eb televizioneve private p\u00ebrdor\u00ebn transmetimet e tyre p\u00ebr t\u00eb ndikuar n\u00eb veprimet e qeveris\u00eb ndaj bizneseve t\u00eb tjera t\u00eb tyre.<\/p>\n<p>Presioni politik, korrupsioni dhe mungesa e fondeve kufizuan mediat e pavarura t\u00eb shtypit. Gazetar\u00ebt besohet se praktikuan vet\u00ebcensurimin. Pasiguria ekonomike p\u00ebr shkak t\u00eb munges\u00ebs s\u00eb kontratave t\u00eb detyrueshme t\u00eb pun\u00ebs uli pavar\u00ebsin\u00eb e gazetar\u00ebve dhe kontribuoi n\u00eb anshm\u00ebrin\u00eb e raportimeve. Unioni i Gazetar\u00ebve Shqiptar\u00eb vazhdoi t\u00eb raportoj\u00eb vonesa t\u00eb m\u00ebdha n\u00eb pagesat e pagave p\u00ebr gazetar\u00ebt n\u00eb shumic\u00ebn e mediave, n\u00eb disa raste deri n\u00eb 10 muaj. Problemet financiare i kan\u00eb b\u00ebr\u00eb disa gazetar\u00eb q\u00eb t\u00eb mb\u00ebshteten m\u00eb shum\u00eb n\u00eb burimet e jashtme t\u00eb t\u00eb ardhurave, duke ngritur pyetje t\u00eb integritetit.<\/p>\n<p>OJQ-t\u00eb pohuan se etika profesionale ishte nj\u00eb prioritet i ul\u00ebt p\u00ebr disa nga portalet, q\u00eb vler\u00ebsohet se arrijn\u00eb n\u00eb rreth 700, duke ngritur shqet\u00ebsime rreth p\u00ebrhapjes s\u00eb lajmeve t\u00eb rreme n\u00eb p\u00ebrfitim t\u00eb interesave t\u00eb ve\u00e7anta financiare ose politike. Rritja dramatike e mediave n\u00eb internet solli nj\u00eb larmi pik\u00ebpamjesh.<\/p>\n<p>Kriza ekonomike dhe praktikat e menaxhimit n\u00eb mediat shqiptare kan\u00eb pak\u00ebsuar financat dhe cil\u00ebsin\u00eb e raportimit n\u00eb media.<\/p>\n<p>Ka pasur raporte t\u00eb shumta p\u00ebr dhun\u00eb dhe k\u00ebrc\u00ebnime ndaj an\u00ebtar\u00ebve t\u00eb mediave, nd\u00ebrkoh\u00eb q\u00eb interesat politike dhe t\u00eb biznesit i vun\u00eb gazetar\u00ebt n\u00eb presion.<\/p>\n<p>M\u00eb 30 gusht, nj\u00eb person i panjohur q\u00eblloi 10 her\u00eb n\u00eb sht\u00ebpin\u00eb e prind\u00ebrve t\u00eb reporteres s\u00eb krimit Klodiana Lala. Zonja Lala raporton shpesh p\u00ebr krimin e organizuar dhe \u00e7\u00ebshtjet e zbatimit t\u00eb ligjit, duke p\u00ebrfshir\u00eb reform\u00ebn gjyq\u00ebsore.<\/p>\n<p>N\u00eb shtator, kryetari i Unionit t\u00eb Gazetar\u00ebve Shqiptar\u00eb deklaroi se 12 gazetar\u00eb kishin paraqitur k\u00ebrkesa p\u00ebr azil n\u00eb vendet an\u00ebtare t\u00eb BE, duke p\u00ebrmendur k\u00ebrc\u00ebnime p\u00ebr shkak t\u00eb vendeve t\u00eb tyre t\u00eb pun\u00ebs.<\/p>\n<p><strong>Censura:<\/strong><\/p>\n<p>Gazetar\u00ebt shpesh praktikojn\u00eb vet\u00ebcensurim p\u00ebr t\u00eb shmangur dhun\u00ebn dhe ngacmimin dhe si reagim ndaj presionit nga botuesit dhe redaktor\u00ebt q\u00eb k\u00ebrkojn\u00eb t\u00eb avancojn\u00eb interesat e tyre politike dhe ekonomike.<\/p>\n<p>Autoriteti p\u00ebr komunikimet elektronike dhe postare dekretoi m\u00eb 15 tetor se 44 portale t\u00eb mediave kishin 72 or\u00eb p\u00ebr t\u00eb marr\u00eb nj\u00eb num\u00ebr identifikimi tatimor dhe ta publikonin n\u00eb faqet e tyre t\u00eb internetit ose qeveria do t\u2019i mbyllte ato. Lista p\u00ebrfshiu disa faqet e lajmeve hulumtuese, duke p\u00ebrfshir\u00eb BIRN. Deri n\u00eb fund t\u00eb vitit, qeveria nuk i kishte mbyllur portalet q\u00eb nuk kishin marr\u00eb numrin e identifikimit tatimor.<\/p>\n<p><em>burimi: voa<\/em><\/p>\n","protected":false},"excerpt":{"rendered":"<p>Raporti i Departamentit Amerikan te Shtetit: Zyrtar\u00ebt nuk po nd\u00ebshkohen, korrupsioni problem. &#8211; 13 mars \u00a02019 19:07 T\u00eb m\u00ebrkur\u00ebn, Departamenti amerikan i Shtetit publikoi raportin mbi t\u00eb drejtat e njeriut n\u00eb bot\u00eb. N\u00eb pjes\u00ebn p\u00ebr Shqip\u00ebrin\u00eb trajtohen nj\u00eb num\u00ebr \u00e7\u00ebshtjesh. Ja disa prej tyre: Mosnd\u00ebshkimi mbeti problem. Ndjekja penale dhe sidomos d\u00ebnimi i zyrtar\u00ebve q\u00eb [&hellip;]<\/p>\n","protected":false},"author":9,"featured_media":18365,"comment_status":"open","ping_status":"open","sticky":false,"template":"","format":"standard","meta":{"jetpack_post_was_ever_published":false,"_jetpack_newsletter_access":"","_jetpack_dont_email_post_to_subs":false,"_jetpack_newsletter_tier_id":0,"_jetpack_memberships_contains_paywalled_content":false,"_jetpack_memberships_contains_paid_content":false,"footnotes":"","jetpack_publicize_message":"","jetpack_publicize_feature_enabled":true,"jetpack_social_post_already_shared":true,"jetpack_social_options":{"image_generator_settings":{"template":"highway","default_image_id":0,"font":"","enabled":false},"version":2}},"categories":[27,1,2],"tags":[],"class_list":["post-18364","post","type-post","status-publish","format-standard","has-post-thumbnail","hentry","category-blogu-i-udhetarit","category-njoftime-shtypi","category-politika"],"jetpack_publicize_connections":[],"jetpack_featured_media_url":"https:\/\/i0.wp.com\/www.shqiperia.com\/blog\/wp-content\/uploads\/2019\/03\/Departamenti-Amerikan-i-Shtetit.jpg?fit=905%2C395&ssl=1","jetpack_sharing_enabled":true,"jetpack_shortlink":"https:\/\/wp.me\/p5Z6wp-4Mc","jetpack-related-posts":[{"id":94052,"url":"https:\/\/www.shqiperia.com\/blog\/raporti-i-dash-ne-shqiperite-dhena-alarmante-ndryshimi-seshte-me-zgjedhje-eshte-domosdoshmeri\/","url_meta":{"origin":18364,"position":0},"title":"Raporti i DASH n\u00eb Shqip\u00ebri,t\u00eb dh\u00ebna alarmante! &#8211; Ndryshimi s\u2019\u00ebsht\u00eb m\u00eb zgjedhje, \u00ebsht\u00eb domosdoshm\u00ebri","author":"Kurt Farka","date":"September 28, 2025","format":false,"excerpt":"28 Shtator 2025 Agron Gjekmarkaj, n\u00ebnkryetar i PD dhe i Kuvendit ka reaguar n\u00eb lidhje me raportin ne publikuar nga Departamenti I Shtetit mbi klim\u00ebn e investimeve n\u00eb Shqip\u00ebri. N\u00eb nj\u00eb postim n\u00eb rrjetet sociale, Gjekmarkaj shkruan se raporti konfirmon shqet\u00ebsimet q\u00eb opozita ka ngritur prej vitesh ndaj qeverisjes s\u00eb\u2026","rel":"","context":"In &quot;Blogu i Udh\u00ebtarit&quot;","block_context":{"text":"Blogu i Udh\u00ebtarit","link":"https:\/\/www.shqiperia.com\/blog\/category\/blogu-i-udhetarit\/"},"img":{"alt_text":"","src":"https:\/\/i0.wp.com\/www.shqiperia.com\/blog\/wp-content\/uploads\/2025\/09\/IMG_0606.jpeg?fit=720%2C405&ssl=1&resize=350%2C200","width":350,"height":200,"srcset":"https:\/\/i0.wp.com\/www.shqiperia.com\/blog\/wp-content\/uploads\/2025\/09\/IMG_0606.jpeg?fit=720%2C405&ssl=1&resize=350%2C200 1x, https:\/\/i0.wp.com\/www.shqiperia.com\/blog\/wp-content\/uploads\/2025\/09\/IMG_0606.jpeg?fit=720%2C405&ssl=1&resize=525%2C300 1.5x, https:\/\/i0.wp.com\/www.shqiperia.com\/blog\/wp-content\/uploads\/2025\/09\/IMG_0606.jpeg?fit=720%2C405&ssl=1&resize=700%2C400 2x"},"classes":[]},{"id":48752,"url":"https:\/\/www.shqiperia.com\/blog\/raporti-i-departamenti-amerikan-te-shtetit-tabaku-konfirmoi-se-shqiperia-ka-qeverine-me-te-korruptuar-ne-europe\/","url_meta":{"origin":18364,"position":1},"title":"Raporti i Departamenti Amerikan te Shtetit.  Tabaku: &#8211; Konfirmoi se Shqip\u00ebria ka qeverin\u00eb m\u00eb t\u00eb korruptuar n\u00eb Europ\u00eb","author":"Kurt Farka","date":"July 28, 2021","format":false,"excerpt":"Raporti i Departamenti Amerikan te Shtetit. Tabaku: - Konfirmoi se Shqip\u00ebria ka qeverin\u00eb m\u00eb t\u00eb korruptuar n\u00eb Europ\u00eb 28 KORRIK 2021 \"Tanim\u00eb \u00ebsht\u00eb nj\u00eb fakt i mir\u00ebnjohur bot\u00ebrisht se Shqip\u00ebria ka qeverin\u00eb m\u00eb t\u00eb korruptuar n\u00eb Europ\u00eb; Shqiptar\u00ebt, qeverisen nga nj\u00eb shtet i kapur nga nj\u00eb qeverisje okulte q\u00eb nuk\u2026","rel":"","context":"In &quot;Blogu i Udh\u00ebtarit&quot;","block_context":{"text":"Blogu i Udh\u00ebtarit","link":"https:\/\/www.shqiperia.com\/blog\/category\/blogu-i-udhetarit\/"},"img":{"alt_text":"","src":"https:\/\/i0.wp.com\/www.shqiperia.com\/blog\/wp-content\/uploads\/2021\/07\/Departamenti-Amerikan-i-Shtetit.jpg?fit=596%2C395&ssl=1&resize=350%2C200","width":350,"height":200,"srcset":"https:\/\/i0.wp.com\/www.shqiperia.com\/blog\/wp-content\/uploads\/2021\/07\/Departamenti-Amerikan-i-Shtetit.jpg?fit=596%2C395&ssl=1&resize=350%2C200 1x, https:\/\/i0.wp.com\/www.shqiperia.com\/blog\/wp-content\/uploads\/2021\/07\/Departamenti-Amerikan-i-Shtetit.jpg?fit=596%2C395&ssl=1&resize=525%2C300 1.5x"},"classes":[]},{"id":44875,"url":"https:\/\/www.shqiperia.com\/blog\/raporti-i-departamenti-amerikan-i-shtetiti-shqiperia-nuk-ka-bere-asnje-perparim-per-luften-kunder-pastrimit-te-parave-problem-korrupsioni-droga-dhe-evazioni-fiskal\/","url_meta":{"origin":18364,"position":2},"title":"Raporti i Departamenti Amerikan i Shtetiti: Shqip\u00ebria nuk ka b\u00ebr\u00eb asnj\u00eb p\u00ebrparim p\u00ebr luft\u00ebn kund\u00ebr pastrimit t\u00eb parave! Problem korrupsioni, droga dhe evazioni fiskal","author":"Kurt Farka","date":"March 3, 2021","format":false,"excerpt":"Raporti i Departamenti Amerikan i Shtetiti: Shqip\u00ebria nuk ka b\u00ebr\u00eb asnj\u00eb p\u00ebrparim p\u00ebr luft\u00ebn kund\u00ebr pastrimit t\u00eb parave! Problem korrupsioni, droga dhe evazioni fiskal 3 mars 2021 Departamenti Amerikan i Shtetiti, DASH n\u00eb raportin m\u00eb t\u00eb fundit n\u00eb lidhje me pastrimin e parave p\u00ebr vitin 2020 thekson se Shqip\u00ebria nuk\u2026","rel":"","context":"In &quot;Blogu i Udh\u00ebtarit&quot;","block_context":{"text":"Blogu i Udh\u00ebtarit","link":"https:\/\/www.shqiperia.com\/blog\/category\/blogu-i-udhetarit\/"},"img":{"alt_text":"","src":"https:\/\/i0.wp.com\/www.shqiperia.com\/blog\/wp-content\/uploads\/2021\/03\/Edi-Rama.jpg?fit=905%2C450&ssl=1&resize=350%2C200","width":350,"height":200,"srcset":"https:\/\/i0.wp.com\/www.shqiperia.com\/blog\/wp-content\/uploads\/2021\/03\/Edi-Rama.jpg?fit=905%2C450&ssl=1&resize=350%2C200 1x, https:\/\/i0.wp.com\/www.shqiperia.com\/blog\/wp-content\/uploads\/2021\/03\/Edi-Rama.jpg?fit=905%2C450&ssl=1&resize=525%2C300 1.5x, https:\/\/i0.wp.com\/www.shqiperia.com\/blog\/wp-content\/uploads\/2021\/03\/Edi-Rama.jpg?fit=905%2C450&ssl=1&resize=700%2C400 2x"},"classes":[]},{"id":50215,"url":"https:\/\/www.shqiperia.com\/blog\/evakuohet-nga-serbia-oficeri-amerikan-i-cia-s-sulme-me-burime-energjie-qe-cojne-ne-humbje-te-kujteses-sindroma-e-havanes-zgjerohet\/","url_meta":{"origin":18364,"position":3},"title":"Evakuohet nga Serbia oficeri amerikan i CIA-s. \u00a0\u00a0&#8211; \u201cSulme me burime energjie q\u00eb \u00e7ojn\u00eb n\u00eb humbje t\u00eb kujtes\u00ebs\u201d\/ Sindroma e Havan\u00ebs zgjerohet.","author":"Kurt Farka","date":"October 1, 2021","format":false,"excerpt":"Evakuohet nga Serbia oficeri amerikan i CIA-s. \u00a0\u00a0- \u201cSulme me burime energjie q\u00eb \u00e7ojn\u00eb n\u00eb humbje t\u00eb kujtes\u00ebs\u201d\/ Sindroma e Havan\u00ebs zgjerohet. 30 shtator \u00a02021 \u201cSulme me burime energjie q\u00eb \u00e7ojn\u00eb n\u00eb humbje t\u00eb kujtes\u00ebs\u201d\/ Sindroma e Havan\u00ebs zgjerohet, evakuohet nga Serbia oficeri amerikan i CIA-s CIA evakuoi nj\u00eb oficer\u2026","rel":"","context":"In &quot;Blogu i Udh\u00ebtarit&quot;","block_context":{"text":"Blogu i Udh\u00ebtarit","link":"https:\/\/www.shqiperia.com\/blog\/category\/blogu-i-udhetarit\/"},"img":{"alt_text":"","src":"https:\/\/i0.wp.com\/www.shqiperia.com\/blog\/wp-content\/uploads\/2021\/10\/sindroma-havana-770x404-1-905x450-1.jpeg?fit=839%2C450&ssl=1&resize=350%2C200","width":350,"height":200,"srcset":"https:\/\/i0.wp.com\/www.shqiperia.com\/blog\/wp-content\/uploads\/2021\/10\/sindroma-havana-770x404-1-905x450-1.jpeg?fit=839%2C450&ssl=1&resize=350%2C200 1x, https:\/\/i0.wp.com\/www.shqiperia.com\/blog\/wp-content\/uploads\/2021\/10\/sindroma-havana-770x404-1-905x450-1.jpeg?fit=839%2C450&ssl=1&resize=525%2C300 1.5x, https:\/\/i0.wp.com\/www.shqiperia.com\/blog\/wp-content\/uploads\/2021\/10\/sindroma-havana-770x404-1-905x450-1.jpeg?fit=839%2C450&ssl=1&resize=700%2C400 2x"},"classes":[]},{"id":45652,"url":"https:\/\/www.shqiperia.com\/blog\/departamenti-amerikan-i-shtetit-i-shqetesuar-per-trashegimine-kulturore-ne-shqiperi\/","url_meta":{"origin":18364,"position":4},"title":"DEPARTAMENTI AMERIKAN I SHTETIT I SHQETESUAR PER TRASHEGIMINE KULTURORE NE SHQIPERI","author":"Kurt Farka","date":"March 23, 2021","format":false,"excerpt":"DEPARTAMENTI AMERIKAN I SHTETIT I SHQETESUAR PER TRASHEGIMINE KULTURORE NE SHQIPERI Komiteti Keshillimor i Trashegimise Kulturore Amerikane prane Departamentit te Shtetit u mblodh me 18 mars per te diskutuar mbi rendesine e nenshkrimit te nje Memorandumi Mirekuptimi midis qeverise amerikane dhe Republikave te Shqiperise dhe Egjiptit. Ne kete panel te\u2026","rel":"","context":"In &quot;Kultura&quot;","block_context":{"text":"Kultura","link":"https:\/\/www.shqiperia.com\/blog\/category\/kultura\/"},"img":{"alt_text":"","src":"https:\/\/i0.wp.com\/www.shqiperia.com\/blog\/wp-content\/uploads\/2021\/03\/DEPARTAMENTI-AMERIKAN-I-SHTETIT.jpeg?fit=1200%2C693&ssl=1&resize=350%2C200","width":350,"height":200,"srcset":"https:\/\/i0.wp.com\/www.shqiperia.com\/blog\/wp-content\/uploads\/2021\/03\/DEPARTAMENTI-AMERIKAN-I-SHTETIT.jpeg?fit=1200%2C693&ssl=1&resize=350%2C200 1x, https:\/\/i0.wp.com\/www.shqiperia.com\/blog\/wp-content\/uploads\/2021\/03\/DEPARTAMENTI-AMERIKAN-I-SHTETIT.jpeg?fit=1200%2C693&ssl=1&resize=525%2C300 1.5x, https:\/\/i0.wp.com\/www.shqiperia.com\/blog\/wp-content\/uploads\/2021\/03\/DEPARTAMENTI-AMERIKAN-I-SHTETIT.jpeg?fit=1200%2C693&ssl=1&resize=700%2C400 2x, https:\/\/i0.wp.com\/www.shqiperia.com\/blog\/wp-content\/uploads\/2021\/03\/DEPARTAMENTI-AMERIKAN-I-SHTETIT.jpeg?fit=1200%2C693&ssl=1&resize=1050%2C600 3x"},"classes":[]},{"id":67730,"url":"https:\/\/www.shqiperia.com\/blog\/zyrtari-i-larte-i-departamenti-amerikan-i-shtetit-mirepret-vendimin-e-kosoves-per-propozimin-evropian-tani-duhet-zbatim\/","url_meta":{"origin":18364,"position":5},"title":"Zyrtari i lart\u00eb i Departamenti Amerikan i Shtetit mir\u00ebpret vendimin e Kosov\u00ebs p\u00ebr propozimin evropian: Tani duhet zbatim!","author":"Kurt Farka","date":"February 11, 2023","format":false,"excerpt":"11 Shkurt 2023 K\u00ebshilltari i Departamentit amerikan t\u00eb Shtetit, Derek Chollet, e ka mir\u00ebpritur vendimin e Kosov\u00ebs p\u00ebr ta pranuar propozimin evropian p\u00ebr normalizimin e marr\u00ebdh\u00ebnieve me Serbin\u00eb, pas nj\u00eb bised\u00eb telefonike q\u00eb e ka pasur t\u00eb premten me kryeministrin, Albin Kurti. N\u00eb nj\u00eb postim n\u00eb Twitter, Chollet tha se\u2026","rel":"","context":"In &quot;Blogu i Udh\u00ebtarit&quot;","block_context":{"text":"Blogu i Udh\u00ebtarit","link":"https:\/\/www.shqiperia.com\/blog\/category\/blogu-i-udhetarit\/"},"img":{"alt_text":"","src":"https:\/\/i0.wp.com\/www.shqiperia.com\/blog\/wp-content\/uploads\/2023\/02\/kosove-serbi-be-752x439-1.jpg?fit=752%2C439&ssl=1&resize=350%2C200","width":350,"height":200,"srcset":"https:\/\/i0.wp.com\/www.shqiperia.com\/blog\/wp-content\/uploads\/2023\/02\/kosove-serbi-be-752x439-1.jpg?fit=752%2C439&ssl=1&resize=350%2C200 1x, https:\/\/i0.wp.com\/www.shqiperia.com\/blog\/wp-content\/uploads\/2023\/02\/kosove-serbi-be-752x439-1.jpg?fit=752%2C439&ssl=1&resize=525%2C300 1.5x, https:\/\/i0.wp.com\/www.shqiperia.com\/blog\/wp-content\/uploads\/2023\/02\/kosove-serbi-be-752x439-1.jpg?fit=752%2C439&ssl=1&resize=700%2C400 2x"},"classes":[]}],"_links":{"self":[{"href":"https:\/\/www.shqiperia.com\/blog\/wp-json\/wp\/v2\/posts\/18364","targetHints":{"allow":["GET"]}}],"collection":[{"href":"https:\/\/www.shqiperia.com\/blog\/wp-json\/wp\/v2\/posts"}],"about":[{"href":"https:\/\/www.shqiperia.com\/blog\/wp-json\/wp\/v2\/types\/post"}],"author":[{"embeddable":true,"href":"https:\/\/www.shqiperia.com\/blog\/wp-json\/wp\/v2\/users\/9"}],"replies":[{"embeddable":true,"href":"https:\/\/www.shqiperia.com\/blog\/wp-json\/wp\/v2\/comments?post=18364"}],"version-history":[{"count":2,"href":"https:\/\/www.shqiperia.com\/blog\/wp-json\/wp\/v2\/posts\/18364\/revisions"}],"predecessor-version":[{"id":18370,"href":"https:\/\/www.shqiperia.com\/blog\/wp-json\/wp\/v2\/posts\/18364\/revisions\/18370"}],"wp:featuredmedia":[{"embeddable":true,"href":"https:\/\/www.shqiperia.com\/blog\/wp-json\/wp\/v2\/media\/18365"}],"wp:attachment":[{"href":"https:\/\/www.shqiperia.com\/blog\/wp-json\/wp\/v2\/media?parent=18364"}],"wp:term":[{"taxonomy":"category","embeddable":true,"href":"https:\/\/www.shqiperia.com\/blog\/wp-json\/wp\/v2\/categories?post=18364"},{"taxonomy":"post_tag","embeddable":true,"href":"https:\/\/www.shqiperia.com\/blog\/wp-json\/wp\/v2\/tags?post=18364"}],"curies":[{"name":"wp","href":"https:\/\/api.w.org\/{rel}","templated":true}]}}