{"id":18357,"date":"2019-03-15T14:49:11","date_gmt":"2019-03-15T14:49:11","guid":{"rendered":"http:\/\/www.shqiperia.com\/blog\/?p=18357"},"modified":"2019-03-15T16:35:00","modified_gmt":"2019-03-15T16:35:00","slug":"stoli-te-grave-te-shqiperise-se-veriut","status":"publish","type":"post","link":"https:\/\/www.shqiperia.com\/blog\/stoli-te-grave-te-shqiperise-se-veriut\/","title":{"rendered":"Stoli te grave te Shqiperise se Veriut"},"content":{"rendered":"<div id=\"attachment_18361\" style=\"width: 545px\" class=\"wp-caption alignnone\"><img data-recalc-dims=\"1\" loading=\"lazy\" decoding=\"async\" aria-describedby=\"caption-attachment-18361\" data-attachment-id=\"18361\" data-permalink=\"https:\/\/www.shqiperia.com\/blog\/stoli-te-grave-te-shqiperise-se-veriut\/3-5\/\" data-orig-file=\"https:\/\/i0.wp.com\/www.shqiperia.com\/blog\/wp-content\/uploads\/2019\/03\/3-1.jpg?fit=779%2C442&amp;ssl=1\" data-orig-size=\"779,442\" data-comments-opened=\"1\" data-image-meta=\"{&quot;aperture&quot;:&quot;2.6&quot;,&quot;credit&quot;:&quot;&quot;,&quot;camera&quot;:&quot;SM-T230&quot;,&quot;caption&quot;:&quot;&quot;,&quot;created_timestamp&quot;:&quot;1552665179&quot;,&quot;copyright&quot;:&quot;&quot;,&quot;focal_length&quot;:&quot;2.79&quot;,&quot;iso&quot;:&quot;50&quot;,&quot;shutter_speed&quot;:&quot;0.013687133789062&quot;,&quot;title&quot;:&quot;&quot;,&quot;orientation&quot;:&quot;1&quot;}\" data-image-title=\"Stoli te grave te Shqiperise se Veriu\" data-image-description=\"\" data-image-caption=\"&lt;p&gt;Stoli te grave te Shqiperise se Veriu&lt;\/p&gt;\n\" data-medium-file=\"https:\/\/i0.wp.com\/www.shqiperia.com\/blog\/wp-content\/uploads\/2019\/03\/3-1.jpg?fit=300%2C170&amp;ssl=1\" data-large-file=\"https:\/\/i0.wp.com\/www.shqiperia.com\/blog\/wp-content\/uploads\/2019\/03\/3-1.jpg?fit=779%2C442&amp;ssl=1\" class=\" wp-image-18361\" alt=\"\" src=\"https:\/\/i0.wp.com\/www.shqiperia.com\/blog\/wp-content\/uploads\/2019\/03\/3-1-300x170.jpg?resize=535%2C303\" width=\"535\" height=\"303\" srcset=\"https:\/\/i0.wp.com\/www.shqiperia.com\/blog\/wp-content\/uploads\/2019\/03\/3-1.jpg?resize=300%2C170&amp;ssl=1 300w, https:\/\/i0.wp.com\/www.shqiperia.com\/blog\/wp-content\/uploads\/2019\/03\/3-1.jpg?resize=768%2C436&amp;ssl=1 768w, https:\/\/i0.wp.com\/www.shqiperia.com\/blog\/wp-content\/uploads\/2019\/03\/3-1.jpg?resize=450%2C255&amp;ssl=1 450w, https:\/\/i0.wp.com\/www.shqiperia.com\/blog\/wp-content\/uploads\/2019\/03\/3-1.jpg?resize=600%2C340&amp;ssl=1 600w, https:\/\/i0.wp.com\/www.shqiperia.com\/blog\/wp-content\/uploads\/2019\/03\/3-1.jpg?resize=400%2C227&amp;ssl=1 400w, https:\/\/i0.wp.com\/www.shqiperia.com\/blog\/wp-content\/uploads\/2019\/03\/3-1.jpg?w=779&amp;ssl=1 779w\" sizes=\"auto, (max-width: 535px) 100vw, 535px\" \/><p id=\"caption-attachment-18361\" class=\"wp-caption-text\">Stoli te grave te Shqiperise se Veriu<\/p><\/div>\n<p>Nje pale Veth (Vathe) karakteristik te stolive te grave mirditore dhe nje Unaze Argjendi, qe mbahej si objekt zbukurimi nga grate e Shqiperise se Veriut.<\/p>\n<div id=\"attachment_18361\" style=\"width: 855px\" class=\"wp-caption alignnone\"><img data-recalc-dims=\"1\" loading=\"lazy\" decoding=\"async\" aria-describedby=\"caption-attachment-18361\" data-attachment-id=\"18361\" data-permalink=\"https:\/\/www.shqiperia.com\/blog\/stoli-te-grave-te-shqiperise-se-veriut\/3-5\/\" data-orig-file=\"https:\/\/i0.wp.com\/www.shqiperia.com\/blog\/wp-content\/uploads\/2019\/03\/3-1.jpg?fit=779%2C442&amp;ssl=1\" data-orig-size=\"779,442\" data-comments-opened=\"1\" data-image-meta=\"{&quot;aperture&quot;:&quot;2.6&quot;,&quot;credit&quot;:&quot;&quot;,&quot;camera&quot;:&quot;SM-T230&quot;,&quot;caption&quot;:&quot;&quot;,&quot;created_timestamp&quot;:&quot;1552665179&quot;,&quot;copyright&quot;:&quot;&quot;,&quot;focal_length&quot;:&quot;2.79&quot;,&quot;iso&quot;:&quot;50&quot;,&quot;shutter_speed&quot;:&quot;0.013687133789062&quot;,&quot;title&quot;:&quot;&quot;,&quot;orientation&quot;:&quot;1&quot;}\" data-image-title=\"Stoli te grave te Shqiperise se Veriu\" data-image-description=\"\" data-image-caption=\"&lt;p&gt;Stoli te grave te Shqiperise se Veriu&lt;\/p&gt;\n\" data-medium-file=\"https:\/\/i0.wp.com\/www.shqiperia.com\/blog\/wp-content\/uploads\/2019\/03\/3-1.jpg?fit=300%2C170&amp;ssl=1\" data-large-file=\"https:\/\/i0.wp.com\/www.shqiperia.com\/blog\/wp-content\/uploads\/2019\/03\/3-1.jpg?fit=779%2C442&amp;ssl=1\" class=\" wp-image-18361\" alt=\"\" src=\"https:\/\/i0.wp.com\/www.shqiperia.com\/blog\/wp-content\/uploads\/2019\/03\/3-1-300x170.jpg?resize=845%2C479\" width=\"845\" height=\"479\" srcset=\"https:\/\/i0.wp.com\/www.shqiperia.com\/blog\/wp-content\/uploads\/2019\/03\/3-1.jpg?resize=300%2C170&amp;ssl=1 300w, https:\/\/i0.wp.com\/www.shqiperia.com\/blog\/wp-content\/uploads\/2019\/03\/3-1.jpg?resize=768%2C436&amp;ssl=1 768w, https:\/\/i0.wp.com\/www.shqiperia.com\/blog\/wp-content\/uploads\/2019\/03\/3-1.jpg?resize=450%2C255&amp;ssl=1 450w, https:\/\/i0.wp.com\/www.shqiperia.com\/blog\/wp-content\/uploads\/2019\/03\/3-1.jpg?resize=600%2C340&amp;ssl=1 600w, https:\/\/i0.wp.com\/www.shqiperia.com\/blog\/wp-content\/uploads\/2019\/03\/3-1.jpg?resize=400%2C227&amp;ssl=1 400w, https:\/\/i0.wp.com\/www.shqiperia.com\/blog\/wp-content\/uploads\/2019\/03\/3-1.jpg?w=779&amp;ssl=1 779w\" sizes=\"auto, (max-width: 845px) 100vw, 845px\" \/><p id=\"caption-attachment-18361\" class=\"wp-caption-text\">Stoli te grave te Shqiperise se Veriu<\/p><\/div>\n<p>foto: J. Brahaj.<\/p>\n","protected":false},"excerpt":{"rendered":"<p>Nje pale Veth (Vathe) karakteristik te stolive te grave mirditore dhe nje Unaze Argjendi, qe mbahej si objekt zbukurimi nga grate e Shqiperise se Veriut. foto: J. Brahaj.<\/p>\n","protected":false},"author":9,"featured_media":18360,"comment_status":"open","ping_status":"open","sticky":false,"template":"","format":"standard","meta":{"jetpack_post_was_ever_published":false,"_jetpack_newsletter_access":"","_jetpack_dont_email_post_to_subs":false,"_jetpack_newsletter_tier_id":0,"_jetpack_memberships_contains_paywalled_content":false,"_jetpack_memberships_contains_paid_content":false,"footnotes":"","jetpack_publicize_message":"","jetpack_publicize_feature_enabled":true,"jetpack_social_post_already_shared":true,"jetpack_social_options":{"image_generator_settings":{"template":"highway","default_image_id":0,"font":"","enabled":false},"version":2}},"categories":[87,27,10,35,86],"tags":[],"class_list":["post-18357","post","type-post","status-publish","format-standard","has-post-thumbnail","hentry","category-arte","category-blogu-i-udhetarit","category-kultura","category-shoqerore","category-trashegimi-kulturore"],"jetpack_publicize_connections":[],"jetpack_featured_media_url":"https:\/\/i0.wp.com\/www.shqiperia.com\/blog\/wp-content\/uploads\/2019\/03\/3.jpg?fit=779%2C442&ssl=1","jetpack_sharing_enabled":true,"jetpack_shortlink":"https:\/\/wp.me\/p5Z6wp-4M5","jetpack-related-posts":[{"id":6126,"url":"https:\/\/www.shqiperia.com\/blog\/unaza-argjendi-te-shqiperise-se-veriut-shkeputur-nga-nje-koleksion\/","url_meta":{"origin":18357,"position":0},"title":"Unaza argjendi te Shqiperise se Veriut, shkeputur nga nje koleksion. &#8211;","author":"Kurt Farka","date":"April 9, 2018","format":false,"excerpt":"Unaza argjendi te Shqiperise se Veriut, shkeputur nga nje koleksion. \u2013 9 prill 2018 Argjendaria, sideomos punimi argjendit m tekniken e filigrnit ne shqiperi ka qene shume e zhvilluar. Mjeshtrit e filigranit te Shqiperise se Veriut kane qene te njohur ne gjithe Ballkanin dhe me gjere, dhe punimet e tyre\u2026","rel":"","context":"In &quot;Arte&quot;","block_context":{"text":"Arte","link":"https:\/\/www.shqiperia.com\/blog\/category\/arte\/"},"img":{"alt_text":"","src":"https:\/\/i0.wp.com\/www.shqiperia.com\/blog\/wp-content\/uploads\/2018\/04\/1-Unaza-tradicionale-argjendi-6.jpg?fit=1200%2C959&ssl=1&resize=350%2C200","width":350,"height":200,"srcset":"https:\/\/i0.wp.com\/www.shqiperia.com\/blog\/wp-content\/uploads\/2018\/04\/1-Unaza-tradicionale-argjendi-6.jpg?fit=1200%2C959&ssl=1&resize=350%2C200 1x, https:\/\/i0.wp.com\/www.shqiperia.com\/blog\/wp-content\/uploads\/2018\/04\/1-Unaza-tradicionale-argjendi-6.jpg?fit=1200%2C959&ssl=1&resize=525%2C300 1.5x, https:\/\/i0.wp.com\/www.shqiperia.com\/blog\/wp-content\/uploads\/2018\/04\/1-Unaza-tradicionale-argjendi-6.jpg?fit=1200%2C959&ssl=1&resize=700%2C400 2x, https:\/\/i0.wp.com\/www.shqiperia.com\/blog\/wp-content\/uploads\/2018\/04\/1-Unaza-tradicionale-argjendi-6.jpg?fit=1200%2C959&ssl=1&resize=1050%2C600 3x"},"classes":[]},{"id":20581,"url":"https:\/\/www.shqiperia.com\/blog\/shitja-e-stolive-te-veshjeve-te-grave-shqiptare\/","url_meta":{"origin":18357,"position":1},"title":"Shitja e Stolive te veshjeve t\u00eb grave shqiptare.","author":"Kurt Farka","date":"May 1, 2019","format":false,"excerpt":"Shitja e Stolive te veshjeve t\u00eb grave shqiptare. Foto e realizuar para nente vitesh vitesh n\u00eb nje dyqan \u201cAntikuaresh\u201d n\u00eb qytetin e Tiran\u00ebs. Sot n\u00eb te gjitha dyqanet e ashtuquajtura \u201cAntikuar\u00eb\u201d nuk mblidhen kaq stoli te vjetera. Shenimi dhe foto Jaho Brahaj.","rel":"","context":"In &quot;Arte&quot;","block_context":{"text":"Arte","link":"https:\/\/www.shqiperia.com\/blog\/category\/arte\/"},"img":{"alt_text":"","src":"https:\/\/i0.wp.com\/www.shqiperia.com\/blog\/wp-content\/uploads\/2019\/05\/CIMG6591.jpg?fit=1200%2C565&ssl=1&resize=350%2C200","width":350,"height":200,"srcset":"https:\/\/i0.wp.com\/www.shqiperia.com\/blog\/wp-content\/uploads\/2019\/05\/CIMG6591.jpg?fit=1200%2C565&ssl=1&resize=350%2C200 1x, https:\/\/i0.wp.com\/www.shqiperia.com\/blog\/wp-content\/uploads\/2019\/05\/CIMG6591.jpg?fit=1200%2C565&ssl=1&resize=525%2C300 1.5x, https:\/\/i0.wp.com\/www.shqiperia.com\/blog\/wp-content\/uploads\/2019\/05\/CIMG6591.jpg?fit=1200%2C565&ssl=1&resize=700%2C400 2x, https:\/\/i0.wp.com\/www.shqiperia.com\/blog\/wp-content\/uploads\/2019\/05\/CIMG6591.jpg?fit=1200%2C565&ssl=1&resize=1050%2C600 3x"},"classes":[]},{"id":49288,"url":"https:\/\/www.shqiperia.com\/blog\/kendi-i-fotografise-pjese-e-veshjes-se-grave-te-shqiperise-se-veriut\/","url_meta":{"origin":18357,"position":2},"title":"Kendi i Fotografise: &#8211; Pjese e veshjes se grave te Shqiperise se Veriut.\u00a0","author":"Kurt Farka","date":"August 23, 2021","format":false,"excerpt":"Pjese e veshjes se grave te Shqiperise se Veriut. Sa pak e njohim pasurine dhe trashegimine e te Pareve Tone.","rel":"","context":"In &quot;Histori&quot;","block_context":{"text":"Histori","link":"https:\/\/www.shqiperia.com\/blog\/category\/histori\/"},"img":{"alt_text":"","src":"https:\/\/i0.wp.com\/www.shqiperia.com\/blog\/wp-content\/uploads\/2021\/08\/Pjese-e-veshjes-se-grave-te-Shqiperise-se-Veriut.-.jpg?fit=843%2C524&ssl=1&resize=350%2C200","width":350,"height":200,"srcset":"https:\/\/i0.wp.com\/www.shqiperia.com\/blog\/wp-content\/uploads\/2021\/08\/Pjese-e-veshjes-se-grave-te-Shqiperise-se-Veriut.-.jpg?fit=843%2C524&ssl=1&resize=350%2C200 1x, https:\/\/i0.wp.com\/www.shqiperia.com\/blog\/wp-content\/uploads\/2021\/08\/Pjese-e-veshjes-se-grave-te-Shqiperise-se-Veriut.-.jpg?fit=843%2C524&ssl=1&resize=525%2C300 1.5x, https:\/\/i0.wp.com\/www.shqiperia.com\/blog\/wp-content\/uploads\/2021\/08\/Pjese-e-veshjes-se-grave-te-Shqiperise-se-Veriut.-.jpg?fit=843%2C524&ssl=1&resize=700%2C400 2x"},"classes":[]},{"id":35316,"url":"https:\/\/www.shqiperia.com\/blog\/nga-tradita-motive-kulti-ne-xhubleten-e-grave-te-shqiperise-se-veriut\/","url_meta":{"origin":18357,"position":3},"title":"Nga tradita. Motive kulti ne Xhubleten e grave te Shqiperise se Veriut.","author":"Kurt Farka","date":"June 2, 2020","format":false,"excerpt":"Motive Kulti te Xhubletes - veshje e gruas se Shqiperise se Veriut. Xhubleta-Foto-Fragment.","rel":"","context":"In &quot;Histori&quot;","block_context":{"text":"Histori","link":"https:\/\/www.shqiperia.com\/blog\/category\/histori\/"},"img":{"alt_text":"","src":"https:\/\/i0.wp.com\/www.shqiperia.com\/blog\/wp-content\/uploads\/2020\/06\/Xhubleta.jpg?fit=960%2C720&ssl=1&resize=350%2C200","width":350,"height":200,"srcset":"https:\/\/i0.wp.com\/www.shqiperia.com\/blog\/wp-content\/uploads\/2020\/06\/Xhubleta.jpg?fit=960%2C720&ssl=1&resize=350%2C200 1x, https:\/\/i0.wp.com\/www.shqiperia.com\/blog\/wp-content\/uploads\/2020\/06\/Xhubleta.jpg?fit=960%2C720&ssl=1&resize=525%2C300 1.5x, https:\/\/i0.wp.com\/www.shqiperia.com\/blog\/wp-content\/uploads\/2020\/06\/Xhubleta.jpg?fit=960%2C720&ssl=1&resize=700%2C400 2x"},"classes":[]},{"id":15109,"url":"https:\/\/www.shqiperia.com\/blog\/shifrat-e-eurostat-veriu-shqiptar-me-i-varferi-ne-europe-jeton-me-me-pak-se-nje-te-katerten-e-mesatares-se-be\/","url_meta":{"origin":18357,"position":4},"title":"Shifrat e Eurostat: Veriu shqiptar m\u00eb i varf\u00ebri n\u00eb Europ\u00eb, jeton me m\u00eb pak se nj\u00eb t\u00eb kat\u00ebrt\u00ebn e mesatares s\u00eb BE. &#8211;","author":"Kurt Farka","date":"December 22, 2018","format":false,"excerpt":"Shifrat e Eurostat: Veriu shqiptar m\u00eb i varf\u00ebri n\u00eb Europ\u00eb, jeton me m\u00eb pak se nj\u00eb t\u00eb kat\u00ebrt\u00ebn e mesatares s\u00eb BE. - T\u00eb ardhurat e banor\u00ebve t\u00eb Veriut t\u00eb Shqip\u00ebris\u00eb jan\u00eb vet\u00ebm sa 24% e mesatares s\u00eb shteteve t\u00eb Bashkimit Europian (BE), duke e renditur at\u00eb n\u00eb rajonin m\u00eb\u2026","rel":"","context":"In &quot;Blogu i Udh\u00ebtarit&quot;","block_context":{"text":"Blogu i Udh\u00ebtarit","link":"https:\/\/www.shqiperia.com\/blog\/category\/blogu-i-udhetarit\/"},"img":{"alt_text":"","src":"https:\/\/i0.wp.com\/www.shqiperia.com\/blog\/wp-content\/uploads\/2018\/12\/safe_image.php_-2.jpg?fit=540%2C281&ssl=1&resize=350%2C200","width":350,"height":200,"srcset":"https:\/\/i0.wp.com\/www.shqiperia.com\/blog\/wp-content\/uploads\/2018\/12\/safe_image.php_-2.jpg?fit=540%2C281&ssl=1&resize=350%2C200 1x, https:\/\/i0.wp.com\/www.shqiperia.com\/blog\/wp-content\/uploads\/2018\/12\/safe_image.php_-2.jpg?fit=540%2C281&ssl=1&resize=525%2C300 1.5x"},"classes":[]},{"id":7609,"url":"https:\/\/www.shqiperia.com\/blog\/duke-punuar-kopshtin-cifti-gjen-kasaforten-me-mijera-dollare-e-stoli-ari\/","url_meta":{"origin":18357,"position":5},"title":"Duke punuar kopshtin, \u00e7ifti gjen kasafort\u00ebn me mij\u00ebra dollar\u00eb e stoli ari.-","author":"Kurt Farka","date":"May 18, 2018","format":false,"excerpt":"Duke punuar kopshtin, \u00e7ifti gjen kasafort\u00ebn me mij\u00ebra dollar\u00eb e stoli ari.- Nj\u00eb \u00e7ift n\u00eb Staten Island t\u00eb New Yorkut, \u00ebsht\u00eb befasuar shum\u00eb kur gjat\u00eb punimeve n\u00eb kopshtin n\u00eb oborr, kan\u00eb hasur n\u00eb nj\u00eb valixhe misterioze t\u00eb mbushur me para e stoli t\u00eb vjetra. \u00c7ifti nga New Yorku, t\u00eb cil\u00ebt\u2026","rel":"","context":"In &quot;Blogu i Udh\u00ebtarit&quot;","block_context":{"text":"Blogu i Udh\u00ebtarit","link":"https:\/\/www.shqiperia.com\/blog\/category\/blogu-i-udhetarit\/"},"img":{"alt_text":"","src":"https:\/\/i0.wp.com\/www.shqiperia.com\/blog\/wp-content\/uploads\/2018\/05\/1526486254_cifti.jpg?fit=780%2C440&ssl=1&resize=350%2C200","width":350,"height":200,"srcset":"https:\/\/i0.wp.com\/www.shqiperia.com\/blog\/wp-content\/uploads\/2018\/05\/1526486254_cifti.jpg?fit=780%2C440&ssl=1&resize=350%2C200 1x, https:\/\/i0.wp.com\/www.shqiperia.com\/blog\/wp-content\/uploads\/2018\/05\/1526486254_cifti.jpg?fit=780%2C440&ssl=1&resize=525%2C300 1.5x, https:\/\/i0.wp.com\/www.shqiperia.com\/blog\/wp-content\/uploads\/2018\/05\/1526486254_cifti.jpg?fit=780%2C440&ssl=1&resize=700%2C400 2x"},"classes":[]}],"_links":{"self":[{"href":"https:\/\/www.shqiperia.com\/blog\/wp-json\/wp\/v2\/posts\/18357","targetHints":{"allow":["GET"]}}],"collection":[{"href":"https:\/\/www.shqiperia.com\/blog\/wp-json\/wp\/v2\/posts"}],"about":[{"href":"https:\/\/www.shqiperia.com\/blog\/wp-json\/wp\/v2\/types\/post"}],"author":[{"embeddable":true,"href":"https:\/\/www.shqiperia.com\/blog\/wp-json\/wp\/v2\/users\/9"}],"replies":[{"embeddable":true,"href":"https:\/\/www.shqiperia.com\/blog\/wp-json\/wp\/v2\/comments?post=18357"}],"version-history":[{"count":4,"href":"https:\/\/www.shqiperia.com\/blog\/wp-json\/wp\/v2\/posts\/18357\/revisions"}],"predecessor-version":[{"id":18367,"href":"https:\/\/www.shqiperia.com\/blog\/wp-json\/wp\/v2\/posts\/18357\/revisions\/18367"}],"wp:featuredmedia":[{"embeddable":true,"href":"https:\/\/www.shqiperia.com\/blog\/wp-json\/wp\/v2\/media\/18360"}],"wp:attachment":[{"href":"https:\/\/www.shqiperia.com\/blog\/wp-json\/wp\/v2\/media?parent=18357"}],"wp:term":[{"taxonomy":"category","embeddable":true,"href":"https:\/\/www.shqiperia.com\/blog\/wp-json\/wp\/v2\/categories?post=18357"},{"taxonomy":"post_tag","embeddable":true,"href":"https:\/\/www.shqiperia.com\/blog\/wp-json\/wp\/v2\/tags?post=18357"}],"curies":[{"name":"wp","href":"https:\/\/api.w.org\/{rel}","templated":true}]}}