{"id":18350,"date":"2019-03-15T13:58:13","date_gmt":"2019-03-15T13:58:13","guid":{"rendered":"http:\/\/www.shqiperia.com\/blog\/?p=18350"},"modified":"2019-03-15T13:58:13","modified_gmt":"2019-03-15T13:58:13","slug":"rrezik-shembje-te-mureve-te-kalase-se-gjirokastres","status":"publish","type":"post","link":"https:\/\/www.shqiperia.com\/blog\/rrezik-shembje-te-mureve-te-kalase-se-gjirokastres\/","title":{"rendered":"Rrezik shembje t\u00eb mureve t\u00eb kalas\u00eb s\u00eb Gjirokastr\u00ebs. &#8211;"},"content":{"rendered":"<div id=\"attachment_18351\" style=\"width: 540px\" class=\"wp-caption alignnone\"><img data-recalc-dims=\"1\" loading=\"lazy\" decoding=\"async\" aria-describedby=\"caption-attachment-18351\" data-attachment-id=\"18351\" data-permalink=\"https:\/\/www.shqiperia.com\/blog\/rrezik-shembje-te-mureve-te-kalase-se-gjirokastres\/carje\/\" data-orig-file=\"https:\/\/i0.wp.com\/www.shqiperia.com\/blog\/wp-content\/uploads\/2019\/03\/carje.jpg?fit=720%2C357&amp;ssl=1\" data-orig-size=\"720,357\" data-comments-opened=\"1\" data-image-meta=\"{&quot;aperture&quot;:&quot;0&quot;,&quot;credit&quot;:&quot;&quot;,&quot;camera&quot;:&quot;&quot;,&quot;caption&quot;:&quot;&quot;,&quot;created_timestamp&quot;:&quot;0&quot;,&quot;copyright&quot;:&quot;&quot;,&quot;focal_length&quot;:&quot;0&quot;,&quot;iso&quot;:&quot;0&quot;,&quot;shutter_speed&quot;:&quot;0&quot;,&quot;title&quot;:&quot;&quot;,&quot;orientation&quot;:&quot;0&quot;}\" data-image-title=\"rrezik shembje t\u00eb mureve t\u00eb kalas\u00eb s\u00eb Gjirokastr\u00ebs. &#8211;\" data-image-description=\"\" data-image-caption=\"&lt;p&gt;Rrezik shembje t\u00eb mureve t\u00eb kalas\u00eb s\u00eb Gjirokastr\u00ebs. &#8211;&lt;\/p&gt;\n\" data-medium-file=\"https:\/\/i0.wp.com\/www.shqiperia.com\/blog\/wp-content\/uploads\/2019\/03\/carje.jpg?fit=300%2C149&amp;ssl=1\" data-large-file=\"https:\/\/i0.wp.com\/www.shqiperia.com\/blog\/wp-content\/uploads\/2019\/03\/carje.jpg?fit=720%2C357&amp;ssl=1\" class=\" wp-image-18351\" alt=\"\" src=\"https:\/\/i0.wp.com\/www.shqiperia.com\/blog\/wp-content\/uploads\/2019\/03\/carje-300x149.jpg?resize=530%2C263\" width=\"530\" height=\"263\" srcset=\"https:\/\/i0.wp.com\/www.shqiperia.com\/blog\/wp-content\/uploads\/2019\/03\/carje.jpg?resize=300%2C149&amp;ssl=1 300w, https:\/\/i0.wp.com\/www.shqiperia.com\/blog\/wp-content\/uploads\/2019\/03\/carje.jpg?resize=450%2C223&amp;ssl=1 450w, https:\/\/i0.wp.com\/www.shqiperia.com\/blog\/wp-content\/uploads\/2019\/03\/carje.jpg?resize=600%2C298&amp;ssl=1 600w, https:\/\/i0.wp.com\/www.shqiperia.com\/blog\/wp-content\/uploads\/2019\/03\/carje.jpg?resize=400%2C198&amp;ssl=1 400w, https:\/\/i0.wp.com\/www.shqiperia.com\/blog\/wp-content\/uploads\/2019\/03\/carje.jpg?w=720&amp;ssl=1 720w\" sizes=\"auto, (max-width: 530px) 100vw, 530px\" \/><p id=\"caption-attachment-18351\" class=\"wp-caption-text\">Rrezik shembje t\u00eb mureve t\u00eb kalas\u00eb s\u00eb Gjirokastr\u00ebs. &#8211;<\/p><\/div>\n<p><strong>Monument kulture, \u00e7arje dhe rrezik shembje t\u00eb mureve t\u00eb kalas\u00eb s\u00eb Gjirokastr\u00ebs. &#8211;<\/strong><\/p>\n<p>Nj\u00eb nga monumentet kulturore\u00a0 m\u00eb t\u00eb bukura dhe m\u00eb t\u00eb vizituara n\u00eb Shqip\u00ebri, kalaja e qytetit t\u00eb Gjirokastr\u00ebs ka rrezik t\u00eb shembet. Si pasoj\u00eb e motit t\u00eb\u00a0 keq muret e kalas\u00eb kan\u00eb p\u00ebsuar \u00e7arje t\u00eb m\u00ebdha e ka rrezikshm\u00ebri t\u00eb lart\u00eb p\u00ebr t\u2019u\u00a0 shembur. Ish-ministri i Sh\u00ebndet\u00ebsis\u00eb aktualisht deputet i LSI-se, Vangjel Tavo ka denoncuar situat\u00ebn publikisht n\u00ebp\u00ebrmjet nj\u00eb shkrimi n\u00eb Facebook. N\u00eb foton e publikuar duket qart\u00eb se muret e kalas\u00eb kan\u00eb p\u00ebsuar carje serioze e p\u00ebr k\u00ebt\u00eb duhen marr\u00eb masa.<\/p>\n<p>\u201cEdhe pas shum\u00eb dit\u00ebsh denoncimi n\u00eb media e rrjete sociale p\u00ebr rrezikun e shembjes s\u00eb Kalas\u00eb s\u00eb Gjirokastr\u00ebs, nuk \u00ebsht\u00eb marr\u00eb asnj\u00eb mas\u00eb e nuk \u00ebsht\u00eb b\u00ebr\u00eb asnj\u00eb nd\u00ebrhyrje. Kalaja e qytetit t\u00eb Gjirokastr\u00ebs ka p\u00ebsuar \u00e7arje n\u00eb pjes\u00eb t\u00eb m\u00ebdha t\u00eb murit t\u00eb saj, duke rrezikuar seriozisht shembjen. Ka nj\u00eb rr\u00ebshqitje t\u00eb nj\u00eb pjese shk\u00ebmbi n\u00eb zon\u00ebn posht\u00eb Kull\u00ebs s\u00eb Sahatit, e cila v\u00eb n\u00eb rrezik t\u00ebr\u00eb Kalan\u00eb, monument kulture i kategoris\u00eb s\u00eb par\u00eb.<\/p>\n<p>Inxhinier\u00ebt dhe ekspert\u00ebt kan\u00eb ngritur alarmin p\u00ebr rrezikun q\u00eb i kanoset Kalas\u00eb. Duhet menj\u00ebher\u00eb t\u00eb merren masa urgjente p\u00ebr mbrojtjen e monumentit. Edhe me sy t\u00eb lir\u00eb dallohet \u00e7arja e kull\u00ebs jugore dhe lag\u00ebshtia n\u00eb galerit\u00eb posht\u00eb kull\u00ebs s\u00eb sahatit.<br \/>\nDisa dit\u00eb m\u00eb par\u00eb rreshjet e dendura d\u00ebmtuan Ur\u00ebn e Llongos dhe Koshovic\u00ebs. N\u00eb Zagori ura e Hoshtev\u00ebs, monument kulture, u rr\u00ebnua plot\u00ebsisht. Monumentet e Gjirokastr\u00ebs e mbar\u00eb qarkut t\u00eb saj po rr\u00ebnohen nj\u00ebra pas tjetr\u00ebs.<\/p>\n<p>Kalaja \u00ebsht\u00eb n\u00eb var\u00ebsi t\u00eb Ministris\u00eb s\u00eb Kultur\u00ebs e cila nuk ka b\u00ebr\u00eb asnj\u00eb investim dhe madje nuk po merr asnj\u00eb mas\u00eb p\u00ebr mbrojtjen e saj n\u00eb k\u00ebt\u00eb gjendje kritike n\u00eb t\u00eb cil\u00ebn ndodhet.<\/p>\n<div id=\"attachment_18352\" style=\"width: 708px\" class=\"wp-caption alignnone\"><img data-recalc-dims=\"1\" loading=\"lazy\" decoding=\"async\" aria-describedby=\"caption-attachment-18352\" data-attachment-id=\"18352\" data-permalink=\"https:\/\/www.shqiperia.com\/blog\/rrezik-shembje-te-mureve-te-kalase-se-gjirokastres\/carje-copy\/\" data-orig-file=\"https:\/\/i0.wp.com\/www.shqiperia.com\/blog\/wp-content\/uploads\/2019\/03\/carje-Copy.jpg?fit=720%2C960&amp;ssl=1\" data-orig-size=\"720,960\" data-comments-opened=\"1\" data-image-meta=\"{&quot;aperture&quot;:&quot;0&quot;,&quot;credit&quot;:&quot;&quot;,&quot;camera&quot;:&quot;&quot;,&quot;caption&quot;:&quot;&quot;,&quot;created_timestamp&quot;:&quot;0&quot;,&quot;copyright&quot;:&quot;&quot;,&quot;focal_length&quot;:&quot;0&quot;,&quot;iso&quot;:&quot;0&quot;,&quot;shutter_speed&quot;:&quot;0&quot;,&quot;title&quot;:&quot;&quot;,&quot;orientation&quot;:&quot;0&quot;}\" data-image-title=\"Rrezik shembje t\u00eb mureve t\u00eb kalas\u00eb s\u00eb Gjirokastr\u00ebs. &#8211;\" data-image-description=\"\" data-image-caption=\"&lt;p&gt;rrezik shembje t\u00eb mureve t\u00eb kalas\u00eb s\u00eb Gjirokastr\u00ebs. &#8211;&lt;\/p&gt;\n\" data-medium-file=\"https:\/\/i0.wp.com\/www.shqiperia.com\/blog\/wp-content\/uploads\/2019\/03\/carje-Copy.jpg?fit=225%2C300&amp;ssl=1\" data-large-file=\"https:\/\/i0.wp.com\/www.shqiperia.com\/blog\/wp-content\/uploads\/2019\/03\/carje-Copy.jpg?fit=720%2C960&amp;ssl=1\" class=\" wp-image-18352\" alt=\"\" src=\"https:\/\/i0.wp.com\/www.shqiperia.com\/blog\/wp-content\/uploads\/2019\/03\/carje-Copy-225x300.jpg?resize=698%2C931\" width=\"698\" height=\"931\" srcset=\"https:\/\/i0.wp.com\/www.shqiperia.com\/blog\/wp-content\/uploads\/2019\/03\/carje-Copy.jpg?resize=225%2C300&amp;ssl=1 225w, https:\/\/i0.wp.com\/www.shqiperia.com\/blog\/wp-content\/uploads\/2019\/03\/carje-Copy.jpg?resize=450%2C600&amp;ssl=1 450w, https:\/\/i0.wp.com\/www.shqiperia.com\/blog\/wp-content\/uploads\/2019\/03\/carje-Copy.jpg?resize=600%2C800&amp;ssl=1 600w, https:\/\/i0.wp.com\/www.shqiperia.com\/blog\/wp-content\/uploads\/2019\/03\/carje-Copy.jpg?resize=400%2C533&amp;ssl=1 400w, https:\/\/i0.wp.com\/www.shqiperia.com\/blog\/wp-content\/uploads\/2019\/03\/carje-Copy.jpg?w=720&amp;ssl=1 720w\" sizes=\"auto, (max-width: 698px) 100vw, 698px\" \/><p id=\"caption-attachment-18352\" class=\"wp-caption-text\">rrezik shembje t\u00eb mureve t\u00eb kalas\u00eb s\u00eb Gjirokastr\u00ebs. &#8211;<\/p><\/div>\n<p>Kalaja \u00ebsht\u00eb identiteti i Argjiros\u00eb dhe simboli i \u00e7do gjirokastriti. Asnj\u00eb pushtues e as Lufta e Par\u00eb dhe e Dyt\u00eb Bot\u00ebrore nuk arrit\u00ebn ta rr\u00ebnonin at\u00eb, por me sa duket indiferenca dhe neglizhenca e nj\u00eb qeverie mund t\u2019ia dal\u00eb mban\u00eb.<\/p>\n<p>\u201cRa Si Yll Po Su Shua,\u201d shkruan mjeshtri Ismail Kadare p\u00ebr Argjiron\u00eb<\/p>\n<p>\u201c\u2026.. ja Argjiroja e shpejt\u00eb<br \/>\ntok me foshnjez\u00ebn e vet<br \/>\nu v\u00ebrtit si zog n\u00eb er\u00eb<br \/>\nnga kalaja n\u00eb humner\u00eb<br \/>\nshk\u00ebmb m\u00eb shk\u00ebmb se\u00e7 u cop\u00ebtua<br \/>\nra si ylli po su shua<br \/>\ndhe kujtoi ky shk\u00ebmb i bardh\u00eb<br \/>\nse f\u00ebmija saj mbet gjall\u00eb<br \/>\ndhe q\u00eb foshnjen ta mekoj\u00eb<br \/>\nqum\u00ebsht zuri t\u00eb pikoj\u00eb.\u201d<\/p>\n<p>P\u00ebr qindra vite Argjiroja nuk \u00ebsht\u00eb shuar nga kujtesa e popullit gjirokastrit, sepse Kalaja ka mbajtur gjall\u00eb heroizmin, legjendat, dhe historin\u00eb e k\u00ebtij qyteti. Lejoni me indiferentizmin tuaj t\u00eb cop\u00ebtohet shk\u00ebmb m\u00eb shk\u00ebmb e gur\u00eb m\u00eb gur\u00eb, dhe identiteti i k\u00ebsaj treve shuhet.<\/p>\n<p>Nd\u00ebrhyni sa m\u00eb shpejt\u00eb q\u00eb t\u00eb mos p\u00ebrshkruheni n\u00eb tekstet shkollore si varrmih\u00ebsit e historis\u00eb.\u201d,- shkruan Tavo.<\/p>\n","protected":false},"excerpt":{"rendered":"<p>Monument kulture, \u00e7arje dhe rrezik shembje t\u00eb mureve t\u00eb kalas\u00eb s\u00eb Gjirokastr\u00ebs. &#8211; Nj\u00eb nga monumentet kulturore\u00a0 m\u00eb t\u00eb bukura dhe m\u00eb t\u00eb vizituara n\u00eb Shqip\u00ebri, kalaja e qytetit t\u00eb Gjirokastr\u00ebs ka rrezik t\u00eb shembet. Si pasoj\u00eb e motit t\u00eb\u00a0 keq muret e kalas\u00eb kan\u00eb p\u00ebsuar \u00e7arje t\u00eb m\u00ebdha e ka rrezikshm\u00ebri t\u00eb lart\u00eb p\u00ebr [&hellip;]<\/p>\n","protected":false},"author":9,"featured_media":18351,"comment_status":"open","ping_status":"open","sticky":false,"template":"","format":"standard","meta":{"jetpack_post_was_ever_published":false,"_jetpack_newsletter_access":"","_jetpack_dont_email_post_to_subs":false,"_jetpack_newsletter_tier_id":0,"_jetpack_memberships_contains_paywalled_content":false,"_jetpack_memberships_contains_paid_content":false,"footnotes":"","jetpack_publicize_message":"","jetpack_publicize_feature_enabled":true,"jetpack_social_post_already_shared":true,"jetpack_social_options":{"image_generator_settings":{"template":"highway","default_image_id":0,"font":"","enabled":false},"version":2}},"categories":[85,10,86],"tags":[],"class_list":["post-18350","post","type-post","status-publish","format-standard","has-post-thumbnail","hentry","category-histori","category-kultura","category-trashegimi-kulturore"],"jetpack_publicize_connections":[],"jetpack_featured_media_url":"https:\/\/i0.wp.com\/www.shqiperia.com\/blog\/wp-content\/uploads\/2019\/03\/carje.jpg?fit=720%2C357&ssl=1","jetpack_sharing_enabled":true,"jetpack_shortlink":"https:\/\/wp.me\/p5Z6wp-4LY","jetpack-related-posts":[{"id":18243,"url":"https:\/\/www.shqiperia.com\/blog\/gjirokaster-kulla-e-kalase-ne-rrezik-shembje-hiqet-kalldremi-i-pademtuar\/","url_meta":{"origin":18350,"position":0},"title":"Gjirokaster: &#8211; Kulla e Kalase ne rrezik shembje, hiqet kalldremi i pademtuar.","author":"Kurt Farka","date":"March 11, 2019","format":false,"excerpt":"Gjirokaster: - Kulla e Kalase ne rrezik shembje, hiqet kalldremi i pademtuar. Kulla Jugore e kalas\u00eb s\u00eb Gjirokastr\u00ebs \u00ebsht\u00eb duke thelluar \u00e7arjen e evidentuar t\u00eb pakt\u00ebn 12 vite m\u00eb par\u00eb. Jan\u00eb t\u00eb pakt\u00ebn 3 \u00e7arje n\u00eb struktur\u00ebn e kull\u00ebs, por ajo e pozicionit ballor, \u00ebsht\u00eb duke u zgjeruar me shpejt\u00ebsi.\u2026","rel":"","context":"In &quot;Histori&quot;","block_context":{"text":"Histori","link":"https:\/\/www.shqiperia.com\/blog\/category\/histori\/"},"img":{"alt_text":"","src":"https:\/\/i0.wp.com\/www.shqiperia.com\/blog\/wp-content\/uploads\/2019\/03\/Kalaja-1200x630-1.jpg?fit=400%2C210&ssl=1&resize=350%2C200","width":350,"height":200},"classes":[]},{"id":2800,"url":"https:\/\/www.shqiperia.com\/blog\/carjet-ne-kalane-e-gjirokastres-situata-eshte-emergjente\/","url_meta":{"origin":18350,"position":1},"title":"\u00c7arjet n\u00eb Kalan\u00eb e Gjirokastr\u00ebs, &#8211; Situata \u00ebsht\u00eb emergjente. &#8211;","author":"Kurt Farka","date":"February 9, 2018","format":false,"excerpt":"Arkiteti Kreshnik Merxhani p\u00ebr \u2018Fax News\u201d \u00ebsht\u00eb shprehur se \u00e7arjet n\u00eb Kalan\u00eb e Gjirokastr\u00ebs jan\u00eb shqet\u00ebsuese. Sipas tij n\u00eb nj\u00ebr\u00ebn kull\u00eb t\u00eb kalas\u00eb ka \u00e7arje t\u00eb madha dhe \u00a0kjo \u00ebsht\u00eb nj\u00eb situat\u00eb emergjente dhe duhet t\u00eb nd\u00ebrhyet menj\u00ebher\u00eb. \u201cQ\u00eb n\u00eb vitin 1979 ka pasur disa \u00e7arje n\u00eb kala dhe k\u00ebto\u2026","rel":"","context":"In &quot;Blogu i Udh\u00ebtarit&quot;","block_context":{"text":"Blogu i Udh\u00ebtarit","link":"https:\/\/www.shqiperia.com\/blog\/category\/blogu-i-udhetarit\/"},"img":{"alt_text":"","src":"https:\/\/i0.wp.com\/www.shqiperia.com\/blog\/wp-content\/uploads\/2018\/02\/carja-300x260.jpg?resize=350%2C200","width":350,"height":200},"classes":[]},{"id":25040,"url":"https:\/\/www.shqiperia.com\/blog\/historia-e-kalase-se-gjirokastres\/","url_meta":{"origin":18350,"position":2},"title":"Historia e kalas\u00eb se Gjirokastres.","author":"Kurt Farka","date":"August 23, 2019","format":false,"excerpt":"Historia e kalas\u00eb se Gjirokastres. Kalaja e Gjirokastr\u00ebs, si histori e lidhur me qytetin e Gjirokastr\u00ebs, p\u00ebrmendet p\u00ebr her\u00eb t\u00eb par\u00eb si qytet dhe k\u00ebshtjell\u00eb n\u00eb vitin 1336. N\u00eb k\u00ebto vite, ajo ishte qendra e feudal\u00ebve shqiptar\u00eb zenevis\u00eb. M\u00eb von\u00eb, gjat\u00eb sundimit t\u00eb Gjin Bue Shpat\u00ebs, ajo u p\u00ebrfshi n\u00eb\u2026","rel":"","context":"In &quot;Histori&quot;","block_context":{"text":"Histori","link":"https:\/\/www.shqiperia.com\/blog\/category\/histori\/"},"img":{"alt_text":"","src":"https:\/\/i0.wp.com\/www.shqiperia.com\/blog\/wp-content\/uploads\/2019\/08\/Kalaja-e-Gjirokastres-2-Copy.jpg?fit=1200%2C600&ssl=1&resize=350%2C200","width":350,"height":200,"srcset":"https:\/\/i0.wp.com\/www.shqiperia.com\/blog\/wp-content\/uploads\/2019\/08\/Kalaja-e-Gjirokastres-2-Copy.jpg?fit=1200%2C600&ssl=1&resize=350%2C200 1x, https:\/\/i0.wp.com\/www.shqiperia.com\/blog\/wp-content\/uploads\/2019\/08\/Kalaja-e-Gjirokastres-2-Copy.jpg?fit=1200%2C600&ssl=1&resize=525%2C300 1.5x, https:\/\/i0.wp.com\/www.shqiperia.com\/blog\/wp-content\/uploads\/2019\/08\/Kalaja-e-Gjirokastres-2-Copy.jpg?fit=1200%2C600&ssl=1&resize=700%2C400 2x, https:\/\/i0.wp.com\/www.shqiperia.com\/blog\/wp-content\/uploads\/2019\/08\/Kalaja-e-Gjirokastres-2-Copy.jpg?fit=1200%2C600&ssl=1&resize=1050%2C600 3x"},"classes":[]},{"id":5856,"url":"https:\/\/www.shqiperia.com\/blog\/specialistet-e-trashegimise-situata-ne-kalane-e-gjirokastres-tejet-alarmante-ministria-justifikohet-me-termetet\/","url_meta":{"origin":18350,"position":3},"title":"Specialist\u00ebt e trash\u00ebgimis\u00eb: Situata n\u00eb kalan\u00eb e Gjirokastr\u00ebs tejet alarmante, ministria justifikohet me t\u00ebrmetet. &#8211;","author":"Kurt Farka","date":"March 30, 2018","format":false,"excerpt":"\u00a0 \u00a0 Nga: Julia VRAPI. - Kalaja e Gjirokastr\u00ebs e rrezikuar dhe specialist\u00ebt pohojn\u00eb se nga institucionet duhen marr\u00eb sa m\u00eb par\u00eb masat. \u00c7arja e mureve t\u00eb kull\u00ebs jugore t\u00eb kalas\u00eb sipas tyre tregon se monumenti rrezikohet, por deri tani nuk ka nd\u00ebrhyrje. N\u00eb reagimet e tyre ata pohojn\u00eb se\u2026","rel":"","context":"In &quot;Trashegimi Kulturore&quot;","block_context":{"text":"Trashegimi Kulturore","link":"https:\/\/www.shqiperia.com\/blog\/category\/trashegimi-kulturore\/"},"img":{"alt_text":"","src":"https:\/\/i0.wp.com\/www.shqiperia.com\/blog\/wp-content\/uploads\/2018\/03\/Kalaja-e-gjirokastres-ne-Rrezik.jpg?resize=350%2C200","width":350,"height":200},"classes":[]},{"id":48660,"url":"https:\/\/www.shqiperia.com\/blog\/instituti-i-monumenteve-le-ne-harrese-kalane-e-lezhes-erozioni-gerryen-muret-rrethuese\/","url_meta":{"origin":18350,"position":4},"title":"Instituti i Monumenteve l\u00eb n\u00eb harres\u00eb Kalan\u00eb e Lezh\u00ebs, erozioni g\u00ebrryen muret rrethuese","author":"Kurt Farka","date":"July 21, 2021","format":false,"excerpt":"Instituti i Monumenteve l\u00eb n\u00eb harres\u00eb Kalan\u00eb e Lezh\u00ebs, erozioni g\u00ebrryen muret rrethuese Kalaja e Lezh\u00ebs ka p\u00ebsuar d\u00ebme n\u00eb muret rrethuese, ku gur\u00ebt vazhdojn\u00eb t\u00eb bien p\u00ebr shkak t\u00eb erozionit. Gjendja \u00ebsht\u00eb drejt p\u00ebrkeq\u00ebsimit, nd\u00ebrsa Instituti i Monumente t\u00eb Kultur\u00ebs nuk ka kryer asnj\u00eb nd\u00ebrhyrje. Po kaq, e ura\u2026","rel":"","context":"In &quot;Histori&quot;","block_context":{"text":"Histori","link":"https:\/\/www.shqiperia.com\/blog\/category\/histori\/"},"img":{"alt_text":"","src":"https:\/\/i0.wp.com\/www.shqiperia.com\/blog\/wp-content\/uploads\/2021\/07\/kal.jpg?fit=1200%2C675&ssl=1&resize=350%2C200","width":350,"height":200,"srcset":"https:\/\/i0.wp.com\/www.shqiperia.com\/blog\/wp-content\/uploads\/2021\/07\/kal.jpg?fit=1200%2C675&ssl=1&resize=350%2C200 1x, https:\/\/i0.wp.com\/www.shqiperia.com\/blog\/wp-content\/uploads\/2021\/07\/kal.jpg?fit=1200%2C675&ssl=1&resize=525%2C300 1.5x, https:\/\/i0.wp.com\/www.shqiperia.com\/blog\/wp-content\/uploads\/2021\/07\/kal.jpg?fit=1200%2C675&ssl=1&resize=700%2C400 2x, https:\/\/i0.wp.com\/www.shqiperia.com\/blog\/wp-content\/uploads\/2021\/07\/kal.jpg?fit=1200%2C675&ssl=1&resize=1050%2C600 3x"},"classes":[]},{"id":11309,"url":"https:\/\/www.shqiperia.com\/blog\/ujesjellesi-i-gjirokastres\/","url_meta":{"origin":18350,"position":5},"title":"Ujesjellesi i Gjirokastres. &#8211;","author":"Kurt Farka","date":"September 9, 2018","format":false,"excerpt":"Ujesjellesi i Gjirokastres. - Studiuesit mendojn\u00eb se nd\u00ebrtimi i tij i p\u00ebrk\u00ebt shekullit t\u00eb 12-t\u00eb nd\u00ebrkoh\u00eb q\u00eb Ali Pasha do t\u00eb restauronte pjes\u00eb t\u00eb r\u00ebnd\u00ebsishme t\u00eb tij, duke qen\u00eb i fundit q\u00eb jipte kontributin n\u00eb lidhje me nd\u00ebrtimin e uj\u00ebsjell\u00ebsit t\u00eb gurt\u00eb. Nd\u00ebrkoh\u00eb sipas burimeve historike Ali Pash\u00eb Tepelena do\u2026","rel":"","context":"In &quot;Blogu i Udh\u00ebtarit&quot;","block_context":{"text":"Blogu i Udh\u00ebtarit","link":"https:\/\/www.shqiperia.com\/blog\/category\/blogu-i-udhetarit\/"},"img":{"alt_text":"","src":"https:\/\/i0.wp.com\/www.shqiperia.com\/blog\/wp-content\/uploads\/2018\/09\/41046577_2151615511717656_2340873715962609664_n.jpg?fit=393%2C226&ssl=1&resize=350%2C200","width":350,"height":200},"classes":[]}],"_links":{"self":[{"href":"https:\/\/www.shqiperia.com\/blog\/wp-json\/wp\/v2\/posts\/18350","targetHints":{"allow":["GET"]}}],"collection":[{"href":"https:\/\/www.shqiperia.com\/blog\/wp-json\/wp\/v2\/posts"}],"about":[{"href":"https:\/\/www.shqiperia.com\/blog\/wp-json\/wp\/v2\/types\/post"}],"author":[{"embeddable":true,"href":"https:\/\/www.shqiperia.com\/blog\/wp-json\/wp\/v2\/users\/9"}],"replies":[{"embeddable":true,"href":"https:\/\/www.shqiperia.com\/blog\/wp-json\/wp\/v2\/comments?post=18350"}],"version-history":[{"count":1,"href":"https:\/\/www.shqiperia.com\/blog\/wp-json\/wp\/v2\/posts\/18350\/revisions"}],"predecessor-version":[{"id":18353,"href":"https:\/\/www.shqiperia.com\/blog\/wp-json\/wp\/v2\/posts\/18350\/revisions\/18353"}],"wp:featuredmedia":[{"embeddable":true,"href":"https:\/\/www.shqiperia.com\/blog\/wp-json\/wp\/v2\/media\/18351"}],"wp:attachment":[{"href":"https:\/\/www.shqiperia.com\/blog\/wp-json\/wp\/v2\/media?parent=18350"}],"wp:term":[{"taxonomy":"category","embeddable":true,"href":"https:\/\/www.shqiperia.com\/blog\/wp-json\/wp\/v2\/categories?post=18350"},{"taxonomy":"post_tag","embeddable":true,"href":"https:\/\/www.shqiperia.com\/blog\/wp-json\/wp\/v2\/tags?post=18350"}],"curies":[{"name":"wp","href":"https:\/\/api.w.org\/{rel}","templated":true}]}}