{"id":18347,"date":"2019-03-15T13:04:17","date_gmt":"2019-03-15T13:04:17","guid":{"rendered":"http:\/\/www.shqiperia.com\/blog\/?p=18347"},"modified":"2019-03-15T16:35:41","modified_gmt":"2019-03-15T16:35:41","slug":"delegacioni-i-be-me-se-fundi-foli-soreka-nder-te-tjera-deklaroi-platforme-kombetare-per-dialog","status":"publish","type":"post","link":"https:\/\/www.shqiperia.com\/blog\/delegacioni-i-be-me-se-fundi-foli-soreka-nder-te-tjera-deklaroi-platforme-kombetare-per-dialog\/","title":{"rendered":"Delegacioni i BE\u00a0 me se fundi foli, Soreka nder te tjera Deklaroi: &#8220;&#8230; platform\u00eb komb\u00ebtare p\u00ebr dialog&#8230;&#8221;"},"content":{"rendered":"<h1><img data-recalc-dims=\"1\" loading=\"lazy\" decoding=\"async\" data-attachment-id=\"18348\" data-permalink=\"https:\/\/www.shqiperia.com\/blog\/delegacioni-i-be-me-se-fundi-foli-soreka-nder-te-tjera-deklaroi-platforme-kombetare-per-dialog\/luigi_soreca\/\" data-orig-file=\"https:\/\/i0.wp.com\/www.shqiperia.com\/blog\/wp-content\/uploads\/2019\/03\/Luigi_Soreca.jpg?fit=1203%2C598&amp;ssl=1\" data-orig-size=\"1203,598\" data-comments-opened=\"1\" data-image-meta=\"{&quot;aperture&quot;:&quot;0&quot;,&quot;credit&quot;:&quot;&quot;,&quot;camera&quot;:&quot;&quot;,&quot;caption&quot;:&quot;&quot;,&quot;created_timestamp&quot;:&quot;0&quot;,&quot;copyright&quot;:&quot;&quot;,&quot;focal_length&quot;:&quot;0&quot;,&quot;iso&quot;:&quot;0&quot;,&quot;shutter_speed&quot;:&quot;0&quot;,&quot;title&quot;:&quot;&quot;,&quot;orientation&quot;:&quot;0&quot;}\" data-image-title=\"Luigi_Soreca\" data-image-description=\"\" data-image-caption=\"\" data-medium-file=\"https:\/\/i0.wp.com\/www.shqiperia.com\/blog\/wp-content\/uploads\/2019\/03\/Luigi_Soreca.jpg?fit=300%2C149&amp;ssl=1\" data-large-file=\"https:\/\/i0.wp.com\/www.shqiperia.com\/blog\/wp-content\/uploads\/2019\/03\/Luigi_Soreca.jpg?fit=1024%2C509&amp;ssl=1\" class=\"alignnone wp-image-18348\" alt=\"\" src=\"https:\/\/i0.wp.com\/www.shqiperia.com\/blog\/wp-content\/uploads\/2019\/03\/Luigi_Soreca-300x149.jpg?resize=374%2C186\" width=\"374\" height=\"186\" srcset=\"https:\/\/i0.wp.com\/www.shqiperia.com\/blog\/wp-content\/uploads\/2019\/03\/Luigi_Soreca.jpg?resize=300%2C149&amp;ssl=1 300w, https:\/\/i0.wp.com\/www.shqiperia.com\/blog\/wp-content\/uploads\/2019\/03\/Luigi_Soreca.jpg?resize=768%2C382&amp;ssl=1 768w, https:\/\/i0.wp.com\/www.shqiperia.com\/blog\/wp-content\/uploads\/2019\/03\/Luigi_Soreca.jpg?resize=1024%2C509&amp;ssl=1 1024w, https:\/\/i0.wp.com\/www.shqiperia.com\/blog\/wp-content\/uploads\/2019\/03\/Luigi_Soreca.jpg?resize=450%2C224&amp;ssl=1 450w, https:\/\/i0.wp.com\/www.shqiperia.com\/blog\/wp-content\/uploads\/2019\/03\/Luigi_Soreca.jpg?resize=600%2C298&amp;ssl=1 600w, https:\/\/i0.wp.com\/www.shqiperia.com\/blog\/wp-content\/uploads\/2019\/03\/Luigi_Soreca.jpg?resize=400%2C199&amp;ssl=1 400w, https:\/\/i0.wp.com\/www.shqiperia.com\/blog\/wp-content\/uploads\/2019\/03\/Luigi_Soreca.jpg?w=1203&amp;ssl=1 1203w\" sizes=\"auto, (max-width: 374px) 100vw, 374px\" \/><\/h1>\n<p class=\"entry-title\">Delegacioni i BE\u00a0 me se fundi foli, Soreka nder te tjera Deklaroi:<\/p>\n<p style=\"line-height: 18.0pt; background: white; margin: 0in 0in .25in 0in;\"><span style=\"font-size: 10.5pt; font-family: 'Verdana','sans-serif'; color: #444444;\">\u00a0&#8211;\u00a0 \u201c&#8230; .Tani \u00ebsht\u00eb shum\u00eb urgjente q\u00eb t\u00eb kap\u00ebrcehet situata politike aktuale duke krijuar nj\u00eb platform\u00eb komb\u00ebtare p\u00ebr dialog nd\u00ebrmjet t\u00eb gjitha pal\u00ebve t\u00eb interesuara, edhe duke pasur parasysh zgjedhjet e ardhshme lokale t\u00eb qershorit. Shqip\u00ebria ka nevoj\u00eb p\u00ebr nj\u00eb dialog nd\u00ebrpartiak p\u00ebr reformat m\u00eb urgjente, duke p\u00ebrfshir\u00eb reformimin e kuadrit ligjor zgjedhor n\u00eb p\u00ebrputhje me rekomandimet e OSBE \/ ODIHR-it &#8230;\u201d.<\/span><\/p>\n<p><img data-recalc-dims=\"1\" loading=\"lazy\" decoding=\"async\" data-attachment-id=\"18348\" data-permalink=\"https:\/\/www.shqiperia.com\/blog\/delegacioni-i-be-me-se-fundi-foli-soreka-nder-te-tjera-deklaroi-platforme-kombetare-per-dialog\/luigi_soreca\/\" data-orig-file=\"https:\/\/i0.wp.com\/www.shqiperia.com\/blog\/wp-content\/uploads\/2019\/03\/Luigi_Soreca.jpg?fit=1203%2C598&amp;ssl=1\" data-orig-size=\"1203,598\" data-comments-opened=\"1\" data-image-meta=\"{&quot;aperture&quot;:&quot;0&quot;,&quot;credit&quot;:&quot;&quot;,&quot;camera&quot;:&quot;&quot;,&quot;caption&quot;:&quot;&quot;,&quot;created_timestamp&quot;:&quot;0&quot;,&quot;copyright&quot;:&quot;&quot;,&quot;focal_length&quot;:&quot;0&quot;,&quot;iso&quot;:&quot;0&quot;,&quot;shutter_speed&quot;:&quot;0&quot;,&quot;title&quot;:&quot;&quot;,&quot;orientation&quot;:&quot;0&quot;}\" data-image-title=\"Luigi_Soreca\" data-image-description=\"\" data-image-caption=\"\" data-medium-file=\"https:\/\/i0.wp.com\/www.shqiperia.com\/blog\/wp-content\/uploads\/2019\/03\/Luigi_Soreca.jpg?fit=300%2C149&amp;ssl=1\" data-large-file=\"https:\/\/i0.wp.com\/www.shqiperia.com\/blog\/wp-content\/uploads\/2019\/03\/Luigi_Soreca.jpg?fit=1024%2C509&amp;ssl=1\" class=\"alignnone wp-image-18348\" alt=\"\" src=\"https:\/\/i0.wp.com\/www.shqiperia.com\/blog\/wp-content\/uploads\/2019\/03\/Luigi_Soreca-300x149.jpg?resize=807%2C401\" width=\"807\" height=\"401\" srcset=\"https:\/\/i0.wp.com\/www.shqiperia.com\/blog\/wp-content\/uploads\/2019\/03\/Luigi_Soreca.jpg?resize=300%2C149&amp;ssl=1 300w, https:\/\/i0.wp.com\/www.shqiperia.com\/blog\/wp-content\/uploads\/2019\/03\/Luigi_Soreca.jpg?resize=768%2C382&amp;ssl=1 768w, https:\/\/i0.wp.com\/www.shqiperia.com\/blog\/wp-content\/uploads\/2019\/03\/Luigi_Soreca.jpg?resize=1024%2C509&amp;ssl=1 1024w, https:\/\/i0.wp.com\/www.shqiperia.com\/blog\/wp-content\/uploads\/2019\/03\/Luigi_Soreca.jpg?resize=450%2C224&amp;ssl=1 450w, https:\/\/i0.wp.com\/www.shqiperia.com\/blog\/wp-content\/uploads\/2019\/03\/Luigi_Soreca.jpg?resize=600%2C298&amp;ssl=1 600w, https:\/\/i0.wp.com\/www.shqiperia.com\/blog\/wp-content\/uploads\/2019\/03\/Luigi_Soreca.jpg?resize=400%2C199&amp;ssl=1 400w, https:\/\/i0.wp.com\/www.shqiperia.com\/blog\/wp-content\/uploads\/2019\/03\/Luigi_Soreca.jpg?w=1203&amp;ssl=1 1203w\" sizes=\"auto, (max-width: 807px) 100vw, 807px\" \/><\/p>\n<p style=\"line-height: 18.0pt; background: white; margin: 0in 0in .25in 0in;\"><span style=\"font-size: 10.5pt; font-family: 'Verdana','sans-serif'; color: #444444;\"> 15.03.2019.<\/span><\/p>\n<p style=\"line-height: 18.0pt; background: white; margin: 0in 0in .25in 0in;\"><span style=\"font-size: 10.5pt; font-family: 'Verdana','sans-serif'; color: #444444;\">\u00a0<\/span><\/p>\n","protected":false},"excerpt":{"rendered":"<p>Delegacioni i BE\u00a0 me se fundi foli, Soreka nder te tjera Deklaroi: \u00a0&#8211;\u00a0 \u201c&#8230; .Tani \u00ebsht\u00eb shum\u00eb urgjente q\u00eb t\u00eb kap\u00ebrcehet situata politike aktuale duke krijuar nj\u00eb platform\u00eb komb\u00ebtare p\u00ebr dialog nd\u00ebrmjet t\u00eb gjitha pal\u00ebve t\u00eb interesuara, edhe duke pasur parasysh zgjedhjet e ardhshme lokale t\u00eb qershorit. Shqip\u00ebria ka nevoj\u00eb p\u00ebr nj\u00eb dialog nd\u00ebrpartiak p\u00ebr [&hellip;]<\/p>\n","protected":false},"author":9,"featured_media":18348,"comment_status":"open","ping_status":"open","sticky":false,"template":"","format":"standard","meta":{"jetpack_post_was_ever_published":false,"_jetpack_newsletter_access":"","_jetpack_dont_email_post_to_subs":false,"_jetpack_newsletter_tier_id":0,"_jetpack_memberships_contains_paywalled_content":false,"_jetpack_memberships_contains_paid_content":false,"footnotes":"","jetpack_publicize_message":"","jetpack_publicize_feature_enabled":true,"jetpack_social_post_already_shared":true,"jetpack_social_options":{"image_generator_settings":{"template":"highway","default_image_id":0,"font":"","enabled":false},"version":2}},"categories":[27,1,2],"tags":[],"class_list":["post-18347","post","type-post","status-publish","format-standard","has-post-thumbnail","hentry","category-blogu-i-udhetarit","category-njoftime-shtypi","category-politika"],"jetpack_publicize_connections":[],"jetpack_featured_media_url":"https:\/\/i0.wp.com\/www.shqiperia.com\/blog\/wp-content\/uploads\/2019\/03\/Luigi_Soreca.jpg?fit=1203%2C598&ssl=1","jetpack_sharing_enabled":true,"jetpack_shortlink":"https:\/\/wp.me\/p5Z6wp-4LV","jetpack-related-posts":[{"id":96357,"url":"https:\/\/www.shqiperia.com\/blog\/pas-projekteve-te-qeverise-ka-ruse-dhe-kineze-fundi-i-rames-per-cenim-te-sigurise-kombetare-llabani-amerikanet-mund-te-therrasin-deputetet-per-ti-hequr-pushtetin\/","url_meta":{"origin":18347,"position":0},"title":"\u201cPas projekteve t\u00eb qeveris\u00eb ka rus\u00eb dhe kinez\u00eb! Fundi i Ram\u00ebs, p\u00ebr cenim t\u00eb siguris\u00eb komb\u00ebtare\u201d, Llabani: Amerikan\u00ebt mund t\u00eb th\u00ebrrasin deputet\u00ebt p\u00ebr t\u2019i hequr pushtetin","author":"Kurt Farka","date":"January 7, 2026","format":false,"excerpt":"7 Janar 2026 Moderatorja e emisionit \u201cOponenc\u00eb\u201d n\u00eb\u00a0News24, Anduena Llabani, ka b\u00ebr\u00eb deklarata t\u00eb forta gjat\u00eb emisionit, duke kritikuar ashp\u00ebr m\u00ebnyr\u00ebn se si, sipas saj, drejtohet vendi dhe rreziqet q\u00eb i kanosen pushtetit aktual Llabani u shpreh se n\u00eb Shqip\u00ebri nuk zhvillohet politik\u00eb e v\u00ebrtet\u00eb, duke pretenduar se vendi nuk\u2026","rel":"","context":"In &quot;Blogu i Udh\u00ebtarit&quot;","block_context":{"text":"Blogu i Udh\u00ebtarit","link":"https:\/\/www.shqiperia.com\/blog\/category\/blogu-i-udhetarit\/"},"img":{"alt_text":"","src":"https:\/\/i0.wp.com\/www.shqiperia.com\/blog\/wp-content\/uploads\/2026\/01\/Edi-Rama-2.jpg?fit=1200%2C800&ssl=1&resize=350%2C200","width":350,"height":200,"srcset":"https:\/\/i0.wp.com\/www.shqiperia.com\/blog\/wp-content\/uploads\/2026\/01\/Edi-Rama-2.jpg?fit=1200%2C800&ssl=1&resize=350%2C200 1x, https:\/\/i0.wp.com\/www.shqiperia.com\/blog\/wp-content\/uploads\/2026\/01\/Edi-Rama-2.jpg?fit=1200%2C800&ssl=1&resize=525%2C300 1.5x, https:\/\/i0.wp.com\/www.shqiperia.com\/blog\/wp-content\/uploads\/2026\/01\/Edi-Rama-2.jpg?fit=1200%2C800&ssl=1&resize=700%2C400 2x, https:\/\/i0.wp.com\/www.shqiperia.com\/blog\/wp-content\/uploads\/2026\/01\/Edi-Rama-2.jpg?fit=1200%2C800&ssl=1&resize=1050%2C600 3x"},"classes":[]},{"id":14956,"url":"https:\/\/www.shqiperia.com\/blog\/protesta-e-studenteve-delegacioni-i-be-eshte-koha-per-dialog-qe-te-sigurohet\/","url_meta":{"origin":18347,"position":1},"title":"Protesta e student\u00ebve, delegacioni i BE: \u00cbsht\u00eb koha p\u00ebr dialog q\u00eb t\u00eb sigurohet\u2026-","author":"Kurt Farka","date":"December 18, 2018","format":false,"excerpt":"Protesta e student\u00ebve, delegacioni i BE: \u00cbsht\u00eb koha p\u00ebr dialog q\u00eb t\u00eb sigurohet\u2026- 18 dhjetor 2018. \u00a0 Protest\u00ebn prej 2 jav\u00ebsh t\u00eb student\u00ebve, e ka p\u00ebrsh\u00ebndetur edhe delegacioni i BE n\u00eb Shqip\u00ebri, nd\u00ebrsa kan\u00eb b\u00ebr\u00eb thirrje q\u00eb tashm\u00eb t\u00eb k\u00ebt\u00eb nj\u00eb dialog\u00a0p\u00ebr t\u00eb gjetur zgjidhjen e t\u00eb gjitha k\u00ebtyre k\u00ebrkesave.\u2026","rel":"","context":"In &quot;Blogu i Udh\u00ebtarit&quot;","block_context":{"text":"Blogu i Udh\u00ebtarit","link":"https:\/\/www.shqiperia.com\/blog\/category\/blogu-i-udhetarit\/"},"img":{"alt_text":"","src":"https:\/\/i0.wp.com\/www.shqiperia.com\/blog\/wp-content\/uploads\/2018\/12\/Harta-dhe-flamuri-i-BE-se-650x358.jpg?fit=650%2C358&ssl=1&resize=350%2C200","width":350,"height":200,"srcset":"https:\/\/i0.wp.com\/www.shqiperia.com\/blog\/wp-content\/uploads\/2018\/12\/Harta-dhe-flamuri-i-BE-se-650x358.jpg?fit=650%2C358&ssl=1&resize=350%2C200 1x, https:\/\/i0.wp.com\/www.shqiperia.com\/blog\/wp-content\/uploads\/2018\/12\/Harta-dhe-flamuri-i-BE-se-650x358.jpg?fit=650%2C358&ssl=1&resize=525%2C300 1.5x"},"classes":[]},{"id":40353,"url":"https:\/\/www.shqiperia.com\/blog\/800-thesare-te-rralla-inkunabula-apo-dhe-doreshkrime-qe-ruhen-ne-biblioteken-kombetare-jane-ekspozuar-ne-qendren-per-hapje-edhe-dialog\/","url_meta":{"origin":18347,"position":2},"title":"800 thesare t\u00eb rralla, inkunabula apo dhe dor\u00ebshkrime, q\u00eb ruhen n\u00eb Bibliotek\u00ebn Komb\u00ebtare jan\u00eb ekspozuar n\u00eb qendr\u00ebn p\u00ebr Hapje edhe Dialog","author":"Kurt Farka","date":"November 1, 2020","format":false,"excerpt":"800 thesare t\u00eb rralla, inkunabula apo dhe dor\u00ebshkrime, q\u00eb ruhen n\u00eb Bibliotek\u00ebn Komb\u00ebtare jan\u00eb ekspozuar n\u00eb qendr\u00ebn p\u00ebr Hapje edhe Dialog Valeria Dedaj 23 Tetor 2020 TIRAN\u00cb- P\u00ebr her\u00eb t\u00eb par\u00eb 800 thesare t\u00eb rralla, inkunabula apo dhe dor\u00ebshkrime, q\u00eb ruhen n\u00eb Bibliotek\u00ebn Komb\u00ebtare jan\u00eb ekspozuar n\u00eb qendr\u00ebn p\u00ebr Hapje\u2026","rel":"","context":"In &quot;Arte&quot;","block_context":{"text":"Arte","link":"https:\/\/www.shqiperia.com\/blog\/category\/arte\/"},"img":{"alt_text":"","src":"https:\/\/i0.wp.com\/www.shqiperia.com\/blog\/wp-content\/uploads\/2020\/11\/1603396790_foto5.jpg?fit=1024%2C498&ssl=1&resize=350%2C200","width":350,"height":200,"srcset":"https:\/\/i0.wp.com\/www.shqiperia.com\/blog\/wp-content\/uploads\/2020\/11\/1603396790_foto5.jpg?fit=1024%2C498&ssl=1&resize=350%2C200 1x, https:\/\/i0.wp.com\/www.shqiperia.com\/blog\/wp-content\/uploads\/2020\/11\/1603396790_foto5.jpg?fit=1024%2C498&ssl=1&resize=525%2C300 1.5x, https:\/\/i0.wp.com\/www.shqiperia.com\/blog\/wp-content\/uploads\/2020\/11\/1603396790_foto5.jpg?fit=1024%2C498&ssl=1&resize=700%2C400 2x"},"classes":[]},{"id":72788,"url":"https:\/\/www.shqiperia.com\/blog\/komisioni-europian-pezullon-fondet-per-bujqesine-ja-levizja-urgjente-e-rames\/","url_meta":{"origin":18347,"position":3},"title":"Komisioni Europian pezullon fondet p\u00ebr bujq\u00ebsin\u00eb, ja l\u00ebvizja urgjente e Ram\u00ebs","author":"Kurt Farka","date":"July 19, 2023","format":false,"excerpt":"19 Korrik 2023 Vendimi i BE p\u00ebr t\u00eb nd\u00ebrprer\u00eb fondet e bujq\u00ebsis\u00eb p\u00ebr Shqip\u00ebrin\u00eb vjen pas nj\u00eb hetimi t\u00eb OLAF, Zyra Antikorrupsion e Bashkimit Europian. Kryeministri Rama ka k\u00ebrkuar menj\u00ebher\u00eb mbledhje urgjente pas skandalit per korrupsion, ku Komisioni Europian pezullon fondet p\u00ebr bujq\u00ebsin\u00eb. -Skandal pas skandali p\u00ebr qeverin\u00eb e kryeministrit\u2026","rel":"","context":"In &quot;Blogu i Udh\u00ebtarit&quot;","block_context":{"text":"Blogu i Udh\u00ebtarit","link":"https:\/\/www.shqiperia.com\/blog\/category\/blogu-i-udhetarit\/"},"img":{"alt_text":"","src":"https:\/\/i0.wp.com\/www.shqiperia.com\/blog\/wp-content\/uploads\/2023\/07\/Screen-Shot-2021-11-07-at-7.58.11-AM.png?fit=660%2C368&ssl=1&resize=350%2C200","width":350,"height":200,"srcset":"https:\/\/i0.wp.com\/www.shqiperia.com\/blog\/wp-content\/uploads\/2023\/07\/Screen-Shot-2021-11-07-at-7.58.11-AM.png?fit=660%2C368&ssl=1&resize=350%2C200 1x, https:\/\/i0.wp.com\/www.shqiperia.com\/blog\/wp-content\/uploads\/2023\/07\/Screen-Shot-2021-11-07-at-7.58.11-AM.png?fit=660%2C368&ssl=1&resize=525%2C300 1.5x"},"classes":[]},{"id":80309,"url":"https:\/\/www.shqiperia.com\/blog\/do-te-kete-pasoja-serioze-be-ultimatum-serbise-dhe-kosoves-zbatoni-te-gjitha-marreveshjet-e-arritura-qe-ne-2011\/","url_meta":{"origin":18347,"position":4},"title":"&#8220;Do t\u00eb ket\u00eb pasoja serioze&#8230;&#8221;, BE ultimatum Serbis\u00eb dhe Kosov\u00ebs: &#8211; Zbatoni t\u00eb gjitha marr\u00ebveshjet e arritura q\u00eb n\u00eb 2011","author":"Kurt Farka","date":"April 19, 2024","format":false,"excerpt":"19 Prill 2024 Bashkimi Evropian u ka b\u00ebr\u00eb thirrje sot Kosov\u00ebs dhe Serbis\u00eb t\u2019i zbatojn\u00eb t\u00eb gjitha marr\u00ebveshjet e arritur n\u00eb dialogun q\u00eb blloku e nd\u00ebrmjet\u00ebson mes tyre prej vitit 2011. Nd\u00ebr t\u00eb tjera, BE ka th\u00ebn\u00eb se themelimi i Asociacionit \u00ebsht\u00eb nd\u00ebr \u00e7\u00ebshtjet m\u00eb urgjente. N\u00eb 11 vjetorin e\u2026","rel":"","context":"In &quot;Blogu i Udh\u00ebtarit&quot;","block_context":{"text":"Blogu i Udh\u00ebtarit","link":"https:\/\/www.shqiperia.com\/blog\/category\/blogu-i-udhetarit\/"},"img":{"alt_text":"","src":"https:\/\/i0.wp.com\/www.shqiperia.com\/blog\/wp-content\/uploads\/2024\/04\/800-0-662283750a70b.jpg?fit=800%2C450&ssl=1&resize=350%2C200","width":350,"height":200,"srcset":"https:\/\/i0.wp.com\/www.shqiperia.com\/blog\/wp-content\/uploads\/2024\/04\/800-0-662283750a70b.jpg?fit=800%2C450&ssl=1&resize=350%2C200 1x, https:\/\/i0.wp.com\/www.shqiperia.com\/blog\/wp-content\/uploads\/2024\/04\/800-0-662283750a70b.jpg?fit=800%2C450&ssl=1&resize=525%2C300 1.5x, https:\/\/i0.wp.com\/www.shqiperia.com\/blog\/wp-content\/uploads\/2024\/04\/800-0-662283750a70b.jpg?fit=800%2C450&ssl=1&resize=700%2C400 2x"},"classes":[]},{"id":45340,"url":"https:\/\/www.shqiperia.com\/blog\/gazment-bardhi-ben-deklaraten-e-forte-pas-25-prillit-edi-rama-shkon-ne-burg\/","url_meta":{"origin":18347,"position":5},"title":"Gazment Bardhi b\u00ebn deklarat\u00ebn e fort\u00eb: &#8211; Pas 25 prillit, Edi Rama shkon n\u00eb burg!","author":"Kurt Farka","date":"March 15, 2021","format":false,"excerpt":"Gazment Bardhi b\u00ebn deklarat\u00ebn e fort\u00eb: - Pas 25 prillit, Edi Rama shkon n\u00eb burg! 15 Mars, 2021 Sekretari i P\u00ebrgjithsh\u00ebm i Partis\u00eb Demokratike, Gazment Bardhi, ka qen\u00eb i ftuar n\u00eb emisionin \u201cT\u00eb Paekspozuarit\u201d nga Ylli Rakipi n\u00eb MCN TV. Bardhi foli p\u00ebr p\u00ebrfshirjen e element\u00ebve kriminal\u00eb n\u00eb fushat\u00eb, duke\u2026","rel":"","context":"In &quot;Blogu i Udh\u00ebtarit&quot;","block_context":{"text":"Blogu i Udh\u00ebtarit","link":"https:\/\/www.shqiperia.com\/blog\/category\/blogu-i-udhetarit\/"},"img":{"alt_text":"","src":"https:\/\/i0.wp.com\/www.shqiperia.com\/blog\/wp-content\/uploads\/2021\/03\/Gazmend-Bardhi.jpg?fit=956%2C549&ssl=1&resize=350%2C200","width":350,"height":200,"srcset":"https:\/\/i0.wp.com\/www.shqiperia.com\/blog\/wp-content\/uploads\/2021\/03\/Gazmend-Bardhi.jpg?fit=956%2C549&ssl=1&resize=350%2C200 1x, https:\/\/i0.wp.com\/www.shqiperia.com\/blog\/wp-content\/uploads\/2021\/03\/Gazmend-Bardhi.jpg?fit=956%2C549&ssl=1&resize=525%2C300 1.5x, https:\/\/i0.wp.com\/www.shqiperia.com\/blog\/wp-content\/uploads\/2021\/03\/Gazmend-Bardhi.jpg?fit=956%2C549&ssl=1&resize=700%2C400 2x"},"classes":[]}],"_links":{"self":[{"href":"https:\/\/www.shqiperia.com\/blog\/wp-json\/wp\/v2\/posts\/18347","targetHints":{"allow":["GET"]}}],"collection":[{"href":"https:\/\/www.shqiperia.com\/blog\/wp-json\/wp\/v2\/posts"}],"about":[{"href":"https:\/\/www.shqiperia.com\/blog\/wp-json\/wp\/v2\/types\/post"}],"author":[{"embeddable":true,"href":"https:\/\/www.shqiperia.com\/blog\/wp-json\/wp\/v2\/users\/9"}],"replies":[{"embeddable":true,"href":"https:\/\/www.shqiperia.com\/blog\/wp-json\/wp\/v2\/comments?post=18347"}],"version-history":[{"count":3,"href":"https:\/\/www.shqiperia.com\/blog\/wp-json\/wp\/v2\/posts\/18347\/revisions"}],"predecessor-version":[{"id":18369,"href":"https:\/\/www.shqiperia.com\/blog\/wp-json\/wp\/v2\/posts\/18347\/revisions\/18369"}],"wp:featuredmedia":[{"embeddable":true,"href":"https:\/\/www.shqiperia.com\/blog\/wp-json\/wp\/v2\/media\/18348"}],"wp:attachment":[{"href":"https:\/\/www.shqiperia.com\/blog\/wp-json\/wp\/v2\/media?parent=18347"}],"wp:term":[{"taxonomy":"category","embeddable":true,"href":"https:\/\/www.shqiperia.com\/blog\/wp-json\/wp\/v2\/categories?post=18347"},{"taxonomy":"post_tag","embeddable":true,"href":"https:\/\/www.shqiperia.com\/blog\/wp-json\/wp\/v2\/tags?post=18347"}],"curies":[{"name":"wp","href":"https:\/\/api.w.org\/{rel}","templated":true}]}}