{"id":18341,"date":"2019-03-15T11:59:49","date_gmt":"2019-03-15T11:59:49","guid":{"rendered":"http:\/\/www.shqiperia.com\/blog\/?p=18341"},"modified":"2019-03-15T15:33:27","modified_gmt":"2019-03-15T15:33:27","slug":"kreshniku-kolazh-ne-leter-autor-jaho-brahaj","status":"publish","type":"post","link":"https:\/\/www.shqiperia.com\/blog\/kreshniku-kolazh-ne-leter-autor-jaho-brahaj\/","title":{"rendered":"&#8220;Kreshniku&#8221;, Kolazh ne leter. Autor Jaho Brahaj"},"content":{"rendered":"<p><img data-recalc-dims=\"1\" loading=\"lazy\" decoding=\"async\" data-attachment-id=\"18343\" data-permalink=\"https:\/\/www.shqiperia.com\/blog\/kreshniku-kolazh-ne-leter-autor-jaho-brahaj\/41717084_10156806040597664_8437606494446288896_n-2\/\" data-orig-file=\"https:\/\/i0.wp.com\/www.shqiperia.com\/blog\/wp-content\/uploads\/2019\/03\/41717084_10156806040597664_8437606494446288896_n-1.jpg?fit=690%2C447&amp;ssl=1\" data-orig-size=\"690,447\" data-comments-opened=\"1\" data-image-meta=\"{&quot;aperture&quot;:&quot;0&quot;,&quot;credit&quot;:&quot;&quot;,&quot;camera&quot;:&quot;&quot;,&quot;caption&quot;:&quot;&quot;,&quot;created_timestamp&quot;:&quot;0&quot;,&quot;copyright&quot;:&quot;&quot;,&quot;focal_length&quot;:&quot;0&quot;,&quot;iso&quot;:&quot;0&quot;,&quot;shutter_speed&quot;:&quot;0&quot;,&quot;title&quot;:&quot;&quot;,&quot;orientation&quot;:&quot;0&quot;}\" data-image-title=\"41717084_10156806040597664_8437606494446288896_n\" data-image-description=\"\" data-image-caption=\"\" data-medium-file=\"https:\/\/i0.wp.com\/www.shqiperia.com\/blog\/wp-content\/uploads\/2019\/03\/41717084_10156806040597664_8437606494446288896_n-1.jpg?fit=300%2C194&amp;ssl=1\" data-large-file=\"https:\/\/i0.wp.com\/www.shqiperia.com\/blog\/wp-content\/uploads\/2019\/03\/41717084_10156806040597664_8437606494446288896_n-1.jpg?fit=690%2C447&amp;ssl=1\" class=\"alignnone wp-image-18343\" alt=\"\" src=\"https:\/\/i0.wp.com\/www.shqiperia.com\/blog\/wp-content\/uploads\/2019\/03\/41717084_10156806040597664_8437606494446288896_n-1-300x194.jpg?resize=558%2C361\" width=\"558\" height=\"361\" srcset=\"https:\/\/i0.wp.com\/www.shqiperia.com\/blog\/wp-content\/uploads\/2019\/03\/41717084_10156806040597664_8437606494446288896_n-1.jpg?resize=300%2C194&amp;ssl=1 300w, https:\/\/i0.wp.com\/www.shqiperia.com\/blog\/wp-content\/uploads\/2019\/03\/41717084_10156806040597664_8437606494446288896_n-1.jpg?resize=450%2C292&amp;ssl=1 450w, https:\/\/i0.wp.com\/www.shqiperia.com\/blog\/wp-content\/uploads\/2019\/03\/41717084_10156806040597664_8437606494446288896_n-1.jpg?resize=600%2C389&amp;ssl=1 600w, https:\/\/i0.wp.com\/www.shqiperia.com\/blog\/wp-content\/uploads\/2019\/03\/41717084_10156806040597664_8437606494446288896_n-1.jpg?resize=400%2C259&amp;ssl=1 400w, https:\/\/i0.wp.com\/www.shqiperia.com\/blog\/wp-content\/uploads\/2019\/03\/41717084_10156806040597664_8437606494446288896_n-1.jpg?w=690&amp;ssl=1 690w\" sizes=\"auto, (max-width: 558px) 100vw, 558px\" \/><\/p>\n<p>Kolazh ne leter. Aplikacion ne nje foto-fytyre lahute shqiptare.<\/p>\n<p>&#8220;Kreshniku&#8221;, Kolazh ne leter. Autor Jaho Brahaj. 2016.<\/p>\n<div id=\"attachment_18342\" style=\"width: 695px\" class=\"wp-caption alignnone\"><img data-recalc-dims=\"1\" loading=\"lazy\" decoding=\"async\" aria-describedby=\"caption-attachment-18342\" data-attachment-id=\"18342\" data-permalink=\"https:\/\/www.shqiperia.com\/blog\/kreshniku-kolazh-ne-leter-autor-jaho-brahaj\/41717084_10156806040597664_8437606494446288896_n\/\" data-orig-file=\"https:\/\/i0.wp.com\/www.shqiperia.com\/blog\/wp-content\/uploads\/2019\/03\/41717084_10156806040597664_8437606494446288896_n.jpg?fit=690%2C960&amp;ssl=1\" data-orig-size=\"690,960\" data-comments-opened=\"1\" data-image-meta=\"{&quot;aperture&quot;:&quot;0&quot;,&quot;credit&quot;:&quot;&quot;,&quot;camera&quot;:&quot;&quot;,&quot;caption&quot;:&quot;&quot;,&quot;created_timestamp&quot;:&quot;0&quot;,&quot;copyright&quot;:&quot;&quot;,&quot;focal_length&quot;:&quot;0&quot;,&quot;iso&quot;:&quot;0&quot;,&quot;shutter_speed&quot;:&quot;0&quot;,&quot;title&quot;:&quot;&quot;,&quot;orientation&quot;:&quot;0&quot;}\" data-image-title=\"Kolazh Kreshniku. Autor Jaho Brahaj.\" data-image-description=\"\" data-image-caption=\"&lt;p&gt;Kolazh Kreshniku. Autor Jaho Brahaj.&lt;\/p&gt;\n\" data-medium-file=\"https:\/\/i0.wp.com\/www.shqiperia.com\/blog\/wp-content\/uploads\/2019\/03\/41717084_10156806040597664_8437606494446288896_n.jpg?fit=216%2C300&amp;ssl=1\" data-large-file=\"https:\/\/i0.wp.com\/www.shqiperia.com\/blog\/wp-content\/uploads\/2019\/03\/41717084_10156806040597664_8437606494446288896_n.jpg?fit=690%2C960&amp;ssl=1\" class=\" wp-image-18342\" alt=\"\" src=\"https:\/\/i0.wp.com\/www.shqiperia.com\/blog\/wp-content\/uploads\/2019\/03\/41717084_10156806040597664_8437606494446288896_n-216x300.jpg?resize=685%2C951\" width=\"685\" height=\"951\" srcset=\"https:\/\/i0.wp.com\/www.shqiperia.com\/blog\/wp-content\/uploads\/2019\/03\/41717084_10156806040597664_8437606494446288896_n.jpg?resize=216%2C300&amp;ssl=1 216w, https:\/\/i0.wp.com\/www.shqiperia.com\/blog\/wp-content\/uploads\/2019\/03\/41717084_10156806040597664_8437606494446288896_n.jpg?resize=450%2C626&amp;ssl=1 450w\" sizes=\"auto, (max-width: 685px) 100vw, 685px\" \/><p id=\"caption-attachment-18342\" class=\"wp-caption-text\">Kolazh &#8220;Kreshniku&#8221;. Autor Jaho Brahaj.<\/p><\/div>\n","protected":false},"excerpt":{"rendered":"<p>Kolazh ne leter. Aplikacion ne nje foto-fytyre lahute shqiptare. &#8220;Kreshniku&#8221;, Kolazh ne leter. Autor Jaho Brahaj. 2016.<\/p>\n","protected":false},"author":9,"featured_media":18342,"comment_status":"open","ping_status":"open","sticky":false,"template":"","format":"standard","meta":{"jetpack_post_was_ever_published":false,"_jetpack_newsletter_access":"","_jetpack_dont_email_post_to_subs":false,"_jetpack_newsletter_tier_id":0,"_jetpack_memberships_contains_paywalled_content":false,"_jetpack_memberships_contains_paid_content":false,"footnotes":"","jetpack_publicize_message":"","jetpack_publicize_feature_enabled":true,"jetpack_social_post_already_shared":true,"jetpack_social_options":{"image_generator_settings":{"template":"highway","default_image_id":0,"font":"","enabled":false},"version":2}},"categories":[87,10,35],"tags":[],"class_list":["post-18341","post","type-post","status-publish","format-standard","has-post-thumbnail","hentry","category-arte","category-kultura","category-shoqerore"],"jetpack_publicize_connections":[],"jetpack_featured_media_url":"https:\/\/i0.wp.com\/www.shqiperia.com\/blog\/wp-content\/uploads\/2019\/03\/41717084_10156806040597664_8437606494446288896_n.jpg?fit=690%2C960&ssl=1","jetpack_sharing_enabled":true,"jetpack_shortlink":"https:\/\/wp.me\/p5Z6wp-4LP","jetpack-related-posts":[{"id":4175,"url":"https:\/\/www.shqiperia.com\/blog\/jaho-brahaj-piktor-naivist\/","url_meta":{"origin":18341,"position":0},"title":"Jaho Brahaj -Piktor Naivist. &#8211;","author":"Kurt Farka","date":"March 2, 2018","format":false,"excerpt":"Te marresh penelin dhe te hedhesh ide mbi telajo ose karton eshte nje nisme shume e guximshme. Mirepo pervoja e diteve te sotme po tregon, se naivizmi ne atet figurative eshte nje zhaner qe po ngjall interesimin e studuesve te artit. Naivistet nuk kane mjeshteri dhe zoterojne pak tekniken, por\u2026","rel":"","context":"In &quot;Arte&quot;","block_context":{"text":"Arte","link":"https:\/\/www.shqiperia.com\/blog\/category\/arte\/"},"img":{"alt_text":"","src":"https:\/\/i0.wp.com\/www.shqiperia.com\/blog\/wp-content\/uploads\/2018\/03\/10.jpg?fit=507%2C469&ssl=1&resize=350%2C200","width":350,"height":200},"classes":[]},{"id":15742,"url":"https:\/\/www.shqiperia.com\/blog\/nete-dimri-per-kange-kreshnikesh-me-lahute\/","url_meta":{"origin":18341,"position":1},"title":"Nete Dimri per kange kreshnikesh me Lahute. &#8211;","author":"Kurt Farka","date":"January 9, 2019","format":false,"excerpt":"Nete Dimri per kange kreshnikesh me Lahute. \"Lahutari\", kolazh me leter me motive: koken e lahutes dhe motive nga xhubleta shqiptare. Autor Jaho Brahaj, 2017.","rel":"","context":"In &quot;Arte&quot;","block_context":{"text":"Arte","link":"https:\/\/www.shqiperia.com\/blog\/category\/arte\/"},"img":{"alt_text":"","src":"https:\/\/i0.wp.com\/www.shqiperia.com\/blog\/wp-content\/uploads\/2019\/01\/LahutariKolazh.-Autor-Jaho-Brahaj-2016..jpg?fit=720%2C1077&ssl=1&resize=350%2C200","width":350,"height":200,"srcset":"https:\/\/i0.wp.com\/www.shqiperia.com\/blog\/wp-content\/uploads\/2019\/01\/LahutariKolazh.-Autor-Jaho-Brahaj-2016..jpg?fit=720%2C1077&ssl=1&resize=350%2C200 1x, https:\/\/i0.wp.com\/www.shqiperia.com\/blog\/wp-content\/uploads\/2019\/01\/LahutariKolazh.-Autor-Jaho-Brahaj-2016..jpg?fit=720%2C1077&ssl=1&resize=525%2C300 1.5x, https:\/\/i0.wp.com\/www.shqiperia.com\/blog\/wp-content\/uploads\/2019\/01\/LahutariKolazh.-Autor-Jaho-Brahaj-2016..jpg?fit=720%2C1077&ssl=1&resize=700%2C400 2x"},"classes":[]},{"id":33608,"url":"https:\/\/www.shqiperia.com\/blog\/nga-balada-popullore-rriti-nana-dy-jetima-portret-skam-qene-nuse-me-u-martue\/","url_meta":{"origin":18341,"position":2},"title":"Nga balada popullore &#8220;Rriti Nana dy Jetima&#8221;. Portret: &#8220;&#8230;Skam qene nuse me u martue","author":"Kurt Farka","date":"April 21, 2020","format":false,"excerpt":"Nga balada popullore \"Rriti Nana dy Jetima\". Monologu: \"...Skam qene nuse me u martue, kam qene zane per me Zanue....\" Kolazh me leter. Autor; \u00a0Jaho Brahaj.","rel":"","context":"In &quot;Arte&quot;","block_context":{"text":"Arte","link":"https:\/\/www.shqiperia.com\/blog\/category\/arte\/"},"img":{"alt_text":"","src":"https:\/\/i0.wp.com\/www.shqiperia.com\/blog\/wp-content\/uploads\/2020\/04\/Kolazh-me-leter.-Autor-Jaho-Brahaj.jpg?fit=787%2C425&ssl=1&resize=350%2C200","width":350,"height":200,"srcset":"https:\/\/i0.wp.com\/www.shqiperia.com\/blog\/wp-content\/uploads\/2020\/04\/Kolazh-me-leter.-Autor-Jaho-Brahaj.jpg?fit=787%2C425&ssl=1&resize=350%2C200 1x, https:\/\/i0.wp.com\/www.shqiperia.com\/blog\/wp-content\/uploads\/2020\/04\/Kolazh-me-leter.-Autor-Jaho-Brahaj.jpg?fit=787%2C425&ssl=1&resize=525%2C300 1.5x, https:\/\/i0.wp.com\/www.shqiperia.com\/blog\/wp-content\/uploads\/2020\/04\/Kolazh-me-leter.-Autor-Jaho-Brahaj.jpg?fit=787%2C425&ssl=1&resize=700%2C400 2x"},"classes":[]},{"id":34774,"url":"https:\/\/www.shqiperia.com\/blog\/jaho-brahaj-cfare-u-varros-poshte-teatrit-kombetar-leter-te-hapur-ministres-se-kultures-per-mbrojtjen-e-artefakteve\/","url_meta":{"origin":18341,"position":3},"title":"Jaho Brahaj: -\u00c7far\u00eb u \u201cvarros\u201d posht\u00eb Teatrit Komb\u00ebtar, let\u00ebr t\u00eb hapur ministres s\u00eb Kultur\u00ebs p\u00ebr mbrojtjen e artefakteve","author":"Kurt Farka","date":"May 19, 2020","format":false,"excerpt":"Jaho Brahaj: -\u00c7far\u00eb u \u201cvarros\u201d posht\u00eb Teatrit Komb\u00ebtar, let\u00ebr t\u00eb hapur ministres s\u00eb Kultur\u00ebs p\u00ebr mbrojtjen e artefakteve Jaho Brahaj studiues i Trash\u00ebgimis\u00eb Kulturore n\u00eb\u00a0\u201cABC e m\u00ebngjesit\u201d\u00a0ka folur p\u00ebr letr\u00ebn d\u00ebrguar ministres s\u00eb Kultur\u00ebs Elva Margariti pas shembjes se Teatrit Komb\u00ebtar. Ai u shpreh se tashm\u00eb n\u00eb ambientet e teatrit\u2026","rel":"","context":"In &quot;Histori&quot;","block_context":{"text":"Histori","link":"https:\/\/www.shqiperia.com\/blog\/category\/histori\/"},"img":{"alt_text":"","src":"https:\/\/i0.wp.com\/www.shqiperia.com\/blog\/wp-content\/uploads\/2020\/05\/Jaho-Brahaj-me-Enkel-Demin-ne-ABC.jpg?fit=756%2C419&ssl=1&resize=350%2C200","width":350,"height":200,"srcset":"https:\/\/i0.wp.com\/www.shqiperia.com\/blog\/wp-content\/uploads\/2020\/05\/Jaho-Brahaj-me-Enkel-Demin-ne-ABC.jpg?fit=756%2C419&ssl=1&resize=350%2C200 1x, https:\/\/i0.wp.com\/www.shqiperia.com\/blog\/wp-content\/uploads\/2020\/05\/Jaho-Brahaj-me-Enkel-Demin-ne-ABC.jpg?fit=756%2C419&ssl=1&resize=525%2C300 1.5x, https:\/\/i0.wp.com\/www.shqiperia.com\/blog\/wp-content\/uploads\/2020\/05\/Jaho-Brahaj-me-Enkel-Demin-ne-ABC.jpg?fit=756%2C419&ssl=1&resize=700%2C400 2x"},"classes":[]},{"id":33927,"url":"https:\/\/www.shqiperia.com\/blog\/lajm-arkiv-ekspozite-me-portrete-nga-koleksionisti-jaho-brahaj\/","url_meta":{"origin":18341,"position":4},"title":"Lajm Arkiv: Ekspozite me PORTRETE &#8211; nga Koleksionisti Jaho Brahaj .","author":"Kurt Farka","date":"April 28, 2020","format":false,"excerpt":"Lajm Arkiv: Ekspozite me PORTRETE - nga Koleksionisti Jaho Brahaj . Para 7 vitesh. Ne kuadrin e 18 Majit Dites Nderkombetare te Muzeve, Qendra Kombetare e e Regjistrimit te Veprave te Kultures dhe Artit ne Tirane, me 15 maji 2013 hapi ne mjediset dhe hollin e saje Ekspoziten \"PORTRETE\", me\u2026","rel":"","context":"In &quot;Arte&quot;","block_context":{"text":"Arte","link":"https:\/\/www.shqiperia.com\/blog\/category\/arte\/"},"img":{"alt_text":"","src":"https:\/\/i0.wp.com\/www.shqiperia.com\/blog\/wp-content\/uploads\/2020\/04\/1-4.jpg?fit=907%2C480&ssl=1&resize=350%2C200","width":350,"height":200,"srcset":"https:\/\/i0.wp.com\/www.shqiperia.com\/blog\/wp-content\/uploads\/2020\/04\/1-4.jpg?fit=907%2C480&ssl=1&resize=350%2C200 1x, https:\/\/i0.wp.com\/www.shqiperia.com\/blog\/wp-content\/uploads\/2020\/04\/1-4.jpg?fit=907%2C480&ssl=1&resize=525%2C300 1.5x, https:\/\/i0.wp.com\/www.shqiperia.com\/blog\/wp-content\/uploads\/2020\/04\/1-4.jpg?fit=907%2C480&ssl=1&resize=700%2C400 2x"},"classes":[]},{"id":20185,"url":"https:\/\/www.shqiperia.com\/blog\/motive-te-gurgdhendjeve-ne-varret-e-shqiperise-se-veriut\/","url_meta":{"origin":18341,"position":5},"title":"Motive te gurgdhendjeve ne varret e Shqiperise se Veriut","author":"Kurt Farka","date":"April 25, 2019","format":false,"excerpt":"Motive te gurgdhendjeve ne varret e Shqiperise se Veriut. Akuarel. Autor, Jaho Brahaj.","rel":"","context":"In &quot;Arte&quot;","block_context":{"text":"Arte","link":"https:\/\/www.shqiperia.com\/blog\/category\/arte\/"},"img":{"alt_text":"","src":"https:\/\/i0.wp.com\/www.shqiperia.com\/blog\/wp-content\/uploads\/2019\/04\/Motive-te-gurgdhendjeve-ne-varret-e-Shqiperise-se-Veriut.-Akuarel.-Autor-Jaho-Brahaj.jpg?fit=743%2C419&ssl=1&resize=350%2C200","width":350,"height":200,"srcset":"https:\/\/i0.wp.com\/www.shqiperia.com\/blog\/wp-content\/uploads\/2019\/04\/Motive-te-gurgdhendjeve-ne-varret-e-Shqiperise-se-Veriut.-Akuarel.-Autor-Jaho-Brahaj.jpg?fit=743%2C419&ssl=1&resize=350%2C200 1x, https:\/\/i0.wp.com\/www.shqiperia.com\/blog\/wp-content\/uploads\/2019\/04\/Motive-te-gurgdhendjeve-ne-varret-e-Shqiperise-se-Veriut.-Akuarel.-Autor-Jaho-Brahaj.jpg?fit=743%2C419&ssl=1&resize=525%2C300 1.5x, https:\/\/i0.wp.com\/www.shqiperia.com\/blog\/wp-content\/uploads\/2019\/04\/Motive-te-gurgdhendjeve-ne-varret-e-Shqiperise-se-Veriut.-Akuarel.-Autor-Jaho-Brahaj.jpg?fit=743%2C419&ssl=1&resize=700%2C400 2x"},"classes":[]}],"_links":{"self":[{"href":"https:\/\/www.shqiperia.com\/blog\/wp-json\/wp\/v2\/posts\/18341","targetHints":{"allow":["GET"]}}],"collection":[{"href":"https:\/\/www.shqiperia.com\/blog\/wp-json\/wp\/v2\/posts"}],"about":[{"href":"https:\/\/www.shqiperia.com\/blog\/wp-json\/wp\/v2\/types\/post"}],"author":[{"embeddable":true,"href":"https:\/\/www.shqiperia.com\/blog\/wp-json\/wp\/v2\/users\/9"}],"replies":[{"embeddable":true,"href":"https:\/\/www.shqiperia.com\/blog\/wp-json\/wp\/v2\/comments?post=18341"}],"version-history":[{"count":3,"href":"https:\/\/www.shqiperia.com\/blog\/wp-json\/wp\/v2\/posts\/18341\/revisions"}],"predecessor-version":[{"id":18346,"href":"https:\/\/www.shqiperia.com\/blog\/wp-json\/wp\/v2\/posts\/18341\/revisions\/18346"}],"wp:featuredmedia":[{"embeddable":true,"href":"https:\/\/www.shqiperia.com\/blog\/wp-json\/wp\/v2\/media\/18342"}],"wp:attachment":[{"href":"https:\/\/www.shqiperia.com\/blog\/wp-json\/wp\/v2\/media?parent=18341"}],"wp:term":[{"taxonomy":"category","embeddable":true,"href":"https:\/\/www.shqiperia.com\/blog\/wp-json\/wp\/v2\/categories?post=18341"},{"taxonomy":"post_tag","embeddable":true,"href":"https:\/\/www.shqiperia.com\/blog\/wp-json\/wp\/v2\/tags?post=18341"}],"curies":[{"name":"wp","href":"https:\/\/api.w.org\/{rel}","templated":true}]}}