{"id":18336,"date":"2019-03-15T10:49:11","date_gmt":"2019-03-15T10:49:11","guid":{"rendered":"http:\/\/www.shqiperia.com\/blog\/?p=18336"},"modified":"2019-03-15T10:49:38","modified_gmt":"2019-03-15T10:49:38","slug":"flet-efektivja-e-policise-do-flijohem-ne-shtepi-ndjese-kolegeve-kam-te-drejte","status":"publish","type":"post","link":"https:\/\/www.shqiperia.com\/blog\/flet-efektivja-e-policise-do-flijohem-ne-shtepi-ndjese-kolegeve-kam-te-drejte\/","title":{"rendered":"Flet efektivja e policis\u00eb: Do flijohem n\u00eb sht\u00ebpi, ndjes\u00eb koleg\u00ebve, kam t\u00eb drejt\u00eb"},"content":{"rendered":"<p><iframe loading=\"lazy\" src=\"https:\/\/www.youtube.com\/embed\/peoVZNJnwwQ\" width=\"560\" height=\"315\"><\/iframe><\/p>\n<p><em>Marre nga A2CNN<\/em><\/p>\n<p>P\u00ebr 4 familjet e nd\u00ebrtes\u00ebs n\u00eb zon\u00ebn e liqenit artificial nuk ka m\u00eb qet\u00ebsi. M\u00ebngjesin e s\u00eb m\u00ebrkur\u00ebs p\u00ebrmbarimi mb\u00ebrriti s\u00ebrish, por k\u00ebsaj here p\u00ebrmes post\u00ebs.<\/p>\n<p>Sipas dokumentit, banesa do t\u00eb prishet n\u00eb or\u00ebn 10:00 t\u00eb dat\u00ebs 25 mars. Pas letr\u00ebs s\u00eb marr\u00eb, banor\u00ebt nuk e fshehin tronditjen dhe friken p\u00ebr at\u00eb q\u00eb i pret.<\/p>\n<p>Nj\u00eb nga familjar\u00ebt, Blerta Dervishi, n\u00ebn\u00eb e dy f\u00ebmij\u00ebve, tregon p\u00ebr A2 CNN se ndaj tyre po b\u00ebhet padrejt\u00ebsi.<\/p>\n<p>\u201cAi thot\u00eb se na ka ofruar, por ne nuk kemi pranuar. I kemi pranuar, i kam pranuar ofertat e tua. T\u2019i kam pranuar n\u00eb sy Aleksand\u00ebr. M\u00eb ke dh\u00ebn\u00eb dor\u00ebn mua, fem\u00ebr. T\u00eb kam th\u00ebn\u00eb se do t\u00eb firmos\u00eb n\u00eb em\u00ebr t\u00eb dy familjeve. Edhe n\u00ebse nuk do t\u00eb pranonin, do t\u2019i firmosja un\u00eb sepse nuk dua t\u00eb vazhdoj\u00eb m\u00eb ky kalvar kaq i gjat\u00eb. Un\u00eb f\u00ebmij\u00ebt sot i kam t\u00eb s\u00ebmur\u00eb. Kan\u00eb 3 dit\u00eb q\u00eb nuk han\u00eb e nuk pin\u00eb f\u00ebmij\u00ebt e mi\u201d, thot\u00eb me lot n\u00eb sy Blerta.<\/p>\n<p>N\u00eb sht\u00ebpin\u00eb e vjet\u00ebr, t\u00eb mbytur nga lag\u00ebshtia, kudo sheh dosje e dokumente t\u00eb banes\u00ebs. Pajiset dhe orendit\u00eb jan\u00eb t\u00eb vjetra gati sa banesa 70-vje\u00e7are. Blerta nuk di \u00e7do t\u00eb ndodhen e 25 mars, por shprehet e sigurt se do ta mbroj\u00eb pron\u00ebn me \u00e7do form\u00eb.<\/p>\n<p>\u201cSht\u00ebpia ime do t\u00eb shembet bashk\u00eb me mua brenda! Kjo nd\u00ebrtes\u00eb do t\u00eb nd\u00ebrtohet vet\u00ebm mbi kockat e mia dhe mbi gjakun tim\u201d, thot\u00eb Blerta.<\/p>\n<p>Pas 12 dit\u00ebsh, Blerta, nj\u00ebher\u00ebsh efektive e policis\u00eb, do t\u00eb jet\u00eb s\u00ebrish p\u00ebrball\u00eb koleg\u00ebve t\u00eb saj. U k\u00ebrkon ndjes\u00eb p\u00ebr at\u00eb \u00e7ka mund t\u00eb ndodh\u00eb, por kjo \u00ebsht\u00eb betej\u00eb p\u00ebr jet\u00ebn, thot\u00eb ajo.<\/p>\n<p>\u201cU k\u00ebrkoj ndjes\u00eb t\u00eb gjith\u00eb. Un\u00eb do t\u00eb p\u00ebrballem ndoshta. Nuk e di si do t\u00eb jet\u00eb ajo dit\u00eb. Do ta b\u00ebj\u00eb p\u00ebr f\u00ebmij\u00ebt e mi q\u00eb t\u00eb ken\u00eb nj\u00eb streh\u00eb. Un\u00eb nuk kam ku t\u00eb shkoj\u00eb m\u00eb. Le t\u00eb merret \u00e7do lloj vendimi ndaj meje. Do t\u00eb rrezikoj edhe vendim e pun\u00eb. Un\u00eb sht\u00ebpin\u00eb nuk e l\u00ebshoj kurr\u00eb!\u201d<\/p>\n<p>N\u00ebna e dy f\u00ebmij\u00ebve ka edhe nj\u00eb mesazh p\u00ebr qeveritar\u00ebt q\u00eb e cil\u00ebsuan k\u00ebt\u00eb rast vet\u00ebm \u00e7\u00ebshtje t\u00eb drejt\u00ebsis\u00eb.<\/p>\n<p>\u201cVet\u00ebm p\u00ebr t\u00eb pafuqishmit jan\u00eb gjykatat. P\u00ebr biznesmen\u00ebt, p\u00ebr gjyqtar\u00ebt, p\u00ebr deputet\u00ebt, p\u00ebr ministrat nuk ka gjykata, ka nd\u00ebrhyrje nga shteti, nd\u00ebrsa p\u00ebr f\u00ebmij\u00ebt tan\u00eb jo\u201d, thot\u00eb e p\u00ebrlotur Blerta.<\/p>\n<p>N\u00eb sht\u00ebpin\u00eb dykat\u00ebshe q\u00eb stonon me nd\u00ebrtimet n\u00eb k\u00ebt\u00eb zon\u00eb t\u00eb Tiran\u00ebs, 14 familjar\u00eb k\u00ebrkojn\u00eb ndihm\u00eb. Nuk duan banesa sociale, por drejt\u00ebsi p\u00ebr pron\u00ebn e tyre.<\/p>\n","protected":false},"excerpt":{"rendered":"<p>Marre nga A2CNN P\u00ebr 4 familjet e nd\u00ebrtes\u00ebs n\u00eb zon\u00ebn e liqenit artificial nuk ka m\u00eb qet\u00ebsi. M\u00ebngjesin e s\u00eb m\u00ebrkur\u00ebs p\u00ebrmbarimi mb\u00ebrriti s\u00ebrish, por k\u00ebsaj here p\u00ebrmes post\u00ebs. Sipas dokumentit, banesa do t\u00eb prishet n\u00eb or\u00ebn 10:00 t\u00eb dat\u00ebs 25 mars. Pas letr\u00ebs s\u00eb marr\u00eb, banor\u00ebt nuk e fshehin tronditjen dhe friken p\u00ebr at\u00eb [&hellip;]<\/p>\n","protected":false},"author":1,"featured_media":18337,"comment_status":"open","ping_status":"open","sticky":false,"template":"","format":"standard","meta":{"jetpack_post_was_ever_published":false,"_jetpack_newsletter_access":"","_jetpack_dont_email_post_to_subs":false,"_jetpack_newsletter_tier_id":0,"_jetpack_memberships_contains_paywalled_content":false,"_jetpack_memberships_contains_paid_content":false,"footnotes":"","jetpack_publicize_message":"","jetpack_publicize_feature_enabled":true,"jetpack_social_post_already_shared":true,"jetpack_social_options":{"image_generator_settings":{"template":"highway","default_image_id":0,"font":"","enabled":false},"version":2}},"categories":[2],"tags":[],"class_list":["post-18336","post","type-post","status-publish","format-standard","has-post-thumbnail","hentry","category-politika"],"jetpack_publicize_connections":[],"jetpack_featured_media_url":"https:\/\/i0.wp.com\/www.shqiperia.com\/blog\/wp-content\/uploads\/2019\/03\/blerta-dervishi.jpg?fit=740%2C343&ssl=1","jetpack_sharing_enabled":true,"jetpack_shortlink":"https:\/\/wp.me\/p5Z6wp-4LK","jetpack-related-posts":[{"id":8752,"url":"https:\/\/www.shqiperia.com\/blog\/vucic-e-konfirmoi-ne-sofje-kam-marre-nje-plan-te-perendimit-per-kosoven\/","url_meta":{"origin":18336,"position":0},"title":"Vu\u00e7i\u00e7 e konfirmoi n\u00eb Sofje: Kam marr\u00eb nj\u00eb plan t\u00eb Per\u00ebndimit p\u00ebr Kosov\u00ebn. &#8211;","author":"Kurt Farka","date":"June 16, 2018","format":false,"excerpt":"Vu\u00e7i\u00e7 e konfirmoi n\u00eb Sofje: Kam marr\u00eb nj\u00eb plan t\u00eb Per\u00ebndimit p\u00ebr Kosov\u00ebn. - Presidenti serb, Aleksandar Vu\u00e7i\u00e7 ka konfirmuar n\u00eb Sofje, n\u00eb prag t\u00eb Samitit BE-Ballkani Per\u00ebndimor, sot pasdite se e ka pranuar nj\u00eb plan t\u00eb p\u00ebrgatitur nga Per\u00ebndimi si propozim p\u00ebr zgjidhjen e \u00e7\u00ebshtjes s\u00eb Kosov\u00ebs. \u2018B92\u2019 raporton\u2026","rel":"","context":"In &quot;Blogu i Udh\u00ebtarit&quot;","block_context":{"text":"Blogu i Udh\u00ebtarit","link":"https:\/\/www.shqiperia.com\/blog\/category\/blogu-i-udhetarit\/"},"img":{"alt_text":"","src":"https:\/\/i0.wp.com\/www.shqiperia.com\/blog\/wp-content\/uploads\/2018\/06\/Alnder-Vuciceks.jpg?fit=800%2C445&ssl=1&resize=350%2C200","width":350,"height":200,"srcset":"https:\/\/i0.wp.com\/www.shqiperia.com\/blog\/wp-content\/uploads\/2018\/06\/Alnder-Vuciceks.jpg?fit=800%2C445&ssl=1&resize=350%2C200 1x, https:\/\/i0.wp.com\/www.shqiperia.com\/blog\/wp-content\/uploads\/2018\/06\/Alnder-Vuciceks.jpg?fit=800%2C445&ssl=1&resize=525%2C300 1.5x, https:\/\/i0.wp.com\/www.shqiperia.com\/blog\/wp-content\/uploads\/2018\/06\/Alnder-Vuciceks.jpg?fit=800%2C445&ssl=1&resize=700%2C400 2x"},"classes":[]},{"id":7521,"url":"https:\/\/www.shqiperia.com\/blog\/vucic-e-konfirmon-ne-sofje-kam-marre-nje-plan-te-perendimit-per-kosoven\/","url_meta":{"origin":18336,"position":1},"title":"Vu\u00e7i\u00e7 e konfirmon n\u00eb Sofje: Kam marr\u00eb nj\u00eb plan t\u00eb Per\u00ebndimit p\u00ebr Kosov\u00ebn.-","author":"Kurt Farka","date":"May 16, 2018","format":false,"excerpt":"Presidenti serb, Aleksandar Vu\u00e7i\u00e7 ka konfirmuar n\u00eb Sofje, n\u00eb prag t\u00eb Samitit BE-Ballkani Per\u00ebndimor, sot pasdite se e ka pranuar nj\u00eb plan t\u00eb p\u00ebrgatitur nga Per\u00ebndimi si propozim p\u00ebr zgjidhjen e \u00e7\u00ebshtjes s\u00eb Kosov\u00ebs. \u2018B92\u2019 raporton se kjo \u00ebsht\u00eb hera e par\u00eb q\u00eb Vu\u00e7iq e ka th\u00ebn\u00eb k\u00ebt\u00eb publikisht \u2013\u2026","rel":"","context":"In &quot;Kultura&quot;","block_context":{"text":"Kultura","link":"https:\/\/www.shqiperia.com\/blog\/category\/kultura\/"},"img":{"alt_text":"","src":"https:\/\/i0.wp.com\/www.shqiperia.com\/blog\/wp-content\/uploads\/2018\/05\/Alnder-Vuciceks.jpg?fit=800%2C445&ssl=1&resize=350%2C200","width":350,"height":200,"srcset":"https:\/\/i0.wp.com\/www.shqiperia.com\/blog\/wp-content\/uploads\/2018\/05\/Alnder-Vuciceks.jpg?fit=800%2C445&ssl=1&resize=350%2C200 1x, https:\/\/i0.wp.com\/www.shqiperia.com\/blog\/wp-content\/uploads\/2018\/05\/Alnder-Vuciceks.jpg?fit=800%2C445&ssl=1&resize=525%2C300 1.5x, https:\/\/i0.wp.com\/www.shqiperia.com\/blog\/wp-content\/uploads\/2018\/05\/Alnder-Vuciceks.jpg?fit=800%2C445&ssl=1&resize=700%2C400 2x"},"classes":[]},{"id":46329,"url":"https:\/\/www.shqiperia.com\/blog\/permbysja-e-madhe-fillon-ne-vlore-petrit-vasili-nuk-ka-pranuar-kurre-tradhtare-ne-historine-e-saj\/","url_meta":{"origin":18336,"position":2},"title":"\u201cP\u00ebrmbysja e madhe fillon n\u00eb Vlor\u00eb\u201d. \u00a0Petrit Vasili: &#8211; Nuk ka pranuar kurr\u00eb tradhtar\u00eb n\u00eb historin\u00eb e saj","author":"Kurt Farka","date":"April 13, 2021","format":false,"excerpt":"\u201cP\u00ebrmbysja e madhe fillon n\u00eb Vlor\u00eb\u201d. \u00a0Petrit Vasili: - Nuk ka pranuar kurr\u00eb tradhtar\u00eb n\u00eb historin\u00eb e saj 12 prill 2021 N\u00ebnkryetari i L\u00ebvizjes Socialiste p\u00ebr Integrim, Petrit Vasili b\u00ebri nj\u00eb deklarat\u00eb t\u00eb fort\u00eb sot nga Vlora, ku kryeministri Edi Rama \u00ebsht\u00eb aktualisht deputet por edhe kandidon p\u00ebr zgjedhjet e\u2026","rel":"","context":"In &quot;Blogu i Udh\u00ebtarit&quot;","block_context":{"text":"Blogu i Udh\u00ebtarit","link":"https:\/\/www.shqiperia.com\/blog\/category\/blogu-i-udhetarit\/"},"img":{"alt_text":"","src":"https:\/\/i0.wp.com\/www.shqiperia.com\/blog\/wp-content\/uploads\/2021\/04\/petrit-vasili.jpg?fit=850%2C512&ssl=1&resize=350%2C200","width":350,"height":200,"srcset":"https:\/\/i0.wp.com\/www.shqiperia.com\/blog\/wp-content\/uploads\/2021\/04\/petrit-vasili.jpg?fit=850%2C512&ssl=1&resize=350%2C200 1x, https:\/\/i0.wp.com\/www.shqiperia.com\/blog\/wp-content\/uploads\/2021\/04\/petrit-vasili.jpg?fit=850%2C512&ssl=1&resize=525%2C300 1.5x, https:\/\/i0.wp.com\/www.shqiperia.com\/blog\/wp-content\/uploads\/2021\/04\/petrit-vasili.jpg?fit=850%2C512&ssl=1&resize=700%2C400 2x"},"classes":[]},{"id":99040,"url":"https:\/\/www.shqiperia.com\/blog\/erion-brace-sdua-ti-vije-fundi-ps-se-kerkon-te-kandidoje-per-bashkine-e-tiranes\/","url_meta":{"origin":18336,"position":3},"title":"Erion Bra\u00e7e: &#8211; S\u2019dua t\u2019i vij\u00eb fundi PS-s\u00eb. &#8211; K\u00ebrkon t\u00eb kandidoj\u00eb p\u00ebr Bashkin\u00eb e Tiran\u00ebs.","author":"Kurt Farka","date":"April 2, 2026","format":false,"excerpt":"3 Prill 2026 Deputeti socialist Erion Bra\u00e7e ka folur p\u00ebr \u201cTop Story\u201d, pak dit\u00eb pasi shprehu d\u00ebshir\u00ebn p\u00ebr t\u00eb kandiduar p\u00ebr Bashkin\u00eb e Tiran\u00ebs, rreth k\u00ebtij vendimi. Bra\u00e7e theksoi se partia nuk mund t\u00eb funksionoj\u00eb me njoftime q\u00eb ngjiten n\u00eb mur. \u201cSe n\u00eb rast se vazhdon k\u00ebshtu n\u00eb mur mund\u2026","rel":"","context":"In &quot;Blogu i Udh\u00ebtarit&quot;","block_context":{"text":"Blogu i Udh\u00ebtarit","link":"https:\/\/www.shqiperia.com\/blog\/category\/blogu-i-udhetarit\/"},"img":{"alt_text":"","src":"https:\/\/i0.wp.com\/www.shqiperia.com\/blog\/wp-content\/uploads\/2026\/04\/edi-rama-erion-brace-.jpg?fit=1130%2C896&ssl=1&resize=350%2C200","width":350,"height":200,"srcset":"https:\/\/i0.wp.com\/www.shqiperia.com\/blog\/wp-content\/uploads\/2026\/04\/edi-rama-erion-brace-.jpg?fit=1130%2C896&ssl=1&resize=350%2C200 1x, https:\/\/i0.wp.com\/www.shqiperia.com\/blog\/wp-content\/uploads\/2026\/04\/edi-rama-erion-brace-.jpg?fit=1130%2C896&ssl=1&resize=525%2C300 1.5x, https:\/\/i0.wp.com\/www.shqiperia.com\/blog\/wp-content\/uploads\/2026\/04\/edi-rama-erion-brace-.jpg?fit=1130%2C896&ssl=1&resize=700%2C400 2x, https:\/\/i0.wp.com\/www.shqiperia.com\/blog\/wp-content\/uploads\/2026\/04\/edi-rama-erion-brace-.jpg?fit=1130%2C896&ssl=1&resize=1050%2C600 3x"},"classes":[]},{"id":84767,"url":"https:\/\/www.shqiperia.com\/blog\/ish-rektori-i-wisdom-lush-perpali-me-falsifikuan-firmen\/","url_meta":{"origin":18336,"position":4},"title":"Ish-rektori i Wisdom Lush P\u00ebrpali: &#8211; M\u00eb falsifikuan firm\u00ebn","author":"Kurt Farka","date":"September 20, 2024","format":false,"excerpt":"20 Shtator 2024 Ish-rektori i Wisdom, Lush P\u00ebrpali, n\u00eb rubrik\u00ebn Opinion n\u00eb News24, ka sqaruar at\u00eb se \u00e7far\u00eb ka ndodhur n\u00eb k\u00ebt\u00eb institucion, i cili \u00ebsht\u00eb n\u00eb qend\u00ebr t\u00eb nj\u00eb skandali lidhur me dh\u00ebnien e \u00e7ertifikatave false, kundrejt pagesave deri n\u00eb 10 mij\u00eb euro. P\u00ebrpali dha dor\u00ebheqjen si rektor n\u00eb\u2026","rel":"","context":"In &quot;Blogu i Udh\u00ebtarit&quot;","block_context":{"text":"Blogu i Udh\u00ebtarit","link":"https:\/\/www.shqiperia.com\/blog\/category\/blogu-i-udhetarit\/"},"img":{"alt_text":"","src":"https:\/\/i0.wp.com\/www.shqiperia.com\/blog\/wp-content\/uploads\/2024\/09\/wisdow-rektori-740x450-1.jpg?fit=740%2C450&ssl=1&resize=350%2C200","width":350,"height":200,"srcset":"https:\/\/i0.wp.com\/www.shqiperia.com\/blog\/wp-content\/uploads\/2024\/09\/wisdow-rektori-740x450-1.jpg?fit=740%2C450&ssl=1&resize=350%2C200 1x, https:\/\/i0.wp.com\/www.shqiperia.com\/blog\/wp-content\/uploads\/2024\/09\/wisdow-rektori-740x450-1.jpg?fit=740%2C450&ssl=1&resize=525%2C300 1.5x, https:\/\/i0.wp.com\/www.shqiperia.com\/blog\/wp-content\/uploads\/2024\/09\/wisdow-rektori-740x450-1.jpg?fit=740%2C450&ssl=1&resize=700%2C400 2x"},"classes":[]},{"id":91206,"url":"https:\/\/www.shqiperia.com\/blog\/mimi-kodheli-ka-pranuar-se-brenda-socialisteve-ka-perplasje-kjo-gje-eshte-e-pashmangshme\/","url_meta":{"origin":18336,"position":5},"title":"Mimi Kodheli ka pranuar se brenda socialisteve ka p\u00ebrplasje. &#8211; Kjo gj\u00eb \u00ebsht\u00eb e pashmangshme.","author":"Kurt Farka","date":"April 8, 2025","format":false,"excerpt":"8 Prill 2025 Kodheli, e cila gjendet n\u00eb list\u00ebn e hapur t\u00eb PS-s\u00eb p\u00ebr qarkun e Tiran\u00ebs, ka deklaruar se p\u00ebrplasja mes socialist\u00ebve nuk po i b\u00ebn mir\u00eb k\u00ebsaj force politike. \u201cKemi filluar m\u00eb p\u00ebrpara se zakonisht. E mira \u00ebsht\u00eb se mb\u00ebrrin n\u00eb m\u00eb shum\u00eb dyer familjesh t\u00eb p\u00ebr\u00e7osh mesazhin.\u2026","rel":"","context":"In &quot;Blogu i Udh\u00ebtarit&quot;","block_context":{"text":"Blogu i Udh\u00ebtarit","link":"https:\/\/www.shqiperia.com\/blog\/category\/blogu-i-udhetarit\/"},"img":{"alt_text":"","src":"https:\/\/i0.wp.com\/www.shqiperia.com\/blog\/wp-content\/uploads\/2025\/04\/csm_Mimi_Kodheli_26523078e7.jpg?fit=1200%2C800&ssl=1&resize=350%2C200","width":350,"height":200,"srcset":"https:\/\/i0.wp.com\/www.shqiperia.com\/blog\/wp-content\/uploads\/2025\/04\/csm_Mimi_Kodheli_26523078e7.jpg?fit=1200%2C800&ssl=1&resize=350%2C200 1x, https:\/\/i0.wp.com\/www.shqiperia.com\/blog\/wp-content\/uploads\/2025\/04\/csm_Mimi_Kodheli_26523078e7.jpg?fit=1200%2C800&ssl=1&resize=525%2C300 1.5x, https:\/\/i0.wp.com\/www.shqiperia.com\/blog\/wp-content\/uploads\/2025\/04\/csm_Mimi_Kodheli_26523078e7.jpg?fit=1200%2C800&ssl=1&resize=700%2C400 2x, https:\/\/i0.wp.com\/www.shqiperia.com\/blog\/wp-content\/uploads\/2025\/04\/csm_Mimi_Kodheli_26523078e7.jpg?fit=1200%2C800&ssl=1&resize=1050%2C600 3x"},"classes":[]}],"_links":{"self":[{"href":"https:\/\/www.shqiperia.com\/blog\/wp-json\/wp\/v2\/posts\/18336","targetHints":{"allow":["GET"]}}],"collection":[{"href":"https:\/\/www.shqiperia.com\/blog\/wp-json\/wp\/v2\/posts"}],"about":[{"href":"https:\/\/www.shqiperia.com\/blog\/wp-json\/wp\/v2\/types\/post"}],"author":[{"embeddable":true,"href":"https:\/\/www.shqiperia.com\/blog\/wp-json\/wp\/v2\/users\/1"}],"replies":[{"embeddable":true,"href":"https:\/\/www.shqiperia.com\/blog\/wp-json\/wp\/v2\/comments?post=18336"}],"version-history":[{"count":2,"href":"https:\/\/www.shqiperia.com\/blog\/wp-json\/wp\/v2\/posts\/18336\/revisions"}],"predecessor-version":[{"id":18339,"href":"https:\/\/www.shqiperia.com\/blog\/wp-json\/wp\/v2\/posts\/18336\/revisions\/18339"}],"wp:featuredmedia":[{"embeddable":true,"href":"https:\/\/www.shqiperia.com\/blog\/wp-json\/wp\/v2\/media\/18337"}],"wp:attachment":[{"href":"https:\/\/www.shqiperia.com\/blog\/wp-json\/wp\/v2\/media?parent=18336"}],"wp:term":[{"taxonomy":"category","embeddable":true,"href":"https:\/\/www.shqiperia.com\/blog\/wp-json\/wp\/v2\/categories?post=18336"},{"taxonomy":"post_tag","embeddable":true,"href":"https:\/\/www.shqiperia.com\/blog\/wp-json\/wp\/v2\/tags?post=18336"}],"curies":[{"name":"wp","href":"https:\/\/api.w.org\/{rel}","templated":true}]}}