{"id":18097,"date":"2019-03-08T08:10:25","date_gmt":"2019-03-08T08:10:25","guid":{"rendered":"http:\/\/www.shqiperia.com\/blog\/?p=18097"},"modified":"2019-03-08T08:10:25","modified_gmt":"2019-03-08T08:10:25","slug":"ndermjetesimi-i-krizes-zv-ambasadorja-amerikane-ne-zyren-e-rames","status":"publish","type":"post","link":"https:\/\/www.shqiperia.com\/blog\/ndermjetesimi-i-krizes-zv-ambasadorja-amerikane-ne-zyren-e-rames\/","title":{"rendered":"Nd\u00ebrmjet\u00ebsimi i kriz\u00ebs, zv\/ambasadorja amerikane n\u00eb zyr\u00ebn e Ram\u00ebs"},"content":{"rendered":"<p><img data-recalc-dims=\"1\" loading=\"lazy\" decoding=\"async\" data-attachment-id=\"18098\" data-permalink=\"https:\/\/www.shqiperia.com\/blog\/ndermjetesimi-i-krizes-zv-ambasadorja-amerikane-ne-zyren-e-rames\/usa-210x140\/\" data-orig-file=\"https:\/\/i0.wp.com\/www.shqiperia.com\/blog\/wp-content\/uploads\/2019\/03\/usa-210x140.jpg?fit=210%2C140&amp;ssl=1\" data-orig-size=\"210,140\" data-comments-opened=\"1\" data-image-meta=\"{&quot;aperture&quot;:&quot;0&quot;,&quot;credit&quot;:&quot;&quot;,&quot;camera&quot;:&quot;&quot;,&quot;caption&quot;:&quot;&quot;,&quot;created_timestamp&quot;:&quot;0&quot;,&quot;copyright&quot;:&quot;&quot;,&quot;focal_length&quot;:&quot;0&quot;,&quot;iso&quot;:&quot;0&quot;,&quot;shutter_speed&quot;:&quot;0&quot;,&quot;title&quot;:&quot;&quot;,&quot;orientation&quot;:&quot;0&quot;}\" data-image-title=\"usa-210&#215;140\" data-image-description=\"\" data-image-caption=\"\" data-medium-file=\"https:\/\/i0.wp.com\/www.shqiperia.com\/blog\/wp-content\/uploads\/2019\/03\/usa-210x140.jpg?fit=210%2C140&amp;ssl=1\" data-large-file=\"https:\/\/i0.wp.com\/www.shqiperia.com\/blog\/wp-content\/uploads\/2019\/03\/usa-210x140.jpg?fit=210%2C140&amp;ssl=1\" class=\"alignnone  wp-image-18098\" alt=\"\" src=\"https:\/\/i0.wp.com\/www.shqiperia.com\/blog\/wp-content\/uploads\/2019\/03\/usa-210x140.jpg?resize=461%2C307\" width=\"461\" height=\"307\" \/><\/p>\n<p><strong>Nd\u00ebrmjet\u00ebsimi i kriz\u00ebs, zv\/ambasadorja amerikane n\u00eb zyr\u00ebn e Ram\u00ebs<\/strong><\/p>\n<p>Z\u00ebvend\u00ebsambasadorja e Shteteve t\u00eb Bashkuara t\u00eb Amerik\u00ebs Leyla Moses \u2013 Ones ka zhvilluar nj\u00eb takim me kreun e qeveris\u00eb Edi Rama pasditen e s\u00eb enjtes n\u00eb ambientet e kryeministris\u00eb.<\/p>\n<p>Ones, p\u00ebrfaq\u00ebsuesja m\u00eb e lart\u00eb e Shteteve t\u00eb Bashkuara n\u00eb Tiran\u00eb, e b\u00ebn k\u00ebt\u00eb vizit\u00eb pak dit\u00eb pas takimit me kreun e opozit\u00ebs Lulzim Basha dhe aleat\u00ebt e tij, takime t\u00eb cilat erdh\u00ebn pas heqjes dor\u00eb nga mandatet parlamentare dhe protestave t\u00eb thirrura nga kjo e fundit.<\/p>\n<p>Ambasada e SHBA-s\u00eb n\u00eb deklaratat e saj ka kund\u00ebrshtuar k\u00ebt\u00eb vendim radikal t\u00eb koalicionit opozitar, si dhe ka p\u00ebrs\u00ebritur thirrjet p\u00ebr mos ushtrim dhune n\u00eb tubimet e thirrura nga opozita.<\/p>\n<p><img data-recalc-dims=\"1\" loading=\"lazy\" decoding=\"async\" data-attachment-id=\"18099\" data-permalink=\"https:\/\/www.shqiperia.com\/blog\/ndermjetesimi-i-krizes-zv-ambasadorja-amerikane-ne-zyren-e-rames\/usa-210x140-2\/\" data-orig-file=\"https:\/\/i0.wp.com\/www.shqiperia.com\/blog\/wp-content\/uploads\/2019\/03\/usa-210x140-1.jpg?fit=210%2C140&amp;ssl=1\" data-orig-size=\"210,140\" data-comments-opened=\"1\" data-image-meta=\"{&quot;aperture&quot;:&quot;0&quot;,&quot;credit&quot;:&quot;&quot;,&quot;camera&quot;:&quot;&quot;,&quot;caption&quot;:&quot;&quot;,&quot;created_timestamp&quot;:&quot;0&quot;,&quot;copyright&quot;:&quot;&quot;,&quot;focal_length&quot;:&quot;0&quot;,&quot;iso&quot;:&quot;0&quot;,&quot;shutter_speed&quot;:&quot;0&quot;,&quot;title&quot;:&quot;&quot;,&quot;orientation&quot;:&quot;0&quot;}\" data-image-title=\"usa-210&#215;140\" data-image-description=\"\" data-image-caption=\"\" data-medium-file=\"https:\/\/i0.wp.com\/www.shqiperia.com\/blog\/wp-content\/uploads\/2019\/03\/usa-210x140-1.jpg?fit=210%2C140&amp;ssl=1\" data-large-file=\"https:\/\/i0.wp.com\/www.shqiperia.com\/blog\/wp-content\/uploads\/2019\/03\/usa-210x140-1.jpg?fit=210%2C140&amp;ssl=1\" class=\"alignnone  wp-image-18099\" alt=\"\" src=\"https:\/\/i0.wp.com\/www.shqiperia.com\/blog\/wp-content\/uploads\/2019\/03\/usa-210x140-1.jpg?resize=753%2C502\" width=\"753\" height=\"502\" \/><\/p>\n<p>v.l\/ Dita<\/p>\n","protected":false},"excerpt":{"rendered":"<p>Nd\u00ebrmjet\u00ebsimi i kriz\u00ebs, zv\/ambasadorja amerikane n\u00eb zyr\u00ebn e Ram\u00ebs Z\u00ebvend\u00ebsambasadorja e Shteteve t\u00eb Bashkuara t\u00eb Amerik\u00ebs Leyla Moses \u2013 Ones ka zhvilluar nj\u00eb takim me kreun e qeveris\u00eb Edi Rama pasditen e s\u00eb enjtes n\u00eb ambientet e kryeministris\u00eb. Ones, p\u00ebrfaq\u00ebsuesja m\u00eb e lart\u00eb e Shteteve t\u00eb Bashkuara n\u00eb Tiran\u00eb, e b\u00ebn k\u00ebt\u00eb vizit\u00eb pak dit\u00eb [&hellip;]<\/p>\n","protected":false},"author":9,"featured_media":18098,"comment_status":"open","ping_status":"open","sticky":false,"template":"","format":"standard","meta":{"jetpack_post_was_ever_published":false,"_jetpack_newsletter_access":"","_jetpack_dont_email_post_to_subs":false,"_jetpack_newsletter_tier_id":0,"_jetpack_memberships_contains_paywalled_content":false,"_jetpack_memberships_contains_paid_content":false,"footnotes":"","jetpack_publicize_message":"","jetpack_publicize_feature_enabled":true,"jetpack_social_post_already_shared":true,"jetpack_social_options":{"image_generator_settings":{"template":"highway","default_image_id":0,"font":"","enabled":false},"version":2}},"categories":[27,2],"tags":[],"class_list":["post-18097","post","type-post","status-publish","format-standard","has-post-thumbnail","hentry","category-blogu-i-udhetarit","category-politika"],"jetpack_publicize_connections":[],"jetpack_featured_media_url":"https:\/\/i0.wp.com\/www.shqiperia.com\/blog\/wp-content\/uploads\/2019\/03\/usa-210x140.jpg?fit=210%2C140&ssl=1","jetpack_sharing_enabled":true,"jetpack_shortlink":"https:\/\/wp.me\/p5Z6wp-4HT","jetpack-related-posts":[{"id":17603,"url":"https:\/\/www.shqiperia.com\/blog\/djegia-e-mandateve-ambasadorja-e-shba-dhe-ai-i-be-ne-zyren-e-rames\/","url_meta":{"origin":18097,"position":0},"title":"Djegia e mandateve: &#8211; Ambasadorja e SHBA dhe ai i BE n\u00eb zyr\u00ebn e Ram\u00ebs. &#8211;","author":"Kurt Farka","date":"February 18, 2019","format":false,"excerpt":"Djegia e mandateve: - Ambasadorja e SHBA dhe ai i BE n\u00eb zyr\u00ebn e Ram\u00ebs. - 18 shkurt 2019 \u00a0 Pas vendimit t\u00eb Partis\u00eb Demokratike dhe aleat\u00ebve t\u00eb saj p\u00ebr t\u00eb djegur mandatet e tyre n\u00eb Parlament, n\u00eb zyr\u00ebn e kryeministrit Rama kan\u00eb mb\u00ebrritur p\u00ebr takim dy ambasador\u00ebt m\u00eb t\u00eb\u2026","rel":"","context":"In &quot;Blogu i Udh\u00ebtarit&quot;","block_context":{"text":"Blogu i Udh\u00ebtarit","link":"https:\/\/www.shqiperia.com\/blog\/category\/blogu-i-udhetarit\/"},"img":{"alt_text":"","src":"https:\/\/i0.wp.com\/www.shqiperia.com\/blog\/wp-content\/uploads\/2019\/02\/fundit.png?fit=724%2C429&ssl=1&resize=350%2C200","width":350,"height":200,"srcset":"https:\/\/i0.wp.com\/www.shqiperia.com\/blog\/wp-content\/uploads\/2019\/02\/fundit.png?fit=724%2C429&ssl=1&resize=350%2C200 1x, https:\/\/i0.wp.com\/www.shqiperia.com\/blog\/wp-content\/uploads\/2019\/02\/fundit.png?fit=724%2C429&ssl=1&resize=525%2C300 1.5x, https:\/\/i0.wp.com\/www.shqiperia.com\/blog\/wp-content\/uploads\/2019\/02\/fundit.png?fit=724%2C429&ssl=1&resize=700%2C400 2x"},"classes":[]},{"id":59897,"url":"https:\/\/www.shqiperia.com\/blog\/thellohet-perplasja-mes-qeverise-shqiptare-dhe-nderkombetareve\/","url_meta":{"origin":18097,"position":1},"title":"Thellohet p\u00ebrplasja mes Qeveris\u00eb Shqiptare dhe nd\u00ebrkomb\u00ebtar\u00ebve&#8230;","author":"Kurt Farka","date":"July 16, 2022","format":false,"excerpt":"16 Korrik 2022 SHBA bojkoton tryez\u00ebn p\u00ebr Amnistin\u00eb Fiskale, ambasador\u00ebt e Gjermanis\u00eb dhe Franc\u00ebs largohen nga konferenca para fjal\u00ebs s\u00eb Ram\u00ebs, thellohet p\u00ebrplasja mes qeveris\u00eb dhe nd\u00ebrkomb\u00ebtar\u00ebve. Thellohet konflikti i nd\u00ebrkomb\u00ebtar\u00ebve me kryeministrin Edi Rama. Kryeministri po tregon nga dita n\u00eb dit\u00eb q\u00eb ka nj\u00eb luft\u00eb t\u00eb hapur me Shtetet\u2026","rel":"","context":"In &quot;Blogu i Udh\u00ebtarit&quot;","block_context":{"text":"Blogu i Udh\u00ebtarit","link":"https:\/\/www.shqiperia.com\/blog\/category\/blogu-i-udhetarit\/"},"img":{"alt_text":"","src":"https:\/\/i0.wp.com\/www.shqiperia.com\/blog\/wp-content\/uploads\/2022\/07\/Thellohet-perplasja-mes-Qeverise-Shqiptare-dhe-nderkombetareve....jpg?fit=800%2C408&ssl=1&resize=350%2C200","width":350,"height":200,"srcset":"https:\/\/i0.wp.com\/www.shqiperia.com\/blog\/wp-content\/uploads\/2022\/07\/Thellohet-perplasja-mes-Qeverise-Shqiptare-dhe-nderkombetareve....jpg?fit=800%2C408&ssl=1&resize=350%2C200 1x, https:\/\/i0.wp.com\/www.shqiperia.com\/blog\/wp-content\/uploads\/2022\/07\/Thellohet-perplasja-mes-Qeverise-Shqiptare-dhe-nderkombetareve....jpg?fit=800%2C408&ssl=1&resize=525%2C300 1.5x, https:\/\/i0.wp.com\/www.shqiperia.com\/blog\/wp-content\/uploads\/2022\/07\/Thellohet-perplasja-mes-Qeverise-Shqiptare-dhe-nderkombetareve....jpg?fit=800%2C408&ssl=1&resize=700%2C400 2x"},"classes":[]},{"id":59673,"url":"https:\/\/www.shqiperia.com\/blog\/pritja-per-festen-e-pavaresise-se-shba-ambasadorja-yuri-kim-ne-krah-presidentit-ilir-meta\/","url_meta":{"origin":18097,"position":2},"title":"Pritja p\u00ebr fest\u00ebn e Pavar\u00ebsis\u00eb s\u00eb SHBA. &#8211; Ambasadorja Yuri Kim ne krah Presidentit Ilir Meta.","author":"Kurt Farka","date":"July 2, 2022","format":false,"excerpt":"2 Qershor 2022 Pershendet Presidenti Ilir Meta Ambasadorja amerikane n\u00eb Tiran\u00eb, Yuri Kim, publikoi n\u00eb rrjetet sociale disa foto nga pritja e organizuar mbr\u00ebmjen e t\u00eb premtes me rastin e festimeve p\u00ebr Dit\u00ebn e 246-t\u00eb t\u00eb Pavar\u00ebsis\u00eb s\u00eb Shteteve t\u00eb Bashkuara dhe 100 vjetorin e marr\u00ebdh\u00ebnieve midis SHBA dhe Shqip\u00ebris\u00eb.\u2026","rel":"","context":"In &quot;Blogu i Udh\u00ebtarit&quot;","block_context":{"text":"Blogu i Udh\u00ebtarit","link":"https:\/\/www.shqiperia.com\/blog\/category\/blogu-i-udhetarit\/"},"img":{"alt_text":"","src":"https:\/\/i0.wp.com\/www.shqiperia.com\/blog\/wp-content\/uploads\/2022\/07\/Pritja-per-festen-e-Pavaresise-se-SHBA.-Ambasadorja-Yuri-Kim-ne-krah-Presidentit-Ilir-Meta.-2.jpg?fit=943%2C574&ssl=1&resize=350%2C200","width":350,"height":200,"srcset":"https:\/\/i0.wp.com\/www.shqiperia.com\/blog\/wp-content\/uploads\/2022\/07\/Pritja-per-festen-e-Pavaresise-se-SHBA.-Ambasadorja-Yuri-Kim-ne-krah-Presidentit-Ilir-Meta.-2.jpg?fit=943%2C574&ssl=1&resize=350%2C200 1x, https:\/\/i0.wp.com\/www.shqiperia.com\/blog\/wp-content\/uploads\/2022\/07\/Pritja-per-festen-e-Pavaresise-se-SHBA.-Ambasadorja-Yuri-Kim-ne-krah-Presidentit-Ilir-Meta.-2.jpg?fit=943%2C574&ssl=1&resize=525%2C300 1.5x, https:\/\/i0.wp.com\/www.shqiperia.com\/blog\/wp-content\/uploads\/2022\/07\/Pritja-per-festen-e-Pavaresise-se-SHBA.-Ambasadorja-Yuri-Kim-ne-krah-Presidentit-Ilir-Meta.-2.jpg?fit=943%2C574&ssl=1&resize=700%2C400 2x"},"classes":[]},{"id":65838,"url":"https:\/\/www.shqiperia.com\/blog\/ja-zanafilla-e-sherrit-te-rames-me-shba-nga-prishja-e-paktit-me-bashen-e-deri-te-prokurori-i-spak-qe-nxori-perplasjen-e-forte-jashte-korridoreve-te-kryeministrise-zbardhen-9-faktet-qe-hod\/","url_meta":{"origin":18097,"position":3},"title":"Ja zanafilla e sherrit t\u00eb Ram\u00ebs me SHBA, nga prishja e paktit me Bash\u00ebn e deri te prokurori i SPAK q\u00eb nxori p\u00ebrplasjen e fort\u00eb jasht\u00eb korridoreve t\u00eb Kryeministris\u00eb. &#8211; Zbardhen 9 faktet q\u00eb \u201chodh\u00ebn n\u00eb er\u00eb\u201d raportet e kreut t\u00eb qeveris\u00eb me amerikan\u00ebt","author":"Kurt Farka","date":"December 30, 2022","format":false,"excerpt":"30 Dhjetor 2022 Nga ELMAS BOGDANI Gazeta Sot Kryeministri Edi Rama po tregon nga dita n\u00eb dit\u00eb q\u00eb ka nj\u00eb luft\u00eb t\u00eb hapur me Shtetet e Bashkuara t\u00eb Amerik\u00ebs, Departamentin Amerikan t\u00eb Shtetit dhe me ambasadoren amerikane n\u00eb Tiran\u00eb, Yuri Kim, n\u00eb ve\u00e7anti. Deri para se t\u00eb merrte mandatin e\u2026","rel":"","context":"In &quot;Blogu i Udh\u00ebtarit&quot;","block_context":{"text":"Blogu i Udh\u00ebtarit","link":"https:\/\/www.shqiperia.com\/blog\/category\/blogu-i-udhetarit\/"},"img":{"alt_text":"","src":"https:\/\/i0.wp.com\/www.shqiperia.com\/blog\/wp-content\/uploads\/2022\/12\/800-0-63aec70d588c5.jpg?fit=800%2C395&ssl=1&resize=350%2C200","width":350,"height":200,"srcset":"https:\/\/i0.wp.com\/www.shqiperia.com\/blog\/wp-content\/uploads\/2022\/12\/800-0-63aec70d588c5.jpg?fit=800%2C395&ssl=1&resize=350%2C200 1x, https:\/\/i0.wp.com\/www.shqiperia.com\/blog\/wp-content\/uploads\/2022\/12\/800-0-63aec70d588c5.jpg?fit=800%2C395&ssl=1&resize=525%2C300 1.5x, https:\/\/i0.wp.com\/www.shqiperia.com\/blog\/wp-content\/uploads\/2022\/12\/800-0-63aec70d588c5.jpg?fit=800%2C395&ssl=1&resize=700%2C400 2x"},"classes":[]},{"id":43794,"url":"https:\/\/www.shqiperia.com\/blog\/gjenerali-i-nato-s-ne-portin-e-durresit-ka-rendesi-strategjike-per-aleancen-rama-gati-tia-jape-arabeve\/","url_meta":{"origin":18097,"position":4},"title":"Gjenerali i NATO-s n\u00eb Portin e Durr\u00ebsit: Ka r\u00ebnd\u00ebsi strategjike p\u00ebr aleanc\u00ebn! Rama gati t\u2019ia jap\u00eb arab\u00ebve","author":"Kurt Farka","date":"February 5, 2021","format":false,"excerpt":"Gjenerali i NATO-s n\u00eb Portin e Durr\u00ebsit: Ka r\u00ebnd\u00ebsi strategjike p\u00ebr aleanc\u00ebn! Rama gati t\u2019ia jap\u00eb arab\u00ebve Publikuar m\u00eb\u00a004.02.2021 Nga: Erjon dervishi Dje Gjenerali i Ushtris\u00eb s\u00eb NATO-s, Joseph Jarrard dhe Z\u00ebvend\u00ebs Komandant i Ushtris\u00eb s\u00eb Shteteve t\u00eb Bashkuara t\u00eb Amerik\u00ebs n\u00eb Europ\u00eb dhe Afrik\u00eb, ndodhen n\u00eb Tiran\u00eb p\u00ebr t\u00eb\u2026","rel":"","context":"In &quot;Blogu i Udh\u00ebtarit&quot;","block_context":{"text":"Blogu i Udh\u00ebtarit","link":"https:\/\/www.shqiperia.com\/blog\/category\/blogu-i-udhetarit\/"},"img":{"alt_text":"","src":"https:\/\/i0.wp.com\/www.shqiperia.com\/blog\/wp-content\/uploads\/2021\/02\/146783256_10158027361015838_5448421882856804037_o-1536x1024-1.jpg?fit=1200%2C623&ssl=1&resize=350%2C200","width":350,"height":200,"srcset":"https:\/\/i0.wp.com\/www.shqiperia.com\/blog\/wp-content\/uploads\/2021\/02\/146783256_10158027361015838_5448421882856804037_o-1536x1024-1.jpg?fit=1200%2C623&ssl=1&resize=350%2C200 1x, https:\/\/i0.wp.com\/www.shqiperia.com\/blog\/wp-content\/uploads\/2021\/02\/146783256_10158027361015838_5448421882856804037_o-1536x1024-1.jpg?fit=1200%2C623&ssl=1&resize=525%2C300 1.5x, https:\/\/i0.wp.com\/www.shqiperia.com\/blog\/wp-content\/uploads\/2021\/02\/146783256_10158027361015838_5448421882856804037_o-1536x1024-1.jpg?fit=1200%2C623&ssl=1&resize=700%2C400 2x, https:\/\/i0.wp.com\/www.shqiperia.com\/blog\/wp-content\/uploads\/2021\/02\/146783256_10158027361015838_5448421882856804037_o-1536x1024-1.jpg?fit=1200%2C623&ssl=1&resize=1050%2C600 3x"},"classes":[]},{"id":51192,"url":"https:\/\/www.shqiperia.com\/blog\/ne-nje-rruge-miqesie-qe-forcohet-dita-dites-rama-pret-ne-zyre-kongresmenet-e-shba-ve-ja-dhuratat-qe-iu-jep-foto\/","url_meta":{"origin":18097,"position":5},"title":"\u201cN\u00eb nj\u00eb rrug\u00eb miq\u00ebsie q\u00eb forcohet dita-dit\u00ebs\u201d. \u00a0Rama pret n\u00eb zyr\u00eb kongresmen\u00ebt e SHBA-ve, ja dhuratat q\u00eb iu jep (FOTO)","author":"Kurt Farka","date":"November 8, 2021","format":false,"excerpt":"\u201cN\u00eb nj\u00eb rrug\u00eb miq\u00ebsie q\u00eb forcohet dita-dit\u00ebs\u201d. \u00a0Rama pret n\u00eb zyr\u00eb kongresmen\u00ebt e SHBA-ve, ja dhuratat q\u00eb iu jep (FOTO) 08 N\u00ebntor 2021 Kryeministri Edi Rama ka pritur sot n\u00eb zyr\u00ebn e tij n\u00eb Kryeministri, senator\u00eb dhe kongresmen\u00eb t\u00eb Shteteve t\u00eb Bashkuara t\u00eb Amerik\u00ebs. Ka qen\u00eb vet zoti Rama ai\u2026","rel":"","context":"In &quot;Press Releases&quot;","block_context":{"text":"Press Releases","link":"https:\/\/www.shqiperia.com\/blog\/category\/press-releases\/"},"img":{"alt_text":"","src":"https:\/\/i0.wp.com\/www.shqiperia.com\/blog\/wp-content\/uploads\/2021\/11\/Rama-ju-jep-dhurata-Senatoreve-amerikane.jpg?fit=1200%2C799&ssl=1&resize=350%2C200","width":350,"height":200,"srcset":"https:\/\/i0.wp.com\/www.shqiperia.com\/blog\/wp-content\/uploads\/2021\/11\/Rama-ju-jep-dhurata-Senatoreve-amerikane.jpg?fit=1200%2C799&ssl=1&resize=350%2C200 1x, https:\/\/i0.wp.com\/www.shqiperia.com\/blog\/wp-content\/uploads\/2021\/11\/Rama-ju-jep-dhurata-Senatoreve-amerikane.jpg?fit=1200%2C799&ssl=1&resize=525%2C300 1.5x, https:\/\/i0.wp.com\/www.shqiperia.com\/blog\/wp-content\/uploads\/2021\/11\/Rama-ju-jep-dhurata-Senatoreve-amerikane.jpg?fit=1200%2C799&ssl=1&resize=700%2C400 2x, https:\/\/i0.wp.com\/www.shqiperia.com\/blog\/wp-content\/uploads\/2021\/11\/Rama-ju-jep-dhurata-Senatoreve-amerikane.jpg?fit=1200%2C799&ssl=1&resize=1050%2C600 3x"},"classes":[]}],"_links":{"self":[{"href":"https:\/\/www.shqiperia.com\/blog\/wp-json\/wp\/v2\/posts\/18097","targetHints":{"allow":["GET"]}}],"collection":[{"href":"https:\/\/www.shqiperia.com\/blog\/wp-json\/wp\/v2\/posts"}],"about":[{"href":"https:\/\/www.shqiperia.com\/blog\/wp-json\/wp\/v2\/types\/post"}],"author":[{"embeddable":true,"href":"https:\/\/www.shqiperia.com\/blog\/wp-json\/wp\/v2\/users\/9"}],"replies":[{"embeddable":true,"href":"https:\/\/www.shqiperia.com\/blog\/wp-json\/wp\/v2\/comments?post=18097"}],"version-history":[{"count":1,"href":"https:\/\/www.shqiperia.com\/blog\/wp-json\/wp\/v2\/posts\/18097\/revisions"}],"predecessor-version":[{"id":18100,"href":"https:\/\/www.shqiperia.com\/blog\/wp-json\/wp\/v2\/posts\/18097\/revisions\/18100"}],"wp:featuredmedia":[{"embeddable":true,"href":"https:\/\/www.shqiperia.com\/blog\/wp-json\/wp\/v2\/media\/18098"}],"wp:attachment":[{"href":"https:\/\/www.shqiperia.com\/blog\/wp-json\/wp\/v2\/media?parent=18097"}],"wp:term":[{"taxonomy":"category","embeddable":true,"href":"https:\/\/www.shqiperia.com\/blog\/wp-json\/wp\/v2\/categories?post=18097"},{"taxonomy":"post_tag","embeddable":true,"href":"https:\/\/www.shqiperia.com\/blog\/wp-json\/wp\/v2\/tags?post=18097"}],"curies":[{"name":"wp","href":"https:\/\/api.w.org\/{rel}","templated":true}]}}