{"id":18091,"date":"2019-03-08T07:50:07","date_gmt":"2019-03-08T07:50:07","guid":{"rendered":"http:\/\/www.shqiperia.com\/blog\/?p=18091"},"modified":"2019-03-08T07:50:07","modified_gmt":"2019-03-08T07:50:07","slug":"restaurimi-dhe-rivitalizimi-i-vunoit","status":"publish","type":"post","link":"https:\/\/www.shqiperia.com\/blog\/restaurimi-dhe-rivitalizimi-i-vunoit\/","title":{"rendered":"RESTAURIMI DHE RIVITALIZIMI I VUNOIT. -."},"content":{"rendered":"<p><img data-recalc-dims=\"1\" loading=\"lazy\" decoding=\"async\" data-attachment-id=\"18092\" data-permalink=\"https:\/\/www.shqiperia.com\/blog\/restaurimi-dhe-rivitalizimi-i-vunoit\/51805279_2326246514276329_1489521003582193664_n\/\" data-orig-file=\"https:\/\/i0.wp.com\/www.shqiperia.com\/blog\/wp-content\/uploads\/2019\/03\/51805279_2326246514276329_1489521003582193664_n.jpg?fit=480%2C254&amp;ssl=1\" data-orig-size=\"480,254\" data-comments-opened=\"1\" data-image-meta=\"{&quot;aperture&quot;:&quot;0&quot;,&quot;credit&quot;:&quot;&quot;,&quot;camera&quot;:&quot;&quot;,&quot;caption&quot;:&quot;&quot;,&quot;created_timestamp&quot;:&quot;0&quot;,&quot;copyright&quot;:&quot;&quot;,&quot;focal_length&quot;:&quot;0&quot;,&quot;iso&quot;:&quot;0&quot;,&quot;shutter_speed&quot;:&quot;0&quot;,&quot;title&quot;:&quot;&quot;,&quot;orientation&quot;:&quot;0&quot;}\" data-image-title=\"51805279_2326246514276329_1489521003582193664_n\" data-image-description=\"\" data-image-caption=\"\" data-medium-file=\"https:\/\/i0.wp.com\/www.shqiperia.com\/blog\/wp-content\/uploads\/2019\/03\/51805279_2326246514276329_1489521003582193664_n.jpg?fit=300%2C159&amp;ssl=1\" data-large-file=\"https:\/\/i0.wp.com\/www.shqiperia.com\/blog\/wp-content\/uploads\/2019\/03\/51805279_2326246514276329_1489521003582193664_n.jpg?fit=480%2C254&amp;ssl=1\" class=\"alignnone  wp-image-18092\" alt=\"\" src=\"https:\/\/i0.wp.com\/www.shqiperia.com\/blog\/wp-content\/uploads\/2019\/03\/51805279_2326246514276329_1489521003582193664_n-300x159.jpg?resize=375%2C199\" width=\"375\" height=\"199\" srcset=\"https:\/\/i0.wp.com\/www.shqiperia.com\/blog\/wp-content\/uploads\/2019\/03\/51805279_2326246514276329_1489521003582193664_n.jpg?resize=300%2C159&amp;ssl=1 300w, https:\/\/i0.wp.com\/www.shqiperia.com\/blog\/wp-content\/uploads\/2019\/03\/51805279_2326246514276329_1489521003582193664_n.jpg?resize=450%2C238&amp;ssl=1 450w, https:\/\/i0.wp.com\/www.shqiperia.com\/blog\/wp-content\/uploads\/2019\/03\/51805279_2326246514276329_1489521003582193664_n.jpg?resize=400%2C212&amp;ssl=1 400w, https:\/\/i0.wp.com\/www.shqiperia.com\/blog\/wp-content\/uploads\/2019\/03\/51805279_2326246514276329_1489521003582193664_n.jpg?w=480&amp;ssl=1 480w\" sizes=\"auto, (max-width: 375px) 100vw, 375px\" \/><\/p>\n<p><a href=\"https:\/\/www.facebook.com\/media\/set\/?set=a.2326246494276331&amp;type=3&amp;__xts__%5B0%5D=68.ARA9DPFBhxXdxIOBnm1psesGdJ3gSJl85xAHVfmTGtH0-UTgLk4S0wySRmOU7Gsm-6Me0K8__IymGpPI543P5_imY669t-Fsdswz7FE1mcWtdJcsytlqJEFsBOnoEOSMsZk1RVSmxpuV6cMWatZwA0S3P2AM4CJtuHdjH2qdae38qOcd90XJG4t7Jw_lFDdIRD0weVhjf-zZuhgxsnrjiUkMycRf7nKn9y1KzIXOnHbtV9WMfXu00rPcxeA2VeqCVE1OET1BGjGa_nh3QT82FhOk-SAMuOy7JA11XU4Zu5rRqyXkYoi86Bl-RLcZP_uq4hcLtqWTWy8_-OIJSGUQHBZUOyszPQ6QKcRqE9tpRV9SvI_drNOwyl_qVjqNk1QD5L0CaiCMBzNf5y9Ja-7QT6Y0f6YLtkA5YBHWOBfbr9AhE39sVM66iLz72idpMSFHbpzkLK8V05PzmjQR9mxv8dLgzQ&amp;__tn__=-UC-R\">RESTAURIMI DHE RIVITALIZIMI I VUNOIT<\/a>. -.<\/p>\n<p>Bashkia Himar\u00eb \u00ebsht\u00eb duke p\u00ebrjetuar nj\u00eb transformim rr\u00ebnj\u00ebsor fal\u00eb investimeve t\u00eb integruara q\u00eb po b\u00ebhen n\u00eb gjith\u00eb territorin e saj. N\u00eb kuad\u00ebr t\u00eb projektit \u201cPun\u00ebt n\u00eb Komunitet IV\u201d t\u00eb mundesuar nga Fondi Shqiptar i Zhvillimit n\u00eb bashk\u00ebpunim me Institutin e Monumenteve t\u00eb Kultur\u00ebs dhe Bashkin\u00eb Himar\u00eb, jan\u00eb m\u00eb shum\u00eb se 10 milion\u00eb Euro investime t\u00eb reja t\u00eb cilat kan\u00eb filluar nga puna dhe financohen nga Banka e K\u00ebshillit t\u00eb Europ\u00ebs p\u00ebr Zhvillim (CEB).<\/p>\n<p><img data-recalc-dims=\"1\" loading=\"lazy\" decoding=\"async\" data-attachment-id=\"18093\" data-permalink=\"https:\/\/www.shqiperia.com\/blog\/restaurimi-dhe-rivitalizimi-i-vunoit\/51805279_2326246514276329_1489521003582193664_n-1\/\" data-orig-file=\"https:\/\/i0.wp.com\/www.shqiperia.com\/blog\/wp-content\/uploads\/2019\/03\/51805279_2326246514276329_1489521003582193664_n-1.jpg?fit=960%2C320&amp;ssl=1\" data-orig-size=\"960,320\" data-comments-opened=\"1\" data-image-meta=\"{&quot;aperture&quot;:&quot;0&quot;,&quot;credit&quot;:&quot;&quot;,&quot;camera&quot;:&quot;&quot;,&quot;caption&quot;:&quot;&quot;,&quot;created_timestamp&quot;:&quot;0&quot;,&quot;copyright&quot;:&quot;&quot;,&quot;focal_length&quot;:&quot;0&quot;,&quot;iso&quot;:&quot;0&quot;,&quot;shutter_speed&quot;:&quot;0&quot;,&quot;title&quot;:&quot;&quot;,&quot;orientation&quot;:&quot;0&quot;}\" data-image-title=\"51805279_2326246514276329_1489521003582193664_n (1)\" data-image-description=\"\" data-image-caption=\"\" data-medium-file=\"https:\/\/i0.wp.com\/www.shqiperia.com\/blog\/wp-content\/uploads\/2019\/03\/51805279_2326246514276329_1489521003582193664_n-1.jpg?fit=300%2C100&amp;ssl=1\" data-large-file=\"https:\/\/i0.wp.com\/www.shqiperia.com\/blog\/wp-content\/uploads\/2019\/03\/51805279_2326246514276329_1489521003582193664_n-1.jpg?fit=960%2C320&amp;ssl=1\" class=\"alignnone  wp-image-18093\" alt=\"\" src=\"https:\/\/i0.wp.com\/www.shqiperia.com\/blog\/wp-content\/uploads\/2019\/03\/51805279_2326246514276329_1489521003582193664_n-1-300x100.jpg?resize=819%2C273\" width=\"819\" height=\"273\" srcset=\"https:\/\/i0.wp.com\/www.shqiperia.com\/blog\/wp-content\/uploads\/2019\/03\/51805279_2326246514276329_1489521003582193664_n-1.jpg?resize=300%2C100&amp;ssl=1 300w, https:\/\/i0.wp.com\/www.shqiperia.com\/blog\/wp-content\/uploads\/2019\/03\/51805279_2326246514276329_1489521003582193664_n-1.jpg?resize=768%2C256&amp;ssl=1 768w, https:\/\/i0.wp.com\/www.shqiperia.com\/blog\/wp-content\/uploads\/2019\/03\/51805279_2326246514276329_1489521003582193664_n-1.jpg?resize=450%2C150&amp;ssl=1 450w, https:\/\/i0.wp.com\/www.shqiperia.com\/blog\/wp-content\/uploads\/2019\/03\/51805279_2326246514276329_1489521003582193664_n-1.jpg?resize=600%2C200&amp;ssl=1 600w, https:\/\/i0.wp.com\/www.shqiperia.com\/blog\/wp-content\/uploads\/2019\/03\/51805279_2326246514276329_1489521003582193664_n-1.jpg?resize=400%2C133&amp;ssl=1 400w, https:\/\/i0.wp.com\/www.shqiperia.com\/blog\/wp-content\/uploads\/2019\/03\/51805279_2326246514276329_1489521003582193664_n-1.jpg?w=960&amp;ssl=1 960w\" sizes=\"auto, (max-width: 819px) 100vw, 819px\" \/><br \/>\nKy projekt parashikon rikualifikimin urban t\u00eb t\u00eb gjith\u00eb zon\u00ebs, p\u00ebrfshir\u00eb Himar\u00ebn, Dh\u00ebrmiun, Vunoin, zonat begdetare n\u00eb Jal\u00eb dhe Dh\u00ebrmi, infrastruktur\u00ebn rrugore, parkimin dhe plazhin publik n\u00eb Dhraleo, etj. Nd\u00ebrhyrja konsiston n\u00eb nd\u00ebrtim\/rikonstruksionin e rrug\u00ebve, kalldr\u00ebmeve, uj\u00ebsjell\u00ebs &#8211; kanalizime, fasada, \u00e7ati, sheshe, sh\u00ebtitore, trotuare, plazhe, vendparkime, ndri\u00e7im publik, etj.<\/p>\n<p><img data-recalc-dims=\"1\" loading=\"lazy\" decoding=\"async\" data-attachment-id=\"18094\" data-permalink=\"https:\/\/www.shqiperia.com\/blog\/restaurimi-dhe-rivitalizimi-i-vunoit\/52366940_2326246530942994_1682128446899093504_n-1\/\" data-orig-file=\"https:\/\/i0.wp.com\/www.shqiperia.com\/blog\/wp-content\/uploads\/2019\/03\/52366940_2326246530942994_1682128446899093504_n-1.jpg?fit=960%2C320&amp;ssl=1\" data-orig-size=\"960,320\" data-comments-opened=\"1\" data-image-meta=\"{&quot;aperture&quot;:&quot;0&quot;,&quot;credit&quot;:&quot;&quot;,&quot;camera&quot;:&quot;&quot;,&quot;caption&quot;:&quot;&quot;,&quot;created_timestamp&quot;:&quot;0&quot;,&quot;copyright&quot;:&quot;&quot;,&quot;focal_length&quot;:&quot;0&quot;,&quot;iso&quot;:&quot;0&quot;,&quot;shutter_speed&quot;:&quot;0&quot;,&quot;title&quot;:&quot;&quot;,&quot;orientation&quot;:&quot;0&quot;}\" data-image-title=\"52366940_2326246530942994_1682128446899093504_n (1)\" data-image-description=\"\" data-image-caption=\"\" data-medium-file=\"https:\/\/i0.wp.com\/www.shqiperia.com\/blog\/wp-content\/uploads\/2019\/03\/52366940_2326246530942994_1682128446899093504_n-1.jpg?fit=300%2C100&amp;ssl=1\" data-large-file=\"https:\/\/i0.wp.com\/www.shqiperia.com\/blog\/wp-content\/uploads\/2019\/03\/52366940_2326246530942994_1682128446899093504_n-1.jpg?fit=960%2C320&amp;ssl=1\" class=\"alignnone  wp-image-18094\" alt=\"\" src=\"https:\/\/i0.wp.com\/www.shqiperia.com\/blog\/wp-content\/uploads\/2019\/03\/52366940_2326246530942994_1682128446899093504_n-1-300x100.jpg?resize=888%2C296\" width=\"888\" height=\"296\" srcset=\"https:\/\/i0.wp.com\/www.shqiperia.com\/blog\/wp-content\/uploads\/2019\/03\/52366940_2326246530942994_1682128446899093504_n-1.jpg?resize=300%2C100&amp;ssl=1 300w, https:\/\/i0.wp.com\/www.shqiperia.com\/blog\/wp-content\/uploads\/2019\/03\/52366940_2326246530942994_1682128446899093504_n-1.jpg?resize=768%2C256&amp;ssl=1 768w, https:\/\/i0.wp.com\/www.shqiperia.com\/blog\/wp-content\/uploads\/2019\/03\/52366940_2326246530942994_1682128446899093504_n-1.jpg?resize=450%2C150&amp;ssl=1 450w, https:\/\/i0.wp.com\/www.shqiperia.com\/blog\/wp-content\/uploads\/2019\/03\/52366940_2326246530942994_1682128446899093504_n-1.jpg?resize=600%2C200&amp;ssl=1 600w, https:\/\/i0.wp.com\/www.shqiperia.com\/blog\/wp-content\/uploads\/2019\/03\/52366940_2326246530942994_1682128446899093504_n-1.jpg?resize=400%2C133&amp;ssl=1 400w, https:\/\/i0.wp.com\/www.shqiperia.com\/blog\/wp-content\/uploads\/2019\/03\/52366940_2326246530942994_1682128446899093504_n-1.jpg?w=960&amp;ssl=1 960w\" sizes=\"auto, (max-width: 888px) 100vw, 888px\" \/><br \/>\nDRKK Vlor\u00eb \u00ebsht\u00eb nj\u00eb nga monitoruesit e k\u00ebtij projekti investimet e t\u00eb cilit do t\u00eb ken\u00eb impakt t\u00eb drejtp\u00ebrdrejt\u00eb n\u00eb zhvillimin e sektorit t\u00eb turizmit, rritjen e numrit t\u00eb turist\u00ebve, rritjen e pun\u00ebsimit, p\u00ebrmir\u00ebsimin e cil\u00ebsis\u00eb s\u00eb sh\u00ebrbimeve, e p\u00ebr rrjedhoj\u00eb t\u00eb ardhura m\u00eb t\u00eb larta p\u00ebr familjet himarjote. Sezoni turistik i k\u00ebtij viti do ta gjej\u00eb t\u00eb gjith\u00eb territorin e Bashkis\u00eb Himar\u00eb t\u00eb transformuar n\u00eb fush\u00ebn e trash\u00ebgimis\u00eb kulturore dhe t\u00eb gatsh\u00ebm p\u00ebr nj\u00eb sezon turistik cil\u00ebsor.<br \/>\nM\u00eb posht\u00eb disa foto nga punimet dhe transformimi q\u00eb po p\u00ebrjeton qendra historike e fshatit Vuno.<\/p>\n<p><img data-recalc-dims=\"1\" loading=\"lazy\" decoding=\"async\" data-attachment-id=\"18095\" data-permalink=\"https:\/\/www.shqiperia.com\/blog\/restaurimi-dhe-rivitalizimi-i-vunoit\/52063712_2326246590942988_9140316178328059904_n\/\" data-orig-file=\"https:\/\/i0.wp.com\/www.shqiperia.com\/blog\/wp-content\/uploads\/2019\/03\/52063712_2326246590942988_9140316178328059904_n.jpg?fit=960%2C320&amp;ssl=1\" data-orig-size=\"960,320\" data-comments-opened=\"1\" data-image-meta=\"{&quot;aperture&quot;:&quot;0&quot;,&quot;credit&quot;:&quot;&quot;,&quot;camera&quot;:&quot;&quot;,&quot;caption&quot;:&quot;&quot;,&quot;created_timestamp&quot;:&quot;0&quot;,&quot;copyright&quot;:&quot;&quot;,&quot;focal_length&quot;:&quot;0&quot;,&quot;iso&quot;:&quot;0&quot;,&quot;shutter_speed&quot;:&quot;0&quot;,&quot;title&quot;:&quot;&quot;,&quot;orientation&quot;:&quot;0&quot;}\" data-image-title=\"52063712_2326246590942988_9140316178328059904_n\" data-image-description=\"\" data-image-caption=\"\" data-medium-file=\"https:\/\/i0.wp.com\/www.shqiperia.com\/blog\/wp-content\/uploads\/2019\/03\/52063712_2326246590942988_9140316178328059904_n.jpg?fit=300%2C100&amp;ssl=1\" data-large-file=\"https:\/\/i0.wp.com\/www.shqiperia.com\/blog\/wp-content\/uploads\/2019\/03\/52063712_2326246590942988_9140316178328059904_n.jpg?fit=960%2C320&amp;ssl=1\" class=\"alignnone  wp-image-18095\" alt=\"\" src=\"https:\/\/i0.wp.com\/www.shqiperia.com\/blog\/wp-content\/uploads\/2019\/03\/52063712_2326246590942988_9140316178328059904_n-300x100.jpg?resize=876%2C292\" width=\"876\" height=\"292\" srcset=\"https:\/\/i0.wp.com\/www.shqiperia.com\/blog\/wp-content\/uploads\/2019\/03\/52063712_2326246590942988_9140316178328059904_n.jpg?resize=300%2C100&amp;ssl=1 300w, https:\/\/i0.wp.com\/www.shqiperia.com\/blog\/wp-content\/uploads\/2019\/03\/52063712_2326246590942988_9140316178328059904_n.jpg?resize=768%2C256&amp;ssl=1 768w, https:\/\/i0.wp.com\/www.shqiperia.com\/blog\/wp-content\/uploads\/2019\/03\/52063712_2326246590942988_9140316178328059904_n.jpg?resize=450%2C150&amp;ssl=1 450w, https:\/\/i0.wp.com\/www.shqiperia.com\/blog\/wp-content\/uploads\/2019\/03\/52063712_2326246590942988_9140316178328059904_n.jpg?resize=600%2C200&amp;ssl=1 600w, https:\/\/i0.wp.com\/www.shqiperia.com\/blog\/wp-content\/uploads\/2019\/03\/52063712_2326246590942988_9140316178328059904_n.jpg?resize=400%2C133&amp;ssl=1 400w, https:\/\/i0.wp.com\/www.shqiperia.com\/blog\/wp-content\/uploads\/2019\/03\/52063712_2326246590942988_9140316178328059904_n.jpg?w=960&amp;ssl=1 960w\" sizes=\"auto, (max-width: 876px) 100vw, 876px\" \/><\/p>\n<p><a href=\"https:\/\/www.facebook.com\/hashtag\/drkkvlor%C3%AB?source=feed_text&amp;epa=HASHTAG&amp;__xts__%5B0%5D=68.ARA9DPFBhxXdxIOBnm1psesGdJ3gSJl85xAHVfmTGtH0-UTgLk4S0wySRmOU7Gsm-6Me0K8__IymGpPI543P5_imY669t-Fsdswz7FE1mcWtdJcsytlqJEFsBOnoEOSMsZk1RVSmxpuV6cMWatZwA0S3P2AM4CJtuHdjH2qdae38qOcd90XJG4t7Jw_lFDdIRD0weVhjf-zZuhgxsnrjiUkMycRf7nKn9y1KzIXOnHbtV9WMfXu00rPcxeA2VeqCVE1OET1BGjGa_nh3QT82FhOk-SAMuOy7JA11XU4Zu5rRqyXkYoi86Bl-RLcZP_uq4hcLtqWTWy8_-OIJSGUQHBZUOyszPQ6QKcRqE9tpRV9SvI_drNOwyl_qVjqNk1QD5L0CaiCMBzNf5y9Ja-7QT6Y0f6YLtkA5YBHWOBfbr9AhE39sVM66iLz72idpMSFHbpzkLK8V05PzmjQR9mxv8dLgzQ&amp;__tn__=%2ANK-R\">#DRKKVlor\u00eb<\/a><\/p>\n","protected":false},"excerpt":{"rendered":"<p>RESTAURIMI DHE RIVITALIZIMI I VUNOIT. -. Bashkia Himar\u00eb \u00ebsht\u00eb duke p\u00ebrjetuar nj\u00eb transformim rr\u00ebnj\u00ebsor fal\u00eb investimeve t\u00eb integruara q\u00eb po b\u00ebhen n\u00eb gjith\u00eb territorin e saj. N\u00eb kuad\u00ebr t\u00eb projektit \u201cPun\u00ebt n\u00eb Komunitet IV\u201d t\u00eb mundesuar nga Fondi Shqiptar i Zhvillimit n\u00eb bashk\u00ebpunim me Institutin e Monumenteve t\u00eb Kultur\u00ebs dhe Bashkin\u00eb Himar\u00eb, jan\u00eb m\u00eb shum\u00eb [&hellip;]<\/p>\n","protected":false},"author":9,"featured_media":18092,"comment_status":"open","ping_status":"open","sticky":false,"template":"","format":"standard","meta":{"jetpack_post_was_ever_published":false,"_jetpack_newsletter_access":"","_jetpack_dont_email_post_to_subs":false,"_jetpack_newsletter_tier_id":0,"_jetpack_memberships_contains_paywalled_content":false,"_jetpack_memberships_contains_paid_content":false,"footnotes":"","jetpack_publicize_message":"","jetpack_publicize_feature_enabled":true,"jetpack_social_post_already_shared":true,"jetpack_social_options":{"image_generator_settings":{"template":"highway","default_image_id":0,"font":"","enabled":false},"version":2}},"categories":[27,10,86],"tags":[],"class_list":["post-18091","post","type-post","status-publish","format-standard","has-post-thumbnail","hentry","category-blogu-i-udhetarit","category-kultura","category-trashegimi-kulturore"],"jetpack_publicize_connections":[],"jetpack_featured_media_url":"https:\/\/i0.wp.com\/www.shqiperia.com\/blog\/wp-content\/uploads\/2019\/03\/51805279_2326246514276329_1489521003582193664_n.jpg?fit=480%2C254&ssl=1","jetpack_sharing_enabled":true,"jetpack_shortlink":"https:\/\/wp.me\/p5Z6wp-4HN","jetpack-related-posts":[{"id":15474,"url":"https:\/\/www.shqiperia.com\/blog\/trashegimia-ne-rrenoja-e-fshatit-te-braktisur-mesjetar-te-tragjasit-ruajtja-dhe-rivitalizimi-i-se-harruares\/","url_meta":{"origin":18091,"position":0},"title":"\u201cTrash\u00ebgimia n\u00eb rr\u00ebnoja e fshatit t\u00eb braktisur mesjetar t\u00eb Tragjasit: Ruajtja dhe rivitalizimi i s\u00eb harruar\u00ebs\u201d.-","author":"Kurt Farka","date":"January 1, 2019","format":false,"excerpt":"\u201cTrash\u00ebgimia n\u00eb rr\u00ebnoja e fshatit t\u00eb braktisur mesjetar t\u00eb Tragjasit: Ruajtja dhe rivitalizimi i s\u00eb harruar\u00ebs\u201d.- Autor\u00eb: Florian Nepravishta, Ledita Mezini, Arta Dollani. Monografia: \u201cTrash\u00ebgimia n\u00eb rr\u00ebnoja e fshatit t\u00eb braktisur mesjetar t\u00eb Tragjasit: Ruajtja dhe rivitalizimi i s\u00eb harruar\u00ebs\u201d \u00ebsht\u00eb realizuar n\u00eb kuadrin e pun\u00ebs k\u00ebrkimore t\u00eb Fakultetit t\u00eb\u2026","rel":"","context":"In &quot;Histori&quot;","block_context":{"text":"Histori","link":"https:\/\/www.shqiperia.com\/blog\/category\/histori\/"},"img":{"alt_text":"","src":"https:\/\/i0.wp.com\/www.shqiperia.com\/blog\/wp-content\/uploads\/2019\/01\/Trashegimia-e-Tragjasit-2.jpg?fit=750%2C462&ssl=1&resize=350%2C200","width":350,"height":200,"srcset":"https:\/\/i0.wp.com\/www.shqiperia.com\/blog\/wp-content\/uploads\/2019\/01\/Trashegimia-e-Tragjasit-2.jpg?fit=750%2C462&ssl=1&resize=350%2C200 1x, https:\/\/i0.wp.com\/www.shqiperia.com\/blog\/wp-content\/uploads\/2019\/01\/Trashegimia-e-Tragjasit-2.jpg?fit=750%2C462&ssl=1&resize=525%2C300 1.5x, https:\/\/i0.wp.com\/www.shqiperia.com\/blog\/wp-content\/uploads\/2019\/01\/Trashegimia-e-Tragjasit-2.jpg?fit=750%2C462&ssl=1&resize=700%2C400 2x"},"classes":[]},{"id":13025,"url":"https:\/\/www.shqiperia.com\/blog\/restaurimi-i-monumenteve-te-arkitektures-libri-i-ri-i-aleksander-meksit\/","url_meta":{"origin":18091,"position":1},"title":"\u201cRestaurimi i monumenteve t\u00eb arkitektur\u00ebs\u201d, &#8211; libri i Ri i Aleksand\u00ebr Meksit. &#8211;","author":"Kurt Farka","date":"October 25, 2018","format":false,"excerpt":"\u201cRestaurimi i monumenteve t\u00eb arkitektur\u00ebs\u201d, - libri i Ri i Aleksand\u00ebr Meksit. - Instituti i Monumenteve t\u00eb Kultur\u00ebs ka publikuar s\u00eb fundi librin e autorit Aleksand\u00ebr Meksi \u201dRestaurimi i monumenteve t\u00eb arkitektur\u00ebs\u201d. \u00a0Libri \u201cRestaurimi i monumenteve t\u00eb arkitektur\u00ebs\u201d \u00ebsht\u00eb fryt i pun\u00ebs disavje\u00e7are t\u00eb prof. Aleksand\u00ebr Meksit n\u00eb fush\u00ebn e\u2026","rel":"","context":"In &quot;Arte&quot;","block_context":{"text":"Arte","link":"https:\/\/www.shqiperia.com\/blog\/category\/arte\/"},"img":{"alt_text":"","src":"https:\/\/i0.wp.com\/www.shqiperia.com\/blog\/wp-content\/uploads\/2018\/10\/Restaurimi-i-monumenteve-te-Arkitektures.jpg?fit=800%2C436&ssl=1&resize=350%2C200","width":350,"height":200,"srcset":"https:\/\/i0.wp.com\/www.shqiperia.com\/blog\/wp-content\/uploads\/2018\/10\/Restaurimi-i-monumenteve-te-Arkitektures.jpg?fit=800%2C436&ssl=1&resize=350%2C200 1x, https:\/\/i0.wp.com\/www.shqiperia.com\/blog\/wp-content\/uploads\/2018\/10\/Restaurimi-i-monumenteve-te-Arkitektures.jpg?fit=800%2C436&ssl=1&resize=525%2C300 1.5x, https:\/\/i0.wp.com\/www.shqiperia.com\/blog\/wp-content\/uploads\/2018\/10\/Restaurimi-i-monumenteve-te-Arkitektures.jpg?fit=800%2C436&ssl=1&resize=700%2C400 2x"},"classes":[]},{"id":10425,"url":"https:\/\/www.shqiperia.com\/blog\/libofsh-nis-restaurimi-i-kishes-se-shen-gjergjit\/","url_meta":{"origin":18091,"position":2},"title":"Libofsh, nis restaurimi i Kish\u00ebs s\u00eb Sh\u00ebn Gjergjit. &#8211;","author":"Kurt Farka","date":"July 31, 2018","format":false,"excerpt":"Libofsh, nis restaurimi i Kish\u00ebs s\u00eb Sh\u00ebn Gjergjit. - Nj\u00eb tjet\u00ebr atraksion turistik i shtohet itinerarit m\u00eb t\u00eb ri t\u00eb \u201dRrug\u00ebve t\u00eb besimit\u201d. Nis puna p\u00ebr restaurimin e Kish\u00ebs s\u00eb Sh\u00ebn Gjergjit, Libofsh\u00eb, Fier. Ky restaurimi dhe rijet\u00ebzim nj\u00eb tjet\u00ebr pasuri kulturore vjen fal\u00eb bashk\u00ebpunimit dhe mb\u00ebshtetjes financiare t\u00eb dh\u00ebn\u00eb\u2026","rel":"","context":"In &quot;Histori&quot;","block_context":{"text":"Histori","link":"https:\/\/www.shqiperia.com\/blog\/category\/histori\/"},"img":{"alt_text":"","src":"https:\/\/i0.wp.com\/www.shqiperia.com\/blog\/wp-content\/uploads\/2018\/07\/Kisha-Libofsh.jpg?resize=350%2C200","width":350,"height":200},"classes":[]},{"id":9509,"url":"https:\/\/www.shqiperia.com\/blog\/restaurimi-i-6-xhamive-rama-dhe-agjensia-turke-keto-jane-fonde-te-vellait-erdogan\/","url_meta":{"origin":18091,"position":3},"title":"Restaurimi i 6 xhamive. Rama dhe Agjensia Turke: -Keto jane fonde te Vellait Erdogan. &#8211;","author":"Kurt Farka","date":"July 6, 2018","format":false,"excerpt":"Restaurimi i 6 xhamive. Rama dhe Agjensia Turke: -Keto jane fonde te Vellait Erdogan. - -Rama \u2013suksese me parate e huaja, Po Qeveria RAMA. Projekti m\u00eb i fundit q\u00eb financoi TIKA n\u00eb vendin ton\u00eb ka qen\u00eb dhe fondi q\u00eb akordoi p\u00ebr disa xhami n\u00eb vendin ton\u00eb. N\u00eb vitin q\u00eb lam\u00eb\u2026","rel":"","context":"In &quot;Njoftime Shtypi&quot;","block_context":{"text":"Njoftime Shtypi","link":"https:\/\/www.shqiperia.com\/blog\/category\/njoftime-shtypi\/"},"img":{"alt_text":"","src":"https:\/\/i0.wp.com\/www.shqiperia.com\/blog\/wp-content\/uploads\/2018\/07\/36755031_10214816049586583_2123171216821846016_n-1.jpg?fit=693%2C471&ssl=1&resize=350%2C200","width":350,"height":200,"srcset":"https:\/\/i0.wp.com\/www.shqiperia.com\/blog\/wp-content\/uploads\/2018\/07\/36755031_10214816049586583_2123171216821846016_n-1.jpg?fit=693%2C471&ssl=1&resize=350%2C200 1x, https:\/\/i0.wp.com\/www.shqiperia.com\/blog\/wp-content\/uploads\/2018\/07\/36755031_10214816049586583_2123171216821846016_n-1.jpg?fit=693%2C471&ssl=1&resize=525%2C300 1.5x"},"classes":[]},{"id":84337,"url":"https:\/\/www.shqiperia.com\/blog\/7-ikona-ne-proces-restaurimi-nga-specialistet-e-muzeut-te-artit-mesjetar\/","url_meta":{"origin":18091,"position":4},"title":"7 ikona n\u00eb proces restaurimi nga specialist\u00ebt e Muzeut t\u00eb Artit Mesjetar","author":"Kurt Farka","date":"September 11, 2024","format":false,"excerpt":"11 Shtator 2024 Specialist\u00ebt e laboratorit t\u00eb restaurimit n\u00eb Muzeun Komb\u00ebtar t\u00eb Artit Mesjetar n\u00eb Kor\u00e7\u00eb, me p\u00ebrkushtim shp\u00ebtojn\u00eb \u00e7do dit\u00eb thesaret e trash\u00ebgimis\u00eb son\u00eb kulturore. N\u00eb baz\u00eb t\u00eb nj\u00eb marr\u00ebveshjeje mes Muzeut Komb\u00ebtar t\u00eb Artit Mesjetar dhe Universitetit Politeknik Tiran\u00eb, n\u00eb kuad\u00ebr t\u00eb projektit \u201cHartografimi dhe dokumentimi i zonave\u2026","rel":"","context":"In &quot;Arte&quot;","block_context":{"text":"Arte","link":"https:\/\/www.shqiperia.com\/blog\/category\/arte\/"},"img":{"alt_text":"","src":"https:\/\/i0.wp.com\/www.shqiperia.com\/blog\/wp-content\/uploads\/2024\/09\/640-0-ja-1725787349-Kopjo.png?fit=640%2C439&ssl=1&resize=350%2C200","width":350,"height":200,"srcset":"https:\/\/i0.wp.com\/www.shqiperia.com\/blog\/wp-content\/uploads\/2024\/09\/640-0-ja-1725787349-Kopjo.png?fit=640%2C439&ssl=1&resize=350%2C200 1x, https:\/\/i0.wp.com\/www.shqiperia.com\/blog\/wp-content\/uploads\/2024\/09\/640-0-ja-1725787349-Kopjo.png?fit=640%2C439&ssl=1&resize=525%2C300 1.5x"},"classes":[]},{"id":4883,"url":"https:\/\/www.shqiperia.com\/blog\/restaurimi-ikones-shen-vasili-johan-gojearti-dhe-shen-grigori\/","url_meta":{"origin":18091,"position":5},"title":"Restaurimi i ikon\u00ebs Sh\u00ebn Vasili, Johan Goj\u00ebarti dhe Sh\u00ebn Grigori. &#8211;","author":"Kurt Farka","date":"March 15, 2018","format":false,"excerpt":"-Ikona IN 3766, me permasa 46 x 35 x 4 cm \u00ebsht\u00eb punuar n\u00eb teknik\u00ebn e temperas dhe datohet ne fund te shek XVIII deri n\u00eb fillim shek. XIX. Problematika e saj ishte mjaft komplekse duke filluar q\u00eb nga paneli i drurit i \u00e7ar\u00eb n\u00eb dy pjese, rr\u00ebzimet e gruntit,\u2026","rel":"","context":"In &quot;Arte&quot;","block_context":{"text":"Arte","link":"https:\/\/www.shqiperia.com\/blog\/category\/arte\/"},"img":{"alt_text":"","src":"https:\/\/i0.wp.com\/www.shqiperia.com\/blog\/wp-content\/uploads\/2018\/03\/1-ikona-Sh%C3%ABn-Vasili-Johan-Goj%C3%ABarti-dhe-Sh%C3%ABn-Grigori-Korce-2-Copy.jpg?fit=723%2C448&ssl=1&resize=350%2C200","width":350,"height":200,"srcset":"https:\/\/i0.wp.com\/www.shqiperia.com\/blog\/wp-content\/uploads\/2018\/03\/1-ikona-Sh%C3%ABn-Vasili-Johan-Goj%C3%ABarti-dhe-Sh%C3%ABn-Grigori-Korce-2-Copy.jpg?fit=723%2C448&ssl=1&resize=350%2C200 1x, https:\/\/i0.wp.com\/www.shqiperia.com\/blog\/wp-content\/uploads\/2018\/03\/1-ikona-Sh%C3%ABn-Vasili-Johan-Goj%C3%ABarti-dhe-Sh%C3%ABn-Grigori-Korce-2-Copy.jpg?fit=723%2C448&ssl=1&resize=525%2C300 1.5x, https:\/\/i0.wp.com\/www.shqiperia.com\/blog\/wp-content\/uploads\/2018\/03\/1-ikona-Sh%C3%ABn-Vasili-Johan-Goj%C3%ABarti-dhe-Sh%C3%ABn-Grigori-Korce-2-Copy.jpg?fit=723%2C448&ssl=1&resize=700%2C400 2x"},"classes":[]}],"_links":{"self":[{"href":"https:\/\/www.shqiperia.com\/blog\/wp-json\/wp\/v2\/posts\/18091","targetHints":{"allow":["GET"]}}],"collection":[{"href":"https:\/\/www.shqiperia.com\/blog\/wp-json\/wp\/v2\/posts"}],"about":[{"href":"https:\/\/www.shqiperia.com\/blog\/wp-json\/wp\/v2\/types\/post"}],"author":[{"embeddable":true,"href":"https:\/\/www.shqiperia.com\/blog\/wp-json\/wp\/v2\/users\/9"}],"replies":[{"embeddable":true,"href":"https:\/\/www.shqiperia.com\/blog\/wp-json\/wp\/v2\/comments?post=18091"}],"version-history":[{"count":1,"href":"https:\/\/www.shqiperia.com\/blog\/wp-json\/wp\/v2\/posts\/18091\/revisions"}],"predecessor-version":[{"id":18096,"href":"https:\/\/www.shqiperia.com\/blog\/wp-json\/wp\/v2\/posts\/18091\/revisions\/18096"}],"wp:featuredmedia":[{"embeddable":true,"href":"https:\/\/www.shqiperia.com\/blog\/wp-json\/wp\/v2\/media\/18092"}],"wp:attachment":[{"href":"https:\/\/www.shqiperia.com\/blog\/wp-json\/wp\/v2\/media?parent=18091"}],"wp:term":[{"taxonomy":"category","embeddable":true,"href":"https:\/\/www.shqiperia.com\/blog\/wp-json\/wp\/v2\/categories?post=18091"},{"taxonomy":"post_tag","embeddable":true,"href":"https:\/\/www.shqiperia.com\/blog\/wp-json\/wp\/v2\/tags?post=18091"}],"curies":[{"name":"wp","href":"https:\/\/api.w.org\/{rel}","templated":true}]}}