{"id":18086,"date":"2019-03-07T21:45:26","date_gmt":"2019-03-07T21:45:26","guid":{"rendered":"http:\/\/www.shqiperia.com\/blog\/?p=18086"},"modified":"2019-03-07T21:45:26","modified_gmt":"2019-03-07T21:45:26","slug":"antoneta-papapavli-historia-e-nje-aktoreje-foto","status":"publish","type":"post","link":"https:\/\/www.shqiperia.com\/blog\/antoneta-papapavli-historia-e-nje-aktoreje-foto\/","title":{"rendered":"Antoneta Papapavli, historia e nj\u00eb aktoreje (Foto)."},"content":{"rendered":"<p><img data-recalc-dims=\"1\" loading=\"lazy\" decoding=\"async\" data-attachment-id=\"18087\" data-permalink=\"https:\/\/www.shqiperia.com\/blog\/antoneta-papapavli-historia-e-nje-aktoreje-foto\/antoneta-papapavli-2\/\" data-orig-file=\"https:\/\/i0.wp.com\/www.shqiperia.com\/blog\/wp-content\/uploads\/2019\/03\/Antoneta-Papapavli-2.jpg?fit=540%2C281&amp;ssl=1\" data-orig-size=\"540,281\" data-comments-opened=\"1\" data-image-meta=\"{&quot;aperture&quot;:&quot;0&quot;,&quot;credit&quot;:&quot;&quot;,&quot;camera&quot;:&quot;&quot;,&quot;caption&quot;:&quot;&quot;,&quot;created_timestamp&quot;:&quot;0&quot;,&quot;copyright&quot;:&quot;&quot;,&quot;focal_length&quot;:&quot;0&quot;,&quot;iso&quot;:&quot;0&quot;,&quot;shutter_speed&quot;:&quot;0&quot;,&quot;title&quot;:&quot;&quot;,&quot;orientation&quot;:&quot;0&quot;}\" data-image-title=\"Antoneta Papapavli (2)\" data-image-description=\"\" data-image-caption=\"\" data-medium-file=\"https:\/\/i0.wp.com\/www.shqiperia.com\/blog\/wp-content\/uploads\/2019\/03\/Antoneta-Papapavli-2.jpg?fit=300%2C156&amp;ssl=1\" data-large-file=\"https:\/\/i0.wp.com\/www.shqiperia.com\/blog\/wp-content\/uploads\/2019\/03\/Antoneta-Papapavli-2.jpg?fit=540%2C281&amp;ssl=1\" class=\"alignnone  wp-image-18087\" alt=\"\" src=\"https:\/\/i0.wp.com\/www.shqiperia.com\/blog\/wp-content\/uploads\/2019\/03\/Antoneta-Papapavli-2-300x156.jpg?resize=421%2C219\" width=\"421\" height=\"219\" srcset=\"https:\/\/i0.wp.com\/www.shqiperia.com\/blog\/wp-content\/uploads\/2019\/03\/Antoneta-Papapavli-2.jpg?resize=300%2C156&amp;ssl=1 300w, https:\/\/i0.wp.com\/www.shqiperia.com\/blog\/wp-content\/uploads\/2019\/03\/Antoneta-Papapavli-2.jpg?resize=450%2C234&amp;ssl=1 450w, https:\/\/i0.wp.com\/www.shqiperia.com\/blog\/wp-content\/uploads\/2019\/03\/Antoneta-Papapavli-2.jpg?w=540&amp;ssl=1 540w, https:\/\/i0.wp.com\/www.shqiperia.com\/blog\/wp-content\/uploads\/2019\/03\/Antoneta-Papapavli-2.jpg?resize=400%2C208&amp;ssl=1 400w\" sizes=\"auto, (max-width: 421px) 100vw, 421px\" \/><\/p>\n<p>Antoneta Papapavli, historia e nj\u00eb aktoreje (Foto).<\/p>\n<p>N\u00eb historin\u00eb e kinematografis\u00eb e teatrit shqip, emri i Antoneta Papapavlit do t\u00eb kujtohet p\u00ebr karakteret e spikatura plot temperament, q\u00eb sot jan\u00eb pjes\u00eb e r\u00ebnd\u00ebsishme e historis\u00eb s\u00eb artit t\u00eb shtat\u00eb n\u00eb vend. E lindur m\u00eb 17 shkurt 1938 n\u00eb P\u00ebrmet, ajo kreu studimet e larta n\u00eb deg\u00ebn e dram\u00ebs dhe menj\u00ebher\u00eb pas studimeve do t\u00eb em\u00ebrohej si aktore n\u00eb Teatrin Popullor m\u00eb 1964. Ka interpretuar mbi 50 role n\u00eb teat\u00ebr dhe m\u00eb shum\u00eb se 16 role n\u00eb filmin artistik. Roli i saj i par\u00eb n\u00eb kinematografi ishte ai i zonj\u00ebs Hatixhe n\u00eb filmin \u201cTinguj Lufte\u201d , 1976 n\u00ebn regjin\u00eb e Xhanfise Kekos.<\/p>\n<p>M\u00eb 1981 regjisori i njohur Fehmi Oshafi do ti besonte rolin e drejtoresh\u00ebs s\u00eb shkoll\u00ebs, tek filmi \u201cShoku yn\u00eb Tili\u201d, ku menj\u00ebher\u00eb do t\u00eb binte n\u00eb sy interpretimi plot cil\u00ebsi i Papavaclit. M\u00eb pas regjisor\u00ebt Dhimit\u00ebr Anagnosti dhe Viktor Gjika do ti besojn\u00eb rolin e Ngjel\u00ebs tek filmi \u201cKomisari i Drit\u00ebs\u201d m\u00eb 1966 me skenar t\u00eb Llazar Siliqit. M\u00eb 1976 tek filmi \u201cP\u00ebrballimi\u201d ajo do t\u00eb ket\u00eb rolin e Kleas, rol q\u00eb ia besoi s\u00ebrish regjisori Viktor Gjika.<\/p>\n<div id=\"attachment_18088\" style=\"width: 720px\" class=\"wp-caption alignnone\"><img data-recalc-dims=\"1\" loading=\"lazy\" decoding=\"async\" aria-describedby=\"caption-attachment-18088\" data-attachment-id=\"18088\" data-permalink=\"https:\/\/www.shqiperia.com\/blog\/antoneta-papapavli-historia-e-nje-aktoreje-foto\/antoneta-papapavli-3\/\" data-orig-file=\"https:\/\/i0.wp.com\/www.shqiperia.com\/blog\/wp-content\/uploads\/2019\/03\/Antoneta-Papapavli-3.jpg?fit=1024%2C576&amp;ssl=1\" data-orig-size=\"1024,576\" data-comments-opened=\"1\" data-image-meta=\"{&quot;aperture&quot;:&quot;0&quot;,&quot;credit&quot;:&quot;&quot;,&quot;camera&quot;:&quot;&quot;,&quot;caption&quot;:&quot;&quot;,&quot;created_timestamp&quot;:&quot;0&quot;,&quot;copyright&quot;:&quot;&quot;,&quot;focal_length&quot;:&quot;0&quot;,&quot;iso&quot;:&quot;0&quot;,&quot;shutter_speed&quot;:&quot;0&quot;,&quot;title&quot;:&quot;&quot;,&quot;orientation&quot;:&quot;0&quot;}\" data-image-title=\"Antoneta Papapavli (3)\" data-image-description=\"\" data-image-caption=\"&lt;p&gt;Antoneta Papapavli&lt;\/p&gt;\n\" data-medium-file=\"https:\/\/i0.wp.com\/www.shqiperia.com\/blog\/wp-content\/uploads\/2019\/03\/Antoneta-Papapavli-3.jpg?fit=300%2C169&amp;ssl=1\" data-large-file=\"https:\/\/i0.wp.com\/www.shqiperia.com\/blog\/wp-content\/uploads\/2019\/03\/Antoneta-Papapavli-3.jpg?fit=1024%2C576&amp;ssl=1\" class=\" wp-image-18088\" alt=\"\" src=\"https:\/\/i0.wp.com\/www.shqiperia.com\/blog\/wp-content\/uploads\/2019\/03\/Antoneta-Papapavli-3-300x169.jpg?resize=710%2C400\" width=\"710\" height=\"400\" srcset=\"https:\/\/i0.wp.com\/www.shqiperia.com\/blog\/wp-content\/uploads\/2019\/03\/Antoneta-Papapavli-3.jpg?resize=300%2C169&amp;ssl=1 300w, https:\/\/i0.wp.com\/www.shqiperia.com\/blog\/wp-content\/uploads\/2019\/03\/Antoneta-Papapavli-3.jpg?resize=768%2C432&amp;ssl=1 768w, https:\/\/i0.wp.com\/www.shqiperia.com\/blog\/wp-content\/uploads\/2019\/03\/Antoneta-Papapavli-3.jpg?w=1024&amp;ssl=1 1024w, https:\/\/i0.wp.com\/www.shqiperia.com\/blog\/wp-content\/uploads\/2019\/03\/Antoneta-Papapavli-3.jpg?resize=450%2C253&amp;ssl=1 450w, https:\/\/i0.wp.com\/www.shqiperia.com\/blog\/wp-content\/uploads\/2019\/03\/Antoneta-Papapavli-3.jpg?resize=600%2C338&amp;ssl=1 600w, https:\/\/i0.wp.com\/www.shqiperia.com\/blog\/wp-content\/uploads\/2019\/03\/Antoneta-Papapavli-3.jpg?resize=400%2C225&amp;ssl=1 400w\" sizes=\"auto, (max-width: 710px) 100vw, 710px\" \/><p id=\"caption-attachment-18088\" class=\"wp-caption-text\">Antoneta Papapavli<\/p><\/div>\n<p>N\u00eb k\u00ebt\u00eb rol ajo do t\u00eb shfaqte gjith\u00eb sharmin e nj\u00eb aktoreje q\u00eb i dha jet\u00eb kinemas\u00eb shqiptare t\u00eb atyre viteve. Tek \u201cShoqja nga fshati\u201d ajo do t\u00eb interpretoj\u00eb rolin e Lefk\u00ebs, n\u00ebn regjin\u00eb e Pirro Milkanit.<\/p>\n<p>Role t\u00eb tjera q\u00eb kan\u00eb mbetur n\u00eb kujtes\u00ebn e publikut jan\u00eb n\u00ebna e hetuesit tek \u201cHetimi vazhdon\u201d m\u00eb 1988, n\u00ebna e Zan\u00ebs tek \u201cKur ndahesh nga shok\u00ebt\u201d m\u00eb 1986, n\u00ebna e Liz\u00ebs, tek \u201cKur hapen dyert e jet\u00ebs\u201d m\u00eb 1986, profesorja e Mir\u00ebs tek \u201cApasionata\u201d m\u00eb 1983, etj. Nd\u00ebr rolet e spikatura n\u00eb teat\u00ebr jan\u00eb ai i mamas\u00eb s\u00eb Els\u00ebs, tek \u201cPallati 176\u201d, i gjyshes tek \u201cHijet e nat\u00ebs\u201d, Adela tek \u201cShk\u00eblqimi dhe r\u00ebnia e shokut Zylo\u201d, Ledi Milford tek \u201cIntrig\u00eb dhe dashuri\u201d, etj.<\/p>\n<p>Antoneta do t\u00eb kujtohet si aktorja e q\u00eb hyri n\u00ebn l\u00ebkur\u00ebn e zonjave t\u00eb v\u00ebrteta duke sjell\u00eb p\u00ebr publikun gjith\u00eb sharmin e nj\u00eb gruaje q\u00eb mund t\u00eb vishte pelice. Pasioni i saj i madh p\u00ebr kineman\u00eb shihet n\u00eb \u00e7do rol q\u00eb ka interpretuar. Antoneta hyn tek ato aktore q\u00eb u ndan\u00eb shpejt me kineman\u00eb. N\u00eb vitin 1985 ajo doli n\u00eb pension dhe nuk u ngjit m\u00eb kurr\u00eb n\u00eb sken\u00eb p\u00ebr arsye sh\u00ebndet\u00ebsore. Ajo mban titullin \u201cArtiste e merituar\u201d dhe ka nj\u00eb rol t\u00eb r\u00ebnd\u00ebsish\u00ebm n\u00eb historin\u00eb e kinemas\u00eb shqiptare. Ajo u shua m\u00eb 13 shtator 2013 n\u00eb mosh\u00ebn 75 vje\u00e7are.<\/p>\n<p><img data-recalc-dims=\"1\" loading=\"lazy\" decoding=\"async\" data-attachment-id=\"18089\" data-permalink=\"https:\/\/www.shqiperia.com\/blog\/antoneta-papapavli-historia-e-nje-aktoreje-foto\/antoneta-papapavli\/\" data-orig-file=\"https:\/\/i0.wp.com\/www.shqiperia.com\/blog\/wp-content\/uploads\/2019\/03\/Antoneta-Papapavli.jpg?fit=480%2C360&amp;ssl=1\" data-orig-size=\"480,360\" data-comments-opened=\"1\" data-image-meta=\"{&quot;aperture&quot;:&quot;0&quot;,&quot;credit&quot;:&quot;&quot;,&quot;camera&quot;:&quot;&quot;,&quot;caption&quot;:&quot;&quot;,&quot;created_timestamp&quot;:&quot;0&quot;,&quot;copyright&quot;:&quot;&quot;,&quot;focal_length&quot;:&quot;0&quot;,&quot;iso&quot;:&quot;0&quot;,&quot;shutter_speed&quot;:&quot;0&quot;,&quot;title&quot;:&quot;&quot;,&quot;orientation&quot;:&quot;0&quot;}\" data-image-title=\"Antoneta Papapavli\" data-image-description=\"\" data-image-caption=\"\" data-medium-file=\"https:\/\/i0.wp.com\/www.shqiperia.com\/blog\/wp-content\/uploads\/2019\/03\/Antoneta-Papapavli.jpg?fit=300%2C225&amp;ssl=1\" data-large-file=\"https:\/\/i0.wp.com\/www.shqiperia.com\/blog\/wp-content\/uploads\/2019\/03\/Antoneta-Papapavli.jpg?fit=480%2C360&amp;ssl=1\" class=\"alignnone  wp-image-18089\" alt=\"\" src=\"https:\/\/i0.wp.com\/www.shqiperia.com\/blog\/wp-content\/uploads\/2019\/03\/Antoneta-Papapavli-300x225.jpg?resize=823%2C617\" width=\"823\" height=\"617\" srcset=\"https:\/\/i0.wp.com\/www.shqiperia.com\/blog\/wp-content\/uploads\/2019\/03\/Antoneta-Papapavli.jpg?resize=300%2C225&amp;ssl=1 300w, https:\/\/i0.wp.com\/www.shqiperia.com\/blog\/wp-content\/uploads\/2019\/03\/Antoneta-Papapavli.jpg?resize=450%2C338&amp;ssl=1 450w, https:\/\/i0.wp.com\/www.shqiperia.com\/blog\/wp-content\/uploads\/2019\/03\/Antoneta-Papapavli.jpg?resize=400%2C300&amp;ssl=1 400w, https:\/\/i0.wp.com\/www.shqiperia.com\/blog\/wp-content\/uploads\/2019\/03\/Antoneta-Papapavli.jpg?w=480&amp;ssl=1 480w\" sizes=\"auto, (max-width: 823px) 100vw, 823px\" \/><\/p>\n<p>Gazeta Shqip<\/p>\n","protected":false},"excerpt":{"rendered":"<p>Antoneta Papapavli, historia e nj\u00eb aktoreje (Foto). N\u00eb historin\u00eb e kinematografis\u00eb e teatrit shqip, emri i Antoneta Papapavlit do t\u00eb kujtohet p\u00ebr karakteret e spikatura plot temperament, q\u00eb sot jan\u00eb pjes\u00eb e r\u00ebnd\u00ebsishme e historis\u00eb s\u00eb artit t\u00eb shtat\u00eb n\u00eb vend. E lindur m\u00eb 17 shkurt 1938 n\u00eb P\u00ebrmet, ajo kreu studimet e larta n\u00eb [&hellip;]<\/p>\n","protected":false},"author":9,"featured_media":18087,"comment_status":"open","ping_status":"open","sticky":false,"template":"","format":"standard","meta":{"jetpack_post_was_ever_published":false,"_jetpack_newsletter_access":"","_jetpack_dont_email_post_to_subs":false,"_jetpack_newsletter_tier_id":0,"_jetpack_memberships_contains_paywalled_content":false,"_jetpack_memberships_contains_paid_content":false,"footnotes":"","jetpack_publicize_message":"","jetpack_publicize_feature_enabled":true,"jetpack_social_post_already_shared":true,"jetpack_social_options":{"image_generator_settings":{"template":"highway","default_image_id":0,"font":"","enabled":false},"version":2}},"categories":[87,27,10],"tags":[],"class_list":["post-18086","post","type-post","status-publish","format-standard","has-post-thumbnail","hentry","category-arte","category-blogu-i-udhetarit","category-kultura"],"jetpack_publicize_connections":[],"jetpack_featured_media_url":"https:\/\/i0.wp.com\/www.shqiperia.com\/blog\/wp-content\/uploads\/2019\/03\/Antoneta-Papapavli-2.jpg?fit=540%2C281&ssl=1","jetpack_sharing_enabled":true,"jetpack_shortlink":"https:\/\/wp.me\/p5Z6wp-4HI","jetpack-related-posts":[{"id":73242,"url":"https:\/\/www.shqiperia.com\/blog\/sekretet-e-fshehura-te-versajes\/","url_meta":{"origin":18086,"position":0},"title":"Sekretet e fshehura t\u00eb Versaj\u00ebs","author":"Kurt Farka","date":"August 3, 2023","format":false,"excerpt":"3 Gusht 2023 Pallati i Versaj\u00ebs \u00ebsht\u00eb nj\u00eb nga nd\u00ebrtesat m\u00eb madh\u00ebshtore dhe m\u00eb t\u00eb r\u00ebnd\u00ebsishme historike n\u00eb bot\u00eb. Ky pallat mbres\u00ebl\u00ebn\u00ebs ishte dikur rezidenca e mbret\u00ebrve dhe mbret\u00ebreshave franceze dhe ka nj\u00eb histori t\u00eb pasur dhe magjeps\u00ebse, e cila i ka mahnitur vizitor\u00ebt p\u00ebr shekuj me radh\u00eb. Por e\u2026","rel":"","context":"In &quot;Blogu i Udh\u00ebtarit&quot;","block_context":{"text":"Blogu i Udh\u00ebtarit","link":"https:\/\/www.shqiperia.com\/blog\/category\/blogu-i-udhetarit\/"},"img":{"alt_text":"","src":"https:\/\/i0.wp.com\/www.shqiperia.com\/blog\/wp-content\/uploads\/2023\/08\/640-0-fea-689.jpg?fit=640%2C426&ssl=1&resize=350%2C200","width":350,"height":200,"srcset":"https:\/\/i0.wp.com\/www.shqiperia.com\/blog\/wp-content\/uploads\/2023\/08\/640-0-fea-689.jpg?fit=640%2C426&ssl=1&resize=350%2C200 1x, https:\/\/i0.wp.com\/www.shqiperia.com\/blog\/wp-content\/uploads\/2023\/08\/640-0-fea-689.jpg?fit=640%2C426&ssl=1&resize=525%2C300 1.5x"},"classes":[]},{"id":36890,"url":"https:\/\/www.shqiperia.com\/blog\/zana-pjese-e-festivalit-te-filmit-te-sarajeves\/","url_meta":{"origin":18086,"position":1},"title":"\u2018Zana\u2019 pjes\u00eb e festivalit t\u00eb filmit t\u00eb Sarajev\u00ebs","author":"Kurt Farka","date":"August 5, 2020","format":false,"excerpt":"\u2018Zana\u2019 pjes\u00eb e festivalit t\u00eb filmit t\u00eb Sarajev\u00ebs M\u00cb: 3 GUSHT 2020 Filmi \u2018Zana\u2019 Filmi i gjat\u00eb aristik me regji t\u00eb Antoneta Kastratit \u00ebsht\u00eb pjes\u00eb e programit \u2018In Focus\u2019 n\u00eb Festivalin e Sarajev\u00ebs. \u2018In Focus\u2019 \u00ebsht\u00eb program dedikuar filmave rajonal t\u00eb jasht\u00ebzakonsh\u00ebm t\u00eb cil\u00ebt tashm\u00eb kan\u00eb b\u00ebr\u00eb sukses t\u00eb konsideruesh\u00ebm\u2026","rel":"","context":"In &quot;Blogu i Udh\u00ebtarit&quot;","block_context":{"text":"Blogu i Udh\u00ebtarit","link":"https:\/\/www.shqiperia.com\/blog\/category\/blogu-i-udhetarit\/"},"img":{"alt_text":"","src":"https:\/\/i0.wp.com\/www.shqiperia.com\/blog\/wp-content\/uploads\/2020\/08\/auto_Screenshot_1-101596467572.jpg?fit=850%2C459&ssl=1&resize=350%2C200","width":350,"height":200,"srcset":"https:\/\/i0.wp.com\/www.shqiperia.com\/blog\/wp-content\/uploads\/2020\/08\/auto_Screenshot_1-101596467572.jpg?fit=850%2C459&ssl=1&resize=350%2C200 1x, https:\/\/i0.wp.com\/www.shqiperia.com\/blog\/wp-content\/uploads\/2020\/08\/auto_Screenshot_1-101596467572.jpg?fit=850%2C459&ssl=1&resize=525%2C300 1.5x, https:\/\/i0.wp.com\/www.shqiperia.com\/blog\/wp-content\/uploads\/2020\/08\/auto_Screenshot_1-101596467572.jpg?fit=850%2C459&ssl=1&resize=700%2C400 2x"},"classes":[]},{"id":92878,"url":"https:\/\/www.shqiperia.com\/blog\/rinumerimi-i-kutive-te-qarkut-te-fierit-nxjerr-zbuluar-vjedhjen-e-votave-ceno-klosi-me-921-vota-me-shume-sec-ka-ne-kuti\/","url_meta":{"origin":18086,"position":2},"title":"Rinum\u00ebrimi i kutive t\u00eb Qarkut t\u00eb Fierit nxjerr zbuluar vjedhjen e votave! &#8211; Ceno Klosi me 921 vota m\u00eb shum\u00eb se\u00e7 ka n\u00eb kuti!","author":"Kurt Farka","date":"July 1, 2025","format":false,"excerpt":"1 Korrik 2025 Procesi i rinum\u00ebrimin t\u00eb votave n\u00eb Qarkun e Fieri duket se nuk do t\u00eb prodhoj\u00eb ndryshime t\u00eb rezultateve p\u00ebrsa i p\u00ebrket mandateve t\u00eb deputet\u00ebve q\u00eb dol\u00ebn nga zgjedhjet e 11 Majit. Kutit\u00eb u hap\u00ebn me k\u00ebrkes\u00eb t\u00eb Nism\u00ebs Shqip\u00ebria B\u00ebhet e cila ngriti pretendime p\u00ebr marrjen e\u2026","rel":"","context":"In &quot;Blogu i Udh\u00ebtarit&quot;","block_context":{"text":"Blogu i Udh\u00ebtarit","link":"https:\/\/www.shqiperia.com\/blog\/category\/blogu-i-udhetarit\/"},"img":{"alt_text":"zefier","src":"https:\/\/i0.wp.com\/www.panorama.com.al\/wp-content\/uploads\/2025\/07\/zefier.jpeg?resize=350%2C200&ssl=1","width":350,"height":200,"srcset":"https:\/\/i0.wp.com\/www.panorama.com.al\/wp-content\/uploads\/2025\/07\/zefier.jpeg?resize=350%2C200&ssl=1 1x, https:\/\/i0.wp.com\/www.panorama.com.al\/wp-content\/uploads\/2025\/07\/zefier.jpeg?resize=525%2C300&ssl=1 1.5x"},"classes":[]},{"id":79605,"url":"https:\/\/www.shqiperia.com\/blog\/ja-si-eshte-pushtuar-administrata-nga-familjaret-e-deputeteve-dhe-politikaneve-nga-evis-kushi-etilda-gjonaj-deri-te-lindita-nikolla-dhe-ferdinad-xhaferraj\/","url_meta":{"origin":18086,"position":3},"title":"Ja si \u00ebsht\u00eb \u201cpushtuar\u201d administrata nga familjar\u00ebt e deputet\u00ebve dhe politikan\u00ebve, nga Evis Kushi, Etilda Gjonaj, deri te Lindita Nikolla dhe Ferdinad Xhaferraj","author":"Kurt Farka","date":"March 25, 2024","format":false,"excerpt":"25 Mars 2024 Nuk u mjafton vjedhja e buxhetit t\u00eb shtetit p\u00ebrmes tenderave dhe grabitja e pasurive publike, por kan\u00eb kapur edhe administrat\u00ebn publike p\u00ebrmes familjar\u00ebve t\u00eb tyre. Administrata publike n\u00eb Shqip\u00ebri \u00ebsht\u00eb nj\u00eb oaz p\u00ebr grat\u00eb dhe f\u00ebmij\u00ebt e pushtetar\u00ebve. Nd\u00ebrsa shqiptar\u00ebt punojn\u00eb n\u00eb fabrika, n\u00eb emigracion, k\u00ebrkojn\u00eb azil\u2026","rel":"","context":"In &quot;Blogu i Udh\u00ebtarit&quot;","block_context":{"text":"Blogu i Udh\u00ebtarit","link":"https:\/\/www.shqiperia.com\/blog\/category\/blogu-i-udhetarit\/"},"img":{"alt_text":"","src":"https:\/\/i0.wp.com\/www.shqiperia.com\/blog\/wp-content\/uploads\/2024\/03\/800-0-6601432bb6655.jpg?fit=800%2C474&ssl=1&resize=350%2C200","width":350,"height":200,"srcset":"https:\/\/i0.wp.com\/www.shqiperia.com\/blog\/wp-content\/uploads\/2024\/03\/800-0-6601432bb6655.jpg?fit=800%2C474&ssl=1&resize=350%2C200 1x, https:\/\/i0.wp.com\/www.shqiperia.com\/blog\/wp-content\/uploads\/2024\/03\/800-0-6601432bb6655.jpg?fit=800%2C474&ssl=1&resize=525%2C300 1.5x, https:\/\/i0.wp.com\/www.shqiperia.com\/blog\/wp-content\/uploads\/2024\/03\/800-0-6601432bb6655.jpg?fit=800%2C474&ssl=1&resize=700%2C400 2x"},"classes":[]},{"id":61900,"url":"https:\/\/www.shqiperia.com\/blog\/kthehen-rradhet-para-ambasadave-maturantet-para-ambasades-gjermane-per-vize-per-te-ikur\/","url_meta":{"origin":18086,"position":4},"title":"Kthehen rradhet para Ambasadave. &#8211; Maturant\u00ebt para ambasad\u00ebs gjermane p\u00ebr viz\u00eb per te ikur","author":"Kurt Farka","date":"September 7, 2022","format":false,"excerpt":"Nga Nertila Dosti 7 Shtator 2022 T\u00eb rinjt\u00eb shqiptar\u00eb vazhdojn\u00eb t\u00eb largohen masivisht nga vendi. T\u00eb m\u00ebrkur\u00ebn para Ambasad\u00ebs s\u00eb Gjermanis\u00eb pati radh\u00eb t\u00eb rinjsh q\u00eb aplikonin p\u00ebr viz\u00eb studentore me q\u00ebllimin p\u00ebr t\u00eb ikur nga Shqip\u00ebria. Shum\u00eb prej tyre sapo kan\u00eb p\u00ebrfunduar gjimnazin dhe largohen p\u00ebr t\u00eb gjetur arsimim\u2026","rel":"","context":"In &quot;Blogu i Udh\u00ebtarit&quot;","block_context":{"text":"Blogu i Udh\u00ebtarit","link":"https:\/\/www.shqiperia.com\/blog\/category\/blogu-i-udhetarit\/"},"img":{"alt_text":"","src":"https:\/\/i0.wp.com\/www.shqiperia.com\/blog\/wp-content\/uploads\/2022\/09\/Rradhe-ne-Ambasaden-Gjermane-2.jpg?fit=563%2C330&ssl=1&resize=350%2C200","width":350,"height":200,"srcset":"https:\/\/i0.wp.com\/www.shqiperia.com\/blog\/wp-content\/uploads\/2022\/09\/Rradhe-ne-Ambasaden-Gjermane-2.jpg?fit=563%2C330&ssl=1&resize=350%2C200 1x, https:\/\/i0.wp.com\/www.shqiperia.com\/blog\/wp-content\/uploads\/2022\/09\/Rradhe-ne-Ambasaden-Gjermane-2.jpg?fit=563%2C330&ssl=1&resize=525%2C300 1.5x"},"classes":[]},{"id":11737,"url":"https:\/\/www.shqiperia.com\/blog\/telegrami-nga-hollywood-i-mbretit-zog-iu-kerkua-qe-motrat-e-tij-te-luanin-ne-filmin-graustark\/","url_meta":{"origin":18086,"position":5},"title":"Telegrami nga Hollywood-i\u2026 mbretit Zog i\u2019u k\u00ebrkua q\u00eb motrat e tij t\u00eb luanin n\u00eb filmin \u2018Graustark\u2019. &#8211;","author":"Kurt Farka","date":"September 19, 2018","format":false,"excerpt":"Telegrami nga Hollywood-i\u2026 mbretit Zog i\u2019u k\u00ebrkua q\u00eb motrat e tij t\u00eb luanin n\u00eb filmin \u2018Graustark\u2019. - Gazeta franceze, \u201cParis-soir\u201d, ka botuar, t\u00eb m\u00ebrkur\u00ebn e 23 marsit 1938,\u00a0n\u00eb faqen n\u00b05, telegramin e producentit t\u00eb njohur n\u00eb Hollywood, z. Samuel Goldwin, i cili d\u00ebshironte asokohe q\u00eb motrat e Ahmet Zogut t\u00eb\u2026","rel":"","context":"In &quot;Arte&quot;","block_context":{"text":"Arte","link":"https:\/\/www.shqiperia.com\/blog\/category\/arte\/"},"img":{"alt_text":"","src":"https:\/\/i0.wp.com\/www.shqiperia.com\/blog\/wp-content\/uploads\/2018\/09\/zogu-me-motrat.jpg?fit=585%2C345&ssl=1&resize=350%2C200","width":350,"height":200,"srcset":"https:\/\/i0.wp.com\/www.shqiperia.com\/blog\/wp-content\/uploads\/2018\/09\/zogu-me-motrat.jpg?fit=585%2C345&ssl=1&resize=350%2C200 1x, https:\/\/i0.wp.com\/www.shqiperia.com\/blog\/wp-content\/uploads\/2018\/09\/zogu-me-motrat.jpg?fit=585%2C345&ssl=1&resize=525%2C300 1.5x"},"classes":[]}],"_links":{"self":[{"href":"https:\/\/www.shqiperia.com\/blog\/wp-json\/wp\/v2\/posts\/18086","targetHints":{"allow":["GET"]}}],"collection":[{"href":"https:\/\/www.shqiperia.com\/blog\/wp-json\/wp\/v2\/posts"}],"about":[{"href":"https:\/\/www.shqiperia.com\/blog\/wp-json\/wp\/v2\/types\/post"}],"author":[{"embeddable":true,"href":"https:\/\/www.shqiperia.com\/blog\/wp-json\/wp\/v2\/users\/9"}],"replies":[{"embeddable":true,"href":"https:\/\/www.shqiperia.com\/blog\/wp-json\/wp\/v2\/comments?post=18086"}],"version-history":[{"count":1,"href":"https:\/\/www.shqiperia.com\/blog\/wp-json\/wp\/v2\/posts\/18086\/revisions"}],"predecessor-version":[{"id":18090,"href":"https:\/\/www.shqiperia.com\/blog\/wp-json\/wp\/v2\/posts\/18086\/revisions\/18090"}],"wp:featuredmedia":[{"embeddable":true,"href":"https:\/\/www.shqiperia.com\/blog\/wp-json\/wp\/v2\/media\/18087"}],"wp:attachment":[{"href":"https:\/\/www.shqiperia.com\/blog\/wp-json\/wp\/v2\/media?parent=18086"}],"wp:term":[{"taxonomy":"category","embeddable":true,"href":"https:\/\/www.shqiperia.com\/blog\/wp-json\/wp\/v2\/categories?post=18086"},{"taxonomy":"post_tag","embeddable":true,"href":"https:\/\/www.shqiperia.com\/blog\/wp-json\/wp\/v2\/tags?post=18086"}],"curies":[{"name":"wp","href":"https:\/\/api.w.org\/{rel}","templated":true}]}}