{"id":18079,"date":"2019-03-07T17:39:58","date_gmt":"2019-03-07T17:39:58","guid":{"rendered":"http:\/\/www.shqiperia.com\/blog\/?p=18079"},"modified":"2019-03-07T17:40:31","modified_gmt":"2019-03-07T17:40:31","slug":"80-vjecari-qe-synon-te-mesoje-shqipen-kudo-ku-ka-shqiptare","status":"publish","type":"post","link":"https:\/\/www.shqiperia.com\/blog\/80-vjecari-qe-synon-te-mesoje-shqipen-kudo-ku-ka-shqiptare\/","title":{"rendered":"80 vje\u00e7ari q\u00eb synon t\u00eb m\u00ebsoj\u00eb shqipen kudo ku ka shqiptar\u00eb!\u00a0\u00a0"},"content":{"rendered":"<div id=\"attachment_18080\" style=\"width: 310px\" class=\"wp-caption alignnone\"><img data-recalc-dims=\"1\" loading=\"lazy\" decoding=\"async\" aria-describedby=\"caption-attachment-18080\" data-attachment-id=\"18080\" data-permalink=\"https:\/\/www.shqiperia.com\/blog\/80-vjecari-qe-synon-te-mesoje-shqipen-kudo-ku-ka-shqiptare\/attachment\/1524857240\/\" data-orig-file=\"https:\/\/i0.wp.com\/www.shqiperia.com\/blog\/wp-content\/uploads\/2019\/03\/1524857240.jpg?fit=480%2C326&amp;ssl=1\" data-orig-size=\"480,326\" data-comments-opened=\"1\" data-image-meta=\"{&quot;aperture&quot;:&quot;1.9&quot;,&quot;credit&quot;:&quot;&quot;,&quot;camera&quot;:&quot;SM-G920F&quot;,&quot;caption&quot;:&quot;&quot;,&quot;created_timestamp&quot;:&quot;1523960851&quot;,&quot;copyright&quot;:&quot;&quot;,&quot;focal_length&quot;:&quot;4.3&quot;,&quot;iso&quot;:&quot;0&quot;,&quot;shutter_speed&quot;:&quot;0&quot;,&quot;title&quot;:&quot;&quot;,&quot;orientation&quot;:&quot;0&quot;}\" data-image-title=\"Gjok Dabaj\" data-image-description=\"\" data-image-caption=\"&lt;p&gt;Gjok Dabaj&lt;\/p&gt;\n\" data-medium-file=\"https:\/\/i0.wp.com\/www.shqiperia.com\/blog\/wp-content\/uploads\/2019\/03\/1524857240.jpg?fit=300%2C204&amp;ssl=1\" data-large-file=\"https:\/\/i0.wp.com\/www.shqiperia.com\/blog\/wp-content\/uploads\/2019\/03\/1524857240.jpg?fit=480%2C326&amp;ssl=1\" class=\"size-medium wp-image-18080\" alt=\"\" src=\"https:\/\/i0.wp.com\/www.shqiperia.com\/blog\/wp-content\/uploads\/2019\/03\/1524857240-300x204.jpg?resize=300%2C204\" width=\"300\" height=\"204\" srcset=\"https:\/\/i0.wp.com\/www.shqiperia.com\/blog\/wp-content\/uploads\/2019\/03\/1524857240.jpg?resize=300%2C204&amp;ssl=1 300w, https:\/\/i0.wp.com\/www.shqiperia.com\/blog\/wp-content\/uploads\/2019\/03\/1524857240.jpg?resize=450%2C306&amp;ssl=1 450w, https:\/\/i0.wp.com\/www.shqiperia.com\/blog\/wp-content\/uploads\/2019\/03\/1524857240.jpg?resize=235%2C160&amp;ssl=1 235w, https:\/\/i0.wp.com\/www.shqiperia.com\/blog\/wp-content\/uploads\/2019\/03\/1524857240.jpg?resize=400%2C272&amp;ssl=1 400w, https:\/\/i0.wp.com\/www.shqiperia.com\/blog\/wp-content\/uploads\/2019\/03\/1524857240.jpg?w=480&amp;ssl=1 480w\" sizes=\"auto, (max-width: 300px) 100vw, 300px\" \/><p id=\"caption-attachment-18080\" class=\"wp-caption-text\">Gjok Dabaj<\/p><\/div>\n<p>80 vje\u00e7ari q\u00eb synon t\u00eb m\u00ebsoj\u00eb shqipen kudo ku ka shqiptar\u00eb!<\/p>\n<p><a href=\"https:\/\/www.facebook.com\/sharer\/sharer.php?u=https:\/\/www.gazetasi.al\/80-vjecari-qe-synon-te-mesoje-shqipen-kudo-ku-ka-shqiptare\/\">\u00a0<\/a><a href=\"\/www.gazetasi.al\/80-vjecari-qe-synon-te-mesoje-shqipen-kudo-ku-ka-shqiptare\/\">\u00a0<\/a><\/p>\n<p>\u201cNuk do t\u2019i lejoj shqipar\u00ebt t\u00eb harrojn\u00eb shqipen!\u201d Ky \u00ebsht\u00eb zotimi nj\u00eb 80 vje\u00e7ari nga Tivari, i cili ka ngritur nj\u00eb shoqat\u00eb t\u00eb posa\u00e7me p\u00ebr hapjen e shkollave t\u00eb gjuh\u00ebs shqipe n\u00eb t\u00eb gjitha vendet ku ka shqiptar\u00eb, edhe pse \u00ebsht\u00eb i bindur se nuk do t\u00eb jetoj\u00eb aq gjat\u00eb sa t\u2019i shoh\u00eb t\u00eb gjitha planet e tij t\u00eb b\u00ebhen realitet.<\/p>\n<p>Ndryshe nga shum\u00eb t\u00eb ftuar t\u00eb tjer\u00eb n\u00eb Samitin e Diaspor\u00ebs, ai e ka kaluar takimin e shqipar\u00ebve nga mbar\u00eb bota duke u treguar shum\u00eb prej tyre p\u00ebr iden\u00eb e tij, por edhe p\u00ebr r\u00ebnd\u00ebsin\u00eb e gjuh\u00ebs shqipe.<\/p>\n<p>Gjok Dabaj rr\u00ebfen s\u00eb ka themeluar nj\u00eb intitucion kulturor komb\u00ebtar t\u00eb quajtur \u201cP\u00ebrkujesja Gjithshqiptare\u201d, p\u00ebr t\u00eb q\u00ebn\u00eb pran\u00eb komuniteteve shqiptare n\u00eb mbar\u00eb bot\u00ebn.\u201c P\u00ebrkujdesjeje, p\u00ebr mua \u00ebsht\u00eb kompakt\u00ebsimi v\u00ebllaz\u00ebror i krejt kombit, kudo q\u00eb ai gjendet sot dhe kudo q\u00eb mund t\u2019i shpjer\u00eb jeta shqiptar\u00ebt n\u00eb t\u00eb ardhshmen\u201c rr\u00ebfen ai p\u00ebr\u00a0<strong>Gazet\u00ebn Si<\/strong>.\u2018\u2018Elementi m\u00eb i r\u00ebnd\u00ebsish\u00ebm i institucionit ton\u00eb \u00ebsht\u00eb fjal\u00ebmira e gjuh\u00ebs shqipe, t\u00eb cilat do t\u00eb hapen kudo ku ka shqiptar\u00eb. N\u00eb Stamboll, Zvic\u00ebr, Gjermani, SHBA apo Itali.\u201d<\/p>\n<p><img data-recalc-dims=\"1\" loading=\"lazy\" decoding=\"async\" data-attachment-id=\"18081\" data-permalink=\"https:\/\/www.shqiperia.com\/blog\/80-vjecari-qe-synon-te-mesoje-shqipen-kudo-ku-ka-shqiptare\/922adf26-gjoke-dabaj-veprimtar-850x450\/\" data-orig-file=\"https:\/\/i0.wp.com\/www.shqiperia.com\/blog\/wp-content\/uploads\/2019\/03\/922adf26-gjoke-dabaj-veprimtar-850x450.jpg?fit=850%2C450&amp;ssl=1\" data-orig-size=\"850,450\" data-comments-opened=\"1\" data-image-meta=\"{&quot;aperture&quot;:&quot;0&quot;,&quot;credit&quot;:&quot;&quot;,&quot;camera&quot;:&quot;&quot;,&quot;caption&quot;:&quot;&quot;,&quot;created_timestamp&quot;:&quot;0&quot;,&quot;copyright&quot;:&quot;&quot;,&quot;focal_length&quot;:&quot;0&quot;,&quot;iso&quot;:&quot;0&quot;,&quot;shutter_speed&quot;:&quot;0&quot;,&quot;title&quot;:&quot;&quot;,&quot;orientation&quot;:&quot;0&quot;}\" data-image-title=\"Gjok Dabaj\" data-image-description=\"\" data-image-caption=\"&lt;p&gt;Gjok Dabaj&lt;\/p&gt;\n\" data-medium-file=\"https:\/\/i0.wp.com\/www.shqiperia.com\/blog\/wp-content\/uploads\/2019\/03\/922adf26-gjoke-dabaj-veprimtar-850x450.jpg?fit=300%2C159&amp;ssl=1\" data-large-file=\"https:\/\/i0.wp.com\/www.shqiperia.com\/blog\/wp-content\/uploads\/2019\/03\/922adf26-gjoke-dabaj-veprimtar-850x450.jpg?fit=850%2C450&amp;ssl=1\" class=\"alignnone wp-image-18081\" alt=\"\" src=\"https:\/\/i0.wp.com\/www.shqiperia.com\/blog\/wp-content\/uploads\/2019\/03\/922adf26-gjoke-dabaj-veprimtar-850x450-300x159.jpg?resize=868%2C460\" width=\"868\" height=\"460\" srcset=\"https:\/\/i0.wp.com\/www.shqiperia.com\/blog\/wp-content\/uploads\/2019\/03\/922adf26-gjoke-dabaj-veprimtar-850x450.jpg?resize=300%2C159&amp;ssl=1 300w, https:\/\/i0.wp.com\/www.shqiperia.com\/blog\/wp-content\/uploads\/2019\/03\/922adf26-gjoke-dabaj-veprimtar-850x450.jpg?resize=768%2C407&amp;ssl=1 768w, https:\/\/i0.wp.com\/www.shqiperia.com\/blog\/wp-content\/uploads\/2019\/03\/922adf26-gjoke-dabaj-veprimtar-850x450.jpg?resize=450%2C238&amp;ssl=1 450w, https:\/\/i0.wp.com\/www.shqiperia.com\/blog\/wp-content\/uploads\/2019\/03\/922adf26-gjoke-dabaj-veprimtar-850x450.jpg?resize=600%2C318&amp;ssl=1 600w, https:\/\/i0.wp.com\/www.shqiperia.com\/blog\/wp-content\/uploads\/2019\/03\/922adf26-gjoke-dabaj-veprimtar-850x450.jpg?resize=400%2C212&amp;ssl=1 400w, https:\/\/i0.wp.com\/www.shqiperia.com\/blog\/wp-content\/uploads\/2019\/03\/922adf26-gjoke-dabaj-veprimtar-850x450.jpg?resize=850%2C450&amp;ssl=1 850w\" sizes=\"auto, (max-width: 868px) 100vw, 868px\" \/><\/p>\n<p>Gjok Dabaj<\/p>\n<p>Dabaj tregon se 65 mij\u00eb f\u00ebmij\u00eb shqiptar\u00eb nuk ndjekin kurse t\u00eb gjuh\u00ebs shqipe, pasi as qeveria shqiptare as dhe as vendet ku kan\u00eb l\u00ebvizur shqiptar\u00ebt nuk e mund\u00ebsojn\u00eb m\u00ebsimin e shqipes.<\/p>\n<p>\u2018\u2018Fjal\u00ebmirat do jen\u00eb qendra q\u00eb do t\u00eb mbledhin shqiptar\u00ebt jo vet\u00ebm p\u00ebr m\u00ebsimin e shqipes, por edhe p\u00ebr t\u00eb par\u00eb nga af\u00ebr problemet e komunitetit. Q\u00ebllimi i qendr\u00ebs ton\u00eb \u00ebsht\u00eb t\u00eb hap\u00eb 150 mij\u00eb fjal\u00ebmira t\u00eb gjuh\u00ebs shqipe n\u00eb mbar\u00eb bot\u00ebn\u201c, thot\u00eb ai i bindur.\u2018\u2018Po po 150 mij\u00eb, sepse shqiptar\u00ebt e kan\u00eb harruar shqipen\u2018\u2018.<\/p>\n<p>85 vje\u00e7ari rr\u00ebfen se \u00ebsht\u00eb munduar ta hap\u00eb qendr\u00ebn e par\u00eb p\u00ebr gjuh\u00ebn shqipe n\u00eb Stamboll, por tregon se ka hasur n\u00eb kund\u00ebrshtimin e autoriteteve turke.<\/p>\n<p><img data-recalc-dims=\"1\" loading=\"lazy\" decoding=\"async\" data-attachment-id=\"18082\" data-permalink=\"https:\/\/www.shqiperia.com\/blog\/80-vjecari-qe-synon-te-mesoje-shqipen-kudo-ku-ka-shqiptare\/1524857240-copy-2\/\" data-orig-file=\"https:\/\/i0.wp.com\/www.shqiperia.com\/blog\/wp-content\/uploads\/2019\/03\/1524857240-Copy-1.jpg?fit=480%2C602&amp;ssl=1\" data-orig-size=\"480,602\" data-comments-opened=\"1\" data-image-meta=\"{&quot;aperture&quot;:&quot;1.9&quot;,&quot;credit&quot;:&quot;&quot;,&quot;camera&quot;:&quot;SM-G920F&quot;,&quot;caption&quot;:&quot;&quot;,&quot;created_timestamp&quot;:&quot;1523960851&quot;,&quot;copyright&quot;:&quot;&quot;,&quot;focal_length&quot;:&quot;4.3&quot;,&quot;iso&quot;:&quot;0&quot;,&quot;shutter_speed&quot;:&quot;0&quot;,&quot;title&quot;:&quot;&quot;,&quot;orientation&quot;:&quot;0&quot;}\" data-image-title=\"1524857240 &#8211; Copy\" data-image-description=\"\" data-image-caption=\"\" data-medium-file=\"https:\/\/i0.wp.com\/www.shqiperia.com\/blog\/wp-content\/uploads\/2019\/03\/1524857240-Copy-1.jpg?fit=239%2C300&amp;ssl=1\" data-large-file=\"https:\/\/i0.wp.com\/www.shqiperia.com\/blog\/wp-content\/uploads\/2019\/03\/1524857240-Copy-1.jpg?fit=480%2C602&amp;ssl=1\" class=\"alignnone wp-image-18082\" alt=\"\" src=\"https:\/\/i0.wp.com\/www.shqiperia.com\/blog\/wp-content\/uploads\/2019\/03\/1524857240-Copy-1-239x300.jpg?resize=669%2C840\" width=\"669\" height=\"840\" srcset=\"https:\/\/i0.wp.com\/www.shqiperia.com\/blog\/wp-content\/uploads\/2019\/03\/1524857240-Copy-1.jpg?resize=239%2C300&amp;ssl=1 239w, https:\/\/i0.wp.com\/www.shqiperia.com\/blog\/wp-content\/uploads\/2019\/03\/1524857240-Copy-1.jpg?resize=450%2C564&amp;ssl=1 450w, https:\/\/i0.wp.com\/www.shqiperia.com\/blog\/wp-content\/uploads\/2019\/03\/1524857240-Copy-1.jpg?resize=400%2C502&amp;ssl=1 400w, https:\/\/i0.wp.com\/www.shqiperia.com\/blog\/wp-content\/uploads\/2019\/03\/1524857240-Copy-1.jpg?w=480&amp;ssl=1 480w\" sizes=\"auto, (max-width: 669px) 100vw, 669px\" \/><\/p>\n<p>\u2018\u2018\u00cbsht\u00eb e drejta e t\u00eb gjith\u00eb shqiptar\u00ebve q\u00eb jetojn\u00eb n\u00eb Stamboll t\u00eb m\u00ebsojn\u00eb shqipen dhe nuk ndalem derisa t\u2019ua plot\u00ebsoj. Nuk kemi patur p\u00ebrplasje t\u00eb drejt\u00ebp\u00ebrdreja me autoritetet turke, por kemi marr\u00eb sinjale se ky nuk ishte nj\u00eb vendim i mir\u00ebpritur nga qeveria atje\u2018\u2018, rr\u00ebfen ai, duke th\u00ebn\u00eb se i nj\u00ebjti problem paraqitet edhe n\u00eb Sanxhak.<\/p>\n<p>\u2018\u2018Kemi b\u00ebr\u00eb dy mbledhje n\u00eb Prizren, n\u00eb tentativ\u00eb p\u00ebr ta hapur atje instituconin ton\u00eb kulturor, por has\u00ebm n\u00eb tentativa t\u00eb fshehta p\u00ebr t\u00eb na penguar t\u00eb mbanim k\u00ebt\u00eb aktivitet. Kam mbetur i tronditur n\u00eb fund t\u00eb mbledhjes s\u00eb dyt\u00eb kur m\u00eb than\u00eb se kishin ardhur 3-4 spiun\u00eb serb\u00eb\u2018\u2018, tregon ai, duke th\u00ebn\u00eb se programi i qendr\u00ebs s\u00eb tij nuk \u00ebsht\u00eb as nacionalist dhe as shovinist, p\u00ebr t\u00eb alarmuar qeverin\u00eb serbe.<\/p>\n<p>Dakaj tregon se qendra e tij ka hapur tanim\u00eb disa portale p\u00ebr m\u00ebsimin e shqipes n\u00eb Gjermani, Franc\u00eb dhe Zvic\u00ebr. \u2018\u2018Ka ikur koha kur shqiptar\u00ebt e \u00e7anin rrug\u00ebn me pushk\u00eb, tani duhet ta \u00e7ajme me pen\u00eb\u201d, thot\u00eb ai.\u2018\u2018Do t\u00eb shp\u00ebrndajm\u00eb kultur\u00ebn, gjuh\u00ebn dhe traditat shqipe. Dua q\u00eb komunitetet shqiptare n\u00eb bot\u00eb t\u00eb l\u00ebxojn\u00eb libra shqip. Po ashtu k\u00ebto fjal\u00ebmira do t\u00eb ken\u00eb arkiva, n\u00eb m\u00ebnyr\u00eb q\u00eb pjes\u00ebtar\u00ebt e komuniteteve shqiptar\u00eb t\u00eb din\u00eb pem\u00ebt e tyre familjare. Dua q\u00eb mos t\u00eb ket\u00eb m\u00eb shqiptar\u00eb q\u00eb mos ta din\u00eb kush \u00ebsht\u00eb gjyshi i tyre\u2018\u2018, thot\u00eb ai.<\/p>\n<p>Ish-m\u00ebsuesi i gjuh\u00ebs shqipe thot\u00eb se shqiptar\u00ebt q\u00eb jetojn\u00eb n\u00eb vendet e tjera kan\u00eb filluar t\u00eb humbasin identitetin e tyre. Ai e krahason hapjen e qendrave t\u00eb gjuh\u00ebs shqipe, me sinagogat.<\/p>\n<p>\u2018Hebrenj\u00ebt e kan\u00eb ruajtur identitetin e tyre pik\u00ebrishtr fal\u00eb sinagogave. Fjal\u00ebmira e gjuh\u00ebs shqipe nuk lidhet me gjuh\u00ebn shqipe, por do t\u00eb b\u00ebj\u00eb bashk\u00eb shqiptar\u00ebt n\u00eb bot\u00eb, p\u00ebr t\u00eb gjetur mb\u00ebshtetje tek nj\u00ebri-tjetri\u2018\u2018, thot\u00eb ai.<img data-recalc-dims=\"1\" loading=\"lazy\" decoding=\"async\" data-attachment-id=\"18083\" data-permalink=\"https:\/\/www.shqiperia.com\/blog\/80-vjecari-qe-synon-te-mesoje-shqipen-kudo-ku-ka-shqiptare\/attachment\/1524857116\/\" data-orig-file=\"https:\/\/i0.wp.com\/www.shqiperia.com\/blog\/wp-content\/uploads\/2019\/03\/1524857116.jpg?fit=640%2C480&amp;ssl=1\" data-orig-size=\"640,480\" data-comments-opened=\"1\" data-image-meta=\"{&quot;aperture&quot;:&quot;1.9&quot;,&quot;credit&quot;:&quot;&quot;,&quot;camera&quot;:&quot;SM-G920F&quot;,&quot;caption&quot;:&quot;&quot;,&quot;created_timestamp&quot;:&quot;1524163764&quot;,&quot;copyright&quot;:&quot;&quot;,&quot;focal_length&quot;:&quot;4.3&quot;,&quot;iso&quot;:&quot;200&quot;,&quot;shutter_speed&quot;:&quot;0.058823529411765&quot;,&quot;title&quot;:&quot;&quot;,&quot;orientation&quot;:&quot;1&quot;}\" data-image-title=\"1524857116\" data-image-description=\"\" data-image-caption=\"\" data-medium-file=\"https:\/\/i0.wp.com\/www.shqiperia.com\/blog\/wp-content\/uploads\/2019\/03\/1524857116.jpg?fit=300%2C225&amp;ssl=1\" data-large-file=\"https:\/\/i0.wp.com\/www.shqiperia.com\/blog\/wp-content\/uploads\/2019\/03\/1524857116.jpg?fit=640%2C480&amp;ssl=1\" class=\"alignnone wp-image-18083\" alt=\"\" src=\"https:\/\/i0.wp.com\/www.shqiperia.com\/blog\/wp-content\/uploads\/2019\/03\/1524857116-300x225.jpg?resize=799%2C599\" width=\"799\" height=\"599\" srcset=\"https:\/\/i0.wp.com\/www.shqiperia.com\/blog\/wp-content\/uploads\/2019\/03\/1524857116.jpg?resize=300%2C225&amp;ssl=1 300w, https:\/\/i0.wp.com\/www.shqiperia.com\/blog\/wp-content\/uploads\/2019\/03\/1524857116.jpg?resize=450%2C338&amp;ssl=1 450w, https:\/\/i0.wp.com\/www.shqiperia.com\/blog\/wp-content\/uploads\/2019\/03\/1524857116.jpg?resize=600%2C450&amp;ssl=1 600w, https:\/\/i0.wp.com\/www.shqiperia.com\/blog\/wp-content\/uploads\/2019\/03\/1524857116.jpg?resize=400%2C300&amp;ssl=1 400w, https:\/\/i0.wp.com\/www.shqiperia.com\/blog\/wp-content\/uploads\/2019\/03\/1524857116.jpg?w=640&amp;ssl=1 640w\" sizes=\"auto, (max-width: 799px) 100vw, 799px\" \/><\/p>\n","protected":false},"excerpt":{"rendered":"<p>80 vje\u00e7ari q\u00eb synon t\u00eb m\u00ebsoj\u00eb shqipen kudo ku ka shqiptar\u00eb! \u00a0\u00a0 \u201cNuk do t\u2019i lejoj shqipar\u00ebt t\u00eb harrojn\u00eb shqipen!\u201d Ky \u00ebsht\u00eb zotimi nj\u00eb 80 vje\u00e7ari nga Tivari, i cili ka ngritur nj\u00eb shoqat\u00eb t\u00eb posa\u00e7me p\u00ebr hapjen e shkollave t\u00eb gjuh\u00ebs shqipe n\u00eb t\u00eb gjitha vendet ku ka shqiptar\u00eb, edhe pse \u00ebsht\u00eb i bindur [&hellip;]<\/p>\n","protected":false},"author":9,"featured_media":18080,"comment_status":"open","ping_status":"open","sticky":false,"template":"","format":"standard","meta":{"jetpack_post_was_ever_published":false,"_jetpack_newsletter_access":"","_jetpack_dont_email_post_to_subs":false,"_jetpack_newsletter_tier_id":0,"_jetpack_memberships_contains_paywalled_content":false,"_jetpack_memberships_contains_paid_content":false,"footnotes":"","jetpack_publicize_message":"","jetpack_publicize_feature_enabled":true,"jetpack_social_post_already_shared":true,"jetpack_social_options":{"image_generator_settings":{"template":"highway","default_image_id":0,"font":"","enabled":false},"version":2}},"categories":[27,85,10],"tags":[],"class_list":["post-18079","post","type-post","status-publish","format-standard","has-post-thumbnail","hentry","category-blogu-i-udhetarit","category-histori","category-kultura"],"jetpack_publicize_connections":[],"jetpack_featured_media_url":"https:\/\/i0.wp.com\/www.shqiperia.com\/blog\/wp-content\/uploads\/2019\/03\/1524857240.jpg?fit=480%2C326&ssl=1","jetpack_sharing_enabled":true,"jetpack_shortlink":"https:\/\/wp.me\/p5Z6wp-4HB","jetpack-related-posts":[{"id":4497,"url":"https:\/\/www.shqiperia.com\/blog\/eqrem-cabej-kryemjeshtri-gjuhes-shqipe\/","url_meta":{"origin":18079,"position":0},"title":"Eqrem \u00c7abej, kryemjeshtri i gjuh\u00ebs shqipe. &#8211;","author":"Kurt Farka","date":"March 9, 2018","format":false,"excerpt":"Nga Moikom Zeqo Para disa koh\u00ebsh ripash\u00eb n\u00eb Arkivin e Muzeut Historik Komb\u00ebtar nj\u00eb fotografi t\u00eb rrall\u00eb t\u00eb Eqrem \u00c7abej 16 vje\u00e7ar, duke u takuar me senatorin francez dhe shqiptarofilin e madh Justin Godart. Djaloshi \u00c7abej ishte zgjedhur si nj\u00eb nga nx\u00ebn\u00ebsit m\u00eb t\u00eb shk\u00eblqyer t\u00eb Gjirokastr\u00ebs p\u00ebr ta mik\u00ebpritur\u2026","rel":"","context":"In &quot;Kultura&quot;","block_context":{"text":"Kultura","link":"https:\/\/www.shqiperia.com\/blog\/category\/kultura\/"},"img":{"alt_text":"","src":"https:\/\/i0.wp.com\/www.shqiperia.com\/blog\/wp-content\/uploads\/2018\/03\/Eqrem-%C3%87abej-2.jpg?fit=640%2C744&ssl=1&resize=350%2C200","width":350,"height":200,"srcset":"https:\/\/i0.wp.com\/www.shqiperia.com\/blog\/wp-content\/uploads\/2018\/03\/Eqrem-%C3%87abej-2.jpg?fit=640%2C744&ssl=1&resize=350%2C200 1x, https:\/\/i0.wp.com\/www.shqiperia.com\/blog\/wp-content\/uploads\/2018\/03\/Eqrem-%C3%87abej-2.jpg?fit=640%2C744&ssl=1&resize=525%2C300 1.5x"},"classes":[]},{"id":6682,"url":"https:\/\/www.shqiperia.com\/blog\/ismail-kadare-gjuha-shqipe-nje-nga-makinat-me-te-persosura-te-europes-interviste\/","url_meta":{"origin":18079,"position":1},"title":"Ismail Kadare: Gjuha shqipe, nj\u00eb nga makinat m\u00eb t\u00eb p\u00ebrsosura t\u00eb Europ\u00ebs (interviste). &#8211;","author":"Kurt Farka","date":"April 19, 2018","format":false,"excerpt":"\u00a0(Me rastin e 45 vjetorit t\u00eb Kongresit t\u00eb Drejtshkrimit\u00a0 t\u00eb gjuh\u00ebs shqipe) Kongresi i Drejtshkrimit nuk \u00ebsht\u00eb as nj\u00eb gj\u00eb p\u00ebr t\u2019i ngritur monument, p\u00ebr ta glorifikuar, por nuk \u00ebsht\u00eb as edhe nj\u00eb gj\u00eb q\u00eb duhet mallkuar, q\u00eb duhet rr\u00ebzuar. Pyetje:\u00a0Zoti Kadare, \u00e7far\u00eb vlere ka p\u00ebr ju sot Kongresi i\u2026","rel":"","context":"In &quot;Histori&quot;","block_context":{"text":"Histori","link":"https:\/\/www.shqiperia.com\/blog\/category\/histori\/"},"img":{"alt_text":"","src":"https:\/\/i0.wp.com\/www.shqiperia.com\/blog\/wp-content\/uploads\/2018\/04\/ismail-kadare1-Copy.jpg?fit=454%2C337&ssl=1&resize=350%2C200","width":350,"height":200},"classes":[]},{"id":8625,"url":"https:\/\/www.shqiperia.com\/blog\/pellazgo-iliret-ne-krijimin-e-kombevekultures-dhe-gjuheve-evropiane\/","url_meta":{"origin":18079,"position":2},"title":"PELLAZGO-ILIR\u00cbT N\u00cb KRIJIMIN E KOMBEVE,KULTUR\u00cbS DHE GJUH\u00cbVE EVROPIANE. &#8211;","author":"Kurt Farka","date":"June 10, 2018","format":false,"excerpt":"PELLAZGO-ILIR\u00cbT N\u00cb KRIJIMIN E KOMBEVE,KULTUR\u00cbS DHE GJUH\u00cbVE EVROPIANE Kan\u00eb q\u00ebn\u00eb historian\u00ebt e huaj dhe ve\u00e7an\u00ebrisht austriak\u00ebt, gjerman\u00ebt dhe s\u00eb fundmi amerikan\u00ebt, q\u00eb i kan\u00eb m\u00ebshuar me t\u00eb drejt\u00eb rolit t\u00eb etnis\u00eb m\u00eb t\u00eb vjet\u00ebr evropiane. Kjo \u00e7\u00ebshtje fatkeq\u00ebsisht nuk \u00ebsht\u00eb par\u00eb fare nga historiografia shqiptare, pasi historian\u00ebt shqiptar\u00eb jan\u00eb marr\u00eb\u2026","rel":"","context":"In &quot;Histori&quot;","block_context":{"text":"Histori","link":"https:\/\/www.shqiperia.com\/blog\/category\/histori\/"},"img":{"alt_text":"","src":"https:\/\/i0.wp.com\/www.shqiperia.com\/blog\/wp-content\/uploads\/2018\/06\/Trash%C3%ABgimia-Ilire-720x415-640x369.jpg?fit=640%2C369&ssl=1&resize=350%2C200","width":350,"height":200,"srcset":"https:\/\/i0.wp.com\/www.shqiperia.com\/blog\/wp-content\/uploads\/2018\/06\/Trash%C3%ABgimia-Ilire-720x415-640x369.jpg?fit=640%2C369&ssl=1&resize=350%2C200 1x, https:\/\/i0.wp.com\/www.shqiperia.com\/blog\/wp-content\/uploads\/2018\/06\/Trash%C3%ABgimia-Ilire-720x415-640x369.jpg?fit=640%2C369&ssl=1&resize=525%2C300 1.5x"},"classes":[]},{"id":1267,"url":"https:\/\/www.shqiperia.com\/blog\/kolec-topalli-pse-hartova-nje-fjalor-te-ri-etimologjik\/","url_meta":{"origin":18079,"position":3},"title":"Kolec Topalli: Pse hartova nj\u00eb fjalor t\u00eb ri etimologjik","author":"Kurt Farka","date":"January 13, 2018","format":false,"excerpt":"Foto: Kolec Topalli TIRANE- Profesor Eqrem \u00c7abej ka b\u00ebr\u00eb studime t\u00eb jasht\u00ebzakonshme p\u00ebr etimologjin\u00eb e gjuh\u00ebs shqipe, por nuk mundi t\u2019i plot\u00ebsonte deri n\u00eb fund, sepse ka nd\u00ebrruar jet\u00eb prej 34 vjet\u00ebsh(1908-1980). Hartimi i nj\u00eb fjalori etimologjik \u201cq\u00eb n\u00eb t\u00eb v\u00ebrtet\u00eb i mungon gjuh\u00ebs son\u00eb do t\u00eb ndri\u00e7onte shum\u00eb probleme\u2026","rel":"","context":"In &quot;Blogu i Udh\u00ebtarit&quot;","block_context":{"text":"Blogu i Udh\u00ebtarit","link":"https:\/\/www.shqiperia.com\/blog\/category\/blogu-i-udhetarit\/"},"img":{"alt_text":"","src":"https:\/\/i0.wp.com\/www.shqiperia.com\/blog\/wp-content\/uploads\/2018\/01\/Kolec-Topalli.jpg?fit=1024%2C576&ssl=1&resize=350%2C200","width":350,"height":200,"srcset":"https:\/\/i0.wp.com\/www.shqiperia.com\/blog\/wp-content\/uploads\/2018\/01\/Kolec-Topalli.jpg?fit=1024%2C576&ssl=1&resize=350%2C200 1x, https:\/\/i0.wp.com\/www.shqiperia.com\/blog\/wp-content\/uploads\/2018\/01\/Kolec-Topalli.jpg?fit=1024%2C576&ssl=1&resize=525%2C300 1.5x, https:\/\/i0.wp.com\/www.shqiperia.com\/blog\/wp-content\/uploads\/2018\/01\/Kolec-Topalli.jpg?fit=1024%2C576&ssl=1&resize=700%2C400 2x"},"classes":[]},{"id":84362,"url":"https:\/\/www.shqiperia.com\/blog\/gjuha-shqipe-paralajmerimi-i-gjuhetarit-rrezikon-te-kete-fatin-e-latinishtes\/","url_meta":{"origin":18079,"position":4},"title":"\u201cGjuha shqipe\u201d, paralajm\u00ebrimi i gjuh\u00ebtarit: &#8211; Rrezikon t\u00eb ket\u00eb fatin e latinishtes","author":"Kurt Farka","date":"September 12, 2024","format":false,"excerpt":"12 Shtator 2024 \u201cStandardi i gjuh\u00ebs shqipe duhet t\u00eb reformohet pa prekur baz\u00ebn e tosk\u00ebrishtes nga dijetar\u00eb t\u00eb men\u00e7ur q\u00eb iu rreh zemra shqip\u201d, k\u00ebshtu deklaroi n\u00eb nj\u00eb intervist\u00ebn p\u00ebr Merita Haklajn gjuh\u00ebtari Mehmet Elezi, pasi n\u00eb t\u00eb kund\u00ebrt gjuha shqipe \u00ebsht\u00eb e rrezikuar.\u201cNuk jam kurrsesi p\u00ebr p\u00ebrmbysjen. Ky standard\u2026","rel":"","context":"In &quot;Blogu i Udh\u00ebtarit&quot;","block_context":{"text":"Blogu i Udh\u00ebtarit","link":"https:\/\/www.shqiperia.com\/blog\/category\/blogu-i-udhetarit\/"},"img":{"alt_text":"","src":"https:\/\/i0.wp.com\/www.shqiperia.com\/blog\/wp-content\/uploads\/2024\/09\/Mehmet-Elezi.jpg?fit=975%2C523&ssl=1&resize=350%2C200","width":350,"height":200,"srcset":"https:\/\/i0.wp.com\/www.shqiperia.com\/blog\/wp-content\/uploads\/2024\/09\/Mehmet-Elezi.jpg?fit=975%2C523&ssl=1&resize=350%2C200 1x, https:\/\/i0.wp.com\/www.shqiperia.com\/blog\/wp-content\/uploads\/2024\/09\/Mehmet-Elezi.jpg?fit=975%2C523&ssl=1&resize=525%2C300 1.5x, https:\/\/i0.wp.com\/www.shqiperia.com\/blog\/wp-content\/uploads\/2024\/09\/Mehmet-Elezi.jpg?fit=975%2C523&ssl=1&resize=700%2C400 2x"},"classes":[]},{"id":36057,"url":"https:\/\/www.shqiperia.com\/blog\/1000-vjet-shkrim-shqip-para-buzukut-mbishkrimi-ndodhet-ne-muzeun-arkeologjik-tirane\/","url_meta":{"origin":18079,"position":5},"title":"1000 VJET SHKRIM SHQIP PARA BUZUKUT. Mbishkrimi Ndodhet n\u00eb Muzeun Arkeologjik Tiran\u00eb","author":"Kurt Farka","date":"July 6, 2020","format":false,"excerpt":"1000 VJET SHKRIM SHQIP PARA BUZUKUT. Mbishkrimi Ndodhet n\u00eb Muzeun Arkeologjik Tiran\u00eb \u00a0Nga:\u00a0Muharrem Abazaj Gjuha shqipe dokumentohet e shkruar n\u00eb mbishkrime t\u00eb lashta.t\u00eb cilat shkojn\u00eb shum\u00eb shekuj p\u00ebrtej shek XVI, kur \u00ebsht\u00eb shkruar Meshari i Buzukut. Duke u p\u00ebrjekur p\u00ebr shum\u00eb vite me radh\u00eb kam mundur t\u00eb deshifroj disa nga\u2026","rel":"","context":"In &quot;Histori&quot;","block_context":{"text":"Histori","link":"https:\/\/www.shqiperia.com\/blog\/category\/histori\/"},"img":{"alt_text":"","src":"https:\/\/i0.wp.com\/www.shqiperia.com\/blog\/wp-content\/uploads\/2020\/07\/Mbishkrim-shqip.jpg?fit=624%2C305&ssl=1&resize=350%2C200","width":350,"height":200,"srcset":"https:\/\/i0.wp.com\/www.shqiperia.com\/blog\/wp-content\/uploads\/2020\/07\/Mbishkrim-shqip.jpg?fit=624%2C305&ssl=1&resize=350%2C200 1x, https:\/\/i0.wp.com\/www.shqiperia.com\/blog\/wp-content\/uploads\/2020\/07\/Mbishkrim-shqip.jpg?fit=624%2C305&ssl=1&resize=525%2C300 1.5x"},"classes":[]}],"_links":{"self":[{"href":"https:\/\/www.shqiperia.com\/blog\/wp-json\/wp\/v2\/posts\/18079","targetHints":{"allow":["GET"]}}],"collection":[{"href":"https:\/\/www.shqiperia.com\/blog\/wp-json\/wp\/v2\/posts"}],"about":[{"href":"https:\/\/www.shqiperia.com\/blog\/wp-json\/wp\/v2\/types\/post"}],"author":[{"embeddable":true,"href":"https:\/\/www.shqiperia.com\/blog\/wp-json\/wp\/v2\/users\/9"}],"replies":[{"embeddable":true,"href":"https:\/\/www.shqiperia.com\/blog\/wp-json\/wp\/v2\/comments?post=18079"}],"version-history":[{"count":2,"href":"https:\/\/www.shqiperia.com\/blog\/wp-json\/wp\/v2\/posts\/18079\/revisions"}],"predecessor-version":[{"id":18085,"href":"https:\/\/www.shqiperia.com\/blog\/wp-json\/wp\/v2\/posts\/18079\/revisions\/18085"}],"wp:featuredmedia":[{"embeddable":true,"href":"https:\/\/www.shqiperia.com\/blog\/wp-json\/wp\/v2\/media\/18080"}],"wp:attachment":[{"href":"https:\/\/www.shqiperia.com\/blog\/wp-json\/wp\/v2\/media?parent=18079"}],"wp:term":[{"taxonomy":"category","embeddable":true,"href":"https:\/\/www.shqiperia.com\/blog\/wp-json\/wp\/v2\/categories?post=18079"},{"taxonomy":"post_tag","embeddable":true,"href":"https:\/\/www.shqiperia.com\/blog\/wp-json\/wp\/v2\/tags?post=18079"}],"curies":[{"name":"wp","href":"https:\/\/api.w.org\/{rel}","templated":true}]}}