{"id":18067,"date":"2019-03-06T14:21:19","date_gmt":"2019-03-06T14:21:19","guid":{"rendered":"http:\/\/www.shqiperia.com\/blog\/?p=18067"},"modified":"2019-03-06T14:21:19","modified_gmt":"2019-03-06T14:21:19","slug":"doli-nga-shtypi-libri-i-ri-i-mark-d-vickers-ish-atasheu-britanik-i-mbrojtjes-ne-tirane","status":"publish","type":"post","link":"https:\/\/www.shqiperia.com\/blog\/doli-nga-shtypi-libri-i-ri-i-mark-d-vickers-ish-atasheu-britanik-i-mbrojtjes-ne-tirane\/","title":{"rendered":"Doli nga shtypi libri i ri i Mark D. Vickers, ish-Atasheu Britanik i Mbrojtjes n\u00eb Tiran\u00eb"},"content":{"rendered":"<p><em>Nga Dr. Ermira Babamusta<\/em><\/p>\n<p>Mark D. Vickers ka sh\u00ebrbyer si oficer i Ushtris\u00eb Britanike dhe ka jetuar n\u00eb shtete t\u00eb ndryshme n\u00ebp\u00ebr bot\u00eb si Hong Kong, Gjermani, Nepal, Shqip\u00ebri si dhe n\u00eb vendlindjen e tij n\u00eb Angli. Lejtnant Kolonel Mark D. Vickers \u00ebsht\u00eb ish-Atasheu Britanik i Mbrojtjes n\u00eb Tiran\u00eb. Pas daljes n\u00eb pension n\u00eb 2012, jeton me gruan e tij, Estella n\u00eb Taivan. Ka shkruar n\u00eb shum\u00eb revista dhe gazeta p\u00ebr tema t\u00eb ndryshme rreth Shqip\u00ebris\u00eb. Dhe n\u00eb 2019 ka botuar librin e tij t\u00eb par\u00eb me titull \u201cVictory \u2013 Motorcycle Tales From Around the World\u201d (Victory \u2013 Tregime p\u00ebr motora nga bota).<br \/>\nKy lib\u00ebr nuk tregon vet\u00ebm tregime interesante p\u00ebr motora t\u00eb mark\u00ebs s\u00eb njohur amerikane \u201cVictory\u201d. Por shpalos jet\u00ebn, aventurat dhe mendimet e njer\u00ebzve nga vende t\u00eb ndryshme. Libri \u00ebsht\u00eb nj\u00eb koleksion me tregime t\u00eb shkurt\u00ebra rr\u00ebfyer nga entuziast\u00eb t\u00eb motorave Victory nga e gjith\u00eb bota, si Amerika, Indonezia, Kanadaja, Australia, Anglia, Gjermania dhe vende t\u00eb tjera. Libri \u00ebsht\u00eb n\u00eb treg n\u00eb Amazon, Barnes &amp; Noble dhe mund t\u00eb blihet edhe n\u00eb www.VictoryTales.com.<br \/>\nNj\u00eb pasion tjet\u00ebr i z. Mark D. Vickers \u00ebsht\u00eb arti dhe ka mbajtur 8 ekspozita solo me pikturat e tij deri tani. Ai \u00ebsht\u00eb n\u00eb bordin e drejtor\u00ebve t\u00eb klubit motoristik \u201cVictory Motorcycle Club\u201d si dhe historiani zyrtar i tyre. Momentalisht z. Mark D. Vickers \u00ebsht\u00eb duke shkruar librin e tij t\u00eb dyt\u00eb me tregime nga Shqip\u00ebria \u201cTales from Albania\u201d.<\/p>\n<h2>Intervista me autorin Mark D. Vickers<\/h2>\n<p><strong>Si lindi ideja p\u00ebr t\u00eb shkruar k\u00ebt\u00eb lib\u00ebr p\u00ebr motorat Victory?<\/strong><\/p>\n<p>Mark D. Vickers: N\u00eb vitin 1998, kushdo q\u00eb d\u00ebshironte t\u00eb blinte nj\u00eb motor Amerikan, nuk kishte pothuajse asnj\u00eb alternativ\u00eb tjet\u00ebr ndaj Harley-Davidson. M\u00eb pas, m\u00eb 1 korrik 1998 Polaris (i njohur p\u00ebr snowmobiles, nd\u00ebr t\u00eb tjera) zbuloi nj\u00eb motor t\u00eb ri amerikan duke p\u00ebrdorur emrin e mark\u00ebs \u201cVictory\u201d (Fitore). K\u00ebto motora amerikan\u00eb zhvilluan s\u00eb shpejti nj\u00eb ndjekje shum\u00eb t\u00eb madhe dhe entuziast\u00eb q\u00eb rezultoi n\u00eb krijimin e Klubit Motoristik Victory.<br \/>\nN\u00eb vitin 2011, Polaris bleu mark\u00ebn e njohur indiane t\u00eb moto\u00e7ikletave. Pastaj, nj\u00eb dit\u00eb n\u00eb janar 2017, entuziast\u00ebt e Victory u trondit\u00ebn t\u00eb zgjoheshin me lajmin se Polaris nd\u00ebrpreu prodhimin e motorave t\u00eb tyre t\u00eb dashura. Gjat\u00eb jet\u00ebs 18-vje\u00e7are t\u00eb motorave Victory, ata ishin b\u00ebr\u00eb shum\u00eb t\u00eb dashur me nj\u00eb ndjekje jasht\u00ebzakonisht entuziaste, dhe me krenari fitoi 25 \u00e7mimet m\u00eb t\u00eb larta t\u00eb industris\u00eb motorike.<\/p>\n<p><strong>Disa muaj m\u00eb pas juve keni bler\u00eb vet\u00eb nj\u00eb motor Victory n\u00eb Taivan ku dhe jetoni. Si ka qen\u00eb p\u00ebrfshirja juaj me klubin motoristik t\u00eb tyre?<\/strong><\/p>\n<p>Mark D. Vickers: Un\u00eb shum\u00eb shpejt u p\u00ebrfshiva n\u00eb Klubin Nd\u00ebrkomb\u00ebtar Motoristik t\u00eb Victory dhe mund t\u00eb p\u00ebrjetoja pasionin q\u00eb kishin simpatizant\u00ebt e k\u00ebtyre mjeteve. Megjithat\u00eb, njoftimi i janarit 2017 p\u00ebr nd\u00ebrprejen e prodhimit na la pothuajse t\u00eb gjith\u00eb n\u00eb tronditje. Nuk kishte pasur asnj\u00eb paralajm\u00ebrim p\u00ebr k\u00ebt\u00eb gj\u00eb, dhe madje edhe vet\u00eb furnizuesit specialist\u00eb kan\u00eb qen\u00eb totalisht n\u00eb surpriz\u00eb. Njer\u00ebzit reaguan n\u00eb m\u00ebnyra t\u00eb ndryshme, trishtim, shokim, zem\u00ebrim &#8211; t\u00eb gjitha emocionet q\u00eb mund t\u00eb p\u00ebrfytyroheshin, dhe kuptohet mjaft mir\u00eb pse. Disa njerez menj\u00ebher\u00eb i vendos\u00ebn motorat e tyre n\u00eb shitje, duke pasur frik\u00eb se vlera e moto\u00e7ikletave t\u00eb tyre t\u00eb shtrenjta do t\u00eb binte si gur\u00eb, pavar\u00ebsisht sigurimeve t\u00eb Polaris q\u00eb pjes\u00ebt do t\u00eb vazhdonin t\u00eb prodhoheshin p\u00ebr dhjet\u00eb vjet t\u00eb tjera. Shum\u00eb njer\u00ebz kishin v\u00ebn\u00eb t\u00eb gjitha kursimet e tyre n\u00eb mbajtjen e nj\u00eb motori Victory, dhe tani shum\u00eb ndjehen t\u00eb tradh\u00ebtuar. Dukej aq e trishtuar saq\u00eb brenda nat\u00ebs \u00ebndrrat e shum\u00eb njer\u00ebzve ishin shkat\u00ebrruar p\u00ebr shkak t\u00eb nj\u00eb vendimi t\u00eb korporat\u00ebs.<\/p>\n<p><strong>Libri nuk flet vet\u00ebm p\u00ebr historin\u00eb e Victory, por shkon edhe m\u00eb tej. Mund t\u00eb na tregoni p\u00ebr konceptimin fillestar t\u00eb librit?<\/strong><\/p>\n<p>Mark D. Vickers: Po, disa pronar\u00eb filluan t\u00eb shesin motorat e tyre dhe ishte e qart\u00eb se Klubi Motoristik i Victory, i cili e kishte mb\u00ebshtetur mark\u00ebn kaq fort dhe kishte ndihmuar n\u00eb pjes\u00eb kryesore t\u00eb zhvillimit dhe suksesit e Victory, do t\u00eb p\u00ebrballej me disa sfida dhe ndryshime t\u00eb m\u00ebdha. Por kishte disa njer\u00ebz t\u00eb p\u00ebrkushtuar q\u00eb u zotuan se nuk do t\u2019i shisnin kurr\u00eb motorat e tyre t\u00eb dashur. Me sa m\u00eb shum\u00eb njer\u00ebz q\u00eb fola, aq m\u00eb shum\u00eb m\u00ebsova p\u00ebr aventurat e mahnitshme dhe k\u00ebnaq\u00ebsin\u00eb e madhe q\u00eb motorat sjellin n\u00eb jet\u00ebn e njer\u00ebzve.<br \/>\nPra, ideja ime origjinale ishte t\u00eb shkruaja nj\u00eb lib\u00ebr me dy pjes\u00eb. Pjesa e par\u00eb me t\u00eb v\u00ebrtet\u00eb do ishte nj\u00eb histori e mark\u00ebs Victory dhe pjesa e dyt\u00eb do t\u00eb ishte histori nga entuziast\u00eb t\u00eb k\u00ebtij lloj motori nga mbar\u00eb bot\u00ebn. Por Polaris nuk iu p\u00ebrgjigj korrespondenc\u00ebs sime, dhe m\u00eb pas zbulova se dy ekspert\u00eb q\u00eb kishin punuar p\u00ebr Victory po prodhonin nj\u00eb histori t\u00eb vet\u00eb mark\u00ebs. Sapo kisha shpenzuar qindra dollar\u00eb p\u00ebr blerjen e materialeve k\u00ebrkimore, por e dija se k\u00ebta dy ekspert\u00eb do t\u00eb kishin akses shum\u00eb m\u00eb t\u00eb madh n\u00eb regjistrat dhe fotografit\u00eb origjinale sesa un\u00eb, dhe n\u00eb \u00e7do rast po b\u00ebhesha gjithnj\u00eb e m\u00eb shum\u00eb i mahnitur nga tregimet q\u00eb d\u00ebgjova nga entuziast\u00eb kudo n\u00eb mbar\u00eb bot\u00ebn ku ishin shitur motorat Victory. Prandaj un\u00eb ndryshova taktik\u00ebn time dhe vendosa t\u00eb p\u00ebrq\u00ebndrohem vet\u00ebm n\u00eb k\u00ebto histori individuale.<\/p>\n<p><strong>Mund t\u00eb na jepni disa nuanca nga k\u00ebto histori individuale t\u00eb p\u00ebrfshira n\u00eb librin tuaj?<\/strong><\/p>\n<p>Mark D. Vickers: Disa nga historit\u00eb jan\u00eb nga pronar\u00eb t\u00eb cil\u00ebt m\u00eb treguan p\u00ebr udh\u00ebtimet e tyre me motor n\u00eb rrug\u00eb-udh\u00ebtimet e tyre n\u00eb SHBA. Shumica e tyre jan\u00eb m\u00eb shum\u00eb p\u00ebr vendet ku kan\u00eb vizituar, njer\u00ebzit q\u00eb takuan, ku kan\u00eb q\u00ebndruar, madje edhe kushtet e rrug\u00ebve dhe t\u00eb motit. Tregime t\u00eb tjera jan\u00eb mjaft t\u00eb pabesueshme.<br \/>\nNj\u00eb i till\u00eb ka t\u00eb b\u00ebj\u00eb me nj\u00eb djal\u00eb q\u00eb udh\u00ebtoi me motor nga Nju Jorku n\u00eb Argjentin\u00eb dhe ai tregon, n\u00eb formatin ditar, udh\u00ebtimin e tij dhe njer\u00ebzit q\u00eb takoi gjat\u00eb rrug\u00ebs dhe p\u00ebrvoj\u00ebn e tij n\u00eb vendet q\u00eb kaloi. Nj\u00eb tjet\u00ebr shkoi nga Florida n\u00eb Alaska duke mbuluar distanca t\u00eb m\u00ebdha \u00e7do dit\u00eb, dhe nj\u00eb tjet\u00ebr \u00ebsht\u00eb nga nj\u00eb djal\u00eb britanik i cili u bashkua me nj\u00eb grup q\u00eb filloi Mbret\u00ebria e Bashkuar deri n\u00eb shkret\u00ebtir\u00ebn e Saharas\u00eb.<br \/>\nNj\u00eb djal\u00eb n\u00eb Indonezi po merrte trajtime t\u00eb kimoterapsi\u00eb, kur gruaja e tij i bleu atij nj\u00eb motor Victory (jo e par\u00eb) &#8211; ndoshta kjo ishte p\u00ebr t\u2019a inkurajuar at\u00eb gjat\u00eb trajtimit t\u00eb po merrte. Sigurisht pas fitores s\u00eb tij personale ai mblodhi nj\u00eb grup miqsh p\u00ebr nj\u00eb udh\u00ebtim rrugor rreth Sumatr\u00ebs. Nj\u00eb tjet\u00ebr djal\u00eb kishte nj\u00eb problem t\u00eb keq t\u00eb alkoolit, dhe vet\u00ebm kur mori moto\u00e7iklet\u00ebn e tij t\u00eb par\u00eb q\u00eb ai arriti t\u00eb hiqte dor\u00eb nga zakoni &#8211; thjesht nuk mund t\u00eb shijonte bi\u00e7iklet\u00ebn e tij ndryshe! Nj\u00eb zonj\u00eb tregon se si gjithmon\u00eb kishte munges\u00eb besimi n\u00eb vetvete, dhe ishte p\u00ebrmes udh\u00ebtimeve sfiduese n\u00eb rrug\u00eb kur ajo mori motorin e saj q\u00eb ajo zhvilloi nj\u00eb guxim t\u00eb till\u00eb t\u00eb admiruesh\u00ebm sot.<br \/>\nNj\u00eb tjet\u00ebr zonj\u00eb tregon se si ishte p\u00ebrfshir\u00eb n\u00eb nj\u00eb aksident t\u00eb keq shum\u00eb vite m\u00eb par\u00eb, q\u00eb t\u00ebr\u00ebsisht ia hoqi \u00e7do d\u00ebshir\u00eb p\u00ebr t\u00eb ngar\u00eb motora. Dhe vet\u00ebm disa vite m\u00eb von\u00eb, ajo i rikthehet pasionit dhe b\u00ebhet e famshme n\u00eb garat suedeze.<br \/>\n\u00cbsht\u00eb nj\u00eb lib\u00ebr i famsh\u00ebm i shkruar n\u00eb vitet 1970-t\u00eb me titull \u201cZen and the Art of Motorcycle Maintenance\u201d. K\u00ebshtu un\u00eb si nj\u00eb nj\u00eb budist vendosa t\u00eb shkruaj nj\u00eb tregim t\u00eb shkurt\u00ebr me p\u00ebrvoj\u00ebn time, t\u00eb cilin e kam quajtur \u201cZen and the Art of Motorcycle Riding\u201d. Ka edhe disa tregime humoristike, si p\u00ebrshembull nj\u00eb burr\u00eb dhe nj\u00eb grua, ku secili tregojn\u00eb ndjenjat e tyre n\u00eb lidhje me fitoren e tyre (t\u00eb tij\u00ebn!). Dhe versione t\u00eb ndryshme t\u00eb s\u00eb nj\u00ebjt\u00ebs histori. \u00c7do histori q\u00ebndron si kapitulli i saj dhe un\u00eb kam synuar q\u00ebllimisht q\u00eb t\u00eb ket\u00eb sa m\u00eb shum\u00eb shum\u00ebllojshm\u00ebri.<\/p>\n<p><strong>Me \u00e7far\u00eb projekte t\u00eb tjera po merreni? \u00c7far\u00eb tjet\u00ebr mund t\u00eb presim nga ju?<\/strong><\/p>\n<p>Mark D. Vickers: Un\u00eb vazhdoj t\u00eb pikturoj dhe t\u00eb b\u00ebj ekspozita sa her\u00eb q\u00eb mundem. Por n\u00eb vitin 2018 jam p\u00ebrq\u00ebndruar n\u00eb nj\u00eb seri pikturash nga nj\u00eb pelegrinazh budist n\u00eb Szechuan t\u00eb Kin\u00ebs. Un\u00eb vazhdoj t\u00eb mendoj se do ta p\u00ebrfundoj serin\u00eb, por pastaj mendoj &#8220;vet\u00ebm nj\u00eb m\u00eb shum\u00eb&#8221;. Mendoj se kam dhjet\u00eb piktura t\u00eb p\u00ebrfunduara deri tani.<br \/>\nGjithashtu kam punuar n\u00eb disa projekte t\u00eb tjera t\u00eb shkrimit dhe kam pasur disa artikuj mbi tema shum\u00eb t\u00eb ndryshme t\u00eb publikuara n\u00eb botime t\u00eb ndryshme k\u00ebt\u00eb vit t\u00eb kaluar. Por projektet m\u00eb t\u00eb m\u00ebdha p\u00ebrfshijn\u00eb disa libra t\u00eb tjer\u00eb. Nj\u00eb dor\u00ebshkrimi \u00ebsht\u00eb i plot\u00eb &#8211; rreth 300 faqe &#8211; dhe merr form\u00ebn e pyetjeve dhe p\u00ebrgjigjeve p\u00ebr nj\u00eb m\u00ebsues feje n\u00eb nj\u00eb nga traditat Hindu.<br \/>\nKam shkruar gjysm\u00ebn e nj\u00eb libri q\u00eb kam dashur t\u00eb shkruaj p\u00ebr m\u00eb shum\u00eb se dhjet\u00eb vjet &#8211; nj\u00eb lib\u00ebr me tregime t\u00eb shkurtra q\u00eb un\u00eb mund ta quaj &#8220;Tregime nga Shqip\u00ebria&#8221;. N\u00eb disa m\u00ebnyra t\u00eb ngjashme me librin tim t\u00eb &#8220;Victory&#8221;, un\u00eb po p\u00ebrpiqem p\u00ebr shum\u00ebllojshm\u00ebri, k\u00ebshtu q\u00eb kjo do t\u00eb p\u00ebrfshij\u00eb rr\u00ebfime personale, dhe madje disa histori nga folklori shqiptar.<br \/>\nAktualisht un\u00eb jam shum\u00eb entuziast p\u00ebr k\u00ebt\u00eb lib\u00ebr pasi kultura shqiptare mbetet e dashur p\u00ebr zemr\u00ebn time. Vitin e kaluar isha i sigurt\u00eb se do shkoja n\u00eb Shqip\u00ebri por nuk arrita. Kjo do t\u00eb kishte qen\u00eb koha e p\u00ebrsosur p\u00ebr ta p\u00ebrfunduar librin. Me p\u00ebrfundimin e librit Victory do t\u2019i rinisem k\u00ebtij projekti. Ndoshta m\u00eb duhet t\u00eb vizitoj Shqip\u00ebrin\u00eb p\u00ebrs\u00ebri para se t\u00eb eci m\u00eb tutje me shkrimin e tregimeve shqiptare.<\/p>\n","protected":false},"excerpt":{"rendered":"<p>Nga Dr. Ermira Babamusta Mark D. Vickers ka sh\u00ebrbyer si oficer i Ushtris\u00eb Britanike dhe ka jetuar n\u00eb shtete t\u00eb ndryshme n\u00ebp\u00ebr bot\u00eb si Hong Kong, Gjermani, Nepal, Shqip\u00ebri si dhe n\u00eb vendlindjen e tij n\u00eb Angli. Lejtnant Kolonel Mark D. Vickers \u00ebsht\u00eb ish-Atasheu Britanik i Mbrojtjes n\u00eb Tiran\u00eb. Pas daljes n\u00eb pension n\u00eb 2012, [&hellip;]<\/p>\n","protected":false},"author":1,"featured_media":18068,"comment_status":"open","ping_status":"open","sticky":false,"template":"","format":"standard","meta":{"jetpack_post_was_ever_published":false,"_jetpack_newsletter_access":"","_jetpack_dont_email_post_to_subs":false,"_jetpack_newsletter_tier_id":0,"_jetpack_memberships_contains_paywalled_content":false,"_jetpack_memberships_contains_paid_content":false,"footnotes":"","jetpack_publicize_message":"","jetpack_publicize_feature_enabled":true,"jetpack_social_post_already_shared":true,"jetpack_social_options":{"image_generator_settings":{"template":"highway","default_image_id":0,"font":"","enabled":false},"version":2}},"categories":[10],"tags":[],"class_list":["post-18067","post","type-post","status-publish","format-standard","has-post-thumbnail","hentry","category-kultura"],"jetpack_publicize_connections":[],"jetpack_featured_media_url":"https:\/\/i0.wp.com\/www.shqiperia.com\/blog\/wp-content\/uploads\/2019\/03\/Mark-D.-Vickers.jpg?fit=1884%2C1339&ssl=1","jetpack_sharing_enabled":true,"jetpack_shortlink":"https:\/\/wp.me\/p5Z6wp-4Hp","jetpack-related-posts":[{"id":26245,"url":"https:\/\/www.shqiperia.com\/blog\/libri-fatos-mero-rrapaj-kenge-popullore-nga-cameria-tirane-2019-750-f-botim-i-dyte\/","url_meta":{"origin":18067,"position":0},"title":"Libri: &#8211; Fatos Mero Rrapaj, K\u00ebng\u00eb popullore nga \u00c7am\u00ebria, , Tiran\u00eb 2019, 750 f. Botim i Dyte. &#8211;","author":"Kurt Farka","date":"September 25, 2019","format":false,"excerpt":"Libri: - Fatos Mero Rrapaj, K\u00ebng\u00eb popullore nga \u00c7am\u00ebria, , Tiran\u00eb 2019, 750 f. Botim i Dyte. Libri \u201cK\u00ebng\u00eb popullore nga \u00c7am\u00ebria\u201d zbulon p\u00ebr her\u00eb t\u00eb par\u00eb thesaret e tradit\u00ebs dhe t\u00eb kultur\u00ebs \u00e7ame. Botimi i par\u00eb i k\u00ebsaj vepre i p\u00ebrket vitit 1983, kur u botua nga Instituti i\u2026","rel":"","context":"In &quot;Histori&quot;","block_context":{"text":"Histori","link":"https:\/\/www.shqiperia.com\/blog\/category\/histori\/"},"img":{"alt_text":"","src":"https:\/\/i0.wp.com\/www.shqiperia.com\/blog\/wp-content\/uploads\/2019\/09\/70735716_2371416069560222_4618605515683921920_n.jpg?fit=706%2C387&ssl=1&resize=350%2C200","width":350,"height":200,"srcset":"https:\/\/i0.wp.com\/www.shqiperia.com\/blog\/wp-content\/uploads\/2019\/09\/70735716_2371416069560222_4618605515683921920_n.jpg?fit=706%2C387&ssl=1&resize=350%2C200 1x, https:\/\/i0.wp.com\/www.shqiperia.com\/blog\/wp-content\/uploads\/2019\/09\/70735716_2371416069560222_4618605515683921920_n.jpg?fit=706%2C387&ssl=1&resize=525%2C300 1.5x, https:\/\/i0.wp.com\/www.shqiperia.com\/blog\/wp-content\/uploads\/2019\/09\/70735716_2371416069560222_4618605515683921920_n.jpg?fit=706%2C387&ssl=1&resize=700%2C400 2x"},"classes":[]},{"id":26507,"url":"https:\/\/www.shqiperia.com\/blog\/kur-shkrimtari-hamdi-meca-shkruante-letersi-per-femije\/","url_meta":{"origin":18067,"position":1},"title":"Kur shkrimtari Hamdi Me\u00e7a shkruante Let\u00ebrsi p\u00ebr f\u00ebmij\u00eb\u2026","author":"Kurt Farka","date":"September 30, 2019","format":false,"excerpt":"Kur shkrimtari Hamdi Me\u00e7a shkruante Let\u00ebrsi p\u00ebr f\u00ebmij\u00eb\u2026 Po t\u2019i hedhim nj\u00eb sy procesit historik e letrar t\u00eb rrug\u00ebtimit t\u00eb let\u00ebrsis\u00eb shqipe p\u00ebr f\u00ebmij\u00eb e t\u00eb rinj, shkrimtari Me\u00e7a, n\u00eb vetvete, \u00ebsht\u00eb nj\u00eb \u2018Shkoll\u00eb\u2019 e lidhur me profilin q\u00eb ai na ka ofruar me krijimtarin\u00eb e tij n\u00eb disa gjini\u2026","rel":"","context":"In &quot;Blogu i Udh\u00ebtarit&quot;","block_context":{"text":"Blogu i Udh\u00ebtarit","link":"https:\/\/www.shqiperia.com\/blog\/category\/blogu-i-udhetarit\/"},"img":{"alt_text":"","src":"https:\/\/i0.wp.com\/www.shqiperia.com\/blog\/wp-content\/uploads\/2019\/09\/Hamdi-Meca-6.jpg?fit=780%2C440&ssl=1&resize=350%2C200","width":350,"height":200,"srcset":"https:\/\/i0.wp.com\/www.shqiperia.com\/blog\/wp-content\/uploads\/2019\/09\/Hamdi-Meca-6.jpg?fit=780%2C440&ssl=1&resize=350%2C200 1x, https:\/\/i0.wp.com\/www.shqiperia.com\/blog\/wp-content\/uploads\/2019\/09\/Hamdi-Meca-6.jpg?fit=780%2C440&ssl=1&resize=525%2C300 1.5x, https:\/\/i0.wp.com\/www.shqiperia.com\/blog\/wp-content\/uploads\/2019\/09\/Hamdi-Meca-6.jpg?fit=780%2C440&ssl=1&resize=700%2C400 2x"},"classes":[]},{"id":17703,"url":"https:\/\/www.shqiperia.com\/blog\/moisi-zaloshnja-me-shpirt-e-zemer-ne-librat-e-tij\/","url_meta":{"origin":18067,"position":2},"title":"Moisi Zaloshnja, me shpirt e zem\u00ebr n\u00eb librat e tij.","author":"Kurt Farka","date":"February 20, 2019","format":false,"excerpt":"Moisi Zaloshnja, me shpirt e zem\u00ebr n\u00eb librat e tij. - Me rastin e 100-vjetorit t\u00eb lindjes Vepra e Moisi Zaloshnjes ndahet n\u00eb koh\u00eb dhe n\u00eb gjini t\u00eb ndryshme, q\u00eb nga vjershat p\u00ebr f\u00ebmij\u00eb dhe t\u00eb rritur deri te romani. Nd\u00ebr m\u00eb t\u00eb njohurat jan\u00eb: -T\u00eb periudh\u00ebs para \u00e7lirimit t\u00eb\u2026","rel":"","context":"In &quot;Arte&quot;","block_context":{"text":"Arte","link":"https:\/\/www.shqiperia.com\/blog\/category\/arte\/"},"img":{"alt_text":"","src":"https:\/\/i0.wp.com\/www.shqiperia.com\/blog\/wp-content\/uploads\/2019\/02\/zaloshnja-1.png?resize=350%2C200","width":350,"height":200},"classes":[]},{"id":11819,"url":"https:\/\/www.shqiperia.com\/blog\/maks-velo-trebeshina-dhe-arshi-pipa-bashkepunetor-te-sigurimit\/","url_meta":{"origin":18067,"position":3},"title":"Maks Velo: -Trebeshina dhe Arshi Pipa bashk\u00ebpun\u00ebtor t\u00eb Sigurimit.-","author":"Kurt Farka","date":"September 22, 2018","format":false,"excerpt":"Maks Velo: Trebeshina dhe Arshi Pipa bashk\u00ebpun\u00ebtor t\u00eb Sigurimit.- Maks Velo e quan Arshi Pip\u00ebn nj\u00eb njeri q\u00eb bashk\u00ebpunoi me Sigurimin e Shtetit. N\u00eb librin \u201cJet\u00eb paralele\u201d, me autor Alda Bardhylin, i pyetur nga gazetarja mbi let\u00ebrsin\u00eb e shkruar nga autor\u00ebt q\u00eb jetuan burgjet komuniste, ai flet me rezerva p\u00ebr\u2026","rel":"","context":"In &quot;Blogu i Udh\u00ebtarit&quot;","block_context":{"text":"Blogu i Udh\u00ebtarit","link":"https:\/\/www.shqiperia.com\/blog\/category\/blogu-i-udhetarit\/"},"img":{"alt_text":"","src":"https:\/\/i0.wp.com\/www.shqiperia.com\/blog\/wp-content\/uploads\/2018\/09\/37848462_2171736513070861_8571157295629598720_n-e1537362091687.jpg?fit=885%2C484&ssl=1&resize=350%2C200","width":350,"height":200,"srcset":"https:\/\/i0.wp.com\/www.shqiperia.com\/blog\/wp-content\/uploads\/2018\/09\/37848462_2171736513070861_8571157295629598720_n-e1537362091687.jpg?fit=885%2C484&ssl=1&resize=350%2C200 1x, https:\/\/i0.wp.com\/www.shqiperia.com\/blog\/wp-content\/uploads\/2018\/09\/37848462_2171736513070861_8571157295629598720_n-e1537362091687.jpg?fit=885%2C484&ssl=1&resize=525%2C300 1.5x, https:\/\/i0.wp.com\/www.shqiperia.com\/blog\/wp-content\/uploads\/2018\/09\/37848462_2171736513070861_8571157295629598720_n-e1537362091687.jpg?fit=885%2C484&ssl=1&resize=700%2C400 2x"},"classes":[]},{"id":46599,"url":"https:\/\/www.shqiperia.com\/blog\/shkodra-humbet-njeriun-e-mire-skender-temali\/","url_meta":{"origin":18067,"position":4},"title":"Shkodra humbet Njeriun e Mire Skender Temali.","author":"Kurt Farka","date":"April 17, 2021","format":false,"excerpt":"Shkodra humbet Njeriun e Mire Skender Temali. Nd\u00ebrron jet\u00eb shkrimtari, nje figure e shquar, poeti, m\u00ebsuesi dhe gazetari S\u00ebnder Temali. Ka lindur n\u00eb Shkod\u00ebr m\u00eb 30 korrik 1946, ku jeton. K\u00ebtu kreu Universitetin \u201cLuigj Gurakuqi\u201d. P\u00ebr 15 vjet punoi redaktor n\u00eb shtypin e Radion e Shkodr\u00ebs, revist\u00ebn \u201c10 Korriku\u201d dhe\u2026","rel":"","context":"In &quot;Blogu i Udh\u00ebtarit&quot;","block_context":{"text":"Blogu i Udh\u00ebtarit","link":"https:\/\/www.shqiperia.com\/blog\/category\/blogu-i-udhetarit\/"},"img":{"alt_text":"","src":"https:\/\/i0.wp.com\/www.shqiperia.com\/blog\/wp-content\/uploads\/2021\/04\/Skender-temali-2.jpg?fit=800%2C450&ssl=1&resize=350%2C200","width":350,"height":200,"srcset":"https:\/\/i0.wp.com\/www.shqiperia.com\/blog\/wp-content\/uploads\/2021\/04\/Skender-temali-2.jpg?fit=800%2C450&ssl=1&resize=350%2C200 1x, https:\/\/i0.wp.com\/www.shqiperia.com\/blog\/wp-content\/uploads\/2021\/04\/Skender-temali-2.jpg?fit=800%2C450&ssl=1&resize=525%2C300 1.5x, https:\/\/i0.wp.com\/www.shqiperia.com\/blog\/wp-content\/uploads\/2021\/04\/Skender-temali-2.jpg?fit=800%2C450&ssl=1&resize=700%2C400 2x"},"classes":[]},{"id":93709,"url":"https:\/\/www.shqiperia.com\/blog\/gjyqi-ndaj-ish-krereve-te-uck-se-mbahet-sot-proteste-ne-hage\/","url_meta":{"origin":18067,"position":5},"title":"Gjyqi ndaj ish-krer\u00ebve t\u00eb U\u00c7K-s\u00eb, mbahet sot protest\u00eb n\u00eb Hag\u00eb","author":"Kurt Farka","date":"September 14, 2025","format":false,"excerpt":"14 Shtator 2025 Shqiptar\u00eb nga Amerika dhe vende t\u00eb ndryshme t\u00eb Evrop\u00ebs jan\u00eb b\u00ebr\u00eb bashk\u00eb sot n\u00eb Hag\u00eb p\u00ebr nj\u00eb protest\u00eb t\u00eb thirrur n\u00eb mb\u00ebshtetje t\u00eb ish-krer\u00ebve t\u00eb U\u00c7K-s\u00eb, t\u00eb cil\u00ebt po gjykohen n\u00eb Dhomat e Specializuara. Protesta pritet t\u00eb nis\u00eb n\u00eb or\u00ebn 14:00 dhe nuk do t\u00eb mbahet para\u2026","rel":"","context":"In &quot;Blogu i Udh\u00ebtarit&quot;","block_context":{"text":"Blogu i Udh\u00ebtarit","link":"https:\/\/www.shqiperia.com\/blog\/category\/blogu-i-udhetarit\/"},"img":{"alt_text":"","src":"https:\/\/i0.wp.com\/www.shqiperia.com\/blog\/wp-content\/uploads\/2025\/09\/640-0-150003a0face01b5bd7647977390ecbc.webp?fit=640%2C360&ssl=1&resize=350%2C200","width":350,"height":200,"srcset":"https:\/\/i0.wp.com\/www.shqiperia.com\/blog\/wp-content\/uploads\/2025\/09\/640-0-150003a0face01b5bd7647977390ecbc.webp?fit=640%2C360&ssl=1&resize=350%2C200 1x, https:\/\/i0.wp.com\/www.shqiperia.com\/blog\/wp-content\/uploads\/2025\/09\/640-0-150003a0face01b5bd7647977390ecbc.webp?fit=640%2C360&ssl=1&resize=525%2C300 1.5x"},"classes":[]}],"_links":{"self":[{"href":"https:\/\/www.shqiperia.com\/blog\/wp-json\/wp\/v2\/posts\/18067","targetHints":{"allow":["GET"]}}],"collection":[{"href":"https:\/\/www.shqiperia.com\/blog\/wp-json\/wp\/v2\/posts"}],"about":[{"href":"https:\/\/www.shqiperia.com\/blog\/wp-json\/wp\/v2\/types\/post"}],"author":[{"embeddable":true,"href":"https:\/\/www.shqiperia.com\/blog\/wp-json\/wp\/v2\/users\/1"}],"replies":[{"embeddable":true,"href":"https:\/\/www.shqiperia.com\/blog\/wp-json\/wp\/v2\/comments?post=18067"}],"version-history":[{"count":1,"href":"https:\/\/www.shqiperia.com\/blog\/wp-json\/wp\/v2\/posts\/18067\/revisions"}],"predecessor-version":[{"id":18069,"href":"https:\/\/www.shqiperia.com\/blog\/wp-json\/wp\/v2\/posts\/18067\/revisions\/18069"}],"wp:featuredmedia":[{"embeddable":true,"href":"https:\/\/www.shqiperia.com\/blog\/wp-json\/wp\/v2\/media\/18068"}],"wp:attachment":[{"href":"https:\/\/www.shqiperia.com\/blog\/wp-json\/wp\/v2\/media?parent=18067"}],"wp:term":[{"taxonomy":"category","embeddable":true,"href":"https:\/\/www.shqiperia.com\/blog\/wp-json\/wp\/v2\/categories?post=18067"},{"taxonomy":"post_tag","embeddable":true,"href":"https:\/\/www.shqiperia.com\/blog\/wp-json\/wp\/v2\/tags?post=18067"}],"curies":[{"name":"wp","href":"https:\/\/api.w.org\/{rel}","templated":true}]}}