{"id":18047,"date":"2019-03-04T01:20:49","date_gmt":"2019-03-04T01:20:49","guid":{"rendered":"http:\/\/www.shqiperia.com\/blog\/?p=18047"},"modified":"2019-03-04T01:20:49","modified_gmt":"2019-03-04T01:20:49","slug":"dikur-rrihnin-burratvajzat-qe-i-presin-floket-vetem-nje-here-ne-jete","status":"publish","type":"post","link":"https:\/\/www.shqiperia.com\/blog\/dikur-rrihnin-burratvajzat-qe-i-presin-floket-vetem-nje-here-ne-jete\/","title":{"rendered":"Dikur rrihnin burrat,vajzat q\u00eb i presin flok\u00ebt vet\u00ebm nj\u00eb her\u00eb n\u00eb jet\u00eb. &#8211;"},"content":{"rendered":"<p><img data-recalc-dims=\"1\" loading=\"lazy\" decoding=\"async\" data-attachment-id=\"18048\" data-permalink=\"https:\/\/www.shqiperia.com\/blog\/dikur-rrihnin-burratvajzat-qe-i-presin-floket-vetem-nje-here-ne-jete\/640-0-5c5d4f8e71856-905x395\/\" data-orig-file=\"https:\/\/i0.wp.com\/www.shqiperia.com\/blog\/wp-content\/uploads\/2019\/03\/640-0-5c5d4f8e71856-905x395.jpg?fit=905%2C395&amp;ssl=1\" data-orig-size=\"905,395\" data-comments-opened=\"1\" data-image-meta=\"{&quot;aperture&quot;:&quot;0&quot;,&quot;credit&quot;:&quot;&quot;,&quot;camera&quot;:&quot;&quot;,&quot;caption&quot;:&quot;&quot;,&quot;created_timestamp&quot;:&quot;0&quot;,&quot;copyright&quot;:&quot;&quot;,&quot;focal_length&quot;:&quot;0&quot;,&quot;iso&quot;:&quot;0&quot;,&quot;shutter_speed&quot;:&quot;0&quot;,&quot;title&quot;:&quot;&quot;,&quot;orientation&quot;:&quot;0&quot;}\" data-image-title=\"640-0-5c5d4f8e71856-905&#215;395\" data-image-description=\"\" data-image-caption=\"\" data-medium-file=\"https:\/\/i0.wp.com\/www.shqiperia.com\/blog\/wp-content\/uploads\/2019\/03\/640-0-5c5d4f8e71856-905x395.jpg?fit=300%2C131&amp;ssl=1\" data-large-file=\"https:\/\/i0.wp.com\/www.shqiperia.com\/blog\/wp-content\/uploads\/2019\/03\/640-0-5c5d4f8e71856-905x395.jpg?fit=905%2C395&amp;ssl=1\" class=\"alignnone  wp-image-18048\" alt=\"\" src=\"https:\/\/i0.wp.com\/www.shqiperia.com\/blog\/wp-content\/uploads\/2019\/03\/640-0-5c5d4f8e71856-905x395-300x131.jpg?resize=357%2C156\" width=\"357\" height=\"156\" srcset=\"https:\/\/i0.wp.com\/www.shqiperia.com\/blog\/wp-content\/uploads\/2019\/03\/640-0-5c5d4f8e71856-905x395.jpg?resize=300%2C131&amp;ssl=1 300w, https:\/\/i0.wp.com\/www.shqiperia.com\/blog\/wp-content\/uploads\/2019\/03\/640-0-5c5d4f8e71856-905x395.jpg?resize=768%2C335&amp;ssl=1 768w, https:\/\/i0.wp.com\/www.shqiperia.com\/blog\/wp-content\/uploads\/2019\/03\/640-0-5c5d4f8e71856-905x395.jpg?resize=450%2C196&amp;ssl=1 450w, https:\/\/i0.wp.com\/www.shqiperia.com\/blog\/wp-content\/uploads\/2019\/03\/640-0-5c5d4f8e71856-905x395.jpg?resize=600%2C262&amp;ssl=1 600w, https:\/\/i0.wp.com\/www.shqiperia.com\/blog\/wp-content\/uploads\/2019\/03\/640-0-5c5d4f8e71856-905x395.jpg?resize=400%2C175&amp;ssl=1 400w, https:\/\/i0.wp.com\/www.shqiperia.com\/blog\/wp-content\/uploads\/2019\/03\/640-0-5c5d4f8e71856-905x395.jpg?resize=905%2C395&amp;ssl=1 905w\" sizes=\"auto, (max-width: 357px) 100vw, 357px\" \/><\/p>\n<p><strong>Dikur rrihnin burrat,vajzat q\u00eb i presin flok\u00ebt vet\u00ebm nj\u00eb her\u00eb n\u00eb jet\u00eb. &#8211;<\/strong><\/p>\n<p>Prerja e flok\u00ebve p\u00ebr disa mund t\u00eb konsiderohet e nevojshme, p\u00ebr disa thjesht stil.<\/p>\n<p>Por a keni menduar t\u00eb prisni flok\u00ebt ve\u00e7 nj\u00eb her\u00eb n\u00eb jet\u00eb?<\/p>\n<p>Njihuni me fshatin Huang Luo, nj\u00eb mij\u00eb milje larg Pekinit n\u00eb Kin\u00eb, i cili \u00ebsht\u00eb i famsh\u00ebm p\u00ebr flok\u00ebt e gjat\u00eb t\u00eb grave.<\/p>\n<p><img data-recalc-dims=\"1\" loading=\"lazy\" decoding=\"async\" data-attachment-id=\"18049\" data-permalink=\"https:\/\/www.shqiperia.com\/blog\/dikur-rrihnin-burratvajzat-qe-i-presin-floket-vetem-nje-here-ne-jete\/640-0-5c5d4f82226f1\/\" data-orig-file=\"https:\/\/i0.wp.com\/www.shqiperia.com\/blog\/wp-content\/uploads\/2019\/03\/640-0-5c5d4f82226f1.jpg?fit=640%2C436&amp;ssl=1\" data-orig-size=\"640,436\" data-comments-opened=\"1\" data-image-meta=\"{&quot;aperture&quot;:&quot;0&quot;,&quot;credit&quot;:&quot;&quot;,&quot;camera&quot;:&quot;&quot;,&quot;caption&quot;:&quot;&quot;,&quot;created_timestamp&quot;:&quot;0&quot;,&quot;copyright&quot;:&quot;&quot;,&quot;focal_length&quot;:&quot;0&quot;,&quot;iso&quot;:&quot;0&quot;,&quot;shutter_speed&quot;:&quot;0&quot;,&quot;title&quot;:&quot;&quot;,&quot;orientation&quot;:&quot;0&quot;}\" data-image-title=\"640-0-5c5d4f82226f1\" data-image-description=\"\" data-image-caption=\"\" data-medium-file=\"https:\/\/i0.wp.com\/www.shqiperia.com\/blog\/wp-content\/uploads\/2019\/03\/640-0-5c5d4f82226f1.jpg?fit=300%2C204&amp;ssl=1\" data-large-file=\"https:\/\/i0.wp.com\/www.shqiperia.com\/blog\/wp-content\/uploads\/2019\/03\/640-0-5c5d4f82226f1.jpg?fit=640%2C436&amp;ssl=1\" class=\"alignnone  wp-image-18049\" alt=\"\" src=\"https:\/\/i0.wp.com\/www.shqiperia.com\/blog\/wp-content\/uploads\/2019\/03\/640-0-5c5d4f82226f1-300x204.jpg?resize=641%2C436\" width=\"641\" height=\"436\" srcset=\"https:\/\/i0.wp.com\/www.shqiperia.com\/blog\/wp-content\/uploads\/2019\/03\/640-0-5c5d4f82226f1.jpg?resize=300%2C204&amp;ssl=1 300w, https:\/\/i0.wp.com\/www.shqiperia.com\/blog\/wp-content\/uploads\/2019\/03\/640-0-5c5d4f82226f1.jpg?resize=450%2C307&amp;ssl=1 450w, https:\/\/i0.wp.com\/www.shqiperia.com\/blog\/wp-content\/uploads\/2019\/03\/640-0-5c5d4f82226f1.jpg?resize=600%2C409&amp;ssl=1 600w, https:\/\/i0.wp.com\/www.shqiperia.com\/blog\/wp-content\/uploads\/2019\/03\/640-0-5c5d4f82226f1.jpg?resize=235%2C160&amp;ssl=1 235w, https:\/\/i0.wp.com\/www.shqiperia.com\/blog\/wp-content\/uploads\/2019\/03\/640-0-5c5d4f82226f1.jpg?resize=400%2C273&amp;ssl=1 400w, https:\/\/i0.wp.com\/www.shqiperia.com\/blog\/wp-content\/uploads\/2019\/03\/640-0-5c5d4f82226f1.jpg?w=640&amp;ssl=1 640w\" sizes=\"auto, (max-width: 641px) 100vw, 641px\" \/><\/p>\n<p>Sipas legjend\u00ebs, mij\u00ebra vjet m\u00eb par\u00eb, nj\u00eb vajz\u00eb nga fisi vendas Yao rrahu nj\u00eb vizitor t\u00eb pad\u00ebshiruar me flok\u00ebt e saj. Sot, shum\u00eb nga grat\u00eb e Yao i presin flok\u00ebt vet\u00ebm nj\u00ebher\u00eb n\u00eb jet\u00ebn e tyre, dit\u00ebn kur mbushin 18 vje\u00e7.<\/p>\n<p>Pas dit\u00eblindjes s\u00eb 18, flok\u00ebt lihen q\u00eb t\u00eb rriten n\u00eb gjat\u00ebsi t\u00eb ekzagjeruara. Vajzat e pamartuara i mb\u00ebshtjellin flok\u00ebt me nj\u00eb shall t\u00eb madh, nd\u00ebrsa ato t\u00eb martuara jan\u00eb t\u00eb favorizuara p\u00ebr t\u2019i stiluar n\u00eb pjes\u00ebn e p\u00ebrparme.<\/p>\n<p>Sigurisht q\u00eb flok\u00ebt k\u00ebrkojn\u00eb mir\u00ebmbajtje t\u00eb ve\u00e7ant\u00eb; lahen me uj\u00eb ku hidhet oriz dhe p\u00ebrb\u00ebr\u00ebs t\u00eb tjer\u00eb organik\u00eb. P\u00ebrzierja zihet n\u00eb nj\u00eb tenxhere dhe m\u00eb pas derdhet n\u00eb nj\u00eb en\u00eb smalti.<\/p>\n<p><img data-recalc-dims=\"1\" loading=\"lazy\" decoding=\"async\" data-attachment-id=\"18050\" data-permalink=\"https:\/\/www.shqiperia.com\/blog\/dikur-rrihnin-burratvajzat-qe-i-presin-floket-vetem-nje-here-ne-jete\/640-0-5c5d4f8dcb334\/\" data-orig-file=\"https:\/\/i0.wp.com\/www.shqiperia.com\/blog\/wp-content\/uploads\/2019\/03\/640-0-5c5d4f8dcb334.jpg?fit=640%2C426&amp;ssl=1\" data-orig-size=\"640,426\" data-comments-opened=\"1\" data-image-meta=\"{&quot;aperture&quot;:&quot;0&quot;,&quot;credit&quot;:&quot;&quot;,&quot;camera&quot;:&quot;&quot;,&quot;caption&quot;:&quot;&quot;,&quot;created_timestamp&quot;:&quot;0&quot;,&quot;copyright&quot;:&quot;&quot;,&quot;focal_length&quot;:&quot;0&quot;,&quot;iso&quot;:&quot;0&quot;,&quot;shutter_speed&quot;:&quot;0&quot;,&quot;title&quot;:&quot;&quot;,&quot;orientation&quot;:&quot;0&quot;}\" data-image-title=\"640-0-5c5d4f8dcb334\" data-image-description=\"\" data-image-caption=\"\" data-medium-file=\"https:\/\/i0.wp.com\/www.shqiperia.com\/blog\/wp-content\/uploads\/2019\/03\/640-0-5c5d4f8dcb334.jpg?fit=300%2C200&amp;ssl=1\" data-large-file=\"https:\/\/i0.wp.com\/www.shqiperia.com\/blog\/wp-content\/uploads\/2019\/03\/640-0-5c5d4f8dcb334.jpg?fit=640%2C426&amp;ssl=1\" class=\"alignnone  wp-image-18050\" alt=\"\" src=\"https:\/\/i0.wp.com\/www.shqiperia.com\/blog\/wp-content\/uploads\/2019\/03\/640-0-5c5d4f8dcb334-300x200.jpg?resize=605%2C403\" width=\"605\" height=\"403\" srcset=\"https:\/\/i0.wp.com\/www.shqiperia.com\/blog\/wp-content\/uploads\/2019\/03\/640-0-5c5d4f8dcb334.jpg?resize=300%2C200&amp;ssl=1 300w, https:\/\/i0.wp.com\/www.shqiperia.com\/blog\/wp-content\/uploads\/2019\/03\/640-0-5c5d4f8dcb334.jpg?resize=600%2C399&amp;ssl=1 600w, https:\/\/i0.wp.com\/www.shqiperia.com\/blog\/wp-content\/uploads\/2019\/03\/640-0-5c5d4f8dcb334.jpg?resize=450%2C300&amp;ssl=1 450w, https:\/\/i0.wp.com\/www.shqiperia.com\/blog\/wp-content\/uploads\/2019\/03\/640-0-5c5d4f8dcb334.jpg?resize=400%2C266&amp;ssl=1 400w, https:\/\/i0.wp.com\/www.shqiperia.com\/blog\/wp-content\/uploads\/2019\/03\/640-0-5c5d4f8dcb334.jpg?w=640&amp;ssl=1 640w\" sizes=\"auto, (max-width: 605px) 100vw, 605px\" \/><\/p>\n<p>P\u00ebr t\u2019i krehur dhe p\u00ebr t\u00eb p\u00ebrhapur p\u00ebrb\u00ebrjen n\u00eb gjith\u00eb gjat\u00ebsin\u00eb e flokut p\u00ebrdoret nj\u00eb kr\u00ebh\u00ebr druri. Kjo rutin\u00eb thuhet t\u00eb jet\u00eb arsyeja p\u00ebr shk\u00eblqimin dhe rritjen e flok\u00ebve.<\/p>\n<p>Sigurisht q\u00eb ka edhe vajza q\u00eb nuk preferojn\u00eb t\u2019i mbajn\u00eb flok\u00ebt e gjat\u00eb. Fshati \u00ebsht\u00eb i hapur ndaj k\u00ebsaj zgjedhjeje dhe nuk paragjykon ask\u00ebnd.<\/p>\n<p><img data-recalc-dims=\"1\" loading=\"lazy\" decoding=\"async\" data-attachment-id=\"18051\" data-permalink=\"https:\/\/www.shqiperia.com\/blog\/dikur-rrihnin-burratvajzat-qe-i-presin-floket-vetem-nje-here-ne-jete\/640-0-5c5d4f8e71856-905x395-2\/\" data-orig-file=\"https:\/\/i0.wp.com\/www.shqiperia.com\/blog\/wp-content\/uploads\/2019\/03\/640-0-5c5d4f8e71856-905x395-1.jpg?fit=905%2C395&amp;ssl=1\" data-orig-size=\"905,395\" data-comments-opened=\"1\" data-image-meta=\"{&quot;aperture&quot;:&quot;0&quot;,&quot;credit&quot;:&quot;&quot;,&quot;camera&quot;:&quot;&quot;,&quot;caption&quot;:&quot;&quot;,&quot;created_timestamp&quot;:&quot;0&quot;,&quot;copyright&quot;:&quot;&quot;,&quot;focal_length&quot;:&quot;0&quot;,&quot;iso&quot;:&quot;0&quot;,&quot;shutter_speed&quot;:&quot;0&quot;,&quot;title&quot;:&quot;&quot;,&quot;orientation&quot;:&quot;0&quot;}\" data-image-title=\"640-0-5c5d4f8e71856-905&#215;395\" data-image-description=\"\" data-image-caption=\"\" data-medium-file=\"https:\/\/i0.wp.com\/www.shqiperia.com\/blog\/wp-content\/uploads\/2019\/03\/640-0-5c5d4f8e71856-905x395-1.jpg?fit=300%2C131&amp;ssl=1\" data-large-file=\"https:\/\/i0.wp.com\/www.shqiperia.com\/blog\/wp-content\/uploads\/2019\/03\/640-0-5c5d4f8e71856-905x395-1.jpg?fit=905%2C395&amp;ssl=1\" class=\"alignnone  wp-image-18051\" alt=\"\" src=\"https:\/\/i0.wp.com\/www.shqiperia.com\/blog\/wp-content\/uploads\/2019\/03\/640-0-5c5d4f8e71856-905x395-1-300x131.jpg?resize=818%2C357\" width=\"818\" height=\"357\" srcset=\"https:\/\/i0.wp.com\/www.shqiperia.com\/blog\/wp-content\/uploads\/2019\/03\/640-0-5c5d4f8e71856-905x395-1.jpg?resize=300%2C131&amp;ssl=1 300w, https:\/\/i0.wp.com\/www.shqiperia.com\/blog\/wp-content\/uploads\/2019\/03\/640-0-5c5d4f8e71856-905x395-1.jpg?resize=768%2C335&amp;ssl=1 768w, https:\/\/i0.wp.com\/www.shqiperia.com\/blog\/wp-content\/uploads\/2019\/03\/640-0-5c5d4f8e71856-905x395-1.jpg?resize=450%2C196&amp;ssl=1 450w, https:\/\/i0.wp.com\/www.shqiperia.com\/blog\/wp-content\/uploads\/2019\/03\/640-0-5c5d4f8e71856-905x395-1.jpg?resize=600%2C262&amp;ssl=1 600w, https:\/\/i0.wp.com\/www.shqiperia.com\/blog\/wp-content\/uploads\/2019\/03\/640-0-5c5d4f8e71856-905x395-1.jpg?resize=400%2C175&amp;ssl=1 400w, https:\/\/i0.wp.com\/www.shqiperia.com\/blog\/wp-content\/uploads\/2019\/03\/640-0-5c5d4f8e71856-905x395-1.jpg?w=905&amp;ssl=1 905w\" sizes=\"auto, (max-width: 818px) 100vw, 818px\" \/><\/p>\n<p>Duket si nj\u00eb histori e Rapunzel n\u00eb jet\u00ebn reale apo jo?<\/p>\n<p>Gaz.Dita.<\/p>\n","protected":false},"excerpt":{"rendered":"<p>Dikur rrihnin burrat,vajzat q\u00eb i presin flok\u00ebt vet\u00ebm nj\u00eb her\u00eb n\u00eb jet\u00eb. &#8211; Prerja e flok\u00ebve p\u00ebr disa mund t\u00eb konsiderohet e nevojshme, p\u00ebr disa thjesht stil. Por a keni menduar t\u00eb prisni flok\u00ebt ve\u00e7 nj\u00eb her\u00eb n\u00eb jet\u00eb? Njihuni me fshatin Huang Luo, nj\u00eb mij\u00eb milje larg Pekinit n\u00eb Kin\u00eb, i cili \u00ebsht\u00eb i [&hellip;]<\/p>\n","protected":false},"author":9,"featured_media":18048,"comment_status":"open","ping_status":"open","sticky":false,"template":"","format":"standard","meta":{"jetpack_post_was_ever_published":false,"_jetpack_newsletter_access":"","_jetpack_dont_email_post_to_subs":false,"_jetpack_newsletter_tier_id":0,"_jetpack_memberships_contains_paywalled_content":false,"_jetpack_memberships_contains_paid_content":false,"footnotes":"","jetpack_publicize_message":"","jetpack_publicize_feature_enabled":true,"jetpack_social_post_already_shared":true,"jetpack_social_options":{"image_generator_settings":{"template":"highway","default_image_id":0,"font":"","enabled":false},"version":2}},"categories":[27,14,35],"tags":[],"class_list":["post-18047","post","type-post","status-publish","format-standard","has-post-thumbnail","hentry","category-blogu-i-udhetarit","category-press-releases","category-shoqerore"],"jetpack_publicize_connections":[],"jetpack_featured_media_url":"https:\/\/i0.wp.com\/www.shqiperia.com\/blog\/wp-content\/uploads\/2019\/03\/640-0-5c5d4f8e71856-905x395.jpg?fit=905%2C395&ssl=1","jetpack_sharing_enabled":true,"jetpack_shortlink":"https:\/\/wp.me\/p5Z6wp-4H5","jetpack-related-posts":[{"id":2966,"url":"https:\/\/www.shqiperia.com\/blog\/vetmi-popull-ne-bote-qe-ka-trasheguar-gjamen-e-burrave\/","url_meta":{"origin":18047,"position":0},"title":"I vetmi popull n\u00eb bot\u00eb, q\u00eb ka trash\u00ebguar gjam\u00ebn e burrave. &#8211;","author":"Kurt Farka","date":"February 12, 2018","format":false,"excerpt":"Ashtu si Akili vajtoj mikun e tij Patrokun me (gjam\u00eb). Edhe Priami mbreti Trojes, vajtonte me (gjam\u00eb) djalin e tij Hektorin, shkulte flok\u00ebt dhe shkrryhej p\u00ebr tok\u00eb nga dhembjet e m\u00ebdha. Edhe Princi Lek\u00eb Dukagjini vajtoj Sk\u00ebnderbeun me (gjam\u00eb).Ai b\u00ebrtiste me t\u00eb madhe, rrihte gjoksin, ngrihte flok\u00ebt dhe g\u00ebrvishte fytyr\u00ebn\u2026","rel":"","context":"In &quot;Trashegimi Kulturore&quot;","block_context":{"text":"Trashegimi Kulturore","link":"https:\/\/www.shqiperia.com\/blog\/category\/trashegimi-kulturore\/"},"img":{"alt_text":"","src":"https:\/\/i0.wp.com\/www.shqiperia.com\/blog\/wp-content\/uploads\/2018\/02\/Gur-varri-qe-ruhet-ne-Muzeun-e-Prishtines.-Copy.jpg?fit=434%2C212&ssl=1&resize=350%2C200","width":350,"height":200},"classes":[]},{"id":27583,"url":"https:\/\/www.shqiperia.com\/blog\/demetra-apo-zana-e-vuksanlekajt\/","url_meta":{"origin":18047,"position":1},"title":"Demetra apo Zana e Vuksanlekajt.","author":"Kurt Farka","date":"November 1, 2019","format":false,"excerpt":"Demetra apo Zana e Vuksanlekajt. Terrakot\u00eb \u201cDEMETRA\u201d e periudhese antikitetit, ruhet ne Muzeun Historik Shkod\u00ebr. Koka e hyjnise Demetra. Pervec fytyres permban edhe qaf\u00ebn si dhe nj\u00eb stefane t\u00eb lart\u00eb mbi kok\u00eb. P\u00ebrmbi flok\u00ebt e ndar\u00eb me dysh nj\u00eb diademe, me tri rozeta. Punuar n\u00eb paret t\u00eb holle\u00eb me trash\u00ebsi\u2026","rel":"","context":"In &quot;Histori&quot;","block_context":{"text":"Histori","link":"https:\/\/www.shqiperia.com\/blog\/category\/histori\/"},"img":{"alt_text":"","src":"https:\/\/i0.wp.com\/www.shqiperia.com\/blog\/wp-content\/uploads\/2019\/11\/Demetra-apo-Zana-e-Vuksanlekajt..jpg?fit=496%2C275&ssl=1&resize=350%2C200","width":350,"height":200},"classes":[]},{"id":63293,"url":"https:\/\/www.shqiperia.com\/blog\/protestat-e-dhunshme-ne-iran-mbi-200-viktima-mes-tyre-23-femije\/","url_meta":{"origin":18047,"position":2},"title":"Protestat e dhunshme n\u00eb Iran. &#8211; Mbi 200 viktima, mes tyre 23 f\u00ebmij\u00eb.","author":"Kurt Farka","date":"October 14, 2022","format":false,"excerpt":"14 Tetor 2022 Mbi 23 f\u00ebmij\u00eb raportohen se jan\u00eb vrar\u00eb gjat\u00eb protestave t\u00eb dhunshme n\u00eb Iran, t\u00eb nisura q\u00eb prej 16 shtatorit. Sipas Amnesty International, viktimat p\u00ebrfshijn\u00eb 20 vje\u00e7 t\u00eb moshave nga 11-17 vje\u00e7, shum\u00eb prej t\u00eb cil\u00ebve jan\u00eb q\u00eblluar me arm\u00eb por t\u00eb tjer\u00eb kan\u00eb vdekur nga dhuna policore.\u2026","rel":"","context":"In &quot;Blogu i Udh\u00ebtarit&quot;","block_context":{"text":"Blogu i Udh\u00ebtarit","link":"https:\/\/www.shqiperia.com\/blog\/category\/blogu-i-udhetarit\/"},"img":{"alt_text":"","src":"https:\/\/i0.wp.com\/www.shqiperia.com\/blog\/wp-content\/uploads\/2022\/10\/640-0-1665651669xiran-protests-2022-october-603.jpg?fit=640%2C360&ssl=1&resize=350%2C200","width":350,"height":200,"srcset":"https:\/\/i0.wp.com\/www.shqiperia.com\/blog\/wp-content\/uploads\/2022\/10\/640-0-1665651669xiran-protests-2022-october-603.jpg?fit=640%2C360&ssl=1&resize=350%2C200 1x, https:\/\/i0.wp.com\/www.shqiperia.com\/blog\/wp-content\/uploads\/2022\/10\/640-0-1665651669xiran-protests-2022-october-603.jpg?fit=640%2C360&ssl=1&resize=525%2C300 1.5x"},"classes":[]},{"id":70042,"url":"https:\/\/www.shqiperia.com\/blog\/problemet-gjenetike-te-beethoven-provohen-nga-testet-ne-floket-e-kompozitorit-te-famshem\/","url_meta":{"origin":18047,"position":3},"title":"Problemet gjenetike t\u00eb Beethoven. &#8211; Provohen nga testet n\u00eb flok\u00ebt e kompozitorit t\u00eb famsh\u00ebm","author":"Kurt Farka","date":"March 25, 2023","format":false,"excerpt":"25 Mars 2023 Beethoven kishte nj\u00eb predispozit\u00eb gjenetike t\u00eb mundshme p\u00ebr s\u00ebmundje t\u00eb m\u00ebl\u00e7is\u00eb dhe nj\u00eb infeksion t\u00eb hepatitit B muaj para vdekjes s\u00eb tij, kan\u00eb zbuluar testet. Nj\u00eb ekip nd\u00ebrkomb\u00ebtar analizoi fijet e flok\u00ebve t\u00eb kompozitorit t\u00eb famsh\u00ebm, n\u00eb nj\u00eb p\u00ebrpjekje p\u00ebr t\u00eb hedhur drit\u00eb mbi problemet e tij\u2026","rel":"","context":"In &quot;Blogu i Udh\u00ebtarit&quot;","block_context":{"text":"Blogu i Udh\u00ebtarit","link":"https:\/\/www.shqiperia.com\/blog\/category\/blogu-i-udhetarit\/"},"img":{"alt_text":"","src":"https:\/\/i0.wp.com\/www.shqiperia.com\/blog\/wp-content\/uploads\/2023\/03\/640-0-beethoven-ludwig-1679581289-1.jpg?fit=640%2C360&ssl=1&resize=350%2C200","width":350,"height":200,"srcset":"https:\/\/i0.wp.com\/www.shqiperia.com\/blog\/wp-content\/uploads\/2023\/03\/640-0-beethoven-ludwig-1679581289-1.jpg?fit=640%2C360&ssl=1&resize=350%2C200 1x, https:\/\/i0.wp.com\/www.shqiperia.com\/blog\/wp-content\/uploads\/2023\/03\/640-0-beethoven-ludwig-1679581289-1.jpg?fit=640%2C360&ssl=1&resize=525%2C300 1.5x"},"classes":[]},{"id":40265,"url":"https:\/\/www.shqiperia.com\/blog\/konsumoni-vetem-per-15-dite-kete-kure-me-dy-perberes-te-thjeshte-dhe-do-te-befasoheni-nga-rezultati\/","url_meta":{"origin":18047,"position":4},"title":"Konsumoni vet\u00ebm p\u00ebr 15 dit\u00eb k\u00ebt\u00eb kur\u00eb me dy p\u00ebrb\u00ebr\u00ebs t\u00eb thjesht\u00eb dhe do t\u00eb befasoheni nga rezultati","author":"Kurt Farka","date":"October 29, 2020","format":false,"excerpt":"Konsumoni vet\u00ebm p\u00ebr 15 dit\u00eb k\u00ebt\u00eb kur\u00eb me dy p\u00ebrb\u00ebr\u00ebs t\u00eb thjesht\u00eb dhe do t\u00eb befasoheni nga rezultati. Hudhra \u00ebsht\u00eb nj\u00eb nga p\u00ebrb\u00ebr\u00ebsit m\u00eb t\u00eb p\u00ebrdorur n\u00eb kuzhin\u00ebn shqiptare. P\u00ebrve\u00e7 se u jep gatimeve nj\u00eb shije t\u00eb mrekullueshme, ajo ka dhe vlera t\u00eb panum\u00ebrta p\u00ebr sh\u00ebndetin. AgroWeb.org ka shkruar rreth\u2026","rel":"","context":"In &quot;Blogu i Udh\u00ebtarit&quot;","block_context":{"text":"Blogu i Udh\u00ebtarit","link":"https:\/\/www.shqiperia.com\/blog\/category\/blogu-i-udhetarit\/"},"img":{"alt_text":"","src":"https:\/\/i0.wp.com\/www.shqiperia.com\/blog\/wp-content\/uploads\/2020\/10\/hudhra.jpg?fit=670%2C350&ssl=1&resize=350%2C200","width":350,"height":200,"srcset":"https:\/\/i0.wp.com\/www.shqiperia.com\/blog\/wp-content\/uploads\/2020\/10\/hudhra.jpg?fit=670%2C350&ssl=1&resize=350%2C200 1x, https:\/\/i0.wp.com\/www.shqiperia.com\/blog\/wp-content\/uploads\/2020\/10\/hudhra.jpg?fit=670%2C350&ssl=1&resize=525%2C300 1.5x"},"classes":[]},{"id":66019,"url":"https:\/\/www.shqiperia.com\/blog\/bukuria-mahnitese-e-dimrit-te-marsit-nasa-publikon-pamjet\/","url_meta":{"origin":18047,"position":5},"title":"Bukuria &#8220;mahnit\u00ebse&#8221; e dimrit t\u00eb Marsit. &#8211; NASA publikon pamjet","author":"Kurt Farka","date":"January 5, 2023","format":false,"excerpt":"5 Janar 2023 Marsi mund t\u00eb duket si nj\u00eb vend i that\u00eb dhe i shkret\u00eb, por planeti i kuq shnd\u00ebrrohet n\u00eb nj\u00eb vend t\u00eb \u00e7udirave, n\u00eb nj\u00eb \u2018bot\u00eb\u2019 tjet\u00ebr n\u00eb dim\u00ebr, sipas disa pamjeve t\u00eb reja t\u00eb publikuar nga Agjencia Hap\u00ebsinore Amerikane, NASA. \u00cbsht\u00eb fundi i dimrit n\u00eb hemisfer\u00ebn veriore\u2026","rel":"","context":"In &quot;Blogu i Udh\u00ebtarit&quot;","block_context":{"text":"Blogu i Udh\u00ebtarit","link":"https:\/\/www.shqiperia.com\/blog\/category\/blogu-i-udhetarit\/"},"img":{"alt_text":"","src":"https:\/\/i0.wp.com\/www.shqiperia.com\/blog\/wp-content\/uploads\/2023\/01\/640-0-ngricat-1672565376.jpg?fit=640%2C361&ssl=1&resize=350%2C200","width":350,"height":200,"srcset":"https:\/\/i0.wp.com\/www.shqiperia.com\/blog\/wp-content\/uploads\/2023\/01\/640-0-ngricat-1672565376.jpg?fit=640%2C361&ssl=1&resize=350%2C200 1x, https:\/\/i0.wp.com\/www.shqiperia.com\/blog\/wp-content\/uploads\/2023\/01\/640-0-ngricat-1672565376.jpg?fit=640%2C361&ssl=1&resize=525%2C300 1.5x"},"classes":[]}],"_links":{"self":[{"href":"https:\/\/www.shqiperia.com\/blog\/wp-json\/wp\/v2\/posts\/18047","targetHints":{"allow":["GET"]}}],"collection":[{"href":"https:\/\/www.shqiperia.com\/blog\/wp-json\/wp\/v2\/posts"}],"about":[{"href":"https:\/\/www.shqiperia.com\/blog\/wp-json\/wp\/v2\/types\/post"}],"author":[{"embeddable":true,"href":"https:\/\/www.shqiperia.com\/blog\/wp-json\/wp\/v2\/users\/9"}],"replies":[{"embeddable":true,"href":"https:\/\/www.shqiperia.com\/blog\/wp-json\/wp\/v2\/comments?post=18047"}],"version-history":[{"count":1,"href":"https:\/\/www.shqiperia.com\/blog\/wp-json\/wp\/v2\/posts\/18047\/revisions"}],"predecessor-version":[{"id":18052,"href":"https:\/\/www.shqiperia.com\/blog\/wp-json\/wp\/v2\/posts\/18047\/revisions\/18052"}],"wp:featuredmedia":[{"embeddable":true,"href":"https:\/\/www.shqiperia.com\/blog\/wp-json\/wp\/v2\/media\/18048"}],"wp:attachment":[{"href":"https:\/\/www.shqiperia.com\/blog\/wp-json\/wp\/v2\/media?parent=18047"}],"wp:term":[{"taxonomy":"category","embeddable":true,"href":"https:\/\/www.shqiperia.com\/blog\/wp-json\/wp\/v2\/categories?post=18047"},{"taxonomy":"post_tag","embeddable":true,"href":"https:\/\/www.shqiperia.com\/blog\/wp-json\/wp\/v2\/tags?post=18047"}],"curies":[{"name":"wp","href":"https:\/\/api.w.org\/{rel}","templated":true}]}}