{"id":18041,"date":"2019-03-04T00:22:00","date_gmt":"2019-03-04T00:22:00","guid":{"rendered":"http:\/\/www.shqiperia.com\/blog\/?p=18041"},"modified":"2019-03-04T00:22:00","modified_gmt":"2019-03-04T00:22:00","slug":"kur-u-emetua-pulla-e-pare-postare-shqiptare","status":"publish","type":"post","link":"https:\/\/www.shqiperia.com\/blog\/kur-u-emetua-pulla-e-pare-postare-shqiptare\/","title":{"rendered":"Kur u emetua pulla e par\u00eb postare shqiptare. &#8211;"},"content":{"rendered":"<p><img data-recalc-dims=\"1\" loading=\"lazy\" decoding=\"async\" data-attachment-id=\"18042\" data-permalink=\"https:\/\/www.shqiperia.com\/blog\/kur-u-emetua-pulla-e-pare-postare-shqiptare\/pulla_e_pare_shqiptare\/\" data-orig-file=\"https:\/\/i0.wp.com\/www.shqiperia.com\/blog\/wp-content\/uploads\/2019\/03\/PULLA_E_PARE_SHQIPTARE.jpg?fit=300%2C176&amp;ssl=1\" data-orig-size=\"300,176\" data-comments-opened=\"1\" data-image-meta=\"{&quot;aperture&quot;:&quot;0&quot;,&quot;credit&quot;:&quot;&quot;,&quot;camera&quot;:&quot;&quot;,&quot;caption&quot;:&quot;&quot;,&quot;created_timestamp&quot;:&quot;0&quot;,&quot;copyright&quot;:&quot;&quot;,&quot;focal_length&quot;:&quot;0&quot;,&quot;iso&quot;:&quot;0&quot;,&quot;shutter_speed&quot;:&quot;0&quot;,&quot;title&quot;:&quot;&quot;,&quot;orientation&quot;:&quot;0&quot;}\" data-image-title=\"PULLA_E_PARE_SHQIPTARE\" data-image-description=\"\" data-image-caption=\"\" data-medium-file=\"https:\/\/i0.wp.com\/www.shqiperia.com\/blog\/wp-content\/uploads\/2019\/03\/PULLA_E_PARE_SHQIPTARE.jpg?fit=300%2C176&amp;ssl=1\" data-large-file=\"https:\/\/i0.wp.com\/www.shqiperia.com\/blog\/wp-content\/uploads\/2019\/03\/PULLA_E_PARE_SHQIPTARE.jpg?fit=300%2C176&amp;ssl=1\" class=\"alignnone  wp-image-18042\" alt=\"\" src=\"https:\/\/i0.wp.com\/www.shqiperia.com\/blog\/wp-content\/uploads\/2019\/03\/PULLA_E_PARE_SHQIPTARE-300x176.jpg?resize=402%2C236\" width=\"402\" height=\"236\" \/><\/p>\n<p><strong>Kur u emetua pulla e par\u00eb postare shqiptare. &#8211;<\/strong><\/p>\n<p>Filatelia \u00ebsht\u00eb mbledhja sistematike e pullave t\u00eb post\u00ebs n\u00eb koleksione dhe njohja e vlerave t\u00eb tyre.<\/p>\n<p>Filatelia \u00ebsht\u00eb sot nj\u00eb nga veprimtarit\u00eb m\u00eb t\u00eb p\u00ebrhapura n\u00eb bot\u00eb.<\/p>\n<p>N\u00eb albumet bot\u00ebrore emri \u201cAlbania\u201d duket q\u00eb n\u00eb fillim t\u00eb shek.XX n\u00eb pullat e Lindjes.<\/p>\n<p>Pulla e par\u00eb shqiptare u emetua n\u00eb maj 1913 nga qeveria e p\u00ebrkohshme e Vlor\u00ebs.<\/p>\n<p>Para \u00c7lirimit filatelia n\u00eb Shqip\u00ebri ishte e kufizuar.<\/p>\n<p><img data-recalc-dims=\"1\" loading=\"lazy\" decoding=\"async\" data-attachment-id=\"18043\" data-permalink=\"https:\/\/www.shqiperia.com\/blog\/kur-u-emetua-pulla-e-pare-postare-shqiptare\/maxresdefault-23\/\" data-orig-file=\"https:\/\/i0.wp.com\/www.shqiperia.com\/blog\/wp-content\/uploads\/2019\/03\/maxresdefault.jpg?fit=1280%2C720&amp;ssl=1\" data-orig-size=\"1280,720\" data-comments-opened=\"1\" data-image-meta=\"{&quot;aperture&quot;:&quot;0&quot;,&quot;credit&quot;:&quot;&quot;,&quot;camera&quot;:&quot;&quot;,&quot;caption&quot;:&quot;&quot;,&quot;created_timestamp&quot;:&quot;0&quot;,&quot;copyright&quot;:&quot;&quot;,&quot;focal_length&quot;:&quot;0&quot;,&quot;iso&quot;:&quot;0&quot;,&quot;shutter_speed&quot;:&quot;0&quot;,&quot;title&quot;:&quot;&quot;,&quot;orientation&quot;:&quot;0&quot;}\" data-image-title=\"maxresdefault\" data-image-description=\"\" data-image-caption=\"\" data-medium-file=\"https:\/\/i0.wp.com\/www.shqiperia.com\/blog\/wp-content\/uploads\/2019\/03\/maxresdefault.jpg?fit=300%2C169&amp;ssl=1\" data-large-file=\"https:\/\/i0.wp.com\/www.shqiperia.com\/blog\/wp-content\/uploads\/2019\/03\/maxresdefault.jpg?fit=1024%2C576&amp;ssl=1\" class=\"alignnone  wp-image-18043\" alt=\"\" src=\"https:\/\/i0.wp.com\/www.shqiperia.com\/blog\/wp-content\/uploads\/2019\/03\/maxresdefault-300x169.jpg?resize=689%2C388\" width=\"689\" height=\"388\" srcset=\"https:\/\/i0.wp.com\/www.shqiperia.com\/blog\/wp-content\/uploads\/2019\/03\/maxresdefault.jpg?resize=300%2C169&amp;ssl=1 300w, https:\/\/i0.wp.com\/www.shqiperia.com\/blog\/wp-content\/uploads\/2019\/03\/maxresdefault.jpg?resize=768%2C432&amp;ssl=1 768w, https:\/\/i0.wp.com\/www.shqiperia.com\/blog\/wp-content\/uploads\/2019\/03\/maxresdefault.jpg?resize=1024%2C576&amp;ssl=1 1024w, https:\/\/i0.wp.com\/www.shqiperia.com\/blog\/wp-content\/uploads\/2019\/03\/maxresdefault.jpg?resize=450%2C253&amp;ssl=1 450w, https:\/\/i0.wp.com\/www.shqiperia.com\/blog\/wp-content\/uploads\/2019\/03\/maxresdefault.jpg?resize=600%2C338&amp;ssl=1 600w, https:\/\/i0.wp.com\/www.shqiperia.com\/blog\/wp-content\/uploads\/2019\/03\/maxresdefault.jpg?resize=400%2C225&amp;ssl=1 400w, https:\/\/i0.wp.com\/www.shqiperia.com\/blog\/wp-content\/uploads\/2019\/03\/maxresdefault.jpg?w=1280&amp;ssl=1 1280w\" sizes=\"auto, (max-width: 689px) 100vw, 689px\" \/><\/p>\n<p>Ajo u zhvillua pas \u00c7lirimit. Numri i filatelist\u00ebve nga viti n\u00eb vit u shtua dhe n\u00eb qytete kryesore t\u00eb vendit u ngrit\u00ebn rrethe filatelike.<\/p>\n<p><img data-recalc-dims=\"1\" loading=\"lazy\" decoding=\"async\" data-attachment-id=\"18044\" data-permalink=\"https:\/\/www.shqiperia.com\/blog\/kur-u-emetua-pulla-e-pare-postare-shqiptare\/filateria-shqiptare-6-800x445-640x356\/\" data-orig-file=\"https:\/\/i0.wp.com\/www.shqiperia.com\/blog\/wp-content\/uploads\/2019\/03\/Filateria-shqiptare-6-800x445-640x356.jpg?fit=640%2C356&amp;ssl=1\" data-orig-size=\"640,356\" data-comments-opened=\"1\" data-image-meta=\"{&quot;aperture&quot;:&quot;0&quot;,&quot;credit&quot;:&quot;&quot;,&quot;camera&quot;:&quot;&quot;,&quot;caption&quot;:&quot;&quot;,&quot;created_timestamp&quot;:&quot;0&quot;,&quot;copyright&quot;:&quot;&quot;,&quot;focal_length&quot;:&quot;0&quot;,&quot;iso&quot;:&quot;0&quot;,&quot;shutter_speed&quot;:&quot;0&quot;,&quot;title&quot;:&quot;&quot;,&quot;orientation&quot;:&quot;0&quot;}\" data-image-title=\"Filateria-shqiptare-6-800&#215;445-640&#215;356\" data-image-description=\"\" data-image-caption=\"\" data-medium-file=\"https:\/\/i0.wp.com\/www.shqiperia.com\/blog\/wp-content\/uploads\/2019\/03\/Filateria-shqiptare-6-800x445-640x356.jpg?fit=300%2C167&amp;ssl=1\" data-large-file=\"https:\/\/i0.wp.com\/www.shqiperia.com\/blog\/wp-content\/uploads\/2019\/03\/Filateria-shqiptare-6-800x445-640x356.jpg?fit=640%2C356&amp;ssl=1\" class=\"alignnone  wp-image-18044\" alt=\"\" src=\"https:\/\/i0.wp.com\/www.shqiperia.com\/blog\/wp-content\/uploads\/2019\/03\/Filateria-shqiptare-6-800x445-640x356-300x167.jpg?resize=810%2C451\" width=\"810\" height=\"451\" srcset=\"https:\/\/i0.wp.com\/www.shqiperia.com\/blog\/wp-content\/uploads\/2019\/03\/Filateria-shqiptare-6-800x445-640x356.jpg?resize=300%2C167&amp;ssl=1 300w, https:\/\/i0.wp.com\/www.shqiperia.com\/blog\/wp-content\/uploads\/2019\/03\/Filateria-shqiptare-6-800x445-640x356.jpg?resize=450%2C250&amp;ssl=1 450w, https:\/\/i0.wp.com\/www.shqiperia.com\/blog\/wp-content\/uploads\/2019\/03\/Filateria-shqiptare-6-800x445-640x356.jpg?resize=600%2C334&amp;ssl=1 600w, https:\/\/i0.wp.com\/www.shqiperia.com\/blog\/wp-content\/uploads\/2019\/03\/Filateria-shqiptare-6-800x445-640x356.jpg?resize=400%2C223&amp;ssl=1 400w, https:\/\/i0.wp.com\/www.shqiperia.com\/blog\/wp-content\/uploads\/2019\/03\/Filateria-shqiptare-6-800x445-640x356.jpg?resize=640%2C356&amp;ssl=1 640w\" sizes=\"auto, (max-width: 810px) 100vw, 810px\" \/><\/p>\n<p>Vendi yn\u00eb n\u00eb koleksionet e pasura t\u00eb pullave merr pjes\u00eb n\u00eb veprimtari filatelike nd\u00ebrkomb\u00ebtare, si n\u00eb ekspozita e panaire ku mjaft her\u00eb ka fituar dhe \u00e7mime p\u00ebr p\u00ebrmbajtjen dhe paraqitjen artistike t\u00eb pullave postare.<\/p>\n<div id=\"attachment_18045\" style=\"width: 749px\" class=\"wp-caption alignnone\"><img data-recalc-dims=\"1\" loading=\"lazy\" decoding=\"async\" aria-describedby=\"caption-attachment-18045\" data-attachment-id=\"18045\" data-permalink=\"https:\/\/www.shqiperia.com\/blog\/kur-u-emetua-pulla-e-pare-postare-shqiptare\/pulla_e_pare_shqiptare-copy\/\" data-orig-file=\"https:\/\/i0.wp.com\/www.shqiperia.com\/blog\/wp-content\/uploads\/2019\/03\/PULLA_E_PARE_SHQIPTARE-Copy.jpg?fit=300%2C250&amp;ssl=1\" data-orig-size=\"300,250\" data-comments-opened=\"1\" data-image-meta=\"{&quot;aperture&quot;:&quot;0&quot;,&quot;credit&quot;:&quot;&quot;,&quot;camera&quot;:&quot;&quot;,&quot;caption&quot;:&quot;&quot;,&quot;created_timestamp&quot;:&quot;0&quot;,&quot;copyright&quot;:&quot;&quot;,&quot;focal_length&quot;:&quot;0&quot;,&quot;iso&quot;:&quot;0&quot;,&quot;shutter_speed&quot;:&quot;0&quot;,&quot;title&quot;:&quot;&quot;,&quot;orientation&quot;:&quot;0&quot;}\" data-image-title=\"PULLA_E_PARE POSTARE SHQIPTARE &#8211;\" data-image-description=\"\" data-image-caption=\"&lt;p&gt;PULLA_E_PARE POSTARE SHQIPTARE &#8211;&lt;\/p&gt;\n\" data-medium-file=\"https:\/\/i0.wp.com\/www.shqiperia.com\/blog\/wp-content\/uploads\/2019\/03\/PULLA_E_PARE_SHQIPTARE-Copy.jpg?fit=300%2C250&amp;ssl=1\" data-large-file=\"https:\/\/i0.wp.com\/www.shqiperia.com\/blog\/wp-content\/uploads\/2019\/03\/PULLA_E_PARE_SHQIPTARE-Copy.jpg?fit=300%2C250&amp;ssl=1\" class=\" wp-image-18045\" alt=\"\" src=\"https:\/\/i0.wp.com\/www.shqiperia.com\/blog\/wp-content\/uploads\/2019\/03\/PULLA_E_PARE_SHQIPTARE-Copy-300x250.jpg?resize=739%2C616\" width=\"739\" height=\"616\" \/><p id=\"caption-attachment-18045\" class=\"wp-caption-text\">PULLA_E_PARE POSTARE SHQIPTARE &#8211;<\/p><\/div>\n<p><strong>n.s. \/ dita<\/strong><\/p>\n","protected":false},"excerpt":{"rendered":"<p>Kur u emetua pulla e par\u00eb postare shqiptare. &#8211; Filatelia \u00ebsht\u00eb mbledhja sistematike e pullave t\u00eb post\u00ebs n\u00eb koleksione dhe njohja e vlerave t\u00eb tyre. Filatelia \u00ebsht\u00eb sot nj\u00eb nga veprimtarit\u00eb m\u00eb t\u00eb p\u00ebrhapura n\u00eb bot\u00eb. N\u00eb albumet bot\u00ebrore emri \u201cAlbania\u201d duket q\u00eb n\u00eb fillim t\u00eb shek.XX n\u00eb pullat e Lindjes. Pulla e par\u00eb shqiptare [&hellip;]<\/p>\n","protected":false},"author":9,"featured_media":18042,"comment_status":"open","ping_status":"open","sticky":false,"template":"","format":"standard","meta":{"jetpack_post_was_ever_published":false,"_jetpack_newsletter_access":"","_jetpack_dont_email_post_to_subs":false,"_jetpack_newsletter_tier_id":0,"_jetpack_memberships_contains_paywalled_content":false,"_jetpack_memberships_contains_paid_content":false,"footnotes":"","jetpack_publicize_message":"","jetpack_publicize_feature_enabled":true,"jetpack_social_post_already_shared":true,"jetpack_social_options":{"image_generator_settings":{"template":"highway","default_image_id":0,"font":"","enabled":false},"version":2}},"categories":[85,10,86],"tags":[],"class_list":["post-18041","post","type-post","status-publish","format-standard","has-post-thumbnail","hentry","category-histori","category-kultura","category-trashegimi-kulturore"],"jetpack_publicize_connections":[],"jetpack_featured_media_url":"https:\/\/i0.wp.com\/www.shqiperia.com\/blog\/wp-content\/uploads\/2019\/03\/PULLA_E_PARE_SHQIPTARE.jpg?fit=300%2C176&ssl=1","jetpack_sharing_enabled":true,"jetpack_shortlink":"https:\/\/wp.me\/p5Z6wp-4GZ","jetpack-related-posts":[{"id":10942,"url":"https:\/\/www.shqiperia.com\/blog\/lahute-nga-koleksioni-jaho-brahaj-e-emetur-pulle-poste-ne-kosove\/","url_meta":{"origin":18041,"position":0},"title":"Lahute nga koleksioni Jaho Brahaj  e emetur pulle poste ne Kosove.","author":"Kurt Farka","date":"August 24, 2018","format":false,"excerpt":"Lahute nga koleksioni Jaho Brahaj e emetur pulle poste ne Kosove. N\u00eb emisionin e ri t\u00eb pullave postare, Filatelia e Post\u00ebs s\u00eb Kosov\u00ebs ka prezantuar pamje t\u00eb instrumenteve muzikore shqiptare Instrumentet muzikore tradicionale jan\u00eb nj\u00eb nga pasurit\u00eb m\u00eb t\u00eb \u00e7mueshme t\u00eb kultur\u00ebs shqiptare. Mjesht\u00ebria e punimit t\u00eb veglave muzikore p\u00ebrb\u00ebn\u2026","rel":"","context":"In &quot;Histori&quot;","block_context":{"text":"Histori","link":"https:\/\/www.shqiperia.com\/blog\/category\/histori\/"},"img":{"alt_text":"","src":"https:\/\/i0.wp.com\/www.shqiperia.com\/blog\/wp-content\/uploads\/2018\/08\/Lahute-nga-koleksioni-Jaho-Brahaj-e-emetur-si-pulle-poste-ne-Kosove.jpg?fit=1200%2C1053&ssl=1&resize=350%2C200","width":350,"height":200,"srcset":"https:\/\/i0.wp.com\/www.shqiperia.com\/blog\/wp-content\/uploads\/2018\/08\/Lahute-nga-koleksioni-Jaho-Brahaj-e-emetur-si-pulle-poste-ne-Kosove.jpg?fit=1200%2C1053&ssl=1&resize=350%2C200 1x, https:\/\/i0.wp.com\/www.shqiperia.com\/blog\/wp-content\/uploads\/2018\/08\/Lahute-nga-koleksioni-Jaho-Brahaj-e-emetur-si-pulle-poste-ne-Kosove.jpg?fit=1200%2C1053&ssl=1&resize=525%2C300 1.5x, https:\/\/i0.wp.com\/www.shqiperia.com\/blog\/wp-content\/uploads\/2018\/08\/Lahute-nga-koleksioni-Jaho-Brahaj-e-emetur-si-pulle-poste-ne-Kosove.jpg?fit=1200%2C1053&ssl=1&resize=700%2C400 2x, https:\/\/i0.wp.com\/www.shqiperia.com\/blog\/wp-content\/uploads\/2018\/08\/Lahute-nga-koleksioni-Jaho-Brahaj-e-emetur-si-pulle-poste-ne-Kosove.jpg?fit=1200%2C1053&ssl=1&resize=1050%2C600 3x"},"classes":[]},{"id":2187,"url":"https:\/\/www.shqiperia.com\/blog\/dy-personalitete-te-shquara-ne-pulla-postare\/","url_meta":{"origin":18041,"position":1},"title":"Dy personalitete t\u00eb shquara n\u00eb pulla postare te Kosoves. &#8211;","author":"Kurt Farka","date":"January 30, 2018","format":false,"excerpt":"Prishtin\u00eb, 13 dhjetor 2017 - N\u00eb kuad\u00ebr t\u00eb tematik\u00ebs \u2019\u2019Personalitete t\u00eb shquara\u201d, Posta e Kosov\u00ebs ka emetuar t\u00eb m\u00ebrkur\u00ebn dy pulla postare me imazhet e akademik\u00ebve Mark Krasniqi dhe Pajazit Nushi. Mark Krasniqi u lind n\u00eb fshatin Gllavi\u00e7ic\u00eb (Sh\u00ebn Gjon) af\u00ebr Pej\u00ebs m\u00eb 19 tetor 1920. Shkoll\u00ebn fillore e kreu\u2026","rel":"","context":"In &quot;Blogu i Udh\u00ebtarit&quot;","block_context":{"text":"Blogu i Udh\u00ebtarit","link":"https:\/\/www.shqiperia.com\/blog\/category\/blogu-i-udhetarit\/"},"img":{"alt_text":"","src":"https:\/\/i0.wp.com\/www.shqiperia.com\/blog\/wp-content\/uploads\/2018\/01\/Mark-Krasniqi.jpg?fit=640%2C469&ssl=1&resize=350%2C200","width":350,"height":200,"srcset":"https:\/\/i0.wp.com\/www.shqiperia.com\/blog\/wp-content\/uploads\/2018\/01\/Mark-Krasniqi.jpg?fit=640%2C469&ssl=1&resize=350%2C200 1x, https:\/\/i0.wp.com\/www.shqiperia.com\/blog\/wp-content\/uploads\/2018\/01\/Mark-Krasniqi.jpg?fit=640%2C469&ssl=1&resize=525%2C300 1.5x"},"classes":[]},{"id":11072,"url":"https:\/\/www.shqiperia.com\/blog\/koleksioni-1-shekullor-i-pullave-mekaniku-qe-trashegon-pasurine-e-lene-nga-gjyshi\/","url_meta":{"origin":18041,"position":2},"title":"Koleksioni 1 shekullor i pullave; Mekaniku q\u00eb trash\u00ebgon pasurin\u00eb e l\u00ebn\u00eb nga gjyshi. &#8211;","author":"Kurt Farka","date":"August 28, 2018","format":false,"excerpt":"Koleksioni 1 shekullor i pullave; Mekaniku q\u00eb trash\u00ebgon pasurin\u00eb e l\u00ebn\u00eb nga gjyshi. - Kush do ta mendonte se nj\u00eb mekanik do t\u00eb merrej edhe me koleksionimin e pullave postare?! Edmond Shkreli g\u00ebzon nj\u00eb \u201cpasuri\u201d kulturore, gati nj\u00eb shekullore, trash\u00ebguar nd\u00ebr vite edhe nga gjyshi i tij, po aq i\u2026","rel":"","context":"In &quot;Arte&quot;","block_context":{"text":"Arte","link":"https:\/\/www.shqiperia.com\/blog\/category\/arte\/"},"img":{"alt_text":"","src":"https:\/\/i0.wp.com\/www.shqiperia.com\/blog\/wp-content\/uploads\/2018\/08\/images.jpg?resize=350%2C200","width":350,"height":200},"classes":[]},{"id":14106,"url":"https:\/\/www.shqiperia.com\/blog\/koleksionistet-shqiptare-ne-ruajtje-te-trashegimise-kulturore\/","url_meta":{"origin":18041,"position":3},"title":"Koleksionist\u00ebt shqiptar\u00eb, n\u00eb ruajtje t\u00eb trash\u00ebgimis\u00eb kulturore.-","author":"Kurt Farka","date":"November 25, 2018","format":false,"excerpt":"Koleksionist\u00ebt shqiptar\u00eb, n\u00eb ruajtje t\u00eb trash\u00ebgimis\u00eb kulturore.- Bajram Pe\u00e7i* N\u00eb p\u00ebrputhje me statutin q\u00eb rregullon funksionimin dhe jet\u00ebn e brendshme t\u00eb saj, Shoqata e Koleksionist\u00ebve t\u00eb Shqip\u00ebris\u00eb, e p\u00ebrfaq\u00ebsuar n\u00eb nivel Asambleje, u mblodh m\u00eb dat\u00eb 17 N\u00ebntor 2018 n\u00eb Tiran\u00eb, p\u00ebr t\u00eb raportuar mbi veprimtarin\u00eb kat\u00ebr vje\u00e7are dhe p\u00ebr\u2026","rel":"","context":"In &quot;Blogu i Udh\u00ebtarit&quot;","block_context":{"text":"Blogu i Udh\u00ebtarit","link":"https:\/\/www.shqiperia.com\/blog\/category\/blogu-i-udhetarit\/"},"img":{"alt_text":"","src":"https:\/\/i0.wp.com\/www.shqiperia.com\/blog\/wp-content\/uploads\/2018\/11\/Koleksionisti_nr._21.jpg?fit=432%2C245&ssl=1&resize=350%2C200","width":350,"height":200},"classes":[]},{"id":12401,"url":"https:\/\/www.shqiperia.com\/blog\/thimi-nika-gazetar-dhe-studiues-qe-la-gjurme-ne-historine-e-kultures-shqiptare\/","url_meta":{"origin":18041,"position":4},"title":"Thimi Nika- (1949-2018) gazetar dhe studiues qe la gjurme ne historine e Kultures Shqiptare. &#8211;","author":"Kurt Farka","date":"October 8, 2018","format":false,"excerpt":"Thimi Nika-(1949-2018) gazetar dhe studiues qe la gjurme ne Historine e Kultures Shqiptare. - Thimi Nika rrjedh nga nj\u00eb familje intelektuale me origjin\u00eb nga Muzina e Sarand\u00ebs. Lindi n\u00eb qytetin e Kuk\u00ebsit, m\u00eb 11 shkurt 1949. N\u00eb vitin 1951, u vendos familjarisht n\u00eb qytetin e Beratit. Aty kreu arsimin fillor,\u2026","rel":"","context":"In &quot;Kultura&quot;","block_context":{"text":"Kultura","link":"https:\/\/www.shqiperia.com\/blog\/category\/kultura\/"},"img":{"alt_text":"","src":"https:\/\/i0.wp.com\/www.shqiperia.com\/blog\/wp-content\/uploads\/2018\/10\/Kopertina-e-Librit-Pulla-Postare-Shqiptare.jpg?fit=873%2C437&ssl=1&resize=350%2C200","width":350,"height":200,"srcset":"https:\/\/i0.wp.com\/www.shqiperia.com\/blog\/wp-content\/uploads\/2018\/10\/Kopertina-e-Librit-Pulla-Postare-Shqiptare.jpg?fit=873%2C437&ssl=1&resize=350%2C200 1x, https:\/\/i0.wp.com\/www.shqiperia.com\/blog\/wp-content\/uploads\/2018\/10\/Kopertina-e-Librit-Pulla-Postare-Shqiptare.jpg?fit=873%2C437&ssl=1&resize=525%2C300 1.5x, https:\/\/i0.wp.com\/www.shqiperia.com\/blog\/wp-content\/uploads\/2018\/10\/Kopertina-e-Librit-Pulla-Postare-Shqiptare.jpg?fit=873%2C437&ssl=1&resize=700%2C400 2x"},"classes":[]},{"id":19414,"url":"https:\/\/www.shqiperia.com\/blog\/kur-i-ka-fillesat-grafika-shqiptare\/","url_meta":{"origin":18041,"position":5},"title":"Kur i ka fillesat grafika shqiptare?","author":"Kurt Farka","date":"April 9, 2019","format":false,"excerpt":"Kur i ka fillesat grafika shqiptare? Grafika \u00ebsht\u00eb nj\u00eb lloj i arteve figurative, i cili e pasqyron realitetin kryesisht me linj\u00ebn dhe sip\u00ebrfaqen bardhezi, n\u00eb plane t\u00eb rrafsh\u00ebta dhe me ngjyra t\u00eb kufizuara. T\u00eb natyr\u00ebs s\u00eb grafik\u00ebs jan\u00eb pikturat parahistorike t\u00eb shpellave n\u00eb Shqip\u00ebri t\u00eb fundit t\u00eb mij\u00ebvje\u00e7arit III dhe\u2026","rel":"","context":"In &quot;Arte&quot;","block_context":{"text":"Arte","link":"https:\/\/www.shqiperia.com\/blog\/category\/arte\/"},"img":{"alt_text":"","src":"https:\/\/i0.wp.com\/www.shqiperia.com\/blog\/wp-content\/uploads\/2019\/04\/21397566_1457943200908268_2137338707_n.jpg?fit=841%2C415&ssl=1&resize=350%2C200","width":350,"height":200,"srcset":"https:\/\/i0.wp.com\/www.shqiperia.com\/blog\/wp-content\/uploads\/2019\/04\/21397566_1457943200908268_2137338707_n.jpg?fit=841%2C415&ssl=1&resize=350%2C200 1x, https:\/\/i0.wp.com\/www.shqiperia.com\/blog\/wp-content\/uploads\/2019\/04\/21397566_1457943200908268_2137338707_n.jpg?fit=841%2C415&ssl=1&resize=525%2C300 1.5x, https:\/\/i0.wp.com\/www.shqiperia.com\/blog\/wp-content\/uploads\/2019\/04\/21397566_1457943200908268_2137338707_n.jpg?fit=841%2C415&ssl=1&resize=700%2C400 2x"},"classes":[]}],"_links":{"self":[{"href":"https:\/\/www.shqiperia.com\/blog\/wp-json\/wp\/v2\/posts\/18041","targetHints":{"allow":["GET"]}}],"collection":[{"href":"https:\/\/www.shqiperia.com\/blog\/wp-json\/wp\/v2\/posts"}],"about":[{"href":"https:\/\/www.shqiperia.com\/blog\/wp-json\/wp\/v2\/types\/post"}],"author":[{"embeddable":true,"href":"https:\/\/www.shqiperia.com\/blog\/wp-json\/wp\/v2\/users\/9"}],"replies":[{"embeddable":true,"href":"https:\/\/www.shqiperia.com\/blog\/wp-json\/wp\/v2\/comments?post=18041"}],"version-history":[{"count":1,"href":"https:\/\/www.shqiperia.com\/blog\/wp-json\/wp\/v2\/posts\/18041\/revisions"}],"predecessor-version":[{"id":18046,"href":"https:\/\/www.shqiperia.com\/blog\/wp-json\/wp\/v2\/posts\/18041\/revisions\/18046"}],"wp:featuredmedia":[{"embeddable":true,"href":"https:\/\/www.shqiperia.com\/blog\/wp-json\/wp\/v2\/media\/18042"}],"wp:attachment":[{"href":"https:\/\/www.shqiperia.com\/blog\/wp-json\/wp\/v2\/media?parent=18041"}],"wp:term":[{"taxonomy":"category","embeddable":true,"href":"https:\/\/www.shqiperia.com\/blog\/wp-json\/wp\/v2\/categories?post=18041"},{"taxonomy":"post_tag","embeddable":true,"href":"https:\/\/www.shqiperia.com\/blog\/wp-json\/wp\/v2\/tags?post=18041"}],"curies":[{"name":"wp","href":"https:\/\/api.w.org\/{rel}","templated":true}]}}