{"id":18037,"date":"2019-03-03T20:00:29","date_gmt":"2019-03-03T20:00:29","guid":{"rendered":"http:\/\/www.shqiperia.com\/blog\/?p=18037"},"modified":"2019-03-03T20:00:29","modified_gmt":"2019-03-03T20:00:29","slug":"foto-kafsha-e-rralle-ne-kufirin-shqiptar","status":"publish","type":"post","link":"https:\/\/www.shqiperia.com\/blog\/foto-kafsha-e-rralle-ne-kufirin-shqiptar\/","title":{"rendered":"FOTO: Kafsha e rrall\u00eb n\u00eb kufirin shqiptar. &#8211;"},"content":{"rendered":"<p><img data-recalc-dims=\"1\" loading=\"lazy\" decoding=\"async\" data-attachment-id=\"18038\" data-permalink=\"https:\/\/www.shqiperia.com\/blog\/foto-kafsha-e-rralle-ne-kufirin-shqiptar\/rreqebulli\/\" data-orig-file=\"https:\/\/i0.wp.com\/www.shqiperia.com\/blog\/wp-content\/uploads\/2019\/03\/rr%C3%ABqebulli.jpg?fit=340%2C148&amp;ssl=1\" data-orig-size=\"340,148\" data-comments-opened=\"1\" data-image-meta=\"{&quot;aperture&quot;:&quot;0&quot;,&quot;credit&quot;:&quot;&quot;,&quot;camera&quot;:&quot;&quot;,&quot;caption&quot;:&quot;&quot;,&quot;created_timestamp&quot;:&quot;0&quot;,&quot;copyright&quot;:&quot;&quot;,&quot;focal_length&quot;:&quot;0&quot;,&quot;iso&quot;:&quot;0&quot;,&quot;shutter_speed&quot;:&quot;0&quot;,&quot;title&quot;:&quot;&quot;,&quot;orientation&quot;:&quot;0&quot;}\" data-image-title=\"rr\u00ebqebulli\" data-image-description=\"\" data-image-caption=\"\" data-medium-file=\"https:\/\/i0.wp.com\/www.shqiperia.com\/blog\/wp-content\/uploads\/2019\/03\/rr%C3%ABqebulli.jpg?fit=300%2C131&amp;ssl=1\" data-large-file=\"https:\/\/i0.wp.com\/www.shqiperia.com\/blog\/wp-content\/uploads\/2019\/03\/rr%C3%ABqebulli.jpg?fit=340%2C148&amp;ssl=1\" class=\"alignnone  wp-image-18038\" alt=\"\" src=\"https:\/\/i0.wp.com\/www.shqiperia.com\/blog\/wp-content\/uploads\/2019\/03\/rr%C3%ABqebulli-300x131.jpg?resize=513%2C224\" width=\"513\" height=\"224\" srcset=\"https:\/\/i0.wp.com\/www.shqiperia.com\/blog\/wp-content\/uploads\/2019\/03\/rr%C3%ABqebulli.jpg?resize=300%2C131&amp;ssl=1 300w, https:\/\/i0.wp.com\/www.shqiperia.com\/blog\/wp-content\/uploads\/2019\/03\/rr%C3%ABqebulli.jpg?w=340&amp;ssl=1 340w\" sizes=\"auto, (max-width: 513px) 100vw, 513px\" \/><\/p>\n<p><strong>FOTO: Kafsha e rrall\u00eb n\u00eb kufirin shqiptar. &#8211;<\/strong><\/p>\n<p>Rr\u00ebqebulli ballkanik \u00ebsht\u00eb nj\u00eb kafsh\u00eb q\u00eb mendohej se ishte zhdukur.<\/p>\n<p>Revistat shkencore shkruan pak koh\u00eb m\u00eb par\u00eb se terreni ku mund t\u00eb gjendej rr\u00ebqebulli \u00ebsht\u00eb i kufizuar n\u00eb Ballkanin jugper\u00ebndimor, kryesisht n\u00eb zonat kufitare mes Maqedonis\u00eb dhe Shqip\u00ebris\u00eb.<\/p>\n<p>N\u00eb Maqedoni u zbulua nj\u00eb k\u00eblysh rr\u00ebqebulli q\u00eb i dha hov shpres\u00ebs s\u00eb studiuesve q\u00eb kjo specie nuk \u00ebsht\u00eb zhdukur plot\u00ebsisht.<\/p>\n<p><img data-recalc-dims=\"1\" loading=\"lazy\" decoding=\"async\" data-attachment-id=\"18039\" data-permalink=\"https:\/\/www.shqiperia.com\/blog\/foto-kafsha-e-rralle-ne-kufirin-shqiptar\/rrqebull-1\/\" data-orig-file=\"https:\/\/i0.wp.com\/www.shqiperia.com\/blog\/wp-content\/uploads\/2019\/03\/rrqebull-1.jpg?fit=450%2C346&amp;ssl=1\" data-orig-size=\"450,346\" data-comments-opened=\"1\" data-image-meta=\"{&quot;aperture&quot;:&quot;0&quot;,&quot;credit&quot;:&quot;&quot;,&quot;camera&quot;:&quot;&quot;,&quot;caption&quot;:&quot;&quot;,&quot;created_timestamp&quot;:&quot;0&quot;,&quot;copyright&quot;:&quot;&quot;,&quot;focal_length&quot;:&quot;0&quot;,&quot;iso&quot;:&quot;0&quot;,&quot;shutter_speed&quot;:&quot;0&quot;,&quot;title&quot;:&quot;&quot;,&quot;orientation&quot;:&quot;0&quot;}\" data-image-title=\"rrqebull-1\" data-image-description=\"\" data-image-caption=\"\" data-medium-file=\"https:\/\/i0.wp.com\/www.shqiperia.com\/blog\/wp-content\/uploads\/2019\/03\/rrqebull-1.jpg?fit=300%2C231&amp;ssl=1\" data-large-file=\"https:\/\/i0.wp.com\/www.shqiperia.com\/blog\/wp-content\/uploads\/2019\/03\/rrqebull-1.jpg?fit=450%2C346&amp;ssl=1\" class=\"alignnone  wp-image-18039\" alt=\"\" src=\"https:\/\/i0.wp.com\/www.shqiperia.com\/blog\/wp-content\/uploads\/2019\/03\/rrqebull-1-300x231.jpg?resize=561%2C432\" width=\"561\" height=\"432\" srcset=\"https:\/\/i0.wp.com\/www.shqiperia.com\/blog\/wp-content\/uploads\/2019\/03\/rrqebull-1.jpg?resize=300%2C231&amp;ssl=1 300w, https:\/\/i0.wp.com\/www.shqiperia.com\/blog\/wp-content\/uploads\/2019\/03\/rrqebull-1.jpg?w=450&amp;ssl=1 450w, https:\/\/i0.wp.com\/www.shqiperia.com\/blog\/wp-content\/uploads\/2019\/03\/rrqebull-1.jpg?resize=400%2C308&amp;ssl=1 400w\" sizes=\"auto, (max-width: 561px) 100vw, 561px\" \/><\/p>\n<p>Nj\u00eb tjet\u00ebr konfirmim ka ardhur nga Kosova pak koh\u00eb m\u00eb pare.<\/p>\n<p>Disa kamera \u2013 kurth t\u00eb vendosura n\u00eb Bjeshk\u00ebt e Nemuna n\u00eb Rugov\u00eb nga organizata mjedisore ERA Group kap\u00ebn pamje t\u00eb rralla t\u00eb k\u00ebsaj kafshe.<\/p>\n<p>P\u00ebr pranin\u00eb e rr\u00ebqebullit n\u00eb Bjeshk\u00ebt e Rugov\u00ebs ka patur informacione q\u00eb prej viti 1974, por asnj\u00ebher\u00eb nuk ishte arritur t\u00eb fotografohej.<\/p>\n<p><img data-recalc-dims=\"1\" loading=\"lazy\" decoding=\"async\" data-attachment-id=\"18038\" data-permalink=\"https:\/\/www.shqiperia.com\/blog\/foto-kafsha-e-rralle-ne-kufirin-shqiptar\/rreqebulli\/\" data-orig-file=\"https:\/\/i0.wp.com\/www.shqiperia.com\/blog\/wp-content\/uploads\/2019\/03\/rr%C3%ABqebulli.jpg?fit=340%2C148&amp;ssl=1\" data-orig-size=\"340,148\" data-comments-opened=\"1\" data-image-meta=\"{&quot;aperture&quot;:&quot;0&quot;,&quot;credit&quot;:&quot;&quot;,&quot;camera&quot;:&quot;&quot;,&quot;caption&quot;:&quot;&quot;,&quot;created_timestamp&quot;:&quot;0&quot;,&quot;copyright&quot;:&quot;&quot;,&quot;focal_length&quot;:&quot;0&quot;,&quot;iso&quot;:&quot;0&quot;,&quot;shutter_speed&quot;:&quot;0&quot;,&quot;title&quot;:&quot;&quot;,&quot;orientation&quot;:&quot;0&quot;}\" data-image-title=\"rr\u00ebqebulli\" data-image-description=\"\" data-image-caption=\"\" data-medium-file=\"https:\/\/i0.wp.com\/www.shqiperia.com\/blog\/wp-content\/uploads\/2019\/03\/rr%C3%ABqebulli.jpg?fit=300%2C131&amp;ssl=1\" data-large-file=\"https:\/\/i0.wp.com\/www.shqiperia.com\/blog\/wp-content\/uploads\/2019\/03\/rr%C3%ABqebulli.jpg?fit=340%2C148&amp;ssl=1\" class=\"alignnone  wp-image-18038\" alt=\"\" src=\"https:\/\/i0.wp.com\/www.shqiperia.com\/blog\/wp-content\/uploads\/2019\/03\/rr%C3%ABqebulli-300x131.jpg?resize=845%2C369\" width=\"845\" height=\"369\" srcset=\"https:\/\/i0.wp.com\/www.shqiperia.com\/blog\/wp-content\/uploads\/2019\/03\/rr%C3%ABqebulli.jpg?resize=300%2C131&amp;ssl=1 300w, https:\/\/i0.wp.com\/www.shqiperia.com\/blog\/wp-content\/uploads\/2019\/03\/rr%C3%ABqebulli.jpg?w=340&amp;ssl=1 340w\" sizes=\"auto, (max-width: 845px) 100vw, 845px\" \/><\/p>\n<p><strong>n.s. \/ dita<\/strong><\/p>\n","protected":false},"excerpt":{"rendered":"<p>FOTO: Kafsha e rrall\u00eb n\u00eb kufirin shqiptar. &#8211; Rr\u00ebqebulli ballkanik \u00ebsht\u00eb nj\u00eb kafsh\u00eb q\u00eb mendohej se ishte zhdukur. Revistat shkencore shkruan pak koh\u00eb m\u00eb par\u00eb se terreni ku mund t\u00eb gjendej rr\u00ebqebulli \u00ebsht\u00eb i kufizuar n\u00eb Ballkanin jugper\u00ebndimor, kryesisht n\u00eb zonat kufitare mes Maqedonis\u00eb dhe Shqip\u00ebris\u00eb. N\u00eb Maqedoni u zbulua nj\u00eb k\u00eblysh rr\u00ebqebulli q\u00eb i [&hellip;]<\/p>\n","protected":false},"author":9,"featured_media":18038,"comment_status":"open","ping_status":"open","sticky":false,"template":"","format":"standard","meta":{"jetpack_post_was_ever_published":false,"_jetpack_newsletter_access":"","_jetpack_dont_email_post_to_subs":false,"_jetpack_newsletter_tier_id":0,"_jetpack_memberships_contains_paywalled_content":false,"_jetpack_memberships_contains_paid_content":false,"footnotes":"","jetpack_publicize_message":"","jetpack_publicize_feature_enabled":true,"jetpack_social_post_already_shared":true,"jetpack_social_options":{"image_generator_settings":{"template":"highway","default_image_id":0,"font":"","enabled":false},"version":2}},"categories":[27,35],"tags":[],"class_list":["post-18037","post","type-post","status-publish","format-standard","has-post-thumbnail","hentry","category-blogu-i-udhetarit","category-shoqerore"],"jetpack_publicize_connections":[],"jetpack_featured_media_url":"https:\/\/i0.wp.com\/www.shqiperia.com\/blog\/wp-content\/uploads\/2019\/03\/rr%C3%ABqebulli.jpg?fit=340%2C148&ssl=1","jetpack_sharing_enabled":true,"jetpack_shortlink":"https:\/\/wp.me\/p5Z6wp-4GV","jetpack-related-posts":[{"id":62911,"url":"https:\/\/www.shqiperia.com\/blog\/gjendet-gjurma-e-kembes-se-njeriut-8200-vjecare\/","url_meta":{"origin":18037,"position":0},"title":"Gjendet gjurma e k\u00ebmb\u00ebs s\u00eb njeriut 8200 vje\u00e7are","author":"Kurt Farka","date":"October 3, 2022","format":false,"excerpt":"3 Tetor 2022 Nj\u00eb gjurm\u00eb e k\u00ebmb\u00ebve t\u00eb njeriut ka dal\u00eb n\u00eb drit\u00eb n\u00eb bregdetin veriper\u00ebndimor t\u00eb Anglis\u00eb. \"\u00cbsht\u00eb rreth 8,200 vjet e vjet\u00ebr,\"\u00a0thot\u00eb Dr Alison Burns, duke treguar gjurm\u00ebn njer\u00ebzore t\u00eb ruajtur n\u00eb m\u00ebnyr\u00eb perfekte t\u00eb shtypur n\u00eb balt\u00ebn e lasht\u00eb n\u00eb Formby Beach. \u00cbsht\u00eb nj\u00eb nga qindra gjurm\u00ebt\u2026","rel":"","context":"In &quot;Blogu i Udh\u00ebtarit&quot;","block_context":{"text":"Blogu i Udh\u00ebtarit","link":"https:\/\/www.shqiperia.com\/blog\/category\/blogu-i-udhetarit\/"},"img":{"alt_text":"","src":"https:\/\/i0.wp.com\/www.shqiperia.com\/blog\/wp-content\/uploads\/2022\/10\/640-0-21c7d178bbc59978a1f60ad574660a26.jpg?fit=640%2C336&ssl=1&resize=350%2C200","width":350,"height":200,"srcset":"https:\/\/i0.wp.com\/www.shqiperia.com\/blog\/wp-content\/uploads\/2022\/10\/640-0-21c7d178bbc59978a1f60ad574660a26.jpg?fit=640%2C336&ssl=1&resize=350%2C200 1x, https:\/\/i0.wp.com\/www.shqiperia.com\/blog\/wp-content\/uploads\/2022\/10\/640-0-21c7d178bbc59978a1f60ad574660a26.jpg?fit=640%2C336&ssl=1&resize=525%2C300 1.5x"},"classes":[]},{"id":9775,"url":"https:\/\/www.shqiperia.com\/blog\/hyjne-ilegalisht-snajperiste-nga-shqiperia-shkaterrojne-faunen-e-kosoves\/","url_meta":{"origin":18037,"position":1},"title":"Hyjn\u00eb ilegalisht snajperist\u00eb nga Shqip\u00ebria, shkat\u00ebrrojn\u00eb faun\u00ebn e Kosov\u00ebs. &#8211;","author":"Kurt Farka","date":"July 16, 2018","format":false,"excerpt":"Hyjn\u00eb ilegalisht snajperist\u00eb nga Shqip\u00ebria, shkat\u00ebrrojn\u00eb faun\u00ebn e Kosov\u00ebs. - Fauna n\u00eb Bjeshk\u00ebt e Sharrit po shkat\u00ebrrohet nga gjuetar\u00eb t\u00eb ndrysh\u00ebm, t\u00eb cil\u00ebt p\u00ebr \u00e7do fundjav\u00eb po dalin n\u00eb at\u00eb pjes\u00eb t\u00eb Kosov\u00ebs p\u00ebr gjueti, shkruan Express. Duke e kaluar ilegalisht kufirin nga jugu i Kosov\u00ebs, gjuetar\u00ebt me nj\u00eb kal\u00eb\u2026","rel":"","context":"In &quot;Blogu i Udh\u00ebtarit&quot;","block_context":{"text":"Blogu i Udh\u00ebtarit","link":"https:\/\/www.shqiperia.com\/blog\/category\/blogu-i-udhetarit\/"},"img":{"alt_text":"","src":"https:\/\/i0.wp.com\/www.shqiperia.com\/blog\/wp-content\/uploads\/2018\/07\/auto_u41501944580.jpg?fit=746%2C479&ssl=1&resize=350%2C200","width":350,"height":200,"srcset":"https:\/\/i0.wp.com\/www.shqiperia.com\/blog\/wp-content\/uploads\/2018\/07\/auto_u41501944580.jpg?fit=746%2C479&ssl=1&resize=350%2C200 1x, https:\/\/i0.wp.com\/www.shqiperia.com\/blog\/wp-content\/uploads\/2018\/07\/auto_u41501944580.jpg?fit=746%2C479&ssl=1&resize=525%2C300 1.5x, https:\/\/i0.wp.com\/www.shqiperia.com\/blog\/wp-content\/uploads\/2018\/07\/auto_u41501944580.jpg?fit=746%2C479&ssl=1&resize=700%2C400 2x"},"classes":[]},{"id":96626,"url":"https:\/\/www.shqiperia.com\/blog\/macja-fantazme-e-evropes-qe-po-rikthehet-ne-pyje-pamjet-e-rralla-te-grabitqarit-misterioz\/","url_meta":{"origin":18037,"position":2},"title":"\u201cMacja fantazm\u00eb\u201d e Evrop\u00ebs q\u00eb po rikthehet n\u00eb pyje, pamjet e rralla t\u00eb grabitqarit misterioz","author":"Kurt Farka","date":"January 16, 2026","format":false,"excerpt":"16 Janar 2026 P\u00ebr dekada me radh\u00eb, macja e eg\u00ebr evropiane u konsiderua e zhdukur n\u00eb shum\u00eb zona t\u00eb kontinentit. Nj\u00eb specie aq e fsheht\u00eb dhe e pakapshme, sa prania e saj mbeti p\u00ebr nj\u00eb koh\u00eb t\u00eb gjat\u00eb thjesht hipotez\u00eb shkencore. Sot, fal\u00eb kamerave kurth, fotograf\u00ebve t\u00eb natyr\u00ebs dhe metodave\u2026","rel":"","context":"In &quot;Blogu i Udh\u00ebtarit&quot;","block_context":{"text":"Blogu i Udh\u00ebtarit","link":"https:\/\/www.shqiperia.com\/blog\/category\/blogu-i-udhetarit\/"},"img":{"alt_text":"","src":"https:\/\/i0.wp.com\/www.shqiperia.com\/blog\/wp-content\/uploads\/2026\/01\/Screenshot-2026-01-15-110123.jpg?fit=1016%2C678&ssl=1&resize=350%2C200","width":350,"height":200,"srcset":"https:\/\/i0.wp.com\/www.shqiperia.com\/blog\/wp-content\/uploads\/2026\/01\/Screenshot-2026-01-15-110123.jpg?fit=1016%2C678&ssl=1&resize=350%2C200 1x, https:\/\/i0.wp.com\/www.shqiperia.com\/blog\/wp-content\/uploads\/2026\/01\/Screenshot-2026-01-15-110123.jpg?fit=1016%2C678&ssl=1&resize=525%2C300 1.5x, https:\/\/i0.wp.com\/www.shqiperia.com\/blog\/wp-content\/uploads\/2026\/01\/Screenshot-2026-01-15-110123.jpg?fit=1016%2C678&ssl=1&resize=700%2C400 2x"},"classes":[]},{"id":83681,"url":"https:\/\/www.shqiperia.com\/blog\/karlsruhe-ne-ankth-i-eshte-arratisur-majmuni-makak\/","url_meta":{"origin":18037,"position":3},"title":"Karlsruhe n\u00eb ankth, i \u00ebsht\u00eb arratisur majmuni Makak&#8230;","author":"Kurt Farka","date":"August 25, 2024","format":false,"excerpt":"25 Gusht 2024 Banor\u00ebt e nj\u00eb lokaliteti n\u00eb qytetin gjerman t\u00eb Karlsruhes jan\u00eb n\u00eb ankth pasi nj\u00eb majmun i llojit t\u00eb rrall\u00eb makaku barbar (barbary macaque) ndodhet n\u00eb arrati. Ai u \u201darratis\u201d nga parku i kafsh\u00ebve t\u00eb egra n\u00eb malin Salem Monkey n\u00eb zon\u00eb dhe menaxheri i parkut, Roland Hilgartner\u2026","rel":"","context":"In &quot;Blogu i Udh\u00ebtarit&quot;","block_context":{"text":"Blogu i Udh\u00ebtarit","link":"https:\/\/www.shqiperia.com\/blog\/category\/blogu-i-udhetarit\/"},"img":{"alt_text":"","src":"https:\/\/i0.wp.com\/www.shqiperia.com\/blog\/wp-content\/uploads\/2024\/08\/WhatsApp-Image-2024-08-17-at-12.47.04.jpeg?fit=768%2C432&ssl=1&resize=350%2C200","width":350,"height":200,"srcset":"https:\/\/i0.wp.com\/www.shqiperia.com\/blog\/wp-content\/uploads\/2024\/08\/WhatsApp-Image-2024-08-17-at-12.47.04.jpeg?fit=768%2C432&ssl=1&resize=350%2C200 1x, https:\/\/i0.wp.com\/www.shqiperia.com\/blog\/wp-content\/uploads\/2024\/08\/WhatsApp-Image-2024-08-17-at-12.47.04.jpeg?fit=768%2C432&ssl=1&resize=525%2C300 1.5x, https:\/\/i0.wp.com\/www.shqiperia.com\/blog\/wp-content\/uploads\/2024\/08\/WhatsApp-Image-2024-08-17-at-12.47.04.jpeg?fit=768%2C432&ssl=1&resize=700%2C400 2x"},"classes":[]},{"id":81593,"url":"https:\/\/www.shqiperia.com\/blog\/gjendet-fosili-i-rralle-i-pates-prehistorike\/","url_meta":{"origin":18037,"position":4},"title":"Gjendet fosili i rrall\u00eb i &#8216;pat\u00ebs&#8217; prehistorike","author":"Kurt Farka","date":"June 4, 2024","format":false,"excerpt":"5 Qershor 2023 Kafka e nj\u00eb \u201cpate gjigante\u201d prehistorike \u00ebsht\u00eb gjetur n\u00eb Australi. Kafka i p\u00ebrket nj\u00eb zogu 230 kg q\u00eb nuk fluturonte i cili sot \u00ebsht\u00ebi zhdukur. Fosili 45.000-50.000 vje\u00e7ar \u00ebsht\u00eb kafka m\u00eb e plot\u00eb e species Genyornis newtoni q\u00eb \u00ebsht\u00eb gjetur ndonj\u00ebher\u00eb. Shkenc\u00ebtar\u00ebt thn\u00eb se \u201czbulimi i rrall\u00eb\u201d\u2026","rel":"","context":"In &quot;Blogu i Udh\u00ebtarit&quot;","block_context":{"text":"Blogu i Udh\u00ebtarit","link":"https:\/\/www.shqiperia.com\/blog\/category\/blogu-i-udhetarit\/"},"img":{"alt_text":"","src":"https:\/\/i0.wp.com\/www.shqiperia.com\/blog\/wp-content\/uploads\/2024\/06\/640-0-39971b008401215d20cb45efbc702177.jpg?fit=640%2C442&ssl=1&resize=350%2C200","width":350,"height":200,"srcset":"https:\/\/i0.wp.com\/www.shqiperia.com\/blog\/wp-content\/uploads\/2024\/06\/640-0-39971b008401215d20cb45efbc702177.jpg?fit=640%2C442&ssl=1&resize=350%2C200 1x, https:\/\/i0.wp.com\/www.shqiperia.com\/blog\/wp-content\/uploads\/2024\/06\/640-0-39971b008401215d20cb45efbc702177.jpg?fit=640%2C442&ssl=1&resize=525%2C300 1.5x"},"classes":[]},{"id":95425,"url":"https:\/\/www.shqiperia.com\/blog\/fotolajm-u-sulmua-per-vdekje-nga-qeni-pitbull-ky-eshte-2-vjecari-shqiptar-qe-humbi-jeten\/","url_meta":{"origin":18037,"position":5},"title":"FOTOLAJM\/ U sulmua p\u00ebr vdekje nga qeni pitbull, ky \u00ebsht\u00eb 2-vje\u00e7ari shqiptar q\u00eb humbi jet\u00ebn!","author":"Kurt Farka","date":"December 7, 2025","format":false,"excerpt":"7 Dhjetor 2025 Nj\u00eb djal\u00eb 2-vje\u00e7ar shqiptar, Leo, i rritur n\u00eb nj\u00eb ambient t\u00eb mbushur me dashuri p\u00ebr kafsh\u00ebt, humbi jet\u00ebn nj\u00eb dit\u00eb m\u00eb par\u00eb (6 dhjetor) pasi u sulmua nga nj\u00eb qen i rac\u00ebs pitbull q\u00eb familja e tij kishte strehuar. Ky ishte nj\u00eb nga shum\u00eb qent\u00eb q\u00eb prind\u00ebrit\u2026","rel":"","context":"In &quot;Blogu i Udh\u00ebtarit&quot;","block_context":{"text":"Blogu i Udh\u00ebtarit","link":"https:\/\/www.shqiperia.com\/blog\/category\/blogu-i-udhetarit\/"},"img":{"alt_text":"","src":"https:\/\/i0.wp.com\/www.shqiperia.com\/blog\/wp-content\/uploads\/2025\/12\/Qeni-qe-sulmoi-te-miturin.jpg?fit=1200%2C623&ssl=1&resize=350%2C200","width":350,"height":200,"srcset":"https:\/\/i0.wp.com\/www.shqiperia.com\/blog\/wp-content\/uploads\/2025\/12\/Qeni-qe-sulmoi-te-miturin.jpg?fit=1200%2C623&ssl=1&resize=350%2C200 1x, https:\/\/i0.wp.com\/www.shqiperia.com\/blog\/wp-content\/uploads\/2025\/12\/Qeni-qe-sulmoi-te-miturin.jpg?fit=1200%2C623&ssl=1&resize=525%2C300 1.5x, https:\/\/i0.wp.com\/www.shqiperia.com\/blog\/wp-content\/uploads\/2025\/12\/Qeni-qe-sulmoi-te-miturin.jpg?fit=1200%2C623&ssl=1&resize=700%2C400 2x, https:\/\/i0.wp.com\/www.shqiperia.com\/blog\/wp-content\/uploads\/2025\/12\/Qeni-qe-sulmoi-te-miturin.jpg?fit=1200%2C623&ssl=1&resize=1050%2C600 3x"},"classes":[]}],"_links":{"self":[{"href":"https:\/\/www.shqiperia.com\/blog\/wp-json\/wp\/v2\/posts\/18037","targetHints":{"allow":["GET"]}}],"collection":[{"href":"https:\/\/www.shqiperia.com\/blog\/wp-json\/wp\/v2\/posts"}],"about":[{"href":"https:\/\/www.shqiperia.com\/blog\/wp-json\/wp\/v2\/types\/post"}],"author":[{"embeddable":true,"href":"https:\/\/www.shqiperia.com\/blog\/wp-json\/wp\/v2\/users\/9"}],"replies":[{"embeddable":true,"href":"https:\/\/www.shqiperia.com\/blog\/wp-json\/wp\/v2\/comments?post=18037"}],"version-history":[{"count":1,"href":"https:\/\/www.shqiperia.com\/blog\/wp-json\/wp\/v2\/posts\/18037\/revisions"}],"predecessor-version":[{"id":18040,"href":"https:\/\/www.shqiperia.com\/blog\/wp-json\/wp\/v2\/posts\/18037\/revisions\/18040"}],"wp:featuredmedia":[{"embeddable":true,"href":"https:\/\/www.shqiperia.com\/blog\/wp-json\/wp\/v2\/media\/18038"}],"wp:attachment":[{"href":"https:\/\/www.shqiperia.com\/blog\/wp-json\/wp\/v2\/media?parent=18037"}],"wp:term":[{"taxonomy":"category","embeddable":true,"href":"https:\/\/www.shqiperia.com\/blog\/wp-json\/wp\/v2\/categories?post=18037"},{"taxonomy":"post_tag","embeddable":true,"href":"https:\/\/www.shqiperia.com\/blog\/wp-json\/wp\/v2\/tags?post=18037"}],"curies":[{"name":"wp","href":"https:\/\/api.w.org\/{rel}","templated":true}]}}