{"id":18031,"date":"2019-03-03T18:11:36","date_gmt":"2019-03-03T18:11:36","guid":{"rendered":"http:\/\/www.shqiperia.com\/blog\/?p=18031"},"modified":"2019-03-03T18:11:36","modified_gmt":"2019-03-03T18:11:36","slug":"o-malet-e-shqiperise-e-ti-o-kryeminister-i-gjate","status":"publish","type":"post","link":"https:\/\/www.shqiperia.com\/blog\/o-malet-e-shqiperise-e-ti-o-kryeminister-i-gjate\/","title":{"rendered":"O MALET&#8217; E SHQIPERISE  E TI O KRYEMINISTER I GJATE"},"content":{"rendered":"<p><img data-recalc-dims=\"1\" loading=\"lazy\" decoding=\"async\" data-attachment-id=\"18032\" data-permalink=\"https:\/\/www.shqiperia.com\/blog\/o-malet-e-shqiperise-e-ti-o-kryeminister-i-gjate\/naimi1\/\" data-orig-file=\"https:\/\/i0.wp.com\/www.shqiperia.com\/blog\/wp-content\/uploads\/2019\/03\/naimi1.jpg?fit=750%2C451&amp;ssl=1\" data-orig-size=\"750,451\" data-comments-opened=\"1\" data-image-meta=\"{&quot;aperture&quot;:&quot;0&quot;,&quot;credit&quot;:&quot;&quot;,&quot;camera&quot;:&quot;&quot;,&quot;caption&quot;:&quot;&quot;,&quot;created_timestamp&quot;:&quot;0&quot;,&quot;copyright&quot;:&quot;&quot;,&quot;focal_length&quot;:&quot;0&quot;,&quot;iso&quot;:&quot;0&quot;,&quot;shutter_speed&quot;:&quot;0&quot;,&quot;title&quot;:&quot;&quot;,&quot;orientation&quot;:&quot;0&quot;}\" data-image-title=\"naimi1\" data-image-description=\"\" data-image-caption=\"\" data-medium-file=\"https:\/\/i0.wp.com\/www.shqiperia.com\/blog\/wp-content\/uploads\/2019\/03\/naimi1.jpg?fit=300%2C180&amp;ssl=1\" data-large-file=\"https:\/\/i0.wp.com\/www.shqiperia.com\/blog\/wp-content\/uploads\/2019\/03\/naimi1.jpg?fit=750%2C451&amp;ssl=1\" class=\"alignnone  wp-image-18032\" alt=\"\" src=\"https:\/\/i0.wp.com\/www.shqiperia.com\/blog\/wp-content\/uploads\/2019\/03\/naimi1-300x180.jpg?resize=762%2C457\" width=\"762\" height=\"457\" srcset=\"https:\/\/i0.wp.com\/www.shqiperia.com\/blog\/wp-content\/uploads\/2019\/03\/naimi1.jpg?resize=300%2C180&amp;ssl=1 300w, https:\/\/i0.wp.com\/www.shqiperia.com\/blog\/wp-content\/uploads\/2019\/03\/naimi1.jpg?resize=450%2C271&amp;ssl=1 450w, https:\/\/i0.wp.com\/www.shqiperia.com\/blog\/wp-content\/uploads\/2019\/03\/naimi1.jpg?resize=600%2C361&amp;ssl=1 600w, https:\/\/i0.wp.com\/www.shqiperia.com\/blog\/wp-content\/uploads\/2019\/03\/naimi1.jpg?resize=400%2C241&amp;ssl=1 400w, https:\/\/i0.wp.com\/www.shqiperia.com\/blog\/wp-content\/uploads\/2019\/03\/naimi1.jpg?w=750&amp;ssl=1 750w\" sizes=\"auto, (max-width: 762px) 100vw, 762px\" \/><\/p>\n<p>O MALET&#8217; E SHQIPERISE<\/p>\n<p>E TI O KRYEMINISTER I GJATE<\/p>\n<p>PJESA TJETER NUK ME KUJTOHET<\/p>\n<p>QE JU KAM NDERMEND DITE E NATE &#8230;.<\/p>\n","protected":false},"excerpt":{"rendered":"<p>O MALET&#8217; E SHQIPERISE E TI O KRYEMINISTER I GJATE PJESA TJETER NUK ME KUJTOHET QE JU KAM NDERMEND DITE E NATE &#8230;.<\/p>\n","protected":false},"author":9,"featured_media":18032,"comment_status":"open","ping_status":"open","sticky":false,"template":"","format":"standard","meta":{"jetpack_post_was_ever_published":false,"_jetpack_newsletter_access":"","_jetpack_dont_email_post_to_subs":false,"_jetpack_newsletter_tier_id":0,"_jetpack_memberships_contains_paywalled_content":false,"_jetpack_memberships_contains_paid_content":false,"footnotes":"","jetpack_publicize_message":"","jetpack_publicize_feature_enabled":true,"jetpack_social_post_already_shared":true,"jetpack_social_options":{"image_generator_settings":{"template":"highway","default_image_id":0,"font":"","enabled":false},"version":2}},"categories":[27,85,10],"tags":[],"class_list":["post-18031","post","type-post","status-publish","format-standard","has-post-thumbnail","hentry","category-blogu-i-udhetarit","category-histori","category-kultura"],"jetpack_publicize_connections":[],"jetpack_featured_media_url":"https:\/\/i0.wp.com\/www.shqiperia.com\/blog\/wp-content\/uploads\/2019\/03\/naimi1.jpg?fit=750%2C451&ssl=1","jetpack_sharing_enabled":true,"jetpack_shortlink":"https:\/\/wp.me\/p5Z6wp-4GP","jetpack-related-posts":[{"id":63229,"url":"https:\/\/www.shqiperia.com\/blog\/spartak-ngjela-nuk-permbahet-ndaj-edi-rames-nje-kryeminister\/","url_meta":{"origin":18031,"position":0},"title":"Spartak Ngjela nuk p\u00ebrmbahet ndaj Edi Ram\u00ebs: &#8211; Nj\u00eb kryeminist\u00ebr &#8230;","author":"Kurt Farka","date":"October 12, 2022","format":false,"excerpt":"12 Tetor 2022 \"Ky \u00ebsht\u00eb nj\u00eb turp historik. Nj\u00eb kryeminist\u00ebr q\u00eb e l\u00eb gjendjen k\u00ebshtu, ose \u00ebsht\u00eb nj\u00eb kryeminist\u00ebr rryp kaishi, q\u00eb s'di asgj\u00eb, ose \u00ebsht\u00eb bashk\u00ebautor n\u00eb d\u00ebmtimin dhe keqtrajtimin e shqiptar\u00ebve me zjarrv\u00ebn\u00ebsit shekullor\u00eb t\u00eb Shqip\u00ebris\u00eb dhe shqiptar\u00ebve\". Avokati Spartak Ngjela n\u00eb nj\u00eb reagim n\u00eb rrjetet sociale ka\u2026","rel":"","context":"In &quot;Blogu i Udh\u00ebtarit&quot;","block_context":{"text":"Blogu i Udh\u00ebtarit","link":"https:\/\/www.shqiperia.com\/blog\/category\/blogu-i-udhetarit\/"},"img":{"alt_text":"","src":"https:\/\/i0.wp.com\/www.shqiperia.com\/blog\/wp-content\/uploads\/2022\/10\/Spartak-Ngjela.jpg?fit=800%2C492&ssl=1&resize=350%2C200","width":350,"height":200,"srcset":"https:\/\/i0.wp.com\/www.shqiperia.com\/blog\/wp-content\/uploads\/2022\/10\/Spartak-Ngjela.jpg?fit=800%2C492&ssl=1&resize=350%2C200 1x, https:\/\/i0.wp.com\/www.shqiperia.com\/blog\/wp-content\/uploads\/2022\/10\/Spartak-Ngjela.jpg?fit=800%2C492&ssl=1&resize=525%2C300 1.5x, https:\/\/i0.wp.com\/www.shqiperia.com\/blog\/wp-content\/uploads\/2022\/10\/Spartak-Ngjela.jpg?fit=800%2C492&ssl=1&resize=700%2C400 2x"},"classes":[]},{"id":80955,"url":"https:\/\/www.shqiperia.com\/blog\/ti-kryeminister-dhe-rama-president-basha-jep-pergjigjen-e-papritur\/","url_meta":{"origin":18031,"position":1},"title":"Ti kryeminist\u00ebr dhe Rama president? &#8211; Basha jep p\u00ebrgjigjen e papritur","author":"Kurt Farka","date":"May 11, 2024","format":false,"excerpt":"11 Maji 2024 Edhe kryetari i PD-s\u00eb, Lulzim Basha nuk i ka rezistuar dot pjes\u00ebmarrjes n\u00eb \u2018podcast\u2019-e, tashm\u00eb t\u00eb kthyera n\u00eb trend p\u00ebr shum\u00eb politikan\u00eb. S\u00eb fundmi ai ka marr\u00eb pjes\u00eb n\u00eb nj\u00eb podcast t\u00eb transmetuar n\u00eb profilin e tij zyrtar n\u00eb Facebook, ku nd\u00ebr t\u00eb tjera \u00ebsht\u00eb pyetur edhe\u2026","rel":"","context":"In &quot;Blogu i Udh\u00ebtarit&quot;","block_context":{"text":"Blogu i Udh\u00ebtarit","link":"https:\/\/www.shqiperia.com\/blog\/category\/blogu-i-udhetarit\/"},"img":{"alt_text":"","src":"https:\/\/i0.wp.com\/www.shqiperia.com\/blog\/wp-content\/uploads\/2024\/05\/800-0-0ff88b5ab4a9e80fb95625f847c661dc.jpg?fit=800%2C420&ssl=1&resize=350%2C200","width":350,"height":200,"srcset":"https:\/\/i0.wp.com\/www.shqiperia.com\/blog\/wp-content\/uploads\/2024\/05\/800-0-0ff88b5ab4a9e80fb95625f847c661dc.jpg?fit=800%2C420&ssl=1&resize=350%2C200 1x, https:\/\/i0.wp.com\/www.shqiperia.com\/blog\/wp-content\/uploads\/2024\/05\/800-0-0ff88b5ab4a9e80fb95625f847c661dc.jpg?fit=800%2C420&ssl=1&resize=525%2C300 1.5x, https:\/\/i0.wp.com\/www.shqiperia.com\/blog\/wp-content\/uploads\/2024\/05\/800-0-0ff88b5ab4a9e80fb95625f847c661dc.jpg?fit=800%2C420&ssl=1&resize=700%2C400 2x"},"classes":[]},{"id":58773,"url":"https:\/\/www.shqiperia.com\/blog\/a-po-ju-mungon-kosova-zoti-kryeminister-rama-nervozohet-me-gazetarin-do-na-lesh-ta-pime-kete-kafe\/","url_meta":{"origin":18031,"position":2},"title":"&#8220;A po ju mungon Kosova zoti kryeminist\u00ebr&#8221;. &#8211; Rama nervozohet me gazetarin: &#8211; Do na l\u00ebsh t\u2019a pim\u00eb k\u00ebt\u00eb kafe","author":"Kurt Farka","date":"June 9, 2022","format":false,"excerpt":"8 Qershor, 2022 Dit\u00ebn e sotme \u00ebsht\u00eb duke u zhvilluar Samiti i Ballkanit t\u00eb Hapur n\u00eb Oh\u00ebr t\u00eb Maqedonis\u00eb s\u00eb Veriut, ku pjes\u00ebmarr\u00ebs kan\u00eb qen\u00eb edhe p\u00ebrfaq\u00ebsues t\u00eb Malit t\u00eb Zi dhe Bosnje Hercegovin\u00ebs. Gjat\u00eb Samitit, p\u00ebrpara konferenc\u00ebs s\u00eb p\u00ebrbashk\u00ebt p\u00ebr shtyp, kryeministri shqiptar Edi Rama ishte n\u00ebn shoq\u00ebrin\u00eb e\u2026","rel":"","context":"In &quot;Blogu i Udh\u00ebtarit&quot;","block_context":{"text":"Blogu i Udh\u00ebtarit","link":"https:\/\/www.shqiperia.com\/blog\/category\/blogu-i-udhetarit\/"},"img":{"alt_text":"","src":"https:\/\/i0.wp.com\/www.shqiperia.com\/blog\/wp-content\/uploads\/2022\/06\/640-0-1654702684xwhatsapp-image-2022-06-08-at-173458-586.jpeg?fit=640%2C360&ssl=1&resize=350%2C200","width":350,"height":200,"srcset":"https:\/\/i0.wp.com\/www.shqiperia.com\/blog\/wp-content\/uploads\/2022\/06\/640-0-1654702684xwhatsapp-image-2022-06-08-at-173458-586.jpeg?fit=640%2C360&ssl=1&resize=350%2C200 1x, https:\/\/i0.wp.com\/www.shqiperia.com\/blog\/wp-content\/uploads\/2022\/06\/640-0-1654702684xwhatsapp-image-2022-06-08-at-173458-586.jpeg?fit=640%2C360&ssl=1&resize=525%2C300 1.5x"},"classes":[]},{"id":67748,"url":"https:\/\/www.shqiperia.com\/blog\/o-beseprere-jep-doreheqjen-dhe-largohu-nuk-je-me-legjitim-smund-te-jete-kurre-kryeministri-i-shqiperise\/","url_meta":{"origin":18031,"position":3},"title":"\u201cO bes\u00ebprer\u00eb, jep dor\u00ebheqjen dhe largohu\u201d: &#8211; Nuk je m\u00eb legjitim. &#8211; S\u2019mund t\u00eb jet\u00eb kurr\u00eb kryeministri i Shqip\u00ebris\u00eb","author":"Kurt Farka","date":"February 11, 2023","format":false,"excerpt":"11 Shkurt 2023 Kreu i PD, Sali Berisha i k\u00ebrkoi kryeministrit Edi Rama gjat\u00eb fjal\u00ebs s\u00eb tij n\u00eb protest\u00ebn e 11 shkurtit t\u00eb jap\u00eb dor\u00ebheqjen dhe t\u00eb largohet. \u201cRama korruptoi shefin e FBI, partnerit ton\u00eb strategjik, dikur Shqip\u00ebria b\u00ebnte lajmin e bot\u00ebs p\u00ebr hyrjen e saj n\u00eb NATO, sot b\u00ebn\u2026","rel":"","context":"In &quot;Blogu i Udh\u00ebtarit&quot;","block_context":{"text":"Blogu i Udh\u00ebtarit","link":"https:\/\/www.shqiperia.com\/blog\/category\/blogu-i-udhetarit\/"},"img":{"alt_text":"","src":"https:\/\/i0.wp.com\/www.shqiperia.com\/blog\/wp-content\/uploads\/2023\/02\/ede1-1.jpg?fit=604%2C367&ssl=1&resize=350%2C200","width":350,"height":200,"srcset":"https:\/\/i0.wp.com\/www.shqiperia.com\/blog\/wp-content\/uploads\/2023\/02\/ede1-1.jpg?fit=604%2C367&ssl=1&resize=350%2C200 1x, https:\/\/i0.wp.com\/www.shqiperia.com\/blog\/wp-content\/uploads\/2023\/02\/ede1-1.jpg?fit=604%2C367&ssl=1&resize=525%2C300 1.5x"},"classes":[]},{"id":36346,"url":"https:\/\/www.shqiperia.com\/blog\/kush-e-ka-emertuar-lekun\/","url_meta":{"origin":18031,"position":4},"title":"Kush e ka em\u00ebrtuar Lekun?","author":"Kurt Farka","date":"July 15, 2020","format":false,"excerpt":"Kush e ka em\u00ebrtuar Lekun? Sipas biograf\u00ebve t\u00eb Mufit Libohov\u00ebs, ka qen\u00eb pik\u00ebrisht ai q\u00eb ka propozuar emrin Lek gjat\u00eb koh\u00ebs q\u00eb ushtronte detyr\u00ebn e Ministrit t\u00eb Financave. Mufit Libohova ose Mufit Bej Libohova, lindi n\u00eb vitin 1876 dhe vdiq n\u00eb vitin 1927. Rrjedh nga oxhaku i vjet\u00ebr i familes\u2026","rel":"","context":"In &quot;Blogu i Udh\u00ebtarit&quot;","block_context":{"text":"Blogu i Udh\u00ebtarit","link":"https:\/\/www.shqiperia.com\/blog\/category\/blogu-i-udhetarit\/"},"img":{"alt_text":"","src":"https:\/\/i0.wp.com\/www.shqiperia.com\/blog\/wp-content\/uploads\/2020\/07\/auto_15leku1594807073.png?fit=900%2C395&ssl=1&resize=350%2C200","width":350,"height":200,"srcset":"https:\/\/i0.wp.com\/www.shqiperia.com\/blog\/wp-content\/uploads\/2020\/07\/auto_15leku1594807073.png?fit=900%2C395&ssl=1&resize=350%2C200 1x, https:\/\/i0.wp.com\/www.shqiperia.com\/blog\/wp-content\/uploads\/2020\/07\/auto_15leku1594807073.png?fit=900%2C395&ssl=1&resize=525%2C300 1.5x, https:\/\/i0.wp.com\/www.shqiperia.com\/blog\/wp-content\/uploads\/2020\/07\/auto_15leku1594807073.png?fit=900%2C395&ssl=1&resize=700%2C400 2x"},"classes":[]},{"id":65899,"url":"https:\/\/www.shqiperia.com\/blog\/nje-rekord-hekurudhor-ne-malet-e-zvicres\/","url_meta":{"origin":18031,"position":5},"title":"Nj\u00eb rekord hekurudhor n\u00eb malet e Zvicr\u00ebs","author":"Kurt Farka","date":"January 1, 2023","format":false,"excerpt":"1 Janar 2023 Gjarp\u00ebrimi i nj\u00eb treni 1.9 kilometra i gjat\u00eb me 100 vagona dhe kat\u00ebr lokomotiva Kompania zvicerane e hekurudhave ka njoftuar se ka vendosur nj\u00eb rekord bot\u00ebror: treni m\u00eb i gjat\u00eb i pasagjer\u00ebve ka kaluar n\u00eb nj\u00eb nga linjat m\u00eb spektakolare n\u00ebp\u00ebr Alpe. Kompania Rhaetian Railway njoftoi se\u2026","rel":"","context":"In &quot;Blogu i Udh\u00ebtarit&quot;","block_context":{"text":"Blogu i Udh\u00ebtarit","link":"https:\/\/www.shqiperia.com\/blog\/category\/blogu-i-udhetarit\/"},"img":{"alt_text":"","src":"https:\/\/i0.wp.com\/www.shqiperia.com\/blog\/wp-content\/uploads\/2023\/01\/zvicra-treni.jpg?fit=634%2C357&ssl=1&resize=350%2C200","width":350,"height":200,"srcset":"https:\/\/i0.wp.com\/www.shqiperia.com\/blog\/wp-content\/uploads\/2023\/01\/zvicra-treni.jpg?fit=634%2C357&ssl=1&resize=350%2C200 1x, https:\/\/i0.wp.com\/www.shqiperia.com\/blog\/wp-content\/uploads\/2023\/01\/zvicra-treni.jpg?fit=634%2C357&ssl=1&resize=525%2C300 1.5x"},"classes":[]}],"_links":{"self":[{"href":"https:\/\/www.shqiperia.com\/blog\/wp-json\/wp\/v2\/posts\/18031","targetHints":{"allow":["GET"]}}],"collection":[{"href":"https:\/\/www.shqiperia.com\/blog\/wp-json\/wp\/v2\/posts"}],"about":[{"href":"https:\/\/www.shqiperia.com\/blog\/wp-json\/wp\/v2\/types\/post"}],"author":[{"embeddable":true,"href":"https:\/\/www.shqiperia.com\/blog\/wp-json\/wp\/v2\/users\/9"}],"replies":[{"embeddable":true,"href":"https:\/\/www.shqiperia.com\/blog\/wp-json\/wp\/v2\/comments?post=18031"}],"version-history":[{"count":1,"href":"https:\/\/www.shqiperia.com\/blog\/wp-json\/wp\/v2\/posts\/18031\/revisions"}],"predecessor-version":[{"id":18033,"href":"https:\/\/www.shqiperia.com\/blog\/wp-json\/wp\/v2\/posts\/18031\/revisions\/18033"}],"wp:featuredmedia":[{"embeddable":true,"href":"https:\/\/www.shqiperia.com\/blog\/wp-json\/wp\/v2\/media\/18032"}],"wp:attachment":[{"href":"https:\/\/www.shqiperia.com\/blog\/wp-json\/wp\/v2\/media?parent=18031"}],"wp:term":[{"taxonomy":"category","embeddable":true,"href":"https:\/\/www.shqiperia.com\/blog\/wp-json\/wp\/v2\/categories?post=18031"},{"taxonomy":"post_tag","embeddable":true,"href":"https:\/\/www.shqiperia.com\/blog\/wp-json\/wp\/v2\/tags?post=18031"}],"curies":[{"name":"wp","href":"https:\/\/api.w.org\/{rel}","templated":true}]}}