{"id":18026,"date":"2019-03-03T17:46:14","date_gmt":"2019-03-03T17:46:14","guid":{"rendered":"http:\/\/www.shqiperia.com\/blog\/?p=18026"},"modified":"2019-03-03T17:46:14","modified_gmt":"2019-03-03T17:46:14","slug":"sazan-guri-edhe-me-flori-te-ma-shtroni-rrugen-ne-kete-parlament-nuk-futem","status":"publish","type":"post","link":"https:\/\/www.shqiperia.com\/blog\/sazan-guri-edhe-me-flori-te-ma-shtroni-rrugen-ne-kete-parlament-nuk-futem\/","title":{"rendered":"Sazan Guri: Edhe me flori t\u00eb ma shtroni rrug\u00ebn, n\u00eb k\u00ebt\u00eb Parlament nuk futem"},"content":{"rendered":"<p><img data-recalc-dims=\"1\" loading=\"lazy\" decoding=\"async\" data-attachment-id=\"18027\" data-permalink=\"https:\/\/www.shqiperia.com\/blog\/sazan-guri-edhe-me-flori-te-ma-shtroni-rrugen-ne-kete-parlament-nuk-futem\/sazan-guri-480x360-copy\/\" data-orig-file=\"https:\/\/i0.wp.com\/www.shqiperia.com\/blog\/wp-content\/uploads\/2019\/03\/Sazan-Guri-480x360-Copy.jpg?fit=480%2C259&amp;ssl=1\" data-orig-size=\"480,259\" data-comments-opened=\"1\" data-image-meta=\"{&quot;aperture&quot;:&quot;0&quot;,&quot;credit&quot;:&quot;&quot;,&quot;camera&quot;:&quot;&quot;,&quot;caption&quot;:&quot;&quot;,&quot;created_timestamp&quot;:&quot;0&quot;,&quot;copyright&quot;:&quot;&quot;,&quot;focal_length&quot;:&quot;0&quot;,&quot;iso&quot;:&quot;0&quot;,&quot;shutter_speed&quot;:&quot;0&quot;,&quot;title&quot;:&quot;&quot;,&quot;orientation&quot;:&quot;0&quot;}\" data-image-title=\"Sazan-Guri-480&#215;360 &#8211; Copy\" data-image-description=\"\" data-image-caption=\"\" data-medium-file=\"https:\/\/i0.wp.com\/www.shqiperia.com\/blog\/wp-content\/uploads\/2019\/03\/Sazan-Guri-480x360-Copy.jpg?fit=300%2C162&amp;ssl=1\" data-large-file=\"https:\/\/i0.wp.com\/www.shqiperia.com\/blog\/wp-content\/uploads\/2019\/03\/Sazan-Guri-480x360-Copy.jpg?fit=480%2C259&amp;ssl=1\" class=\"alignnone  wp-image-18027\" alt=\"\" src=\"https:\/\/i0.wp.com\/www.shqiperia.com\/blog\/wp-content\/uploads\/2019\/03\/Sazan-Guri-480x360-Copy-300x162.jpg?resize=504%2C272\" width=\"504\" height=\"272\" srcset=\"https:\/\/i0.wp.com\/www.shqiperia.com\/blog\/wp-content\/uploads\/2019\/03\/Sazan-Guri-480x360-Copy.jpg?resize=300%2C162&amp;ssl=1 300w, https:\/\/i0.wp.com\/www.shqiperia.com\/blog\/wp-content\/uploads\/2019\/03\/Sazan-Guri-480x360-Copy.jpg?resize=450%2C243&amp;ssl=1 450w, https:\/\/i0.wp.com\/www.shqiperia.com\/blog\/wp-content\/uploads\/2019\/03\/Sazan-Guri-480x360-Copy.jpg?resize=400%2C216&amp;ssl=1 400w, https:\/\/i0.wp.com\/www.shqiperia.com\/blog\/wp-content\/uploads\/2019\/03\/Sazan-Guri-480x360-Copy.jpg?w=480&amp;ssl=1 480w\" sizes=\"auto, (max-width: 504px) 100vw, 504px\" \/><\/p>\n<p>Sazan Guri: Edhe me flori t\u00eb ma shtroni rrug\u00ebn, n\u00eb k\u00ebt\u00eb Parlament nuk futem<\/p>\n<p>Pas djegies s\u00eb mandateve parlamentare nga deputet\u00ebt e opozit\u00ebs s\u00eb bashkuar, Komisioni Qendror i Zgjedhjeve ka nisur pun\u00ebn p\u00ebr t\u00eb plot\u00ebsuar vakancat n\u00eb Kuvend, ku ka k\u00ebrkuar nga kandidat\u00ebt q\u00eb kan\u00eb qen\u00eb n\u00eb listat partiake, formularin e vetdeklarimit.<\/p>\n<p>Disa nga kandidat\u00ebt n\u00eb list\u00ebn e L\u00ebvizjes Socialiste p\u00ebr Integrim kan\u00eb dor\u00ebzuar formular\u00ebt e vetdeklarimit, duke shprehur k\u00ebshtu vullnetin p\u00ebr pranimin e mandatit.<\/p>\n<p>Nd\u00ebrkoh\u00eb pjesa m\u00eb e madhe e kandidat\u00ebve p\u00ebr deputet\u00eb, t\u00eb PD-s\u00eb dhe LSI-s\u00eb kan\u00eb pranuar q\u00eb t\u2019i bashkohen vendimit t\u00eb partis\u00eb s\u00eb tyre p\u00ebr djegien e mandateve, duke mos e pranuar mandatin.<\/p>\n<p>K\u00ebshtu Sazan Guri, kandidat n\u00eb listat p\u00ebr deputet n\u00eb Berat, ka refuzuar q\u00eb t\u00eb marr\u00eb mandatin e deputetit. N\u00eb nj\u00eb shkrim n\u00eb rrjetet sociale ambientalisti Sazan Guri ka sqaruar se nuk do t\u00eb futej kurr\u00eb n\u00eb at\u00eb parlament ku sipas tij \u00ebsht\u00eb kthyer n\u00eb nj\u00eb mesele dhe derexhe.<\/p>\n<p><strong>Postimi i Sazan Gurit:<\/strong><\/p>\n<p>Me thone mire ben qe mos te vesh kesaj radhe ne Parlament, per nje rroge fundja, do humbasesh edhe nje pension\u2026\u2026<\/p>\n<p>Degjoni or miq!<\/p>\n<p>Edhe nese kam dashur me pare te vija ne Parlament, po perse per rroge do vija? Apo per te vene ne jete ato qe bej neper leksione, neper libra e neper protesta e kerkesa jo per vete po per ju o Qytetare. Apo per te hyre me biznes te vogel e te dilja me supermarket si te tjeret?<\/p>\n<p>Fjala e pare, kur filloj e jap mesim me studentet eshte se nuk i ngjaj te tjereve. Edhe ne Parlament kete parim do te mbaja, se nuk i ngjaj te tjereve, po kur s\u2019me njeh, edhe mund te thuash ndonje fjale pune rroge, pune pensioni.<\/p>\n<div id=\"attachment_18028\" style=\"width: 813px\" class=\"wp-caption alignnone\"><img data-recalc-dims=\"1\" loading=\"lazy\" decoding=\"async\" aria-describedby=\"caption-attachment-18028\" data-attachment-id=\"18028\" data-permalink=\"https:\/\/www.shqiperia.com\/blog\/sazan-guri-edhe-me-flori-te-ma-shtroni-rrugen-ne-kete-parlament-nuk-futem\/sazan-guri-480x360\/\" data-orig-file=\"https:\/\/i0.wp.com\/www.shqiperia.com\/blog\/wp-content\/uploads\/2019\/03\/Sazan-Guri-480x360.jpg?fit=480%2C360&amp;ssl=1\" data-orig-size=\"480,360\" data-comments-opened=\"1\" data-image-meta=\"{&quot;aperture&quot;:&quot;0&quot;,&quot;credit&quot;:&quot;&quot;,&quot;camera&quot;:&quot;&quot;,&quot;caption&quot;:&quot;&quot;,&quot;created_timestamp&quot;:&quot;0&quot;,&quot;copyright&quot;:&quot;&quot;,&quot;focal_length&quot;:&quot;0&quot;,&quot;iso&quot;:&quot;0&quot;,&quot;shutter_speed&quot;:&quot;0&quot;,&quot;title&quot;:&quot;&quot;,&quot;orientation&quot;:&quot;0&quot;}\" data-image-title=\"Sazan Guri-\" data-image-description=\"\" data-image-caption=\"&lt;p&gt;Sazan Guri-&lt;\/p&gt;\n\" data-medium-file=\"https:\/\/i0.wp.com\/www.shqiperia.com\/blog\/wp-content\/uploads\/2019\/03\/Sazan-Guri-480x360.jpg?fit=300%2C225&amp;ssl=1\" data-large-file=\"https:\/\/i0.wp.com\/www.shqiperia.com\/blog\/wp-content\/uploads\/2019\/03\/Sazan-Guri-480x360.jpg?fit=480%2C360&amp;ssl=1\" class=\" wp-image-18028\" alt=\"\" src=\"https:\/\/i0.wp.com\/www.shqiperia.com\/blog\/wp-content\/uploads\/2019\/03\/Sazan-Guri-480x360-300x225.jpg?resize=803%2C602\" width=\"803\" height=\"602\" srcset=\"https:\/\/i0.wp.com\/www.shqiperia.com\/blog\/wp-content\/uploads\/2019\/03\/Sazan-Guri-480x360.jpg?resize=300%2C225&amp;ssl=1 300w, https:\/\/i0.wp.com\/www.shqiperia.com\/blog\/wp-content\/uploads\/2019\/03\/Sazan-Guri-480x360.jpg?resize=450%2C338&amp;ssl=1 450w, https:\/\/i0.wp.com\/www.shqiperia.com\/blog\/wp-content\/uploads\/2019\/03\/Sazan-Guri-480x360.jpg?resize=400%2C300&amp;ssl=1 400w, https:\/\/i0.wp.com\/www.shqiperia.com\/blog\/wp-content\/uploads\/2019\/03\/Sazan-Guri-480x360.jpg?resize=480%2C360&amp;ssl=1 480w\" sizes=\"auto, (max-width: 803px) 100vw, 803px\" \/><p id=\"caption-attachment-18028\" class=\"wp-caption-text\">Sazan Guri-<\/p><\/div>\n<p>Po sikur te t\u2019ju them, se me flori te ma shtrojne rrugen nga shtepia ne Kuvend, e nuk do vija kurre ne kete mesele apo ne kete parlament derexhe.<\/p>\n","protected":false},"excerpt":{"rendered":"<p>Sazan Guri: Edhe me flori t\u00eb ma shtroni rrug\u00ebn, n\u00eb k\u00ebt\u00eb Parlament nuk futem Pas djegies s\u00eb mandateve parlamentare nga deputet\u00ebt e opozit\u00ebs s\u00eb bashkuar, Komisioni Qendror i Zgjedhjeve ka nisur pun\u00ebn p\u00ebr t\u00eb plot\u00ebsuar vakancat n\u00eb Kuvend, ku ka k\u00ebrkuar nga kandidat\u00ebt q\u00eb kan\u00eb qen\u00eb n\u00eb listat partiake, formularin e vetdeklarimit. Disa nga kandidat\u00ebt [&hellip;]<\/p>\n","protected":false},"author":9,"featured_media":18027,"comment_status":"open","ping_status":"open","sticky":false,"template":"","format":"standard","meta":{"jetpack_post_was_ever_published":false,"_jetpack_newsletter_access":"","_jetpack_dont_email_post_to_subs":false,"_jetpack_newsletter_tier_id":0,"_jetpack_memberships_contains_paywalled_content":false,"_jetpack_memberships_contains_paid_content":false,"footnotes":"","jetpack_publicize_message":"","jetpack_publicize_feature_enabled":true,"jetpack_social_post_already_shared":true,"jetpack_social_options":{"image_generator_settings":{"template":"highway","default_image_id":0,"font":"","enabled":false},"version":2}},"categories":[27,10,35],"tags":[],"class_list":["post-18026","post","type-post","status-publish","format-standard","has-post-thumbnail","hentry","category-blogu-i-udhetarit","category-kultura","category-shoqerore"],"jetpack_publicize_connections":[],"jetpack_featured_media_url":"https:\/\/i0.wp.com\/www.shqiperia.com\/blog\/wp-content\/uploads\/2019\/03\/Sazan-Guri-480x360-Copy.jpg?fit=480%2C259&ssl=1","jetpack_sharing_enabled":true,"jetpack_shortlink":"https:\/\/wp.me\/p5Z6wp-4GK","jetpack-related-posts":[{"id":56836,"url":"https:\/\/www.shqiperia.com\/blog\/pas-eleni-kocaqit-edhe-sazan-guri-kandidat-i-vetshpallur-per-president\/","url_meta":{"origin":18026,"position":0},"title":"Pas Eleni Kocaqit edhe Sazan Guri Kandidat i Vetshpallur per President.","author":"Kurt Farka","date":"April 17, 2022","format":false,"excerpt":"Pas Eleni Kocaqit edhe Sazan Guri Kandidat i Vetshpallur per President. 17 PRILL 2022 \u201cMa kan\u00eb k\u00ebrkuar qytetar\u00ebt. Profesori Sazan Guri ka hedhur kandidatur\u00ebn p\u00ebr t\u2019u b\u00ebr\u00eb President i Shqip\u00ebris\u00eb. Ai thot\u00eb se \u00ebsht\u00eb nxitur p\u00ebr t\u00eb shpallur kandidatur\u00ebn nga nj\u00eb num\u00ebr i madh qytetar\u00ebsh, aktivist\u00ebsh dhe njer\u00ebz t\u00eb mediave,\u2026","rel":"","context":"In &quot;Blogu i Udh\u00ebtarit&quot;","block_context":{"text":"Blogu i Udh\u00ebtarit","link":"https:\/\/www.shqiperia.com\/blog\/category\/blogu-i-udhetarit\/"},"img":{"alt_text":"","src":"https:\/\/i0.wp.com\/www.shqiperia.com\/blog\/wp-content\/uploads\/2022\/04\/Sazan-Guri.jpg?fit=1200%2C630&ssl=1&resize=350%2C200","width":350,"height":200,"srcset":"https:\/\/i0.wp.com\/www.shqiperia.com\/blog\/wp-content\/uploads\/2022\/04\/Sazan-Guri.jpg?fit=1200%2C630&ssl=1&resize=350%2C200 1x, https:\/\/i0.wp.com\/www.shqiperia.com\/blog\/wp-content\/uploads\/2022\/04\/Sazan-Guri.jpg?fit=1200%2C630&ssl=1&resize=525%2C300 1.5x, https:\/\/i0.wp.com\/www.shqiperia.com\/blog\/wp-content\/uploads\/2022\/04\/Sazan-Guri.jpg?fit=1200%2C630&ssl=1&resize=700%2C400 2x, https:\/\/i0.wp.com\/www.shqiperia.com\/blog\/wp-content\/uploads\/2022\/04\/Sazan-Guri.jpg?fit=1200%2C630&ssl=1&resize=1050%2C600 3x"},"classes":[]},{"id":56916,"url":"https:\/\/www.shqiperia.com\/blog\/sazani-guri-vij-nga-familje-bejleresh-qe-ne-bote-quhen-konte-lorde-apo-barone\/","url_meta":{"origin":18026,"position":1},"title":"Sazani Guri: &#8211; Vij nga familje bejler\u00ebsh q\u00eb n\u00eb bot\u00eb quhen Kont\u00eb, Lord\u00eb apo Baron\u00eb","author":"Kurt Farka","date":"April 19, 2022","format":false,"excerpt":"Sazani Guri flet pasi u vetshpall kandidat p\u00ebr President: - Vij nga familje bejler\u00ebsh q\u00eb n\u00eb bot\u00eb quhen Kont\u00eb, Lord\u00eb apo Baron\u00eb 18 PRILL 2022 I vet\u00ebshpallur kandidat p\u00ebr President i Republik\u00ebs, Sazan Guri thot\u00eb se vendimet e tij nuk do t\u00eb burojn\u00eb nga arsyeja apo kultura, por nga ADN-ja\u2026","rel":"","context":"In &quot;Blogu i Udh\u00ebtarit&quot;","block_context":{"text":"Blogu i Udh\u00ebtarit","link":"https:\/\/www.shqiperia.com\/blog\/category\/blogu-i-udhetarit\/"},"img":{"alt_text":"","src":"https:\/\/i0.wp.com\/www.shqiperia.com\/blog\/wp-content\/uploads\/2022\/04\/Sazan-Guri-i-Vetshpallur-Kandidat-per-President.jpg?fit=800%2C380&ssl=1&resize=350%2C200","width":350,"height":200,"srcset":"https:\/\/i0.wp.com\/www.shqiperia.com\/blog\/wp-content\/uploads\/2022\/04\/Sazan-Guri-i-Vetshpallur-Kandidat-per-President.jpg?fit=800%2C380&ssl=1&resize=350%2C200 1x, https:\/\/i0.wp.com\/www.shqiperia.com\/blog\/wp-content\/uploads\/2022\/04\/Sazan-Guri-i-Vetshpallur-Kandidat-per-President.jpg?fit=800%2C380&ssl=1&resize=525%2C300 1.5x, https:\/\/i0.wp.com\/www.shqiperia.com\/blog\/wp-content\/uploads\/2022\/04\/Sazan-Guri-i-Vetshpallur-Kandidat-per-President.jpg?fit=800%2C380&ssl=1&resize=700%2C400 2x"},"classes":[]},{"id":30648,"url":"https:\/\/www.shqiperia.com\/blog\/sazan-guri-ben-paralajmerimin-e-frikshem-ju-tregoj-projektin-qe-po-pergatitet-per-te-zhdukur-kete-vend\/","url_meta":{"origin":18026,"position":2},"title":"Sazan Guri b\u00ebn paralajm\u00ebrimin e friksh\u00ebm: Ju tregoj projektin q\u00eb po p\u00ebrgatitet p\u00ebr t\u00eb zhdukur k\u00ebt\u00eb vend","author":"Kurt Farka","date":"January 24, 2020","format":false,"excerpt":"Sazan Guri b\u00ebn paralajm\u00ebrimin e friksh\u00ebm: Ju tregoj projektin q\u00eb po p\u00ebrgatitet p\u00ebr t\u00eb zhdukur k\u00ebt\u00eb vend 23 JANAR 2020 Ambjentalisti, Sazan Guri, thot\u00eb se minishengeni \u00ebsht\u00eb projekti i 37 p\u00ebr zhdukjen e kombit dhe popullit shqiptar. \u201cJan\u00eb 36 projekte p\u00ebr t\u00eb zhdukur k\u00ebt\u00eb shtet, k\u00ebt\u00eb vend, k\u00ebt\u00eb komb. Nga\u2026","rel":"","context":"In &quot;Blogu i Udh\u00ebtarit&quot;","block_context":{"text":"Blogu i Udh\u00ebtarit","link":"https:\/\/www.shqiperia.com\/blog\/category\/blogu-i-udhetarit\/"},"img":{"alt_text":"","src":"https:\/\/i0.wp.com\/www.shqiperia.com\/blog\/wp-content\/uploads\/2020\/01\/Sazan-Guri.jpg?fit=800%2C445&ssl=1&resize=350%2C200","width":350,"height":200,"srcset":"https:\/\/i0.wp.com\/www.shqiperia.com\/blog\/wp-content\/uploads\/2020\/01\/Sazan-Guri.jpg?fit=800%2C445&ssl=1&resize=350%2C200 1x, https:\/\/i0.wp.com\/www.shqiperia.com\/blog\/wp-content\/uploads\/2020\/01\/Sazan-Guri.jpg?fit=800%2C445&ssl=1&resize=525%2C300 1.5x, https:\/\/i0.wp.com\/www.shqiperia.com\/blog\/wp-content\/uploads\/2020\/01\/Sazan-Guri.jpg?fit=800%2C445&ssl=1&resize=700%2C400 2x"},"classes":[]},{"id":74882,"url":"https:\/\/www.shqiperia.com\/blog\/sazan-guri-tregon-zbulimin-e-fundit-adolf-hitleri-urdheroi-qe-pyjet-e-ahut-ne-puke-te-mos-priten-kurre\/","url_meta":{"origin":18026,"position":3},"title":"Sazan Guri tregon &#8220;zbulimin&#8221; e fundit: &#8211; Adolf Hitleri urdh\u00ebroi q\u00eb pyjet e ahut n\u00eb Puk\u00eb t\u00eb mos priten kurr\u00eb.","author":"Kurt Farka","date":"October 19, 2023","format":false,"excerpt":"19 Tetor 2023 Kandidati i vetshpallur per President i Republik\u00ebs Ambientalisti Sazan Guri ka treguar disa nga zbulimet e tij t\u00eb fundit. N\u00eb rrjetet e tij sociale ai shkruan se Adolf Hitleri urdh\u00ebroi q\u00eb pyjet e ahut n\u00eb Puk\u00eb t\u00eb mos priten kurr\u00eb nga ushtar\u00ebt gjerman\u00eb. Nd\u00ebr t\u00eb tjera edhe\u2026","rel":"","context":"In &quot;Blogu i Udh\u00ebtarit&quot;","block_context":{"text":"Blogu i Udh\u00ebtarit","link":"https:\/\/www.shqiperia.com\/blog\/category\/blogu-i-udhetarit\/"},"img":{"alt_text":"","src":"https:\/\/i0.wp.com\/www.shqiperia.com\/blog\/wp-content\/uploads\/2023\/10\/800-0-s-1.jpg?fit=800%2C476&ssl=1&resize=350%2C200","width":350,"height":200,"srcset":"https:\/\/i0.wp.com\/www.shqiperia.com\/blog\/wp-content\/uploads\/2023\/10\/800-0-s-1.jpg?fit=800%2C476&ssl=1&resize=350%2C200 1x, https:\/\/i0.wp.com\/www.shqiperia.com\/blog\/wp-content\/uploads\/2023\/10\/800-0-s-1.jpg?fit=800%2C476&ssl=1&resize=525%2C300 1.5x, https:\/\/i0.wp.com\/www.shqiperia.com\/blog\/wp-content\/uploads\/2023\/10\/800-0-s-1.jpg?fit=800%2C476&ssl=1&resize=700%2C400 2x"},"classes":[]},{"id":78554,"url":"https:\/\/www.shqiperia.com\/blog\/lajm-arkiv-sazan-guri-zbulon-origjinen-shqiptare-te-jezu-krishtit\/","url_meta":{"origin":18026,"position":4},"title":"Lajm Arkiv: &#8211; Sazan Guri zbulon origjin\u00ebn shqiptare t\u00eb Jezu Krishtit:","author":"Kurt Farka","date":"February 23, 2024","format":false,"excerpt":"05.05.2022 Nga Gazeta Fjala. Kandidati i vet\u00ebshpallur p\u00ebr president, Sazan Guri, i cili \u00ebsht\u00eb gjithashtu studiues, ka habitur jo pak me hipotez\u00ebn e tij t\u00eb fundit, pasi ka nxjerr\u00eb Jezu Krishtin me origjin\u00eb nga Shqip\u00ebria. Me nj\u00eb piktur\u00eb t\u00eb postuar n\u00eb Facebook, Guri pretendon se Krishti para ngjitjes n\u00eb qiell\u2026","rel":"","context":"In &quot;Blogu i Udh\u00ebtarit&quot;","block_context":{"text":"Blogu i Udh\u00ebtarit","link":"https:\/\/www.shqiperia.com\/blog\/category\/blogu-i-udhetarit\/"},"img":{"alt_text":"","src":"https:\/\/i0.wp.com\/www.shqiperia.com\/blog\/wp-content\/uploads\/2024\/02\/800-0-6272e77f46e51.jpg?fit=800%2C430&ssl=1&resize=350%2C200","width":350,"height":200,"srcset":"https:\/\/i0.wp.com\/www.shqiperia.com\/blog\/wp-content\/uploads\/2024\/02\/800-0-6272e77f46e51.jpg?fit=800%2C430&ssl=1&resize=350%2C200 1x, https:\/\/i0.wp.com\/www.shqiperia.com\/blog\/wp-content\/uploads\/2024\/02\/800-0-6272e77f46e51.jpg?fit=800%2C430&ssl=1&resize=525%2C300 1.5x, https:\/\/i0.wp.com\/www.shqiperia.com\/blog\/wp-content\/uploads\/2024\/02\/800-0-6272e77f46e51.jpg?fit=800%2C430&ssl=1&resize=700%2C400 2x"},"classes":[]},{"id":79802,"url":"https:\/\/www.shqiperia.com\/blog\/sazan-guri-shpjegon-teorine-e-cuditshme-per-shqiptaret\/","url_meta":{"origin":18026,"position":5},"title":"Sazan Guri shpjegon teorin\u00eb e \u00e7uditshme p\u00ebr shqiptar\u00ebt","author":"Kurt Farka","date":"April 1, 2024","format":false,"excerpt":"1 Prill 2024 Mes shum\u00eb \u00e7\u00ebshtjesh t\u00eb tjera, gjeologu b\u00ebri nj\u00eb konstatim t\u00eb \u00e7uditsh\u00ebm p\u00ebr shqiptar\u00ebt dhe natyr\u00ebn ton\u00eb. Sipas Gurit, q\u00eb n\u00eb 1914-\u00ebn, nj\u00eb miz\u00eb cece ka pickuar dhe paralizuar trurin e shqiptar\u00ebve, dhe kjo \u00ebsht\u00eb arsyeja pse jemi k\u00ebta q\u00eb jemi sot. Sipas gjeologut, shqiptar\u00ebt nga at\u00ebher\u00eb, nuk\u2026","rel":"","context":"In &quot;Blogu i Udh\u00ebtarit&quot;","block_context":{"text":"Blogu i Udh\u00ebtarit","link":"https:\/\/www.shqiperia.com\/blog\/category\/blogu-i-udhetarit\/"},"img":{"alt_text":"","src":"https:\/\/i0.wp.com\/www.shqiperia.com\/blog\/wp-content\/uploads\/2024\/04\/sazan-guri.jpg?fit=905%2C395&ssl=1&resize=350%2C200","width":350,"height":200,"srcset":"https:\/\/i0.wp.com\/www.shqiperia.com\/blog\/wp-content\/uploads\/2024\/04\/sazan-guri.jpg?fit=905%2C395&ssl=1&resize=350%2C200 1x, https:\/\/i0.wp.com\/www.shqiperia.com\/blog\/wp-content\/uploads\/2024\/04\/sazan-guri.jpg?fit=905%2C395&ssl=1&resize=525%2C300 1.5x, https:\/\/i0.wp.com\/www.shqiperia.com\/blog\/wp-content\/uploads\/2024\/04\/sazan-guri.jpg?fit=905%2C395&ssl=1&resize=700%2C400 2x"},"classes":[]}],"_links":{"self":[{"href":"https:\/\/www.shqiperia.com\/blog\/wp-json\/wp\/v2\/posts\/18026","targetHints":{"allow":["GET"]}}],"collection":[{"href":"https:\/\/www.shqiperia.com\/blog\/wp-json\/wp\/v2\/posts"}],"about":[{"href":"https:\/\/www.shqiperia.com\/blog\/wp-json\/wp\/v2\/types\/post"}],"author":[{"embeddable":true,"href":"https:\/\/www.shqiperia.com\/blog\/wp-json\/wp\/v2\/users\/9"}],"replies":[{"embeddable":true,"href":"https:\/\/www.shqiperia.com\/blog\/wp-json\/wp\/v2\/comments?post=18026"}],"version-history":[{"count":1,"href":"https:\/\/www.shqiperia.com\/blog\/wp-json\/wp\/v2\/posts\/18026\/revisions"}],"predecessor-version":[{"id":18029,"href":"https:\/\/www.shqiperia.com\/blog\/wp-json\/wp\/v2\/posts\/18026\/revisions\/18029"}],"wp:featuredmedia":[{"embeddable":true,"href":"https:\/\/www.shqiperia.com\/blog\/wp-json\/wp\/v2\/media\/18027"}],"wp:attachment":[{"href":"https:\/\/www.shqiperia.com\/blog\/wp-json\/wp\/v2\/media?parent=18026"}],"wp:term":[{"taxonomy":"category","embeddable":true,"href":"https:\/\/www.shqiperia.com\/blog\/wp-json\/wp\/v2\/categories?post=18026"},{"taxonomy":"post_tag","embeddable":true,"href":"https:\/\/www.shqiperia.com\/blog\/wp-json\/wp\/v2\/tags?post=18026"}],"curies":[{"name":"wp","href":"https:\/\/api.w.org\/{rel}","templated":true}]}}