{"id":18022,"date":"2019-03-03T16:47:03","date_gmt":"2019-03-03T16:47:03","guid":{"rendered":"http:\/\/www.shqiperia.com\/blog\/?p=18022"},"modified":"2019-03-03T16:47:03","modified_gmt":"2019-03-03T16:47:03","slug":"emocionohet-i-lexuari-ngaterron-naimin","status":"publish","type":"post","link":"https:\/\/www.shqiperia.com\/blog\/emocionohet-i-lexuari-ngaterron-naimin\/","title":{"rendered":"Emocionohet \u201ci lexuari\u201d, ngat\u00ebrron Naimin. &#8211;"},"content":{"rendered":"<p><img data-recalc-dims=\"1\" loading=\"lazy\" decoding=\"async\" data-attachment-id=\"18023\" data-permalink=\"https:\/\/www.shqiperia.com\/blog\/emocionohet-i-lexuari-ngaterron-naimin\/naimi-905x395\/\" data-orig-file=\"https:\/\/i0.wp.com\/www.shqiperia.com\/blog\/wp-content\/uploads\/2019\/03\/naimi-905x395.jpg?fit=819%2C395&amp;ssl=1\" data-orig-size=\"819,395\" data-comments-opened=\"1\" data-image-meta=\"{&quot;aperture&quot;:&quot;0&quot;,&quot;credit&quot;:&quot;&quot;,&quot;camera&quot;:&quot;&quot;,&quot;caption&quot;:&quot;&quot;,&quot;created_timestamp&quot;:&quot;0&quot;,&quot;copyright&quot;:&quot;&quot;,&quot;focal_length&quot;:&quot;0&quot;,&quot;iso&quot;:&quot;0&quot;,&quot;shutter_speed&quot;:&quot;0&quot;,&quot;title&quot;:&quot;&quot;,&quot;orientation&quot;:&quot;0&quot;}\" data-image-title=\"naimi-905&#215;395\" data-image-description=\"\" data-image-caption=\"\" data-medium-file=\"https:\/\/i0.wp.com\/www.shqiperia.com\/blog\/wp-content\/uploads\/2019\/03\/naimi-905x395.jpg?fit=300%2C145&amp;ssl=1\" data-large-file=\"https:\/\/i0.wp.com\/www.shqiperia.com\/blog\/wp-content\/uploads\/2019\/03\/naimi-905x395.jpg?fit=819%2C395&amp;ssl=1\" class=\"alignnone  wp-image-18023\" alt=\"\" src=\"https:\/\/i0.wp.com\/www.shqiperia.com\/blog\/wp-content\/uploads\/2019\/03\/naimi-905x395-300x145.jpg?resize=505%2C244\" width=\"505\" height=\"244\" srcset=\"https:\/\/i0.wp.com\/www.shqiperia.com\/blog\/wp-content\/uploads\/2019\/03\/naimi-905x395.jpg?resize=300%2C145&amp;ssl=1 300w, https:\/\/i0.wp.com\/www.shqiperia.com\/blog\/wp-content\/uploads\/2019\/03\/naimi-905x395.jpg?resize=768%2C370&amp;ssl=1 768w, https:\/\/i0.wp.com\/www.shqiperia.com\/blog\/wp-content\/uploads\/2019\/03\/naimi-905x395.jpg?resize=450%2C217&amp;ssl=1 450w, https:\/\/i0.wp.com\/www.shqiperia.com\/blog\/wp-content\/uploads\/2019\/03\/naimi-905x395.jpg?resize=600%2C289&amp;ssl=1 600w, https:\/\/i0.wp.com\/www.shqiperia.com\/blog\/wp-content\/uploads\/2019\/03\/naimi-905x395.jpg?resize=400%2C193&amp;ssl=1 400w, https:\/\/i0.wp.com\/www.shqiperia.com\/blog\/wp-content\/uploads\/2019\/03\/naimi-905x395.jpg?w=819&amp;ssl=1 819w\" sizes=\"auto, (max-width: 505px) 100vw, 505px\" \/><\/p>\n<p><strong>Emocionohet \u201ci lexuari\u201d, ngat\u00ebrron Naimin. &#8211;<\/strong><\/p>\n<p>K\u00ebt\u00eb fundjav\u00eb u zhvillua n\u00eb Tiran\u00eb Samiti i II i Diaspor\u00ebs, ku ishin ftuar shqiptar\u00eb t\u00eb njohur q\u00eb jetojn\u00eb jasht\u00eb.<\/p>\n<p>Disa prej tyre e refuzuan ftes\u00ebn p\u00ebr shkak t\u00eb kritikave mbi shpenzimet p\u00ebr k\u00ebt\u00eb samit.<\/p>\n<p>Nd\u00ebr personat q\u00eb fol\u00ebn dhe dhan\u00eb trofe p\u00ebr t\u00eb ftuarit ishte edhe ministri \u2013 zv.minist\u00ebr Gent Cakaj.<\/p>\n<p>I mbrojtur nga kryeministri \u2013 minist\u00ebr, si djal\u00eb shum\u00eb i lexuar, Cakaj nuk e shfaqi dot k\u00ebt\u00eb an\u00eb t\u00eb tij teksa u ngat\u00ebrrua n\u00eb p\u00ebrpjekje p\u00ebr t\u00eb recituar disa vargje t\u00eb e poem\u00ebs \u2018Bag\u00ebti e Bujq\u00ebsi\u2019 t\u00eb Naim Frash\u00ebrit.<\/p>\n<p>\u201cAtje lind dielli i g\u00ebzuar, dhe ha\u2026 atje dielli \u00ebsht\u00eb i g\u00ebzuar\u2026 Atje di\u2026 atje dielli \u00ebsht\u00eb lind i g\u00ebzuar dhe h\u00ebna e buz\u00ebqeshur\u2026 (Duartrokitje n\u00eb sall\u00eb p\u00ebr t\u2019i larguar emocionet) T\u00eb lutem! Fat i madh e mir\u00ebsi, at\u00eb vend e ka mbuluar. Atje nata \u00ebsht\u00eb nj\u00eb tjet\u00ebr nat\u00eb dhe dita \u00ebsht\u00eb nj\u00eb tjet\u00ebr dit\u00eb\u201d, u shpreh Cakaj.<\/p>\n<p>Vargjet e sakta t\u00eb poem\u00ebs s\u00eb Naimit jan\u00eb:<\/p>\n<p>\u201cAtje lint diell\u2019 i qeshur edhe h\u00ebna e g\u00ebzuar \/ Fat\u2019 i bardh\u2019 e mir\u00ebsija n\u00eb at\u00eb v\u00ebnt jan\u00eb mbluar \/ Nata atje\u2019 sht\u00eb tjatr\u00eb nat\u00eb edhe dita tjat\u00ebr dit\u00eb &#8230;.<\/p>\n<p><img data-recalc-dims=\"1\" loading=\"lazy\" decoding=\"async\" data-attachment-id=\"18023\" data-permalink=\"https:\/\/www.shqiperia.com\/blog\/emocionohet-i-lexuari-ngaterron-naimin\/naimi-905x395\/\" data-orig-file=\"https:\/\/i0.wp.com\/www.shqiperia.com\/blog\/wp-content\/uploads\/2019\/03\/naimi-905x395.jpg?fit=819%2C395&amp;ssl=1\" data-orig-size=\"819,395\" data-comments-opened=\"1\" data-image-meta=\"{&quot;aperture&quot;:&quot;0&quot;,&quot;credit&quot;:&quot;&quot;,&quot;camera&quot;:&quot;&quot;,&quot;caption&quot;:&quot;&quot;,&quot;created_timestamp&quot;:&quot;0&quot;,&quot;copyright&quot;:&quot;&quot;,&quot;focal_length&quot;:&quot;0&quot;,&quot;iso&quot;:&quot;0&quot;,&quot;shutter_speed&quot;:&quot;0&quot;,&quot;title&quot;:&quot;&quot;,&quot;orientation&quot;:&quot;0&quot;}\" data-image-title=\"naimi-905&#215;395\" data-image-description=\"\" data-image-caption=\"\" data-medium-file=\"https:\/\/i0.wp.com\/www.shqiperia.com\/blog\/wp-content\/uploads\/2019\/03\/naimi-905x395.jpg?fit=300%2C145&amp;ssl=1\" data-large-file=\"https:\/\/i0.wp.com\/www.shqiperia.com\/blog\/wp-content\/uploads\/2019\/03\/naimi-905x395.jpg?fit=819%2C395&amp;ssl=1\" class=\"alignnone  wp-image-18023\" alt=\"\" src=\"https:\/\/i0.wp.com\/www.shqiperia.com\/blog\/wp-content\/uploads\/2019\/03\/naimi-905x395-300x145.jpg?resize=782%2C378\" width=\"782\" height=\"378\" srcset=\"https:\/\/i0.wp.com\/www.shqiperia.com\/blog\/wp-content\/uploads\/2019\/03\/naimi-905x395.jpg?resize=300%2C145&amp;ssl=1 300w, https:\/\/i0.wp.com\/www.shqiperia.com\/blog\/wp-content\/uploads\/2019\/03\/naimi-905x395.jpg?resize=768%2C370&amp;ssl=1 768w, https:\/\/i0.wp.com\/www.shqiperia.com\/blog\/wp-content\/uploads\/2019\/03\/naimi-905x395.jpg?resize=450%2C217&amp;ssl=1 450w, https:\/\/i0.wp.com\/www.shqiperia.com\/blog\/wp-content\/uploads\/2019\/03\/naimi-905x395.jpg?resize=600%2C289&amp;ssl=1 600w, https:\/\/i0.wp.com\/www.shqiperia.com\/blog\/wp-content\/uploads\/2019\/03\/naimi-905x395.jpg?resize=400%2C193&amp;ssl=1 400w, https:\/\/i0.wp.com\/www.shqiperia.com\/blog\/wp-content\/uploads\/2019\/03\/naimi-905x395.jpg?w=819&amp;ssl=1 819w\" sizes=\"auto, (max-width: 782px) 100vw, 782px\" \/><\/p>\n","protected":false},"excerpt":{"rendered":"<p>Emocionohet \u201ci lexuari\u201d, ngat\u00ebrron Naimin. &#8211; K\u00ebt\u00eb fundjav\u00eb u zhvillua n\u00eb Tiran\u00eb Samiti i II i Diaspor\u00ebs, ku ishin ftuar shqiptar\u00eb t\u00eb njohur q\u00eb jetojn\u00eb jasht\u00eb. Disa prej tyre e refuzuan ftes\u00ebn p\u00ebr shkak t\u00eb kritikave mbi shpenzimet p\u00ebr k\u00ebt\u00eb samit. Nd\u00ebr personat q\u00eb fol\u00ebn dhe dhan\u00eb trofe p\u00ebr t\u00eb ftuarit ishte edhe ministri \u2013 [&hellip;]<\/p>\n","protected":false},"author":9,"featured_media":18023,"comment_status":"open","ping_status":"open","sticky":false,"template":"","format":"standard","meta":{"jetpack_post_was_ever_published":false,"_jetpack_newsletter_access":"","_jetpack_dont_email_post_to_subs":false,"_jetpack_newsletter_tier_id":0,"_jetpack_memberships_contains_paywalled_content":false,"_jetpack_memberships_contains_paid_content":false,"footnotes":"","jetpack_publicize_message":"","jetpack_publicize_feature_enabled":true,"jetpack_social_post_already_shared":true,"jetpack_social_options":{"image_generator_settings":{"template":"highway","default_image_id":0,"font":"","enabled":false},"version":2}},"categories":[27,10,35],"tags":[],"class_list":["post-18022","post","type-post","status-publish","format-standard","has-post-thumbnail","hentry","category-blogu-i-udhetarit","category-kultura","category-shoqerore"],"jetpack_publicize_connections":[],"jetpack_featured_media_url":"https:\/\/i0.wp.com\/www.shqiperia.com\/blog\/wp-content\/uploads\/2019\/03\/naimi-905x395.jpg?fit=819%2C395&ssl=1","jetpack_sharing_enabled":true,"jetpack_shortlink":"https:\/\/wp.me\/p5Z6wp-4GG","jetpack-related-posts":[{"id":90613,"url":"https:\/\/www.shqiperia.com\/blog\/rama-na-duhet-nje-mandat-i-forte-te-mos-na-dale-kush-perpara-me\/","url_meta":{"origin":18022,"position":0},"title":"Rama: &#8211; Na duhet nj\u00eb mandat i fort\u00eb t\u00eb mos na dal\u00eb kush p\u00ebrpara m\u00eb!","author":"Kurt Farka","date":"March 20, 2025","format":false,"excerpt":"20 Mars 2025 Kryeministri Edi Rama, nj\u00ebher\u00ebsh kryetar i Partis\u00eb Socialiste, n\u00eb nj\u00eb komunikim t\u00eb drejtp\u00ebrdrejt\u00eb n\u00eb rrjetet sociale p\u00ebrmes rubrik\u00ebs \u201cSy m\u2019sy\u201d, u ndal te puna q\u00eb po b\u00ebjn\u00eb strukturat e PS-s\u00eb n\u00eb terren duke qen\u00eb pran\u00eb problemeve t\u00eb komunitetit. Duke iu p\u00ebrgjigjur nj\u00eb komentuesi, sipas s\u00eb cilit Partia\u2026","rel":"","context":"In &quot;Blogu i Udh\u00ebtarit&quot;","block_context":{"text":"Blogu i Udh\u00ebtarit","link":"https:\/\/www.shqiperia.com\/blog\/category\/blogu-i-udhetarit\/"},"img":{"alt_text":"","src":"https:\/\/i0.wp.com\/www.shqiperia.com\/blog\/wp-content\/uploads\/2025\/03\/1-Bujar-Kapexhiu-15.webp?fit=640%2C368&ssl=1&resize=350%2C200","width":350,"height":200,"srcset":"https:\/\/i0.wp.com\/www.shqiperia.com\/blog\/wp-content\/uploads\/2025\/03\/1-Bujar-Kapexhiu-15.webp?fit=640%2C368&ssl=1&resize=350%2C200 1x, https:\/\/i0.wp.com\/www.shqiperia.com\/blog\/wp-content\/uploads\/2025\/03\/1-Bujar-Kapexhiu-15.webp?fit=640%2C368&ssl=1&resize=525%2C300 1.5x"},"classes":[]},{"id":95498,"url":"https:\/\/www.shqiperia.com\/blog\/kafka-e-pazakonte-ne-forme-kubi-ne-meksike-i-habit-dhe-i-ngaterron-arkeologet\/","url_meta":{"origin":18022,"position":1},"title":"Kafka e pazakont\u00eb n\u00eb form\u00eb kubi n\u00eb Meksik\u00eb i habit dhe i ngat\u00ebrron arkeolog\u00ebt","author":"Kurt Farka","date":"December 10, 2025","format":false,"excerpt":"10 Dhjetor 2025 Arkeolog\u00ebt q\u00eb po eksplorojn\u00eb nj\u00eb vend mesoamerikan n\u00eb Meksik\u00eb kan\u00eb zbuluar nj\u00eb kafk\u00eb njer\u00ebzore t\u00eb pazakont\u00eb n\u00eb form\u00eb kubi. Kjo \u00ebsht\u00eb prova e par\u00eb q\u00eb njer\u00ebzit n\u00eb zon\u00eb praktikonin nj\u00eb praktik\u00eb unike t\u00eb form\u00ebsimit t\u00eb kok\u00ebs, t\u00eb njohur shkenc\u00ebrisht si modifikim i kafk\u00ebs, rreth 1.400 vjet m\u00eb\u2026","rel":"","context":"In &quot;Blogu i Udh\u00ebtarit&quot;","block_context":{"text":"Blogu i Udh\u00ebtarit","link":"https:\/\/www.shqiperia.com\/blog\/category\/blogu-i-udhetarit\/"},"img":{"alt_text":"","src":"https:\/\/i0.wp.com\/www.shqiperia.com\/blog\/wp-content\/uploads\/2025\/12\/auto_Screenshot_261765290916-1.jpg?fit=804%2C501&ssl=1&resize=350%2C200","width":350,"height":200,"srcset":"https:\/\/i0.wp.com\/www.shqiperia.com\/blog\/wp-content\/uploads\/2025\/12\/auto_Screenshot_261765290916-1.jpg?fit=804%2C501&ssl=1&resize=350%2C200 1x, https:\/\/i0.wp.com\/www.shqiperia.com\/blog\/wp-content\/uploads\/2025\/12\/auto_Screenshot_261765290916-1.jpg?fit=804%2C501&ssl=1&resize=525%2C300 1.5x, https:\/\/i0.wp.com\/www.shqiperia.com\/blog\/wp-content\/uploads\/2025\/12\/auto_Screenshot_261765290916-1.jpg?fit=804%2C501&ssl=1&resize=700%2C400 2x"},"classes":[]},{"id":87909,"url":"https:\/\/www.shqiperia.com\/blog\/dielli-yne-mund-te-kete-pasur-dikur-nje-binjak-cfare-ndodhi-me-kete-vella-yjor\/","url_meta":{"origin":18022,"position":2},"title":"Dielli yn\u00eb mund t\u00eb ket\u00eb pasur dikur nj\u00eb binjak. &#8211; \u00c7far\u00eb ndodhi me k\u00ebt\u00eb v\u00eblla yjor?","author":"Kurt Farka","date":"December 30, 2024","format":false,"excerpt":"30 Dhjetor 2024 Shum\u00eb yje n\u00eb galaktik\u00ebn ton\u00eb ekzistojn\u00eb n\u00eb \u00e7ifte, por Dielli yn\u00eb \u00ebsht\u00eb nj\u00eb p\u00ebrjashtim i duksh\u00ebm. Tani shkenc\u00ebtar\u00ebt po gjejn\u00eb t\u00eb dh\u00ebna, se dikur mund t\u00eb ket\u00eb pasur nj\u00eb shoq\u00ebrues t\u00eb vetin. Pyetja \u00ebsht\u00eb, ku shkoi? Dielli yn\u00eb \u00ebsht\u00eb paksa nj\u00eb nomad i izoluar. Duke orbituar n\u00eb\u2026","rel":"","context":"In &quot;Blogu i Udh\u00ebtarit&quot;","block_context":{"text":"Blogu i Udh\u00ebtarit","link":"https:\/\/www.shqiperia.com\/blog\/category\/blogu-i-udhetarit\/"},"img":{"alt_text":"","src":"https:\/\/i0.wp.com\/www.shqiperia.com\/blog\/wp-content\/uploads\/2024\/12\/auto_YLLI1735216478.webp?fit=1024%2C576&ssl=1&resize=350%2C200","width":350,"height":200,"srcset":"https:\/\/i0.wp.com\/www.shqiperia.com\/blog\/wp-content\/uploads\/2024\/12\/auto_YLLI1735216478.webp?fit=1024%2C576&ssl=1&resize=350%2C200 1x, https:\/\/i0.wp.com\/www.shqiperia.com\/blog\/wp-content\/uploads\/2024\/12\/auto_YLLI1735216478.webp?fit=1024%2C576&ssl=1&resize=525%2C300 1.5x, https:\/\/i0.wp.com\/www.shqiperia.com\/blog\/wp-content\/uploads\/2024\/12\/auto_YLLI1735216478.webp?fit=1024%2C576&ssl=1&resize=700%2C400 2x"},"classes":[]},{"id":34932,"url":"https:\/\/www.shqiperia.com\/blog\/zbulimi-trondites-fusha-magnetike-e-tokes-po-dobesohet\/","url_meta":{"origin":18022,"position":3},"title":"Zbulimi trondit\u00ebs\/ Fusha magnetike e Tok\u00ebs po dob\u00ebsohet","author":"Kurt Farka","date":"May 23, 2020","format":false,"excerpt":"Zbulimi trondit\u00ebs\/ Fusha magnetike e Tok\u00ebs po dob\u00ebsohet. 22 Maj 2020. Shkenc\u00ebtar\u00ebt kan\u00eb b\u00ebr\u00eb nj\u00eb zbulim trondit\u00ebs \u2013 fusha magnetike e Tok\u00ebs po dob\u00ebsohet. Ajo \u00ebsht\u00eb jetike p\u00ebr jet\u00ebn n\u00eb planetin ton\u00eb, sepse na mbron nga rrezatimi kozmik dhe grimcat e ngarkuara q\u00eb l\u00ebshon dielli. Ekspert\u00ebt kan\u00eb zbuluar mes Afrik\u00ebs\u2026","rel":"","context":"In &quot;Blogu i Udh\u00ebtarit&quot;","block_context":{"text":"Blogu i Udh\u00ebtarit","link":"https:\/\/www.shqiperia.com\/blog\/category\/blogu-i-udhetarit\/"},"img":{"alt_text":"","src":"https:\/\/i0.wp.com\/www.shqiperia.com\/blog\/wp-content\/uploads\/2020\/05\/anomalia-e-tokes-studimi.jpg?fit=748%2C408&ssl=1&resize=350%2C200","width":350,"height":200,"srcset":"https:\/\/i0.wp.com\/www.shqiperia.com\/blog\/wp-content\/uploads\/2020\/05\/anomalia-e-tokes-studimi.jpg?fit=748%2C408&ssl=1&resize=350%2C200 1x, https:\/\/i0.wp.com\/www.shqiperia.com\/blog\/wp-content\/uploads\/2020\/05\/anomalia-e-tokes-studimi.jpg?fit=748%2C408&ssl=1&resize=525%2C300 1.5x, https:\/\/i0.wp.com\/www.shqiperia.com\/blog\/wp-content\/uploads\/2020\/05\/anomalia-e-tokes-studimi.jpg?fit=748%2C408&ssl=1&resize=700%2C400 2x"},"classes":[]},{"id":70874,"url":"https:\/\/www.shqiperia.com\/blog\/ne-akademine-bullgare-te-shkencave-u-prezantua-nje-roman-shqip-per-fatin-e-gores-dhe-goraneve\/","url_meta":{"origin":18022,"position":4},"title":"N\u00eb Akademin\u00eb Bullgare t\u00eb Shkencave u prezantua nj\u00eb roman shqip p\u00ebr fatin e Gor\u00ebs dhe goran\u00ebve","author":"Kurt Farka","date":"April 18, 2023","format":false,"excerpt":"18 Prill 2023 Autori i librit Namik Dokle \u00ebsht\u00eb nj\u00eb personazh publik dhe politikan shqiptar me origjin\u00eb bullgare. Libri i shkrimtarit Namik Dokle \u201cAtje ku dielli lind dy her\u00eb\u201d u prezantua n\u00eb Akademin\u00eb Bullgare t\u00eb Shkencave (BAN). Veprimtaria \u00ebsht\u00eb iniciativ\u00eb e Institutit t\u00eb Gjuh\u00ebs Bullgare pran\u00eb Akademis\u00eb Bullgare t\u00eb Shkencave,\u2026","rel":"","context":"In &quot;Blogu i Udh\u00ebtarit&quot;","block_context":{"text":"Blogu i Udh\u00ebtarit","link":"https:\/\/www.shqiperia.com\/blog\/category\/blogu-i-udhetarit\/"},"img":{"alt_text":"","src":"https:\/\/i0.wp.com\/www.shqiperia.com\/blog\/wp-content\/uploads\/2023\/04\/NamiNamik.jpg?fit=850%2C478&ssl=1&resize=350%2C200","width":350,"height":200,"srcset":"https:\/\/i0.wp.com\/www.shqiperia.com\/blog\/wp-content\/uploads\/2023\/04\/NamiNamik.jpg?fit=850%2C478&ssl=1&resize=350%2C200 1x, https:\/\/i0.wp.com\/www.shqiperia.com\/blog\/wp-content\/uploads\/2023\/04\/NamiNamik.jpg?fit=850%2C478&ssl=1&resize=525%2C300 1.5x, https:\/\/i0.wp.com\/www.shqiperia.com\/blog\/wp-content\/uploads\/2023\/04\/NamiNamik.jpg?fit=850%2C478&ssl=1&resize=700%2C400 2x"},"classes":[]},{"id":3752,"url":"https:\/\/www.shqiperia.com\/blog\/rivaliteti-kadare-agolli\/","url_meta":{"origin":18022,"position":5},"title":"Rivaliteti Kadare-Agolli","author":"Kurt Farka","date":"February 22, 2018","format":false,"excerpt":"Nga Xhevat Lloshi. - Sigurisht q\u00eb ka pasur rivalitet dhe \u00ebsht\u00eb m\u00eb se normale. K\u00ebt\u00eb gj\u00eb ne t\u00eb gjith\u00eb e dinim. Dhe mund t\u00eb thuhet se edhe n\u00eb at\u00eb koh\u00eb ekzistonin pal\u00ebt n\u00eb nj\u00ebr\u00ebn an\u00eb dhe n\u00eb an\u00ebn tjet\u00ebr, edhe nga shkrimtar\u00eb t\u00eb njohur. Problemi \u00ebsht\u00eb si ta trajtojm\u00eb k\u00ebt\u00eb\u2026","rel":"","context":"In &quot;Blogu i Udh\u00ebtarit&quot;","block_context":{"text":"Blogu i Udh\u00ebtarit","link":"https:\/\/www.shqiperia.com\/blog\/category\/blogu-i-udhetarit\/"},"img":{"alt_text":"","src":"https:\/\/i0.wp.com\/www.shqiperia.com\/blog\/wp-content\/uploads\/2018\/02\/dritero-17-235x300-235x300.jpg?resize=350%2C200","width":350,"height":200},"classes":[]}],"_links":{"self":[{"href":"https:\/\/www.shqiperia.com\/blog\/wp-json\/wp\/v2\/posts\/18022","targetHints":{"allow":["GET"]}}],"collection":[{"href":"https:\/\/www.shqiperia.com\/blog\/wp-json\/wp\/v2\/posts"}],"about":[{"href":"https:\/\/www.shqiperia.com\/blog\/wp-json\/wp\/v2\/types\/post"}],"author":[{"embeddable":true,"href":"https:\/\/www.shqiperia.com\/blog\/wp-json\/wp\/v2\/users\/9"}],"replies":[{"embeddable":true,"href":"https:\/\/www.shqiperia.com\/blog\/wp-json\/wp\/v2\/comments?post=18022"}],"version-history":[{"count":1,"href":"https:\/\/www.shqiperia.com\/blog\/wp-json\/wp\/v2\/posts\/18022\/revisions"}],"predecessor-version":[{"id":18024,"href":"https:\/\/www.shqiperia.com\/blog\/wp-json\/wp\/v2\/posts\/18022\/revisions\/18024"}],"wp:featuredmedia":[{"embeddable":true,"href":"https:\/\/www.shqiperia.com\/blog\/wp-json\/wp\/v2\/media\/18023"}],"wp:attachment":[{"href":"https:\/\/www.shqiperia.com\/blog\/wp-json\/wp\/v2\/media?parent=18022"}],"wp:term":[{"taxonomy":"category","embeddable":true,"href":"https:\/\/www.shqiperia.com\/blog\/wp-json\/wp\/v2\/categories?post=18022"},{"taxonomy":"post_tag","embeddable":true,"href":"https:\/\/www.shqiperia.com\/blog\/wp-json\/wp\/v2\/tags?post=18022"}],"curies":[{"name":"wp","href":"https:\/\/api.w.org\/{rel}","templated":true}]}}