{"id":18014,"date":"2019-03-03T14:35:28","date_gmt":"2019-03-03T14:35:28","guid":{"rendered":"http:\/\/www.shqiperia.com\/blog\/?p=18014"},"modified":"2019-03-03T14:35:28","modified_gmt":"2019-03-03T14:35:28","slug":"shqipetaret-sot-syte-nga-tuzi","status":"publish","type":"post","link":"https:\/\/www.shqiperia.com\/blog\/shqipetaret-sot-syte-nga-tuzi\/","title":{"rendered":"Shqipetaret sot syt\u00eb nga Tuzi\u2026 .-"},"content":{"rendered":"<p><img data-recalc-dims=\"1\" loading=\"lazy\" decoding=\"async\" data-attachment-id=\"18015\" data-permalink=\"https:\/\/www.shqiperia.com\/blog\/shqipetaret-sot-syte-nga-tuzi\/tuzi-2\/\" data-orig-file=\"https:\/\/i0.wp.com\/www.shqiperia.com\/blog\/wp-content\/uploads\/2019\/03\/Tuzi-2.jpeg?fit=606%2C333&amp;ssl=1\" data-orig-size=\"606,333\" data-comments-opened=\"1\" data-image-meta=\"{&quot;aperture&quot;:&quot;0&quot;,&quot;credit&quot;:&quot;&quot;,&quot;camera&quot;:&quot;&quot;,&quot;caption&quot;:&quot;&quot;,&quot;created_timestamp&quot;:&quot;0&quot;,&quot;copyright&quot;:&quot;&quot;,&quot;focal_length&quot;:&quot;0&quot;,&quot;iso&quot;:&quot;0&quot;,&quot;shutter_speed&quot;:&quot;0&quot;,&quot;title&quot;:&quot;&quot;,&quot;orientation&quot;:&quot;0&quot;}\" data-image-title=\"Tuzi (2)\" data-image-description=\"\" data-image-caption=\"\" data-medium-file=\"https:\/\/i0.wp.com\/www.shqiperia.com\/blog\/wp-content\/uploads\/2019\/03\/Tuzi-2.jpeg?fit=300%2C165&amp;ssl=1\" data-large-file=\"https:\/\/i0.wp.com\/www.shqiperia.com\/blog\/wp-content\/uploads\/2019\/03\/Tuzi-2.jpeg?fit=606%2C333&amp;ssl=1\" class=\"alignnone  wp-image-18015\" alt=\"\" src=\"https:\/\/i0.wp.com\/www.shqiperia.com\/blog\/wp-content\/uploads\/2019\/03\/Tuzi-2-300x165.jpeg?resize=487%2C268\" width=\"487\" height=\"268\" srcset=\"https:\/\/i0.wp.com\/www.shqiperia.com\/blog\/wp-content\/uploads\/2019\/03\/Tuzi-2.jpeg?resize=300%2C165&amp;ssl=1 300w, https:\/\/i0.wp.com\/www.shqiperia.com\/blog\/wp-content\/uploads\/2019\/03\/Tuzi-2.jpeg?resize=450%2C247&amp;ssl=1 450w, https:\/\/i0.wp.com\/www.shqiperia.com\/blog\/wp-content\/uploads\/2019\/03\/Tuzi-2.jpeg?resize=600%2C330&amp;ssl=1 600w, https:\/\/i0.wp.com\/www.shqiperia.com\/blog\/wp-content\/uploads\/2019\/03\/Tuzi-2.jpeg?resize=400%2C220&amp;ssl=1 400w, https:\/\/i0.wp.com\/www.shqiperia.com\/blog\/wp-content\/uploads\/2019\/03\/Tuzi-2.jpeg?w=606&amp;ssl=1 606w\" sizes=\"auto, (max-width: 487px) 100vw, 487px\" \/><\/p>\n<p><strong>Shqipetaret sot syt\u00eb nga Tuzi\u2026 .-<\/strong><\/p>\n<ul>\n<li>03\/03\/19.<\/li>\n<li>Gazeta Mapo.<\/li>\n<\/ul>\n<p>Sot n\u00eb Tuz, n\u00eb tok\u00ebn shqiptare, por brenda kufijve t\u00eb Malit t\u00eb Zi zhvillohen zgjedhjet p\u00ebr k\u00ebshilltar\u00ebt komunal\u00eb. Partit\u00eb shqiptare atje kan\u00eb dal\u00eb s\u00eb bashku n\u00eb zgjedhje dhe pritet t\u00eb marrin shumic\u00ebn e votave.<\/p>\n<p>Jan\u00eb rreth 11.904 persona me t\u00eb drejt\u00eb vote, nd\u00ebrsa jan\u00eb hapur 30 qendra votimi n\u00eb or\u00ebn 07:00 t\u00eb m\u00ebngjesit, t\u00eb cilat mbyllen n\u00eb 20:00. N\u00eb Mal t\u00eb Zi nuk zhvillohen zgjedhjet direkte p\u00ebr kryetarin, por do t\u00eb jen\u00eb k\u00ebshilltar\u00ebt ata q\u00eb do t\u00eb zgjedhin me nj\u00eb shumic\u00eb t\u00eb thjesht\u00eb drejtuesin e institucionit vendor.<\/p>\n<p><span>\u00a0<img data-recalc-dims=\"1\" loading=\"lazy\" decoding=\"async\" data-attachment-id=\"18016\" data-permalink=\"https:\/\/www.shqiperia.com\/blog\/shqipetaret-sot-syte-nga-tuzi\/tuzi\/\" data-orig-file=\"https:\/\/i0.wp.com\/www.shqiperia.com\/blog\/wp-content\/uploads\/2019\/03\/Tuzi.jpeg?fit=606%2C385&amp;ssl=1\" data-orig-size=\"606,385\" data-comments-opened=\"1\" data-image-meta=\"{&quot;aperture&quot;:&quot;0&quot;,&quot;credit&quot;:&quot;&quot;,&quot;camera&quot;:&quot;&quot;,&quot;caption&quot;:&quot;&quot;,&quot;created_timestamp&quot;:&quot;0&quot;,&quot;copyright&quot;:&quot;&quot;,&quot;focal_length&quot;:&quot;0&quot;,&quot;iso&quot;:&quot;0&quot;,&quot;shutter_speed&quot;:&quot;0&quot;,&quot;title&quot;:&quot;&quot;,&quot;orientation&quot;:&quot;0&quot;}\" data-image-title=\"Tuzi\" data-image-description=\"\" data-image-caption=\"\" data-medium-file=\"https:\/\/i0.wp.com\/www.shqiperia.com\/blog\/wp-content\/uploads\/2019\/03\/Tuzi.jpeg?fit=300%2C191&amp;ssl=1\" data-large-file=\"https:\/\/i0.wp.com\/www.shqiperia.com\/blog\/wp-content\/uploads\/2019\/03\/Tuzi.jpeg?fit=606%2C385&amp;ssl=1\" class=\"alignnone  wp-image-18016\" alt=\"\" src=\"https:\/\/i0.wp.com\/www.shqiperia.com\/blog\/wp-content\/uploads\/2019\/03\/Tuzi-300x191.jpeg?resize=795%2C506\" width=\"795\" height=\"506\" srcset=\"https:\/\/i0.wp.com\/www.shqiperia.com\/blog\/wp-content\/uploads\/2019\/03\/Tuzi.jpeg?resize=300%2C191&amp;ssl=1 300w, https:\/\/i0.wp.com\/www.shqiperia.com\/blog\/wp-content\/uploads\/2019\/03\/Tuzi.jpeg?resize=450%2C286&amp;ssl=1 450w, https:\/\/i0.wp.com\/www.shqiperia.com\/blog\/wp-content\/uploads\/2019\/03\/Tuzi.jpeg?resize=600%2C381&amp;ssl=1 600w, https:\/\/i0.wp.com\/www.shqiperia.com\/blog\/wp-content\/uploads\/2019\/03\/Tuzi.jpeg?resize=400%2C254&amp;ssl=1 400w, https:\/\/i0.wp.com\/www.shqiperia.com\/blog\/wp-content\/uploads\/2019\/03\/Tuzi.jpeg?w=606&amp;ssl=1 606w\" sizes=\"auto, (max-width: 795px) 100vw, 795px\" \/><\/span><\/p>\n<p>Ata besojn\u00eb se \u00e7el\u00ebsi i bashkimit, do t\u2019i nxjerr\u00eb fitimtar\u00eb n\u00eb sfid\u00ebn p\u00ebr t\u00eb marr\u00eb 17 k\u00ebshilltar\u00eb nga 32 t\u00eb till\u00eb.<\/p>\n<p>\u201cN\u00eb Mal\u00ebsi jan\u00eb gati 70% shqiptar\u00eb, nd\u00ebrsa n\u00eb administrat\u00ebn e k\u00ebsaj komune me v\u00ebshtir\u00ebsi mund t\u00eb gjeni dik\u00eb q\u00eb flet shqip. Jemi t\u00eb bindur se n\u00eb Mal\u00ebsi pranvera fillon me 3 Mars dhe se p\u00ebr Mal\u00ebsin\u00eb vijn\u00eb dit\u00eb m\u00eb t\u00eb mira\u201d, shprehet p\u00ebr Tv Klan kreu i Lidhjes Demokratike Shqiptare, Nikoll\u00eb Camaj.<br \/>\nFadil Kajoshaj, kreu i Unionit Demokratik t\u00eb Shqiptar\u00ebve thot\u00eb se \u201cka presione t\u00eb ndryshme nga partit\u00eb qytetare q\u00eb jan\u00eb kryesore n\u00eb Mal t\u00eb Zi.\u201d<\/p>\n<p>\u201cJemi t\u00eb bindur q\u00eb kemi njer\u00ebz, kapacitet, q\u00eb ta zhvillojm\u00eb vendin ton\u00eb, ta zhvillojm\u00eb infrastruktur\u00ebn, ta zhvillojm\u00eb ekonomin\u00eb, t\u00eb hapim vende t\u00eb reja pune, t\u2019i krijojm\u00eb kushtet q\u00eb bizneset, jo vet\u00ebm nga Mali i Zi, por dhe nga shteti ame dhe besoj se do t\u2019ia dalim\u201d, shprehet Nik Gjeloshaj, kreu i \u201cAlternatives Shqiptare\u201d n\u00eb Mal t\u00eb Zi.<\/p>\n<p>Banor\u00ebt e Tuzit, t\u00eb ndodhur p\u00ebrball\u00eb mungesave t\u00eb p\u00ebrditshme, shprehen shpres\u00ebplot\u00eb se do t\u00eb jen\u00eb m\u00eb mir\u00eb n\u00ebse do t\u00eb udh\u00ebhiqen nga shqiptar\u00ebt.<\/p>\n","protected":false},"excerpt":{"rendered":"<p>Shqipetaret sot syt\u00eb nga Tuzi\u2026 .- 03\/03\/19. Gazeta Mapo. Sot n\u00eb Tuz, n\u00eb tok\u00ebn shqiptare, por brenda kufijve t\u00eb Malit t\u00eb Zi zhvillohen zgjedhjet p\u00ebr k\u00ebshilltar\u00ebt komunal\u00eb. Partit\u00eb shqiptare atje kan\u00eb dal\u00eb s\u00eb bashku n\u00eb zgjedhje dhe pritet t\u00eb marrin shumic\u00ebn e votave. Jan\u00eb rreth 11.904 persona me t\u00eb drejt\u00eb vote, nd\u00ebrsa jan\u00eb hapur 30 [&hellip;]<\/p>\n","protected":false},"author":9,"featured_media":18015,"comment_status":"open","ping_status":"open","sticky":false,"template":"","format":"standard","meta":{"jetpack_post_was_ever_published":false,"_jetpack_newsletter_access":"","_jetpack_dont_email_post_to_subs":false,"_jetpack_newsletter_tier_id":0,"_jetpack_memberships_contains_paywalled_content":false,"_jetpack_memberships_contains_paid_content":false,"footnotes":"","jetpack_publicize_message":"","jetpack_publicize_feature_enabled":true,"jetpack_social_post_already_shared":true,"jetpack_social_options":{"image_generator_settings":{"template":"highway","default_image_id":0,"font":"","enabled":false},"version":2}},"categories":[85,10,35],"tags":[],"class_list":["post-18014","post","type-post","status-publish","format-standard","has-post-thumbnail","hentry","category-histori","category-kultura","category-shoqerore"],"jetpack_publicize_connections":[],"jetpack_featured_media_url":"https:\/\/i0.wp.com\/www.shqiperia.com\/blog\/wp-content\/uploads\/2019\/03\/Tuzi-2.jpeg?fit=606%2C333&ssl=1","jetpack_sharing_enabled":true,"jetpack_shortlink":"https:\/\/wp.me\/p5Z6wp-4Gy","jetpack-related-posts":[{"id":11406,"url":"https:\/\/www.shqiperia.com\/blog\/tuzi-behet-komune\/","url_meta":{"origin":18014,"position":0},"title":"Tuzi behet komune. &#8211;","author":"Kurt Farka","date":"September 11, 2018","format":false,"excerpt":"Tuzi behet komune. - Tuzi behet komune me 42 vota nga 81 vota dhe per kete votoi partia e Gjykanovicit. Fitorja ishte vetem me 1 vote qe e dhane malazezet dhe nuk shkoi per votim nje deputet Shqiptar. Nesje rendesi ka qe u be. Nuk di por ne Mal te\u2026","rel":"","context":"In &quot;Blogu i Udh\u00ebtarit&quot;","block_context":{"text":"Blogu i Udh\u00ebtarit","link":"https:\/\/www.shqiperia.com\/blog\/category\/blogu-i-udhetarit\/"},"img":{"alt_text":"","src":"https:\/\/i0.wp.com\/www.shqiperia.com\/blog\/wp-content\/uploads\/2018\/09\/safe_image.php_.jpg?fit=540%2C281&ssl=1&resize=350%2C200","width":350,"height":200,"srcset":"https:\/\/i0.wp.com\/www.shqiperia.com\/blog\/wp-content\/uploads\/2018\/09\/safe_image.php_.jpg?fit=540%2C281&ssl=1&resize=350%2C200 1x, https:\/\/i0.wp.com\/www.shqiperia.com\/blog\/wp-content\/uploads\/2018\/09\/safe_image.php_.jpg?fit=540%2C281&ssl=1&resize=525%2C300 1.5x"},"classes":[]},{"id":5754,"url":"https:\/\/www.shqiperia.com\/blog\/plave-pa-te-drejtat-kombetare-qe-i-takojne\/","url_meta":{"origin":18014,"position":1},"title":"Plava- Pa te drejtat  kombetare qe i takojne. &#8211;","author":"Kurt Farka","date":"March 28, 2018","format":false,"excerpt":"Q\u00eb n\u00eb koh\u00ebt e hershme Plava ka qen\u00eb e banuar nga Shqipetar\u00ebt, por pas Kongresit t\u00eb Berlinit(1878), Plava i bashkohet Malit t\u00eb Zi ku deri n\u00eb dit\u00ebt e sotme ka mbijetuar n\u00ebp\u00ebr probleme qe e kan\u00eb p\u00ebrcjell\u00eb, tani ajo kryesisht banohet nga Boshnjak\u00ebt (mysliman\u00eb) t\u00eb cil\u00ebt jan\u00eb Shqiptar\u00eb t\u00eb asimiluar\u2026","rel":"","context":"In &quot;Histori&quot;","block_context":{"text":"Histori","link":"https:\/\/www.shqiperia.com\/blog\/category\/histori\/"},"img":{"alt_text":"","src":"https:\/\/i0.wp.com\/www.shqiperia.com\/blog\/wp-content\/uploads\/2018\/03\/Plave-Kulla_e_Rexhepagajve.jpg?fit=800%2C600&ssl=1&resize=350%2C200","width":350,"height":200,"srcset":"https:\/\/i0.wp.com\/www.shqiperia.com\/blog\/wp-content\/uploads\/2018\/03\/Plave-Kulla_e_Rexhepagajve.jpg?fit=800%2C600&ssl=1&resize=350%2C200 1x, https:\/\/i0.wp.com\/www.shqiperia.com\/blog\/wp-content\/uploads\/2018\/03\/Plave-Kulla_e_Rexhepagajve.jpg?fit=800%2C600&ssl=1&resize=525%2C300 1.5x, https:\/\/i0.wp.com\/www.shqiperia.com\/blog\/wp-content\/uploads\/2018\/03\/Plave-Kulla_e_Rexhepagajve.jpg?fit=800%2C600&ssl=1&resize=700%2C400 2x"},"classes":[]},{"id":71955,"url":"https:\/\/www.shqiperia.com\/blog\/kurti-ka-rere-ne-kurth-gazetari-i-njohur-plas-deklaraten-e-forte-zgjedhjet-e-reja-skenar-i-parapergatitur-nga-qarqet-anti-shqiptare\/","url_meta":{"origin":18014,"position":2},"title":"\u201cKurti ka r\u00ebr\u00eb n\u00eb kurth\u201d, gazetari i njohur plas deklarat\u00ebn e fort\u00eb: &#8211; Zgjedhjet e reja, skenar i parap\u00ebrgatitur nga qarqet anti-shqiptare","author":"Kurt Farka","date":"June 4, 2023","format":false,"excerpt":"4 Qershor 2023 Gazetari Asllan Bajrami i ftuar n\u00eb Euronews Albania tha se \u00ebsht\u00eb skeptik p\u00ebr zgjedhjet e reja q\u00eb mund t\u00eb zhvillohen n\u00eb veri t\u00eb Kosov\u00ebs. Ai tha se mendon se k\u00ebto zgjedhje mund t\u00eb zhvillohen s\u00ebrish, por dyshon se serb\u00ebt s\u00ebrish nuk do t\u00eb merrnin pjes\u00eb n\u00eb zgjedhje.\u2026","rel":"","context":"In &quot;Blogu i Udh\u00ebtarit&quot;","block_context":{"text":"Blogu i Udh\u00ebtarit","link":"https:\/\/www.shqiperia.com\/blog\/category\/blogu-i-udhetarit\/"},"img":{"alt_text":"","src":"https:\/\/i0.wp.com\/www.shqiperia.com\/blog\/wp-content\/uploads\/2023\/06\/800-0-647cdb6922327.jpg?fit=800%2C440&ssl=1&resize=350%2C200","width":350,"height":200,"srcset":"https:\/\/i0.wp.com\/www.shqiperia.com\/blog\/wp-content\/uploads\/2023\/06\/800-0-647cdb6922327.jpg?fit=800%2C440&ssl=1&resize=350%2C200 1x, https:\/\/i0.wp.com\/www.shqiperia.com\/blog\/wp-content\/uploads\/2023\/06\/800-0-647cdb6922327.jpg?fit=800%2C440&ssl=1&resize=525%2C300 1.5x, https:\/\/i0.wp.com\/www.shqiperia.com\/blog\/wp-content\/uploads\/2023\/06\/800-0-647cdb6922327.jpg?fit=800%2C440&ssl=1&resize=700%2C400 2x"},"classes":[]},{"id":69083,"url":"https:\/\/www.shqiperia.com\/blog\/nik-gjeloshaj-fiton-ne-komunen-e-tuzit-shqiptaret-ne-feste\/","url_meta":{"origin":18014,"position":3},"title":"Nik Gjeloshaj fiton n\u00eb komun\u00ebn e Tuzit &#8211; Shqiptar\u00ebt n\u00eb fest\u00eb","author":"Kurt Farka","date":"March 6, 2023","format":false,"excerpt":"6 Mars 2023 N\u00eb komun\u00ebn e Tuzit n\u00eb Mal t\u00eb Zi, u mbajt\u00ebn k\u00ebt\u00eb t\u00eb diel\u00eb zgjedhjet p\u00ebr pushtetin vendor. 30 vendvotime jan\u00eb hapur q\u00eb n\u00eb or\u00ebn 7 t\u00eb m\u00ebngjesit dhe t\u00eb drejt\u00eb vote kishin mbi 12.000 votues nd\u00ebrsa pjes\u00ebmarrja n\u00eb votime ishte 63.82%, dhe sipas p\u00ebrfaq\u00ebsueseve t\u00eb Komisionit Zgjedhor\u2026","rel":"","context":"In &quot;Blogu i Udh\u00ebtarit&quot;","block_context":{"text":"Blogu i Udh\u00ebtarit","link":"https:\/\/www.shqiperia.com\/blog\/category\/blogu-i-udhetarit\/"},"img":{"alt_text":"","src":"https:\/\/i0.wp.com\/www.shqiperia.com\/blog\/wp-content\/uploads\/2023\/03\/Nik-Gjeloshaj-fiton-ne-komunen-e-Tuzit-Shqiptaret-ne-feste.png?fit=854%2C388&ssl=1&resize=350%2C200","width":350,"height":200,"srcset":"https:\/\/i0.wp.com\/www.shqiperia.com\/blog\/wp-content\/uploads\/2023\/03\/Nik-Gjeloshaj-fiton-ne-komunen-e-Tuzit-Shqiptaret-ne-feste.png?fit=854%2C388&ssl=1&resize=350%2C200 1x, https:\/\/i0.wp.com\/www.shqiperia.com\/blog\/wp-content\/uploads\/2023\/03\/Nik-Gjeloshaj-fiton-ne-komunen-e-Tuzit-Shqiptaret-ne-feste.png?fit=854%2C388&ssl=1&resize=525%2C300 1.5x, https:\/\/i0.wp.com\/www.shqiperia.com\/blog\/wp-content\/uploads\/2023\/03\/Nik-Gjeloshaj-fiton-ne-komunen-e-Tuzit-Shqiptaret-ne-feste.png?fit=854%2C388&ssl=1&resize=700%2C400 2x"},"classes":[]},{"id":44367,"url":"https:\/\/www.shqiperia.com\/blog\/deputeti-i-kuvendit-paralajmeron-termet-ne-politiken-shqiptare-ne-tetor-zgjedhjet-lokale\/","url_meta":{"origin":18014,"position":4},"title":"Deputeti i Kuvendit paralajm\u00ebron &#8216;t\u00ebrmet&#8217; n\u00eb politik\u00ebn shqiptare: &#8211; N\u00eb tetor zgjedhjet lokale.","author":"Kurt Farka","date":"February 17, 2021","format":false,"excerpt":"Deputeti i Kuvendit paralajm\u00ebron 't\u00ebrmet' n\u00eb politik\u00ebn shqiptare: - N\u00eb tetor zgjedhjet lokale. 17 SHKURT 2021 Deputeti Lefter Maliqi shprehet i sigurt se pas gjasht\u00eb muajsh nga zgjedhjet e p\u00ebrgjithshme t\u00eb 25 prillit, n\u00eb muajin tetor do t\u00eb zhvillohen dhe zgjedhjet lokale. K\u00ebt\u00eb deklarat\u00eb, ligjv\u00ebn\u00ebsi i Kuvendit t\u00eb Shqip\u00ebris\u00eb e\u2026","rel":"","context":"In &quot;Blogu i Udh\u00ebtarit&quot;","block_context":{"text":"Blogu i Udh\u00ebtarit","link":"https:\/\/www.shqiperia.com\/blog\/category\/blogu-i-udhetarit\/"},"img":{"alt_text":"","src":"https:\/\/i0.wp.com\/www.shqiperia.com\/blog\/wp-content\/uploads\/2021\/02\/800-0-602d497ff3f32.jpeg?fit=800%2C430&ssl=1&resize=350%2C200","width":350,"height":200,"srcset":"https:\/\/i0.wp.com\/www.shqiperia.com\/blog\/wp-content\/uploads\/2021\/02\/800-0-602d497ff3f32.jpeg?fit=800%2C430&ssl=1&resize=350%2C200 1x, https:\/\/i0.wp.com\/www.shqiperia.com\/blog\/wp-content\/uploads\/2021\/02\/800-0-602d497ff3f32.jpeg?fit=800%2C430&ssl=1&resize=525%2C300 1.5x, https:\/\/i0.wp.com\/www.shqiperia.com\/blog\/wp-content\/uploads\/2021\/02\/800-0-602d497ff3f32.jpeg?fit=800%2C430&ssl=1&resize=700%2C400 2x"},"classes":[]},{"id":71009,"url":"https:\/\/www.shqiperia.com\/blog\/zgjedhjet-lokale-ne-kosove-del-numri-i-ulet-i-votuesve\/","url_meta":{"origin":18014,"position":5},"title":"Zgjedhjet lokale n\u00eb Kosov\u00eb, del numri i ul\u00ebt i votuesve","author":"Kurt Farka","date":"April 23, 2023","format":false,"excerpt":"23 Prill 2023 N\u00eb Veri t\u00eb Kosov\u00ebs, k\u00ebt\u00eb t\u00eb diel\u00eb votohet p\u00ebr zgjedhjet e parakohshme p\u00ebr zgjedhjen e kryetar\u00ebve n\u00eb kat\u00ebr komuna. Mediat n\u00eb Kosov\u00eb shkruajn\u00eb se deri m\u00eb tani n\u00eb qendr\u00ebn e votimit n\u00eb pik\u00ebn kufitare n\u00eb Jarinj\u00eb, \u00a0nuk ka shkuar askush p\u00ebr t\u00eb votuar. Kjo qend\u00ebr ka 5\u2026","rel":"","context":"In &quot;Blogu i Udh\u00ebtarit&quot;","block_context":{"text":"Blogu i Udh\u00ebtarit","link":"https:\/\/www.shqiperia.com\/blog\/category\/blogu-i-udhetarit\/"},"img":{"alt_text":"","src":"https:\/\/i0.wp.com\/www.shqiperia.com\/blog\/wp-content\/uploads\/2023\/04\/800-0-fd1061df4f87d5d05e796104a3830795.jpg?fit=800%2C467&ssl=1&resize=350%2C200","width":350,"height":200,"srcset":"https:\/\/i0.wp.com\/www.shqiperia.com\/blog\/wp-content\/uploads\/2023\/04\/800-0-fd1061df4f87d5d05e796104a3830795.jpg?fit=800%2C467&ssl=1&resize=350%2C200 1x, https:\/\/i0.wp.com\/www.shqiperia.com\/blog\/wp-content\/uploads\/2023\/04\/800-0-fd1061df4f87d5d05e796104a3830795.jpg?fit=800%2C467&ssl=1&resize=525%2C300 1.5x, https:\/\/i0.wp.com\/www.shqiperia.com\/blog\/wp-content\/uploads\/2023\/04\/800-0-fd1061df4f87d5d05e796104a3830795.jpg?fit=800%2C467&ssl=1&resize=700%2C400 2x"},"classes":[]}],"_links":{"self":[{"href":"https:\/\/www.shqiperia.com\/blog\/wp-json\/wp\/v2\/posts\/18014","targetHints":{"allow":["GET"]}}],"collection":[{"href":"https:\/\/www.shqiperia.com\/blog\/wp-json\/wp\/v2\/posts"}],"about":[{"href":"https:\/\/www.shqiperia.com\/blog\/wp-json\/wp\/v2\/types\/post"}],"author":[{"embeddable":true,"href":"https:\/\/www.shqiperia.com\/blog\/wp-json\/wp\/v2\/users\/9"}],"replies":[{"embeddable":true,"href":"https:\/\/www.shqiperia.com\/blog\/wp-json\/wp\/v2\/comments?post=18014"}],"version-history":[{"count":1,"href":"https:\/\/www.shqiperia.com\/blog\/wp-json\/wp\/v2\/posts\/18014\/revisions"}],"predecessor-version":[{"id":18017,"href":"https:\/\/www.shqiperia.com\/blog\/wp-json\/wp\/v2\/posts\/18014\/revisions\/18017"}],"wp:featuredmedia":[{"embeddable":true,"href":"https:\/\/www.shqiperia.com\/blog\/wp-json\/wp\/v2\/media\/18015"}],"wp:attachment":[{"href":"https:\/\/www.shqiperia.com\/blog\/wp-json\/wp\/v2\/media?parent=18014"}],"wp:term":[{"taxonomy":"category","embeddable":true,"href":"https:\/\/www.shqiperia.com\/blog\/wp-json\/wp\/v2\/categories?post=18014"},{"taxonomy":"post_tag","embeddable":true,"href":"https:\/\/www.shqiperia.com\/blog\/wp-json\/wp\/v2\/tags?post=18014"}],"curies":[{"name":"wp","href":"https:\/\/api.w.org\/{rel}","templated":true}]}}