{"id":18005,"date":"2019-03-03T14:14:37","date_gmt":"2019-03-03T14:14:37","guid":{"rendered":"http:\/\/www.shqiperia.com\/blog\/?p=18005"},"modified":"2019-07-30T20:22:51","modified_gmt":"2019-07-30T20:22:51","slug":"rrenojat-e-kishes-se-shen-gjergjit-brataj-vlore","status":"publish","type":"post","link":"https:\/\/www.shqiperia.com\/blog\/rrenojat-e-kishes-se-shen-gjergjit-brataj-vlore\/","title":{"rendered":"Rr\u00ebnojat e Kish\u00ebs s\u00eb Sh\u00ebn Gjergjit. Brataj \u2013 Vlore. &#8211;"},"content":{"rendered":"<p><img data-recalc-dims=\"1\" loading=\"lazy\" decoding=\"async\" data-attachment-id=\"18006\" data-permalink=\"https:\/\/www.shqiperia.com\/blog\/rrenojat-e-kishes-se-shen-gjergjit-brataj-vlore\/rrenojat-e-kishes-se-shen-gjergjit-brataj-vlore-7\/\" data-orig-file=\"https:\/\/i0.wp.com\/www.shqiperia.com\/blog\/wp-content\/uploads\/2019\/03\/Rr%C3%ABnojat-e-Kish%C3%ABs-s%C3%AB-Sh%C3%ABn-Gjergjit.-Brataj-%E2%80%93-Vlore.-7.jpg?fit=834%2C460&amp;ssl=1\" data-orig-size=\"834,460\" data-comments-opened=\"1\" data-image-meta=\"{&quot;aperture&quot;:&quot;0&quot;,&quot;credit&quot;:&quot;&quot;,&quot;camera&quot;:&quot;&quot;,&quot;caption&quot;:&quot;&quot;,&quot;created_timestamp&quot;:&quot;0&quot;,&quot;copyright&quot;:&quot;&quot;,&quot;focal_length&quot;:&quot;0&quot;,&quot;iso&quot;:&quot;0&quot;,&quot;shutter_speed&quot;:&quot;0&quot;,&quot;title&quot;:&quot;&quot;,&quot;orientation&quot;:&quot;0&quot;}\" data-image-title=\"Rr\u00ebnojat e Kish\u00ebs s\u00eb Sh\u00ebn Gjergjit. Brataj \u2013 Vlore. &#8211; (7)\" data-image-description=\"\" data-image-caption=\"\" data-medium-file=\"https:\/\/i0.wp.com\/www.shqiperia.com\/blog\/wp-content\/uploads\/2019\/03\/Rr%C3%ABnojat-e-Kish%C3%ABs-s%C3%AB-Sh%C3%ABn-Gjergjit.-Brataj-%E2%80%93-Vlore.-7.jpg?fit=300%2C165&amp;ssl=1\" data-large-file=\"https:\/\/i0.wp.com\/www.shqiperia.com\/blog\/wp-content\/uploads\/2019\/03\/Rr%C3%ABnojat-e-Kish%C3%ABs-s%C3%AB-Sh%C3%ABn-Gjergjit.-Brataj-%E2%80%93-Vlore.-7.jpg?fit=834%2C460&amp;ssl=1\" class=\"alignnone wp-image-18006\" alt=\"\" src=\"https:\/\/i0.wp.com\/www.shqiperia.com\/blog\/wp-content\/uploads\/2019\/03\/Rr%C3%ABnojat-e-Kish%C3%ABs-s%C3%AB-Sh%C3%ABn-Gjergjit.-Brataj-%E2%80%93-Vlore.-7-300x165.jpg?resize=445%2C245\" width=\"445\" height=\"245\" srcset=\"https:\/\/i0.wp.com\/www.shqiperia.com\/blog\/wp-content\/uploads\/2019\/03\/Rr%C3%ABnojat-e-Kish%C3%ABs-s%C3%AB-Sh%C3%ABn-Gjergjit.-Brataj-%E2%80%93-Vlore.-7.jpg?resize=300%2C165&amp;ssl=1 300w, https:\/\/i0.wp.com\/www.shqiperia.com\/blog\/wp-content\/uploads\/2019\/03\/Rr%C3%ABnojat-e-Kish%C3%ABs-s%C3%AB-Sh%C3%ABn-Gjergjit.-Brataj-%E2%80%93-Vlore.-7.jpg?resize=768%2C424&amp;ssl=1 768w, https:\/\/i0.wp.com\/www.shqiperia.com\/blog\/wp-content\/uploads\/2019\/03\/Rr%C3%ABnojat-e-Kish%C3%ABs-s%C3%AB-Sh%C3%ABn-Gjergjit.-Brataj-%E2%80%93-Vlore.-7.jpg?resize=450%2C248&amp;ssl=1 450w, https:\/\/i0.wp.com\/www.shqiperia.com\/blog\/wp-content\/uploads\/2019\/03\/Rr%C3%ABnojat-e-Kish%C3%ABs-s%C3%AB-Sh%C3%ABn-Gjergjit.-Brataj-%E2%80%93-Vlore.-7.jpg?resize=600%2C331&amp;ssl=1 600w, https:\/\/i0.wp.com\/www.shqiperia.com\/blog\/wp-content\/uploads\/2019\/03\/Rr%C3%ABnojat-e-Kish%C3%ABs-s%C3%AB-Sh%C3%ABn-Gjergjit.-Brataj-%E2%80%93-Vlore.-7.jpg?resize=400%2C221&amp;ssl=1 400w, https:\/\/i0.wp.com\/www.shqiperia.com\/blog\/wp-content\/uploads\/2019\/03\/Rr%C3%ABnojat-e-Kish%C3%ABs-s%C3%AB-Sh%C3%ABn-Gjergjit.-Brataj-%E2%80%93-Vlore.-7.jpg?w=834&amp;ssl=1 834w\" sizes=\"auto, (max-width: 445px) 100vw, 445px\" \/><\/p>\n<p>Rr\u00ebnojat e Kish\u00ebs s\u00eb Sh\u00ebn Gjergjit. Brataj \u2013 Vlore. -(Album Foto).<\/p>\n<p>Viti\/koha e nd\u00ebrtimit: Shek. X-XI.<\/p>\n<p>Vendndodhja: Fshati Brataj, Bashkia Selenic\u00eb.<\/p>\n<p>P\u00ebrshkrimi: Rr\u00ebnojat e Kish\u00ebs s\u00eb Sh\u00ebn Gjergjit ndodhen n\u00eb bregun e djatht\u00eb t\u00eb lumit Shushic\u00eb, n\u00eb fshatin Brataj. Kisha ruhet n\u00eb gjendje rr\u00ebnoj\u00eb me mure q\u00eb arrin deri 2-3 m lart\u00ebsi n\u00eb pjes\u00ebn e naosit, nd\u00ebrsa p\u00ebr narteksin kemi gjurm\u00eb fare t\u00eb pakta n\u00eb nivelin e tok\u00ebs. N\u00eb brend\u00ebsi t\u00eb kish\u00ebs ndodhen kat\u00ebr pilastra me prerje thuajse katrore. Nd\u00ebrmjet tyre dhe mureve an\u00ebsor\u00eb kalojn\u00eb harqe gjysm\u00ebrrethore q\u00eb mesa duket mbanin mbules\u00ebn me qemer. N\u00eb qend\u00ebr duhet t\u00eb ket\u00eb q\u00ebn\u00eb tamburi me kupol\u00ebn. N\u00eb an\u00ebn lindore, q\u00eb i takon mjedisit t\u00eb altarit, \u00ebsht\u00eb absida gjysm\u00ebrrethore. N\u00eb kish\u00eb hyhet nga porta e vetme n\u00eb an\u00ebn per\u00ebndimore q\u00eb e lidhte me narteksin.<\/p>\n<p><img data-recalc-dims=\"1\" loading=\"lazy\" decoding=\"async\" data-attachment-id=\"18007\" data-permalink=\"https:\/\/www.shqiperia.com\/blog\/rrenojat-e-kishes-se-shen-gjergjit-brataj-vlore\/rrenojat-e-kishes-se-shen-gjergjit-brataj-vlore-3\/\" data-orig-file=\"https:\/\/i0.wp.com\/www.shqiperia.com\/blog\/wp-content\/uploads\/2019\/03\/Rr%C3%ABnojat-e-Kish%C3%ABs-s%C3%AB-Sh%C3%ABn-Gjergjit.-Brataj-%E2%80%93-Vlore.-3.jpg?fit=960%2C640&amp;ssl=1\" data-orig-size=\"960,640\" data-comments-opened=\"1\" data-image-meta=\"{&quot;aperture&quot;:&quot;0&quot;,&quot;credit&quot;:&quot;&quot;,&quot;camera&quot;:&quot;&quot;,&quot;caption&quot;:&quot;&quot;,&quot;created_timestamp&quot;:&quot;0&quot;,&quot;copyright&quot;:&quot;&quot;,&quot;focal_length&quot;:&quot;0&quot;,&quot;iso&quot;:&quot;0&quot;,&quot;shutter_speed&quot;:&quot;0&quot;,&quot;title&quot;:&quot;&quot;,&quot;orientation&quot;:&quot;0&quot;}\" data-image-title=\"Rr\u00ebnojat e Kish\u00ebs s\u00eb Sh\u00ebn Gjergjit. Brataj \u2013 Vlore. &#8211; (3)\" data-image-description=\"\" data-image-caption=\"\" data-medium-file=\"https:\/\/i0.wp.com\/www.shqiperia.com\/blog\/wp-content\/uploads\/2019\/03\/Rr%C3%ABnojat-e-Kish%C3%ABs-s%C3%AB-Sh%C3%ABn-Gjergjit.-Brataj-%E2%80%93-Vlore.-3.jpg?fit=300%2C200&amp;ssl=1\" data-large-file=\"https:\/\/i0.wp.com\/www.shqiperia.com\/blog\/wp-content\/uploads\/2019\/03\/Rr%C3%ABnojat-e-Kish%C3%ABs-s%C3%AB-Sh%C3%ABn-Gjergjit.-Brataj-%E2%80%93-Vlore.-3.jpg?fit=960%2C640&amp;ssl=1\" class=\"alignnone wp-image-18007\" alt=\"\" src=\"https:\/\/i0.wp.com\/www.shqiperia.com\/blog\/wp-content\/uploads\/2019\/03\/Rr%C3%ABnojat-e-Kish%C3%ABs-s%C3%AB-Sh%C3%ABn-Gjergjit.-Brataj-%E2%80%93-Vlore.-3-300x200.jpg?resize=611%2C407\" width=\"611\" height=\"407\" srcset=\"https:\/\/i0.wp.com\/www.shqiperia.com\/blog\/wp-content\/uploads\/2019\/03\/Rr%C3%ABnojat-e-Kish%C3%ABs-s%C3%AB-Sh%C3%ABn-Gjergjit.-Brataj-%E2%80%93-Vlore.-3.jpg?resize=300%2C200&amp;ssl=1 300w, https:\/\/i0.wp.com\/www.shqiperia.com\/blog\/wp-content\/uploads\/2019\/03\/Rr%C3%ABnojat-e-Kish%C3%ABs-s%C3%AB-Sh%C3%ABn-Gjergjit.-Brataj-%E2%80%93-Vlore.-3.jpg?resize=768%2C512&amp;ssl=1 768w, https:\/\/i0.wp.com\/www.shqiperia.com\/blog\/wp-content\/uploads\/2019\/03\/Rr%C3%ABnojat-e-Kish%C3%ABs-s%C3%AB-Sh%C3%ABn-Gjergjit.-Brataj-%E2%80%93-Vlore.-3.jpg?resize=600%2C400&amp;ssl=1 600w, https:\/\/i0.wp.com\/www.shqiperia.com\/blog\/wp-content\/uploads\/2019\/03\/Rr%C3%ABnojat-e-Kish%C3%ABs-s%C3%AB-Sh%C3%ABn-Gjergjit.-Brataj-%E2%80%93-Vlore.-3.jpg?resize=450%2C300&amp;ssl=1 450w, https:\/\/i0.wp.com\/www.shqiperia.com\/blog\/wp-content\/uploads\/2019\/03\/Rr%C3%ABnojat-e-Kish%C3%ABs-s%C3%AB-Sh%C3%ABn-Gjergjit.-Brataj-%E2%80%93-Vlore.-3.jpg?resize=400%2C267&amp;ssl=1 400w, https:\/\/i0.wp.com\/www.shqiperia.com\/blog\/wp-content\/uploads\/2019\/03\/Rr%C3%ABnojat-e-Kish%C3%ABs-s%C3%AB-Sh%C3%ABn-Gjergjit.-Brataj-%E2%80%93-Vlore.-3.jpg?w=960&amp;ssl=1 960w\" sizes=\"auto, (max-width: 611px) 100vw, 611px\" \/> <img data-recalc-dims=\"1\" loading=\"lazy\" decoding=\"async\" data-attachment-id=\"18008\" data-permalink=\"https:\/\/www.shqiperia.com\/blog\/rrenojat-e-kishes-se-shen-gjergjit-brataj-vlore\/rrenojat-e-kishes-se-shen-gjergjit-brataj-vlore-4\/\" data-orig-file=\"https:\/\/i0.wp.com\/www.shqiperia.com\/blog\/wp-content\/uploads\/2019\/03\/Rr%C3%ABnojat-e-Kish%C3%ABs-s%C3%AB-Sh%C3%ABn-Gjergjit.-Brataj-%E2%80%93-Vlore.-4.jpg?fit=960%2C640&amp;ssl=1\" data-orig-size=\"960,640\" data-comments-opened=\"1\" data-image-meta=\"{&quot;aperture&quot;:&quot;0&quot;,&quot;credit&quot;:&quot;&quot;,&quot;camera&quot;:&quot;&quot;,&quot;caption&quot;:&quot;&quot;,&quot;created_timestamp&quot;:&quot;0&quot;,&quot;copyright&quot;:&quot;&quot;,&quot;focal_length&quot;:&quot;0&quot;,&quot;iso&quot;:&quot;0&quot;,&quot;shutter_speed&quot;:&quot;0&quot;,&quot;title&quot;:&quot;&quot;,&quot;orientation&quot;:&quot;0&quot;}\" data-image-title=\"Rr\u00ebnojat e Kish\u00ebs s\u00eb Sh\u00ebn Gjergjit. Brataj \u2013 Vlore. &#8211; (4)\" data-image-description=\"\" data-image-caption=\"\" data-medium-file=\"https:\/\/i0.wp.com\/www.shqiperia.com\/blog\/wp-content\/uploads\/2019\/03\/Rr%C3%ABnojat-e-Kish%C3%ABs-s%C3%AB-Sh%C3%ABn-Gjergjit.-Brataj-%E2%80%93-Vlore.-4.jpg?fit=300%2C200&amp;ssl=1\" data-large-file=\"https:\/\/i0.wp.com\/www.shqiperia.com\/blog\/wp-content\/uploads\/2019\/03\/Rr%C3%ABnojat-e-Kish%C3%ABs-s%C3%AB-Sh%C3%ABn-Gjergjit.-Brataj-%E2%80%93-Vlore.-4.jpg?fit=960%2C640&amp;ssl=1\" class=\"alignnone wp-image-18008\" alt=\"\" src=\"https:\/\/i0.wp.com\/www.shqiperia.com\/blog\/wp-content\/uploads\/2019\/03\/Rr%C3%ABnojat-e-Kish%C3%ABs-s%C3%AB-Sh%C3%ABn-Gjergjit.-Brataj-%E2%80%93-Vlore.-4-300x200.jpg?resize=485%2C323\" width=\"485\" height=\"323\" srcset=\"https:\/\/i0.wp.com\/www.shqiperia.com\/blog\/wp-content\/uploads\/2019\/03\/Rr%C3%ABnojat-e-Kish%C3%ABs-s%C3%AB-Sh%C3%ABn-Gjergjit.-Brataj-%E2%80%93-Vlore.-4.jpg?resize=300%2C200&amp;ssl=1 300w, https:\/\/i0.wp.com\/www.shqiperia.com\/blog\/wp-content\/uploads\/2019\/03\/Rr%C3%ABnojat-e-Kish%C3%ABs-s%C3%AB-Sh%C3%ABn-Gjergjit.-Brataj-%E2%80%93-Vlore.-4.jpg?resize=768%2C512&amp;ssl=1 768w, https:\/\/i0.wp.com\/www.shqiperia.com\/blog\/wp-content\/uploads\/2019\/03\/Rr%C3%ABnojat-e-Kish%C3%ABs-s%C3%AB-Sh%C3%ABn-Gjergjit.-Brataj-%E2%80%93-Vlore.-4.jpg?resize=600%2C400&amp;ssl=1 600w, https:\/\/i0.wp.com\/www.shqiperia.com\/blog\/wp-content\/uploads\/2019\/03\/Rr%C3%ABnojat-e-Kish%C3%ABs-s%C3%AB-Sh%C3%ABn-Gjergjit.-Brataj-%E2%80%93-Vlore.-4.jpg?resize=450%2C300&amp;ssl=1 450w, https:\/\/i0.wp.com\/www.shqiperia.com\/blog\/wp-content\/uploads\/2019\/03\/Rr%C3%ABnojat-e-Kish%C3%ABs-s%C3%AB-Sh%C3%ABn-Gjergjit.-Brataj-%E2%80%93-Vlore.-4.jpg?resize=400%2C267&amp;ssl=1 400w, https:\/\/i0.wp.com\/www.shqiperia.com\/blog\/wp-content\/uploads\/2019\/03\/Rr%C3%ABnojat-e-Kish%C3%ABs-s%C3%AB-Sh%C3%ABn-Gjergjit.-Brataj-%E2%80%93-Vlore.-4.jpg?w=960&amp;ssl=1 960w\" sizes=\"auto, (max-width: 485px) 100vw, 485px\" \/><\/p>\n<p>Duke u nisur nga tipologjia dhe nga nd\u00ebrtimi i mureve t\u00eb absid\u00ebs Aleksand\u00ebr Meksi ka propozuar si periudh\u00eb p\u00ebr nd\u00ebrtimin e saj shek.XIII-XIV. N\u00eb themelin e mureve t\u00eb kish\u00ebs jan\u00eb p\u00ebrdorur blloqe antik, q\u00eb duhet ta ken\u00eb prejardhjen nga ndonj\u00eb sit i af\u00ebrt arkeologjik. Nj\u00eb ekspedit\u00eb arkeologjike e vitit 2015 e drejtuar nga arkeologu Sk\u00ebnder Mu\u00e7aj, nga v\u00ebzhgimet sip\u00ebrfaq\u00ebsore rreth kish\u00ebs, zbuloi rr\u00ebnoja t\u00eb shumta q\u00eb mund t\u00eb identifikohen me nj\u00eb manastir t\u00eb fortifikuar, me nj\u00eb sip\u00ebrfaqe rreth 0,7 ha. Manastiri \u00ebsht\u00eb nd\u00ebrtuar n\u00eb nj\u00eb terren me kuot\u00eb m\u00eb t\u00eb lart\u00eb n\u00eb raport me territorin p\u00ebrreth. Brenda k\u00ebtij rrethimi, n\u00eb qend\u00ebr t\u00eb tij \u00ebsht\u00eb kapela, n\u00eb jugper\u00ebndim dhe per\u00ebndim jan\u00eb rr\u00ebnojat e konak\u00ebve. Kisha e Sh\u00ebn Gjergjit renditet n\u00eb grupin e kishave nj\u00eb nef\u00ebshe t\u00eb tipit kryq t\u00eb brendashkruar me kupol\u00eb mbi kat\u00ebr mb\u00ebshtetje t\u00eb lira dhe me nj\u00eb narteks q\u00eb ka t\u00eb ngjar\u00eb q\u00eb t\u00eb jet\u00eb po ashtu i mbuluar me kupol\u00eb. Sipas k\u00ebsaj analize, materialit arkeologjik t\u00eb gjetur n\u00eb terren dhe ngjashm\u00ebris\u00eb me objekte t\u00eb tjera kulti n\u00eb territorin e vendit ton\u00eb, \u201cRr\u00ebnojat e Kish\u00ebs s\u00eb Sh\u00ebn Gjergjit\u201d datohen n\u00eb shek. X-XI. T\u00eb dh\u00ebnat paraprake arkeologjike e rendisin manastiri e fortifikuar t\u00eb Sh\u00ebn Gjergjit n\u00eb Brataj, si m\u00eb t\u00eb vjetrin nga manastiret e k\u00ebtij tipi n\u00eb territorin e vendit ton\u00eb.<\/p>\n<p><img data-recalc-dims=\"1\" loading=\"lazy\" decoding=\"async\" data-attachment-id=\"18009\" data-permalink=\"https:\/\/www.shqiperia.com\/blog\/rrenojat-e-kishes-se-shen-gjergjit-brataj-vlore\/rrenojat-e-kishes-se-shen-gjergjit-brataj-vlore-2\/\" data-orig-file=\"https:\/\/i0.wp.com\/www.shqiperia.com\/blog\/wp-content\/uploads\/2019\/03\/Rr%C3%ABnojat-e-Kish%C3%ABs-s%C3%AB-Sh%C3%ABn-Gjergjit.-Brataj-%E2%80%93-Vlore.-2.jpg?fit=960%2C637&amp;ssl=1\" data-orig-size=\"960,637\" data-comments-opened=\"1\" data-image-meta=\"{&quot;aperture&quot;:&quot;0&quot;,&quot;credit&quot;:&quot;&quot;,&quot;camera&quot;:&quot;&quot;,&quot;caption&quot;:&quot;&quot;,&quot;created_timestamp&quot;:&quot;0&quot;,&quot;copyright&quot;:&quot;&quot;,&quot;focal_length&quot;:&quot;0&quot;,&quot;iso&quot;:&quot;0&quot;,&quot;shutter_speed&quot;:&quot;0&quot;,&quot;title&quot;:&quot;&quot;,&quot;orientation&quot;:&quot;0&quot;}\" data-image-title=\"Rr\u00ebnojat e Kish\u00ebs s\u00eb Sh\u00ebn Gjergjit. Brataj \u2013 Vlore. &#8211; (2)\" data-image-description=\"\" data-image-caption=\"\" data-medium-file=\"https:\/\/i0.wp.com\/www.shqiperia.com\/blog\/wp-content\/uploads\/2019\/03\/Rr%C3%ABnojat-e-Kish%C3%ABs-s%C3%AB-Sh%C3%ABn-Gjergjit.-Brataj-%E2%80%93-Vlore.-2.jpg?fit=300%2C199&amp;ssl=1\" data-large-file=\"https:\/\/i0.wp.com\/www.shqiperia.com\/blog\/wp-content\/uploads\/2019\/03\/Rr%C3%ABnojat-e-Kish%C3%ABs-s%C3%AB-Sh%C3%ABn-Gjergjit.-Brataj-%E2%80%93-Vlore.-2.jpg?fit=960%2C637&amp;ssl=1\" class=\"alignnone wp-image-18009\" alt=\"\" src=\"https:\/\/i0.wp.com\/www.shqiperia.com\/blog\/wp-content\/uploads\/2019\/03\/Rr%C3%ABnojat-e-Kish%C3%ABs-s%C3%AB-Sh%C3%ABn-Gjergjit.-Brataj-%E2%80%93-Vlore.-2-300x199.jpg?resize=748%2C496\" width=\"748\" height=\"496\" srcset=\"https:\/\/i0.wp.com\/www.shqiperia.com\/blog\/wp-content\/uploads\/2019\/03\/Rr%C3%ABnojat-e-Kish%C3%ABs-s%C3%AB-Sh%C3%ABn-Gjergjit.-Brataj-%E2%80%93-Vlore.-2.jpg?resize=300%2C199&amp;ssl=1 300w, https:\/\/i0.wp.com\/www.shqiperia.com\/blog\/wp-content\/uploads\/2019\/03\/Rr%C3%ABnojat-e-Kish%C3%ABs-s%C3%AB-Sh%C3%ABn-Gjergjit.-Brataj-%E2%80%93-Vlore.-2.jpg?resize=768%2C510&amp;ssl=1 768w, https:\/\/i0.wp.com\/www.shqiperia.com\/blog\/wp-content\/uploads\/2019\/03\/Rr%C3%ABnojat-e-Kish%C3%ABs-s%C3%AB-Sh%C3%ABn-Gjergjit.-Brataj-%E2%80%93-Vlore.-2.jpg?resize=450%2C299&amp;ssl=1 450w, https:\/\/i0.wp.com\/www.shqiperia.com\/blog\/wp-content\/uploads\/2019\/03\/Rr%C3%ABnojat-e-Kish%C3%ABs-s%C3%AB-Sh%C3%ABn-Gjergjit.-Brataj-%E2%80%93-Vlore.-2.jpg?resize=600%2C398&amp;ssl=1 600w, https:\/\/i0.wp.com\/www.shqiperia.com\/blog\/wp-content\/uploads\/2019\/03\/Rr%C3%ABnojat-e-Kish%C3%ABs-s%C3%AB-Sh%C3%ABn-Gjergjit.-Brataj-%E2%80%93-Vlore.-2.jpg?resize=400%2C265&amp;ssl=1 400w, https:\/\/i0.wp.com\/www.shqiperia.com\/blog\/wp-content\/uploads\/2019\/03\/Rr%C3%ABnojat-e-Kish%C3%ABs-s%C3%AB-Sh%C3%ABn-Gjergjit.-Brataj-%E2%80%93-Vlore.-2.jpg?w=960&amp;ssl=1 960w\" sizes=\"auto, (max-width: 748px) 100vw, 748px\" \/> <img data-recalc-dims=\"1\" loading=\"lazy\" decoding=\"async\" data-attachment-id=\"18010\" data-permalink=\"https:\/\/www.shqiperia.com\/blog\/rrenojat-e-kishes-se-shen-gjergjit-brataj-vlore\/rrenojat-e-kishes-se-shen-gjergjit-brataj-vlore-6\/\" data-orig-file=\"https:\/\/i0.wp.com\/www.shqiperia.com\/blog\/wp-content\/uploads\/2019\/03\/Rr%C3%ABnojat-e-Kish%C3%ABs-s%C3%AB-Sh%C3%ABn-Gjergjit.-Brataj-%E2%80%93-Vlore.-6.jpg?fit=960%2C640&amp;ssl=1\" data-orig-size=\"960,640\" data-comments-opened=\"1\" data-image-meta=\"{&quot;aperture&quot;:&quot;0&quot;,&quot;credit&quot;:&quot;&quot;,&quot;camera&quot;:&quot;&quot;,&quot;caption&quot;:&quot;&quot;,&quot;created_timestamp&quot;:&quot;0&quot;,&quot;copyright&quot;:&quot;&quot;,&quot;focal_length&quot;:&quot;0&quot;,&quot;iso&quot;:&quot;0&quot;,&quot;shutter_speed&quot;:&quot;0&quot;,&quot;title&quot;:&quot;&quot;,&quot;orientation&quot;:&quot;0&quot;}\" data-image-title=\"Rr\u00ebnojat e Kish\u00ebs s\u00eb Sh\u00ebn Gjergjit. Brataj \u2013 Vlore. &#8211; (6)\" data-image-description=\"\" data-image-caption=\"\" data-medium-file=\"https:\/\/i0.wp.com\/www.shqiperia.com\/blog\/wp-content\/uploads\/2019\/03\/Rr%C3%ABnojat-e-Kish%C3%ABs-s%C3%AB-Sh%C3%ABn-Gjergjit.-Brataj-%E2%80%93-Vlore.-6.jpg?fit=300%2C200&amp;ssl=1\" data-large-file=\"https:\/\/i0.wp.com\/www.shqiperia.com\/blog\/wp-content\/uploads\/2019\/03\/Rr%C3%ABnojat-e-Kish%C3%ABs-s%C3%AB-Sh%C3%ABn-Gjergjit.-Brataj-%E2%80%93-Vlore.-6.jpg?fit=960%2C640&amp;ssl=1\" class=\"alignnone wp-image-18010\" alt=\"\" src=\"https:\/\/i0.wp.com\/www.shqiperia.com\/blog\/wp-content\/uploads\/2019\/03\/Rr%C3%ABnojat-e-Kish%C3%ABs-s%C3%AB-Sh%C3%ABn-Gjergjit.-Brataj-%E2%80%93-Vlore.-6-300x200.jpg?resize=771%2C514\" width=\"771\" height=\"514\" srcset=\"https:\/\/i0.wp.com\/www.shqiperia.com\/blog\/wp-content\/uploads\/2019\/03\/Rr%C3%ABnojat-e-Kish%C3%ABs-s%C3%AB-Sh%C3%ABn-Gjergjit.-Brataj-%E2%80%93-Vlore.-6.jpg?resize=300%2C200&amp;ssl=1 300w, https:\/\/i0.wp.com\/www.shqiperia.com\/blog\/wp-content\/uploads\/2019\/03\/Rr%C3%ABnojat-e-Kish%C3%ABs-s%C3%AB-Sh%C3%ABn-Gjergjit.-Brataj-%E2%80%93-Vlore.-6.jpg?resize=768%2C512&amp;ssl=1 768w, https:\/\/i0.wp.com\/www.shqiperia.com\/blog\/wp-content\/uploads\/2019\/03\/Rr%C3%ABnojat-e-Kish%C3%ABs-s%C3%AB-Sh%C3%ABn-Gjergjit.-Brataj-%E2%80%93-Vlore.-6.jpg?resize=600%2C400&amp;ssl=1 600w, https:\/\/i0.wp.com\/www.shqiperia.com\/blog\/wp-content\/uploads\/2019\/03\/Rr%C3%ABnojat-e-Kish%C3%ABs-s%C3%AB-Sh%C3%ABn-Gjergjit.-Brataj-%E2%80%93-Vlore.-6.jpg?resize=450%2C300&amp;ssl=1 450w, https:\/\/i0.wp.com\/www.shqiperia.com\/blog\/wp-content\/uploads\/2019\/03\/Rr%C3%ABnojat-e-Kish%C3%ABs-s%C3%AB-Sh%C3%ABn-Gjergjit.-Brataj-%E2%80%93-Vlore.-6.jpg?resize=400%2C267&amp;ssl=1 400w, https:\/\/i0.wp.com\/www.shqiperia.com\/blog\/wp-content\/uploads\/2019\/03\/Rr%C3%ABnojat-e-Kish%C3%ABs-s%C3%AB-Sh%C3%ABn-Gjergjit.-Brataj-%E2%80%93-Vlore.-6.jpg?w=960&amp;ssl=1 960w\" sizes=\"auto, (max-width: 771px) 100vw, 771px\" \/> <img data-recalc-dims=\"1\" loading=\"lazy\" decoding=\"async\" data-attachment-id=\"18011\" data-permalink=\"https:\/\/www.shqiperia.com\/blog\/rrenojat-e-kishes-se-shen-gjergjit-brataj-vlore\/rrenojat-e-kishes-se-shen-gjergjit-brataj-vlore-8\/\" data-orig-file=\"https:\/\/i0.wp.com\/www.shqiperia.com\/blog\/wp-content\/uploads\/2019\/03\/Rr%C3%ABnojat-e-Kish%C3%ABs-s%C3%AB-Sh%C3%ABn-Gjergjit.-Brataj-%E2%80%93-Vlore.-8.jpg?fit=960%2C640&amp;ssl=1\" data-orig-size=\"960,640\" data-comments-opened=\"1\" data-image-meta=\"{&quot;aperture&quot;:&quot;0&quot;,&quot;credit&quot;:&quot;&quot;,&quot;camera&quot;:&quot;&quot;,&quot;caption&quot;:&quot;&quot;,&quot;created_timestamp&quot;:&quot;0&quot;,&quot;copyright&quot;:&quot;&quot;,&quot;focal_length&quot;:&quot;0&quot;,&quot;iso&quot;:&quot;0&quot;,&quot;shutter_speed&quot;:&quot;0&quot;,&quot;title&quot;:&quot;&quot;,&quot;orientation&quot;:&quot;0&quot;}\" data-image-title=\"Rr\u00ebnojat e Kish\u00ebs s\u00eb Sh\u00ebn Gjergjit. Brataj \u2013 Vlore. &#8211; (8)\" data-image-description=\"\" data-image-caption=\"\" data-medium-file=\"https:\/\/i0.wp.com\/www.shqiperia.com\/blog\/wp-content\/uploads\/2019\/03\/Rr%C3%ABnojat-e-Kish%C3%ABs-s%C3%AB-Sh%C3%ABn-Gjergjit.-Brataj-%E2%80%93-Vlore.-8.jpg?fit=300%2C200&amp;ssl=1\" data-large-file=\"https:\/\/i0.wp.com\/www.shqiperia.com\/blog\/wp-content\/uploads\/2019\/03\/Rr%C3%ABnojat-e-Kish%C3%ABs-s%C3%AB-Sh%C3%ABn-Gjergjit.-Brataj-%E2%80%93-Vlore.-8.jpg?fit=960%2C640&amp;ssl=1\" class=\"alignnone wp-image-18011\" alt=\"\" src=\"https:\/\/i0.wp.com\/www.shqiperia.com\/blog\/wp-content\/uploads\/2019\/03\/Rr%C3%ABnojat-e-Kish%C3%ABs-s%C3%AB-Sh%C3%ABn-Gjergjit.-Brataj-%E2%80%93-Vlore.-8-300x200.jpg?resize=738%2C492\" width=\"738\" height=\"492\" srcset=\"https:\/\/i0.wp.com\/www.shqiperia.com\/blog\/wp-content\/uploads\/2019\/03\/Rr%C3%ABnojat-e-Kish%C3%ABs-s%C3%AB-Sh%C3%ABn-Gjergjit.-Brataj-%E2%80%93-Vlore.-8.jpg?resize=300%2C200&amp;ssl=1 300w, https:\/\/i0.wp.com\/www.shqiperia.com\/blog\/wp-content\/uploads\/2019\/03\/Rr%C3%ABnojat-e-Kish%C3%ABs-s%C3%AB-Sh%C3%ABn-Gjergjit.-Brataj-%E2%80%93-Vlore.-8.jpg?resize=768%2C512&amp;ssl=1 768w, https:\/\/i0.wp.com\/www.shqiperia.com\/blog\/wp-content\/uploads\/2019\/03\/Rr%C3%ABnojat-e-Kish%C3%ABs-s%C3%AB-Sh%C3%ABn-Gjergjit.-Brataj-%E2%80%93-Vlore.-8.jpg?resize=600%2C400&amp;ssl=1 600w, https:\/\/i0.wp.com\/www.shqiperia.com\/blog\/wp-content\/uploads\/2019\/03\/Rr%C3%ABnojat-e-Kish%C3%ABs-s%C3%AB-Sh%C3%ABn-Gjergjit.-Brataj-%E2%80%93-Vlore.-8.jpg?resize=450%2C300&amp;ssl=1 450w, https:\/\/i0.wp.com\/www.shqiperia.com\/blog\/wp-content\/uploads\/2019\/03\/Rr%C3%ABnojat-e-Kish%C3%ABs-s%C3%AB-Sh%C3%ABn-Gjergjit.-Brataj-%E2%80%93-Vlore.-8.jpg?resize=400%2C267&amp;ssl=1 400w, https:\/\/i0.wp.com\/www.shqiperia.com\/blog\/wp-content\/uploads\/2019\/03\/Rr%C3%ABnojat-e-Kish%C3%ABs-s%C3%AB-Sh%C3%ABn-Gjergjit.-Brataj-%E2%80%93-Vlore.-8.jpg?w=960&amp;ssl=1 960w\" sizes=\"auto, (max-width: 738px) 100vw, 738px\" \/><\/p>\n<p>Bibliografia: A. Meksi., Arkitektura e Kishave n\u00eb Shqip\u00ebri (Shekujt VII-XV). ShB Uegen, Tiran\u00eb 2004, f. 220-221; S. Xhyheri, S. Mu\u00e7aj, A. Pentkovskiy, I. Ristani., K\u00ebrkime arkeologjike n\u00eb krahin\u00ebn e Vlor\u00ebs, Mallakastr\u00ebs, Myzeqes\u00eb dhe Kor\u00e7\u00ebs, Candavia 6, 2016, f. 289-292.<\/p>\n<p>Funksioni: Objekt kulti, monument kulture.<\/p>\n<p>Hyrja: Pa bilet\u00eb.<\/p>\n<p>Itinerari: P\u00ebr t\u00eb vizituar \u201cRr\u00ebnojat e Kish\u00ebs s\u00eb Sh\u00ebn Gjergjit\u201d, duhet t\u00eb ndiqni rrug\u00ebn e \u201cLumit t\u00eb Vlor\u00ebs\u201d nga qyteti i Vlor\u00ebs drejt fshatit Brataj. P\u00ebr t\u00eb kaluar n\u00eb bregun e djatht\u00eb t\u00eb lumit ku ndodhet monumenti, duhet t\u00eb kaloni rrjedh\u00ebn e lumit me nj\u00eb automjet t\u00eb p\u00ebrshtatsh\u00ebm.<\/p>\n<div id=\"attachment_18012\" style=\"width: 588px\" class=\"wp-caption alignnone\"><img data-recalc-dims=\"1\" loading=\"lazy\" decoding=\"async\" aria-describedby=\"caption-attachment-18012\" data-attachment-id=\"18012\" data-permalink=\"https:\/\/www.shqiperia.com\/blog\/rrenojat-e-kishes-se-shen-gjergjit-brataj-vlore\/rrenojat-e-kishes-se-shen-gjergjit-brataj-vlore\/\" data-orig-file=\"https:\/\/i0.wp.com\/www.shqiperia.com\/blog\/wp-content\/uploads\/2019\/03\/Rr%C3%ABnojat-e-Kish%C3%ABs-s%C3%AB-Sh%C3%ABn-Gjergjit.-Brataj-%E2%80%93-Vlore.-.jpg?fit=637%2C960&amp;ssl=1\" data-orig-size=\"637,960\" data-comments-opened=\"1\" data-image-meta=\"{&quot;aperture&quot;:&quot;0&quot;,&quot;credit&quot;:&quot;&quot;,&quot;camera&quot;:&quot;&quot;,&quot;caption&quot;:&quot;&quot;,&quot;created_timestamp&quot;:&quot;0&quot;,&quot;copyright&quot;:&quot;&quot;,&quot;focal_length&quot;:&quot;0&quot;,&quot;iso&quot;:&quot;0&quot;,&quot;shutter_speed&quot;:&quot;0&quot;,&quot;title&quot;:&quot;&quot;,&quot;orientation&quot;:&quot;0&quot;}\" data-image-title=\"Rr\u00ebnojat e Kish\u00ebs s\u00eb Sh\u00ebn Gjergjit. Brataj \u2013 Vlore. &#8211;\" data-image-description=\"\" data-image-caption=\"&lt;p&gt;Rr\u00ebnojat e Kish\u00ebs s\u00eb Sh\u00ebn Gjergjit. Brataj \u2013 Vlore. &#8211;&lt;\/p&gt;\n\" data-medium-file=\"https:\/\/i0.wp.com\/www.shqiperia.com\/blog\/wp-content\/uploads\/2019\/03\/Rr%C3%ABnojat-e-Kish%C3%ABs-s%C3%AB-Sh%C3%ABn-Gjergjit.-Brataj-%E2%80%93-Vlore.-.jpg?fit=199%2C300&amp;ssl=1\" data-large-file=\"https:\/\/i0.wp.com\/www.shqiperia.com\/blog\/wp-content\/uploads\/2019\/03\/Rr%C3%ABnojat-e-Kish%C3%ABs-s%C3%AB-Sh%C3%ABn-Gjergjit.-Brataj-%E2%80%93-Vlore.-.jpg?fit=637%2C960&amp;ssl=1\" class=\" wp-image-18012\" alt=\"\" src=\"https:\/\/i0.wp.com\/www.shqiperia.com\/blog\/wp-content\/uploads\/2019\/03\/Rr%C3%ABnojat-e-Kish%C3%ABs-s%C3%AB-Sh%C3%ABn-Gjergjit.-Brataj-%E2%80%93-Vlore.--199x300.jpg?resize=578%2C871\" width=\"578\" height=\"871\" srcset=\"https:\/\/i0.wp.com\/www.shqiperia.com\/blog\/wp-content\/uploads\/2019\/03\/Rr%C3%ABnojat-e-Kish%C3%ABs-s%C3%AB-Sh%C3%ABn-Gjergjit.-Brataj-%E2%80%93-Vlore.-.jpg?resize=199%2C300&amp;ssl=1 199w, https:\/\/i0.wp.com\/www.shqiperia.com\/blog\/wp-content\/uploads\/2019\/03\/Rr%C3%ABnojat-e-Kish%C3%ABs-s%C3%AB-Sh%C3%ABn-Gjergjit.-Brataj-%E2%80%93-Vlore.-.jpg?resize=450%2C678&amp;ssl=1 450w, https:\/\/i0.wp.com\/www.shqiperia.com\/blog\/wp-content\/uploads\/2019\/03\/Rr%C3%ABnojat-e-Kish%C3%ABs-s%C3%AB-Sh%C3%ABn-Gjergjit.-Brataj-%E2%80%93-Vlore.-.jpg?resize=600%2C904&amp;ssl=1 600w, https:\/\/i0.wp.com\/www.shqiperia.com\/blog\/wp-content\/uploads\/2019\/03\/Rr%C3%ABnojat-e-Kish%C3%ABs-s%C3%AB-Sh%C3%ABn-Gjergjit.-Brataj-%E2%80%93-Vlore.-.jpg?resize=400%2C603&amp;ssl=1 400w, https:\/\/i0.wp.com\/www.shqiperia.com\/blog\/wp-content\/uploads\/2019\/03\/Rr%C3%ABnojat-e-Kish%C3%ABs-s%C3%AB-Sh%C3%ABn-Gjergjit.-Brataj-%E2%80%93-Vlore.-.jpg?w=637&amp;ssl=1 637w\" sizes=\"auto, (max-width: 578px) 100vw, 578px\" \/><p id=\"caption-attachment-18012\" class=\"wp-caption-text\">Rr\u00ebnojat e Kish\u00ebs s\u00eb Sh\u00ebn Gjergjit. Brataj \u2013 Vlore. &#8211;<\/p><\/div>\n<p>DRKK Vlore<\/p>\n","protected":false},"excerpt":{"rendered":"<p>Rr\u00ebnojat e Kish\u00ebs s\u00eb Sh\u00ebn Gjergjit. Brataj \u2013 Vlore. -(Album Foto). Viti\/koha e nd\u00ebrtimit: Shek. X-XI. Vendndodhja: Fshati Brataj, Bashkia Selenic\u00eb. P\u00ebrshkrimi: Rr\u00ebnojat e Kish\u00ebs s\u00eb Sh\u00ebn Gjergjit ndodhen n\u00eb bregun e djatht\u00eb t\u00eb lumit Shushic\u00eb, n\u00eb fshatin Brataj. Kisha ruhet n\u00eb gjendje rr\u00ebnoj\u00eb me mure q\u00eb arrin deri 2-3 m lart\u00ebsi n\u00eb pjes\u00ebn e [&hellip;]<\/p>\n","protected":false},"author":9,"featured_media":18006,"comment_status":"open","ping_status":"open","sticky":false,"template":"","format":"standard","meta":{"jetpack_post_was_ever_published":false,"_jetpack_newsletter_access":"","_jetpack_dont_email_post_to_subs":false,"_jetpack_newsletter_tier_id":0,"_jetpack_memberships_contains_paywalled_content":false,"_jetpack_memberships_contains_paid_content":false,"footnotes":"","jetpack_publicize_message":"","jetpack_publicize_feature_enabled":true,"jetpack_social_post_already_shared":true,"jetpack_social_options":{"image_generator_settings":{"template":"highway","default_image_id":0,"font":"","enabled":false},"version":2}},"categories":[85,10,86],"tags":[],"class_list":["post-18005","post","type-post","status-publish","format-standard","has-post-thumbnail","hentry","category-histori","category-kultura","category-trashegimi-kulturore"],"jetpack_publicize_connections":[],"jetpack_featured_media_url":"https:\/\/i0.wp.com\/www.shqiperia.com\/blog\/wp-content\/uploads\/2019\/03\/Rr%C3%ABnojat-e-Kish%C3%ABs-s%C3%AB-Sh%C3%ABn-Gjergjit.-Brataj-%E2%80%93-Vlore.-7.jpg?fit=834%2C460&ssl=1","jetpack_sharing_enabled":true,"jetpack_shortlink":"https:\/\/wp.me\/p5Z6wp-4Gp","jetpack-related-posts":[{"id":12534,"url":"https:\/\/www.shqiperia.com\/blog\/turizmi-fetar-ne-shqiperi-mes-artit-historise-dhe-besimit\/","url_meta":{"origin":18005,"position":0},"title":"Turizmi fetar n\u00eb Shqip\u00ebri: Mes artit, historis\u00eb dhe besimit. &#8211;","author":"Kurt Farka","date":"October 11, 2018","format":false,"excerpt":"Turizmi fetar n\u00eb Shqip\u00ebri: Mes artit, historis\u00eb dhe besimit. - Nga: Zylyftar Hoxha. - Si n\u00eb t\u00eb gjith\u00eb bot\u00ebn, edhe n\u00eb Shqip\u00ebri, objektet e kultit kan\u00eb ngjallur interes t\u00eb ve\u00e7ant\u00eb, sepse q\u00ebndrojn\u00eb mes artit nga ana arkitekturore, historis\u00eb p\u00ebr nga koha dhe besimit n\u00eb aspektin shpirt\u00ebror. Shqip\u00ebria, ndoshta \u00ebsht\u00eb vendi\u2026","rel":"","context":"In &quot;Blogu i Udh\u00ebtarit&quot;","block_context":{"text":"Blogu i Udh\u00ebtarit","link":"https:\/\/www.shqiperia.com\/blog\/category\/blogu-i-udhetarit\/"},"img":{"alt_text":"","src":"https:\/\/i0.wp.com\/www.shqiperia.com\/blog\/wp-content\/uploads\/2018\/10\/1-kisha.jpg?fit=982%2C546&ssl=1&resize=350%2C200","width":350,"height":200,"srcset":"https:\/\/i0.wp.com\/www.shqiperia.com\/blog\/wp-content\/uploads\/2018\/10\/1-kisha.jpg?fit=982%2C546&ssl=1&resize=350%2C200 1x, https:\/\/i0.wp.com\/www.shqiperia.com\/blog\/wp-content\/uploads\/2018\/10\/1-kisha.jpg?fit=982%2C546&ssl=1&resize=525%2C300 1.5x, https:\/\/i0.wp.com\/www.shqiperia.com\/blog\/wp-content\/uploads\/2018\/10\/1-kisha.jpg?fit=982%2C546&ssl=1&resize=700%2C400 2x"},"classes":[]},{"id":4552,"url":"https:\/\/www.shqiperia.com\/blog\/rrenojat-e-manastirit-te-40-shenjtoreve-shek-vi-album-17-foto\/","url_meta":{"origin":18005,"position":1},"title":"Rr\u00ebnojat e Manastirit t\u00eb 40 Shenjtor\u00ebve: Shek. VI. (+ Album 17 foto). &#8211;","author":"Kurt Farka","date":"March 10, 2018","format":false,"excerpt":"Rr\u00ebnojat e Manastirit t\u00eb 40 Shenjtor\u00ebve, nga i cili morri emrin qyteti i Sarand\u00ebs, ndodhen n\u00eb lindje t\u00eb tij, n\u00eb pjes\u00ebn m\u00eb dominuese t\u00eb kodr\u00ebs s\u00eb Gjasht\u00ebs, Sarande dhe konsiderohet si nj\u00eb nga monumentet me arkitektur\u00ebn m\u00eb unikale. Arkeologu Italian Luigi Maria Ugolini, i cili e ka studiuar at\u00eb n\u00eb\u2026","rel":"","context":"In &quot;Trashegimi Kulturore&quot;","block_context":{"text":"Trashegimi Kulturore","link":"https:\/\/www.shqiperia.com\/blog\/category\/trashegimi-kulturore\/"},"img":{"alt_text":"","src":"https:\/\/i0.wp.com\/www.shqiperia.com\/blog\/wp-content\/uploads\/2018\/03\/1.jpg?fit=525%2C243&ssl=1&resize=350%2C200","width":350,"height":200,"srcset":"https:\/\/i0.wp.com\/www.shqiperia.com\/blog\/wp-content\/uploads\/2018\/03\/1.jpg?fit=525%2C243&ssl=1&resize=350%2C200 1x, https:\/\/i0.wp.com\/www.shqiperia.com\/blog\/wp-content\/uploads\/2018\/03\/1.jpg?fit=525%2C243&ssl=1&resize=525%2C300 1.5x"},"classes":[]},{"id":12612,"url":"https:\/\/www.shqiperia.com\/blog\/trishtimi-i-shen-barbares-gjendja-e-mjerueshme-e-kishes\/","url_meta":{"origin":18005,"position":2},"title":"Trishtimi i Sh\u00ebn Barbar\u00ebs\/ Gjendja e mjerueshme e kish\u00ebs.-","author":"Kurt Farka","date":"October 13, 2018","format":false,"excerpt":"Trishtimi i Sh\u00ebn Barbar\u00ebs\/ Gjendja e mjerueshme e kish\u00ebs.- Nga Fatmira Nikolli. Brendia e kish\u00ebs \u00ebsht\u00eb imazhi i nj\u00eb trishtimi t\u00eb pa skaj. Altari mbi t\u00eb cilin muralet me ngjyra jepnin skena biblike t\u00eb krijon ve\u00e7se nj\u00eb imazh t\u00eb asaj q\u00eb ka qen\u00eb. Copa muresh bien, bashk\u00eb me boj\u00ebn blu\u2026","rel":"","context":"In &quot;Histori&quot;","block_context":{"text":"Histori","link":"https:\/\/www.shqiperia.com\/blog\/category\/histori\/"},"img":{"alt_text":"","src":"https:\/\/i0.wp.com\/www.shqiperia.com\/blog\/wp-content\/uploads\/2018\/10\/20180916_125955-770x433.jpg?fit=770%2C433&ssl=1&resize=350%2C200","width":350,"height":200,"srcset":"https:\/\/i0.wp.com\/www.shqiperia.com\/blog\/wp-content\/uploads\/2018\/10\/20180916_125955-770x433.jpg?fit=770%2C433&ssl=1&resize=350%2C200 1x, https:\/\/i0.wp.com\/www.shqiperia.com\/blog\/wp-content\/uploads\/2018\/10\/20180916_125955-770x433.jpg?fit=770%2C433&ssl=1&resize=525%2C300 1.5x, https:\/\/i0.wp.com\/www.shqiperia.com\/blog\/wp-content\/uploads\/2018\/10\/20180916_125955-770x433.jpg?fit=770%2C433&ssl=1&resize=700%2C400 2x"},"classes":[]},{"id":10425,"url":"https:\/\/www.shqiperia.com\/blog\/libofsh-nis-restaurimi-i-kishes-se-shen-gjergjit\/","url_meta":{"origin":18005,"position":3},"title":"Libofsh, nis restaurimi i Kish\u00ebs s\u00eb Sh\u00ebn Gjergjit. &#8211;","author":"Kurt Farka","date":"July 31, 2018","format":false,"excerpt":"Libofsh, nis restaurimi i Kish\u00ebs s\u00eb Sh\u00ebn Gjergjit. - Nj\u00eb tjet\u00ebr atraksion turistik i shtohet itinerarit m\u00eb t\u00eb ri t\u00eb \u201dRrug\u00ebve t\u00eb besimit\u201d. Nis puna p\u00ebr restaurimin e Kish\u00ebs s\u00eb Sh\u00ebn Gjergjit, Libofsh\u00eb, Fier. Ky restaurimi dhe rijet\u00ebzim nj\u00eb tjet\u00ebr pasuri kulturore vjen fal\u00eb bashk\u00ebpunimit dhe mb\u00ebshtetjes financiare t\u00eb dh\u00ebn\u00eb\u2026","rel":"","context":"In &quot;Histori&quot;","block_context":{"text":"Histori","link":"https:\/\/www.shqiperia.com\/blog\/category\/histori\/"},"img":{"alt_text":"","src":"https:\/\/i0.wp.com\/www.shqiperia.com\/blog\/wp-content\/uploads\/2018\/07\/Kisha-Libofsh.jpg?resize=350%2C200","width":350,"height":200},"classes":[]},{"id":5982,"url":"https:\/\/www.shqiperia.com\/blog\/kisha-e-shen-gjergjit-ne-runikkosove\/","url_meta":{"origin":18005,"position":4},"title":"Kisha e Sh\u00ebn Gjergjit n\u00eb Runik,Kosove. &#8211;","author":"Kurt Farka","date":"April 6, 2018","format":false,"excerpt":"Kisha ndodhet n\u00eb pjesen veri-lindore te fshatit Runik. Sipas historiografis serbe kjo kish\u00eb \u00ebsht\u00eb nd\u00ebrtuar n\u00eb vitet 1600-1700. N\u00eb oborrin e kish\u00ebs ka mbi 40 varre, me tre lloj guresh; gur\u00eb mermeri q\u00eb jan\u00eb vetem dy varre. Kurse n\u00eb varret e tjer\u00eb \u00ebsht\u00eb p\u00ebrdorur nj\u00eb guri i fort\u00eb dhe q\u00eb\u2026","rel":"","context":"In &quot;Shoqerore&quot;","block_context":{"text":"Shoqerore","link":"https:\/\/www.shqiperia.com\/blog\/category\/shoqerore\/"},"img":{"alt_text":"","src":"https:\/\/i0.wp.com\/www.shqiperia.com\/blog\/wp-content\/uploads\/2018\/04\/Kisha-e-Sh%C3%ABn-Gjergjit-n%C3%AB-Runik-4.jpg?fit=960%2C720&ssl=1&resize=350%2C200","width":350,"height":200,"srcset":"https:\/\/i0.wp.com\/www.shqiperia.com\/blog\/wp-content\/uploads\/2018\/04\/Kisha-e-Sh%C3%ABn-Gjergjit-n%C3%AB-Runik-4.jpg?fit=960%2C720&ssl=1&resize=350%2C200 1x, https:\/\/i0.wp.com\/www.shqiperia.com\/blog\/wp-content\/uploads\/2018\/04\/Kisha-e-Sh%C3%ABn-Gjergjit-n%C3%AB-Runik-4.jpg?fit=960%2C720&ssl=1&resize=525%2C300 1.5x, https:\/\/i0.wp.com\/www.shqiperia.com\/blog\/wp-content\/uploads\/2018\/04\/Kisha-e-Sh%C3%ABn-Gjergjit-n%C3%AB-Runik-4.jpg?fit=960%2C720&ssl=1&resize=700%2C400 2x"},"classes":[]},{"id":553,"url":"https:\/\/www.shqiperia.com\/blog\/shen-gjergji-apo-shembelltyra-e-princit-arber-andrea-muzakes\/","url_meta":{"origin":18005,"position":5},"title":"Sh\u00ebn Gjergji apo sh\u00ebmb\u00eblltyra e Princit Arb\u00ebr Andrea Muzak\u00ebs?","author":"Kurt Farka","date":"January 7, 2018","format":false,"excerpt":"Nga: P\u00ebllumb Xhufi. Shkeputur nga libri: \"Nga Paleolog\u00ebt te Muzakajt\". Tiran\u00eb; 2009, Sht\u00ebpia Botuese 55, fq 278-279. Ne afresket e Kish\u00ebs s\u00eb Sh\u00ebn Athanasit t\u00eb Kosturit gjendet i pikturuar dhe Sh\u00ebn Gjergji i cili n\u00eb m\u00ebnyr\u00eb krejt t\u00eb pazakont\u00eb p\u00ebr ikonografin\u00eb bizantine mban nj\u00eb mantel q\u00eb ka p\u00ebr dizenjo shqiponj\u00ebn\u2026","rel":"","context":"In &quot;Kultura&quot;","block_context":{"text":"Kultura","link":"https:\/\/www.shqiperia.com\/blog\/category\/kultura\/"},"img":{"alt_text":"","src":"https:\/\/i0.wp.com\/www.shqiperia.com\/blog\/wp-content\/uploads\/2018\/01\/26169508_10215213189341726_8155591736619332039_n.jpg?fit=402%2C960&ssl=1&resize=350%2C200","width":350,"height":200},"classes":[]}],"_links":{"self":[{"href":"https:\/\/www.shqiperia.com\/blog\/wp-json\/wp\/v2\/posts\/18005","targetHints":{"allow":["GET"]}}],"collection":[{"href":"https:\/\/www.shqiperia.com\/blog\/wp-json\/wp\/v2\/posts"}],"about":[{"href":"https:\/\/www.shqiperia.com\/blog\/wp-json\/wp\/v2\/types\/post"}],"author":[{"embeddable":true,"href":"https:\/\/www.shqiperia.com\/blog\/wp-json\/wp\/v2\/users\/9"}],"replies":[{"embeddable":true,"href":"https:\/\/www.shqiperia.com\/blog\/wp-json\/wp\/v2\/comments?post=18005"}],"version-history":[{"count":3,"href":"https:\/\/www.shqiperia.com\/blog\/wp-json\/wp\/v2\/posts\/18005\/revisions"}],"predecessor-version":[{"id":24036,"href":"https:\/\/www.shqiperia.com\/blog\/wp-json\/wp\/v2\/posts\/18005\/revisions\/24036"}],"wp:featuredmedia":[{"embeddable":true,"href":"https:\/\/www.shqiperia.com\/blog\/wp-json\/wp\/v2\/media\/18006"}],"wp:attachment":[{"href":"https:\/\/www.shqiperia.com\/blog\/wp-json\/wp\/v2\/media?parent=18005"}],"wp:term":[{"taxonomy":"category","embeddable":true,"href":"https:\/\/www.shqiperia.com\/blog\/wp-json\/wp\/v2\/categories?post=18005"},{"taxonomy":"post_tag","embeddable":true,"href":"https:\/\/www.shqiperia.com\/blog\/wp-json\/wp\/v2\/tags?post=18005"}],"curies":[{"name":"wp","href":"https:\/\/api.w.org\/{rel}","templated":true}]}}