{"id":17998,"date":"2019-03-03T13:28:42","date_gmt":"2019-03-03T13:28:42","guid":{"rendered":"http:\/\/www.shqiperia.com\/blog\/?p=17998"},"modified":"2019-03-03T13:30:13","modified_gmt":"2019-03-03T13:30:13","slug":"mjeku-jep-alarmin-gazi-lotsjelles-mund-te-shkaktoje-vdekjen","status":"publish","type":"post","link":"https:\/\/www.shqiperia.com\/blog\/mjeku-jep-alarmin-gazi-lotsjelles-mund-te-shkaktoje-vdekjen\/","title":{"rendered":"Mjeku jep alarmin: Gazi lotsjell\u00ebs mund t\u00eb shkaktoj\u00eb vdekjen. &#8211;"},"content":{"rendered":"<p><img data-recalc-dims=\"1\" loading=\"lazy\" decoding=\"async\" data-attachment-id=\"18000\" data-permalink=\"https:\/\/www.shqiperia.com\/blog\/mjeku-jep-alarmin-gazi-lotsjelles-mund-te-shkaktoje-vdekjen\/gazi-lotsjelles-2\/\" data-orig-file=\"https:\/\/i0.wp.com\/www.shqiperia.com\/blog\/wp-content\/uploads\/2019\/03\/gazi-lotsjelles-2.jpg?fit=403%2C241&amp;ssl=1\" data-orig-size=\"403,241\" data-comments-opened=\"1\" data-image-meta=\"{&quot;aperture&quot;:&quot;0&quot;,&quot;credit&quot;:&quot;&quot;,&quot;camera&quot;:&quot;&quot;,&quot;caption&quot;:&quot;&quot;,&quot;created_timestamp&quot;:&quot;0&quot;,&quot;copyright&quot;:&quot;&quot;,&quot;focal_length&quot;:&quot;0&quot;,&quot;iso&quot;:&quot;0&quot;,&quot;shutter_speed&quot;:&quot;0&quot;,&quot;title&quot;:&quot;&quot;,&quot;orientation&quot;:&quot;1&quot;}\" data-image-title=\"gazi-lotsjelles-2\" data-image-description=\"\" data-image-caption=\"\" data-medium-file=\"https:\/\/i0.wp.com\/www.shqiperia.com\/blog\/wp-content\/uploads\/2019\/03\/gazi-lotsjelles-2.jpg?fit=300%2C179&amp;ssl=1\" data-large-file=\"https:\/\/i0.wp.com\/www.shqiperia.com\/blog\/wp-content\/uploads\/2019\/03\/gazi-lotsjelles-2.jpg?fit=403%2C241&amp;ssl=1\" class=\"alignnone  wp-image-18000\" alt=\"\" src=\"https:\/\/i0.wp.com\/www.shqiperia.com\/blog\/wp-content\/uploads\/2019\/03\/gazi-lotsjelles-2-300x179.jpg?resize=441%2C263\" width=\"441\" height=\"263\" srcset=\"https:\/\/i0.wp.com\/www.shqiperia.com\/blog\/wp-content\/uploads\/2019\/03\/gazi-lotsjelles-2.jpg?resize=300%2C179&amp;ssl=1 300w, https:\/\/i0.wp.com\/www.shqiperia.com\/blog\/wp-content\/uploads\/2019\/03\/gazi-lotsjelles-2.jpg?resize=400%2C239&amp;ssl=1 400w, https:\/\/i0.wp.com\/www.shqiperia.com\/blog\/wp-content\/uploads\/2019\/03\/gazi-lotsjelles-2.jpg?w=403&amp;ssl=1 403w\" sizes=\"auto, (max-width: 441px) 100vw, 441px\" \/><\/p>\n<p><strong>Mjeku jep alarmin: Gazi lotsjell\u00ebs mund t\u00eb shkaktoj\u00eb vdekjen. &#8211;<\/strong><\/p>\n<p>Gazi lotsjell\u00ebs i p\u00ebrdoruar nga forcat e rendit n\u00eb protest\u00ebn e opozit\u00ebs s\u00eb bashkuar, shkaktoi debat p\u00ebr m\u00ebnyr\u00ebn se si u p\u00ebrdor ai si edhe p\u00ebr efektet q\u00eb shkakton te protestuesit. Lidhur me k\u00ebto efekte mjeku pneumolog, Adrian Jorgji, i ftuar n\u00eb \u201cKjo Jav\u00eb\u201d tha se gazi lotsjell\u00ebs hyn n\u00eb familjen e l\u00ebnd\u00ebve helmuese dhe \u00ebsht\u00eb i ndaluar me konvent\u00eb nd\u00ebrkomb\u00ebtare t\u00eb p\u00ebrdoret edhe n\u00eb luft\u00eb.<\/p>\n<p>\u201c<em>Gazi lotsjell\u00ebs \u00ebsht\u00eb i ndaluar t\u00eb p\u00ebrdoret n\u00eb luft\u00ebra. Jo vet\u00ebm \u00ebsht\u00eb i ndaluar, por n\u00eb Konventat Nd\u00ebrkomb\u00ebare b\u00ebhet fjal\u00eb p\u00ebr kushtet specifike dhe dozat specifike t\u00eb p\u00ebrdorimit.\u00a0Gazi lotsjell\u00ebs \u00ebsht\u00eb pjes\u00eb e familjes s\u00eb arm\u00ebve helmuese\u201d,<\/em>\u00a0thot\u00eb Jorgji.<\/p>\n<p><span>\u00a0<img data-recalc-dims=\"1\" loading=\"lazy\" decoding=\"async\" data-attachment-id=\"18001\" data-permalink=\"https:\/\/www.shqiperia.com\/blog\/mjeku-jep-alarmin-gazi-lotsjelles-mund-te-shkaktoje-vdekjen\/gazi-lotsjelles-2-1\/\" data-orig-file=\"https:\/\/i0.wp.com\/www.shqiperia.com\/blog\/wp-content\/uploads\/2019\/03\/gazi-lotsjelles-2-1.jpg?fit=700%2C403&amp;ssl=1\" data-orig-size=\"700,403\" data-comments-opened=\"1\" data-image-meta=\"{&quot;aperture&quot;:&quot;0&quot;,&quot;credit&quot;:&quot;&quot;,&quot;camera&quot;:&quot;&quot;,&quot;caption&quot;:&quot;&quot;,&quot;created_timestamp&quot;:&quot;0&quot;,&quot;copyright&quot;:&quot;&quot;,&quot;focal_length&quot;:&quot;0&quot;,&quot;iso&quot;:&quot;0&quot;,&quot;shutter_speed&quot;:&quot;0&quot;,&quot;title&quot;:&quot;&quot;,&quot;orientation&quot;:&quot;0&quot;}\" data-image-title=\"gazi-lotsjelles-2 (1)\" data-image-description=\"\" data-image-caption=\"\" data-medium-file=\"https:\/\/i0.wp.com\/www.shqiperia.com\/blog\/wp-content\/uploads\/2019\/03\/gazi-lotsjelles-2-1.jpg?fit=300%2C173&amp;ssl=1\" data-large-file=\"https:\/\/i0.wp.com\/www.shqiperia.com\/blog\/wp-content\/uploads\/2019\/03\/gazi-lotsjelles-2-1.jpg?fit=700%2C403&amp;ssl=1\" class=\"alignnone  wp-image-18001\" alt=\"\" src=\"https:\/\/i0.wp.com\/www.shqiperia.com\/blog\/wp-content\/uploads\/2019\/03\/gazi-lotsjelles-2-1-300x173.jpg?resize=541%2C312\" width=\"541\" height=\"312\" srcset=\"https:\/\/i0.wp.com\/www.shqiperia.com\/blog\/wp-content\/uploads\/2019\/03\/gazi-lotsjelles-2-1.jpg?resize=300%2C173&amp;ssl=1 300w, https:\/\/i0.wp.com\/www.shqiperia.com\/blog\/wp-content\/uploads\/2019\/03\/gazi-lotsjelles-2-1.jpg?resize=450%2C259&amp;ssl=1 450w, https:\/\/i0.wp.com\/www.shqiperia.com\/blog\/wp-content\/uploads\/2019\/03\/gazi-lotsjelles-2-1.jpg?resize=600%2C345&amp;ssl=1 600w, https:\/\/i0.wp.com\/www.shqiperia.com\/blog\/wp-content\/uploads\/2019\/03\/gazi-lotsjelles-2-1.jpg?resize=400%2C230&amp;ssl=1 400w, https:\/\/i0.wp.com\/www.shqiperia.com\/blog\/wp-content\/uploads\/2019\/03\/gazi-lotsjelles-2-1.jpg?w=700&amp;ssl=1 700w\" sizes=\"auto, (max-width: 541px) 100vw, 541px\" \/><\/span><\/p>\n<p>Gjithashtu ai ngre shqet\u00ebsimin se nga gazi lotsjell\u00ebs mund t\u00eb shkaktohet edhe vdekja, sidomos p\u00ebr ata persona q\u00eb vuajn\u00eb nga s\u00ebmundje kardiake dhe t\u00eb hipertensionit.<\/p>\n<p><strong>Pasojat n\u00eb organiz\u00ebm<\/strong><br \/>\nP\u00ebr kardiak\u00ebt mund t\u00eb ket\u00eb deri n\u00eb pasoja vdekjeprur\u00ebse.\u00a0Shkakton rritje t\u00eb tensionit e deri n\u00eb goditje n\u00eb zem\u00ebr. Kemi edhe pneumoni klinike e pulmonare n\u00ebse p\u00ebrdoret ne mas\u00eb t\u00eb tepruar. Varet nga gjendja e organizimit, ana nervore q\u00eb mund t\u00eb shkaktoj\u00eb ankth e deri n\u00eb kriza paniku, rritje t\u00eb pulsit, tensionit, t\u00eb djersitjes. Efekti nga 30 minuta e deri n\u00eb disa dit\u00eb. Shkakton edhe komplikacione n\u00eb stomak e m\u00ebl\u00e7i. N\u00eb l\u00ebkur\u00eb djegie deri n\u00eb shkall\u00ebn e par\u00eb, por edhe m\u00eb t\u00eb r\u00ebnd\u00eb. Mund t\u00eb shkaktoj\u00eb edhe verb\u00ebrim t\u00eb p\u00ebrkohsh\u00ebm.<\/p>\n<p><img data-recalc-dims=\"1\" loading=\"lazy\" decoding=\"async\" data-attachment-id=\"18002\" data-permalink=\"https:\/\/www.shqiperia.com\/blog\/mjeku-jep-alarmin-gazi-lotsjelles-mund-te-shkaktoje-vdekjen\/gazi-lotsjelles-2-2\/\" data-orig-file=\"https:\/\/i0.wp.com\/www.shqiperia.com\/blog\/wp-content\/uploads\/2019\/03\/gazi-lotsjelles-2-2.jpg?fit=403%2C241&amp;ssl=1\" data-orig-size=\"403,241\" data-comments-opened=\"1\" data-image-meta=\"{&quot;aperture&quot;:&quot;0&quot;,&quot;credit&quot;:&quot;&quot;,&quot;camera&quot;:&quot;&quot;,&quot;caption&quot;:&quot;&quot;,&quot;created_timestamp&quot;:&quot;0&quot;,&quot;copyright&quot;:&quot;&quot;,&quot;focal_length&quot;:&quot;0&quot;,&quot;iso&quot;:&quot;0&quot;,&quot;shutter_speed&quot;:&quot;0&quot;,&quot;title&quot;:&quot;&quot;,&quot;orientation&quot;:&quot;1&quot;}\" data-image-title=\"gazi-lotsjelles-2\" data-image-description=\"\" data-image-caption=\"\" data-medium-file=\"https:\/\/i0.wp.com\/www.shqiperia.com\/blog\/wp-content\/uploads\/2019\/03\/gazi-lotsjelles-2-2.jpg?fit=300%2C179&amp;ssl=1\" data-large-file=\"https:\/\/i0.wp.com\/www.shqiperia.com\/blog\/wp-content\/uploads\/2019\/03\/gazi-lotsjelles-2-2.jpg?fit=403%2C241&amp;ssl=1\" class=\"alignnone  wp-image-18002\" alt=\"\" src=\"https:\/\/i0.wp.com\/www.shqiperia.com\/blog\/wp-content\/uploads\/2019\/03\/gazi-lotsjelles-2-2-300x179.jpg?resize=761%2C454\" width=\"761\" height=\"454\" srcset=\"https:\/\/i0.wp.com\/www.shqiperia.com\/blog\/wp-content\/uploads\/2019\/03\/gazi-lotsjelles-2-2.jpg?resize=300%2C179&amp;ssl=1 300w, https:\/\/i0.wp.com\/www.shqiperia.com\/blog\/wp-content\/uploads\/2019\/03\/gazi-lotsjelles-2-2.jpg?resize=400%2C239&amp;ssl=1 400w, https:\/\/i0.wp.com\/www.shqiperia.com\/blog\/wp-content\/uploads\/2019\/03\/gazi-lotsjelles-2-2.jpg?w=403&amp;ssl=1 403w\" sizes=\"auto, (max-width: 761px) 100vw, 761px\" \/><\/p>\n","protected":false},"excerpt":{"rendered":"<p>Mjeku jep alarmin: Gazi lotsjell\u00ebs mund t\u00eb shkaktoj\u00eb vdekjen. &#8211; Gazi lotsjell\u00ebs i p\u00ebrdoruar nga forcat e rendit n\u00eb protest\u00ebn e opozit\u00ebs s\u00eb bashkuar, shkaktoi debat p\u00ebr m\u00ebnyr\u00ebn se si u p\u00ebrdor ai si edhe p\u00ebr efektet q\u00eb shkakton te protestuesit. Lidhur me k\u00ebto efekte mjeku pneumolog, Adrian Jorgji, i ftuar n\u00eb \u201cKjo Jav\u00eb\u201d tha [&hellip;]<\/p>\n","protected":false},"author":9,"featured_media":18000,"comment_status":"open","ping_status":"open","sticky":false,"template":"","format":"standard","meta":{"jetpack_post_was_ever_published":false,"_jetpack_newsletter_access":"","_jetpack_dont_email_post_to_subs":false,"_jetpack_newsletter_tier_id":0,"_jetpack_memberships_contains_paywalled_content":false,"_jetpack_memberships_contains_paid_content":false,"footnotes":"","jetpack_publicize_message":"","jetpack_publicize_feature_enabled":true,"jetpack_social_post_already_shared":true,"jetpack_social_options":{"image_generator_settings":{"template":"highway","default_image_id":0,"font":"","enabled":false},"version":2}},"categories":[27,10,35],"tags":[],"class_list":["post-17998","post","type-post","status-publish","format-standard","has-post-thumbnail","hentry","category-blogu-i-udhetarit","category-kultura","category-shoqerore"],"jetpack_publicize_connections":[],"jetpack_featured_media_url":"https:\/\/i0.wp.com\/www.shqiperia.com\/blog\/wp-content\/uploads\/2019\/03\/gazi-lotsjelles-2.jpg?fit=403%2C241&ssl=1","jetpack_sharing_enabled":true,"jetpack_shortlink":"https:\/\/wp.me\/p5Z6wp-4Gi","jetpack-related-posts":[{"id":96978,"url":"https:\/\/www.shqiperia.com\/blog\/gazi-lotsjelles-i-skaduar-ne-proteste-disa-here-me-i-demshem-myzyraj-ndalohet-sipas-konventave-nderkombetare\/","url_meta":{"origin":17998,"position":0},"title":"\u2018Gazi lotsjell\u00ebs i skaduar n\u00eb protest\u00eb, disa her\u00eb m\u00eb i d\u00ebmsh\u00ebm\u2019. Myzyraj: &#8211; Ndalohet sipas konventave nd\u00ebrkomb\u00ebtare","author":"Kurt Farka","date":"January 26, 2026","format":false,"excerpt":"26 Janar 2026 Gazetari Isa Myzyraj, i ftuar n\u00eb nj\u00eb emision televiziv, ka komentuar p\u00ebrdorimin e gazit lotsjell\u00ebs gjat\u00eb protest\u00ebs s\u00eb Partis\u00eb Demokratike, t\u00eb zhvilluar dy dit\u00eb m\u00eb par\u00eb, ku u konstatua se gazi i p\u00ebrdorur ishte i skaduar prej rreth tre vitesh. Myzyraj u shpreh se n\u00eb shum\u00eb raste,\u2026","rel":"","context":"In &quot;Blogu i Udh\u00ebtarit&quot;","block_context":{"text":"Blogu i Udh\u00ebtarit","link":"https:\/\/www.shqiperia.com\/blog\/category\/blogu-i-udhetarit\/"},"img":{"alt_text":"","src":"https:\/\/i0.wp.com\/www.shqiperia.com\/blog\/wp-content\/uploads\/2026\/01\/dsfgdsfgsdfg-770x413-1.jpg?fit=770%2C413&ssl=1&resize=350%2C200","width":350,"height":200,"srcset":"https:\/\/i0.wp.com\/www.shqiperia.com\/blog\/wp-content\/uploads\/2026\/01\/dsfgdsfgsdfg-770x413-1.jpg?fit=770%2C413&ssl=1&resize=350%2C200 1x, https:\/\/i0.wp.com\/www.shqiperia.com\/blog\/wp-content\/uploads\/2026\/01\/dsfgdsfgsdfg-770x413-1.jpg?fit=770%2C413&ssl=1&resize=525%2C300 1.5x, https:\/\/i0.wp.com\/www.shqiperia.com\/blog\/wp-content\/uploads\/2026\/01\/dsfgdsfgsdfg-770x413-1.jpg?fit=770%2C413&ssl=1&resize=700%2C400 2x"},"classes":[]},{"id":17955,"url":"https:\/\/www.shqiperia.com\/blog\/letra-e-policise-se-shtetit-ndjese-nese-gazi-lotsjelles-ju-solli-shqetesim-per-shendetin\/","url_meta":{"origin":17998,"position":1},"title":"Letra e Policis\u00eb s\u00eb Shtetit: Ndjes\u00eb n\u00ebse gazi lotsjell\u00ebs ju solli shqet\u00ebsim p\u00ebr sh\u00ebndetin.","author":"Kurt Farka","date":"March 2, 2019","format":false,"excerpt":"Letra e Policis\u00eb s\u00eb Shtetit: Ndjes\u00eb n\u00ebse gazi lotsjell\u00ebs ju solli shqet\u00ebsim p\u00ebr sh\u00ebndetin. Ardi Veliu ka shprehur ndjes\u00eb ndaj klient\u00ebve dhe bizneseve n\u00eb zon\u00ebn para parlamentit p\u00ebr shkak t\u00eb p\u00ebrdorimit t\u00eb gazit lotsjell\u00ebs gjat\u00eb protest\u00ebs s\u00eb opozit\u00ebs. Drejtori i P\u00ebrgjithsh\u00ebm i Policis\u00eb s\u00eb Shtetit Ardi Veliu p\u00ebrmes nj\u00eb letre\u2026","rel":"","context":"In &quot;Blogu i Udh\u00ebtarit&quot;","block_context":{"text":"Blogu i Udh\u00ebtarit","link":"https:\/\/www.shqiperia.com\/blog\/category\/blogu-i-udhetarit\/"},"img":{"alt_text":"","src":"https:\/\/i0.wp.com\/www.shqiperia.com\/blog\/wp-content\/uploads\/2019\/03\/5c793ffa08338ardi-veliu.jpeg?fit=913%2C389&ssl=1&resize=350%2C200","width":350,"height":200,"srcset":"https:\/\/i0.wp.com\/www.shqiperia.com\/blog\/wp-content\/uploads\/2019\/03\/5c793ffa08338ardi-veliu.jpeg?fit=913%2C389&ssl=1&resize=350%2C200 1x, https:\/\/i0.wp.com\/www.shqiperia.com\/blog\/wp-content\/uploads\/2019\/03\/5c793ffa08338ardi-veliu.jpeg?fit=913%2C389&ssl=1&resize=525%2C300 1.5x, https:\/\/i0.wp.com\/www.shqiperia.com\/blog\/wp-content\/uploads\/2019\/03\/5c793ffa08338ardi-veliu.jpeg?fit=913%2C389&ssl=1&resize=700%2C400 2x"},"classes":[]},{"id":96905,"url":"https:\/\/www.shqiperia.com\/blog\/toksikologet-paralajmerojne-nderkohe-se-gazit-te-skaduar-i-hedhur-mbi-protestuesit-mund-te-shkaktoje-probleme-afatgjata-me-frymemarrjen-dhe-deri-te-demtimet-e-perhershme-te-syve\/","url_meta":{"origin":17998,"position":2},"title":"Toksikolog\u00ebt paralajm\u00ebrojn\u00eb nd\u00ebrkoh\u00eb se gazit t\u00eb skaduar i hedhur mbi protestuesit mund t\u00eb shkaktoj\u00eb probleme afatgjata me frym\u00ebmarrjen dhe deri te d\u00ebmtimet e p\u00ebrhershme t\u00eb syve","author":"Kurt Farka","date":"January 25, 2026","format":false,"excerpt":"25 Janar 2026 Nga: Top Channe Policia dhe Garda e Republik\u00ebs akuzohen se kan\u00eb p\u00ebrdorur gaz lotsjell\u00ebs t\u00eb skaduar n\u00eb protest\u00ebn e organizuar nga Partia Demokratike t\u00eb shtun\u00ebn. Fotot nga granatat e hedhura p\u00ebr t\u00eb shp\u00ebrndar\u00eb turmat te Kryeministri dhe Kuvendi tregojn\u00eb se gazi ka skaduar q\u00eb n\u00eb vitin 2023.\u2026","rel":"","context":"In &quot;Blogu i Udh\u00ebtarit&quot;","block_context":{"text":"Blogu i Udh\u00ebtarit","link":"https:\/\/www.shqiperia.com\/blog\/category\/blogu-i-udhetarit\/"},"img":{"alt_text":"","src":"https:\/\/i0.wp.com\/www.shqiperia.com\/blog\/wp-content\/uploads\/2026\/01\/auto_gaz1769296017.jpg?fit=900%2C552&ssl=1&resize=350%2C200","width":350,"height":200,"srcset":"https:\/\/i0.wp.com\/www.shqiperia.com\/blog\/wp-content\/uploads\/2026\/01\/auto_gaz1769296017.jpg?fit=900%2C552&ssl=1&resize=350%2C200 1x, https:\/\/i0.wp.com\/www.shqiperia.com\/blog\/wp-content\/uploads\/2026\/01\/auto_gaz1769296017.jpg?fit=900%2C552&ssl=1&resize=525%2C300 1.5x, https:\/\/i0.wp.com\/www.shqiperia.com\/blog\/wp-content\/uploads\/2026\/01\/auto_gaz1769296017.jpg?fit=900%2C552&ssl=1&resize=700%2C400 2x"},"classes":[]},{"id":72300,"url":"https:\/\/www.shqiperia.com\/blog\/tensionet-ne-kampin-e-mek-ne-manze-lubonja-dukej-sikur-po-pergatitej-nje-sulm-ushtarak-jo-kibernetik-nese-viktima-ka-nderruar-jete-nga-gazi-lotsjelles\/","url_meta":{"origin":17998,"position":3},"title":"Tensionet n\u00eb kampin e MEK n\u00eb Manz\u00eb, Lubonja: &#8211; Dukej sikur po p\u00ebrgatitej nj\u00eb sulm ushtarak, jo kibernetik. &#8211; N\u00ebse viktima ka nd\u00ebrruar jet\u00eb nga gazi lotsjell\u00ebs\u2026","author":"Kurt Farka","date":"June 21, 2023","format":false,"excerpt":"21 Qershor 2023 Analisti Fatos Lubonja ka folur p\u00ebr tensionet e shkaktuara dit\u00ebn e sotme n\u00eb kampin e MEK n\u00eb Manz\u00eb, pas nd\u00ebrhyrjes s\u00eb forcave t\u00eb policis\u00eb. Ai u shpreh se nga ajo q\u00eb ndodhi duket sikur po p\u00ebrgatitej nj\u00eb sulm ushtarak dhe jo kibernetik. Sipas Lubonj\u00ebs, polic\u00ebt kan\u00eb tejkaluar\u2026","rel":"","context":"In &quot;Blogu i Udh\u00ebtarit&quot;","block_context":{"text":"Blogu i Udh\u00ebtarit","link":"https:\/\/www.shqiperia.com\/blog\/category\/blogu-i-udhetarit\/"},"img":{"alt_text":"","src":"https:\/\/i0.wp.com\/www.shqiperia.com\/blog\/wp-content\/uploads\/2023\/06\/lubonjaaa-768x449-1.jpg?fit=768%2C449&ssl=1&resize=350%2C200","width":350,"height":200,"srcset":"https:\/\/i0.wp.com\/www.shqiperia.com\/blog\/wp-content\/uploads\/2023\/06\/lubonjaaa-768x449-1.jpg?fit=768%2C449&ssl=1&resize=350%2C200 1x, https:\/\/i0.wp.com\/www.shqiperia.com\/blog\/wp-content\/uploads\/2023\/06\/lubonjaaa-768x449-1.jpg?fit=768%2C449&ssl=1&resize=525%2C300 1.5x, https:\/\/i0.wp.com\/www.shqiperia.com\/blog\/wp-content\/uploads\/2023\/06\/lubonjaaa-768x449-1.jpg?fit=768%2C449&ssl=1&resize=700%2C400 2x"},"classes":[]},{"id":49277,"url":"https:\/\/www.shqiperia.com\/blog\/serbet-doni-ju-mbajini-kuvat-gazi-lotsjelles-ne-koncertin-e-goran-bregovic-ja-momenti-kur-qytetari-perplaset-me-policine\/","url_meta":{"origin":17998,"position":4},"title":"&#8220;Serb\u00ebt doni ju? Mbajini ku*vat! &#8211; \u00a0Gazi lotsjell\u00ebs n\u00eb koncertin e Goran Bregovi\u00e7, ja momenti kur qytetari p\u00ebrplaset me policin\u00eb","author":"Kurt Farka","date":"August 23, 2021","format":false,"excerpt":"\"Serb\u00ebt doni ju? Mbajini ku*vat! - \u00a0Gazi lotsjell\u00ebs n\u00eb koncertin e Goran Bregovi\u00e7, ja momenti kur qytetari p\u00ebrplaset me policin\u00eb 23 GUSHT 2021 \"Serb\u00ebt doni ju? Mbajini ku*vat! Koncerti i Goran Bregovi\u00e7 n\u00eb Kor\u00e7\u00eb nuk kaloi pa incidente. 8 persona jan\u00eb shoq\u00ebruar nga Policia e Kor\u00e7\u00ebs si t\u00eb dyshuar p\u00ebr\u2026","rel":"","context":"In &quot;Blogu i Udh\u00ebtarit&quot;","block_context":{"text":"Blogu i Udh\u00ebtarit","link":"https:\/\/www.shqiperia.com\/blog\/category\/blogu-i-udhetarit\/"},"img":{"alt_text":"","src":"https:\/\/i0.wp.com\/www.shqiperia.com\/blog\/wp-content\/uploads\/2021\/08\/640-0-6123348451d15.jpg?fit=640%2C359&ssl=1&resize=350%2C200","width":350,"height":200,"srcset":"https:\/\/i0.wp.com\/www.shqiperia.com\/blog\/wp-content\/uploads\/2021\/08\/640-0-6123348451d15.jpg?fit=640%2C359&ssl=1&resize=350%2C200 1x, https:\/\/i0.wp.com\/www.shqiperia.com\/blog\/wp-content\/uploads\/2021\/08\/640-0-6123348451d15.jpg?fit=640%2C359&ssl=1&resize=525%2C300 1.5x"},"classes":[]},{"id":31708,"url":"https:\/\/www.shqiperia.com\/blog\/media-kosovare-sander-lleshaj-genjeu-gazin-lotsjelles-per-te-shtypur-protestuesit-e-opozites-e-mori-nga-policia-e-kosoves\/","url_meta":{"origin":17998,"position":5},"title":"Media kosovare: &#8211; Sand\u00ebr Lleshaj g\u00ebnjeu, gazin lotsjell\u00ebs p\u00ebr t\u00eb shtypur protestuesit e opozit\u00ebs e mori nga Policia e Kosov\u00ebs.","author":"Kurt Farka","date":"February 23, 2020","format":false,"excerpt":"Media kosovare: - Sand\u00ebr Lleshaj g\u00ebnjeu, gazin lotsjell\u00ebs p\u00ebr t\u00eb shtypur protestuesit e opozit\u00ebs e mori nga Policia e Kosov\u00ebs Gazeta Insajderi ka zbuluar se drejtori i Policis\u00eb Rashit Qalaj ka ndihmuar q\u00eb t\u00eb shtypen protestat e opozit\u00ebs n\u00eb Shqip\u00ebri. Insajderi ka zbuluar se Sand\u00ebr Lleshaj, ministri i Pun\u00ebve t\u00eb\u2026","rel":"","context":"In &quot;Blogu i Udh\u00ebtarit&quot;","block_context":{"text":"Blogu i Udh\u00ebtarit","link":"https:\/\/www.shqiperia.com\/blog\/category\/blogu-i-udhetarit\/"},"img":{"alt_text":"","src":"https:\/\/i0.wp.com\/www.shqiperia.com\/blog\/wp-content\/uploads\/2020\/02\/protesta1.jpg?fit=730%2C440&ssl=1&resize=350%2C200","width":350,"height":200,"srcset":"https:\/\/i0.wp.com\/www.shqiperia.com\/blog\/wp-content\/uploads\/2020\/02\/protesta1.jpg?fit=730%2C440&ssl=1&resize=350%2C200 1x, https:\/\/i0.wp.com\/www.shqiperia.com\/blog\/wp-content\/uploads\/2020\/02\/protesta1.jpg?fit=730%2C440&ssl=1&resize=525%2C300 1.5x, https:\/\/i0.wp.com\/www.shqiperia.com\/blog\/wp-content\/uploads\/2020\/02\/protesta1.jpg?fit=730%2C440&ssl=1&resize=700%2C400 2x"},"classes":[]}],"_links":{"self":[{"href":"https:\/\/www.shqiperia.com\/blog\/wp-json\/wp\/v2\/posts\/17998","targetHints":{"allow":["GET"]}}],"collection":[{"href":"https:\/\/www.shqiperia.com\/blog\/wp-json\/wp\/v2\/posts"}],"about":[{"href":"https:\/\/www.shqiperia.com\/blog\/wp-json\/wp\/v2\/types\/post"}],"author":[{"embeddable":true,"href":"https:\/\/www.shqiperia.com\/blog\/wp-json\/wp\/v2\/users\/9"}],"replies":[{"embeddable":true,"href":"https:\/\/www.shqiperia.com\/blog\/wp-json\/wp\/v2\/comments?post=17998"}],"version-history":[{"count":3,"href":"https:\/\/www.shqiperia.com\/blog\/wp-json\/wp\/v2\/posts\/17998\/revisions"}],"predecessor-version":[{"id":18004,"href":"https:\/\/www.shqiperia.com\/blog\/wp-json\/wp\/v2\/posts\/17998\/revisions\/18004"}],"wp:featuredmedia":[{"embeddable":true,"href":"https:\/\/www.shqiperia.com\/blog\/wp-json\/wp\/v2\/media\/18000"}],"wp:attachment":[{"href":"https:\/\/www.shqiperia.com\/blog\/wp-json\/wp\/v2\/media?parent=17998"}],"wp:term":[{"taxonomy":"category","embeddable":true,"href":"https:\/\/www.shqiperia.com\/blog\/wp-json\/wp\/v2\/categories?post=17998"},{"taxonomy":"post_tag","embeddable":true,"href":"https:\/\/www.shqiperia.com\/blog\/wp-json\/wp\/v2\/tags?post=17998"}],"curies":[{"name":"wp","href":"https:\/\/api.w.org\/{rel}","templated":true}]}}