{"id":17993,"date":"2019-03-03T10:53:21","date_gmt":"2019-03-03T10:53:21","guid":{"rendered":"http:\/\/www.shqiperia.com\/blog\/?p=17993"},"modified":"2023-02-23T12:52:51","modified_gmt":"2023-02-23T12:52:51","slug":"kush-ishte-aqif-pashe-elbasani","status":"publish","type":"post","link":"https:\/\/www.shqiperia.com\/blog\/kush-ishte-aqif-pashe-elbasani\/","title":{"rendered":"Kush ishte Aqif Pash\u00eb Elbasani. &#8211;"},"content":{"rendered":"<p><img data-recalc-dims=\"1\" loading=\"lazy\" decoding=\"async\" data-attachment-id=\"17994\" data-permalink=\"https:\/\/www.shqiperia.com\/blog\/kush-ishte-aqif-pashe-elbasani\/i_bicaku_10_years_old-905x395\/\" data-orig-file=\"https:\/\/i0.wp.com\/www.shqiperia.com\/blog\/wp-content\/uploads\/2019\/03\/I_Bicaku_10_years_old-905x395.jpg?fit=905%2C395&amp;ssl=1\" data-orig-size=\"905,395\" data-comments-opened=\"1\" data-image-meta=\"{&quot;aperture&quot;:&quot;0&quot;,&quot;credit&quot;:&quot;&quot;,&quot;camera&quot;:&quot;&quot;,&quot;caption&quot;:&quot;&quot;,&quot;created_timestamp&quot;:&quot;0&quot;,&quot;copyright&quot;:&quot;&quot;,&quot;focal_length&quot;:&quot;0&quot;,&quot;iso&quot;:&quot;0&quot;,&quot;shutter_speed&quot;:&quot;0&quot;,&quot;title&quot;:&quot;&quot;,&quot;orientation&quot;:&quot;0&quot;}\" data-image-title=\"I_Bicaku_10_years_old-905&#215;395\" data-image-description=\"\" data-image-caption=\"\" data-medium-file=\"https:\/\/i0.wp.com\/www.shqiperia.com\/blog\/wp-content\/uploads\/2019\/03\/I_Bicaku_10_years_old-905x395.jpg?fit=300%2C131&amp;ssl=1\" data-large-file=\"https:\/\/i0.wp.com\/www.shqiperia.com\/blog\/wp-content\/uploads\/2019\/03\/I_Bicaku_10_years_old-905x395.jpg?fit=905%2C395&amp;ssl=1\" class=\"alignnone wp-image-17994\" alt=\"\" src=\"https:\/\/i0.wp.com\/www.shqiperia.com\/blog\/wp-content\/uploads\/2019\/03\/I_Bicaku_10_years_old-905x395-300x131.jpg?resize=623%2C272\" width=\"623\" height=\"272\" srcset=\"https:\/\/i0.wp.com\/www.shqiperia.com\/blog\/wp-content\/uploads\/2019\/03\/I_Bicaku_10_years_old-905x395.jpg?resize=300%2C131&amp;ssl=1 300w, https:\/\/i0.wp.com\/www.shqiperia.com\/blog\/wp-content\/uploads\/2019\/03\/I_Bicaku_10_years_old-905x395.jpg?resize=768%2C335&amp;ssl=1 768w, https:\/\/i0.wp.com\/www.shqiperia.com\/blog\/wp-content\/uploads\/2019\/03\/I_Bicaku_10_years_old-905x395.jpg?resize=450%2C196&amp;ssl=1 450w, https:\/\/i0.wp.com\/www.shqiperia.com\/blog\/wp-content\/uploads\/2019\/03\/I_Bicaku_10_years_old-905x395.jpg?resize=600%2C262&amp;ssl=1 600w, https:\/\/i0.wp.com\/www.shqiperia.com\/blog\/wp-content\/uploads\/2019\/03\/I_Bicaku_10_years_old-905x395.jpg?resize=400%2C175&amp;ssl=1 400w, https:\/\/i0.wp.com\/www.shqiperia.com\/blog\/wp-content\/uploads\/2019\/03\/I_Bicaku_10_years_old-905x395.jpg?resize=905%2C395&amp;ssl=1 905w\" sizes=\"auto, (max-width: 623px) 100vw, 623px\" \/><\/p>\n<p><strong>Cili ishte Aqif Pash\u00eb Elbasani. &#8211;<\/strong><\/p>\n<p>Aqif Pash\u00eb Elbasani pas shpalljes s\u00eb Pavar\u00ebsis\u00eb u em\u00ebrua n\u00eb administrat\u00ebn e shtetit t\u00eb ri shqiptar.<\/p>\n<p>N\u00eb 1913 Aqif Pash\u00eb Bi\u00e7aku (si\u00e7 quhet ai edhe ndryshe) ishte prefekt i Elbasanit.<\/p>\n<p>E shnd\u00ebrroi Elbasanin n\u00eb mb\u00ebshtetjen kryesore t\u00eb qeveris\u00eb qendrore t\u00eb drejtuar nga Ismail Qemali.<\/p>\n<p>N\u00eb koh\u00ebn e mbret\u00ebrimit t\u00eb Vilhelm Vidit (q\u00eb pasoi p\u00ebr 6 muaj qeverisjen gati nj\u00ebvje\u00e7are t\u00eb Ismail Qemalit) Aqif Pash\u00eb Elbasani u em\u00ebrua minist\u00ebr i pun\u00ebve t\u00eb brendshme, funksion q\u00eb e mbuloi nga maji deri n\u00eb fillim t\u00eb shtatorit 1914.<\/p>\n<p><img data-recalc-dims=\"1\" loading=\"lazy\" decoding=\"async\" data-attachment-id=\"17995\" data-permalink=\"https:\/\/www.shqiperia.com\/blog\/kush-ishte-aqif-pashe-elbasani\/download-2\/\" data-orig-file=\"https:\/\/i0.wp.com\/www.shqiperia.com\/blog\/wp-content\/uploads\/2019\/03\/download-1.jpg?fit=225%2C225&amp;ssl=1\" data-orig-size=\"225,225\" data-comments-opened=\"1\" data-image-meta=\"{&quot;aperture&quot;:&quot;0&quot;,&quot;credit&quot;:&quot;&quot;,&quot;camera&quot;:&quot;&quot;,&quot;caption&quot;:&quot;&quot;,&quot;created_timestamp&quot;:&quot;0&quot;,&quot;copyright&quot;:&quot;&quot;,&quot;focal_length&quot;:&quot;0&quot;,&quot;iso&quot;:&quot;0&quot;,&quot;shutter_speed&quot;:&quot;0&quot;,&quot;title&quot;:&quot;&quot;,&quot;orientation&quot;:&quot;0&quot;}\" data-image-title=\"download\" data-image-description=\"\" data-image-caption=\"\" data-medium-file=\"https:\/\/i0.wp.com\/www.shqiperia.com\/blog\/wp-content\/uploads\/2019\/03\/download-1.jpg?fit=225%2C225&amp;ssl=1\" data-large-file=\"https:\/\/i0.wp.com\/www.shqiperia.com\/blog\/wp-content\/uploads\/2019\/03\/download-1.jpg?fit=225%2C225&amp;ssl=1\" class=\"alignnone wp-image-17995\" alt=\"\" src=\"https:\/\/i0.wp.com\/www.shqiperia.com\/blog\/wp-content\/uploads\/2019\/03\/download-1.jpg?resize=277%2C277\" width=\"277\" height=\"277\" srcset=\"https:\/\/i0.wp.com\/www.shqiperia.com\/blog\/wp-content\/uploads\/2019\/03\/download-1.jpg?w=225&amp;ssl=1 225w, https:\/\/i0.wp.com\/www.shqiperia.com\/blog\/wp-content\/uploads\/2019\/03\/download-1.jpg?resize=150%2C150&amp;ssl=1 150w, https:\/\/i0.wp.com\/www.shqiperia.com\/blog\/wp-content\/uploads\/2019\/03\/download-1.jpg?resize=65%2C65&amp;ssl=1 65w, https:\/\/i0.wp.com\/www.shqiperia.com\/blog\/wp-content\/uploads\/2019\/03\/download-1.jpg?resize=50%2C50&amp;ssl=1 50w\" sizes=\"auto, (max-width: 277px) 100vw, 277px\" \/><\/p>\n<p>M\u00eb pas u detyrua t\u00eb linte vendin e t\u00eb kalonte n\u00eb emigracion politik, si t\u00eb gjith\u00eb an\u00ebtar\u00ebt e tjer\u00eb t\u00eb kabinetit, s\u00eb bashku me vet\u00eb kryetarin e shtetit, princ Vidin \u2013 t\u00eb detyruar nga l\u00ebvizja e armatosur q\u00eb shp\u00ebrtheu n\u00eb Shqip\u00ebrin\u00eb e Mesme, e cila njihet me emrin \u201cL\u00ebvizja e Haxhi Qamilit\u201d<\/p>\n<p><img data-recalc-dims=\"1\" loading=\"lazy\" decoding=\"async\" data-attachment-id=\"17996\" data-permalink=\"https:\/\/www.shqiperia.com\/blog\/kush-ishte-aqif-pashe-elbasani\/i_bicaku_10_years_old-905x395-2\/\" data-orig-file=\"https:\/\/i0.wp.com\/www.shqiperia.com\/blog\/wp-content\/uploads\/2019\/03\/I_Bicaku_10_years_old-905x395-1.jpg?fit=905%2C395&amp;ssl=1\" data-orig-size=\"905,395\" data-comments-opened=\"1\" data-image-meta=\"{&quot;aperture&quot;:&quot;0&quot;,&quot;credit&quot;:&quot;&quot;,&quot;camera&quot;:&quot;&quot;,&quot;caption&quot;:&quot;&quot;,&quot;created_timestamp&quot;:&quot;0&quot;,&quot;copyright&quot;:&quot;&quot;,&quot;focal_length&quot;:&quot;0&quot;,&quot;iso&quot;:&quot;0&quot;,&quot;shutter_speed&quot;:&quot;0&quot;,&quot;title&quot;:&quot;&quot;,&quot;orientation&quot;:&quot;0&quot;}\" data-image-title=\"I_Bicaku_10_years_old-905&#215;395\" data-image-description=\"\" data-image-caption=\"\" data-medium-file=\"https:\/\/i0.wp.com\/www.shqiperia.com\/blog\/wp-content\/uploads\/2019\/03\/I_Bicaku_10_years_old-905x395-1.jpg?fit=300%2C131&amp;ssl=1\" data-large-file=\"https:\/\/i0.wp.com\/www.shqiperia.com\/blog\/wp-content\/uploads\/2019\/03\/I_Bicaku_10_years_old-905x395-1.jpg?fit=905%2C395&amp;ssl=1\" class=\"alignnone size-medium wp-image-17996\" alt=\"\" src=\"https:\/\/i0.wp.com\/www.shqiperia.com\/blog\/wp-content\/uploads\/2019\/03\/I_Bicaku_10_years_old-905x395-1-300x131.jpg?resize=300%2C131\" width=\"300\" height=\"131\" srcset=\"https:\/\/i0.wp.com\/www.shqiperia.com\/blog\/wp-content\/uploads\/2019\/03\/I_Bicaku_10_years_old-905x395-1.jpg?resize=300%2C131&amp;ssl=1 300w, https:\/\/i0.wp.com\/www.shqiperia.com\/blog\/wp-content\/uploads\/2019\/03\/I_Bicaku_10_years_old-905x395-1.jpg?resize=768%2C335&amp;ssl=1 768w, https:\/\/i0.wp.com\/www.shqiperia.com\/blog\/wp-content\/uploads\/2019\/03\/I_Bicaku_10_years_old-905x395-1.jpg?resize=450%2C196&amp;ssl=1 450w, https:\/\/i0.wp.com\/www.shqiperia.com\/blog\/wp-content\/uploads\/2019\/03\/I_Bicaku_10_years_old-905x395-1.jpg?resize=600%2C262&amp;ssl=1 600w, https:\/\/i0.wp.com\/www.shqiperia.com\/blog\/wp-content\/uploads\/2019\/03\/I_Bicaku_10_years_old-905x395-1.jpg?resize=400%2C175&amp;ssl=1 400w, https:\/\/i0.wp.com\/www.shqiperia.com\/blog\/wp-content\/uploads\/2019\/03\/I_Bicaku_10_years_old-905x395-1.jpg?w=905&amp;ssl=1 905w\" sizes=\"auto, (max-width: 300px) 100vw, 300px\" \/><\/p>\n<p><em>Foto: Nga e majta n\u00eb t\u00eb djatht\u00eb,\u00a0gjenerali Willem De Veer, Ibrahim Bi\u00e7aku, Aqif Pash\u00eb Bi\u00e7aku dhe Ali Agjah Beu<\/em><\/p>\n","protected":false},"excerpt":{"rendered":"<p>Cili ishte Aqif Pash\u00eb Elbasani. &#8211; Aqif Pash\u00eb Elbasani pas shpalljes s\u00eb Pavar\u00ebsis\u00eb u em\u00ebrua n\u00eb administrat\u00ebn e shtetit t\u00eb ri shqiptar. N\u00eb 1913 Aqif Pash\u00eb Bi\u00e7aku (si\u00e7 quhet ai edhe ndryshe) ishte prefekt i Elbasanit. E shnd\u00ebrroi Elbasanin n\u00eb mb\u00ebshtetjen kryesore t\u00eb qeveris\u00eb qendrore t\u00eb drejtuar nga Ismail Qemali. N\u00eb koh\u00ebn e mbret\u00ebrimit t\u00eb [&hellip;]<\/p>\n","protected":false},"author":9,"featured_media":17994,"comment_status":"open","ping_status":"open","sticky":false,"template":"","format":"standard","meta":{"jetpack_post_was_ever_published":false,"_jetpack_newsletter_access":"","_jetpack_dont_email_post_to_subs":false,"_jetpack_newsletter_tier_id":0,"_jetpack_memberships_contains_paywalled_content":false,"_jetpack_memberships_contains_paid_content":false,"footnotes":"","jetpack_publicize_message":"","jetpack_publicize_feature_enabled":true,"jetpack_social_post_already_shared":true,"jetpack_social_options":{"image_generator_settings":{"template":"highway","default_image_id":0,"font":"","enabled":false},"version":2}},"categories":[85,10,35],"tags":[],"class_list":["post-17993","post","type-post","status-publish","format-standard","has-post-thumbnail","hentry","category-histori","category-kultura","category-shoqerore"],"jetpack_publicize_connections":[],"jetpack_featured_media_url":"https:\/\/i0.wp.com\/www.shqiperia.com\/blog\/wp-content\/uploads\/2019\/03\/I_Bicaku_10_years_old-905x395.jpg?fit=905%2C395&ssl=1","jetpack_sharing_enabled":true,"jetpack_shortlink":"https:\/\/wp.me\/p5Z6wp-4Gd","jetpack-related-posts":[{"id":5149,"url":"https:\/\/www.shqiperia.com\/blog\/ismail-qemali-emri-aqif-pashe-elbasanit-te-mbetet-shkruar-ne-faqet-e-ndritura-te-historise-sone\/","url_meta":{"origin":17993,"position":0},"title":"Ismail  Qemali \u2013 Emri i Aqif Pashe Elbasanit, do t\u00eb mbetet i shkruar n\u00eb  faqet e ndritura t\u00eb historis\u00eb son\u00eb. -.","author":"Kurt Farka","date":"March 18, 2018","format":false,"excerpt":"\u00a0 = N\u00eb k\u00ebt\u00eb koh\u00eb\u00a0 transformimi,\u00a0 historia do t\u00eb dij\u00eb t\u00eb dalloj\u00eb patriotin nga tradhtari dhe do t\u2019i caktoj\u00eb secilit vendin e vet\u2026 se \u00e7\u2019vend do t\u00eb kem un\u00eb n\u00eb histori k\u00ebt\u00eb nuk e di. Sa p\u00ebr Ju\u00a0 Aqif Pashe Elbasani, Emri juaj i Shk\u00eblqyer si patriot , do t\u00eb\u2026","rel":"","context":"In &quot;Histori&quot;","block_context":{"text":"Histori","link":"https:\/\/www.shqiperia.com\/blog\/category\/histori\/"},"img":{"alt_text":"","src":"https:\/\/i0.wp.com\/www.shqiperia.com\/blog\/wp-content\/uploads\/2018\/03\/aqif-pashe-elbasani.jpg?resize=350%2C200","width":350,"height":200},"classes":[]},{"id":45149,"url":"https:\/\/www.shqiperia.com\/blog\/nga-jurgis-cyrbja-rrahman-rrahja-te-djali-i-aqif-rakipit-ja-kush-fshihet-te-lista-e-ps-socialistet-kandidojne-edhe\/","url_meta":{"origin":17993,"position":1},"title":"Nga Jurgis \u00c7yrbja, Rrahman Rrahja te djali i Aqif Rakipit, ja kush fshihet te lista e PS. Socialist\u00ebt kandidojn\u00eb edhe\u2026","author":"Kurt Farka","date":"March 10, 2021","format":false,"excerpt":"Nga Jurgis \u00c7yrbja, Rrahman Rrahja te djali i Aqif Rakipit, ja kush fshihet te lista e PS. Socialist\u00ebt kandidojn\u00eb edhe\u2026 10 mars 2021 Lista e kandidat\u00ebve t\u00eb Partis\u00eb Socialiste \u201cfsheh\u201d brenda saj dhe emra t\u00eb p\u00ebrfolur m\u00eb par\u00eb p\u00ebr drejt\u00ebsin\u00eb. Selia roz\u00eb nuk arriti edhe k\u00ebsaj radhe q\u00eb t\u00eb pakt\u00ebn\u2026","rel":"","context":"In &quot;Blogu i Udh\u00ebtarit&quot;","block_context":{"text":"Blogu i Udh\u00ebtarit","link":"https:\/\/www.shqiperia.com\/blog\/category\/blogu-i-udhetarit\/"},"img":{"alt_text":"","src":"https:\/\/i0.wp.com\/www.shqiperia.com\/blog\/wp-content\/uploads\/2021\/03\/cyrbja-rrahja-rama-listat.jpg?fit=595%2C391&ssl=1&resize=350%2C200","width":350,"height":200,"srcset":"https:\/\/i0.wp.com\/www.shqiperia.com\/blog\/wp-content\/uploads\/2021\/03\/cyrbja-rrahja-rama-listat.jpg?fit=595%2C391&ssl=1&resize=350%2C200 1x, https:\/\/i0.wp.com\/www.shqiperia.com\/blog\/wp-content\/uploads\/2021\/03\/cyrbja-rrahja-rama-listat.jpg?fit=595%2C391&ssl=1&resize=525%2C300 1.5x"},"classes":[]},{"id":16542,"url":"https:\/\/www.shqiperia.com\/blog\/i-perjetshmi-plaku-i-vlores-dhe-i-shqiptareve\/","url_meta":{"origin":17993,"position":2},"title":"I p\u00ebrjetshmi plaku i Vlor\u00ebs dhe i Shqiptareve. &#8211;","author":"Kurt Farka","date":"January 24, 2019","format":false,"excerpt":"I p\u00ebrjetshmi plaku i Vlor\u00ebs dhe i Shqiptareve. - \"Shqiptar\u00ebt ia njoh\u00ebn merit\u00ebn plakut t\u00eb Vlor\u00ebs dhe i jan\u00eb mir\u00ebnjoh\u00ebs p\u00ebr besnik\u00ebrin\u00eb ndaj popullit e atdheut,\"- k\u00ebshtu shprehet Bajram Pe\u00e7i n\u00eb nj\u00eb shkrim n\u00eb gazet\u00ebn Shqiptarja.com\u00a0p\u00ebr figur\u00ebn e shquar t\u00eb kombit, Ismail Qemalin. Nga: Bajram Peci Lufta e madhe komb\u00ebtare,\u2026","rel":"","context":"In &quot;Histori&quot;","block_context":{"text":"Histori","link":"https:\/\/www.shqiperia.com\/blog\/category\/histori\/"},"img":{"alt_text":"","src":"https:\/\/i0.wp.com\/www.shqiperia.com\/blog\/wp-content\/uploads\/2019\/01\/1548227929_ismailqemali.jpg?fit=780%2C440&ssl=1&resize=350%2C200","width":350,"height":200,"srcset":"https:\/\/i0.wp.com\/www.shqiperia.com\/blog\/wp-content\/uploads\/2019\/01\/1548227929_ismailqemali.jpg?fit=780%2C440&ssl=1&resize=350%2C200 1x, https:\/\/i0.wp.com\/www.shqiperia.com\/blog\/wp-content\/uploads\/2019\/01\/1548227929_ismailqemali.jpg?fit=780%2C440&ssl=1&resize=525%2C300 1.5x, https:\/\/i0.wp.com\/www.shqiperia.com\/blog\/wp-content\/uploads\/2019\/01\/1548227929_ismailqemali.jpg?fit=780%2C440&ssl=1&resize=700%2C400 2x"},"classes":[]},{"id":56628,"url":"https:\/\/www.shqiperia.com\/blog\/doshi-dako-rakipi-treshja-e-non-gratave-qe-hapen-rubinetin-e-votave-per-mandatin-e-trete-te-edi-rames\/","url_meta":{"origin":17993,"position":3},"title":"Doshi-Dako-Rakipi: &#8211; Treshja e \u201cnon-gratave\u201d q\u00eb hap\u00ebn rubinetin e votave p\u00ebr mandatin e tret\u00eb t\u00eb Edi Ram\u00ebs","author":"Kurt Farka","date":"April 12, 2022","format":false,"excerpt":"Doshi-Dako-Rakipi: - Treshja e \u201cnon-gratave\u201d q\u00eb hap\u00ebn rubinetin e votave p\u00ebr mandatin e tret\u00eb t\u00eb Edi Ram\u00ebs - 12.04.22 Me k\u00ebt\u00eb fraz\u00eb standard, Edi Rama i lan duart si Ponc Pilati sa her\u00eb q\u00eb t\u00eb zgjedhurit e tij akuzohen p\u00ebr afera e korrupsion. K\u00ebt\u00eb p\u00ebrgjigje dha kur u arrestua Alqi\u2026","rel":"","context":"In &quot;Blogu i Udh\u00ebtarit&quot;","block_context":{"text":"Blogu i Udh\u00ebtarit","link":"https:\/\/www.shqiperia.com\/blog\/category\/blogu-i-udhetarit\/"},"img":{"alt_text":"","src":"https:\/\/i0.wp.com\/www.shqiperia.com\/blog\/wp-content\/uploads\/2022\/04\/doshi-rakipi-dako-770x433-1.png?fit=770%2C433&ssl=1&resize=350%2C200","width":350,"height":200,"srcset":"https:\/\/i0.wp.com\/www.shqiperia.com\/blog\/wp-content\/uploads\/2022\/04\/doshi-rakipi-dako-770x433-1.png?fit=770%2C433&ssl=1&resize=350%2C200 1x, https:\/\/i0.wp.com\/www.shqiperia.com\/blog\/wp-content\/uploads\/2022\/04\/doshi-rakipi-dako-770x433-1.png?fit=770%2C433&ssl=1&resize=525%2C300 1.5x, https:\/\/i0.wp.com\/www.shqiperia.com\/blog\/wp-content\/uploads\/2022\/04\/doshi-rakipi-dako-770x433-1.png?fit=770%2C433&ssl=1&resize=700%2C400 2x"},"classes":[]},{"id":1748,"url":"https:\/\/www.shqiperia.com\/blog\/lef-nosi-si-u-refuzua-nga-britaniket-kur-kerkoi-ndihme-per-tu-larguar-nga-shqiperia\/","url_meta":{"origin":17993,"position":4},"title":"Lef Nosi, si u refuzua nga britanik\u00ebt kur k\u00ebrkoi ndihm\u00eb p\u00ebr t\u2019u larguar nga Shqip\u00ebria. &#8211;","author":"Kurt Farka","date":"January 22, 2018","format":false,"excerpt":"Nga \u00c7elo Hoxha Historia e njeriut si kujtes\u00eb e Kombit, botuesit t\u00eb par\u00eb t\u00eb Deklarat\u00ebs s\u00eb Pavar\u00ebsis\u00eb s\u00eb Shqip\u00ebris\u00eb.\u00a0Kalvari i vuajtjeve n\u00eb regjimin komunist Ekzekutimi i Lef Nosit, n\u00eb shkurt 1946, mish\u00ebron thelbin e komunizmit shqiptar: zhdukjen e kombit shqiptar. Lef Nosi ishte profili i kombit shqiptar n\u00eb miniatur\u00eb: paq\u00ebsor,\u2026","rel":"","context":"In &quot;Histori&quot;","block_context":{"text":"Histori","link":"https:\/\/www.shqiperia.com\/blog\/category\/histori\/"},"img":{"alt_text":"","src":"https:\/\/i0.wp.com\/www.shqiperia.com\/blog\/wp-content\/uploads\/2018\/01\/Lef-Nosi.jpg?fit=643%2C480&ssl=1&resize=350%2C200","width":350,"height":200,"srcset":"https:\/\/i0.wp.com\/www.shqiperia.com\/blog\/wp-content\/uploads\/2018\/01\/Lef-Nosi.jpg?fit=643%2C480&ssl=1&resize=350%2C200 1x, https:\/\/i0.wp.com\/www.shqiperia.com\/blog\/wp-content\/uploads\/2018\/01\/Lef-Nosi.jpg?fit=643%2C480&ssl=1&resize=525%2C300 1.5x"},"classes":[]},{"id":28735,"url":"https:\/\/www.shqiperia.com\/blog\/u-nxorr-nga-rrenojat-pas-24-oreve-flet-i-mbijetuari-zjarrfikesi-hero-kur-pashe-projektoret-sikur-me-erdhi-serish-jeta\/","url_meta":{"origin":17993,"position":5},"title":"U nxorr nga rr\u00ebnojat pas 24 or\u00ebve, flet i mbijetuari: Zjarrfik\u00ebsi hero, kur pash\u00eb projektor\u00ebt sikur m\u00eb erdhi s\u00ebrish jeta","author":"Kurt Farka","date":"November 27, 2019","format":false,"excerpt":"U nxorr nga rr\u00ebnojat pas 24 or\u00ebve, flet i mbijetuari: Zjarrfik\u00ebsi hero, kur pash\u00eb projektor\u00ebt sikur m\u00eb erdhi s\u00ebrish jeta 27\/11\/2019 - 16:24 Pas 24 or\u00eb k\u00ebrkimesh intensive nga forca t\u00eb operacionit t\u00eb k\u00ebrkim-shp\u00ebtimit, Fatmir Gjana, \u00ebsht\u00eb nxjerr\u00eb m\u00ebngjesin e sot\u00ebm sh\u00ebndosh e mir\u00eb nga rr\u00ebnojat e pallatit 5 kat\u00ebsh\u2026","rel":"","context":"In &quot;Blogu i Udh\u00ebtarit&quot;","block_context":{"text":"Blogu i Udh\u00ebtarit","link":"https:\/\/www.shqiperia.com\/blog\/category\/blogu-i-udhetarit\/"},"img":{"alt_text":"","src":"https:\/\/i0.wp.com\/www.shqiperia.com\/blog\/wp-content\/uploads\/2019\/11\/27-nentor-2019-i-mbijetuari-durres_frame_4728-300x191.jpg?resize=350%2C200&ssl=1","width":350,"height":200,"srcset":"https:\/\/i0.wp.com\/www.shqiperia.com\/blog\/wp-content\/uploads\/2019\/11\/27-nentor-2019-i-mbijetuari-durres_frame_4728-300x191.jpg?resize=350%2C200&ssl=1 1x, https:\/\/i0.wp.com\/www.shqiperia.com\/blog\/wp-content\/uploads\/2019\/11\/27-nentor-2019-i-mbijetuari-durres_frame_4728-300x191.jpg?resize=525%2C300&ssl=1 1.5x"},"classes":[]}],"_links":{"self":[{"href":"https:\/\/www.shqiperia.com\/blog\/wp-json\/wp\/v2\/posts\/17993","targetHints":{"allow":["GET"]}}],"collection":[{"href":"https:\/\/www.shqiperia.com\/blog\/wp-json\/wp\/v2\/posts"}],"about":[{"href":"https:\/\/www.shqiperia.com\/blog\/wp-json\/wp\/v2\/types\/post"}],"author":[{"embeddable":true,"href":"https:\/\/www.shqiperia.com\/blog\/wp-json\/wp\/v2\/users\/9"}],"replies":[{"embeddable":true,"href":"https:\/\/www.shqiperia.com\/blog\/wp-json\/wp\/v2\/comments?post=17993"}],"version-history":[{"count":2,"href":"https:\/\/www.shqiperia.com\/blog\/wp-json\/wp\/v2\/posts\/17993\/revisions"}],"predecessor-version":[{"id":68525,"href":"https:\/\/www.shqiperia.com\/blog\/wp-json\/wp\/v2\/posts\/17993\/revisions\/68525"}],"wp:featuredmedia":[{"embeddable":true,"href":"https:\/\/www.shqiperia.com\/blog\/wp-json\/wp\/v2\/media\/17994"}],"wp:attachment":[{"href":"https:\/\/www.shqiperia.com\/blog\/wp-json\/wp\/v2\/media?parent=17993"}],"wp:term":[{"taxonomy":"category","embeddable":true,"href":"https:\/\/www.shqiperia.com\/blog\/wp-json\/wp\/v2\/categories?post=17993"},{"taxonomy":"post_tag","embeddable":true,"href":"https:\/\/www.shqiperia.com\/blog\/wp-json\/wp\/v2\/tags?post=17993"}],"curies":[{"name":"wp","href":"https:\/\/api.w.org\/{rel}","templated":true}]}}