{"id":17986,"date":"2019-03-03T00:53:44","date_gmt":"2019-03-03T00:53:44","guid":{"rendered":"http:\/\/www.shqiperia.com\/blog\/?p=17986"},"modified":"2019-03-04T08:51:53","modified_gmt":"2019-03-04T08:51:53","slug":"si-e-shkaterroi-kafeja-turke-nje-perandori-te-tere","status":"publish","type":"post","link":"https:\/\/www.shqiperia.com\/blog\/si-e-shkaterroi-kafeja-turke-nje-perandori-te-tere\/","title":{"rendered":"Si e shkat\u00ebrroi kafeja turke nj\u00eb Perandori t\u00eb t\u00ebr\u00eb."},"content":{"rendered":"<p><img data-recalc-dims=\"1\" loading=\"lazy\" decoding=\"async\" data-attachment-id=\"17987\" data-permalink=\"https:\/\/www.shqiperia.com\/blog\/si-e-shkaterroi-kafeja-turke-nje-perandori-te-tere\/kafe-filxhan-kahve-346236-678x450\/\" data-orig-file=\"https:\/\/i0.wp.com\/www.shqiperia.com\/blog\/wp-content\/uploads\/2019\/03\/kafe-filxhan-kahve-346236-678x450.jpg?fit=678%2C335&amp;ssl=1\" data-orig-size=\"678,335\" data-comments-opened=\"1\" data-image-meta=\"{&quot;aperture&quot;:&quot;0&quot;,&quot;credit&quot;:&quot;&quot;,&quot;camera&quot;:&quot;&quot;,&quot;caption&quot;:&quot;&quot;,&quot;created_timestamp&quot;:&quot;0&quot;,&quot;copyright&quot;:&quot;&quot;,&quot;focal_length&quot;:&quot;0&quot;,&quot;iso&quot;:&quot;0&quot;,&quot;shutter_speed&quot;:&quot;0&quot;,&quot;title&quot;:&quot;&quot;,&quot;orientation&quot;:&quot;0&quot;}\" data-image-title=\"kafe-filxhan-kahve-346236-678&#215;450\" data-image-description=\"\" data-image-caption=\"\" data-medium-file=\"https:\/\/i0.wp.com\/www.shqiperia.com\/blog\/wp-content\/uploads\/2019\/03\/kafe-filxhan-kahve-346236-678x450.jpg?fit=300%2C148&amp;ssl=1\" data-large-file=\"https:\/\/i0.wp.com\/www.shqiperia.com\/blog\/wp-content\/uploads\/2019\/03\/kafe-filxhan-kahve-346236-678x450.jpg?fit=678%2C335&amp;ssl=1\" class=\"alignnone wp-image-17987\" alt=\"\" src=\"https:\/\/i0.wp.com\/www.shqiperia.com\/blog\/wp-content\/uploads\/2019\/03\/kafe-filxhan-kahve-346236-678x450-300x148.jpg?resize=414%2C204\" width=\"414\" height=\"204\" srcset=\"https:\/\/i0.wp.com\/www.shqiperia.com\/blog\/wp-content\/uploads\/2019\/03\/kafe-filxhan-kahve-346236-678x450.jpg?resize=300%2C148&amp;ssl=1 300w, https:\/\/i0.wp.com\/www.shqiperia.com\/blog\/wp-content\/uploads\/2019\/03\/kafe-filxhan-kahve-346236-678x450.jpg?resize=450%2C222&amp;ssl=1 450w, https:\/\/i0.wp.com\/www.shqiperia.com\/blog\/wp-content\/uploads\/2019\/03\/kafe-filxhan-kahve-346236-678x450.jpg?resize=600%2C296&amp;ssl=1 600w, https:\/\/i0.wp.com\/www.shqiperia.com\/blog\/wp-content\/uploads\/2019\/03\/kafe-filxhan-kahve-346236-678x450.jpg?resize=400%2C198&amp;ssl=1 400w, https:\/\/i0.wp.com\/www.shqiperia.com\/blog\/wp-content\/uploads\/2019\/03\/kafe-filxhan-kahve-346236-678x450.jpg?resize=678%2C450&amp;ssl=1 678w\" sizes=\"auto, (max-width: 414px) 100vw, 414px\" \/><\/p>\n<p><strong>Si e shkat\u00ebrroi kafeja turke nj\u00eb Perandori t\u00eb t\u00ebr\u00eb. &#8211;<\/strong><\/p>\n<p>Njihet si kafe greke nga grek\u00ebt dhe qipriot\u00ebt, kafe boshnjake p\u00ebr boshnjak\u00ebt, kafe armene p\u00ebr armen\u00ebt, kafe arabike p\u00ebr arab\u00ebt dhe kafe turke p\u00ebr turqit, kroat\u00ebt, shqiptar\u00ebt dhe serb\u00ebt. Por, n\u00eb mes t\u00eb shekullit t\u00eb 16-t\u00eb, ishte thjesht kahve. N\u00eb at\u00eb koh\u00eb, k\u00ebta popuj ishin n\u00ebn sundimin e Perandoris\u00eb Osmane, q\u00eb i p\u00ebrfshiu kahve-dash\u00ebsit nga Europa Juglindore e deri n\u00eb Persi, n\u00eb p\u00ebrqafimin e saj t\u00eb gjer\u00eb. Por n\u00eb vitet e para t\u00eb shekullit t\u00eb 19-t\u00eb, perandoria kishte nisur t\u00eb krisej. Kahve-ja luajti nj\u00eb rol \u2013 q\u00e8 pak njihet \u2013n\u00eb r\u00ebnien e saj t\u00eb m\u00ebvonshme. Kafeja mb\u00ebrriti n\u00eb Turqi gjat\u00eb sundimit t\u00eb Sulltan Sulejmanit t\u00eb Madh\u00ebrish\u00ebm. Kur njeriu q\u00eb ai vendosi t\u00eb qeveriste Jemenin hasi nj\u00eb pije energjike t\u00eb njohur si qahwah, e solli n\u00eb oborrin osman n\u00eb Kostandinopoj\u00eb, ku pati sukses t\u00eb menj\u00ebhersh\u00ebm.<\/p>\n<p><img data-recalc-dims=\"1\" loading=\"lazy\" decoding=\"async\" data-attachment-id=\"17988\" data-permalink=\"https:\/\/www.shqiperia.com\/blog\/si-e-shkaterroi-kafeja-turke-nje-perandori-te-tere\/kafe_10_2019_02_28_15\/\" data-orig-file=\"https:\/\/i0.wp.com\/www.shqiperia.com\/blog\/wp-content\/uploads\/2019\/03\/kafe_10_2019_02_28_15.jpg?fit=480%2C251&amp;ssl=1\" data-orig-size=\"480,251\" data-comments-opened=\"1\" data-image-meta=\"{&quot;aperture&quot;:&quot;0&quot;,&quot;credit&quot;:&quot;&quot;,&quot;camera&quot;:&quot;&quot;,&quot;caption&quot;:&quot;&quot;,&quot;created_timestamp&quot;:&quot;0&quot;,&quot;copyright&quot;:&quot;&quot;,&quot;focal_length&quot;:&quot;0&quot;,&quot;iso&quot;:&quot;0&quot;,&quot;shutter_speed&quot;:&quot;0&quot;,&quot;title&quot;:&quot;&quot;,&quot;orientation&quot;:&quot;0&quot;}\" data-image-title=\"kafe_10_2019_02_28_15\" data-image-description=\"\" data-image-caption=\"\" data-medium-file=\"https:\/\/i0.wp.com\/www.shqiperia.com\/blog\/wp-content\/uploads\/2019\/03\/kafe_10_2019_02_28_15.jpg?fit=300%2C157&amp;ssl=1\" data-large-file=\"https:\/\/i0.wp.com\/www.shqiperia.com\/blog\/wp-content\/uploads\/2019\/03\/kafe_10_2019_02_28_15.jpg?fit=480%2C251&amp;ssl=1\" class=\"alignnone wp-image-17988\" alt=\"\" src=\"https:\/\/i0.wp.com\/www.shqiperia.com\/blog\/wp-content\/uploads\/2019\/03\/kafe_10_2019_02_28_15-300x157.jpg?resize=766%2C401\" width=\"766\" height=\"401\" srcset=\"https:\/\/i0.wp.com\/www.shqiperia.com\/blog\/wp-content\/uploads\/2019\/03\/kafe_10_2019_02_28_15.jpg?resize=300%2C157&amp;ssl=1 300w, https:\/\/i0.wp.com\/www.shqiperia.com\/blog\/wp-content\/uploads\/2019\/03\/kafe_10_2019_02_28_15.jpg?resize=450%2C235&amp;ssl=1 450w, https:\/\/i0.wp.com\/www.shqiperia.com\/blog\/wp-content\/uploads\/2019\/03\/kafe_10_2019_02_28_15.jpg?resize=400%2C209&amp;ssl=1 400w, https:\/\/i0.wp.com\/www.shqiperia.com\/blog\/wp-content\/uploads\/2019\/03\/kafe_10_2019_02_28_15.jpg?w=480&amp;ssl=1 480w\" sizes=\"auto, (max-width: 766px) 100vw, 766px\" \/><\/p>\n<p>Kahve-ja ishte nj\u00eb pije e parap\u00eblqyer e klas\u00ebs sunduese n\u00eb Perandorin\u00eb Osmane. Por pak e dinin ata se nj\u00eb dit\u00eb do t\u00eb shpejtonte r\u00ebnien e perandoris\u00eb.<\/p>\n<p>Nj\u00eb usta kahveci i pallatit, mund t\u00eb ket\u00eb pasur me dhjet\u00ebra ndihm\u00ebs p\u00ebr t\u00eb bluar kokrrat e kafes\u00eb arabike n\u00eb pluhur tejet t\u00eb im\u00ebt. M\u00eb pas ziente n\u00eb po\u00e7et e bakri, t\u00eb njohura si xhezve kafeje. Pija q\u00eb dilte si rezultat \u2013 e hidhur, e zez\u00eb dhe me nj\u00eb shtres\u00eb t\u00eb holl\u00eb shkume n\u00eb maj\u00eb, q\u00eb krijohej duke e derdhur shpejt \u2013 servirej me filxhan\u00eb t\u00eb vegj\u00ebl porcelani. P\u00ebr t\u00eb ekuilibruar hidh\u00ebsin\u00eb, legjenda thot\u00eb, se gruaja e Sulejmanit, Sulltanesha H\u00fcrrem, e pinte kahve-n\u00eb e saj me nj\u00eb got\u00eb uj\u00eb dhe nj\u00eb llokum \u2013si\u00e7 edhe serviret sot e k\u00ebsaj dite n\u00eb Turqi.<\/p>\n<p>Jo t\u00eb gjith\u00eb, megjithat\u00eb, e besonin se Kurani ua lejonte mysliman\u00ebve t\u00eb pinin k\u00ebt\u00eb pije t\u00eb re stimuluese. Megjith\u00ebse shkrimet islame nuk e p\u00ebrmendnin specifikisht kafen\u00eb, nj\u00eb klerik ekstremist n\u00eb oborrin e Sulejmanit, nxori nj\u00eb fetva kund\u00ebr pijes, me argumentimin se konsumi i gjith\u00e7kaje t\u00eb djegur, ishte i ndaluar. Por kjo, nuk e frenoi joshjen e saj. M\u00eb 1555-\u00ebn, dy tregtar\u00eb sirian\u00eb, themeluan n\u00eb Stamboll kahvehane-n e par\u00eb. Shum\u00eb shpejt, thuajse nj\u00eb n\u00eb gjasht\u00eb dyqane n\u00eb qytet \u2013nga kafenet\u00eb e vogla t\u00eb lagjeve e deri tek qendrat e m\u00ebdha t\u00eb komunitetit- servirnin kafe. Gradualisht, kahve-ja kulloi deri n\u00eb an\u00ebt m\u00eb t\u00eb larg\u00ebta t\u00eb perandoris\u00eb.<\/p>\n<p>Kafenet\u00eb u dhan\u00eb burrave nj\u00eb vend tjet\u00ebr p\u00ebr t\u2019u mbledhur p\u00ebrve\u00e7 sht\u00ebpive, xhamive apo tregjeve, duke u siguruar nj\u00eb vend ku t\u00eb socializoheshin, t\u00eb shk\u00ebmbenin informacion, t\u00eb arg\u00ebtoheshin dhe t\u00eb edukoheshin. An\u00ebtar\u00ebt e shkolluar t\u00eb shoq\u00ebris\u00eb lexonin me z\u00eb lajmet e dit\u00ebs: jeni\u00e7er\u00ebt, an\u00ebtar\u00eb t\u00eb nj\u00eb suaze elit\u00eb t\u00eb trupave osmane, planifikonin akte protestash kund\u00ebr sulltanit, zyrtar\u00ebt diskutonin intrigat e oborrit, tregtar\u00ebt shk\u00ebmbenin z\u00ebra p\u00ebr luft\u00eb. Dhe shumica e pashkolluar i d\u00ebgjonte.<\/p>\n<p><img data-recalc-dims=\"1\" loading=\"lazy\" decoding=\"async\" data-attachment-id=\"17989\" data-permalink=\"https:\/\/www.shqiperia.com\/blog\/si-e-shkaterroi-kafeja-turke-nje-perandori-te-tere\/download\/\" data-orig-file=\"https:\/\/i0.wp.com\/www.shqiperia.com\/blog\/wp-content\/uploads\/2019\/03\/download.jpg?fit=300%2C168&amp;ssl=1\" data-orig-size=\"300,168\" data-comments-opened=\"1\" data-image-meta=\"{&quot;aperture&quot;:&quot;0&quot;,&quot;credit&quot;:&quot;&quot;,&quot;camera&quot;:&quot;&quot;,&quot;caption&quot;:&quot;&quot;,&quot;created_timestamp&quot;:&quot;0&quot;,&quot;copyright&quot;:&quot;&quot;,&quot;focal_length&quot;:&quot;0&quot;,&quot;iso&quot;:&quot;0&quot;,&quot;shutter_speed&quot;:&quot;0&quot;,&quot;title&quot;:&quot;&quot;,&quot;orientation&quot;:&quot;0&quot;}\" data-image-title=\"download\" data-image-description=\"\" data-image-caption=\"\" data-medium-file=\"https:\/\/i0.wp.com\/www.shqiperia.com\/blog\/wp-content\/uploads\/2019\/03\/download.jpg?fit=300%2C168&amp;ssl=1\" data-large-file=\"https:\/\/i0.wp.com\/www.shqiperia.com\/blog\/wp-content\/uploads\/2019\/03\/download.jpg?fit=300%2C168&amp;ssl=1\" class=\"alignnone wp-image-17989\" alt=\"\" src=\"https:\/\/i0.wp.com\/www.shqiperia.com\/blog\/wp-content\/uploads\/2019\/03\/download-300x168.jpg?resize=829%2C464\" width=\"829\" height=\"464\" \/><\/p>\n<p>N\u00eb kafenet\u00eb, ata prezantoheshin me idet\u00eb q\u00eb do t\u00eb sillnin telashe p\u00ebr shtetin osman: rebelim, vendosm\u00ebri dhe gabueshm\u00ebri t\u00eb pushtetarit. Nuk vonoi shum\u00eb kur autoritetet nis\u00ebn ta shihnin kahvehane-n si k\u00ebrc\u00ebnim. Disa sulltan\u00eb vendos\u00ebn spiun\u00eb n\u00eb kafen\u00eb p\u00ebr t\u00eb matur opinionin publik; t\u00eb tjer\u00eb si Murati IV, nj\u00eb sulltan i fillim shekullit t\u00eb 18-t\u00eb, u p\u00ebrpoq t\u2019i mbyllte t\u00eb gjitha. Por sillnin shum\u00eb p\u00ebrfitime ekonomike. Kur l\u00ebvizjet nacionaliste nis\u00ebn t\u00eb zienin n\u00eb tokat osmane, n\u00eb shekullin e 19-t\u00eb, popullariteti i kafeneve lul\u00ebzoi.<\/p>\n<p>Grupet etnike n\u00eb rajonet europiane t\u00eb perandoris\u00eb me shumic\u00eb t\u00eb krishtere ortodokse nis\u00ebn t\u00eb shqet\u00ebsoheshin p\u00ebr pavar\u00ebsi. Udh\u00ebheq\u00ebsit nacionalist\u00eb planifikonin taktikat dhe vulosnin aleanca n\u00eb kafenet\u00eb e Selanikut, Sofjes dhe Beogradit. P\u00ebrpjekjet e tyre, t\u00eb furnizuara me kafein\u00eb, ia dol\u00ebn me vendosjen e nj\u00eb Greqie t\u00eb pavarur m\u00eb 1821, Serbis\u00eb m\u00eb 1835-\u00ebn dhe Bullgaris\u00eb m\u00eb 1878-\u00ebn. Kishte nisur mbret\u00ebrimi i kahve-s\u00eb.<\/p>\n<p>Kombe t\u00eb ndrysh\u00ebm i shtonin nga nj\u00eb element dallues pijes: grek\u00ebt e b\u00ebjn\u00eb me rr\u00ebshir\u00eb, kroat\u00ebt me fara qimnoni, arab\u00ebt e p\u00ebrziejn\u00eb me kardamom dhe e servirin me filxhan\u00eb t\u00eb vegj\u00ebl pa vegj\u00eb, t\u00eb quajtur finjans. Edhe kur pihet sade, ose e plot\u00eb, profili i shijes varet nga pjekja; kokrrat e mesme- n\u00eb t\u00eb err\u00ebta t\u00eb varietetit turk, e prodhojn\u00eb kafen\u00eb me nj\u00eb shije toke, nuanca tymi dhe struktur\u00eb t\u00eb dendur. Kur filxhani thahet, kokrrizat e im\u00ebta veshin fundin e filxhanit. Efekti \u00ebsht\u00eb i menj\u00ebhersh\u00ebm. Perandor\u00eb t\u00eb bot\u00ebs, kini kujdes!\/<\/p>\n<p><span>\/Revista 1840, pjes\u00eb e revist\u00ebs The Economist-Gazeta Si<\/span><\/p>\n<p><img data-recalc-dims=\"1\" loading=\"lazy\" decoding=\"async\" data-attachment-id=\"17990\" data-permalink=\"https:\/\/www.shqiperia.com\/blog\/si-e-shkaterroi-kafeja-turke-nje-perandori-te-tere\/kafe-filxhan-kahve-346236-678x450-2\/\" data-orig-file=\"https:\/\/i0.wp.com\/www.shqiperia.com\/blog\/wp-content\/uploads\/2019\/03\/kafe-filxhan-kahve-346236-678x450-1.jpg?fit=678%2C335&amp;ssl=1\" data-orig-size=\"678,335\" data-comments-opened=\"1\" data-image-meta=\"{&quot;aperture&quot;:&quot;0&quot;,&quot;credit&quot;:&quot;&quot;,&quot;camera&quot;:&quot;&quot;,&quot;caption&quot;:&quot;&quot;,&quot;created_timestamp&quot;:&quot;0&quot;,&quot;copyright&quot;:&quot;&quot;,&quot;focal_length&quot;:&quot;0&quot;,&quot;iso&quot;:&quot;0&quot;,&quot;shutter_speed&quot;:&quot;0&quot;,&quot;title&quot;:&quot;&quot;,&quot;orientation&quot;:&quot;0&quot;}\" data-image-title=\"kafe-filxhan-kahve-346236-678&#215;450\" data-image-description=\"\" data-image-caption=\"\" data-medium-file=\"https:\/\/i0.wp.com\/www.shqiperia.com\/blog\/wp-content\/uploads\/2019\/03\/kafe-filxhan-kahve-346236-678x450-1.jpg?fit=300%2C148&amp;ssl=1\" data-large-file=\"https:\/\/i0.wp.com\/www.shqiperia.com\/blog\/wp-content\/uploads\/2019\/03\/kafe-filxhan-kahve-346236-678x450-1.jpg?fit=678%2C335&amp;ssl=1\" class=\"alignnone wp-image-17990\" alt=\"\" src=\"https:\/\/i0.wp.com\/www.shqiperia.com\/blog\/wp-content\/uploads\/2019\/03\/kafe-filxhan-kahve-346236-678x450-1-300x148.jpg?resize=866%2C427\" width=\"866\" height=\"427\" srcset=\"https:\/\/i0.wp.com\/www.shqiperia.com\/blog\/wp-content\/uploads\/2019\/03\/kafe-filxhan-kahve-346236-678x450-1.jpg?resize=300%2C148&amp;ssl=1 300w, https:\/\/i0.wp.com\/www.shqiperia.com\/blog\/wp-content\/uploads\/2019\/03\/kafe-filxhan-kahve-346236-678x450-1.jpg?resize=450%2C222&amp;ssl=1 450w, https:\/\/i0.wp.com\/www.shqiperia.com\/blog\/wp-content\/uploads\/2019\/03\/kafe-filxhan-kahve-346236-678x450-1.jpg?resize=600%2C296&amp;ssl=1 600w, https:\/\/i0.wp.com\/www.shqiperia.com\/blog\/wp-content\/uploads\/2019\/03\/kafe-filxhan-kahve-346236-678x450-1.jpg?resize=400%2C198&amp;ssl=1 400w, https:\/\/i0.wp.com\/www.shqiperia.com\/blog\/wp-content\/uploads\/2019\/03\/kafe-filxhan-kahve-346236-678x450-1.jpg?w=678&amp;ssl=1 678w\" sizes=\"auto, (max-width: 866px) 100vw, 866px\" \/><\/p>\n<pre>Huazuar na gazeta Dita, 2 mars 2019.<\/pre>\n","protected":false},"excerpt":{"rendered":"<p>Si e shkat\u00ebrroi kafeja turke nj\u00eb Perandori t\u00eb t\u00ebr\u00eb. &#8211; Njihet si kafe greke nga grek\u00ebt dhe qipriot\u00ebt, kafe boshnjake p\u00ebr boshnjak\u00ebt, kafe armene p\u00ebr armen\u00ebt, kafe arabike p\u00ebr arab\u00ebt dhe kafe turke p\u00ebr turqit, kroat\u00ebt, shqiptar\u00ebt dhe serb\u00ebt. Por, n\u00eb mes t\u00eb shekullit t\u00eb 16-t\u00eb, ishte thjesht kahve. N\u00eb at\u00eb koh\u00eb, k\u00ebta popuj ishin [&hellip;]<\/p>\n","protected":false},"author":9,"featured_media":17987,"comment_status":"open","ping_status":"open","sticky":false,"template":"","format":"standard","meta":{"jetpack_post_was_ever_published":false,"_jetpack_newsletter_access":"","_jetpack_dont_email_post_to_subs":false,"_jetpack_newsletter_tier_id":0,"_jetpack_memberships_contains_paywalled_content":false,"_jetpack_memberships_contains_paid_content":false,"footnotes":"","jetpack_publicize_message":"","jetpack_publicize_feature_enabled":true,"jetpack_social_post_already_shared":true,"jetpack_social_options":{"image_generator_settings":{"template":"highway","default_image_id":0,"font":"","enabled":false},"version":2}},"categories":[27,10,35],"tags":[],"class_list":["post-17986","post","type-post","status-publish","format-standard","has-post-thumbnail","hentry","category-blogu-i-udhetarit","category-kultura","category-shoqerore"],"jetpack_publicize_connections":[],"jetpack_featured_media_url":"https:\/\/i0.wp.com\/www.shqiperia.com\/blog\/wp-content\/uploads\/2019\/03\/kafe-filxhan-kahve-346236-678x450.jpg?fit=678%2C335&ssl=1","jetpack_sharing_enabled":true,"jetpack_shortlink":"https:\/\/wp.me\/p5Z6wp-4G6","jetpack-related-posts":[{"id":87107,"url":"https:\/\/www.shqiperia.com\/blog\/kafe-turke-per-nje-jete-te-gjate-zbuloni-faktet-interesante\/","url_meta":{"origin":17986,"position":0},"title":"Kafe turke p\u00ebr nj\u00eb jet\u00eb t\u00eb gjat\u00eb? &#8211; Zbuloni faktet interesante","author":"Kurt Farka","date":"December 5, 2024","format":false,"excerpt":"5 Dhjetor 2024 \u00c7do dit\u00eb, amvisat shqiptare p\u00ebrballen me m\u00ebdyshje, sfida dhe pun\u00eb. P\u00ebrpara se t\u00eb p\u00ebrballen me k\u00ebto sfida, tradita e k\u00ebrkon nj\u00eb filxhan me kafe turke. Shkenc\u00ebtar\u00ebt kan\u00eb kryer disa studime n\u00eb lidhje me jet\u00ebgjat\u00ebsin\u00eb e njer\u00ebzve n\u00eb zon\u00ebn e Ballkanit dhe t\u00eb Mesdheut n\u00eb p\u00ebrgjith\u00ebsi t\u00eb cil\u00ebt\u2026","rel":"","context":"In &quot;Blogu i Udh\u00ebtarit&quot;","block_context":{"text":"Blogu i Udh\u00ebtarit","link":"https:\/\/www.shqiperia.com\/blog\/category\/blogu-i-udhetarit\/"},"img":{"alt_text":"","src":"https:\/\/i0.wp.com\/www.shqiperia.com\/blog\/wp-content\/uploads\/2024\/12\/Turkish-Coffee-Recipe-Image.webp?fit=1200%2C672&ssl=1&resize=350%2C200","width":350,"height":200,"srcset":"https:\/\/i0.wp.com\/www.shqiperia.com\/blog\/wp-content\/uploads\/2024\/12\/Turkish-Coffee-Recipe-Image.webp?fit=1200%2C672&ssl=1&resize=350%2C200 1x, https:\/\/i0.wp.com\/www.shqiperia.com\/blog\/wp-content\/uploads\/2024\/12\/Turkish-Coffee-Recipe-Image.webp?fit=1200%2C672&ssl=1&resize=525%2C300 1.5x, https:\/\/i0.wp.com\/www.shqiperia.com\/blog\/wp-content\/uploads\/2024\/12\/Turkish-Coffee-Recipe-Image.webp?fit=1200%2C672&ssl=1&resize=700%2C400 2x, https:\/\/i0.wp.com\/www.shqiperia.com\/blog\/wp-content\/uploads\/2024\/12\/Turkish-Coffee-Recipe-Image.webp?fit=1200%2C672&ssl=1&resize=1050%2C600 3x"},"classes":[]},{"id":12335,"url":"https:\/\/www.shqiperia.com\/blog\/histori-dhe-kuriozitete-rreth-kafese\/","url_meta":{"origin":17986,"position":1},"title":"Histori dhe kuriozitete rreth kafes\u00eb. &#8211;","author":"Kurt Farka","date":"October 6, 2018","format":false,"excerpt":"Histori dhe kuriozitete rreth kafes\u00eb. - \u00cbsht\u00eb pija m\u00eb e p\u00ebrhapur (pas ujit): \u00c7do dit\u00eb n\u00eb bot\u00eb konsumohen pothuajse 1,6 miliard filxhan\u00eb me kafe. Kush ishin kultivuesit e par\u00eb dhe origjina e emrat. Doza vras\u00ebse e kafes \u00ebsht\u00eb rreth 100 filxhan\u00eb. Pse disa murgj i k\u00ebrkuan Papa Klementit 8 q\u00eb\u2026","rel":"","context":"In &quot;Blogu i Udh\u00ebtarit&quot;","block_context":{"text":"Blogu i Udh\u00ebtarit","link":"https:\/\/www.shqiperia.com\/blog\/category\/blogu-i-udhetarit\/"},"img":{"alt_text":"","src":"https:\/\/i0.wp.com\/www.shqiperia.com\/blog\/wp-content\/uploads\/2018\/10\/caffe-maggiogiugno2017.jpg?fit=730%2C411&ssl=1&resize=350%2C200","width":350,"height":200,"srcset":"https:\/\/i0.wp.com\/www.shqiperia.com\/blog\/wp-content\/uploads\/2018\/10\/caffe-maggiogiugno2017.jpg?fit=730%2C411&ssl=1&resize=350%2C200 1x, https:\/\/i0.wp.com\/www.shqiperia.com\/blog\/wp-content\/uploads\/2018\/10\/caffe-maggiogiugno2017.jpg?fit=730%2C411&ssl=1&resize=525%2C300 1.5x, https:\/\/i0.wp.com\/www.shqiperia.com\/blog\/wp-content\/uploads\/2018\/10\/caffe-maggiogiugno2017.jpg?fit=730%2C411&ssl=1&resize=700%2C400 2x"},"classes":[]},{"id":13073,"url":"https:\/\/www.shqiperia.com\/blog\/50-faktet-dhe-kuriozitete-per-kafene\/","url_meta":{"origin":17986,"position":2},"title":"50 faktet dhe kuriozitete per Kafene. &#8211;","author":"Kurt Farka","date":"October 27, 2018","format":false,"excerpt":"50 faktet dhe kuriozitete per Kafene. - Sipas nj\u00eb legjende, kafja u zbulua n\u00eb shekullin e 9 kur nj\u00eb bari etiopian dhish, i quajtur Khaldi, vuri re se dhit\u00eb e tij ishin m\u00eb t\u00eb k\u00ebnaqura kur konsumonin manaferra t\u00eb kuqe. Khaldi ia \u00e7oi manaferrat nj\u00eb njeriut t\u00eb shenjt\u00eb mysliman, q\u00eb\u2026","rel":"","context":"In &quot;Blogu i Udh\u00ebtarit&quot;","block_context":{"text":"Blogu i Udh\u00ebtarit","link":"https:\/\/www.shqiperia.com\/blog\/category\/blogu-i-udhetarit\/"},"img":{"alt_text":"","src":"https:\/\/i0.wp.com\/www.shqiperia.com\/blog\/wp-content\/uploads\/2018\/10\/index-8.jpg?resize=350%2C200","width":350,"height":200},"classes":[]},{"id":74307,"url":"https:\/\/www.shqiperia.com\/blog\/kafeja-dhe-caji-per-shendetin-e-zemres-melcise-dhe-trurit-mesoni-sasine-e-duhur-per-organizmin\/","url_meta":{"origin":17986,"position":3},"title":"Kafeja dhe \u00e7aji p\u00ebr sh\u00ebndetin e zemr\u00ebs, m\u00ebl\u00e7is\u00eb dhe trurit, m\u00ebsoni sasin\u00eb e duhur p\u00ebr organizmin","author":"Kurt Farka","date":"September 17, 2023","format":false,"excerpt":"17 Gusht 2023 P\u00ebrve\u00e7 ujit, kafeja dhe \u00e7aji jan\u00eb pijet m\u00eb t\u00eb p\u00eblqyera dhe t\u00eb p\u00ebrdorura nga t\u00eb gjith\u00eb konsumator\u00ebt. T\u00eb dy k\u00ebto produkte jan\u00eb shoq\u00ebruese t\u00eb mira t\u00eb shoq\u00ebris\u00eb, por p\u00ebrb\u00ebr\u00ebsit e tyre kan\u00eb edhe shum\u00eb vlera p\u00ebr sh\u00ebndetin. Gjat\u00eb stin\u00ebs s\u00eb ver\u00ebs ka shum\u00eb persona q\u00eb i preferojn\u00eb\u2026","rel":"","context":"In &quot;Blogu i Udh\u00ebtarit&quot;","block_context":{"text":"Blogu i Udh\u00ebtarit","link":"https:\/\/www.shqiperia.com\/blog\/category\/blogu-i-udhetarit\/"},"img":{"alt_text":"","src":"https:\/\/i0.wp.com\/www.shqiperia.com\/blog\/wp-content\/uploads\/2023\/09\/kafja.jpg?fit=1200%2C673&ssl=1&resize=350%2C200","width":350,"height":200,"srcset":"https:\/\/i0.wp.com\/www.shqiperia.com\/blog\/wp-content\/uploads\/2023\/09\/kafja.jpg?fit=1200%2C673&ssl=1&resize=350%2C200 1x, https:\/\/i0.wp.com\/www.shqiperia.com\/blog\/wp-content\/uploads\/2023\/09\/kafja.jpg?fit=1200%2C673&ssl=1&resize=525%2C300 1.5x, https:\/\/i0.wp.com\/www.shqiperia.com\/blog\/wp-content\/uploads\/2023\/09\/kafja.jpg?fit=1200%2C673&ssl=1&resize=700%2C400 2x, https:\/\/i0.wp.com\/www.shqiperia.com\/blog\/wp-content\/uploads\/2023\/09\/kafja.jpg?fit=1200%2C673&ssl=1&resize=1050%2C600 3x"},"classes":[]},{"id":68075,"url":"https:\/\/www.shqiperia.com\/blog\/pse-e-zeza-grija-dhe-kafeja-nuk-perfshihen-ne-ylber\/","url_meta":{"origin":17986,"position":4},"title":"Pse e zeza, grija dhe kafeja nuk p\u00ebrfshihen n\u00eb ylber?!","author":"Kurt Farka","date":"February 15, 2023","format":false,"excerpt":"15 Shkurt 2023 Ekspert\u00ebt iu p\u00ebrgjigj\u00ebn pyetjes pse ylberi nuk p\u00ebrfshin ngjyr\u00ebn e zez\u00eb, gri dhe kafe. Gjith\u00e7ka ka t\u00eb b\u00ebj\u00eb me p\u00ebrzierjen e ngjyrave. Ne e dim\u00eb se drita udh\u00ebton n\u00eb val\u00eb. Ngjyra t\u00eb ndryshme kan\u00eb gjat\u00ebsi vale t\u00eb ndryshme. Prandaj, secila prej tyre p\u00ebrthyhet nga pikat e ujit\u2026","rel":"","context":"In &quot;Blogu i Udh\u00ebtarit&quot;","block_context":{"text":"Blogu i Udh\u00ebtarit","link":"https:\/\/www.shqiperia.com\/blog\/category\/blogu-i-udhetarit\/"},"img":{"alt_text":"","src":"https:\/\/i0.wp.com\/www.shqiperia.com\/blog\/wp-content\/uploads\/2023\/02\/ylberi-765x383-1.jpg?fit=765%2C383&ssl=1&resize=350%2C200","width":350,"height":200,"srcset":"https:\/\/i0.wp.com\/www.shqiperia.com\/blog\/wp-content\/uploads\/2023\/02\/ylberi-765x383-1.jpg?fit=765%2C383&ssl=1&resize=350%2C200 1x, https:\/\/i0.wp.com\/www.shqiperia.com\/blog\/wp-content\/uploads\/2023\/02\/ylberi-765x383-1.jpg?fit=765%2C383&ssl=1&resize=525%2C300 1.5x, https:\/\/i0.wp.com\/www.shqiperia.com\/blog\/wp-content\/uploads\/2023\/02\/ylberi-765x383-1.jpg?fit=765%2C383&ssl=1&resize=700%2C400 2x"},"classes":[]},{"id":26861,"url":"https:\/\/www.shqiperia.com\/blog\/kafja-parandalon-semundjen-me-rrenuese-mendore\/","url_meta":{"origin":17986,"position":5},"title":"Kafja parandalon s\u00ebmundjen m\u00eb rr\u00ebnuese mendore?","author":"Kurt Farka","date":"October 10, 2019","format":false,"excerpt":"Kafja parandalon s\u00ebmundjen m\u00eb rr\u00ebnuese mendore? A mundet q\u00eb nj\u00eb filxhan kafe t\u2019ju ndihmoj\u00eb t\u00eb parandaloni dhe ndoshta edhe t\u00eb trajtoni nj\u00eb nga s\u00ebmundjet neurodegjenerative m\u00eb rr\u00ebnuese? Jan\u00eb b\u00ebr\u00eb t\u00eb pakt\u00ebn 19 studime p\u00ebr rolin q\u00eb mund t\u00eb luaj\u00eb kafeja n\u00eb s\u00ebmundjen e parkinsonit dhe n\u00eb p\u00ebrgjith\u00ebsi, konsumimi i saj\u2026","rel":"","context":"In &quot;Blogu i Udh\u00ebtarit&quot;","block_context":{"text":"Blogu i Udh\u00ebtarit","link":"https:\/\/www.shqiperia.com\/blog\/category\/blogu-i-udhetarit\/"},"img":{"alt_text":"","src":"https:\/\/i0.wp.com\/www.shqiperia.com\/blog\/wp-content\/uploads\/2019\/10\/640-0-5d9b4a2f07bf3-905x450.jpg?fit=905%2C450&ssl=1&resize=350%2C200","width":350,"height":200,"srcset":"https:\/\/i0.wp.com\/www.shqiperia.com\/blog\/wp-content\/uploads\/2019\/10\/640-0-5d9b4a2f07bf3-905x450.jpg?fit=905%2C450&ssl=1&resize=350%2C200 1x, https:\/\/i0.wp.com\/www.shqiperia.com\/blog\/wp-content\/uploads\/2019\/10\/640-0-5d9b4a2f07bf3-905x450.jpg?fit=905%2C450&ssl=1&resize=525%2C300 1.5x, https:\/\/i0.wp.com\/www.shqiperia.com\/blog\/wp-content\/uploads\/2019\/10\/640-0-5d9b4a2f07bf3-905x450.jpg?fit=905%2C450&ssl=1&resize=700%2C400 2x"},"classes":[]}],"_links":{"self":[{"href":"https:\/\/www.shqiperia.com\/blog\/wp-json\/wp\/v2\/posts\/17986","targetHints":{"allow":["GET"]}}],"collection":[{"href":"https:\/\/www.shqiperia.com\/blog\/wp-json\/wp\/v2\/posts"}],"about":[{"href":"https:\/\/www.shqiperia.com\/blog\/wp-json\/wp\/v2\/types\/post"}],"author":[{"embeddable":true,"href":"https:\/\/www.shqiperia.com\/blog\/wp-json\/wp\/v2\/users\/9"}],"replies":[{"embeddable":true,"href":"https:\/\/www.shqiperia.com\/blog\/wp-json\/wp\/v2\/comments?post=17986"}],"version-history":[{"count":5,"href":"https:\/\/www.shqiperia.com\/blog\/wp-json\/wp\/v2\/posts\/17986\/revisions"}],"predecessor-version":[{"id":18054,"href":"https:\/\/www.shqiperia.com\/blog\/wp-json\/wp\/v2\/posts\/17986\/revisions\/18054"}],"wp:featuredmedia":[{"embeddable":true,"href":"https:\/\/www.shqiperia.com\/blog\/wp-json\/wp\/v2\/media\/17987"}],"wp:attachment":[{"href":"https:\/\/www.shqiperia.com\/blog\/wp-json\/wp\/v2\/media?parent=17986"}],"wp:term":[{"taxonomy":"category","embeddable":true,"href":"https:\/\/www.shqiperia.com\/blog\/wp-json\/wp\/v2\/categories?post=17986"},{"taxonomy":"post_tag","embeddable":true,"href":"https:\/\/www.shqiperia.com\/blog\/wp-json\/wp\/v2\/tags?post=17986"}],"curies":[{"name":"wp","href":"https:\/\/api.w.org\/{rel}","templated":true}]}}