{"id":17977,"date":"2019-03-02T20:37:10","date_gmt":"2019-03-02T20:37:10","guid":{"rendered":"http:\/\/www.shqiperia.com\/blog\/?p=17977"},"modified":"2019-03-02T20:37:10","modified_gmt":"2019-03-02T20:37:10","slug":"frike-nga-protestat-edi-rama-anulon-viziten-e-tij-ne-shkoder","status":"publish","type":"post","link":"https:\/\/www.shqiperia.com\/blog\/frike-nga-protestat-edi-rama-anulon-viziten-e-tij-ne-shkoder\/","title":{"rendered":"Frik\u00eb nga protestat? Edi Rama anulon vizit\u00ebn e tij n\u00eb Shkod\u00ebr."},"content":{"rendered":"<p><img data-recalc-dims=\"1\" loading=\"lazy\" decoding=\"async\" data-attachment-id=\"17978\" data-permalink=\"https:\/\/www.shqiperia.com\/blog\/frike-nga-protestat-edi-rama-anulon-viziten-e-tij-ne-shkoder\/rama-a-770x433\/\" data-orig-file=\"https:\/\/i0.wp.com\/www.shqiperia.com\/blog\/wp-content\/uploads\/2019\/03\/rama-a-770x433.jpg?fit=770%2C433&amp;ssl=1\" data-orig-size=\"770,433\" data-comments-opened=\"1\" data-image-meta=\"{&quot;aperture&quot;:&quot;0&quot;,&quot;credit&quot;:&quot;&quot;,&quot;camera&quot;:&quot;&quot;,&quot;caption&quot;:&quot;&quot;,&quot;created_timestamp&quot;:&quot;0&quot;,&quot;copyright&quot;:&quot;&quot;,&quot;focal_length&quot;:&quot;0&quot;,&quot;iso&quot;:&quot;0&quot;,&quot;shutter_speed&quot;:&quot;0&quot;,&quot;title&quot;:&quot;&quot;,&quot;orientation&quot;:&quot;0&quot;}\" data-image-title=\"rama-a-770&#215;433\" data-image-description=\"\" data-image-caption=\"\" data-medium-file=\"https:\/\/i0.wp.com\/www.shqiperia.com\/blog\/wp-content\/uploads\/2019\/03\/rama-a-770x433.jpg?fit=300%2C169&amp;ssl=1\" data-large-file=\"https:\/\/i0.wp.com\/www.shqiperia.com\/blog\/wp-content\/uploads\/2019\/03\/rama-a-770x433.jpg?fit=770%2C433&amp;ssl=1\" class=\"alignnone  wp-image-17978\" alt=\"\" src=\"https:\/\/i0.wp.com\/www.shqiperia.com\/blog\/wp-content\/uploads\/2019\/03\/rama-a-770x433-300x169.jpg?resize=447%2C252\" width=\"447\" height=\"252\" srcset=\"https:\/\/i0.wp.com\/www.shqiperia.com\/blog\/wp-content\/uploads\/2019\/03\/rama-a-770x433.jpg?resize=300%2C169&amp;ssl=1 300w, https:\/\/i0.wp.com\/www.shqiperia.com\/blog\/wp-content\/uploads\/2019\/03\/rama-a-770x433.jpg?resize=768%2C432&amp;ssl=1 768w, https:\/\/i0.wp.com\/www.shqiperia.com\/blog\/wp-content\/uploads\/2019\/03\/rama-a-770x433.jpg?resize=450%2C253&amp;ssl=1 450w, https:\/\/i0.wp.com\/www.shqiperia.com\/blog\/wp-content\/uploads\/2019\/03\/rama-a-770x433.jpg?resize=600%2C337&amp;ssl=1 600w, https:\/\/i0.wp.com\/www.shqiperia.com\/blog\/wp-content\/uploads\/2019\/03\/rama-a-770x433.jpg?resize=400%2C225&amp;ssl=1 400w, https:\/\/i0.wp.com\/www.shqiperia.com\/blog\/wp-content\/uploads\/2019\/03\/rama-a-770x433.jpg?resize=770%2C433&amp;ssl=1 770w\" sizes=\"auto, (max-width: 447px) 100vw, 447px\" \/><\/p>\n<p><strong>Frik\u00eb nga protestat? Edi Rama anulon vizit\u00ebn e tij n\u00eb Shkod\u00ebr.<\/strong><\/p>\n<p>02.03.19.<\/p>\n<p>Edi Rama ka anuluar sot pjes\u00ebmarrjen e tij n\u00eb Asamblen\u00eb e madhe q\u00eb do t\u00eb mbahej n\u00eb Shkod\u00ebr. Dit\u00ebn e djeshme ishte PD e k\u00ebtij qarku deklaroi protest\u00eb dhe se nuk do ta lejonin kryeministrin t\u00eb futej n\u00eb qytet. Ish- deputetja e k\u00ebtij qarku, Izmira Ulqinaku n\u00ebp\u00ebrmjet nj\u00eb statusi b\u00ebri me dije se Rama e anuloi vizit\u00ebn pasi e dinte \u00e7far\u00eb e priste dhe n\u00eb vend t\u00eb tij solli kukullat e tij.<\/p>\n<p><strong>Statusi i Izmira Ulqinakut:<\/strong><\/p>\n<ul>\n<li>Shkodra n\u00eb shtetrrethim!<\/li>\n<\/ul>\n<p>Policia kudo sot!<\/p>\n<p>Rrug\u00ebt jan\u00eb bllokuar, sepse vjen PARIA nga Tirana. Vijn\u00eb ministrat e ish ministrat. Vijn\u00eb ato q\u00eb deri tani nuk e dinin nga i bie Shkodra. Vijn\u00eb ato t\u00eb cil\u00ebt nuk soll\u00ebn asnj\u00eb investim n\u00eb Shkod\u00ebr.<\/p>\n<p>Edi Rama anulloi viziten n\u00eb qytetin ton\u00eb sepse e dinte pritjen q\u00eb do i b\u00ebnim. Solli argat\u00ebt e tij. Solli kukullat e tij pa z\u00eb, pa goj\u00eb e pa mend.<\/p>\n<p>Shkodra \u00ebsht\u00eb e djatht\u00eb! Shkodran\u00ebt jan\u00eb demokrat\u00eb. Nga Shkodra vjen largimi i Ram\u00ebs e diktatur\u00ebs!<\/p>\n<p>Gazeta Shqiptare<\/p>\n","protected":false},"excerpt":{"rendered":"<p>Frik\u00eb nga protestat? Edi Rama anulon vizit\u00ebn e tij n\u00eb Shkod\u00ebr. 02.03.19. Edi Rama ka anuluar sot pjes\u00ebmarrjen e tij n\u00eb Asamblen\u00eb e madhe q\u00eb do t\u00eb mbahej n\u00eb Shkod\u00ebr. Dit\u00ebn e djeshme ishte PD e k\u00ebtij qarku deklaroi protest\u00eb dhe se nuk do ta lejonin kryeministrin t\u00eb futej n\u00eb qytet. Ish- deputetja e k\u00ebtij [&hellip;]<\/p>\n","protected":false},"author":9,"featured_media":17978,"comment_status":"open","ping_status":"open","sticky":false,"template":"","format":"standard","meta":{"jetpack_post_was_ever_published":false,"_jetpack_newsletter_access":"","_jetpack_dont_email_post_to_subs":false,"_jetpack_newsletter_tier_id":0,"_jetpack_memberships_contains_paywalled_content":false,"_jetpack_memberships_contains_paid_content":false,"footnotes":"","jetpack_publicize_message":"","jetpack_publicize_feature_enabled":true,"jetpack_social_post_already_shared":true,"jetpack_social_options":{"image_generator_settings":{"template":"highway","default_image_id":0,"font":"","enabled":false},"version":2}},"categories":[27,2,35],"tags":[],"class_list":["post-17977","post","type-post","status-publish","format-standard","has-post-thumbnail","hentry","category-blogu-i-udhetarit","category-politika","category-shoqerore"],"jetpack_publicize_connections":[],"jetpack_featured_media_url":"https:\/\/i0.wp.com\/www.shqiperia.com\/blog\/wp-content\/uploads\/2019\/03\/rama-a-770x433.jpg?fit=770%2C433&ssl=1","jetpack_sharing_enabled":true,"jetpack_shortlink":"https:\/\/wp.me\/p5Z6wp-4FX","jetpack-related-posts":[{"id":90548,"url":"https:\/\/www.shqiperia.com\/blog\/berisha-prezanton-kandidatet-e-11-majit-ne-shkoder-nuk-vijne-nga-bodrumet-e-dobracit-por-jane-fitues-kjo-eshte-fushate-clirimtare\/","url_meta":{"origin":17977,"position":0},"title":"Berisha prezanton kandidat\u00ebt e 11 majit n\u00eb Shkod\u00ebr: &#8211; Nuk vijn\u00eb nga bodrumet e Dobra\u00e7it, por jan\u00eb fitues! Kjo \u00ebsht\u00eb fushat\u00eb \u00e7lirimtare","author":"Kurt Farka","date":"March 18, 2025","format":false,"excerpt":"18 Mars 2025 Kryetari i Partis\u00eb Demokratike, Sali Berisha ka prezantuar n\u00eb Shkod\u00ebr kandidat\u00ebt p\u00ebr deputet\u00eb n\u00eb zgjedhjet ne 11 majit. N\u00eb fjal\u00ebn e tij, kryedemokrati deklaroi se kandidat\u00ebt e tij nuk vijn\u00eb nga bodrumet e Dobra\u00e7it, por jan\u00eb kandidat\u00ebt e fitores. \u201cK\u00ebta nuk jan\u00eb kandidat\u00eb q\u00eb vijn\u00eb nga bodrumet\u2026","rel":"","context":"In &quot;Blogu i Udh\u00ebtarit&quot;","block_context":{"text":"Blogu i Udh\u00ebtarit","link":"https:\/\/www.shqiperia.com\/blog\/category\/blogu-i-udhetarit\/"},"img":{"alt_text":"","src":"https:\/\/i0.wp.com\/www.shqiperia.com\/blog\/wp-content\/uploads\/2025\/03\/sali-berisha-OK1-scaled.jpg?fit=1200%2C800&ssl=1&resize=350%2C200","width":350,"height":200,"srcset":"https:\/\/i0.wp.com\/www.shqiperia.com\/blog\/wp-content\/uploads\/2025\/03\/sali-berisha-OK1-scaled.jpg?fit=1200%2C800&ssl=1&resize=350%2C200 1x, https:\/\/i0.wp.com\/www.shqiperia.com\/blog\/wp-content\/uploads\/2025\/03\/sali-berisha-OK1-scaled.jpg?fit=1200%2C800&ssl=1&resize=525%2C300 1.5x, https:\/\/i0.wp.com\/www.shqiperia.com\/blog\/wp-content\/uploads\/2025\/03\/sali-berisha-OK1-scaled.jpg?fit=1200%2C800&ssl=1&resize=700%2C400 2x, https:\/\/i0.wp.com\/www.shqiperia.com\/blog\/wp-content\/uploads\/2025\/03\/sali-berisha-OK1-scaled.jpg?fit=1200%2C800&ssl=1&resize=1050%2C600 3x"},"classes":[]},{"id":97209,"url":"https:\/\/www.shqiperia.com\/blog\/edi-rames-ne-panik-nga-protestat-pezullon-viziten-ne-vlore\/","url_meta":{"origin":17977,"position":1},"title":"Edi Ram\u00ebs n\u00eb panik, nga protestat pezullon vizit\u00ebn n\u00eb Vlor\u00eb","author":"Kurt Farka","date":"February 1, 2026","format":false,"excerpt":"1 Shkurt 2026 Edi Rama \u00ebsht\u00eb zhytur n\u00eb panik t\u00eb thell\u00eb pas ngjarjeve t\u00eb fundit n\u00eb qytetin e Vlor\u00ebs. Banor\u00ebt e k\u00ebtij qyteti zjejn\u00eb nga pak\u00ebnaq\u00ebsia dhe ka mjaftuar kriza e ujit p\u00ebr t\u00eb ndezur flak\u00ebn e pak\u00ebnaq\u00ebsis\u00eb, duke pushtuar sall\u00ebn e Bashkis\u00eb. P\u00ebrpos problemit t\u00eb ujit ka pasur zhvillime\u2026","rel":"","context":"In &quot;Blogu i Udh\u00ebtarit&quot;","block_context":{"text":"Blogu i Udh\u00ebtarit","link":"https:\/\/www.shqiperia.com\/blog\/category\/blogu-i-udhetarit\/"},"img":{"alt_text":"","src":"https:\/\/i0.wp.com\/www.shqiperia.com\/blog\/wp-content\/uploads\/2026\/02\/hjhj.jpg?fit=900%2C593&ssl=1&resize=350%2C200","width":350,"height":200,"srcset":"https:\/\/i0.wp.com\/www.shqiperia.com\/blog\/wp-content\/uploads\/2026\/02\/hjhj.jpg?fit=900%2C593&ssl=1&resize=350%2C200 1x, https:\/\/i0.wp.com\/www.shqiperia.com\/blog\/wp-content\/uploads\/2026\/02\/hjhj.jpg?fit=900%2C593&ssl=1&resize=525%2C300 1.5x, https:\/\/i0.wp.com\/www.shqiperia.com\/blog\/wp-content\/uploads\/2026\/02\/hjhj.jpg?fit=900%2C593&ssl=1&resize=700%2C400 2x"},"classes":[]},{"id":45984,"url":"https:\/\/www.shqiperia.com\/blog\/bushati-rama-barazoi-shkodranet-me-punetoret-e-bangladeshit-nuk-njeh-turp-as-marre\/","url_meta":{"origin":17977,"position":2},"title":"Bushati: Rama barazoi shkodran\u00ebt me pun\u00ebtor\u00ebt e Bangladeshit, nuk njeh turp as marre","author":"Kurt Farka","date":"March 31, 2021","format":false,"excerpt":"Bushati: Rama barazoi shkodran\u00ebt me pun\u00ebtor\u00ebt e Bangladeshit, nuk njeh turp as marre 31\/03\/2021 Teksa kryeministri Rama hapi \u201ctraun\u201d p\u00ebr pun\u00ebtor\u00ebt e huaj nga Bangladeshi, Pakistani e India, ka ardhur dhe reagimi i kandidatit p\u00ebr deputet t\u00eb PD n\u00eb Shkod\u00ebr, Helidon Bushati. N\u00eb nj\u00eb postim n\u00eb facebook, ai shkruan se\u2026","rel":"","context":"In &quot;Blogu i Udh\u00ebtarit&quot;","block_context":{"text":"Blogu i Udh\u00ebtarit","link":"https:\/\/www.shqiperia.com\/blog\/category\/blogu-i-udhetarit\/"},"img":{"alt_text":"","src":"https:\/\/i0.wp.com\/www.shqiperia.com\/blog\/wp-content\/uploads\/2021\/03\/Helidon-Bushati..jpg?fit=722%2C417&ssl=1&resize=350%2C200","width":350,"height":200,"srcset":"https:\/\/i0.wp.com\/www.shqiperia.com\/blog\/wp-content\/uploads\/2021\/03\/Helidon-Bushati..jpg?fit=722%2C417&ssl=1&resize=350%2C200 1x, https:\/\/i0.wp.com\/www.shqiperia.com\/blog\/wp-content\/uploads\/2021\/03\/Helidon-Bushati..jpg?fit=722%2C417&ssl=1&resize=525%2C300 1.5x, https:\/\/i0.wp.com\/www.shqiperia.com\/blog\/wp-content\/uploads\/2021\/03\/Helidon-Bushati..jpg?fit=722%2C417&ssl=1&resize=700%2C400 2x"},"classes":[]},{"id":89328,"url":"https:\/\/www.shqiperia.com\/blog\/masa-e-sigurise-per-veliaj-rama-nderpret-viziten-ne-shkoder-kthehet-me-urgjence-drejt\/","url_meta":{"origin":17977,"position":3},"title":"Masa e siguris\u00eb p\u00ebr Veliaj\/ Rama nd\u00ebrpret vizit\u00ebn n\u00eb Shkod\u00ebr, kthehet me urgjenc\u00eb drejt\u2026","author":"Kurt Farka","date":"February 10, 2025","format":false,"excerpt":"10 Shkurt 2025 Rama anulon takimet q\u00eb kishte gjat\u00eb dit\u00ebs n\u00eb Shkod\u00ebr. Kreu i qeveris\u00eb \u00ebsht\u00eb nisur urgjent drejt Tiran\u00ebs pas mas\u00ebs s\u00eb siguris\u00eb nga GJKKO p\u00ebr kryetarin e bashkis\u00eb Tiran\u00eb Erjon Veliaj. Rama kishte planifikuar nj\u00eb drek\u00eb me zyrtar\u00eb dhe kryetar\u00eb bashkish t\u00eb PS si dhe m\u00eb pas do\u2026","rel":"","context":"In &quot;Blogu i Udh\u00ebtarit&quot;","block_context":{"text":"Blogu i Udh\u00ebtarit","link":"https:\/\/www.shqiperia.com\/blog\/category\/blogu-i-udhetarit\/"},"img":{"alt_text":"","src":"https:\/\/i0.wp.com\/www.shqiperia.com\/blog\/wp-content\/uploads\/2025\/02\/800-0-edi-rama-750x375-1.jpg?fit=800%2C400&ssl=1&resize=350%2C200","width":350,"height":200,"srcset":"https:\/\/i0.wp.com\/www.shqiperia.com\/blog\/wp-content\/uploads\/2025\/02\/800-0-edi-rama-750x375-1.jpg?fit=800%2C400&ssl=1&resize=350%2C200 1x, https:\/\/i0.wp.com\/www.shqiperia.com\/blog\/wp-content\/uploads\/2025\/02\/800-0-edi-rama-750x375-1.jpg?fit=800%2C400&ssl=1&resize=525%2C300 1.5x, https:\/\/i0.wp.com\/www.shqiperia.com\/blog\/wp-content\/uploads\/2025\/02\/800-0-edi-rama-750x375-1.jpg?fit=800%2C400&ssl=1&resize=700%2C400 2x"},"classes":[]},{"id":20237,"url":"https:\/\/www.shqiperia.com\/blog\/proteste-ne-shkoder-per-viziten-e-rames-qytetaret-perplasen-me-policine\/","url_meta":{"origin":17977,"position":4},"title":"Protest\u00eb n\u00eb Shkod\u00ebr p\u00ebr vizit\u00ebn e Ram\u00ebs, qytetar\u00ebt p\u00ebrplasen me Policin\u00eb. &#8211;","author":"Kurt Farka","date":"April 26, 2019","format":false,"excerpt":"Protest\u00eb n\u00eb Shkod\u00ebr p\u00ebr vizit\u00ebn e Ram\u00ebs, qytetar\u00ebt p\u00ebrplasen me Policin\u00eb. - Si\u00e7 shihet dhe nga pamjet e siguruara nga Dosja.al, protestuesit jan\u00eb mbledhur Ura e Bah\u00e7allekut p\u00ebr t\u00eb mos lejuar kalimin e numrit nj\u00eb t\u00eb qeveris\u00eb. 26 Prill, 2019 SHKOD\u00cbR-\u00a0Kryeministri Edi Rama sot ndodhet p\u00ebr nj\u00eb vizit\u00eb n\u00eb Shkod\u00ebr,\u2026","rel":"","context":"In &quot;Blogu i Udh\u00ebtarit&quot;","block_context":{"text":"Blogu i Udh\u00ebtarit","link":"https:\/\/www.shqiperia.com\/blog\/category\/blogu-i-udhetarit\/"},"img":{"alt_text":"","src":"https:\/\/i0.wp.com\/www.shqiperia.com\/blog\/wp-content\/uploads\/2019\/04\/1111-8.jpg?fit=845%2C476&ssl=1&resize=350%2C200","width":350,"height":200,"srcset":"https:\/\/i0.wp.com\/www.shqiperia.com\/blog\/wp-content\/uploads\/2019\/04\/1111-8.jpg?fit=845%2C476&ssl=1&resize=350%2C200 1x, https:\/\/i0.wp.com\/www.shqiperia.com\/blog\/wp-content\/uploads\/2019\/04\/1111-8.jpg?fit=845%2C476&ssl=1&resize=525%2C300 1.5x, https:\/\/i0.wp.com\/www.shqiperia.com\/blog\/wp-content\/uploads\/2019\/04\/1111-8.jpg?fit=845%2C476&ssl=1&resize=700%2C400 2x"},"classes":[]},{"id":17152,"url":"https:\/\/www.shqiperia.com\/blog\/shkodra-korca-e-gjirokastra-nuk-presin-16-shkurtin-protesta-thirrje-kunder-rames-e-qeverise\/","url_meta":{"origin":17977,"position":5},"title":"Shkodra, Kor\u00e7a e Gjirokastra nuk presin 16 shkurtin.  -Protesta, thirrje kund\u00ebr Ram\u00ebs e Qeveris\u00eb. &#8211;","author":"Kurt Farka","date":"February 9, 2019","format":false,"excerpt":"Shkodra, Kor\u00e7a e Gjirokastra nuk presin 16 shkurtin.\u00a0 -Protesta, thirrje kund\u00ebr Ram\u00ebs e Qeveris\u00eb. - 9shkurt 2019. Dita e sotme e ka gjetur Shkodren, Korcen dhe Gjirokastren ne proteste, kunder qeverise dhe Rames.\u00a0 T\u00eb thirrur nga opozita, qytetar\u00ebt e qarkut t\u00eb Shkodr\u00ebs, protestojn\u00eb n\u00ebp\u00ebr rrug\u00ebt e qytetit p\u00ebr t\u00eb adresuar\u2026","rel":"","context":"In &quot;Blogu i Udh\u00ebtarit&quot;","block_context":{"text":"Blogu i Udh\u00ebtarit","link":"https:\/\/www.shqiperia.com\/blog\/category\/blogu-i-udhetarit\/"},"img":{"alt_text":"","src":"https:\/\/i0.wp.com\/www.shqiperia.com\/blog\/wp-content\/uploads\/2019\/02\/korca.jpg?fit=1200%2C654&ssl=1&resize=350%2C200","width":350,"height":200,"srcset":"https:\/\/i0.wp.com\/www.shqiperia.com\/blog\/wp-content\/uploads\/2019\/02\/korca.jpg?fit=1200%2C654&ssl=1&resize=350%2C200 1x, https:\/\/i0.wp.com\/www.shqiperia.com\/blog\/wp-content\/uploads\/2019\/02\/korca.jpg?fit=1200%2C654&ssl=1&resize=525%2C300 1.5x, https:\/\/i0.wp.com\/www.shqiperia.com\/blog\/wp-content\/uploads\/2019\/02\/korca.jpg?fit=1200%2C654&ssl=1&resize=700%2C400 2x, https:\/\/i0.wp.com\/www.shqiperia.com\/blog\/wp-content\/uploads\/2019\/02\/korca.jpg?fit=1200%2C654&ssl=1&resize=1050%2C600 3x"},"classes":[]}],"_links":{"self":[{"href":"https:\/\/www.shqiperia.com\/blog\/wp-json\/wp\/v2\/posts\/17977","targetHints":{"allow":["GET"]}}],"collection":[{"href":"https:\/\/www.shqiperia.com\/blog\/wp-json\/wp\/v2\/posts"}],"about":[{"href":"https:\/\/www.shqiperia.com\/blog\/wp-json\/wp\/v2\/types\/post"}],"author":[{"embeddable":true,"href":"https:\/\/www.shqiperia.com\/blog\/wp-json\/wp\/v2\/users\/9"}],"replies":[{"embeddable":true,"href":"https:\/\/www.shqiperia.com\/blog\/wp-json\/wp\/v2\/comments?post=17977"}],"version-history":[{"count":1,"href":"https:\/\/www.shqiperia.com\/blog\/wp-json\/wp\/v2\/posts\/17977\/revisions"}],"predecessor-version":[{"id":17979,"href":"https:\/\/www.shqiperia.com\/blog\/wp-json\/wp\/v2\/posts\/17977\/revisions\/17979"}],"wp:featuredmedia":[{"embeddable":true,"href":"https:\/\/www.shqiperia.com\/blog\/wp-json\/wp\/v2\/media\/17978"}],"wp:attachment":[{"href":"https:\/\/www.shqiperia.com\/blog\/wp-json\/wp\/v2\/media?parent=17977"}],"wp:term":[{"taxonomy":"category","embeddable":true,"href":"https:\/\/www.shqiperia.com\/blog\/wp-json\/wp\/v2\/categories?post=17977"},{"taxonomy":"post_tag","embeddable":true,"href":"https:\/\/www.shqiperia.com\/blog\/wp-json\/wp\/v2\/tags?post=17977"}],"curies":[{"name":"wp","href":"https:\/\/api.w.org\/{rel}","templated":true}]}}