{"id":17967,"date":"2019-03-02T19:06:12","date_gmt":"2019-03-02T19:06:12","guid":{"rendered":"http:\/\/www.shqiperia.com\/blog\/?p=17967"},"modified":"2019-03-02T19:06:12","modified_gmt":"2019-03-02T19:06:12","slug":"basha-refuzon-ftesen-e-rames-me-ke-te-flasesh-me-dakon-rrajen","status":"publish","type":"post","link":"https:\/\/www.shqiperia.com\/blog\/basha-refuzon-ftesen-e-rames-me-ke-te-flasesh-me-dakon-rrajen\/","title":{"rendered":"Basha refuzon ftes\u00ebn e Ram\u00ebs: Me k\u00eb t\u00eb flas\u00ebsh? Me Dakon, Rraj\u00ebn\u2026"},"content":{"rendered":"<p><img data-recalc-dims=\"1\" loading=\"lazy\" decoding=\"async\" data-attachment-id=\"17968\" data-permalink=\"https:\/\/www.shqiperia.com\/blog\/basha-refuzon-ftesen-e-rames-me-ke-te-flasesh-me-dakon-rrajen\/basha-deklarate-nga-pd-1024x987-905x395\/\" data-orig-file=\"https:\/\/i0.wp.com\/www.shqiperia.com\/blog\/wp-content\/uploads\/2019\/03\/basha-deklarate-nga-pd-1024x987-905x395.jpg?fit=845%2C395&amp;ssl=1\" data-orig-size=\"845,395\" data-comments-opened=\"1\" data-image-meta=\"{&quot;aperture&quot;:&quot;0&quot;,&quot;credit&quot;:&quot;&quot;,&quot;camera&quot;:&quot;&quot;,&quot;caption&quot;:&quot;&quot;,&quot;created_timestamp&quot;:&quot;0&quot;,&quot;copyright&quot;:&quot;&quot;,&quot;focal_length&quot;:&quot;0&quot;,&quot;iso&quot;:&quot;0&quot;,&quot;shutter_speed&quot;:&quot;0&quot;,&quot;title&quot;:&quot;&quot;,&quot;orientation&quot;:&quot;0&quot;}\" data-image-title=\"basha-deklarate-nga-pd-1024&#215;987-905&#215;395\" data-image-description=\"\" data-image-caption=\"\" data-medium-file=\"https:\/\/i0.wp.com\/www.shqiperia.com\/blog\/wp-content\/uploads\/2019\/03\/basha-deklarate-nga-pd-1024x987-905x395.jpg?fit=300%2C140&amp;ssl=1\" data-large-file=\"https:\/\/i0.wp.com\/www.shqiperia.com\/blog\/wp-content\/uploads\/2019\/03\/basha-deklarate-nga-pd-1024x987-905x395.jpg?fit=845%2C395&amp;ssl=1\" class=\"alignnone  wp-image-17968\" alt=\"\" src=\"https:\/\/i0.wp.com\/www.shqiperia.com\/blog\/wp-content\/uploads\/2019\/03\/basha-deklarate-nga-pd-1024x987-905x395-300x140.jpg?resize=523%2C244\" width=\"523\" height=\"244\" srcset=\"https:\/\/i0.wp.com\/www.shqiperia.com\/blog\/wp-content\/uploads\/2019\/03\/basha-deklarate-nga-pd-1024x987-905x395.jpg?resize=300%2C140&amp;ssl=1 300w, https:\/\/i0.wp.com\/www.shqiperia.com\/blog\/wp-content\/uploads\/2019\/03\/basha-deklarate-nga-pd-1024x987-905x395.jpg?resize=768%2C359&amp;ssl=1 768w, https:\/\/i0.wp.com\/www.shqiperia.com\/blog\/wp-content\/uploads\/2019\/03\/basha-deklarate-nga-pd-1024x987-905x395.jpg?resize=450%2C210&amp;ssl=1 450w, https:\/\/i0.wp.com\/www.shqiperia.com\/blog\/wp-content\/uploads\/2019\/03\/basha-deklarate-nga-pd-1024x987-905x395.jpg?resize=600%2C280&amp;ssl=1 600w, https:\/\/i0.wp.com\/www.shqiperia.com\/blog\/wp-content\/uploads\/2019\/03\/basha-deklarate-nga-pd-1024x987-905x395.jpg?resize=400%2C187&amp;ssl=1 400w, https:\/\/i0.wp.com\/www.shqiperia.com\/blog\/wp-content\/uploads\/2019\/03\/basha-deklarate-nga-pd-1024x987-905x395.jpg?w=845&amp;ssl=1 845w\" sizes=\"auto, (max-width: 523px) 100vw, 523px\" \/><\/p>\n<p><strong>Basha refuzon ftes\u00ebn e Ram\u00ebs: Me k\u00eb t\u00eb flas\u00ebsh? Me Dakon, Rraj\u00ebn\u2026<\/strong><\/p>\n<p>2, mars 2019.<\/p>\n<p>Kryetari i Partis\u00eb Demokratike Lulzim Basha refuzoi t\u00eb shtun\u00ebn ftes\u00ebn e hapur t\u00eb Kryeministrit Edi Rama p\u00ebr dialog.<\/p>\n<p>\u201cDemokraci fasad\u00eb, parlament q\u00eb vjedh qytetar\u00ebt dhe nxjerr kriminel\u00ebt nga burgu nuk do t\u00eb ket\u00eb m\u00eb. Ndaj hapi i vet\u00ebm p\u00ebr ta \u00e7uar Shqip\u00ebrin\u00eb n\u00eb Europ\u00eb \u00ebsht\u00eb q\u00eb t\u2019i japim fund nj\u00eb qeverie t\u00eb lidhur me krimin, t\u00eb kemi nj\u00eb parlament t\u00eb zgjedhur nga populli, nj\u00eb qeveri q\u00eb \u00ebsht\u00eb p\u00ebrgjegj\u00ebse para qytetar\u00ebve dhe jo para kriminel\u00ebve. Ndaj takimi i vet\u00ebm q\u00eb un\u00eb kam \u00ebsht\u00eb ai me qindra dhe mij\u00ebra shqiptar\u00eb me dat\u00eb 16 Mars n\u00eb protest\u00ebn e madhe komb\u00ebtare, natyrisht edhe takime t\u00eb tjera para Asambles\u00eb s\u00eb Krimit q\u00eb ka uzurpuar nd\u00ebrtes\u00ebn e Kuvendit\u201d, tha Basha.<\/p>\n<p>Nj\u00eb dit\u00eb m\u00eb par\u00eb, nga Saimiti i Diaspor\u00ebs, kreu i qeveris\u00eb Edi Rama i b\u00ebri ftes\u00eb publike p\u00ebr dialog kryedemokratit Basha duke i th\u00ebn\u00eb: Kur do t\u00eb flasim?<\/p>\n<p>Por 24 or\u00eb m\u00eb von\u00eb, Basha iu p\u00ebrgjigj: \u201cMe k\u00eb t\u00eb dialog\u00ebsh? Me Rraj\u00ebn? Me Qyrbjen? Me k\u00eb? Apo me Vangjush Dakon? Nuk b\u00ebhet fjal\u00eb vet\u00ebm p\u00ebr nj\u00eb p\u00ebrplasje mes partish, b\u00ebhet fjal\u00eb p\u00ebr fatin e shqiptar\u00ebve. Mund t\u00eb vazhdohet m\u00eb k\u00ebshtu? Me nj\u00eb qeveri t\u00eb kapur n\u00eb flagranc\u00eb duke vjedhur votat?\u201d<\/p>\n<p>Kreu i opozit\u00ebs tha se vendi \u00ebsht\u00eb n\u00eb emergjenc\u00eb komb\u00ebtare dhe ka nevoj\u00eb p\u00ebr zgjidhje q\u00eb t\u2019i sh\u00ebrbej\u00eb interesave t\u00eb qytetar\u00ebve dhe jo p\u00ebr nj\u00eb tango q\u00eb t\u00eb mbaj\u00eb akoma n\u00eb pushtet nj\u00eb grusht politikan\u00ebsh t\u00eb korruptuar dhe t\u00eb lidhur me krimin.<\/p>\n<p><img data-recalc-dims=\"1\" loading=\"lazy\" decoding=\"async\" data-attachment-id=\"17968\" data-permalink=\"https:\/\/www.shqiperia.com\/blog\/basha-refuzon-ftesen-e-rames-me-ke-te-flasesh-me-dakon-rrajen\/basha-deklarate-nga-pd-1024x987-905x395\/\" data-orig-file=\"https:\/\/i0.wp.com\/www.shqiperia.com\/blog\/wp-content\/uploads\/2019\/03\/basha-deklarate-nga-pd-1024x987-905x395.jpg?fit=845%2C395&amp;ssl=1\" data-orig-size=\"845,395\" data-comments-opened=\"1\" data-image-meta=\"{&quot;aperture&quot;:&quot;0&quot;,&quot;credit&quot;:&quot;&quot;,&quot;camera&quot;:&quot;&quot;,&quot;caption&quot;:&quot;&quot;,&quot;created_timestamp&quot;:&quot;0&quot;,&quot;copyright&quot;:&quot;&quot;,&quot;focal_length&quot;:&quot;0&quot;,&quot;iso&quot;:&quot;0&quot;,&quot;shutter_speed&quot;:&quot;0&quot;,&quot;title&quot;:&quot;&quot;,&quot;orientation&quot;:&quot;0&quot;}\" data-image-title=\"basha-deklarate-nga-pd-1024&#215;987-905&#215;395\" data-image-description=\"\" data-image-caption=\"\" data-medium-file=\"https:\/\/i0.wp.com\/www.shqiperia.com\/blog\/wp-content\/uploads\/2019\/03\/basha-deklarate-nga-pd-1024x987-905x395.jpg?fit=300%2C140&amp;ssl=1\" data-large-file=\"https:\/\/i0.wp.com\/www.shqiperia.com\/blog\/wp-content\/uploads\/2019\/03\/basha-deklarate-nga-pd-1024x987-905x395.jpg?fit=845%2C395&amp;ssl=1\" class=\"alignnone  wp-image-17968\" alt=\"\" src=\"https:\/\/i0.wp.com\/www.shqiperia.com\/blog\/wp-content\/uploads\/2019\/03\/basha-deklarate-nga-pd-1024x987-905x395-300x140.jpg?resize=647%2C302\" width=\"647\" height=\"302\" srcset=\"https:\/\/i0.wp.com\/www.shqiperia.com\/blog\/wp-content\/uploads\/2019\/03\/basha-deklarate-nga-pd-1024x987-905x395.jpg?resize=300%2C140&amp;ssl=1 300w, https:\/\/i0.wp.com\/www.shqiperia.com\/blog\/wp-content\/uploads\/2019\/03\/basha-deklarate-nga-pd-1024x987-905x395.jpg?resize=768%2C359&amp;ssl=1 768w, https:\/\/i0.wp.com\/www.shqiperia.com\/blog\/wp-content\/uploads\/2019\/03\/basha-deklarate-nga-pd-1024x987-905x395.jpg?resize=450%2C210&amp;ssl=1 450w, https:\/\/i0.wp.com\/www.shqiperia.com\/blog\/wp-content\/uploads\/2019\/03\/basha-deklarate-nga-pd-1024x987-905x395.jpg?resize=600%2C280&amp;ssl=1 600w, https:\/\/i0.wp.com\/www.shqiperia.com\/blog\/wp-content\/uploads\/2019\/03\/basha-deklarate-nga-pd-1024x987-905x395.jpg?resize=400%2C187&amp;ssl=1 400w, https:\/\/i0.wp.com\/www.shqiperia.com\/blog\/wp-content\/uploads\/2019\/03\/basha-deklarate-nga-pd-1024x987-905x395.jpg?w=845&amp;ssl=1 845w\" sizes=\"auto, (max-width: 647px) 100vw, 647px\" \/><\/p>\n<p><em>o.j\/dita<\/em><\/p>\n","protected":false},"excerpt":{"rendered":"<p>Basha refuzon ftes\u00ebn e Ram\u00ebs: Me k\u00eb t\u00eb flas\u00ebsh? Me Dakon, Rraj\u00ebn\u2026 2, mars 2019. Kryetari i Partis\u00eb Demokratike Lulzim Basha refuzoi t\u00eb shtun\u00ebn ftes\u00ebn e hapur t\u00eb Kryeministrit Edi Rama p\u00ebr dialog. \u201cDemokraci fasad\u00eb, parlament q\u00eb vjedh qytetar\u00ebt dhe nxjerr kriminel\u00ebt nga burgu nuk do t\u00eb ket\u00eb m\u00eb. Ndaj hapi i vet\u00ebm p\u00ebr ta [&hellip;]<\/p>\n","protected":false},"author":9,"featured_media":17968,"comment_status":"open","ping_status":"open","sticky":false,"template":"","format":"standard","meta":{"jetpack_post_was_ever_published":false,"_jetpack_newsletter_access":"","_jetpack_dont_email_post_to_subs":false,"_jetpack_newsletter_tier_id":0,"_jetpack_memberships_contains_paywalled_content":false,"_jetpack_memberships_contains_paid_content":false,"footnotes":"","jetpack_publicize_message":"","jetpack_publicize_feature_enabled":true,"jetpack_social_post_already_shared":true,"jetpack_social_options":{"image_generator_settings":{"template":"highway","default_image_id":0,"font":"","enabled":false},"version":2}},"categories":[27,2,35],"tags":[],"class_list":["post-17967","post","type-post","status-publish","format-standard","has-post-thumbnail","hentry","category-blogu-i-udhetarit","category-politika","category-shoqerore"],"jetpack_publicize_connections":[],"jetpack_featured_media_url":"https:\/\/i0.wp.com\/www.shqiperia.com\/blog\/wp-content\/uploads\/2019\/03\/basha-deklarate-nga-pd-1024x987-905x395.jpg?fit=845%2C395&ssl=1","jetpack_sharing_enabled":true,"jetpack_shortlink":"https:\/\/wp.me\/p5Z6wp-4FN","jetpack-related-posts":[{"id":46439,"url":"https:\/\/www.shqiperia.com\/blog\/basha-refuzon-serish-ramen-e-ka-pranuar-humbjen-prandaj-kerkon-bashkeqeverisje\/","url_meta":{"origin":17967,"position":0},"title":"Basha refuzon s\u00ebrish Ram\u00ebn: &#8211; E ka pranuar humbjen, prandaj k\u00ebrkon bashk\u00ebqeverisje","author":"Kurt Farka","date":"April 15, 2021","format":false,"excerpt":"Basha refuzon s\u00ebrish Ram\u00ebn: - E ka pranuar humbjen, prandaj k\u00ebrkon bashk\u00ebqeverisje 15 PRILL 2021 Nga Kombinati ku zhvilloi takimin elektoral t\u00eb radh\u00ebs, lideri i PD, Lulzim Basha ka refuzuar s\u00ebrish ftes\u00ebn e Ram\u00ebs p\u00ebr bashk\u00ebpunim pas zgjedhjeve. Basha u shpreh se me ftes\u00ebn e tij, kryeministri Edi Rama po\u2026","rel":"","context":"In &quot;Politika&quot;","block_context":{"text":"Politika","link":"https:\/\/www.shqiperia.com\/blog\/category\/politika\/"},"img":{"alt_text":"","src":"https:\/\/i0.wp.com\/www.shqiperia.com\/blog\/wp-content\/uploads\/2021\/04\/640-0-6078612f54c72.png?fit=640%2C347&ssl=1&resize=350%2C200","width":350,"height":200,"srcset":"https:\/\/i0.wp.com\/www.shqiperia.com\/blog\/wp-content\/uploads\/2021\/04\/640-0-6078612f54c72.png?fit=640%2C347&ssl=1&resize=350%2C200 1x, https:\/\/i0.wp.com\/www.shqiperia.com\/blog\/wp-content\/uploads\/2021\/04\/640-0-6078612f54c72.png?fit=640%2C347&ssl=1&resize=525%2C300 1.5x"},"classes":[]},{"id":6599,"url":"https:\/\/www.shqiperia.com\/blog\/topalli-basha-nje-rrogetar-i-rames-duhet-rrezuar\/","url_meta":{"origin":17967,"position":1},"title":"Topalli: Basha, nj\u00eb rrog\u00ebtar i Ram\u00ebs. Duhet rr\u00ebzuar. &#8211;","author":"Kurt Farka","date":"April 18, 2018","format":false,"excerpt":"\u201cT\u00eb sqarohet \u00e7far\u00eb do t\u00eb thot\u00eb mosbindje civile, se nuk shkon; pjes\u00ebmarrja n\u00eb Parlament dhe mosbindja civile bashk\u00eb. Pas ndryshimeve statutore q\u00eb pritet t\u00eb miratohen n\u00eb Kuvendin Komb\u00ebtar t\u00eb fund Prillit, ish-n\u00ebnkryetarja e Partis\u00eb Demokratike, Jozefina Topalli sheh fars\u00ebn e radh\u00ebs s\u00eb Lulzim Bash\u00ebs, p\u00ebr t\u00eb mbajtur karrigen e kryetarit.\u2026","rel":"","context":"In &quot;Politika&quot;","block_context":{"text":"Politika","link":"https:\/\/www.shqiperia.com\/blog\/category\/politika\/"},"img":{"alt_text":"","src":"https:\/\/i0.wp.com\/www.shqiperia.com\/blog\/wp-content\/uploads\/2018\/04\/Jozefina-Topalli.png?fit=500%2C386&ssl=1&resize=350%2C200","width":350,"height":200},"classes":[]},{"id":78956,"url":"https:\/\/www.shqiperia.com\/blog\/agron-gjekmarkaj-ftoj-bashen-te-kthehet-tek-partia-qe-e-ka-rritur-politikisht\/","url_meta":{"origin":17967,"position":2},"title":"Agron Gjekmarkaj: &#8211; Ftoj Bash\u00ebn t\u00eb kthehet tek partia q\u00eb e ka rritur politikisht","author":"Kurt Farka","date":"March 6, 2024","format":false,"excerpt":"6 Mars 2024 N\u00ebnkryetari i PD s\u00eb Rithemelimit, Agron Gjekmarkaj i ka b\u00ebr\u00eb ftes\u00eb Lulzim Bash\u00ebs q\u00eb t\u00eb bashkohet me partin\u00eb q\u00eb e ka rritur politikisht. N\u00eb nj\u00eb intervist\u00eb p\u00ebr gazetarin e News24, Osman Stafa, Gjekmarkaj u shpreh se Basha nuk duhet t\u00eb keqp\u00ebrdoret p\u00ebr diversionin qeveritar. \u201cNe jemi bashkuar\u2026","rel":"","context":"In &quot;Blogu i Udh\u00ebtarit&quot;","block_context":{"text":"Blogu i Udh\u00ebtarit","link":"https:\/\/www.shqiperia.com\/blog\/category\/blogu-i-udhetarit\/"},"img":{"alt_text":"","src":"https:\/\/i0.wp.com\/www.shqiperia.com\/blog\/wp-content\/uploads\/2024\/03\/agron-gjekmarkaj.jpg?fit=1037%2C649&ssl=1&resize=350%2C200","width":350,"height":200,"srcset":"https:\/\/i0.wp.com\/www.shqiperia.com\/blog\/wp-content\/uploads\/2024\/03\/agron-gjekmarkaj.jpg?fit=1037%2C649&ssl=1&resize=350%2C200 1x, https:\/\/i0.wp.com\/www.shqiperia.com\/blog\/wp-content\/uploads\/2024\/03\/agron-gjekmarkaj.jpg?fit=1037%2C649&ssl=1&resize=525%2C300 1.5x, https:\/\/i0.wp.com\/www.shqiperia.com\/blog\/wp-content\/uploads\/2024\/03\/agron-gjekmarkaj.jpg?fit=1037%2C649&ssl=1&resize=700%2C400 2x"},"classes":[]},{"id":97822,"url":"https:\/\/www.shqiperia.com\/blog\/vatikani-refuzon-zyrtarisht-ftesen-e-trump-per-bordin-e-paqes\/","url_meta":{"origin":17967,"position":3},"title":"Vatikani refuzon zyrtarisht ftes\u00ebn e Trump p\u00ebr \u2018Bordin e Paqes\u2019","author":"Kurt Farka","date":"February 18, 2026","format":false,"excerpt":"18 Shkurt 2026 Papa Leo XIV ka refuzuar ftes\u00ebn e Donald Trump p\u00ebr tu bashkuar n\u00eb \u201cBordin e Paqes\u201d. Kardinali Pietro Parolin, sekretari i shtetit i Vatikanit, u tha gazetar\u00ebve t\u00eb mart\u00ebn se Papa kishte nj\u00eb num\u00ebr shqet\u00ebsimesh n\u00eb lidhje me iniciativ\u00ebn dhe se si rezultat ai nuk do t\u00eb\u2026","rel":"","context":"In &quot;Njoftime Shtypi&quot;","block_context":{"text":"Njoftime Shtypi","link":"https:\/\/www.shqiperia.com\/blog\/category\/njoftime-shtypi\/"},"img":{"alt_text":"","src":"https:\/\/i0.wp.com\/www.shqiperia.com\/blog\/wp-content\/uploads\/2026\/02\/25trumppope-4-videoSixteenByNineJumbo1600.jpg?fit=1139%2C771&ssl=1&resize=350%2C200","width":350,"height":200,"srcset":"https:\/\/i0.wp.com\/www.shqiperia.com\/blog\/wp-content\/uploads\/2026\/02\/25trumppope-4-videoSixteenByNineJumbo1600.jpg?fit=1139%2C771&ssl=1&resize=350%2C200 1x, https:\/\/i0.wp.com\/www.shqiperia.com\/blog\/wp-content\/uploads\/2026\/02\/25trumppope-4-videoSixteenByNineJumbo1600.jpg?fit=1139%2C771&ssl=1&resize=525%2C300 1.5x, https:\/\/i0.wp.com\/www.shqiperia.com\/blog\/wp-content\/uploads\/2026\/02\/25trumppope-4-videoSixteenByNineJumbo1600.jpg?fit=1139%2C771&ssl=1&resize=700%2C400 2x, https:\/\/i0.wp.com\/www.shqiperia.com\/blog\/wp-content\/uploads\/2026\/02\/25trumppope-4-videoSixteenByNineJumbo1600.jpg?fit=1139%2C771&ssl=1&resize=1050%2C600 3x"},"classes":[]},{"id":29449,"url":"https:\/\/www.shqiperia.com\/blog\/thaci-refuzon-ftesen-e-rames-ja-pse-nuk-vij-ne-takimin-rajonal-ne-tirane\/","url_meta":{"origin":17967,"position":4},"title":"Tha\u00e7i refuzon ftes\u00ebn e Ram\u00ebs: Ja pse nuk vij n\u00eb takimin rajonal n\u00eb Tiran\u00eb. &#8211;","author":"Kurt Farka","date":"December 18, 2019","format":false,"excerpt":"Tha\u00e7i refuzon ftes\u00ebn e Ram\u00ebs: Ja pse nuk vij n\u00eb takimin rajonal n\u00eb Tiran\u00eb 18 dhjetor\u00a0 2019 Presidenti i Kosov\u00ebs, Hashim Tha\u00e7i refuzon ftesen e kryeministrit te Shqiperise Edi Rama, p\u00ebr t\u00eb marr\u00eb pjes\u00eb n\u00eb takimin rajonal t\u00eb shteteve t\u00eb Ballkanit Per\u00ebndimor. Lajmin per kete refuzim e ka bere vete\u2026","rel":"","context":"In &quot;Blogu i Udh\u00ebtarit&quot;","block_context":{"text":"Blogu i Udh\u00ebtarit","link":"https:\/\/www.shqiperia.com\/blog\/category\/blogu-i-udhetarit\/"},"img":{"alt_text":"","src":"https:\/\/i0.wp.com\/www.shqiperia.com\/blog\/wp-content\/uploads\/2019\/12\/rama-thaci-1024x652-1.jpg?fit=1024%2C652&ssl=1&resize=350%2C200","width":350,"height":200,"srcset":"https:\/\/i0.wp.com\/www.shqiperia.com\/blog\/wp-content\/uploads\/2019\/12\/rama-thaci-1024x652-1.jpg?fit=1024%2C652&ssl=1&resize=350%2C200 1x, https:\/\/i0.wp.com\/www.shqiperia.com\/blog\/wp-content\/uploads\/2019\/12\/rama-thaci-1024x652-1.jpg?fit=1024%2C652&ssl=1&resize=525%2C300 1.5x, https:\/\/i0.wp.com\/www.shqiperia.com\/blog\/wp-content\/uploads\/2019\/12\/rama-thaci-1024x652-1.jpg?fit=1024%2C652&ssl=1&resize=700%2C400 2x"},"classes":[]},{"id":22373,"url":"https:\/\/www.shqiperia.com\/blog\/presidenca-reagon-per-ftesen-e-metes-ndaj-rames-dhe-bashes-duke-qene-se-rama\/","url_meta":{"origin":17967,"position":5},"title":"Presidenca reagon p\u00ebr ftes\u00ebn e Met\u00ebs ndaj Ram\u00ebs dhe Bash\u00ebs: Duke qen\u00eb se Rama\u2026","author":"Kurt Farka","date":"June 26, 2019","format":false,"excerpt":"Presidenca reagon p\u00ebr ftes\u00ebn e Met\u00ebs ndaj Ram\u00ebs dhe Bash\u00ebs: Duke qen\u00eb se Rama\u2026 \u00a026 qershor 2019 Pas\u00a0refuzimit\u00a0publik t\u00eb Kryeministrit Edi Rama ndaj ftes\u00ebs s\u00eb Kreut t\u00eb Shtetit, Presidenti Ilir Meta reagon n\u00ebp\u00ebrmjet z\u00ebdh\u00ebn\u00ebsit duke theksuar se do t\u00eb q\u00ebndroj\u00eb n\u00eb zyr\u00eb deri n\u00eb or\u00ebn 13:00 p\u00ebr t\u00eb pritur kreun\u2026","rel":"","context":"In &quot;Blogu i Udh\u00ebtarit&quot;","block_context":{"text":"Blogu i Udh\u00ebtarit","link":"https:\/\/www.shqiperia.com\/blog\/category\/blogu-i-udhetarit\/"},"img":{"alt_text":"","src":"https:\/\/i0.wp.com\/www.shqiperia.com\/blog\/wp-content\/uploads\/2019\/06\/Ilir-Meta-1-470x314.jpg?fit=470%2C241&ssl=1&resize=350%2C200","width":350,"height":200},"classes":[]}],"_links":{"self":[{"href":"https:\/\/www.shqiperia.com\/blog\/wp-json\/wp\/v2\/posts\/17967","targetHints":{"allow":["GET"]}}],"collection":[{"href":"https:\/\/www.shqiperia.com\/blog\/wp-json\/wp\/v2\/posts"}],"about":[{"href":"https:\/\/www.shqiperia.com\/blog\/wp-json\/wp\/v2\/types\/post"}],"author":[{"embeddable":true,"href":"https:\/\/www.shqiperia.com\/blog\/wp-json\/wp\/v2\/users\/9"}],"replies":[{"embeddable":true,"href":"https:\/\/www.shqiperia.com\/blog\/wp-json\/wp\/v2\/comments?post=17967"}],"version-history":[{"count":1,"href":"https:\/\/www.shqiperia.com\/blog\/wp-json\/wp\/v2\/posts\/17967\/revisions"}],"predecessor-version":[{"id":17969,"href":"https:\/\/www.shqiperia.com\/blog\/wp-json\/wp\/v2\/posts\/17967\/revisions\/17969"}],"wp:featuredmedia":[{"embeddable":true,"href":"https:\/\/www.shqiperia.com\/blog\/wp-json\/wp\/v2\/media\/17968"}],"wp:attachment":[{"href":"https:\/\/www.shqiperia.com\/blog\/wp-json\/wp\/v2\/media?parent=17967"}],"wp:term":[{"taxonomy":"category","embeddable":true,"href":"https:\/\/www.shqiperia.com\/blog\/wp-json\/wp\/v2\/categories?post=17967"},{"taxonomy":"post_tag","embeddable":true,"href":"https:\/\/www.shqiperia.com\/blog\/wp-json\/wp\/v2\/tags?post=17967"}],"curies":[{"name":"wp","href":"https:\/\/api.w.org\/{rel}","templated":true}]}}