{"id":17961,"date":"2019-03-02T18:56:30","date_gmt":"2019-03-02T18:56:30","guid":{"rendered":"http:\/\/www.shqiperia.com\/blog\/?p=17961"},"modified":"2019-03-02T18:56:30","modified_gmt":"2019-03-02T18:56:30","slug":"ikmt-i-prishi-bazamentin-ja-monumenti-i-skenderbeut-qe-do-vendosej-ne-lezhe","status":"publish","type":"post","link":"https:\/\/www.shqiperia.com\/blog\/ikmt-i-prishi-bazamentin-ja-monumenti-i-skenderbeut-qe-do-vendosej-ne-lezhe\/","title":{"rendered":"IKMT i prishi bazamentin, ja monumenti i Sk\u00ebnderbeut q\u00eb do vendosej n\u00eb Lezh\u00eb."},"content":{"rendered":"<p><img data-recalc-dims=\"1\" loading=\"lazy\" decoding=\"async\" data-attachment-id=\"17963\" data-permalink=\"https:\/\/www.shqiperia.com\/blog\/ikmt-i-prishi-bazamentin-ja-monumenti-i-skenderbeut-qe-do-vendosej-ne-lezhe\/busti-copy-2\/\" data-orig-file=\"https:\/\/i0.wp.com\/www.shqiperia.com\/blog\/wp-content\/uploads\/2019\/03\/busti-Copy-1.jpg?fit=430%2C269&amp;ssl=1\" data-orig-size=\"430,269\" data-comments-opened=\"1\" data-image-meta=\"{&quot;aperture&quot;:&quot;0&quot;,&quot;credit&quot;:&quot;&quot;,&quot;camera&quot;:&quot;&quot;,&quot;caption&quot;:&quot;&quot;,&quot;created_timestamp&quot;:&quot;0&quot;,&quot;copyright&quot;:&quot;&quot;,&quot;focal_length&quot;:&quot;0&quot;,&quot;iso&quot;:&quot;0&quot;,&quot;shutter_speed&quot;:&quot;0&quot;,&quot;title&quot;:&quot;&quot;,&quot;orientation&quot;:&quot;0&quot;}\" data-image-title=\"busti &#8211; Copy\" data-image-description=\"\" data-image-caption=\"\" data-medium-file=\"https:\/\/i0.wp.com\/www.shqiperia.com\/blog\/wp-content\/uploads\/2019\/03\/busti-Copy-1.jpg?fit=300%2C188&amp;ssl=1\" data-large-file=\"https:\/\/i0.wp.com\/www.shqiperia.com\/blog\/wp-content\/uploads\/2019\/03\/busti-Copy-1.jpg?fit=430%2C269&amp;ssl=1\" class=\"alignnone  wp-image-17963\" alt=\"\" src=\"https:\/\/i0.wp.com\/www.shqiperia.com\/blog\/wp-content\/uploads\/2019\/03\/busti-Copy-1-300x188.jpg?resize=485%2C304\" width=\"485\" height=\"304\" srcset=\"https:\/\/i0.wp.com\/www.shqiperia.com\/blog\/wp-content\/uploads\/2019\/03\/busti-Copy-1.jpg?resize=300%2C188&amp;ssl=1 300w, https:\/\/i0.wp.com\/www.shqiperia.com\/blog\/wp-content\/uploads\/2019\/03\/busti-Copy-1.jpg?resize=400%2C250&amp;ssl=1 400w, https:\/\/i0.wp.com\/www.shqiperia.com\/blog\/wp-content\/uploads\/2019\/03\/busti-Copy-1.jpg?w=430&amp;ssl=1 430w\" sizes=\"auto, (max-width: 485px) 100vw, 485px\" \/><\/p>\n<p>IKMT i prishi bazamentin, ja monumenti i Sk\u00ebnderbeut q\u00eb do vendosej n\u00eb Lezh\u00eb.<\/p>\n<p><em>\u00a02 mars 2019.<\/em><\/p>\n<p><strong>Busti i Heroit ton\u00eb komb\u00ebtar, Gjergj Kastrioti Skenderbeu, q\u00eb shihet n\u00eb foto \u00ebsht\u00eb ai q\u00eb\u00a0Bashkia Lezh\u00eb kishte planifikuar\u00a0p\u00ebr ta vendosur dit\u00ebn e sotme.<\/strong><\/p>\n<p>Ky veprim nuk u lejua nga Ministria e Kultur\u00ebs, e cila n\u00eb reagimin e saj tha se Bashkia kishte dor\u00ebzuar dokumentacionin p\u00ebrkat\u00ebs me mang\u00ebsi.<\/p>\n<p><img data-recalc-dims=\"1\" loading=\"lazy\" decoding=\"async\" data-attachment-id=\"17964\" data-permalink=\"https:\/\/www.shqiperia.com\/blog\/ikmt-i-prishi-bazamentin-ja-monumenti-i-skenderbeut-qe-do-vendosej-ne-lezhe\/busti\/\" data-orig-file=\"https:\/\/i0.wp.com\/www.shqiperia.com\/blog\/wp-content\/uploads\/2019\/03\/busti.jpg?fit=498%2C960&amp;ssl=1\" data-orig-size=\"498,960\" data-comments-opened=\"1\" data-image-meta=\"{&quot;aperture&quot;:&quot;0&quot;,&quot;credit&quot;:&quot;&quot;,&quot;camera&quot;:&quot;&quot;,&quot;caption&quot;:&quot;&quot;,&quot;created_timestamp&quot;:&quot;0&quot;,&quot;copyright&quot;:&quot;&quot;,&quot;focal_length&quot;:&quot;0&quot;,&quot;iso&quot;:&quot;0&quot;,&quot;shutter_speed&quot;:&quot;0&quot;,&quot;title&quot;:&quot;&quot;,&quot;orientation&quot;:&quot;0&quot;}\" data-image-title=\"busti\" data-image-description=\"\" data-image-caption=\"\" data-medium-file=\"https:\/\/i0.wp.com\/www.shqiperia.com\/blog\/wp-content\/uploads\/2019\/03\/busti.jpg?fit=156%2C300&amp;ssl=1\" data-large-file=\"https:\/\/i0.wp.com\/www.shqiperia.com\/blog\/wp-content\/uploads\/2019\/03\/busti.jpg?fit=498%2C960&amp;ssl=1\" class=\"alignnone  wp-image-17964\" alt=\"\" src=\"https:\/\/i0.wp.com\/www.shqiperia.com\/blog\/wp-content\/uploads\/2019\/03\/busti-156x300.jpg?resize=452%2C869\" width=\"452\" height=\"869\" \/><\/p>\n<p>Busti n\u00eb foto ishte parashikuar t\u00eb vendosej dit\u00ebn e sotme, por pas fillimit t\u00eb vendosjes s\u00eb bazamentit, ka nd\u00ebrhyr\u00eb IKMT duke e prishur me urdh\u00ebr t\u00eb Ministris\u00eb s\u00eb Kultur\u00ebs.<\/p>\n<p>Bashkia Lezh\u00eb reagoi menj\u00ebher\u00eb pas k\u00ebtij veprimi t\u00eb cilin e quajti k\u00ebt\u00eb veprim t\u00eb papranuesh\u00ebm.<\/p>\n<p>M\u00eb pas Ministria reagoi duke th\u00ebn\u00eb se vendosja e shtatores t\u00eb Heroit ton\u00eb Komb\u00ebtar Gjergj Kastrioti Sk\u00ebnderbeut n\u00eb sheshin \u201cGjergj Fishta\u201d, Lezh\u00eb, parashikohet t\u00eb shqyrtohet n\u00eb mbledhjen e radh\u00ebs t\u00eb K\u00ebshillit Komb\u00ebtar t\u00eb Restaurimit dhe K\u00ebshillit Komb\u00ebtar t\u00eb Arkeologjis\u00eb.<\/p>\n<p><img data-recalc-dims=\"1\" loading=\"lazy\" decoding=\"async\" data-attachment-id=\"17965\" data-permalink=\"https:\/\/www.shqiperia.com\/blog\/ikmt-i-prishi-bazamentin-ja-monumenti-i-skenderbeut-qe-do-vendosej-ne-lezhe\/busti1-1\/\" data-orig-file=\"https:\/\/i0.wp.com\/www.shqiperia.com\/blog\/wp-content\/uploads\/2019\/03\/busti1-1.jpg?fit=720%2C960&amp;ssl=1\" data-orig-size=\"720,960\" data-comments-opened=\"1\" data-image-meta=\"{&quot;aperture&quot;:&quot;0&quot;,&quot;credit&quot;:&quot;&quot;,&quot;camera&quot;:&quot;&quot;,&quot;caption&quot;:&quot;&quot;,&quot;created_timestamp&quot;:&quot;0&quot;,&quot;copyright&quot;:&quot;&quot;,&quot;focal_length&quot;:&quot;0&quot;,&quot;iso&quot;:&quot;0&quot;,&quot;shutter_speed&quot;:&quot;0&quot;,&quot;title&quot;:&quot;&quot;,&quot;orientation&quot;:&quot;0&quot;}\" data-image-title=\"busti1 (1)\" data-image-description=\"\" data-image-caption=\"\" data-medium-file=\"https:\/\/i0.wp.com\/www.shqiperia.com\/blog\/wp-content\/uploads\/2019\/03\/busti1-1.jpg?fit=225%2C300&amp;ssl=1\" data-large-file=\"https:\/\/i0.wp.com\/www.shqiperia.com\/blog\/wp-content\/uploads\/2019\/03\/busti1-1.jpg?fit=720%2C960&amp;ssl=1\" class=\"alignnone  wp-image-17965\" alt=\"\" src=\"https:\/\/i0.wp.com\/www.shqiperia.com\/blog\/wp-content\/uploads\/2019\/03\/busti1-1-225x300.jpg?resize=494%2C659\" width=\"494\" height=\"659\" srcset=\"https:\/\/i0.wp.com\/www.shqiperia.com\/blog\/wp-content\/uploads\/2019\/03\/busti1-1.jpg?resize=225%2C300&amp;ssl=1 225w, https:\/\/i0.wp.com\/www.shqiperia.com\/blog\/wp-content\/uploads\/2019\/03\/busti1-1.jpg?resize=450%2C600&amp;ssl=1 450w, https:\/\/i0.wp.com\/www.shqiperia.com\/blog\/wp-content\/uploads\/2019\/03\/busti1-1.jpg?resize=600%2C800&amp;ssl=1 600w, https:\/\/i0.wp.com\/www.shqiperia.com\/blog\/wp-content\/uploads\/2019\/03\/busti1-1.jpg?resize=400%2C533&amp;ssl=1 400w, https:\/\/i0.wp.com\/www.shqiperia.com\/blog\/wp-content\/uploads\/2019\/03\/busti1-1.jpg?w=720&amp;ssl=1 720w\" sizes=\"auto, (max-width: 494px) 100vw, 494px\" \/><\/p>\n","protected":false},"excerpt":{"rendered":"<p>IKMT i prishi bazamentin, ja monumenti i Sk\u00ebnderbeut q\u00eb do vendosej n\u00eb Lezh\u00eb. \u00a02 mars 2019. Busti i Heroit ton\u00eb komb\u00ebtar, Gjergj Kastrioti Skenderbeu, q\u00eb shihet n\u00eb foto \u00ebsht\u00eb ai q\u00eb\u00a0Bashkia Lezh\u00eb kishte planifikuar\u00a0p\u00ebr ta vendosur dit\u00ebn e sotme. Ky veprim nuk u lejua nga Ministria e Kultur\u00ebs, e cila n\u00eb reagimin e saj tha [&hellip;]<\/p>\n","protected":false},"author":9,"featured_media":17962,"comment_status":"open","ping_status":"open","sticky":false,"template":"","format":"standard","meta":{"jetpack_post_was_ever_published":false,"_jetpack_newsletter_access":"","_jetpack_dont_email_post_to_subs":false,"_jetpack_newsletter_tier_id":0,"_jetpack_memberships_contains_paywalled_content":false,"_jetpack_memberships_contains_paid_content":false,"footnotes":"","jetpack_publicize_message":"","jetpack_publicize_feature_enabled":true,"jetpack_social_post_already_shared":true,"jetpack_social_options":{"image_generator_settings":{"template":"highway","default_image_id":0,"font":"","enabled":false},"version":2}},"categories":[27,10,35],"tags":[],"class_list":["post-17961","post","type-post","status-publish","format-standard","has-post-thumbnail","hentry","category-blogu-i-udhetarit","category-kultura","category-shoqerore"],"jetpack_publicize_connections":[],"jetpack_featured_media_url":"https:\/\/i0.wp.com\/www.shqiperia.com\/blog\/wp-content\/uploads\/2019\/03\/busti-Copy.jpg?fit=498%2C960&ssl=1","jetpack_sharing_enabled":true,"jetpack_shortlink":"https:\/\/wp.me\/p5Z6wp-4FH","jetpack-related-posts":[{"id":17938,"url":"https:\/\/www.shqiperia.com\/blog\/perplasja-per-bustin-e-skenderbeut-ne-lezhe-reagon-ministria-e-kultures\/","url_meta":{"origin":17961,"position":0},"title":"\u201cP\u00ebrplasja\u201d p\u00ebr bustin e Sk\u00ebnderbeut n\u00eb Lezh\u00eb, reagon ministria e Kultur\u00ebs","author":"Kurt Farka","date":"March 1, 2019","format":false,"excerpt":"\u201cP\u00ebrplasja\u201d p\u00ebr bustin e Sk\u00ebnderbeut n\u00eb Lezh\u00eb, reagon ministria e Kultur\u00ebs. \u00a01 mars 2019 Pas shembjes nga IKMT, t\u00eb bazamentit ku do t\u00eb vendosej busti i Sk\u00ebnderbeut, ka reaguar Ministria e Kultur\u00ebs. N\u00eb reagimin e saj Ministria sqaron se vendosja e bustit \u00ebsht\u00eb b\u00ebr\u00eb nga Bashkia Lezh\u00eb pa leje, dhe\u2026","rel":"","context":"In &quot;Blogu i Udh\u00ebtarit&quot;","block_context":{"text":"Blogu i Udh\u00ebtarit","link":"https:\/\/www.shqiperia.com\/blog\/category\/blogu-i-udhetarit\/"},"img":{"alt_text":"","src":"","width":0,"height":0},"classes":[]},{"id":78299,"url":"https:\/\/www.shqiperia.com\/blog\/shembet-banesa-monument-kulture-ne-lezhe-ministria-e-kultures-nuk-nderhyri\/","url_meta":{"origin":17961,"position":1},"title":"Shembet banesa monument kulture n\u00eb Lezh\u00eb, Ministria e Kultur\u00ebs nuk nd\u00ebrhyri","author":"Kurt Farka","date":"February 14, 2024","format":false,"excerpt":"14 Shkurt 2024 P\u00ebr shkak t\u00eb mosnd\u00ebrhyrjes nj\u00eb tjet\u00ebr objekt monument kulture u kthye n\u00eb g\u00ebrmadh\u00eb. Sht\u00ebpia e Zekajve n\u00eb lagjen \"Sheher\" t\u00eb qytetit t\u00eb Lezh\u00ebs ishte banes\u00eb dy kat\u00ebshe karakteristike qytetare q\u00eb dikur sh\u00ebrbente si muze dhe mbante statusin monument kulture i kategoris\u00eb s\u00eb par\u00eb. Por objekti q\u00eb nuk\u2026","rel":"","context":"In &quot;Blogu i Udh\u00ebtarit&quot;","block_context":{"text":"Blogu i Udh\u00ebtarit","link":"https:\/\/www.shqiperia.com\/blog\/category\/blogu-i-udhetarit\/"},"img":{"alt_text":"","src":"https:\/\/i0.wp.com\/www.shqiperia.com\/blog\/wp-content\/uploads\/2024\/02\/800-0-65cc5abbb6738.jpg?fit=800%2C453&ssl=1&resize=350%2C200","width":350,"height":200,"srcset":"https:\/\/i0.wp.com\/www.shqiperia.com\/blog\/wp-content\/uploads\/2024\/02\/800-0-65cc5abbb6738.jpg?fit=800%2C453&ssl=1&resize=350%2C200 1x, https:\/\/i0.wp.com\/www.shqiperia.com\/blog\/wp-content\/uploads\/2024\/02\/800-0-65cc5abbb6738.jpg?fit=800%2C453&ssl=1&resize=525%2C300 1.5x, https:\/\/i0.wp.com\/www.shqiperia.com\/blog\/wp-content\/uploads\/2024\/02\/800-0-65cc5abbb6738.jpg?fit=800%2C453&ssl=1&resize=700%2C400 2x"},"classes":[]},{"id":29234,"url":"https:\/\/www.shqiperia.com\/blog\/termeti-360-ndertesa-te-pabanueshme-ne-qarkun-lezhe-7-godina-ne-lac-do-tu-vihet-eksplozivi-dalin-rezultatet-e-vezhgimit-ne-terren\/","url_meta":{"origin":17961,"position":2},"title":"T\u00ebrmeti\/ 360 nd\u00ebrtesa t\u00eb pabanueshme n\u00eb qarkun Lezh\u00eb, 7 godina n\u00eb La\u00e7 do t\u2019u vihet eksplozivi! Dalin rezultatet e v\u00ebzhgimit n\u00eb terren. &#8211;","author":"Kurt Farka","date":"December 12, 2019","format":false,"excerpt":"T\u00ebrmeti\/ 360 nd\u00ebrtesa t\u00eb pabanueshme n\u00eb qarkun Lezh\u00eb, 7 godina n\u00eb La\u00e7 do t\u2019u vihet eksplozivi! Dalin rezultatet e v\u00ebzhgimit n\u00eb terren \u00a012 dhjetor 2019 Deri mbr\u00ebmjen e sotme n\u00eb qarkun e Lezh\u00ebs jan\u00eb verifikuar 420 godina n\u00eb terren si dhe jan\u00eb njoftuar banor\u00ebt n\u00eb rastet kur godinat duhet t\u00eb\u2026","rel":"","context":"In &quot;Blogu i Udh\u00ebtarit&quot;","block_context":{"text":"Blogu i Udh\u00ebtarit","link":"https:\/\/www.shqiperia.com\/blog\/category\/blogu-i-udhetarit\/"},"img":{"alt_text":"","src":"https:\/\/i0.wp.com\/www.shqiperia.com\/blog\/wp-content\/uploads\/2019\/12\/shtate.jpg?fit=640%2C337&ssl=1&resize=350%2C200","width":350,"height":200,"srcset":"https:\/\/i0.wp.com\/www.shqiperia.com\/blog\/wp-content\/uploads\/2019\/12\/shtate.jpg?fit=640%2C337&ssl=1&resize=350%2C200 1x, https:\/\/i0.wp.com\/www.shqiperia.com\/blog\/wp-content\/uploads\/2019\/12\/shtate.jpg?fit=640%2C337&ssl=1&resize=525%2C300 1.5x"},"classes":[]},{"id":7349,"url":"https:\/\/www.shqiperia.com\/blog\/tre-kantieret-e-restaurimit-te-monumenteve-qe-nisin-ne-vere\/","url_meta":{"origin":17961,"position":3},"title":"Tre kantieret e restaurimit te Monumenteve q\u00eb nisin n\u00eb ver\u00eb.-","author":"Kurt Farka","date":"May 14, 2018","format":false,"excerpt":"Tre kantieret e restaurimit q\u00eb nisin n\u00eb ver\u00eb.- Memoriali i Sk\u00ebnderbeut n\u00eb Lezh\u00eb, Muzeu i Kastriot\u00ebve n\u00eb Sin\u00eb t\u00eb Dibr\u00ebs dhe Sht\u00ebpia e V\u00ebllez\u00ebrve Frash\u00ebri n\u00eb Frash\u00ebr t\u00eb P\u00ebrmetit jan\u00eb tre kantieret e reja t\u00eb restaurimit q\u00eb do t\u00eb nisin k\u00ebt\u00eb ver\u00eb. Projektet p\u00ebr rijet\u00ebzimin e tyre jan\u00eb miratuar nga\u2026","rel":"","context":"In &quot;Kultura&quot;","block_context":{"text":"Kultura","link":"https:\/\/www.shqiperia.com\/blog\/category\/kultura\/"},"img":{"alt_text":"","src":"https:\/\/i0.wp.com\/www.shqiperia.com\/blog\/wp-content\/uploads\/2018\/05\/Muzeu-Vllezerit-Frasheri-Permet.jpg?fit=905%2C395&ssl=1&resize=350%2C200","width":350,"height":200,"srcset":"https:\/\/i0.wp.com\/www.shqiperia.com\/blog\/wp-content\/uploads\/2018\/05\/Muzeu-Vllezerit-Frasheri-Permet.jpg?fit=905%2C395&ssl=1&resize=350%2C200 1x, https:\/\/i0.wp.com\/www.shqiperia.com\/blog\/wp-content\/uploads\/2018\/05\/Muzeu-Vllezerit-Frasheri-Permet.jpg?fit=905%2C395&ssl=1&resize=525%2C300 1.5x, https:\/\/i0.wp.com\/www.shqiperia.com\/blog\/wp-content\/uploads\/2018\/05\/Muzeu-Vllezerit-Frasheri-Permet.jpg?fit=905%2C395&ssl=1&resize=700%2C400 2x"},"classes":[]},{"id":42405,"url":"https:\/\/www.shqiperia.com\/blog\/monumenti-i-skenderbeut-ne-prizren-marrezi-artistike-marrezi-kolektive\/","url_meta":{"origin":17961,"position":4},"title":"Monumenti i Sk\u00ebnderbeut n\u00eb Prizren- Marr\u00ebzi artistike &amp; marr\u00ebzi kolektive","author":"Kurt Farka","date":"December 28, 2020","format":false,"excerpt":"Monumenti i Sk\u00ebnderbeut n\u00eb Prizren- Marr\u00ebzi artistike & marr\u00ebzi kolektive 29 N\u00cbNTOR 2020 Nga: ARDIAN ISUFI Para disa koh\u00ebsh, un\u00eb dhe shum\u00eb personalitete t\u00eb artit, kultur\u00ebs, aktivist\u00eb t\u00eb \u00e7eshtjeve publike kemi kontestuar me forc\u00eb p\u00ebr \u201cm\u00ebnxyr\u00ebn artistike\u201d t\u00eb monumentit t\u00eb Sk\u00ebnderbeut q\u00eb do t\u00eb vendosej n\u00eb Hungari, paradoksialisht edhe me\u2026","rel":"","context":"In &quot;Arte&quot;","block_context":{"text":"Arte","link":"https:\/\/www.shqiperia.com\/blog\/category\/arte\/"},"img":{"alt_text":"","src":"https:\/\/i0.wp.com\/www.shqiperia.com\/blog\/wp-content\/uploads\/2020\/12\/640-0-5fc3e1037e317.jpg?fit=640%2C328&ssl=1&resize=350%2C200","width":350,"height":200,"srcset":"https:\/\/i0.wp.com\/www.shqiperia.com\/blog\/wp-content\/uploads\/2020\/12\/640-0-5fc3e1037e317.jpg?fit=640%2C328&ssl=1&resize=350%2C200 1x, https:\/\/i0.wp.com\/www.shqiperia.com\/blog\/wp-content\/uploads\/2020\/12\/640-0-5fc3e1037e317.jpg?fit=640%2C328&ssl=1&resize=525%2C300 1.5x"},"classes":[]},{"id":12199,"url":"https:\/\/www.shqiperia.com\/blog\/konkurs-per-shtatoren-e-skenderbeut-ne-lezhe-25-foto\/","url_meta":{"origin":17961,"position":5},"title":"Konkurs per shtatoren e Skenderbeut ne Lezhe. &#8211; (25 foto).","author":"Kurt Farka","date":"October 4, 2018","format":false,"excerpt":"Konkurs per shtatoren e Skenderbeut ne Lezhe. -(25 foto ) -Bashkia Lezh\u00eb zhvilloi sot konkursin p\u00ebr p\u00ebrzgjedhjen e modelit m\u00eb t\u00eb mir\u00eb nga t\u00eb gjith\u00eb bocetet e punuara nga skulptor\u00ebt pjes\u00ebmarr\u00ebs n\u00eb konkurim, konform tematik\u00ebs \"Bes\u00eblidhja e Lezh\u00ebs\", p\u00ebr realizimin e shtatores monumentale prej bronzi t\u00eb Heroit ton\u00eb Komb\u00ebtar Gjergj\u2026","rel":"","context":"In &quot;Histori&quot;","block_context":{"text":"Histori","link":"https:\/\/www.shqiperia.com\/blog\/category\/histori\/"},"img":{"alt_text":"","src":"https:\/\/i0.wp.com\/www.shqiperia.com\/blog\/wp-content\/uploads\/2018\/10\/1-Konkurs-per-shtatoren-e-Skenderbeut-ne-Lezhe.-18.jpg?fit=901%2C429&ssl=1&resize=350%2C200","width":350,"height":200,"srcset":"https:\/\/i0.wp.com\/www.shqiperia.com\/blog\/wp-content\/uploads\/2018\/10\/1-Konkurs-per-shtatoren-e-Skenderbeut-ne-Lezhe.-18.jpg?fit=901%2C429&ssl=1&resize=350%2C200 1x, https:\/\/i0.wp.com\/www.shqiperia.com\/blog\/wp-content\/uploads\/2018\/10\/1-Konkurs-per-shtatoren-e-Skenderbeut-ne-Lezhe.-18.jpg?fit=901%2C429&ssl=1&resize=525%2C300 1.5x, https:\/\/i0.wp.com\/www.shqiperia.com\/blog\/wp-content\/uploads\/2018\/10\/1-Konkurs-per-shtatoren-e-Skenderbeut-ne-Lezhe.-18.jpg?fit=901%2C429&ssl=1&resize=700%2C400 2x"},"classes":[]}],"_links":{"self":[{"href":"https:\/\/www.shqiperia.com\/blog\/wp-json\/wp\/v2\/posts\/17961","targetHints":{"allow":["GET"]}}],"collection":[{"href":"https:\/\/www.shqiperia.com\/blog\/wp-json\/wp\/v2\/posts"}],"about":[{"href":"https:\/\/www.shqiperia.com\/blog\/wp-json\/wp\/v2\/types\/post"}],"author":[{"embeddable":true,"href":"https:\/\/www.shqiperia.com\/blog\/wp-json\/wp\/v2\/users\/9"}],"replies":[{"embeddable":true,"href":"https:\/\/www.shqiperia.com\/blog\/wp-json\/wp\/v2\/comments?post=17961"}],"version-history":[{"count":1,"href":"https:\/\/www.shqiperia.com\/blog\/wp-json\/wp\/v2\/posts\/17961\/revisions"}],"predecessor-version":[{"id":17966,"href":"https:\/\/www.shqiperia.com\/blog\/wp-json\/wp\/v2\/posts\/17961\/revisions\/17966"}],"wp:featuredmedia":[{"embeddable":true,"href":"https:\/\/www.shqiperia.com\/blog\/wp-json\/wp\/v2\/media\/17962"}],"wp:attachment":[{"href":"https:\/\/www.shqiperia.com\/blog\/wp-json\/wp\/v2\/media?parent=17961"}],"wp:term":[{"taxonomy":"category","embeddable":true,"href":"https:\/\/www.shqiperia.com\/blog\/wp-json\/wp\/v2\/categories?post=17961"},{"taxonomy":"post_tag","embeddable":true,"href":"https:\/\/www.shqiperia.com\/blog\/wp-json\/wp\/v2\/tags?post=17961"}],"curies":[{"name":"wp","href":"https:\/\/api.w.org\/{rel}","templated":true}]}}