{"id":17955,"date":"2019-03-02T14:21:21","date_gmt":"2019-03-02T14:21:21","guid":{"rendered":"http:\/\/www.shqiperia.com\/blog\/?p=17955"},"modified":"2019-03-02T14:22:47","modified_gmt":"2019-03-02T14:22:47","slug":"letra-e-policise-se-shtetit-ndjese-nese-gazi-lotsjelles-ju-solli-shqetesim-per-shendetin","status":"publish","type":"post","link":"https:\/\/www.shqiperia.com\/blog\/letra-e-policise-se-shtetit-ndjese-nese-gazi-lotsjelles-ju-solli-shqetesim-per-shendetin\/","title":{"rendered":"Letra e Policis\u00eb s\u00eb Shtetit: Ndjes\u00eb n\u00ebse gazi lotsjell\u00ebs ju solli shqet\u00ebsim p\u00ebr sh\u00ebndetin."},"content":{"rendered":"<p><img data-recalc-dims=\"1\" loading=\"lazy\" decoding=\"async\" data-attachment-id=\"17956\" data-permalink=\"https:\/\/www.shqiperia.com\/blog\/letra-e-policise-se-shtetit-ndjese-nese-gazi-lotsjelles-ju-solli-shqetesim-per-shendetin\/5c793ffa08338ardi-veliu\/\" data-orig-file=\"https:\/\/i0.wp.com\/www.shqiperia.com\/blog\/wp-content\/uploads\/2019\/03\/5c793ffa08338ardi-veliu.jpeg?fit=913%2C389&amp;ssl=1\" data-orig-size=\"913,389\" data-comments-opened=\"1\" data-image-meta=\"{&quot;aperture&quot;:&quot;0&quot;,&quot;credit&quot;:&quot;&quot;,&quot;camera&quot;:&quot;&quot;,&quot;caption&quot;:&quot;&quot;,&quot;created_timestamp&quot;:&quot;0&quot;,&quot;copyright&quot;:&quot;&quot;,&quot;focal_length&quot;:&quot;0&quot;,&quot;iso&quot;:&quot;0&quot;,&quot;shutter_speed&quot;:&quot;0&quot;,&quot;title&quot;:&quot;&quot;,&quot;orientation&quot;:&quot;0&quot;}\" data-image-title=\"5c793ffa08338ardi veliu\" data-image-description=\"\" data-image-caption=\"\" data-medium-file=\"https:\/\/i0.wp.com\/www.shqiperia.com\/blog\/wp-content\/uploads\/2019\/03\/5c793ffa08338ardi-veliu.jpeg?fit=300%2C128&amp;ssl=1\" data-large-file=\"https:\/\/i0.wp.com\/www.shqiperia.com\/blog\/wp-content\/uploads\/2019\/03\/5c793ffa08338ardi-veliu.jpeg?fit=913%2C389&amp;ssl=1\" class=\"alignnone wp-image-17956\" alt=\"\" src=\"https:\/\/i0.wp.com\/www.shqiperia.com\/blog\/wp-content\/uploads\/2019\/03\/5c793ffa08338ardi-veliu-300x128.jpeg?resize=415%2C177\" width=\"415\" height=\"177\" srcset=\"https:\/\/i0.wp.com\/www.shqiperia.com\/blog\/wp-content\/uploads\/2019\/03\/5c793ffa08338ardi-veliu.jpeg?resize=300%2C128&amp;ssl=1 300w, https:\/\/i0.wp.com\/www.shqiperia.com\/blog\/wp-content\/uploads\/2019\/03\/5c793ffa08338ardi-veliu.jpeg?resize=768%2C327&amp;ssl=1 768w, https:\/\/i0.wp.com\/www.shqiperia.com\/blog\/wp-content\/uploads\/2019\/03\/5c793ffa08338ardi-veliu.jpeg?resize=450%2C192&amp;ssl=1 450w, https:\/\/i0.wp.com\/www.shqiperia.com\/blog\/wp-content\/uploads\/2019\/03\/5c793ffa08338ardi-veliu.jpeg?resize=600%2C256&amp;ssl=1 600w, https:\/\/i0.wp.com\/www.shqiperia.com\/blog\/wp-content\/uploads\/2019\/03\/5c793ffa08338ardi-veliu.jpeg?resize=400%2C170&amp;ssl=1 400w, https:\/\/i0.wp.com\/www.shqiperia.com\/blog\/wp-content\/uploads\/2019\/03\/5c793ffa08338ardi-veliu.jpeg?w=913&amp;ssl=1 913w\" sizes=\"auto, (max-width: 415px) 100vw, 415px\" \/><\/p>\n<p><strong>Letra e Policis\u00eb s\u00eb Shtetit: Ndjes\u00eb n\u00ebse gazi lotsjell\u00ebs ju solli shqet\u00ebsim p\u00ebr sh\u00ebndetin.<\/strong><\/p>\n<p><em>Ardi Veliu ka shprehur ndjes\u00eb ndaj klient\u00ebve dhe bizneseve n\u00eb zon\u00ebn para parlamentit p\u00ebr shkak t\u00eb p\u00ebrdorimit t\u00eb gazit lotsjell\u00ebs gjat\u00eb protest\u00ebs s\u00eb opozit\u00ebs.<\/em><\/p>\n<p><img data-recalc-dims=\"1\" loading=\"lazy\" decoding=\"async\" data-attachment-id=\"17957\" data-permalink=\"https:\/\/www.shqiperia.com\/blog\/letra-e-policise-se-shtetit-ndjese-nese-gazi-lotsjelles-ju-solli-shqetesim-per-shendetin\/1551450787_ardiveliu1\/\" data-orig-file=\"https:\/\/i0.wp.com\/www.shqiperia.com\/blog\/wp-content\/uploads\/2019\/03\/1551450787_ardiveliu1.jpeg?fit=1280%2C853&amp;ssl=1\" data-orig-size=\"1280,853\" data-comments-opened=\"1\" data-image-meta=\"{&quot;aperture&quot;:&quot;0&quot;,&quot;credit&quot;:&quot;&quot;,&quot;camera&quot;:&quot;&quot;,&quot;caption&quot;:&quot;&quot;,&quot;created_timestamp&quot;:&quot;0&quot;,&quot;copyright&quot;:&quot;&quot;,&quot;focal_length&quot;:&quot;0&quot;,&quot;iso&quot;:&quot;0&quot;,&quot;shutter_speed&quot;:&quot;0&quot;,&quot;title&quot;:&quot;&quot;,&quot;orientation&quot;:&quot;0&quot;}\" data-image-title=\"1551450787_ardiveliu1\" data-image-description=\"\" data-image-caption=\"\" data-medium-file=\"https:\/\/i0.wp.com\/www.shqiperia.com\/blog\/wp-content\/uploads\/2019\/03\/1551450787_ardiveliu1.jpeg?fit=300%2C200&amp;ssl=1\" data-large-file=\"https:\/\/i0.wp.com\/www.shqiperia.com\/blog\/wp-content\/uploads\/2019\/03\/1551450787_ardiveliu1.jpeg?fit=1024%2C682&amp;ssl=1\" class=\"alignnone wp-image-17957\" alt=\"\" src=\"https:\/\/i0.wp.com\/www.shqiperia.com\/blog\/wp-content\/uploads\/2019\/03\/1551450787_ardiveliu1-300x200.jpeg?resize=818%2C545\" width=\"818\" height=\"545\" srcset=\"https:\/\/i0.wp.com\/www.shqiperia.com\/blog\/wp-content\/uploads\/2019\/03\/1551450787_ardiveliu1.jpeg?resize=300%2C200&amp;ssl=1 300w, https:\/\/i0.wp.com\/www.shqiperia.com\/blog\/wp-content\/uploads\/2019\/03\/1551450787_ardiveliu1.jpeg?resize=768%2C512&amp;ssl=1 768w, https:\/\/i0.wp.com\/www.shqiperia.com\/blog\/wp-content\/uploads\/2019\/03\/1551450787_ardiveliu1.jpeg?resize=1024%2C682&amp;ssl=1 1024w, https:\/\/i0.wp.com\/www.shqiperia.com\/blog\/wp-content\/uploads\/2019\/03\/1551450787_ardiveliu1.jpeg?resize=600%2C400&amp;ssl=1 600w, https:\/\/i0.wp.com\/www.shqiperia.com\/blog\/wp-content\/uploads\/2019\/03\/1551450787_ardiveliu1.jpeg?resize=450%2C300&amp;ssl=1 450w, https:\/\/i0.wp.com\/www.shqiperia.com\/blog\/wp-content\/uploads\/2019\/03\/1551450787_ardiveliu1.jpeg?resize=400%2C267&amp;ssl=1 400w, https:\/\/i0.wp.com\/www.shqiperia.com\/blog\/wp-content\/uploads\/2019\/03\/1551450787_ardiveliu1.jpeg?w=1280&amp;ssl=1 1280w\" sizes=\"auto, (max-width: 818px) 100vw, 818px\" \/><\/p>\n<p>Drejtori i P\u00ebrgjithsh\u00ebm i Policis\u00eb s\u00eb Shtetit Ardi Veliu p\u00ebrmes nj\u00eb letre drejtuar bizneseve n\u00eb rrug\u00ebn para Parlamentit ka shprehur ndjes\u00ebn p\u00ebr shqet\u00ebsimin e krijuar\u00a0si pasoj\u00eb e p\u00ebrdorimit t\u00eb gazit lotsjell\u00ebs gjat\u00eb protes\u00ebs s\u00eb opozit\u00ebs m\u00eb\u00a026 shkurt.<\/p>\n<p>Letra u shp\u00ebrnda nga nj\u00eb grup punonj\u00ebsish t\u00eb policis\u00eb s\u00eb Shtetit pran\u00eb k\u00ebtyre bizneseve.<\/p>\n<p style=\"margin-bottom: 1.4em;color: #333333;font-family: 'Open Sans', 'Helvetica Neue', Helvetica, Arial, sans-serif;font-size: 19px;font-style: normal;font-weight: 400;letter-spacing: normal;text-align: start;text-indent: 0px\"><img data-recalc-dims=\"1\" loading=\"lazy\" decoding=\"async\" data-attachment-id=\"17958\" data-permalink=\"https:\/\/www.shqiperia.com\/blog\/letra-e-policise-se-shtetit-ndjese-nese-gazi-lotsjelles-ju-solli-shqetesim-per-shendetin\/5c793ffa08338ardi-veliu-copy\/\" data-orig-file=\"https:\/\/i0.wp.com\/www.shqiperia.com\/blog\/wp-content\/uploads\/2019\/03\/5c793ffa08338ardi-veliu-Copy.jpeg?fit=913%2C1280&amp;ssl=1\" data-orig-size=\"913,1280\" data-comments-opened=\"1\" data-image-meta=\"{&quot;aperture&quot;:&quot;0&quot;,&quot;credit&quot;:&quot;&quot;,&quot;camera&quot;:&quot;&quot;,&quot;caption&quot;:&quot;&quot;,&quot;created_timestamp&quot;:&quot;0&quot;,&quot;copyright&quot;:&quot;&quot;,&quot;focal_length&quot;:&quot;0&quot;,&quot;iso&quot;:&quot;0&quot;,&quot;shutter_speed&quot;:&quot;0&quot;,&quot;title&quot;:&quot;&quot;,&quot;orientation&quot;:&quot;0&quot;}\" data-image-title=\"5c793ffa08338ardi veliu &#8211; Copy\" data-image-description=\"\" data-image-caption=\"\" data-medium-file=\"https:\/\/i0.wp.com\/www.shqiperia.com\/blog\/wp-content\/uploads\/2019\/03\/5c793ffa08338ardi-veliu-Copy.jpeg?fit=214%2C300&amp;ssl=1\" data-large-file=\"https:\/\/i0.wp.com\/www.shqiperia.com\/blog\/wp-content\/uploads\/2019\/03\/5c793ffa08338ardi-veliu-Copy.jpeg?fit=730%2C1024&amp;ssl=1\" class=\"alignnone wp-image-17958\" alt=\"\" src=\"https:\/\/i0.wp.com\/www.shqiperia.com\/blog\/wp-content\/uploads\/2019\/03\/5c793ffa08338ardi-veliu-Copy-214x300.jpeg?resize=596%2C836\" width=\"596\" height=\"836\" srcset=\"https:\/\/i0.wp.com\/www.shqiperia.com\/blog\/wp-content\/uploads\/2019\/03\/5c793ffa08338ardi-veliu-Copy.jpeg?resize=214%2C300&amp;ssl=1 214w, https:\/\/i0.wp.com\/www.shqiperia.com\/blog\/wp-content\/uploads\/2019\/03\/5c793ffa08338ardi-veliu-Copy.jpeg?resize=768%2C1077&amp;ssl=1 768w, https:\/\/i0.wp.com\/www.shqiperia.com\/blog\/wp-content\/uploads\/2019\/03\/5c793ffa08338ardi-veliu-Copy.jpeg?resize=730%2C1024&amp;ssl=1 730w, https:\/\/i0.wp.com\/www.shqiperia.com\/blog\/wp-content\/uploads\/2019\/03\/5c793ffa08338ardi-veliu-Copy.jpeg?resize=450%2C631&amp;ssl=1 450w, https:\/\/i0.wp.com\/www.shqiperia.com\/blog\/wp-content\/uploads\/2019\/03\/5c793ffa08338ardi-veliu-Copy.jpeg?resize=600%2C841&amp;ssl=1 600w, https:\/\/i0.wp.com\/www.shqiperia.com\/blog\/wp-content\/uploads\/2019\/03\/5c793ffa08338ardi-veliu-Copy.jpeg?resize=400%2C561&amp;ssl=1 400w, https:\/\/i0.wp.com\/www.shqiperia.com\/blog\/wp-content\/uploads\/2019\/03\/5c793ffa08338ardi-veliu-Copy.jpeg?w=913&amp;ssl=1 913w\" sizes=\"auto, (max-width: 596px) 100vw, 596px\" \/><\/p>\n<p>Policia p\u00ebrdori gaz losjell\u00ebs p\u00ebr t\u00eb shp\u00ebrndar\u00eb turm\u00ebn e cila tentoi t\u00eb \u00e7ante kordonin e siguris\u00eb s\u00eb vendosur p\u00ebr t\u00eb ruajtur rendin dhe sigurin\u00eb, nd\u00ebrkoh\u00eb q\u00eb n\u00eb ambientet e parlamentit zhvillohej seanca plenare.<\/p>\n","protected":false},"excerpt":{"rendered":"<p>Letra e Policis\u00eb s\u00eb Shtetit: Ndjes\u00eb n\u00ebse gazi lotsjell\u00ebs ju solli shqet\u00ebsim p\u00ebr sh\u00ebndetin. Ardi Veliu ka shprehur ndjes\u00eb ndaj klient\u00ebve dhe bizneseve n\u00eb zon\u00ebn para parlamentit p\u00ebr shkak t\u00eb p\u00ebrdorimit t\u00eb gazit lotsjell\u00ebs gjat\u00eb protest\u00ebs s\u00eb opozit\u00ebs. Drejtori i P\u00ebrgjithsh\u00ebm i Policis\u00eb s\u00eb Shtetit Ardi Veliu p\u00ebrmes nj\u00eb letre drejtuar bizneseve n\u00eb rrug\u00ebn para [&hellip;]<\/p>\n","protected":false},"author":9,"featured_media":17956,"comment_status":"open","ping_status":"open","sticky":false,"template":"","format":"standard","meta":{"jetpack_post_was_ever_published":false,"_jetpack_newsletter_access":"","_jetpack_dont_email_post_to_subs":false,"_jetpack_newsletter_tier_id":0,"_jetpack_memberships_contains_paywalled_content":false,"_jetpack_memberships_contains_paid_content":false,"footnotes":"","jetpack_publicize_message":"","jetpack_publicize_feature_enabled":true,"jetpack_social_post_already_shared":true,"jetpack_social_options":{"image_generator_settings":{"template":"highway","default_image_id":0,"font":"","enabled":false},"version":2}},"categories":[27,10,35],"tags":[],"class_list":["post-17955","post","type-post","status-publish","format-standard","has-post-thumbnail","hentry","category-blogu-i-udhetarit","category-kultura","category-shoqerore"],"jetpack_publicize_connections":[],"jetpack_featured_media_url":"https:\/\/i0.wp.com\/www.shqiperia.com\/blog\/wp-content\/uploads\/2019\/03\/5c793ffa08338ardi-veliu.jpeg?fit=913%2C389&ssl=1","jetpack_sharing_enabled":true,"jetpack_shortlink":"https:\/\/wp.me\/p5Z6wp-4FB","jetpack-related-posts":[{"id":96978,"url":"https:\/\/www.shqiperia.com\/blog\/gazi-lotsjelles-i-skaduar-ne-proteste-disa-here-me-i-demshem-myzyraj-ndalohet-sipas-konventave-nderkombetare\/","url_meta":{"origin":17955,"position":0},"title":"\u2018Gazi lotsjell\u00ebs i skaduar n\u00eb protest\u00eb, disa her\u00eb m\u00eb i d\u00ebmsh\u00ebm\u2019. Myzyraj: &#8211; Ndalohet sipas konventave nd\u00ebrkomb\u00ebtare","author":"Kurt Farka","date":"January 26, 2026","format":false,"excerpt":"26 Janar 2026 Gazetari Isa Myzyraj, i ftuar n\u00eb nj\u00eb emision televiziv, ka komentuar p\u00ebrdorimin e gazit lotsjell\u00ebs gjat\u00eb protest\u00ebs s\u00eb Partis\u00eb Demokratike, t\u00eb zhvilluar dy dit\u00eb m\u00eb par\u00eb, ku u konstatua se gazi i p\u00ebrdorur ishte i skaduar prej rreth tre vitesh. Myzyraj u shpreh se n\u00eb shum\u00eb raste,\u2026","rel":"","context":"In &quot;Blogu i Udh\u00ebtarit&quot;","block_context":{"text":"Blogu i Udh\u00ebtarit","link":"https:\/\/www.shqiperia.com\/blog\/category\/blogu-i-udhetarit\/"},"img":{"alt_text":"","src":"https:\/\/i0.wp.com\/www.shqiperia.com\/blog\/wp-content\/uploads\/2026\/01\/dsfgdsfgsdfg-770x413-1.jpg?fit=770%2C413&ssl=1&resize=350%2C200","width":350,"height":200,"srcset":"https:\/\/i0.wp.com\/www.shqiperia.com\/blog\/wp-content\/uploads\/2026\/01\/dsfgdsfgsdfg-770x413-1.jpg?fit=770%2C413&ssl=1&resize=350%2C200 1x, https:\/\/i0.wp.com\/www.shqiperia.com\/blog\/wp-content\/uploads\/2026\/01\/dsfgdsfgsdfg-770x413-1.jpg?fit=770%2C413&ssl=1&resize=525%2C300 1.5x, https:\/\/i0.wp.com\/www.shqiperia.com\/blog\/wp-content\/uploads\/2026\/01\/dsfgdsfgsdfg-770x413-1.jpg?fit=770%2C413&ssl=1&resize=700%2C400 2x"},"classes":[]},{"id":31708,"url":"https:\/\/www.shqiperia.com\/blog\/media-kosovare-sander-lleshaj-genjeu-gazin-lotsjelles-per-te-shtypur-protestuesit-e-opozites-e-mori-nga-policia-e-kosoves\/","url_meta":{"origin":17955,"position":1},"title":"Media kosovare: &#8211; Sand\u00ebr Lleshaj g\u00ebnjeu, gazin lotsjell\u00ebs p\u00ebr t\u00eb shtypur protestuesit e opozit\u00ebs e mori nga Policia e Kosov\u00ebs.","author":"Kurt Farka","date":"February 23, 2020","format":false,"excerpt":"Media kosovare: - Sand\u00ebr Lleshaj g\u00ebnjeu, gazin lotsjell\u00ebs p\u00ebr t\u00eb shtypur protestuesit e opozit\u00ebs e mori nga Policia e Kosov\u00ebs Gazeta Insajderi ka zbuluar se drejtori i Policis\u00eb Rashit Qalaj ka ndihmuar q\u00eb t\u00eb shtypen protestat e opozit\u00ebs n\u00eb Shqip\u00ebri. Insajderi ka zbuluar se Sand\u00ebr Lleshaj, ministri i Pun\u00ebve t\u00eb\u2026","rel":"","context":"In &quot;Blogu i Udh\u00ebtarit&quot;","block_context":{"text":"Blogu i Udh\u00ebtarit","link":"https:\/\/www.shqiperia.com\/blog\/category\/blogu-i-udhetarit\/"},"img":{"alt_text":"","src":"https:\/\/i0.wp.com\/www.shqiperia.com\/blog\/wp-content\/uploads\/2020\/02\/protesta1.jpg?fit=730%2C440&ssl=1&resize=350%2C200","width":350,"height":200,"srcset":"https:\/\/i0.wp.com\/www.shqiperia.com\/blog\/wp-content\/uploads\/2020\/02\/protesta1.jpg?fit=730%2C440&ssl=1&resize=350%2C200 1x, https:\/\/i0.wp.com\/www.shqiperia.com\/blog\/wp-content\/uploads\/2020\/02\/protesta1.jpg?fit=730%2C440&ssl=1&resize=525%2C300 1.5x, https:\/\/i0.wp.com\/www.shqiperia.com\/blog\/wp-content\/uploads\/2020\/02\/protesta1.jpg?fit=730%2C440&ssl=1&resize=700%2C400 2x"},"classes":[]},{"id":18511,"url":"https:\/\/www.shqiperia.com\/blog\/rama-si-asad-mos-i-helmo-femijet-marshimi-i-heshtur-i-te-rinjve-ne-tirane-kunder-perdorimit-te-gazit-lotsjelles-nga-policia\/","url_meta":{"origin":17955,"position":2},"title":"\u201cRama si Asad. Mos i helmo f\u00ebmij\u00ebt\u201d, marshimi i heshtur i t\u00eb rinjve n\u00eb Tiran\u00eb kund\u00ebr p\u00ebrdorimit t\u00eb gazit lotsjell\u00ebs nga policia. &#8211;","author":"Kurt Farka","date":"March 18, 2019","format":false,"excerpt":"\u201cRama si Asad. Mos i helmo f\u00ebmij\u00ebt\u201d, marshimi i heshtur i t\u00eb rinjve n\u00eb Tiran\u00eb kund\u00ebr p\u00ebrdorimit t\u00eb gazit lotsjell\u00ebs nga policia. - 17 Mars, 2019. \u00a0 Krahas festimeve p\u00ebr \u201cDit\u00ebn e Ver\u00ebs\u201d, sot n\u00eb kryeqytet \u00ebsht\u00eb zhvilluar dhe nj\u00eb marshim i heshtur dhe paq\u00ebsor me f\u00ebmij\u00eb dhe t\u00eb rinj,\u2026","rel":"","context":"In &quot;Blogu i Udh\u00ebtarit&quot;","block_context":{"text":"Blogu i Udh\u00ebtarit","link":"https:\/\/www.shqiperia.com\/blog\/category\/blogu-i-udhetarit\/"},"img":{"alt_text":"","src":"https:\/\/i0.wp.com\/www.shqiperia.com\/blog\/wp-content\/uploads\/2019\/03\/kund%C3%ABr-p%C3%ABrdorimit-t%C3%AB-gazit-lotsjell%C3%ABs-nga-policia.jpg?fit=1080%2C622&ssl=1&resize=350%2C200","width":350,"height":200,"srcset":"https:\/\/i0.wp.com\/www.shqiperia.com\/blog\/wp-content\/uploads\/2019\/03\/kund%C3%ABr-p%C3%ABrdorimit-t%C3%AB-gazit-lotsjell%C3%ABs-nga-policia.jpg?fit=1080%2C622&ssl=1&resize=350%2C200 1x, https:\/\/i0.wp.com\/www.shqiperia.com\/blog\/wp-content\/uploads\/2019\/03\/kund%C3%ABr-p%C3%ABrdorimit-t%C3%AB-gazit-lotsjell%C3%ABs-nga-policia.jpg?fit=1080%2C622&ssl=1&resize=525%2C300 1.5x, https:\/\/i0.wp.com\/www.shqiperia.com\/blog\/wp-content\/uploads\/2019\/03\/kund%C3%ABr-p%C3%ABrdorimit-t%C3%AB-gazit-lotsjell%C3%ABs-nga-policia.jpg?fit=1080%2C622&ssl=1&resize=700%2C400 2x, https:\/\/i0.wp.com\/www.shqiperia.com\/blog\/wp-content\/uploads\/2019\/03\/kund%C3%ABr-p%C3%ABrdorimit-t%C3%AB-gazit-lotsjell%C3%ABs-nga-policia.jpg?fit=1080%2C622&ssl=1&resize=1050%2C600 3x"},"classes":[]},{"id":35204,"url":"https:\/\/www.shqiperia.com\/blog\/skandal-i-dyfishte-ardi-veliu-nxori-videon-e-nenes-se-15-vjecarit-te-dhunuar-me-arme-ne-dore-reagon-paloka-dhe-leshon-thirrjen-urgjente\/","url_meta":{"origin":17955,"position":3},"title":"\u201cSkandal i dyfisht\u00eb\u201d, Ardi Veliu nxori videon e n\u00ebn\u00ebs s\u00eb 15-vje\u00e7arit t\u00eb dhunuar me arm\u00eb n\u00eb dor\u00eb, reagon Paloka dhe l\u00ebshon thirrjen urgjente","author":"Kurt Farka","date":"May 29, 2020","format":false,"excerpt":"\u201cSkandal i dyfisht\u00eb\u201d, Ardi Veliu nxori videon e n\u00ebn\u00ebs s\u00eb 15-vje\u00e7arit t\u00eb dhunuar me arm\u00eb n\u00eb dor\u00eb, reagon Paloka dhe l\u00ebshon thirrjen urgjente 29 MAJ 2020 N\u00ebnkryetari i Partis\u00eb Demokratike, Edi Paloka ka reaguar lidhur me videon e publikuar nga drejtori i Policis\u00eb Shtetit, Ardi Veliu gjat\u00eb raportimit n\u00eb mbledhjen\u2026","rel":"","context":"In &quot;Blogu i Udh\u00ebtarit&quot;","block_context":{"text":"Blogu i Udh\u00ebtarit","link":"https:\/\/www.shqiperia.com\/blog\/category\/blogu-i-udhetarit\/"},"img":{"alt_text":"","src":"https:\/\/i0.wp.com\/www.shqiperia.com\/blog\/wp-content\/uploads\/2020\/05\/800-0-5ed128b04a4d7.jpg?fit=800%2C415&ssl=1&resize=350%2C200","width":350,"height":200,"srcset":"https:\/\/i0.wp.com\/www.shqiperia.com\/blog\/wp-content\/uploads\/2020\/05\/800-0-5ed128b04a4d7.jpg?fit=800%2C415&ssl=1&resize=350%2C200 1x, https:\/\/i0.wp.com\/www.shqiperia.com\/blog\/wp-content\/uploads\/2020\/05\/800-0-5ed128b04a4d7.jpg?fit=800%2C415&ssl=1&resize=525%2C300 1.5x, https:\/\/i0.wp.com\/www.shqiperia.com\/blog\/wp-content\/uploads\/2020\/05\/800-0-5ed128b04a4d7.jpg?fit=800%2C415&ssl=1&resize=700%2C400 2x"},"classes":[]},{"id":19671,"url":"https:\/\/www.shqiperia.com\/blog\/protesta-e-opozites-reagon-avokati-i-popullit-e-kemi-vezhguar-nga-afer-denojme-dhunen-dhe-perdorimin-e-gazit-lotsjelles\/","url_meta":{"origin":17955,"position":4},"title":"Protesta e opozit\u00ebs, reagon Avokati i Popullit: &#8211; E kemi v\u00ebzhguar nga af\u00ebr, d\u00ebnojm\u00eb dhun\u00ebn dhe p\u00ebrdorimin e gazit lotsjell\u00ebs.","author":"Kurt Farka","date":"April 15, 2019","format":false,"excerpt":"Protesta e opozit\u00ebs, reagon Avokati i Popullit: - E kemi v\u00ebzhguar nga af\u00ebr, d\u00ebnojm\u00eb dhun\u00ebn dhe p\u00ebrdorimin e gazit lotsjell\u00ebs. \u00a014 prill 2019 Pas protest\u00ebs s\u00eb opozit\u00ebs nj\u00eb dit\u00eb m\u00eb par\u00eb, ka reaguar\u00a0edhe Institucioni i Avokatit t\u00eb Populli N\u00eb nj\u00eb deklarat\u00eb publike,\u00a0ky institucion shprehet se d\u00ebnon dhun\u00ebn e ushtruar n\u00eb\u2026","rel":"","context":"In &quot;Blogu i Udh\u00ebtarit&quot;","block_context":{"text":"Blogu i Udh\u00ebtarit","link":"https:\/\/www.shqiperia.com\/blog\/category\/blogu-i-udhetarit\/"},"img":{"alt_text":"","src":"https:\/\/i0.wp.com\/www.shqiperia.com\/blog\/wp-content\/uploads\/2019\/04\/protesta-para-parlamentit-gazilotsjelles36-Copy.jpg?fit=1200%2C637&ssl=1&resize=350%2C200","width":350,"height":200,"srcset":"https:\/\/i0.wp.com\/www.shqiperia.com\/blog\/wp-content\/uploads\/2019\/04\/protesta-para-parlamentit-gazilotsjelles36-Copy.jpg?fit=1200%2C637&ssl=1&resize=350%2C200 1x, https:\/\/i0.wp.com\/www.shqiperia.com\/blog\/wp-content\/uploads\/2019\/04\/protesta-para-parlamentit-gazilotsjelles36-Copy.jpg?fit=1200%2C637&ssl=1&resize=525%2C300 1.5x, https:\/\/i0.wp.com\/www.shqiperia.com\/blog\/wp-content\/uploads\/2019\/04\/protesta-para-parlamentit-gazilotsjelles36-Copy.jpg?fit=1200%2C637&ssl=1&resize=700%2C400 2x, https:\/\/i0.wp.com\/www.shqiperia.com\/blog\/wp-content\/uploads\/2019\/04\/protesta-para-parlamentit-gazilotsjelles36-Copy.jpg?fit=1200%2C637&ssl=1&resize=1050%2C600 3x"},"classes":[]},{"id":52977,"url":"https:\/\/www.shqiperia.com\/blog\/raporti-i-avokatit-te-popullit-protesta-te-pd-shkon-ne-60-numri-i-te-ndaluarve\/","url_meta":{"origin":17955,"position":5},"title":"Raporti i Avokatit t\u00eb Popullit\/ Protesta te PD, shkon n\u00eb 60 numri i t\u00eb ndaluarve","author":"Kurt Farka","date":"January 9, 2022","format":false,"excerpt":"Raporti i Avokatit t\u00eb Popullit\/ Protesta te PD, shkon n\u00eb 60 numri i t\u00eb ndaluarve 9 JANAR 2022 \u2026 Gazi \u00ebsht\u00eb p\u00ebrdorur n\u00eb af\u00ebrsi edhe t\u00eb protestuesve t\u00eb cil\u00ebt nuk po nd\u00ebrmerrnin veprime aktive ndaj forcave t\u00eb Policise apo selis\u00eb s\u00eb PD-s\u00eb, nuk po tentonin t\u00eb hynin me forc\u00eb n\u00eb\u2026","rel":"","context":"In &quot;Blogu i Udh\u00ebtarit&quot;","block_context":{"text":"Blogu i Udh\u00ebtarit","link":"https:\/\/www.shqiperia.com\/blog\/category\/blogu-i-udhetarit\/"},"img":{"alt_text":"","src":"https:\/\/i0.wp.com\/www.shqiperia.com\/blog\/wp-content\/uploads\/2022\/01\/640-0-61da9e1673a28.jpeg?fit=640%2C360&ssl=1&resize=350%2C200","width":350,"height":200,"srcset":"https:\/\/i0.wp.com\/www.shqiperia.com\/blog\/wp-content\/uploads\/2022\/01\/640-0-61da9e1673a28.jpeg?fit=640%2C360&ssl=1&resize=350%2C200 1x, https:\/\/i0.wp.com\/www.shqiperia.com\/blog\/wp-content\/uploads\/2022\/01\/640-0-61da9e1673a28.jpeg?fit=640%2C360&ssl=1&resize=525%2C300 1.5x"},"classes":[]}],"_links":{"self":[{"href":"https:\/\/www.shqiperia.com\/blog\/wp-json\/wp\/v2\/posts\/17955","targetHints":{"allow":["GET"]}}],"collection":[{"href":"https:\/\/www.shqiperia.com\/blog\/wp-json\/wp\/v2\/posts"}],"about":[{"href":"https:\/\/www.shqiperia.com\/blog\/wp-json\/wp\/v2\/types\/post"}],"author":[{"embeddable":true,"href":"https:\/\/www.shqiperia.com\/blog\/wp-json\/wp\/v2\/users\/9"}],"replies":[{"embeddable":true,"href":"https:\/\/www.shqiperia.com\/blog\/wp-json\/wp\/v2\/comments?post=17955"}],"version-history":[{"count":1,"href":"https:\/\/www.shqiperia.com\/blog\/wp-json\/wp\/v2\/posts\/17955\/revisions"}],"predecessor-version":[{"id":17959,"href":"https:\/\/www.shqiperia.com\/blog\/wp-json\/wp\/v2\/posts\/17955\/revisions\/17959"}],"wp:featuredmedia":[{"embeddable":true,"href":"https:\/\/www.shqiperia.com\/blog\/wp-json\/wp\/v2\/media\/17956"}],"wp:attachment":[{"href":"https:\/\/www.shqiperia.com\/blog\/wp-json\/wp\/v2\/media?parent=17955"}],"wp:term":[{"taxonomy":"category","embeddable":true,"href":"https:\/\/www.shqiperia.com\/blog\/wp-json\/wp\/v2\/categories?post=17955"},{"taxonomy":"post_tag","embeddable":true,"href":"https:\/\/www.shqiperia.com\/blog\/wp-json\/wp\/v2\/tags?post=17955"}],"curies":[{"name":"wp","href":"https:\/\/api.w.org\/{rel}","templated":true}]}}