{"id":17951,"date":"2019-03-02T14:03:03","date_gmt":"2019-03-02T14:03:03","guid":{"rendered":"http:\/\/www.shqiperia.com\/blog\/?p=17951"},"modified":"2019-03-02T14:03:03","modified_gmt":"2019-03-02T14:03:03","slug":"konservatoret-europiane-mbeshtesin-opoziten-duhet-qeveri-e-re","status":"publish","type":"post","link":"https:\/\/www.shqiperia.com\/blog\/konservatoret-europiane-mbeshtesin-opoziten-duhet-qeveri-e-re\/","title":{"rendered":"Konservator\u00ebt europian\u00eb mb\u00ebshtesin opozit\u00ebn: Duhet qeveri e re"},"content":{"rendered":"<p><img data-recalc-dims=\"1\" loading=\"lazy\" decoding=\"async\" data-attachment-id=\"17952\" data-permalink=\"https:\/\/www.shqiperia.com\/blog\/konservatoret-europiane-mbeshtesin-opoziten-duhet-qeveri-e-re\/acre-770x400\/\" data-orig-file=\"https:\/\/i0.wp.com\/www.shqiperia.com\/blog\/wp-content\/uploads\/2019\/03\/ACRE-770x400.jpg?fit=672%2C300&amp;ssl=1\" data-orig-size=\"672,300\" data-comments-opened=\"1\" data-image-meta=\"{&quot;aperture&quot;:&quot;0&quot;,&quot;credit&quot;:&quot;&quot;,&quot;camera&quot;:&quot;&quot;,&quot;caption&quot;:&quot;&quot;,&quot;created_timestamp&quot;:&quot;0&quot;,&quot;copyright&quot;:&quot;&quot;,&quot;focal_length&quot;:&quot;0&quot;,&quot;iso&quot;:&quot;0&quot;,&quot;shutter_speed&quot;:&quot;0&quot;,&quot;title&quot;:&quot;&quot;,&quot;orientation&quot;:&quot;0&quot;}\" data-image-title=\"ACRE-770&#215;400\" data-image-description=\"\" data-image-caption=\"\" data-medium-file=\"https:\/\/i0.wp.com\/www.shqiperia.com\/blog\/wp-content\/uploads\/2019\/03\/ACRE-770x400.jpg?fit=300%2C134&amp;ssl=1\" data-large-file=\"https:\/\/i0.wp.com\/www.shqiperia.com\/blog\/wp-content\/uploads\/2019\/03\/ACRE-770x400.jpg?fit=672%2C300&amp;ssl=1\" class=\"alignnone  wp-image-17952\" alt=\"\" src=\"https:\/\/i0.wp.com\/www.shqiperia.com\/blog\/wp-content\/uploads\/2019\/03\/ACRE-770x400-300x134.jpg?resize=515%2C230\" width=\"515\" height=\"230\" srcset=\"https:\/\/i0.wp.com\/www.shqiperia.com\/blog\/wp-content\/uploads\/2019\/03\/ACRE-770x400.jpg?resize=300%2C134&amp;ssl=1 300w, https:\/\/i0.wp.com\/www.shqiperia.com\/blog\/wp-content\/uploads\/2019\/03\/ACRE-770x400.jpg?resize=450%2C201&amp;ssl=1 450w, https:\/\/i0.wp.com\/www.shqiperia.com\/blog\/wp-content\/uploads\/2019\/03\/ACRE-770x400.jpg?resize=600%2C268&amp;ssl=1 600w, https:\/\/i0.wp.com\/www.shqiperia.com\/blog\/wp-content\/uploads\/2019\/03\/ACRE-770x400.jpg?resize=400%2C179&amp;ssl=1 400w, https:\/\/i0.wp.com\/www.shqiperia.com\/blog\/wp-content\/uploads\/2019\/03\/ACRE-770x400.jpg?w=672&amp;ssl=1 672w\" sizes=\"auto, (max-width: 515px) 100vw, 515px\" \/><\/p>\n<p>Aleanca e Konservator\u00ebve dhe Reformist\u00ebve n\u00eb Europ\u00eb, (ACRE) grupi i tret\u00eb m\u00eb i madh n\u00eb Parlamentin Europian, mb\u00ebshtet k\u00ebrkesat e opozit\u00ebs n\u00eb Shqip\u00ebri.<\/p>\n<p>P\u00ebrmes nj\u00eb deklarate, ACRE pohon se kriza politke n\u00eb Shqip\u00ebri mund t\u00eb zgjidhet vet\u00ebm p\u00ebrmes nj\u00eb qeverie t\u00eb re.<\/p>\n<p>\u201cN\u00eb drit\u00ebn e instabilitetit politik n\u00eb rritje kriz\u00ebs qeveritare dhe list\u00ebs s\u00eb gjat\u00eb t\u00eb skandaleve q\u00eb jan\u00eb b\u00ebr\u00eb publik s\u00eb fundmi, ACRE beson se vet\u00ebm nj\u00eb qeveri e re, e krijuar mbi nj\u00eb platform\u00eb t\u00eb ber\u00eb politike, mund t\u00eb garantoj\u00eb fundin e k\u00ebtij ng\u00ebr\u00e7i politik dhe t\u00eb rifitoj\u00eb besimin e qytetar\u00ebve shqiptar\u00eb n\u00eb proceset demokratike integruese europiane dhe sundimin e ligjit n\u00eb vend\u201d, thuhet n\u00eb deklarat\u00ebn e ACRE, ku b\u00ebn pjes\u00eb edhe Partia Konservatore n\u00eb pushtet e Britanis\u00eb s\u00eb Madhe.<\/p>\n<p>ACRE mb\u00ebshtet bashkimin e Partis\u00eb Republikane me koalicionin opozitar dhe thot\u00eb se e nxit at\u00eb t\u00eb marr\u00eb hapa konkret\u00eb p\u00ebr t\u00eb luftuar korrupsionin qeveritar dhe p\u00ebr t\u00eb garantuar zgjedhje t\u00eb lira e t\u00eb ndershme, n\u00eb p\u00ebrputhje me standardet m\u00eb t\u00eb larta nd\u00ebrkomb\u00ebtare.<\/p>\n<p>Aleanca e Konservator\u00ebve dhe Reformist\u00ebve, nj\u00eb grupim i qendr\u00ebs s\u00eb djatht\u00eb shprehet se\u00a0 shqet\u00ebsimi n\u00eb rritje p\u00ebr zhvillimet e fundit n\u00eb Shqip\u00ebri ka t\u00eb b\u00ebj\u00eb me korrupsionin e qeveris\u00eb aktuale.<\/p>\n<p><img data-recalc-dims=\"1\" loading=\"lazy\" decoding=\"async\" data-attachment-id=\"17952\" data-permalink=\"https:\/\/www.shqiperia.com\/blog\/konservatoret-europiane-mbeshtesin-opoziten-duhet-qeveri-e-re\/acre-770x400\/\" data-orig-file=\"https:\/\/i0.wp.com\/www.shqiperia.com\/blog\/wp-content\/uploads\/2019\/03\/ACRE-770x400.jpg?fit=672%2C300&amp;ssl=1\" data-orig-size=\"672,300\" data-comments-opened=\"1\" data-image-meta=\"{&quot;aperture&quot;:&quot;0&quot;,&quot;credit&quot;:&quot;&quot;,&quot;camera&quot;:&quot;&quot;,&quot;caption&quot;:&quot;&quot;,&quot;created_timestamp&quot;:&quot;0&quot;,&quot;copyright&quot;:&quot;&quot;,&quot;focal_length&quot;:&quot;0&quot;,&quot;iso&quot;:&quot;0&quot;,&quot;shutter_speed&quot;:&quot;0&quot;,&quot;title&quot;:&quot;&quot;,&quot;orientation&quot;:&quot;0&quot;}\" data-image-title=\"ACRE-770&#215;400\" data-image-description=\"\" data-image-caption=\"\" data-medium-file=\"https:\/\/i0.wp.com\/www.shqiperia.com\/blog\/wp-content\/uploads\/2019\/03\/ACRE-770x400.jpg?fit=300%2C134&amp;ssl=1\" data-large-file=\"https:\/\/i0.wp.com\/www.shqiperia.com\/blog\/wp-content\/uploads\/2019\/03\/ACRE-770x400.jpg?fit=672%2C300&amp;ssl=1\" class=\"alignnone  wp-image-17952\" alt=\"\" src=\"https:\/\/i0.wp.com\/www.shqiperia.com\/blog\/wp-content\/uploads\/2019\/03\/ACRE-770x400-300x134.jpg?resize=801%2C358\" width=\"801\" height=\"358\" srcset=\"https:\/\/i0.wp.com\/www.shqiperia.com\/blog\/wp-content\/uploads\/2019\/03\/ACRE-770x400.jpg?resize=300%2C134&amp;ssl=1 300w, https:\/\/i0.wp.com\/www.shqiperia.com\/blog\/wp-content\/uploads\/2019\/03\/ACRE-770x400.jpg?resize=450%2C201&amp;ssl=1 450w, https:\/\/i0.wp.com\/www.shqiperia.com\/blog\/wp-content\/uploads\/2019\/03\/ACRE-770x400.jpg?resize=600%2C268&amp;ssl=1 600w, https:\/\/i0.wp.com\/www.shqiperia.com\/blog\/wp-content\/uploads\/2019\/03\/ACRE-770x400.jpg?resize=400%2C179&amp;ssl=1 400w, https:\/\/i0.wp.com\/www.shqiperia.com\/blog\/wp-content\/uploads\/2019\/03\/ACRE-770x400.jpg?w=672&amp;ssl=1 672w\" sizes=\"auto, (max-width: 801px) 100vw, 801px\" \/><\/p>\n<p>Gazeta Shqiptare.<\/p>\n","protected":false},"excerpt":{"rendered":"<p>Aleanca e Konservator\u00ebve dhe Reformist\u00ebve n\u00eb Europ\u00eb, (ACRE) grupi i tret\u00eb m\u00eb i madh n\u00eb Parlamentin Europian, mb\u00ebshtet k\u00ebrkesat e opozit\u00ebs n\u00eb Shqip\u00ebri. P\u00ebrmes nj\u00eb deklarate, ACRE pohon se kriza politke n\u00eb Shqip\u00ebri mund t\u00eb zgjidhet vet\u00ebm p\u00ebrmes nj\u00eb qeverie t\u00eb re. \u201cN\u00eb drit\u00ebn e instabilitetit politik n\u00eb rritje kriz\u00ebs qeveritare dhe list\u00ebs s\u00eb gjat\u00eb [&hellip;]<\/p>\n","protected":false},"author":9,"featured_media":17952,"comment_status":"open","ping_status":"open","sticky":false,"template":"","format":"standard","meta":{"jetpack_post_was_ever_published":false,"_jetpack_newsletter_access":"","_jetpack_dont_email_post_to_subs":false,"_jetpack_newsletter_tier_id":0,"_jetpack_memberships_contains_paywalled_content":false,"_jetpack_memberships_contains_paid_content":false,"footnotes":"","jetpack_publicize_message":"","jetpack_publicize_feature_enabled":true,"jetpack_social_post_already_shared":true,"jetpack_social_options":{"image_generator_settings":{"template":"highway","default_image_id":0,"font":"","enabled":false},"version":2}},"categories":[27,2,35],"tags":[],"class_list":["post-17951","post","type-post","status-publish","format-standard","has-post-thumbnail","hentry","category-blogu-i-udhetarit","category-politika","category-shoqerore"],"jetpack_publicize_connections":[],"jetpack_featured_media_url":"https:\/\/i0.wp.com\/www.shqiperia.com\/blog\/wp-content\/uploads\/2019\/03\/ACRE-770x400.jpg?fit=672%2C300&ssl=1","jetpack_sharing_enabled":true,"jetpack_shortlink":"https:\/\/wp.me\/p5Z6wp-4Fx","jetpack-related-posts":[{"id":95176,"url":"https:\/\/www.shqiperia.com\/blog\/ambasadori-gjerman-takim-me-gazment-bardhin-e-pd-se\/","url_meta":{"origin":17951,"position":0},"title":"Ambasadori gjerman takim me Gazment Bardhin e PD-se","author":"Kurt Farka","date":"November 26, 2025","format":false,"excerpt":"26 Nentor 2025 Kryetari i Grupit Parlamentar t\u00eb PD, Gazment Bardhi gjat\u00eb nj\u00eb takimi me ambasadorin e Gjermanis\u00eb n\u00eb vendin ton\u00eb, Karl Bergner ka ngritur shqet\u00ebsimin e dosjes s\u00eb Belinda Ballukut, q\u00eb sipas tij \u201cprovon m\u00eb s\u00eb miri instalimin n\u00eb Shqip\u00ebri t\u00eb sistemit asgj\u00ebsues p\u00ebr t\u00eb ardhmen europiane t\u00eb Shqip\u00ebris\u00eb\u201d.\u2026","rel":"","context":"In &quot;Blogu i Udh\u00ebtarit&quot;","block_context":{"text":"Blogu i Udh\u00ebtarit","link":"https:\/\/www.shqiperia.com\/blog\/category\/blogu-i-udhetarit\/"},"img":{"alt_text":"","src":"https:\/\/i0.wp.com\/www.shqiperia.com\/blog\/wp-content\/uploads\/2025\/11\/bardhi-ambasadori-gjerman-1.jpg?fit=1200%2C800&ssl=1&resize=350%2C200","width":350,"height":200,"srcset":"https:\/\/i0.wp.com\/www.shqiperia.com\/blog\/wp-content\/uploads\/2025\/11\/bardhi-ambasadori-gjerman-1.jpg?fit=1200%2C800&ssl=1&resize=350%2C200 1x, https:\/\/i0.wp.com\/www.shqiperia.com\/blog\/wp-content\/uploads\/2025\/11\/bardhi-ambasadori-gjerman-1.jpg?fit=1200%2C800&ssl=1&resize=525%2C300 1.5x, https:\/\/i0.wp.com\/www.shqiperia.com\/blog\/wp-content\/uploads\/2025\/11\/bardhi-ambasadori-gjerman-1.jpg?fit=1200%2C800&ssl=1&resize=700%2C400 2x, https:\/\/i0.wp.com\/www.shqiperia.com\/blog\/wp-content\/uploads\/2025\/11\/bardhi-ambasadori-gjerman-1.jpg?fit=1200%2C800&ssl=1&resize=1050%2C600 3x"},"classes":[]},{"id":87171,"url":"https:\/\/www.shqiperia.com\/blog\/idu-mbeshtet-rezoluten-e-paraqitur-nga-pd-qeveri-teknike-per-zgjedhjet-te-ndalet-persekutimi-politik\/","url_meta":{"origin":17951,"position":1},"title":"IDU mb\u00ebshtet rezolut\u00ebn e paraqitur nga PD: &#8211; Qeveri Teknike p\u00ebr zgjedhjet, t\u00eb ndalet persekutimi politik\u2026","author":"Kurt Farka","date":"December 7, 2024","format":false,"excerpt":"7 Dhjetor 2024 Aleanca Globale e Qendr\u00ebs s\u00eb Djatht\u00eb, (IDU) ka miratuar me vot\u00eb unanime Rezolut\u00ebn p\u00ebr Shqip\u00ebrin\u00eb t\u00eb paraqitur nga Partia Demokratike e Shqip\u00ebris\u00eb, p\u00ebrmes t\u00eb cil\u00ebs k\u00ebrkohet t\u00eb ndalet persekutimi politik kund\u00ebr udh\u00ebheq\u00ebsve t\u00eb opozit\u00ebs, duke siguruar nj\u00eb mjedis t\u00eb drejt\u00eb dhe t\u00eb hapur p\u00ebr t\u00eb gjith\u00eb aktor\u00ebt\u2026","rel":"","context":"In &quot;Blogu i Udh\u00ebtarit&quot;","block_context":{"text":"Blogu i Udh\u00ebtarit","link":"https:\/\/www.shqiperia.com\/blog\/category\/blogu-i-udhetarit\/"},"img":{"alt_text":"","src":"https:\/\/i0.wp.com\/www.shqiperia.com\/blog\/wp-content\/uploads\/2024\/12\/Gb83keLW8AAQx6i.jpg?fit=1080%2C766&ssl=1&resize=350%2C200","width":350,"height":200,"srcset":"https:\/\/i0.wp.com\/www.shqiperia.com\/blog\/wp-content\/uploads\/2024\/12\/Gb83keLW8AAQx6i.jpg?fit=1080%2C766&ssl=1&resize=350%2C200 1x, https:\/\/i0.wp.com\/www.shqiperia.com\/blog\/wp-content\/uploads\/2024\/12\/Gb83keLW8AAQx6i.jpg?fit=1080%2C766&ssl=1&resize=525%2C300 1.5x, https:\/\/i0.wp.com\/www.shqiperia.com\/blog\/wp-content\/uploads\/2024\/12\/Gb83keLW8AAQx6i.jpg?fit=1080%2C766&ssl=1&resize=700%2C400 2x, https:\/\/i0.wp.com\/www.shqiperia.com\/blog\/wp-content\/uploads\/2024\/12\/Gb83keLW8AAQx6i.jpg?fit=1080%2C766&ssl=1&resize=1050%2C600 3x"},"classes":[]},{"id":77089,"url":"https:\/\/www.shqiperia.com\/blog\/ndryshime-ne-qeveri-ja-kush-emerohet-minister-i-ekonomise-kultures-dhe-inovacionit\/","url_meta":{"origin":17951,"position":2},"title":"Ndryshime n\u00eb qeveri, ja kush em\u00ebrohet minist\u00ebr i Ekonomis\u00eb, Kultur\u00ebs dhe Inovacionit","author":"Kurt Farka","date":"January 8, 2024","format":false,"excerpt":"8 Janar 2024 Blendi Gonxhja \u00ebsh t\u00eb em\u00ebruar ministri i ri i Ekonomis\u00eb, Kultur\u00ebs dhe Inovacionit. Kryeministri Edi Rama p\u00ebrmes nj\u00eb postimi n\u00eb Twitter ka b\u00ebr\u00eb me dije se ka vendosur ndryshimin e struktur\u00eb s\u00eb qeveris\u00eb dhe krijimin e nj\u00eb ministri t\u00eb vetme t\u00eb Ekonomis\u00eb, Kultur\u00ebs dhe Inovacionit, e cila\u2026","rel":"","context":"In &quot;Blogu i Udh\u00ebtarit&quot;","block_context":{"text":"Blogu i Udh\u00ebtarit","link":"https:\/\/www.shqiperia.com\/blog\/category\/blogu-i-udhetarit\/"},"img":{"alt_text":"","src":"https:\/\/i0.wp.com\/www.shqiperia.com\/blog\/wp-content\/uploads\/2024\/01\/640-0-659c04f268f16.jpg?fit=640%2C371&ssl=1&resize=350%2C200","width":350,"height":200,"srcset":"https:\/\/i0.wp.com\/www.shqiperia.com\/blog\/wp-content\/uploads\/2024\/01\/640-0-659c04f268f16.jpg?fit=640%2C371&ssl=1&resize=350%2C200 1x, https:\/\/i0.wp.com\/www.shqiperia.com\/blog\/wp-content\/uploads\/2024\/01\/640-0-659c04f268f16.jpg?fit=640%2C371&ssl=1&resize=525%2C300 1.5x"},"classes":[]},{"id":14787,"url":"https:\/\/www.shqiperia.com\/blog\/drejtuesi-i-fondacionit-konrad-adenauer-ne-shqiperi-walter-glos-arsimi-e-nafta-me-shtrenjte-se-ne-gjermani-do-ngele-vetem-qeveria-se-shqiptaret-po-ikin\/","url_meta":{"origin":17951,"position":3},"title":"Drejtuesi i Fondacionit Konrad Adenauer n\u00eb Shqip\u00ebri, Walter Glos:  &#8211; Arsimi e nafta, m\u00eb shtrenjt\u00eb se n\u00eb Gjermani! Do ngel\u00eb vet\u00ebm qeveria se shqiptar\u00ebt po ikin.","author":"Kurt Farka","date":"December 14, 2018","format":false,"excerpt":"Drejtuesi i Fondacionit Konrad Adenauer n\u00eb Shqip\u00ebri, Walter Glos: - Arsimi e nafta, m\u00eb shtrenjt\u00eb se n\u00eb Gjermani! Do ngel\u00eb vet\u00ebm qeveria se shqiptar\u00ebt po ikin. :\u2026. n\u00eb pes\u00eb vitet e fundit jan\u00eb larguar m\u00eb shum\u00eb se 400 mij\u00eb t\u00eb rinj nga vendi dhe n\u00eb nj\u00eb popullsi me 3 milion\u2026","rel":"","context":"In &quot;Blogu i Udh\u00ebtarit&quot;","block_context":{"text":"Blogu i Udh\u00ebtarit","link":"https:\/\/www.shqiperia.com\/blog\/category\/blogu-i-udhetarit\/"},"img":{"alt_text":"","src":"https:\/\/i0.wp.com\/www.shqiperia.com\/blog\/wp-content\/uploads\/2018\/12\/protesta-kas.jpg?fit=755%2C425&ssl=1&resize=350%2C200","width":350,"height":200,"srcset":"https:\/\/i0.wp.com\/www.shqiperia.com\/blog\/wp-content\/uploads\/2018\/12\/protesta-kas.jpg?fit=755%2C425&ssl=1&resize=350%2C200 1x, https:\/\/i0.wp.com\/www.shqiperia.com\/blog\/wp-content\/uploads\/2018\/12\/protesta-kas.jpg?fit=755%2C425&ssl=1&resize=525%2C300 1.5x, https:\/\/i0.wp.com\/www.shqiperia.com\/blog\/wp-content\/uploads\/2018\/12\/protesta-kas.jpg?fit=755%2C425&ssl=1&resize=700%2C400 2x"},"classes":[]},{"id":78721,"url":"https:\/\/www.shqiperia.com\/blog\/raporti-i-berzh-kambana-e-alarmit-po-bie-forte-standardi-i-jeteses-ne-shqiperi-eshte-perkeqesuar\/","url_meta":{"origin":17951,"position":4},"title":"Raporti i BERZH: &#8211; Kambana e alarmit po bie fort\u00eb, standardi i jetes\u00ebs n\u00eb Shqip\u00ebri \u00ebsht\u00eb p\u00ebrkeq\u00ebsuar!","author":"Kurt Farka","date":"February 28, 2024","format":false,"excerpt":"28 Shkurt 23024 Oriola Pampuri n\u00eb nj\u00eb deklarat\u00eb p\u00ebr shtyp ka komentuar\u00a0Raportin e BERZH\u00a0i cili thekson se pas viti 2018 qeveria n\u00eb Shqip\u00ebri ka qen\u00eb pengesa p\u00ebr investitor\u00ebt e huaj dhe inkurajoi largimin e t\u00eb rinjve.\u00a0 DEKLARATA E N\u00cbNKRYETARES DHE DEPUTETES S\u00cb PD, ORIOLA PAMPURI Standardi i jetes\u00ebs n\u00eb Shqip\u00ebri\u2026","rel":"","context":"In &quot;Blogu i Udh\u00ebtarit&quot;","block_context":{"text":"Blogu i Udh\u00ebtarit","link":"https:\/\/www.shqiperia.com\/blog\/category\/blogu-i-udhetarit\/"},"img":{"alt_text":"","src":"https:\/\/i0.wp.com\/www.shqiperia.com\/blog\/wp-content\/uploads\/2024\/02\/bles.jpg?fit=765%2C383&ssl=1&resize=350%2C200","width":350,"height":200,"srcset":"https:\/\/i0.wp.com\/www.shqiperia.com\/blog\/wp-content\/uploads\/2024\/02\/bles.jpg?fit=765%2C383&ssl=1&resize=350%2C200 1x, https:\/\/i0.wp.com\/www.shqiperia.com\/blog\/wp-content\/uploads\/2024\/02\/bles.jpg?fit=765%2C383&ssl=1&resize=525%2C300 1.5x, https:\/\/i0.wp.com\/www.shqiperia.com\/blog\/wp-content\/uploads\/2024\/02\/bles.jpg?fit=765%2C383&ssl=1&resize=700%2C400 2x"},"classes":[]},{"id":22740,"url":"https:\/\/www.shqiperia.com\/blog\/murati-alarm-i-kuq-athina-po-kerkon-vetevendosje-per-vorio-epirin\/","url_meta":{"origin":17951,"position":5},"title":"Murati: &#8211; Alarm i kuq, Athina po k\u00ebrkon vet\u00ebvendosje p\u00ebr \u201cVorio Epirin\u201d. &#8211;","author":"Kurt Farka","date":"July 3, 2019","format":false,"excerpt":"Murati: - Alarm i kuq, Athina po k\u00ebrkon vet\u00ebvendosje p\u00ebr \u201cVorio Epirin\u201d. - 2 korrik \u00a02019 Alarm i kuq: Athina k\u00ebrkon vet\u00ebvendosje p\u00ebr \u201cVorio Epirin\u201d \u2013 shkruan Shaban Murati n\u00eb rubrik\u00ebn e tij t\u00eb p\u00ebrjavshme n\u00eb DITA mbi \u00e7\u00ebshtjet e rajonit. N\u00eb nj\u00eb shkrim i cili mund t\u00eb lexohet nes\u00ebr\u2026","rel":"","context":"In &quot;Blogu i Udh\u00ebtarit&quot;","block_context":{"text":"Blogu i Udh\u00ebtarit","link":"https:\/\/www.shqiperia.com\/blog\/category\/blogu-i-udhetarit\/"},"img":{"alt_text":"","src":"https:\/\/i0.wp.com\/www.shqiperia.com\/blog\/wp-content\/uploads\/2019\/07\/shaban-murati.jpg?fit=905%2C450&ssl=1&resize=350%2C200","width":350,"height":200,"srcset":"https:\/\/i0.wp.com\/www.shqiperia.com\/blog\/wp-content\/uploads\/2019\/07\/shaban-murati.jpg?fit=905%2C450&ssl=1&resize=350%2C200 1x, https:\/\/i0.wp.com\/www.shqiperia.com\/blog\/wp-content\/uploads\/2019\/07\/shaban-murati.jpg?fit=905%2C450&ssl=1&resize=525%2C300 1.5x, https:\/\/i0.wp.com\/www.shqiperia.com\/blog\/wp-content\/uploads\/2019\/07\/shaban-murati.jpg?fit=905%2C450&ssl=1&resize=700%2C400 2x"},"classes":[]}],"_links":{"self":[{"href":"https:\/\/www.shqiperia.com\/blog\/wp-json\/wp\/v2\/posts\/17951","targetHints":{"allow":["GET"]}}],"collection":[{"href":"https:\/\/www.shqiperia.com\/blog\/wp-json\/wp\/v2\/posts"}],"about":[{"href":"https:\/\/www.shqiperia.com\/blog\/wp-json\/wp\/v2\/types\/post"}],"author":[{"embeddable":true,"href":"https:\/\/www.shqiperia.com\/blog\/wp-json\/wp\/v2\/users\/9"}],"replies":[{"embeddable":true,"href":"https:\/\/www.shqiperia.com\/blog\/wp-json\/wp\/v2\/comments?post=17951"}],"version-history":[{"count":1,"href":"https:\/\/www.shqiperia.com\/blog\/wp-json\/wp\/v2\/posts\/17951\/revisions"}],"predecessor-version":[{"id":17953,"href":"https:\/\/www.shqiperia.com\/blog\/wp-json\/wp\/v2\/posts\/17951\/revisions\/17953"}],"wp:featuredmedia":[{"embeddable":true,"href":"https:\/\/www.shqiperia.com\/blog\/wp-json\/wp\/v2\/media\/17952"}],"wp:attachment":[{"href":"https:\/\/www.shqiperia.com\/blog\/wp-json\/wp\/v2\/media?parent=17951"}],"wp:term":[{"taxonomy":"category","embeddable":true,"href":"https:\/\/www.shqiperia.com\/blog\/wp-json\/wp\/v2\/categories?post=17951"},{"taxonomy":"post_tag","embeddable":true,"href":"https:\/\/www.shqiperia.com\/blog\/wp-json\/wp\/v2\/tags?post=17951"}],"curies":[{"name":"wp","href":"https:\/\/api.w.org\/{rel}","templated":true}]}}