{"id":17940,"date":"2019-03-01T18:25:14","date_gmt":"2019-03-01T18:25:14","guid":{"rendered":"http:\/\/www.shqiperia.com\/blog\/?p=17940"},"modified":"2019-03-01T18:25:14","modified_gmt":"2019-03-01T18:25:14","slug":"a-do-mbushet-parlamenti-me-deputete-dezertore-ministri-jep-pergjigjen-qe-nuk-pritej","status":"publish","type":"post","link":"https:\/\/www.shqiperia.com\/blog\/a-do-mbushet-parlamenti-me-deputete-dezertore-ministri-jep-pergjigjen-qe-nuk-pritej\/","title":{"rendered":"A do mbushet Parlamenti me deputet\u00eb dezertor\u00eb? Ministri jep p\u00ebrgjigjen q\u00eb nuk pritej. &#8211;"},"content":{"rendered":"<p><img data-recalc-dims=\"1\" loading=\"lazy\" decoding=\"async\" data-attachment-id=\"17942\" data-permalink=\"https:\/\/www.shqiperia.com\/blog\/a-do-mbushet-parlamenti-me-deputete-dezertore-ministri-jep-pergjigjen-qe-nuk-pritej\/salla-e-parlamentit-bosh-opozita\/\" data-orig-file=\"https:\/\/i0.wp.com\/www.shqiperia.com\/blog\/wp-content\/uploads\/2019\/03\/salla-e-parlamentit-bosh-opozita.jpg?fit=300%2C171&amp;ssl=1\" data-orig-size=\"300,171\" data-comments-opened=\"1\" data-image-meta=\"{&quot;aperture&quot;:&quot;0&quot;,&quot;credit&quot;:&quot;&quot;,&quot;camera&quot;:&quot;&quot;,&quot;caption&quot;:&quot;&quot;,&quot;created_timestamp&quot;:&quot;0&quot;,&quot;copyright&quot;:&quot;&quot;,&quot;focal_length&quot;:&quot;0&quot;,&quot;iso&quot;:&quot;0&quot;,&quot;shutter_speed&quot;:&quot;0&quot;,&quot;title&quot;:&quot;&quot;,&quot;orientation&quot;:&quot;0&quot;}\" data-image-title=\"salla-e-parlamentit-bosh-opozita\" data-image-description=\"\" data-image-caption=\"\" data-medium-file=\"https:\/\/i0.wp.com\/www.shqiperia.com\/blog\/wp-content\/uploads\/2019\/03\/salla-e-parlamentit-bosh-opozita.jpg?fit=300%2C171&amp;ssl=1\" data-large-file=\"https:\/\/i0.wp.com\/www.shqiperia.com\/blog\/wp-content\/uploads\/2019\/03\/salla-e-parlamentit-bosh-opozita.jpg?fit=300%2C171&amp;ssl=1\" class=\"alignnone  wp-image-17942\" alt=\"\" src=\"https:\/\/i0.wp.com\/www.shqiperia.com\/blog\/wp-content\/uploads\/2019\/03\/salla-e-parlamentit-bosh-opozita-300x171.jpg?resize=421%2C240\" width=\"421\" height=\"240\" \/><\/p>\n<p><strong>A do mbushet Parlamenti me deputet\u00eb dezertor\u00eb? Ministri jep p\u00ebrgjigjen q\u00eb nuk pritej. &#8211;<\/strong><\/p>\n<p><strong>\u00a001\/03\/2019.<\/strong><\/p>\n<p>Ministri Bledi \u00c7u\u00e7i q\u00eb zuri vendin e Niko Peleshit n\u00eb ministrin\u00eb e Bujq\u00ebsis\u00eb, i ftuar n\u00eb rubrik\u00ebn \u201cOpinion\u201d n\u00eb News 24 ka komentuar situat\u00ebn politike t\u00eb krijuar nga l\u00ebnia e mandateve t\u00eb deputetit nga opozita.<\/p>\n<p>I pyetur n\u00ebse do t\u00eb mbushet Parlamenti me deputet\u00eb dezertor\u00eb, \u00c7u\u00e7i tha se nj\u00eb gj\u00eb e till\u00eb \u00ebsht\u00eb p\u00ebrgjegj\u00ebsi p\u00ebrpara qytetar\u00ebve shqiptar\u00eb.<\/p>\n<p>\u201cJemi n\u00eb lart\u00ebsin\u00eb dhe p\u00ebrgjegj\u00ebsin\u00eb q\u00eb duhet publike me shqiptar\u00ebt. Fakti q\u00eb po shtohet numri i kandidat\u00ebve q\u00eb po tregojn\u00eb vullnet t\u2019i bashkohen parlamentit \u00ebsht\u00eb moment p\u00ebrgjegj\u00ebsie nga k\u00ebta individ\u00eb. Pra kan\u00eb autoritet dhe pesh\u00eb politik\u00eb edhe ata. Mendoj q\u00eb kjo gj\u00eb vjen edhe si pasoj\u00eb e nj\u00eb reflektimi nga thirrjet q\u00eb ka b\u00ebr\u00eb faktori nd\u00ebrkomb\u00ebtar politik. T\u00eb jemi t\u00eb sigurt q\u00eb do kemi t\u00eb tjer\u00eb. Zgjedhjet jan\u00eb legjitime, qeveria po ashtu. Zgjedhjet e tjera i p\u00ebrkasin vitit 2021:,- arsyetoi \u00c7u\u00e7i.<br \/>\n<strong>\/Agjensia e Lajmeve Sot News\/<\/strong><\/p>\n","protected":false},"excerpt":{"rendered":"<p>A do mbushet Parlamenti me deputet\u00eb dezertor\u00eb? Ministri jep p\u00ebrgjigjen q\u00eb nuk pritej. &#8211; \u00a001\/03\/2019. Ministri Bledi \u00c7u\u00e7i q\u00eb zuri vendin e Niko Peleshit n\u00eb ministrin\u00eb e Bujq\u00ebsis\u00eb, i ftuar n\u00eb rubrik\u00ebn \u201cOpinion\u201d n\u00eb News 24 ka komentuar situat\u00ebn politike t\u00eb krijuar nga l\u00ebnia e mandateve t\u00eb deputetit nga opozita. I pyetur n\u00ebse do t\u00eb [&hellip;]<\/p>\n","protected":false},"author":9,"featured_media":17942,"comment_status":"open","ping_status":"open","sticky":false,"template":"","format":"standard","meta":{"jetpack_post_was_ever_published":false,"_jetpack_newsletter_access":"","_jetpack_dont_email_post_to_subs":false,"_jetpack_newsletter_tier_id":0,"_jetpack_memberships_contains_paywalled_content":false,"_jetpack_memberships_contains_paid_content":false,"footnotes":"","jetpack_publicize_message":"","jetpack_publicize_feature_enabled":true,"jetpack_social_post_already_shared":true,"jetpack_social_options":{"image_generator_settings":{"template":"highway","default_image_id":0,"font":"","enabled":false},"version":2}},"categories":[27,2,35],"tags":[],"class_list":["post-17940","post","type-post","status-publish","format-standard","has-post-thumbnail","hentry","category-blogu-i-udhetarit","category-politika","category-shoqerore"],"jetpack_publicize_connections":[],"jetpack_featured_media_url":"https:\/\/i0.wp.com\/www.shqiperia.com\/blog\/wp-content\/uploads\/2019\/03\/salla-e-parlamentit-bosh-opozita.jpg?fit=300%2C171&ssl=1","jetpack_sharing_enabled":true,"jetpack_shortlink":"https:\/\/wp.me\/p5Z6wp-4Fm","jetpack-related-posts":[{"id":52540,"url":"https:\/\/www.shqiperia.com\/blog\/jeni-pro-apo-kunder-protestes-anti-vucic-qe-po-organizon-berisha-gazment-bardhi-jep-pergjigjen-qe-nuk-pritej\/","url_meta":{"origin":17940,"position":0},"title":"Jeni pro apo kund\u00ebr protest\u00ebs anti-Vu\u00e7i\u00e7 q\u00eb po organizon Berisha? Gazment Bardhi jep p\u00ebrgjigjen q\u00eb nuk pritej","author":"Kurt Farka","date":"December 20, 2021","format":false,"excerpt":"Jeni pro apo kund\u00ebr protest\u00ebs anti-Vu\u00e7i\u00e7 q\u00eb po organizon Berisha? Gazment Bardhi jep p\u00ebrgjigjen q\u00eb nuk pritej 20 DHJETOR 2021 Gazment Bardhi u pyet sot nga gazetar\u00ebt se p\u00ebrse nuk marrin sot pjes\u00eb n\u00eb protest\u00ebn q\u00eb po organizohet nga ish-kryeministri Sali Berisha kund\u00ebr Presidentit t\u00eb Serbis\u00eb, Vu\u00e7i\u00e7, dha nj\u00eb p\u00ebrgjigje\u2026","rel":"","context":"In &quot;Blogu i Udh\u00ebtarit&quot;","block_context":{"text":"Blogu i Udh\u00ebtarit","link":"https:\/\/www.shqiperia.com\/blog\/category\/blogu-i-udhetarit\/"},"img":{"alt_text":"","src":"https:\/\/i0.wp.com\/www.shqiperia.com\/blog\/wp-content\/uploads\/2021\/12\/800-0-61c088c75a2b9.jpg?fit=800%2C468&ssl=1&resize=350%2C200","width":350,"height":200,"srcset":"https:\/\/i0.wp.com\/www.shqiperia.com\/blog\/wp-content\/uploads\/2021\/12\/800-0-61c088c75a2b9.jpg?fit=800%2C468&ssl=1&resize=350%2C200 1x, https:\/\/i0.wp.com\/www.shqiperia.com\/blog\/wp-content\/uploads\/2021\/12\/800-0-61c088c75a2b9.jpg?fit=800%2C468&ssl=1&resize=525%2C300 1.5x, https:\/\/i0.wp.com\/www.shqiperia.com\/blog\/wp-content\/uploads\/2021\/12\/800-0-61c088c75a2b9.jpg?fit=800%2C468&ssl=1&resize=700%2C400 2x"},"classes":[]},{"id":47455,"url":"https:\/\/www.shqiperia.com\/blog\/mbledhja-e-rames-me-drejtuesit-e-ps-kush-jane-ndryshimet-ne-qeveri-qe-priten-emrat-e-rinj-qe-do-te-vijne\/","url_meta":{"origin":17940,"position":1},"title":"Mbledhja e Ram\u00ebs me drejtuesit e PS\/ Kush jan\u00eb ndryshimet n\u00eb qeveri q\u00eb priten. Emrat e rinj q\u00eb do t\u00eb vijn\u00eb","author":"Kurt Farka","date":"May 13, 2021","format":false,"excerpt":"Mbledhja e Ram\u00ebs me drejtuesit e PS\/ Kush jan\u00eb ndryshimet n\u00eb qeveri q\u00eb priten. Emrat e rinj q\u00eb do t\u00eb vijn\u00eb - 13.05.21 Dit\u00ebn e djeshme kryeministri Rama mblodhi n\u00eb Dajt kabinetin e tij t\u00eb qeveris\u00eb. N\u00eb takimin e mbajtur larg kamerave flitet t\u00eb jet\u00eb diskutuar p\u00ebr ndryshime me r\u00ebnd\u00ebsi,\u2026","rel":"","context":"In &quot;Blogu i Udh\u00ebtarit&quot;","block_context":{"text":"Blogu i Udh\u00ebtarit","link":"https:\/\/www.shqiperia.com\/blog\/category\/blogu-i-udhetarit\/"},"img":{"alt_text":"","src":"https:\/\/i0.wp.com\/www.shqiperia.com\/blog\/wp-content\/uploads\/2021\/05\/Edi-Rama-2-1-1.png?fit=599%2C353&ssl=1&resize=350%2C200","width":350,"height":200,"srcset":"https:\/\/i0.wp.com\/www.shqiperia.com\/blog\/wp-content\/uploads\/2021\/05\/Edi-Rama-2-1-1.png?fit=599%2C353&ssl=1&resize=350%2C200 1x, https:\/\/i0.wp.com\/www.shqiperia.com\/blog\/wp-content\/uploads\/2021\/05\/Edi-Rama-2-1-1.png?fit=599%2C353&ssl=1&resize=525%2C300 1.5x"},"classes":[]},{"id":21619,"url":"https:\/\/www.shqiperia.com\/blog\/analiza-kuvendi-pa-140-deputete-pse-presidenti-duhet-te-vendose-shperndarjen-e-parlamentit\/","url_meta":{"origin":17940,"position":2},"title":"Analiza\/ \u201cKuvendi pa 140 deputet\u00eb, pse Presidenti duhet t\u00eb vendos\u00eb shp\u00ebrndarjen e Parlamentit\u201d. &#8211;","author":"Kurt Farka","date":"May 28, 2019","format":false,"excerpt":"Analiza\/ \u201cKuvendi pa 140 deputet\u00eb, pse Presidenti duhet t\u00eb vendos\u00eb shp\u00ebrndarjen e Parlamentit\u201d. - 28 maji, 2019 Nga Gentian Gaba Edhe nj\u00ebher\u00eb, p\u00ebr t\u00eb cituar shkrimtarin rumun Constantin Virgil Gheorghiu, jemi n\u00eb or\u00ebn e 25-t\u00eb. Nj\u00eb koh\u00eb pa koh\u00eb nga e cila shqiptar\u00ebt presin, in extremis, zgjidhjen e nj\u00eb krize\u2026","rel":"","context":"In &quot;Blogu i Udh\u00ebtarit&quot;","block_context":{"text":"Blogu i Udh\u00ebtarit","link":"https:\/\/www.shqiperia.com\/blog\/category\/blogu-i-udhetarit\/"},"img":{"alt_text":"","src":"https:\/\/i0.wp.com\/www.shqiperia.com\/blog\/wp-content\/uploads\/2019\/05\/1280px-Diagrama_e_Kuvendit_t%C3%AB_Shqip%C3%ABris%C3%AB_2017.svg_.png?fit=1200%2C638&ssl=1&resize=350%2C200","width":350,"height":200,"srcset":"https:\/\/i0.wp.com\/www.shqiperia.com\/blog\/wp-content\/uploads\/2019\/05\/1280px-Diagrama_e_Kuvendit_t%C3%AB_Shqip%C3%ABris%C3%AB_2017.svg_.png?fit=1200%2C638&ssl=1&resize=350%2C200 1x, https:\/\/i0.wp.com\/www.shqiperia.com\/blog\/wp-content\/uploads\/2019\/05\/1280px-Diagrama_e_Kuvendit_t%C3%AB_Shqip%C3%ABris%C3%AB_2017.svg_.png?fit=1200%2C638&ssl=1&resize=525%2C300 1.5x, https:\/\/i0.wp.com\/www.shqiperia.com\/blog\/wp-content\/uploads\/2019\/05\/1280px-Diagrama_e_Kuvendit_t%C3%AB_Shqip%C3%ABris%C3%AB_2017.svg_.png?fit=1200%2C638&ssl=1&resize=700%2C400 2x, https:\/\/i0.wp.com\/www.shqiperia.com\/blog\/wp-content\/uploads\/2019\/05\/1280px-Diagrama_e_Kuvendit_t%C3%AB_Shqip%C3%ABris%C3%AB_2017.svg_.png?fit=1200%2C638&ssl=1&resize=1050%2C600 3x"},"classes":[]},{"id":91992,"url":"https:\/\/www.shqiperia.com\/blog\/lufte-per-pushtet-ne-zemer-te-ps-kandidatet-per-deputete-te-veliajt-sfidojne-garden-e-rames-ne-zgjedhjet-e-2\/","url_meta":{"origin":17940,"position":3},"title":"\u201cLuft\u00eb\u201d p\u00ebr pushtet n\u00eb zem\u00ebr t\u00eb PS. \u2013 Kandidat\u00ebt p\u00ebr deputet\u00eb t\u00eb Veliajt sfidojn\u00eb \u201cgard\u00ebn\u201d e Ram\u00ebs n\u00eb zgjedhjet e\u2026","author":"Kurt Farka","date":"April 29, 2025","format":false,"excerpt":"25 Prill 2025 Partia Socialiste duket se \u00ebsht\u00eb n\u00eb prag t\u00eb nj\u00eb \u201ct\u00ebrmeti\u201d politik q\u00eb pritet t\u00eb trondit\u00eb themelet e saj. Nj\u00eb betej\u00eb e paprecedent\u00eb p\u00ebr pushtet po zhvillohet brenda vet\u00eb zemr\u00ebs s\u00eb partis\u00eb, ku dy klane t\u00eb fuqishme jan\u00eb futur n\u00eb nj\u00eb luft\u00eb t\u00eb hapur p\u00ebr kontrollin e mandateve\u2026","rel":"","context":"In &quot;Blogu i Udh\u00ebtarit&quot;","block_context":{"text":"Blogu i Udh\u00ebtarit","link":"https:\/\/www.shqiperia.com\/blog\/category\/blogu-i-udhetarit\/"},"img":{"alt_text":"","src":"https:\/\/i0.wp.com\/www.shqiperia.com\/blog\/wp-content\/uploads\/2025\/04\/foto-5-2-900x570-2.jpg?fit=900%2C524&ssl=1&resize=350%2C200","width":350,"height":200,"srcset":"https:\/\/i0.wp.com\/www.shqiperia.com\/blog\/wp-content\/uploads\/2025\/04\/foto-5-2-900x570-2.jpg?fit=900%2C524&ssl=1&resize=350%2C200 1x, https:\/\/i0.wp.com\/www.shqiperia.com\/blog\/wp-content\/uploads\/2025\/04\/foto-5-2-900x570-2.jpg?fit=900%2C524&ssl=1&resize=525%2C300 1.5x, https:\/\/i0.wp.com\/www.shqiperia.com\/blog\/wp-content\/uploads\/2025\/04\/foto-5-2-900x570-2.jpg?fit=900%2C524&ssl=1&resize=700%2C400 2x"},"classes":[]},{"id":91841,"url":"https:\/\/www.shqiperia.com\/blog\/lufte-per-pushtet-ne-zemer-te-ps-kandidatet-per-deputete-te-veliajt-sfidojne-garden-e-rames-ne-zgjedhjet-e\/","url_meta":{"origin":17940,"position":4},"title":"\u201cLuft\u00eb\u201d p\u00ebr pushtet n\u00eb zem\u00ebr t\u00eb PS. &#8211; Kandidat\u00ebt p\u00ebr deputet\u00eb t\u00eb Veliajt sfidojn\u00eb \u201cgard\u00ebn\u201d e Ram\u00ebs n\u00eb zgjedhjet e\u2026","author":"Kurt Farka","date":"April 25, 2025","format":false,"excerpt":"25 Prill 2025 Partia Socialiste duket se \u00ebsht\u00eb n\u00eb prag t\u00eb nj\u00eb \u201ct\u00ebrmeti\u201d politik q\u00eb pritet t\u00eb trondit\u00eb themelet e saj. Nj\u00eb betej\u00eb e paprecedent\u00eb p\u00ebr pushtet po zhvillohet brenda vet\u00eb zemr\u00ebs s\u00eb partis\u00eb, ku dy klane t\u00eb fuqishme jan\u00eb futur n\u00eb nj\u00eb luft\u00eb t\u00eb hapur p\u00ebr kontrollin e mandateve\u2026","rel":"","context":"In &quot;Blogu i Udh\u00ebtarit&quot;","block_context":{"text":"Blogu i Udh\u00ebtarit","link":"https:\/\/www.shqiperia.com\/blog\/category\/blogu-i-udhetarit\/"},"img":{"alt_text":"","src":"https:\/\/i0.wp.com\/www.shqiperia.com\/blog\/wp-content\/uploads\/2025\/04\/foto-5-2-900x570-1.jpg?fit=900%2C524&ssl=1&resize=350%2C200","width":350,"height":200,"srcset":"https:\/\/i0.wp.com\/www.shqiperia.com\/blog\/wp-content\/uploads\/2025\/04\/foto-5-2-900x570-1.jpg?fit=900%2C524&ssl=1&resize=350%2C200 1x, https:\/\/i0.wp.com\/www.shqiperia.com\/blog\/wp-content\/uploads\/2025\/04\/foto-5-2-900x570-1.jpg?fit=900%2C524&ssl=1&resize=525%2C300 1.5x, https:\/\/i0.wp.com\/www.shqiperia.com\/blog\/wp-content\/uploads\/2025\/04\/foto-5-2-900x570-1.jpg?fit=900%2C524&ssl=1&resize=700%2C400 2x"},"classes":[]},{"id":45021,"url":"https:\/\/www.shqiperia.com\/blog\/prec-zogaj-respekt-per-luljeta-bozo-dhe-doktoreshe-najaden-por-parlamenti-nuk-eshte-se-kuvendi-nuk-eshte-panteon-apo-tabele-nderi\/","url_meta":{"origin":17940,"position":5},"title":"Pre\u00e7 Zogaj: Respekt p\u00ebr Luljeta Bozo dhe doktoresh\u00eb Najad\u00ebn, por Parlamenti nuk \u00ebsht\u00eb\u2026 se Kuvendi nuk \u00ebsht\u00eb panteon apo tabel\u00eb nderi,","author":"Kurt Farka","date":"March 6, 2021","format":false,"excerpt":"Pre\u00e7 Zogaj: Respekt p\u00ebr Luljeta Bozo dhe doktoresh\u00eb Najad\u00ebn, por Parlamenti nuk \u00ebsht\u00eb\u2026 se Kuvendi nuk \u00ebsht\u00eb panteon apo tabel\u00eb nderi, 6 mars 2021 Pas kryeministri Edi Rama ftoi publikisht inxhinieren Luljeta Bozo dhe mjeken e Spitalit Infektiv, Najada \u00c7omo q\u00eb t\u00eb b\u00ebheshin pjes\u00eb e list\u00ebs s\u00eb kandidat\u00ebve p\u00ebr deputet\u00eb\u2026","rel":"","context":"In &quot;Blogu i Udh\u00ebtarit&quot;","block_context":{"text":"Blogu i Udh\u00ebtarit","link":"https:\/\/www.shqiperia.com\/blog\/category\/blogu-i-udhetarit\/"},"img":{"alt_text":"","src":"https:\/\/i0.wp.com\/www.shqiperia.com\/blog\/wp-content\/uploads\/2021\/03\/luljeta-bozo-780x405-1.png?fit=780%2C405&ssl=1&resize=350%2C200","width":350,"height":200,"srcset":"https:\/\/i0.wp.com\/www.shqiperia.com\/blog\/wp-content\/uploads\/2021\/03\/luljeta-bozo-780x405-1.png?fit=780%2C405&ssl=1&resize=350%2C200 1x, https:\/\/i0.wp.com\/www.shqiperia.com\/blog\/wp-content\/uploads\/2021\/03\/luljeta-bozo-780x405-1.png?fit=780%2C405&ssl=1&resize=525%2C300 1.5x, https:\/\/i0.wp.com\/www.shqiperia.com\/blog\/wp-content\/uploads\/2021\/03\/luljeta-bozo-780x405-1.png?fit=780%2C405&ssl=1&resize=700%2C400 2x"},"classes":[]}],"_links":{"self":[{"href":"https:\/\/www.shqiperia.com\/blog\/wp-json\/wp\/v2\/posts\/17940","targetHints":{"allow":["GET"]}}],"collection":[{"href":"https:\/\/www.shqiperia.com\/blog\/wp-json\/wp\/v2\/posts"}],"about":[{"href":"https:\/\/www.shqiperia.com\/blog\/wp-json\/wp\/v2\/types\/post"}],"author":[{"embeddable":true,"href":"https:\/\/www.shqiperia.com\/blog\/wp-json\/wp\/v2\/users\/9"}],"replies":[{"embeddable":true,"href":"https:\/\/www.shqiperia.com\/blog\/wp-json\/wp\/v2\/comments?post=17940"}],"version-history":[{"count":1,"href":"https:\/\/www.shqiperia.com\/blog\/wp-json\/wp\/v2\/posts\/17940\/revisions"}],"predecessor-version":[{"id":17943,"href":"https:\/\/www.shqiperia.com\/blog\/wp-json\/wp\/v2\/posts\/17940\/revisions\/17943"}],"wp:featuredmedia":[{"embeddable":true,"href":"https:\/\/www.shqiperia.com\/blog\/wp-json\/wp\/v2\/media\/17942"}],"wp:attachment":[{"href":"https:\/\/www.shqiperia.com\/blog\/wp-json\/wp\/v2\/media?parent=17940"}],"wp:term":[{"taxonomy":"category","embeddable":true,"href":"https:\/\/www.shqiperia.com\/blog\/wp-json\/wp\/v2\/categories?post=17940"},{"taxonomy":"post_tag","embeddable":true,"href":"https:\/\/www.shqiperia.com\/blog\/wp-json\/wp\/v2\/tags?post=17940"}],"curies":[{"name":"wp","href":"https:\/\/api.w.org\/{rel}","templated":true}]}}