{"id":17938,"date":"2019-03-01T18:08:34","date_gmt":"2019-03-01T18:08:34","guid":{"rendered":"http:\/\/www.shqiperia.com\/blog\/?p=17938"},"modified":"2019-03-01T18:08:34","modified_gmt":"2019-03-01T18:08:34","slug":"perplasja-per-bustin-e-skenderbeut-ne-lezhe-reagon-ministria-e-kultures","status":"publish","type":"post","link":"https:\/\/www.shqiperia.com\/blog\/perplasja-per-bustin-e-skenderbeut-ne-lezhe-reagon-ministria-e-kultures\/","title":{"rendered":"\u201cP\u00ebrplasja\u201d p\u00ebr bustin e Sk\u00ebnderbeut n\u00eb Lezh\u00eb, reagon ministria e Kultur\u00ebs"},"content":{"rendered":"<p>\u201cP\u00ebrplasja\u201d p\u00ebr bustin e Sk\u00ebnderbeut n\u00eb Lezh\u00eb, reagon ministria e Kultur\u00ebs.<\/p>\n<p><em>\u00a01 mars 2019<\/em><\/p>\n<p><strong>Pas shembjes nga IKMT, t\u00eb bazamentit ku do t\u00eb vendosej busti i Sk\u00ebnderbeut, ka reaguar Ministria e Kultur\u00ebs.<\/strong><\/p>\n<p>N\u00eb reagimin e saj Ministria sqaron se vendosja e bustit \u00ebsht\u00eb b\u00ebr\u00eb nga Bashkia Lezh\u00eb pa leje, dhe p\u00ebr k\u00ebt\u00eb arsye u mor\u00ebn masa p\u00ebr pezullimin e punimeve.<\/p>\n<p>Sipas ministris\u00eb, leja p\u00ebr vendosjen e bustit t\u00eb Heroit Komb\u00ebtar, nuk u b\u00eb p\u00ebr arsye se dokumentacionet e paraqitura nga Bashkia Lezh\u00eb kishin mang\u00ebsira.<\/p>\n<p>N\u00eb reagimin e saj, ministria b\u00ebn thirrje p\u00ebr ndalim t\u00eb punimeve, nd\u00ebrsa shton se \u00a0projekti p\u00ebr vendosjen e shtatores t\u00eb Heroit ton\u00eb Komb\u00ebtar Gjergj Kastrioti Sk\u00ebnderbeut n\u00eb sheshin \u201cGjergj Fishta\u201d, Lezh\u00eb, parashikohet t\u00eb shqyrtohet n\u00eb mbledhjen e radh\u00ebs t\u00eb K\u00ebshillit Komb\u00ebtar t\u00eb Restaurimit dhe K\u00ebshillit Komb\u00ebtar t\u00eb Arkeologjis\u00eb.<\/p>\n<p><strong>Reagimi i MInistris\u00eb:<\/strong><\/p>\n<p>N\u00eb lidhje me nd\u00ebrhyrjet n\u00eb sheshin \u201cGjergj Fishta\u201d n\u00eb Bashkin\u00eb Lezh\u00eb, Ministria e Kultur\u00ebs Ju b\u00ebn me dije se:<\/p>\n<p>Me dat\u00eb 19.02.2019 Drejtoria Rajonale e Kultur\u00ebs Komb\u00ebtare Shkod\u00ebr konstatoi kryerjen e punimeve pa leje nga ana e Bashkis\u00eb Lezh\u00eb n\u00eb sheshin \u201cGjergj Fishta\u201d dhe mori masat p\u00ebr pezullimin e \u00e7do punimi deri n\u00eb marrjen e miratimit pran\u00eb instancave p\u00ebrkat\u00ebse.<\/p>\n<p>Sheshi \u201cGjergj Fishta\u201d n\u00eb qytetin e Lezh\u00ebs ndodhet brenda zonifikimit arkeologjik, zona \u201cA\u201d, sipas Vendimit e K\u00ebshillit t\u00eb Ministrave Nr. 728, dat\u00eb 01.09.2010 \u201cP\u00ebr shpalljen e zonave arkeologjike A dhe B t\u00eb qytetit t\u00eb Lezh\u00ebs dhe miratimin e rregullores s\u00eb administrimit\u201d, p\u00ebr k\u00ebt\u00eb arsye Instituti i Monumenteve t\u00eb Kultur\u00ebs k\u00ebrkoi nga Bashkia Lezh\u00eb dor\u00ebzimin e projektit p\u00ebr shqyrtim.<\/p>\n<p>Projekti \u201cVendosja e shtatores s\u00eb Heroit ton\u00eb Komb\u00ebtar Gjergj Kastrioti Sk\u00ebnderbeut\u201d, n\u00eb sheshin \u201cGjergj Fishta\u201d, u dor\u00ebzua me mang\u00ebsi nga Bashkia Lezh\u00eb me dat\u00eb 26.02.2019 si dhe me dat\u00eb 27.02.2019.<\/p>\n<p>Duke vler\u00ebsuar situat\u00ebn Instituti i Monumenteve t\u00eb Kultur\u00ebs i drejtohet Inspektoriatit Komb\u00ebtar t\u00eb Mbrojtjes s\u00eb Territorit me dat\u00eb 27.02.2019 p\u00ebr pezullimin e punimeve dhe marrjen e masave t\u00eb menj\u00ebhershme p\u00ebr prishjen e punimeve t\u00eb kryera n\u00eb kund\u00ebrshtim me ligjin nga Bashkia Lezh\u00eb dhe kthimin e territorit n\u00eb gjendjen e m\u00ebparshme.<\/p>\n<p>Aktualisht, projekti p\u00ebr vendosjen e shtatores t\u00eb Heroit ton\u00eb Komb\u00ebtar Gjergj Kastrioti Sk\u00ebnderbeut n\u00eb sheshin \u201cGjergj Fishta\u201d, Lezh\u00eb, parashikohet t\u00eb shqyrtohet n\u00eb mbledhjen e radh\u00ebs t\u00eb K\u00ebshillit Komb\u00ebtar t\u00eb Restaurimit dhe K\u00ebshillit Komb\u00ebtar t\u00eb Arkeologjis\u00eb.<\/p>\n","protected":false},"excerpt":{"rendered":"<p>\u201cP\u00ebrplasja\u201d p\u00ebr bustin e Sk\u00ebnderbeut n\u00eb Lezh\u00eb, reagon ministria e Kultur\u00ebs. \u00a01 mars 2019 Pas shembjes nga IKMT, t\u00eb bazamentit ku do t\u00eb vendosej busti i Sk\u00ebnderbeut, ka reaguar Ministria e Kultur\u00ebs. N\u00eb reagimin e saj Ministria sqaron se vendosja e bustit \u00ebsht\u00eb b\u00ebr\u00eb nga Bashkia Lezh\u00eb pa leje, dhe p\u00ebr k\u00ebt\u00eb arsye u mor\u00ebn [&hellip;]<\/p>\n","protected":false},"author":9,"featured_media":0,"comment_status":"open","ping_status":"open","sticky":false,"template":"","format":"standard","meta":{"jetpack_post_was_ever_published":false,"_jetpack_newsletter_access":"","_jetpack_dont_email_post_to_subs":false,"_jetpack_newsletter_tier_id":0,"_jetpack_memberships_contains_paywalled_content":false,"_jetpack_memberships_contains_paid_content":false,"footnotes":"","jetpack_publicize_message":"","jetpack_publicize_feature_enabled":true,"jetpack_social_post_already_shared":true,"jetpack_social_options":{"image_generator_settings":{"template":"highway","default_image_id":0,"font":"","enabled":false},"version":2}},"categories":[27,10,35],"tags":[],"class_list":["post-17938","post","type-post","status-publish","format-standard","hentry","category-blogu-i-udhetarit","category-kultura","category-shoqerore"],"jetpack_publicize_connections":[],"jetpack_featured_media_url":"","jetpack_sharing_enabled":true,"jetpack_shortlink":"https:\/\/wp.me\/p5Z6wp-4Fk","jetpack-related-posts":[{"id":17961,"url":"https:\/\/www.shqiperia.com\/blog\/ikmt-i-prishi-bazamentin-ja-monumenti-i-skenderbeut-qe-do-vendosej-ne-lezhe\/","url_meta":{"origin":17938,"position":0},"title":"IKMT i prishi bazamentin, ja monumenti i Sk\u00ebnderbeut q\u00eb do vendosej n\u00eb Lezh\u00eb.","author":"Kurt Farka","date":"March 2, 2019","format":false,"excerpt":"IKMT i prishi bazamentin, ja monumenti i Sk\u00ebnderbeut q\u00eb do vendosej n\u00eb Lezh\u00eb. \u00a02 mars 2019. Busti i Heroit ton\u00eb komb\u00ebtar, Gjergj Kastrioti Skenderbeu, q\u00eb shihet n\u00eb foto \u00ebsht\u00eb ai q\u00eb\u00a0Bashkia Lezh\u00eb kishte planifikuar\u00a0p\u00ebr ta vendosur dit\u00ebn e sotme. Ky veprim nuk u lejua nga Ministria e Kultur\u00ebs, e cila\u2026","rel":"","context":"In &quot;Blogu i Udh\u00ebtarit&quot;","block_context":{"text":"Blogu i Udh\u00ebtarit","link":"https:\/\/www.shqiperia.com\/blog\/category\/blogu-i-udhetarit\/"},"img":{"alt_text":"","src":"https:\/\/i0.wp.com\/www.shqiperia.com\/blog\/wp-content\/uploads\/2019\/03\/busti-Copy.jpg?fit=498%2C960&ssl=1&resize=350%2C200","width":350,"height":200},"classes":[]},{"id":12199,"url":"https:\/\/www.shqiperia.com\/blog\/konkurs-per-shtatoren-e-skenderbeut-ne-lezhe-25-foto\/","url_meta":{"origin":17938,"position":1},"title":"Konkurs per shtatoren e Skenderbeut ne Lezhe. &#8211; (25 foto).","author":"Kurt Farka","date":"October 4, 2018","format":false,"excerpt":"Konkurs per shtatoren e Skenderbeut ne Lezhe. -(25 foto ) -Bashkia Lezh\u00eb zhvilloi sot konkursin p\u00ebr p\u00ebrzgjedhjen e modelit m\u00eb t\u00eb mir\u00eb nga t\u00eb gjith\u00eb bocetet e punuara nga skulptor\u00ebt pjes\u00ebmarr\u00ebs n\u00eb konkurim, konform tematik\u00ebs \"Bes\u00eblidhja e Lezh\u00ebs\", p\u00ebr realizimin e shtatores monumentale prej bronzi t\u00eb Heroit ton\u00eb Komb\u00ebtar Gjergj\u2026","rel":"","context":"In &quot;Histori&quot;","block_context":{"text":"Histori","link":"https:\/\/www.shqiperia.com\/blog\/category\/histori\/"},"img":{"alt_text":"","src":"https:\/\/i0.wp.com\/www.shqiperia.com\/blog\/wp-content\/uploads\/2018\/10\/1-Konkurs-per-shtatoren-e-Skenderbeut-ne-Lezhe.-18.jpg?fit=901%2C429&ssl=1&resize=350%2C200","width":350,"height":200,"srcset":"https:\/\/i0.wp.com\/www.shqiperia.com\/blog\/wp-content\/uploads\/2018\/10\/1-Konkurs-per-shtatoren-e-Skenderbeut-ne-Lezhe.-18.jpg?fit=901%2C429&ssl=1&resize=350%2C200 1x, https:\/\/i0.wp.com\/www.shqiperia.com\/blog\/wp-content\/uploads\/2018\/10\/1-Konkurs-per-shtatoren-e-Skenderbeut-ne-Lezhe.-18.jpg?fit=901%2C429&ssl=1&resize=525%2C300 1.5x, https:\/\/i0.wp.com\/www.shqiperia.com\/blog\/wp-content\/uploads\/2018\/10\/1-Konkurs-per-shtatoren-e-Skenderbeut-ne-Lezhe.-18.jpg?fit=901%2C429&ssl=1&resize=700%2C400 2x"},"classes":[]},{"id":80629,"url":"https:\/\/www.shqiperia.com\/blog\/perurohet-ne-gjakove-shtatorja-i-heroit-kombetar-gjergj-kastriot-skenderbeut\/","url_meta":{"origin":17938,"position":2},"title":"P\u00ebrurohet n\u00eb Gjakov\u00eb, shtatorja  i Heroit Komb\u00ebtar, Gjergj Kastriot Sk\u00ebnderbeut","author":"Kurt Farka","date":"May 4, 2024","format":false,"excerpt":"4 Maji 2024 N\u00eb Gjakov\u00eb \u00ebsht\u00eb p\u00ebruruar dit\u00ebn e sotme shtatorja i Heroit Komb\u00ebtar t\u00eb Shqip\u00ebtar\u00ebve, Gjergj Kastriot Sk\u00ebnderbeut. Monumenti, i cili pasqyron Gjergj Kastriotin mbi kal\u00eb, u prezantua dit\u00ebn e sotme n\u00eb parkun e qytetit t\u00eb Gjakov\u00ebs. N\u00eb ceremonin\u00eb e zbulimit t\u00eb bustit, e cila p\u00ebrkon me 25-jetorin e\u2026","rel":"","context":"In &quot;Arte&quot;","block_context":{"text":"Arte","link":"https:\/\/www.shqiperia.com\/blog\/category\/arte\/"},"img":{"alt_text":"","src":"https:\/\/i0.wp.com\/www.shqiperia.com\/blog\/wp-content\/uploads\/2024\/05\/640-0-819d07ec230f92e642a4c2a720041509.jpg?fit=640%2C427&ssl=1&resize=350%2C200","width":350,"height":200,"srcset":"https:\/\/i0.wp.com\/www.shqiperia.com\/blog\/wp-content\/uploads\/2024\/05\/640-0-819d07ec230f92e642a4c2a720041509.jpg?fit=640%2C427&ssl=1&resize=350%2C200 1x, https:\/\/i0.wp.com\/www.shqiperia.com\/blog\/wp-content\/uploads\/2024\/05\/640-0-819d07ec230f92e642a4c2a720041509.jpg?fit=640%2C427&ssl=1&resize=525%2C300 1.5x"},"classes":[]},{"id":44849,"url":"https:\/\/www.shqiperia.com\/blog\/577-vjetori-i-beselidhjes-se-lezhes-sjell-ne-qytet-albin-kurtin-ziadin-selen-e-nik-gjeloshajn-me-flamuj-kuqezi-marshojne-para-memorialit-te-skenderbeut\/","url_meta":{"origin":17938,"position":3},"title":"577 vjetori i Bes\u00eblidhjes s\u00eb Lezh\u00ebs sjell n\u00eb qytet Albin Kurtin, Ziadin Sel\u00ebn e Nik Gjeloshajn, me flamuj kuqezi marshojn\u00eb para memorialit t\u00eb Sk\u00ebnderbeut","author":"Kurt Farka","date":"March 2, 2021","format":false,"excerpt":"577 vjetori i Bes\u00eblidhjes s\u00eb Lezh\u00ebs sjell n\u00eb qytet Albin Kurtin, Ziadin Sel\u00ebn e Nik Gjeloshajn, me flamuj kuqezi marshojn\u00eb para memorialit t\u00eb Sk\u00ebnderbeut 2 mars 2021 577 vjetori i Bes\u00eblidhjes s\u00eb Lezh\u00ebs ka b\u00ebr\u00eb bashk\u00eb kryeministrin e ardhsh\u00ebm t\u00eb Kosov\u00ebs, Albin Kurti, Kryetarin e Aleanc\u00ebs p\u00ebr Shqiptar\u00ebt n\u00eb Maqedoni,\u2026","rel":"","context":"In &quot;Blogu i Udh\u00ebtarit&quot;","block_context":{"text":"Blogu i Udh\u00ebtarit","link":"https:\/\/www.shqiperia.com\/blog\/category\/blogu-i-udhetarit\/"},"img":{"alt_text":"","src":"https:\/\/i0.wp.com\/www.shqiperia.com\/blog\/wp-content\/uploads\/2021\/03\/Screenshot_20210302-120439_Facebook-1-905x450-1.jpg?fit=905%2C450&ssl=1&resize=350%2C200","width":350,"height":200,"srcset":"https:\/\/i0.wp.com\/www.shqiperia.com\/blog\/wp-content\/uploads\/2021\/03\/Screenshot_20210302-120439_Facebook-1-905x450-1.jpg?fit=905%2C450&ssl=1&resize=350%2C200 1x, https:\/\/i0.wp.com\/www.shqiperia.com\/blog\/wp-content\/uploads\/2021\/03\/Screenshot_20210302-120439_Facebook-1-905x450-1.jpg?fit=905%2C450&ssl=1&resize=525%2C300 1.5x, https:\/\/i0.wp.com\/www.shqiperia.com\/blog\/wp-content\/uploads\/2021\/03\/Screenshot_20210302-120439_Facebook-1-905x450-1.jpg?fit=905%2C450&ssl=1&resize=700%2C400 2x"},"classes":[]},{"id":78299,"url":"https:\/\/www.shqiperia.com\/blog\/shembet-banesa-monument-kulture-ne-lezhe-ministria-e-kultures-nuk-nderhyri\/","url_meta":{"origin":17938,"position":4},"title":"Shembet banesa monument kulture n\u00eb Lezh\u00eb, Ministria e Kultur\u00ebs nuk nd\u00ebrhyri","author":"Kurt Farka","date":"February 14, 2024","format":false,"excerpt":"14 Shkurt 2024 P\u00ebr shkak t\u00eb mosnd\u00ebrhyrjes nj\u00eb tjet\u00ebr objekt monument kulture u kthye n\u00eb g\u00ebrmadh\u00eb. Sht\u00ebpia e Zekajve n\u00eb lagjen \"Sheher\" t\u00eb qytetit t\u00eb Lezh\u00ebs ishte banes\u00eb dy kat\u00ebshe karakteristike qytetare q\u00eb dikur sh\u00ebrbente si muze dhe mbante statusin monument kulture i kategoris\u00eb s\u00eb par\u00eb. Por objekti q\u00eb nuk\u2026","rel":"","context":"In &quot;Blogu i Udh\u00ebtarit&quot;","block_context":{"text":"Blogu i Udh\u00ebtarit","link":"https:\/\/www.shqiperia.com\/blog\/category\/blogu-i-udhetarit\/"},"img":{"alt_text":"","src":"https:\/\/i0.wp.com\/www.shqiperia.com\/blog\/wp-content\/uploads\/2024\/02\/800-0-65cc5abbb6738.jpg?fit=800%2C453&ssl=1&resize=350%2C200","width":350,"height":200,"srcset":"https:\/\/i0.wp.com\/www.shqiperia.com\/blog\/wp-content\/uploads\/2024\/02\/800-0-65cc5abbb6738.jpg?fit=800%2C453&ssl=1&resize=350%2C200 1x, https:\/\/i0.wp.com\/www.shqiperia.com\/blog\/wp-content\/uploads\/2024\/02\/800-0-65cc5abbb6738.jpg?fit=800%2C453&ssl=1&resize=525%2C300 1.5x, https:\/\/i0.wp.com\/www.shqiperia.com\/blog\/wp-content\/uploads\/2024\/02\/800-0-65cc5abbb6738.jpg?fit=800%2C453&ssl=1&resize=700%2C400 2x"},"classes":[]},{"id":1000,"url":"https:\/\/www.shqiperia.com\/blog\/portreti-skenderbeut-nga-murat-toptani-vepra-e-pare-e-rilindjes-kombetare\/","url_meta":{"origin":17938,"position":5},"title":"Portreti i \u201cSk\u00ebnderbeut\u201d nga Murat Toptani \u2013 vepra e par\u00eb e Rilindjes Komb\u00ebtare","author":"Kurt Farka","date":"January 11, 2018","format":false,"excerpt":"Murat Toptani, si mjesht\u00ebr me talent dhe prirje q\u00eb kishte n\u00eb \u00e7do gj\u00eb, e punoi bustin e Sk\u00ebnderbeut n\u00eb bronz, gjat\u00eb q\u00ebndrimit n\u00eb Kalabri, me sa dihet i pari skulptor shqiptar, q\u00eb i kushtoi nj\u00eb bust heroit komb\u00ebtar, nd\u00ebrsa m\u00eb von\u00eb n\u00eb vitin 1917, ai e gdhendi dhe nj\u00eb bust\u2026","rel":"","context":"In &quot;Arte&quot;","block_context":{"text":"Arte","link":"https:\/\/www.shqiperia.com\/blog\/category\/arte\/"},"img":{"alt_text":"","src":"https:\/\/i0.wp.com\/www.shqiperia.com\/blog\/wp-content\/uploads\/2018\/01\/Murat-Toptani.jpg?fit=541%2C929&ssl=1&resize=350%2C200","width":350,"height":200,"srcset":"https:\/\/i0.wp.com\/www.shqiperia.com\/blog\/wp-content\/uploads\/2018\/01\/Murat-Toptani.jpg?fit=541%2C929&ssl=1&resize=350%2C200 1x, https:\/\/i0.wp.com\/www.shqiperia.com\/blog\/wp-content\/uploads\/2018\/01\/Murat-Toptani.jpg?fit=541%2C929&ssl=1&resize=525%2C300 1.5x"},"classes":[]}],"_links":{"self":[{"href":"https:\/\/www.shqiperia.com\/blog\/wp-json\/wp\/v2\/posts\/17938","targetHints":{"allow":["GET"]}}],"collection":[{"href":"https:\/\/www.shqiperia.com\/blog\/wp-json\/wp\/v2\/posts"}],"about":[{"href":"https:\/\/www.shqiperia.com\/blog\/wp-json\/wp\/v2\/types\/post"}],"author":[{"embeddable":true,"href":"https:\/\/www.shqiperia.com\/blog\/wp-json\/wp\/v2\/users\/9"}],"replies":[{"embeddable":true,"href":"https:\/\/www.shqiperia.com\/blog\/wp-json\/wp\/v2\/comments?post=17938"}],"version-history":[{"count":1,"href":"https:\/\/www.shqiperia.com\/blog\/wp-json\/wp\/v2\/posts\/17938\/revisions"}],"predecessor-version":[{"id":17939,"href":"https:\/\/www.shqiperia.com\/blog\/wp-json\/wp\/v2\/posts\/17938\/revisions\/17939"}],"wp:attachment":[{"href":"https:\/\/www.shqiperia.com\/blog\/wp-json\/wp\/v2\/media?parent=17938"}],"wp:term":[{"taxonomy":"category","embeddable":true,"href":"https:\/\/www.shqiperia.com\/blog\/wp-json\/wp\/v2\/categories?post=17938"},{"taxonomy":"post_tag","embeddable":true,"href":"https:\/\/www.shqiperia.com\/blog\/wp-json\/wp\/v2\/tags?post=17938"}],"curies":[{"name":"wp","href":"https:\/\/api.w.org\/{rel}","templated":true}]}}