{"id":17934,"date":"2019-02-25T13:37:18","date_gmt":"2019-02-25T13:37:18","guid":{"rendered":"http:\/\/www.shqiperia.com\/blog\/?p=17934"},"modified":"2019-02-25T13:37:18","modified_gmt":"2019-02-25T13:37:18","slug":"oscari-i-surprizave-fiton-green-book-malek-dhe-colman-aktoret-me-te-mire","status":"publish","type":"post","link":"https:\/\/www.shqiperia.com\/blog\/oscari-i-surprizave-fiton-green-book-malek-dhe-colman-aktoret-me-te-mire\/","title":{"rendered":"Oscari i surprizave, fiton Green Book, Malek dhe Colman aktor\u00ebt m\u00eb t\u00eb mir\u00eb"},"content":{"rendered":"<p><em>Botuar ne: A2news<\/em><\/p>\n<p>Edicioni i 91-t\u00eb i Academy Awards, t\u00eb njohur bot\u00ebrisht si \u00e7mimet Oskar, dhuroi disa surpriza nat\u00ebn q\u00eb kaloi.<\/p>\n<p>Mbi t\u00eb gjitha surprizat erdh\u00ebn n\u00eb kategorin\u00eb \u201cBest movie\u201d, pra filmin m\u00eb t\u00eb mir\u00eb, q\u00eb u fitua nga Green Book, historia e miq\u00ebsis\u00eb midis nj\u00eb pianisti afroamerikan (Mahershala Ali, q\u00eb fitoi edhe \u00e7mimin p\u00ebr aktorin jo protagonist\u201d dhe nj\u00eb italoamerikani.<\/p>\n<p>Filmi fitoi kund\u00ebr parashikimeve q\u00eb shihnin \u201cRoma\u201d e meksikanit Alfonso Quaron si favorit, q\u00eb gjithsesi u ngush\u00ebllua me statuj\u00ebn si regjisor m\u00eb i mir\u00eb dhe at\u00eb t\u00eb filmit m\u00eb t\u00eb mir\u00eb t\u00eb huaj.<\/p>\n<p>N\u00eb kategorin\u00eb e Aktorit m\u00eb t\u00eb Mir\u00eb, triumfi ishte m\u00eb i parashikuesh\u00ebm, ai i Rami Malek p\u00ebr rolin mbres\u00ebl\u00ebn\u00ebs e Freddy Mercury n\u00eb Bohemian Rapsody, film q\u00eb mori edhe tre \u00e7mime t\u00eb tjera kryesisht p\u00ebr efektet muzikore.<\/p>\n<p>Aktorja m\u00eb e mir\u00eb u gjykua Olivia Colman p\u00ebr filmin \u201cThe favourite\u201d e regjisorit grek Yorgos Lanthimos, edhe kjo nj\u00eb surpriz\u00eb sepse parashikimet ishin t\u00eb gjith\u00eb p\u00ebr Glenn Close ne filmin \u201cThe wife\u201d.<\/p>\n<p>Regjisori Spike Lee fitoi Oskarin e tij t\u00eb par\u00eb, ne kategorin\u00eb skenarit m\u00eb t\u00eb mir\u00eb, me filmin BlacKkKlansman.<\/p>\n<p>K\u00ebnga m\u00eb e mir\u00eb u shpall \u201cShallow\u201d e Lady Gag\u00ebs, n\u00eb filmin \u201cA star is born\u201d, ku interpreton bashk\u00eb me Bradley Cooper.<\/p>\n<p>Efektet speciale u dominuan nga \u201cBlack Panther\u201d, i cili fitoi tre statuja.<\/p>\n","protected":false},"excerpt":{"rendered":"<p>Botuar ne: A2news Edicioni i 91-t\u00eb i Academy Awards, t\u00eb njohur bot\u00ebrisht si \u00e7mimet Oskar, dhuroi disa surpriza nat\u00ebn q\u00eb kaloi. Mbi t\u00eb gjitha surprizat erdh\u00ebn n\u00eb kategorin\u00eb \u201cBest movie\u201d, pra filmin m\u00eb t\u00eb mir\u00eb, q\u00eb u fitua nga Green Book, historia e miq\u00ebsis\u00eb midis nj\u00eb pianisti afroamerikan (Mahershala Ali, q\u00eb fitoi edhe \u00e7mimin p\u00ebr [&hellip;]<\/p>\n","protected":false},"author":1,"featured_media":17935,"comment_status":"open","ping_status":"open","sticky":false,"template":"","format":"standard","meta":{"jetpack_post_was_ever_published":false,"_jetpack_newsletter_access":"","_jetpack_dont_email_post_to_subs":false,"_jetpack_newsletter_tier_id":0,"_jetpack_memberships_contains_paywalled_content":false,"_jetpack_memberships_contains_paid_content":false,"footnotes":"","jetpack_publicize_message":"","jetpack_publicize_feature_enabled":true,"jetpack_social_post_already_shared":true,"jetpack_social_options":{"image_generator_settings":{"template":"highway","default_image_id":0,"font":"","enabled":false},"version":2}},"categories":[87],"tags":[],"class_list":["post-17934","post","type-post","status-publish","format-standard","has-post-thumbnail","hentry","category-arte"],"jetpack_publicize_connections":[],"jetpack_featured_media_url":"https:\/\/i0.wp.com\/www.shqiperia.com\/blog\/wp-content\/uploads\/2019\/02\/oskar-2019.jpg?fit=1024%2C576&ssl=1","jetpack_sharing_enabled":true,"jetpack_shortlink":"https:\/\/wp.me\/p5Z6wp-4Fg","jetpack-related-posts":[{"id":47591,"url":"https:\/\/www.shqiperia.com\/blog\/perfundon-me-sukses-edicioni-i-10-te-i-festivalit-nderkombetar-te-filmberesve-ne-nju-jork-iffny\/","url_meta":{"origin":17934,"position":0},"title":"P\u00ebrfundon me sukses edicioni i 10-t\u00eb i Festivalit Nd\u00ebrkomb\u00ebtar t\u00eb Filmb\u00ebr\u00ebsve n\u00eb Nju Jork IFFNY","author":"shqiperia","date":"June 3, 2021","format":false,"excerpt":"P\u00ebrgatiti E.B., Nju Jork Festivali Nd\u00ebrkomb\u00ebtar i Filmb\u00ebr\u00ebsve n\u00eb Nju Jork (IFFNY) \u00ebsht\u00eb nj\u00eb nga festivalet e njohura t\u00eb filmit n\u00eb Nju Jork q\u00eb lidh audienc\u00ebn amerikane me kineman\u00eb nd\u00ebrkomb\u00ebtare. Me rastin e 10-vjetorit, festivali sh\u00ebnoi nj\u00eb tjet\u00ebr moment historik - 100 filma p\u00ebr nder t\u00eb 10 viteve t\u00eb historis\u00eb\u2026","rel":"","context":"In &quot;Kultura&quot;","block_context":{"text":"Kultura","link":"https:\/\/www.shqiperia.com\/blog\/category\/kultura\/"},"img":{"alt_text":"Amina Zhaman, Mrika Krasniqi, Ermira Babamusta, Kaufman Studios Nju Jork","src":"https:\/\/i0.wp.com\/www.shqiperia.com\/blog\/wp-content\/uploads\/2021\/06\/Amina-Zhaman-Mrika-Krasniqi-Ermira-Babamusta-Kaufman-Studios-Nju-Jork.jpg?fit=1200%2C800&ssl=1&resize=350%2C200","width":350,"height":200,"srcset":"https:\/\/i0.wp.com\/www.shqiperia.com\/blog\/wp-content\/uploads\/2021\/06\/Amina-Zhaman-Mrika-Krasniqi-Ermira-Babamusta-Kaufman-Studios-Nju-Jork.jpg?fit=1200%2C800&ssl=1&resize=350%2C200 1x, https:\/\/i0.wp.com\/www.shqiperia.com\/blog\/wp-content\/uploads\/2021\/06\/Amina-Zhaman-Mrika-Krasniqi-Ermira-Babamusta-Kaufman-Studios-Nju-Jork.jpg?fit=1200%2C800&ssl=1&resize=525%2C300 1.5x, https:\/\/i0.wp.com\/www.shqiperia.com\/blog\/wp-content\/uploads\/2021\/06\/Amina-Zhaman-Mrika-Krasniqi-Ermira-Babamusta-Kaufman-Studios-Nju-Jork.jpg?fit=1200%2C800&ssl=1&resize=700%2C400 2x, https:\/\/i0.wp.com\/www.shqiperia.com\/blog\/wp-content\/uploads\/2021\/06\/Amina-Zhaman-Mrika-Krasniqi-Ermira-Babamusta-Kaufman-Studios-Nju-Jork.jpg?fit=1200%2C800&ssl=1&resize=1050%2C600 3x"},"classes":[]},{"id":25,"url":"https:\/\/www.shqiperia.com\/blog\/kerkimi-i-best-buy-award-tregon-se-shqiptaret-preferojne-samsung-adidas-dhe-nestle\/","url_meta":{"origin":17934,"position":1},"title":"K\u00ebrkimi i Best Buy Award tregon se shqiptar\u00ebt preferojn\u00eb Samsung, Adidas dhe Nestl\u00e9","author":"shqiperia","date":"April 15, 2015","format":false,"excerpt":"K\u00cbRKIMI: Best Buy Award \u2013 SHQIP\u00cbRI 2015\/2016 K\u00ebrkimi i Best Buy Award tregon se shqiptar\u00ebt preferojn\u00eb Samsung, Adidas dhe Nestl\u00e9 K\u00ebrkimi i par\u00eb i Best Buy Award i kryer n\u00eb Republik\u00ebn e Shqip\u00ebris\u00eb ka treguar se n\u00eb lidhje me raportin midis \u00e7mimit dhe cil\u00ebsis\u00eb, qytetar\u00ebt shqiptar\u00eb klasifikojn\u00eb n\u00eb pozicionet m\u00eb\u2026","rel":"","context":"In &quot;Press Releases&quot;","block_context":{"text":"Press Releases","link":"https:\/\/www.shqiperia.com\/blog\/category\/press-releases\/"},"img":{"alt_text":"","src":"","width":0,"height":0},"classes":[]},{"id":30281,"url":"https:\/\/www.shqiperia.com\/blog\/joker-kryeson-nominimet-bafta-vleresime-te-shumta-edhe-per-irishman\/","url_meta":{"origin":17934,"position":2},"title":"\u201cJoker\u201d kryeson nominimet \u201cBafta\u201d, vler\u00ebsime t\u00eb shumta edhe p\u00ebr \u201cIrishman\u201d","author":"Kurt Farka","date":"January 12, 2020","format":false,"excerpt":"\u201cJoker\u201d kryeson nominimet \u201cBafta\u201d, vler\u00ebsime t\u00eb shumta edhe p\u00ebr \u201cIrishman\u201d Pas suksesit n\u00eb ceremonin\u00eb e cmimeve Golden Globes, Joker kryeson list\u00ebn e nominimeve n\u00eb edicionin e 73 t\u00eb cmimeve t\u00eb akademis\u00eb britanike t\u00eb filmit, Bafta. Drama me protagonist Joaquin Phoenix dhe regjisor Todd Philips duket se do t\u00eb mbizotwrojw mbr\u00ebmjen,\u2026","rel":"","context":"In &quot;Arte&quot;","block_context":{"text":"Arte","link":"https:\/\/www.shqiperia.com\/blog\/category\/arte\/"},"img":{"alt_text":"","src":"https:\/\/i0.wp.com\/www.shqiperia.com\/blog\/wp-content\/uploads\/2020\/01\/joker.jpg?fit=800%2C450&ssl=1&resize=350%2C200","width":350,"height":200,"srcset":"https:\/\/i0.wp.com\/www.shqiperia.com\/blog\/wp-content\/uploads\/2020\/01\/joker.jpg?fit=800%2C450&ssl=1&resize=350%2C200 1x, https:\/\/i0.wp.com\/www.shqiperia.com\/blog\/wp-content\/uploads\/2020\/01\/joker.jpg?fit=800%2C450&ssl=1&resize=525%2C300 1.5x, https:\/\/i0.wp.com\/www.shqiperia.com\/blog\/wp-content\/uploads\/2020\/01\/joker.jpg?fit=800%2C450&ssl=1&resize=700%2C400 2x"},"classes":[]},{"id":13727,"url":"https:\/\/www.shqiperia.com\/blog\/bejne-mire-te-ulin-koken-rama-u-pergjigjet-publikisht-te-sekelldisurve\/","url_meta":{"origin":17934,"position":3},"title":"\u201cB\u00ebjn\u00eb mir\u00eb t\u00eb ulin kok\u00ebn\u201d &#8211; Rama u p\u00ebrgjigjet publikisht t\u00eb \u2018s\u00ebk\u00eblldisurve\u2019 &#8211;","author":"Kurt Farka","date":"November 14, 2018","format":false,"excerpt":"\u201cB\u00ebjn\u00eb mir\u00eb t\u00eb ulin kok\u00ebn\u201d - Rama u p\u00ebrgjigjet publikisht t\u00eb \u2018s\u00ebk\u00eblldisurve\u2019 - Kryeministri Edi Rama u ka dh\u00ebn\u00eb sot(14 nentor) publikisht p\u00ebrgjigje gjith\u00eb atyre q\u00eb i ka quajtur t\u00eb s\u00ebk\u00eblldisur nga kthimi i eshtrave t\u00eb Mid\u2019hat Frash\u00ebrit p\u00ebr t\u2019u prehur p\u00ebrfundimisht n\u00eb atdhe, sikund\u00ebr vet\u00eb e kishte l\u00ebn\u00eb amanet.\u2026","rel":"","context":"In &quot;Blogu i Udh\u00ebtarit&quot;","block_context":{"text":"Blogu i Udh\u00ebtarit","link":"https:\/\/www.shqiperia.com\/blog\/category\/blogu-i-udhetarit\/"},"img":{"alt_text":"","src":"https:\/\/i0.wp.com\/www.shqiperia.com\/blog\/wp-content\/uploads\/2018\/11\/Ceremonia-e-Rivarrimit-Mithat-Frasheri.jpg?fit=960%2C513&ssl=1&resize=350%2C200","width":350,"height":200,"srcset":"https:\/\/i0.wp.com\/www.shqiperia.com\/blog\/wp-content\/uploads\/2018\/11\/Ceremonia-e-Rivarrimit-Mithat-Frasheri.jpg?fit=960%2C513&ssl=1&resize=350%2C200 1x, https:\/\/i0.wp.com\/www.shqiperia.com\/blog\/wp-content\/uploads\/2018\/11\/Ceremonia-e-Rivarrimit-Mithat-Frasheri.jpg?fit=960%2C513&ssl=1&resize=525%2C300 1.5x, https:\/\/i0.wp.com\/www.shqiperia.com\/blog\/wp-content\/uploads\/2018\/11\/Ceremonia-e-Rivarrimit-Mithat-Frasheri.jpg?fit=960%2C513&ssl=1&resize=700%2C400 2x"},"classes":[]},{"id":63731,"url":"https:\/\/www.shqiperia.com\/blog\/ne-takimet-e-gjecovit-zym-has-29-tetor-2022\/","url_meta":{"origin":17934,"position":4},"title":"Ne TAKIMET E GJE\u00c7OVIT, Zym Has, 29 Tetor 2022","author":"Kurt Farka","date":"October 29, 2022","format":false,"excerpt":"22 Tetor 2022. TAKIMET E GJE\u00c7OVIT, T\u00cb 51-AT ME RADH\u00cb: Nga Pren Buzhala \u00c7mimin \"Pena e Gje\u00e7ovit\" e fitoi studiuesi Jaho Brahaj, nd\u00ebrsa \u00c7mimin \u201cUnaza e Katit sivjet i dhurohet dr. Prof.. Edi Shukriut. N\u00eb Zym t\u00eb Hasit, edhe sot ishte nj\u00eb fest\u00eb e v\u00ebrtet\u00eb dhe nj\u00eb dit\u00eb e bukur\u2026","rel":"","context":"In &quot;Blogu i Udh\u00ebtarit&quot;","block_context":{"text":"Blogu i Udh\u00ebtarit","link":"https:\/\/www.shqiperia.com\/blog\/category\/blogu-i-udhetarit\/"},"img":{"alt_text":"","src":"https:\/\/i0.wp.com\/www.shqiperia.com\/blog\/wp-content\/uploads\/2022\/10\/Cmimin-Pena-e-Gjecovit-e-fitoi-studiuesi-dhe-historiani-Jaho-Brahaj.jpg?fit=1200%2C593&ssl=1&resize=350%2C200","width":350,"height":200,"srcset":"https:\/\/i0.wp.com\/www.shqiperia.com\/blog\/wp-content\/uploads\/2022\/10\/Cmimin-Pena-e-Gjecovit-e-fitoi-studiuesi-dhe-historiani-Jaho-Brahaj.jpg?fit=1200%2C593&ssl=1&resize=350%2C200 1x, https:\/\/i0.wp.com\/www.shqiperia.com\/blog\/wp-content\/uploads\/2022\/10\/Cmimin-Pena-e-Gjecovit-e-fitoi-studiuesi-dhe-historiani-Jaho-Brahaj.jpg?fit=1200%2C593&ssl=1&resize=525%2C300 1.5x, https:\/\/i0.wp.com\/www.shqiperia.com\/blog\/wp-content\/uploads\/2022\/10\/Cmimin-Pena-e-Gjecovit-e-fitoi-studiuesi-dhe-historiani-Jaho-Brahaj.jpg?fit=1200%2C593&ssl=1&resize=700%2C400 2x, https:\/\/i0.wp.com\/www.shqiperia.com\/blog\/wp-content\/uploads\/2022\/10\/Cmimin-Pena-e-Gjecovit-e-fitoi-studiuesi-dhe-historiani-Jaho-Brahaj.jpg?fit=1200%2C593&ssl=1&resize=1050%2C600 3x"},"classes":[]},{"id":45324,"url":"https:\/\/www.shqiperia.com\/blog\/fituesit-e-cmimeve-grammy-beyonce-dhe-taylor-swift-bejne-historine-rremben-trofe-dhe-dua-lipa\/","url_meta":{"origin":17934,"position":5},"title":"Fituesit e \u00e7mimeve \u2018Grammy\u2019\/ Beyonce dhe Taylor Swift b\u00ebjn\u00eb historin\u00eb, rr\u00ebmben trofe dhe Dua Lipa","author":"Kurt Farka","date":"March 15, 2021","format":false,"excerpt":"Fituesit e \u00e7mimeve \u2018Grammy\u2019\/ Beyonce dhe Taylor Swift b\u00ebjn\u00eb historin\u00eb, rr\u00ebmben trofe dhe Dua Lipa 15 nmarts 2021 Beyonc\u00e9 dhe Taylor Swift, jan\u00eb femrat q\u00eb kan\u00eb shkruar historin\u00eb e ceremonis\u00eb s\u00eb Grammy Awards. Diva Beyonc\u00e9 \u00ebsht\u00eb gruaja q\u00eb ka fituar m\u00eb shum\u00eb \u00e7mime n\u00eb historin\u00eb e Grammy-t, p\u00ebr t\u00eb 28-t\u00ebn\u2026","rel":"","context":"In &quot;Kultura&quot;","block_context":{"text":"Kultura","link":"https:\/\/www.shqiperia.com\/blog\/category\/kultura\/"},"img":{"alt_text":"","src":"https:\/\/i0.wp.com\/www.shqiperia.com\/blog\/wp-content\/uploads\/2021\/03\/unnamed-2.jpg?fit=512%2C223&ssl=1&resize=350%2C200","width":350,"height":200},"classes":[]}],"_links":{"self":[{"href":"https:\/\/www.shqiperia.com\/blog\/wp-json\/wp\/v2\/posts\/17934","targetHints":{"allow":["GET"]}}],"collection":[{"href":"https:\/\/www.shqiperia.com\/blog\/wp-json\/wp\/v2\/posts"}],"about":[{"href":"https:\/\/www.shqiperia.com\/blog\/wp-json\/wp\/v2\/types\/post"}],"author":[{"embeddable":true,"href":"https:\/\/www.shqiperia.com\/blog\/wp-json\/wp\/v2\/users\/1"}],"replies":[{"embeddable":true,"href":"https:\/\/www.shqiperia.com\/blog\/wp-json\/wp\/v2\/comments?post=17934"}],"version-history":[{"count":1,"href":"https:\/\/www.shqiperia.com\/blog\/wp-json\/wp\/v2\/posts\/17934\/revisions"}],"predecessor-version":[{"id":17936,"href":"https:\/\/www.shqiperia.com\/blog\/wp-json\/wp\/v2\/posts\/17934\/revisions\/17936"}],"wp:featuredmedia":[{"embeddable":true,"href":"https:\/\/www.shqiperia.com\/blog\/wp-json\/wp\/v2\/media\/17935"}],"wp:attachment":[{"href":"https:\/\/www.shqiperia.com\/blog\/wp-json\/wp\/v2\/media?parent=17934"}],"wp:term":[{"taxonomy":"category","embeddable":true,"href":"https:\/\/www.shqiperia.com\/blog\/wp-json\/wp\/v2\/categories?post=17934"},{"taxonomy":"post_tag","embeddable":true,"href":"https:\/\/www.shqiperia.com\/blog\/wp-json\/wp\/v2\/tags?post=17934"}],"curies":[{"name":"wp","href":"https:\/\/api.w.org\/{rel}","templated":true}]}}