{"id":16202,"date":"2019-01-17T00:55:32","date_gmt":"2019-01-17T00:55:32","guid":{"rendered":"http:\/\/www.shqiperia.com\/blog\/?p=16202"},"modified":"2019-01-17T00:56:01","modified_gmt":"2019-01-17T00:56:01","slug":"monika-kryemadhi-ben-paralajmerimin-e-forte-lajme-pafund-do-te-keni-qe-neser-e-tutje","status":"publish","type":"post","link":"https:\/\/www.shqiperia.com\/blog\/monika-kryemadhi-ben-paralajmerimin-e-forte-lajme-pafund-do-te-keni-qe-neser-e-tutje\/","title":{"rendered":"Monika Kryemadhi b\u00ebn paralajm\u00ebrimin e fort\u00eb: Lajme pafund do t\u00eb keni q\u00eb nes\u00ebr e tutje. &#8211;"},"content":{"rendered":"<div id=\"attachment_16203\" style=\"width: 310px\" class=\"wp-caption alignnone\"><img data-recalc-dims=\"1\" loading=\"lazy\" decoding=\"async\" aria-describedby=\"caption-attachment-16203\" data-attachment-id=\"16203\" data-permalink=\"https:\/\/www.shqiperia.com\/blog\/monika-kryemadhi-ben-paralajmerimin-e-forte-lajme-pafund-do-te-keni-qe-neser-e-tutje\/monika_kryemadhi_5\/\" data-orig-file=\"https:\/\/i0.wp.com\/www.shqiperia.com\/blog\/wp-content\/uploads\/2019\/01\/monika_kryemadhi_5.jpg?fit=300%2C188&amp;ssl=1\" data-orig-size=\"300,188\" data-comments-opened=\"1\" data-image-meta=\"{&quot;aperture&quot;:&quot;0&quot;,&quot;credit&quot;:&quot;&quot;,&quot;camera&quot;:&quot;&quot;,&quot;caption&quot;:&quot;&quot;,&quot;created_timestamp&quot;:&quot;0&quot;,&quot;copyright&quot;:&quot;&quot;,&quot;focal_length&quot;:&quot;0&quot;,&quot;iso&quot;:&quot;0&quot;,&quot;shutter_speed&quot;:&quot;0&quot;,&quot;title&quot;:&quot;&quot;,&quot;orientation&quot;:&quot;0&quot;}\" data-image-title=\"monika_kryemadhi_5\" data-image-description=\"\" data-image-caption=\"&lt;p&gt;Monika Kryemadh&lt;\/p&gt;\n\" data-medium-file=\"https:\/\/i0.wp.com\/www.shqiperia.com\/blog\/wp-content\/uploads\/2019\/01\/monika_kryemadhi_5.jpg?fit=300%2C188&amp;ssl=1\" data-large-file=\"https:\/\/i0.wp.com\/www.shqiperia.com\/blog\/wp-content\/uploads\/2019\/01\/monika_kryemadhi_5.jpg?fit=300%2C188&amp;ssl=1\" class=\"size-medium wp-image-16203\" alt=\"\" src=\"https:\/\/i0.wp.com\/www.shqiperia.com\/blog\/wp-content\/uploads\/2019\/01\/monika_kryemadhi_5-300x188.jpg?resize=300%2C188\" width=\"300\" height=\"188\" \/><p id=\"caption-attachment-16203\" class=\"wp-caption-text\">Monika Kryemadh<\/p><\/div>\n<p><strong>Monika Kryemadhi b\u00ebn paralajm\u00ebrimin e fort\u00eb: Lajme pafund do t\u00eb keni q\u00eb nes\u00ebr e tutje. &#8211;<br \/>\n<\/strong><\/p>\n<p><strong>16\/01\/2019 \u2013 <\/strong><\/p>\n<p>Seanca plenare p\u00ebr shqyrtimin e dekreteve t\u00eb Presidentit p\u00ebr shkarkimin dhe em\u00ebrimin e ministrave t\u00eb rinj ka nisur me debate. Opozita ka k\u00ebrkuar koh\u00eb p\u00ebr t\u00eb diskutuar p\u00ebr k\u00ebto dekrete, nd\u00ebrsa maxhoranca ka deklaruar se nuk mund t\u00eb ket\u00eb diskutime pasi nuk e p\u00ebrcakton Kushtetuta, duke k\u00ebrkuar respektimin e rendit t\u00eb dit\u00ebs.<\/p>\n<p>Kjo solli q\u00eb opozita t\u00eb braktiste sall\u00ebn. N\u00eb nj\u00eb dalje p\u00ebr mediat kryetarja e LSI Monika Kryemadhi hodhi s\u00ebrish akuza p\u00ebr kryeministrin Rama.<\/p>\n<p>Gjithashtu ajo b\u00ebri edhe nj\u00eb paralajm\u00ebrim n\u00eb mbyllje t\u00eb deklarat\u00ebs.<\/p>\n<p>Kryemadhi iu drejtua gazetar\u00ebve:<\/p>\n<p>\u201cSuksese n\u00eb pun\u00ebn tuaj, se lajme pafund do t\u00eb keni q\u00eb nes\u00ebr e tutje\u201d<\/p>\n<p><strong>\/Agjensia e Lajmeve Sot News\/<\/strong><\/p>\n","protected":false},"excerpt":{"rendered":"<p>Monika Kryemadhi b\u00ebn paralajm\u00ebrimin e fort\u00eb: Lajme pafund do t\u00eb keni q\u00eb nes\u00ebr e tutje. &#8211; 16\/01\/2019 \u2013 Seanca plenare p\u00ebr shqyrtimin e dekreteve t\u00eb Presidentit p\u00ebr shkarkimin dhe em\u00ebrimin e ministrave t\u00eb rinj ka nisur me debate. Opozita ka k\u00ebrkuar koh\u00eb p\u00ebr t\u00eb diskutuar p\u00ebr k\u00ebto dekrete, nd\u00ebrsa maxhoranca ka deklaruar se nuk mund [&hellip;]<\/p>\n","protected":false},"author":9,"featured_media":16203,"comment_status":"open","ping_status":"open","sticky":false,"template":"","format":"standard","meta":{"jetpack_post_was_ever_published":false,"_jetpack_newsletter_access":"","_jetpack_dont_email_post_to_subs":false,"_jetpack_newsletter_tier_id":0,"_jetpack_memberships_contains_paywalled_content":false,"_jetpack_memberships_contains_paid_content":false,"footnotes":"","jetpack_publicize_message":"","jetpack_publicize_feature_enabled":true,"jetpack_social_post_already_shared":true,"jetpack_social_options":{"image_generator_settings":{"template":"highway","default_image_id":0,"font":"","enabled":false},"version":2}},"categories":[27,2,35],"tags":[],"class_list":["post-16202","post","type-post","status-publish","format-standard","has-post-thumbnail","hentry","category-blogu-i-udhetarit","category-politika","category-shoqerore"],"jetpack_publicize_connections":[],"jetpack_featured_media_url":"https:\/\/i0.wp.com\/www.shqiperia.com\/blog\/wp-content\/uploads\/2019\/01\/monika_kryemadhi_5.jpg?fit=300%2C188&ssl=1","jetpack_sharing_enabled":true,"jetpack_shortlink":"https:\/\/wp.me\/p5Z6wp-4dk","jetpack-related-posts":[{"id":34765,"url":"https:\/\/www.shqiperia.com\/blog\/kryemadhi-ben-reagimin-e-papritur-ndaj-ambasades-amerikane-pse-keni-frike-nga-shqiptaret\/","url_meta":{"origin":16202,"position":0},"title":"Kryemadhi b\u00ebn reagimin e papritur ndaj Ambasad\u00ebs Amerikane: &#8211; Pse keni frik\u00eb nga shqiptar\u00ebt?","author":"Kurt Farka","date":"May 18, 2020","format":false,"excerpt":"Kryemadhi b\u00ebn reagimin e papritur ndaj Ambasad\u00ebs Amerikane: - Pse keni frik\u00eb nga shqiptar\u00ebt? 18 MAJ 2020 Kryetarja e LSI, Monika Kryemadhi n\u00eb nj\u00eb intervist\u00eb p\u00ebr RTV Ora pyeti Ambasad\u00ebn Ameriken se p\u00ebrse ka frik\u00eb nga shqiptar\u00ebt, n\u00eb nj\u00eb koh\u00eb kur ne jemi populli q\u00eb i duam m\u00eb shum\u00eb. Monika\u2026","rel":"","context":"In &quot;Blogu i Udh\u00ebtarit&quot;","block_context":{"text":"Blogu i Udh\u00ebtarit","link":"https:\/\/www.shqiperia.com\/blog\/category\/blogu-i-udhetarit\/"},"img":{"alt_text":"","src":"https:\/\/i0.wp.com\/www.shqiperia.com\/blog\/wp-content\/uploads\/2020\/05\/Monika-Kryemadhi.jpg?fit=730%2C392&ssl=1&resize=350%2C200","width":350,"height":200,"srcset":"https:\/\/i0.wp.com\/www.shqiperia.com\/blog\/wp-content\/uploads\/2020\/05\/Monika-Kryemadhi.jpg?fit=730%2C392&ssl=1&resize=350%2C200 1x, https:\/\/i0.wp.com\/www.shqiperia.com\/blog\/wp-content\/uploads\/2020\/05\/Monika-Kryemadhi.jpg?fit=730%2C392&ssl=1&resize=525%2C300 1.5x, https:\/\/i0.wp.com\/www.shqiperia.com\/blog\/wp-content\/uploads\/2020\/05\/Monika-Kryemadhi.jpg?fit=730%2C392&ssl=1&resize=700%2C400 2x"},"classes":[]},{"id":44820,"url":"https:\/\/www.shqiperia.com\/blog\/monika-kryemadhi-paralajmeron-skandalin-e-kryeministrit-rama-brenda-dy-ditesh-do-denoncoj-me-fakte\/","url_meta":{"origin":16202,"position":1},"title":"Monika Kryemadhi, paralajm\u00ebron skandalin e Kryeministrit Rama: &#8211; Brenda dy dit\u00ebsh do denoncoj me fakte!","author":"Kurt Farka","date":"March 1, 2021","format":false,"excerpt":"Monika Kryemadhi, paralajm\u00ebron skandalin e Kryeministrit Rama: - Brenda dy dit\u00ebsh do denoncoj me fakte! 1 MARS 2021 Kryetarja e LSI-s\u00eb Monika Kryemadhi paralajm\u00ebron nj\u00eb denoncim shum\u00eb t\u00eb fort\u00eb p\u00ebr kryeministrin Rama dit\u00ebt n\u00eb vijim. Ajo i k\u00ebrkoi moderatorit Blendi Fevziu live q\u00eb ta ftoj\u00eb n\u00eb studio pas publikimit t\u00eb\u2026","rel":"","context":"In &quot;Blogu i Udh\u00ebtarit&quot;","block_context":{"text":"Blogu i Udh\u00ebtarit","link":"https:\/\/www.shqiperia.com\/blog\/category\/blogu-i-udhetarit\/"},"img":{"alt_text":"","src":"https:\/\/i0.wp.com\/www.shqiperia.com\/blog\/wp-content\/uploads\/2021\/03\/Monika-Kryemadhi.jpg?fit=800%2C515&ssl=1&resize=350%2C200","width":350,"height":200,"srcset":"https:\/\/i0.wp.com\/www.shqiperia.com\/blog\/wp-content\/uploads\/2021\/03\/Monika-Kryemadhi.jpg?fit=800%2C515&ssl=1&resize=350%2C200 1x, https:\/\/i0.wp.com\/www.shqiperia.com\/blog\/wp-content\/uploads\/2021\/03\/Monika-Kryemadhi.jpg?fit=800%2C515&ssl=1&resize=525%2C300 1.5x, https:\/\/i0.wp.com\/www.shqiperia.com\/blog\/wp-content\/uploads\/2021\/03\/Monika-Kryemadhi.jpg?fit=800%2C515&ssl=1&resize=700%2C400 2x"},"classes":[]},{"id":45796,"url":"https:\/\/www.shqiperia.com\/blog\/monika-kryemadhi-kjo-eshte-gruaja-qe-do-zevendesoje-ramen-ne-krye-te-partise-socialiste-pas-25-prillit\/","url_meta":{"origin":16202,"position":2},"title":"Monika Kryemadhi: &#8211; Kjo \u00ebsht\u00eb gruaja q\u00eb do z\u00ebvend\u00ebsoj\u00eb Ram\u00ebn n\u00eb krye t\u00eb Partis\u00eb Socialiste pas 25 prillit!","author":"Kurt Farka","date":"March 26, 2021","format":false,"excerpt":"Monika Kryemadhi: - Kjo \u00ebsht\u00eb gruaja q\u00eb do z\u00ebvend\u00ebsoj\u00eb Ram\u00ebn n\u00eb krye t\u00eb Partis\u00eb Socialiste pas 25 prillit! 26 MARS 2021 Kryetarja e LSI-s\u00eb Monika Kryemadhi ka b\u00ebr\u00eb nj\u00eb deklarat\u00eb t\u00eb fort\u00eb duke treguar gruan q\u00eb do t\u00eb pasoj\u00eb kryeministrin Rama n\u00eb Partin\u00eb Socialiste. Kryemadhi deklaroi se pasardh\u00ebsja e Ram\u00ebs\u2026","rel":"","context":"In &quot;Blogu i Udh\u00ebtarit&quot;","block_context":{"text":"Blogu i Udh\u00ebtarit","link":"https:\/\/www.shqiperia.com\/blog\/category\/blogu-i-udhetarit\/"},"img":{"alt_text":"","src":"https:\/\/i0.wp.com\/www.shqiperia.com\/blog\/wp-content\/uploads\/2021\/03\/800-0-605d823fdf23d.jpg?fit=800%2C400&ssl=1&resize=350%2C200","width":350,"height":200,"srcset":"https:\/\/i0.wp.com\/www.shqiperia.com\/blog\/wp-content\/uploads\/2021\/03\/800-0-605d823fdf23d.jpg?fit=800%2C400&ssl=1&resize=350%2C200 1x, https:\/\/i0.wp.com\/www.shqiperia.com\/blog\/wp-content\/uploads\/2021\/03\/800-0-605d823fdf23d.jpg?fit=800%2C400&ssl=1&resize=525%2C300 1.5x, https:\/\/i0.wp.com\/www.shqiperia.com\/blog\/wp-content\/uploads\/2021\/03\/800-0-605d823fdf23d.jpg?fit=800%2C400&ssl=1&resize=700%2C400 2x"},"classes":[]},{"id":67921,"url":"https:\/\/www.shqiperia.com\/blog\/monika-kryemadhi-shthur-gojen-ne-parlament-edi-rama-eshte-dhjaks-i-ka-mbushur-breket\/","url_meta":{"origin":16202,"position":3},"title":"Monika Kryemadhi shthur goj\u00ebn n\u00eb parlament: &#8211; Edi Rama \u00ebsht\u00eb dhjaks, i ka mbushur brek\u00ebt","author":"Kurt Farka","date":"February 13, 2023","format":false,"excerpt":"13 Shkurt 2023 Deputetja e Partis\u00eb s\u00eb Liris\u00eb, Monika Kryemadhi ka shp\u00ebrthyer me nj\u00eb fjalor t\u00eb ashp\u00ebr n\u00eb seanc\u00ebn e sotme plenare, teksa e ka quajtur kryeministrin Edi Rama si frikacak q\u00eb \u201cmbush brek\u00ebt\u201d. Teksa ka marr\u00eb fjal\u00ebn duke i k\u00ebrkuar kryetares s\u00eb kuvendit, Lindita Nikolla t\u00eb t\u00ebrhiqet nga vendimi\u2026","rel":"","context":"In &quot;Blogu i Udh\u00ebtarit&quot;","block_context":{"text":"Blogu i Udh\u00ebtarit","link":"https:\/\/www.shqiperia.com\/blog\/category\/blogu-i-udhetarit\/"},"img":{"alt_text":"","src":"https:\/\/i0.wp.com\/www.shqiperia.com\/blog\/wp-content\/uploads\/2023\/02\/ilir-meta-2.jpg?fit=1024%2C768&ssl=1&resize=350%2C200","width":350,"height":200,"srcset":"https:\/\/i0.wp.com\/www.shqiperia.com\/blog\/wp-content\/uploads\/2023\/02\/ilir-meta-2.jpg?fit=1024%2C768&ssl=1&resize=350%2C200 1x, https:\/\/i0.wp.com\/www.shqiperia.com\/blog\/wp-content\/uploads\/2023\/02\/ilir-meta-2.jpg?fit=1024%2C768&ssl=1&resize=525%2C300 1.5x, https:\/\/i0.wp.com\/www.shqiperia.com\/blog\/wp-content\/uploads\/2023\/02\/ilir-meta-2.jpg?fit=1024%2C768&ssl=1&resize=700%2C400 2x"},"classes":[]},{"id":67934,"url":"https:\/\/www.shqiperia.com\/blog\/monika-kryemadhi-shthur-gojen-ne-parlament-edi-rama-eshte-dhjaks-i-ka-mbushur-breket-2\/","url_meta":{"origin":16202,"position":4},"title":"Monika Kryemadhi shthur goj\u00ebn n\u00eb parlament: &#8211; Edi Rama \u00ebsht\u00eb dhjaks, i ka mbushur brek\u00ebt","author":"Kurt Farka","date":"February 13, 2023","format":false,"excerpt":"13 Dhjetor 2023 Deputetja e Partis\u00eb s\u00eb Liris\u00eb, Monika Kryemadhi ka shp\u00ebrthyer me nj\u00eb fjalor t\u00eb ashp\u00ebr n\u00eb seanc\u00ebn e sotme plenare, teksa e ka quajtur kryeministrin Edi Rama si frikacak q\u00eb \u201cmbush brek\u00ebt\u201d. Teksa ka marr\u00eb fjal\u00ebn duke i k\u00ebrkuar kryetares s\u00eb kuvendit, Lindita Nikolla t\u00eb t\u00ebrhiqet nga vendimi\u2026","rel":"","context":"In &quot;Blogu i Udh\u00ebtarit&quot;","block_context":{"text":"Blogu i Udh\u00ebtarit","link":"https:\/\/www.shqiperia.com\/blog\/category\/blogu-i-udhetarit\/"},"img":{"alt_text":"","src":"https:\/\/i0.wp.com\/www.shqiperia.com\/blog\/wp-content\/uploads\/2023\/02\/800-0-63ea6b5854bdc-1.png?fit=800%2C519&ssl=1&resize=350%2C200","width":350,"height":200,"srcset":"https:\/\/i0.wp.com\/www.shqiperia.com\/blog\/wp-content\/uploads\/2023\/02\/800-0-63ea6b5854bdc-1.png?fit=800%2C519&ssl=1&resize=350%2C200 1x, https:\/\/i0.wp.com\/www.shqiperia.com\/blog\/wp-content\/uploads\/2023\/02\/800-0-63ea6b5854bdc-1.png?fit=800%2C519&ssl=1&resize=525%2C300 1.5x, https:\/\/i0.wp.com\/www.shqiperia.com\/blog\/wp-content\/uploads\/2023\/02\/800-0-63ea6b5854bdc-1.png?fit=800%2C519&ssl=1&resize=700%2C400 2x"},"classes":[]},{"id":37006,"url":"https:\/\/www.shqiperia.com\/blog\/me-lahute-ne-dore-monika-kryemadhi-do-te-kujtohen-si-shkaterruesit-dhe-rrenuesit-e\/","url_meta":{"origin":16202,"position":5},"title":"Me lahut\u00eb n\u00eb dor\u00eb, Monika Kryemadhi: &#8211; Do t\u00eb kujtohen si shkat\u00ebrruesit dhe rr\u00ebnuesit e&#8230;","author":"Kurt Farka","date":"August 9, 2020","format":false,"excerpt":"Me lahut\u00eb n\u00eb dor\u00eb, Monika Kryemadhi: - Do t\u00eb kujtohen si shkat\u00ebrruesit dhe rr\u00ebnuesit e... 5 GUSHT 2020 Kryetarja e LSI Monika Kryemadhi teksa ka qen\u00eb n\u00eb Mal\u00ebsin\u00eb e Madhe ku ka zhvilluar nj\u00eb takim me strukturat e LSI, nuk l\u00eb pa hedhur akuza ndaj qeveris\u00eb Rama. Kryemadhi ka takuar\u2026","rel":"","context":"In &quot;Arte&quot;","block_context":{"text":"Arte","link":"https:\/\/www.shqiperia.com\/blog\/category\/arte\/"},"img":{"alt_text":"","src":"https:\/\/i0.wp.com\/www.shqiperia.com\/blog\/wp-content\/uploads\/2020\/08\/800-0-5f2aa8d59f22f.jpg?fit=800%2C523&ssl=1&resize=350%2C200","width":350,"height":200,"srcset":"https:\/\/i0.wp.com\/www.shqiperia.com\/blog\/wp-content\/uploads\/2020\/08\/800-0-5f2aa8d59f22f.jpg?fit=800%2C523&ssl=1&resize=350%2C200 1x, https:\/\/i0.wp.com\/www.shqiperia.com\/blog\/wp-content\/uploads\/2020\/08\/800-0-5f2aa8d59f22f.jpg?fit=800%2C523&ssl=1&resize=525%2C300 1.5x, https:\/\/i0.wp.com\/www.shqiperia.com\/blog\/wp-content\/uploads\/2020\/08\/800-0-5f2aa8d59f22f.jpg?fit=800%2C523&ssl=1&resize=700%2C400 2x"},"classes":[]}],"_links":{"self":[{"href":"https:\/\/www.shqiperia.com\/blog\/wp-json\/wp\/v2\/posts\/16202","targetHints":{"allow":["GET"]}}],"collection":[{"href":"https:\/\/www.shqiperia.com\/blog\/wp-json\/wp\/v2\/posts"}],"about":[{"href":"https:\/\/www.shqiperia.com\/blog\/wp-json\/wp\/v2\/types\/post"}],"author":[{"embeddable":true,"href":"https:\/\/www.shqiperia.com\/blog\/wp-json\/wp\/v2\/users\/9"}],"replies":[{"embeddable":true,"href":"https:\/\/www.shqiperia.com\/blog\/wp-json\/wp\/v2\/comments?post=16202"}],"version-history":[{"count":1,"href":"https:\/\/www.shqiperia.com\/blog\/wp-json\/wp\/v2\/posts\/16202\/revisions"}],"predecessor-version":[{"id":16204,"href":"https:\/\/www.shqiperia.com\/blog\/wp-json\/wp\/v2\/posts\/16202\/revisions\/16204"}],"wp:featuredmedia":[{"embeddable":true,"href":"https:\/\/www.shqiperia.com\/blog\/wp-json\/wp\/v2\/media\/16203"}],"wp:attachment":[{"href":"https:\/\/www.shqiperia.com\/blog\/wp-json\/wp\/v2\/media?parent=16202"}],"wp:term":[{"taxonomy":"category","embeddable":true,"href":"https:\/\/www.shqiperia.com\/blog\/wp-json\/wp\/v2\/categories?post=16202"},{"taxonomy":"post_tag","embeddable":true,"href":"https:\/\/www.shqiperia.com\/blog\/wp-json\/wp\/v2\/tags?post=16202"}],"curies":[{"name":"wp","href":"https:\/\/api.w.org\/{rel}","templated":true}]}}