{"id":16198,"date":"2019-01-17T00:09:44","date_gmt":"2019-01-17T00:09:44","guid":{"rendered":"http:\/\/www.shqiperia.com\/blog\/?p=16198"},"modified":"2019-01-17T00:09:44","modified_gmt":"2019-01-17T00:09:44","slug":"historia-e-kryepikturistit-qe-saldoi-dhe-beri-njesh-timonin-me-tepsine","status":"publish","type":"post","link":"https:\/\/www.shqiperia.com\/blog\/historia-e-kryepikturistit-qe-saldoi-dhe-beri-njesh-timonin-me-tepsine\/","title":{"rendered":"Historia e Kryepikturistit q\u00eb Saldoi dhe B\u00ebri Nj\u00ebsh Timonin me Tepsin\u00eb. &#8211;"},"content":{"rendered":"<p><img data-recalc-dims=\"1\" loading=\"lazy\" decoding=\"async\" data-attachment-id=\"16199\" data-permalink=\"https:\/\/www.shqiperia.com\/blog\/historia-e-kryepikturistit-qe-saldoi-dhe-beri-njesh-timonin-me-tepsine\/rama-7-770x426-905x395\/\" data-orig-file=\"https:\/\/i0.wp.com\/www.shqiperia.com\/blog\/wp-content\/uploads\/2019\/01\/Rama-7-770x426-905x395.jpg?fit=905%2C395&amp;ssl=1\" data-orig-size=\"905,395\" data-comments-opened=\"1\" data-image-meta=\"{&quot;aperture&quot;:&quot;0&quot;,&quot;credit&quot;:&quot;&quot;,&quot;camera&quot;:&quot;&quot;,&quot;caption&quot;:&quot;&quot;,&quot;created_timestamp&quot;:&quot;0&quot;,&quot;copyright&quot;:&quot;&quot;,&quot;focal_length&quot;:&quot;0&quot;,&quot;iso&quot;:&quot;0&quot;,&quot;shutter_speed&quot;:&quot;0&quot;,&quot;title&quot;:&quot;&quot;,&quot;orientation&quot;:&quot;0&quot;}\" data-image-title=\"Rama-7-770&#215;426-905&#215;395\" data-image-description=\"\" data-image-caption=\"\" data-medium-file=\"https:\/\/i0.wp.com\/www.shqiperia.com\/blog\/wp-content\/uploads\/2019\/01\/Rama-7-770x426-905x395.jpg?fit=300%2C131&amp;ssl=1\" data-large-file=\"https:\/\/i0.wp.com\/www.shqiperia.com\/blog\/wp-content\/uploads\/2019\/01\/Rama-7-770x426-905x395.jpg?fit=905%2C395&amp;ssl=1\" class=\"alignnone  wp-image-16199\" alt=\"\" src=\"https:\/\/i0.wp.com\/www.shqiperia.com\/blog\/wp-content\/uploads\/2019\/01\/Rama-7-770x426-905x395-300x131.jpg?resize=625%2C273\" width=\"625\" height=\"273\" srcset=\"https:\/\/i0.wp.com\/www.shqiperia.com\/blog\/wp-content\/uploads\/2019\/01\/Rama-7-770x426-905x395.jpg?resize=300%2C131&amp;ssl=1 300w, https:\/\/i0.wp.com\/www.shqiperia.com\/blog\/wp-content\/uploads\/2019\/01\/Rama-7-770x426-905x395.jpg?resize=768%2C335&amp;ssl=1 768w, https:\/\/i0.wp.com\/www.shqiperia.com\/blog\/wp-content\/uploads\/2019\/01\/Rama-7-770x426-905x395.jpg?resize=450%2C196&amp;ssl=1 450w, https:\/\/i0.wp.com\/www.shqiperia.com\/blog\/wp-content\/uploads\/2019\/01\/Rama-7-770x426-905x395.jpg?resize=600%2C262&amp;ssl=1 600w, https:\/\/i0.wp.com\/www.shqiperia.com\/blog\/wp-content\/uploads\/2019\/01\/Rama-7-770x426-905x395.jpg?resize=400%2C175&amp;ssl=1 400w, https:\/\/i0.wp.com\/www.shqiperia.com\/blog\/wp-content\/uploads\/2019\/01\/Rama-7-770x426-905x395.jpg?resize=905%2C395&amp;ssl=1 905w\" sizes=\"auto, (max-width: 625px) 100vw, 625px\" \/><\/p>\n<p><strong>Historia e Kryepikturistit q\u00eb Saldoi dhe B\u00ebri Nj\u00ebsh Timonin me Tepsin\u00eb. &#8211;<br \/>\n<\/strong><\/p>\n<p>31 dhjetor 2018<\/p>\n<p>Gazeta Dita<\/p>\n<p>Ka realizuar nj\u00eb arritje sa teknologjike, aq dhe politiko-sociale kryepersonazhi shqiptar q\u00eb l\u00ebvdohet se nuk ka asnj\u00eb titull t\u00eb tep\u00ebrt shkencor mbi diplom\u00ebn e shkoll\u00ebs s\u00eb nalt\u00eb.<\/p>\n<p>\u00cbsht\u00eb fjala p\u00ebr kryepikturistin Edi Rama, q\u00eb sipas revist\u00ebs Science, ka rritur t\u00eb bashkoj\u00eb me nj\u00eb goditje t\u00eb vetme, me nj\u00eb akt, me nj\u00eb gjest t\u00eb mir\u00ebmenduar dhe gjenial, tepsin\u00eb me timonin.<\/p>\n<p>\u201c\u00cbsht\u00eb e v\u00ebrtet\u00eb, timoni dhe tepsia jan\u00eb t\u00eb dyja t\u00eb rrumbullak\u00ebta,\u201d thot\u00eb artikulli i n\u00ebnshkruar nga autori i njohur amerikan Uot Dh\u00ebfak, \u201c<em>por t\u00eb p\u00ebrbashk\u00ebtat e tyre mbarojn\u00eb k\u00ebtu.<\/em><\/p>\n<p><em>Si\u00e7 dihet, timoni sh\u00ebrben p\u00ebr t\u2019i dh\u00ebn\u00eb drejtimin e duhur nj\u00eb mjeti l\u00ebviz\u00ebs q\u00eb t\u00eb mos dal\u00eb nga rruga dhe t\u00eb marr\u00eb udh\u00ebn e qoft\u00eblargut. <\/em><\/p>\n<p><em>Nd\u00ebrsa tepsia \u00ebsht\u00eb nj\u00eb objekt m\u00eb romantik, m\u00eb idilik, m\u00eb stomakor, m\u00eb i ngesh\u00ebm dhe lozonjar. Ajo \u00ebsht\u00eb simbol i gatesave t\u00eb mira, i recetave tradicionale q\u00eb ta \u00e7ojn\u00eb goj\u00ebn l\u00ebng t\u00eb gjysheve e n\u00ebnave, q\u00eb njeriu instiktivisht i do t\u00eb gjitha p\u00ebr vete dhe xhelozohet tmerr\u00ebsisht n\u00ebse i duhet t\u2019i ndaj\u00eb me njeri. <\/em><\/p>\n<p><em>N\u00eb rastin e gjeniut socio-politiko-teknologjik Edi Rama, tepsia p\u00ebr t\u00eb cil\u00ebn ai ka folur kaq e kaq her\u00eb, p\u00ebrmban gatesat m\u00eb t\u00eb shijshme t\u00eb n\u00ebn\u00ebs Shqip\u00ebri, q\u00eb kryepikturisti shqiptar e do aq shum\u00eb dhe d\u00ebshiron t\u2019ja haj\u00eb \u00e7far\u00eb ka nxjerr\u00eb dora e saj, deri n\u00eb kafshat\u00ebn e fundit<\/em>\u201d.<\/p>\n<p>Si\u00e7 tashm\u00eb ka hyr\u00eb n\u00eb analet e historis\u00eb dhe parodis\u00eb, Rama i dha nj\u00eb shkundje t\u00eb mir\u00eb politik\u00ebs shqiptare dhe sidomos partis\u00eb s\u00eb vet, duke iu p\u00ebrgjigjur protestave t\u00eb student\u00ebve dhe shum\u00eb shtresave t\u00eb tjera pabukse dhe patepsi.<\/p>\n<p>Ai hoqi me nj\u00eb t\u00eb r\u00ebn\u00eb t\u00eb shpat\u00ebs s\u00eb tij t\u00eb pam\u00ebshirshme tet\u00eb ministra q\u00eb forca t\u00eb err\u00ebta dhe zhytura n\u00eb posht\u00ebrsi e ves, i kishin l\u00ebn\u00eb n\u00eb detyr\u00eb p\u00ebr 5 vjet rresht, dhe i z\u00ebvend\u00ebsoi me tet\u00eb emra t\u00eb tjer\u00eb, t\u00eb cil\u00ebt i gjeti n\u00eb kalendarin e nd\u00ebrlikuar t\u00eb horoskopit t\u00eb aktiviteteve t\u00eb tij noturne.<\/p>\n<p>Fjala bie, nj\u00eb ministre e gjeti rast\u00ebsisht, kur nj\u00ebher\u00eb shkoi t\u00eb blej\u00eb perde, poture, \u00e7entro dhe disa pal\u00eb pupa leshi, dhe n\u00eb dyqan i sh\u00ebrbeu nj\u00eb shegerte e mirk\u00eb, e lezetshme q\u00eb s\u2019i ndihej zani gojs.<\/p>\n<p>\u201cK\u00ebt goc\u00ebn do ta morim partizone,\u201d tha kryepikturisti me vete, teksa i mbajti sh\u00ebnim emrin, emailin dhe instagramin.<\/p>\n<p>Nj\u00eb minist\u00ebr tjet\u00ebr e gjeti kur i than\u00eb p\u00ebr nj\u00eb djal\u00eb q\u00eb fliste pes\u00eb gjuh\u00eb t\u00eb huaja q\u00eb n\u00eb fillore.<\/p>\n<p>\u201cKy qenka p\u00ebr kryediplomat,\u201d tha i Plotfuqishmi me vete, \u201cqenka i papar\u00eb. Nj\u00eb zot e di si mund t\u2019i mbaj\u00eb pes\u00eb cop\u00eb n\u00eb at\u00eb goj\u00eb t\u00eb vog\u00ebl, shejtani\u201d.<\/p>\n<p>K\u00ebshtu me rradh\u00eb, njer\u00ebz q\u00eb rrjedha e jet\u00ebs ia solli p\u00ebrpara Ram\u00ebs diku n\u00eb kafene, n\u00eb plazh, te kasapi i lagjes, te hamami i Surrelit apo n\u00eb kursin e vizatimit, jan\u00eb tashm\u00eb yjet e konstelacionit qeveritar q\u00eb do t\u2019i sjell\u00eb atij mandat\u00ebn e tret\u00eb, pasi dy mandatat e para ai ua b\u00ebri dhurat\u00eb shqiptar\u00ebve.<\/p>\n<p>Aq shum\u00eb e magjepsi protesta e student\u00ebve, saq\u00eb ua propozoi hapur t\u00eb rinjve:<\/p>\n<p>\u201cShiko, ju nuk dini t\u00eb protestoni, keq m\u00eb vjen por po e \u00e7oni p\u00ebr lesh kaq protest\u00eb t\u00eb bukur! T\u00eb isha n\u00eb vend tuaj do kisha bo namin plako! Do i kisha tundur dh\u00ebmb\u00ebt ksaj qeverie qelpsin\u00eb!\u201d<\/p>\n<p>Dhe vazhdoi: \u201c\u00c7far\u00eb doni ju, doni nj\u00eb minist\u00ebr nga rradh\u00ebt tuaja? Apo doni t\u00eb heq Gramoz Ru\u00e7in nga PS, ta \u00e7oj n\u00eb ndonj\u00eb parti tjet\u00ebr? Flisni, ta rrahim hekurin sa \u00ebsht\u00eb i nxeht\u00eb, se k\u00ebta socialist\u00ebt e f\u00eblliqur nuk e kan\u00eb t\u00eb gjat\u00eb!\u201d<\/p>\n<p>Gjithsesi, n\u00eb fund Kryepikturisti vendosi t\u00eb rrah\u00eb Bra\u00e7en, meq\u00eb ai \u00ebsht\u00eb gjithnj\u00eb i nxeht\u00eb. E mori Erjonin, e sp\u00ebrkati me pak Ridvanbod sa p\u00ebr shije dhe i tha:<\/p>\n<p>\u201cO b\u00ebne\u00e7 krahu im i djatht\u00eb, mo gaz! H\u00eb, si thua mo!\u201d<\/p>\n<p>Bra\u00e7e e kishte edhe vizualisht t\u00eb pamundur ta imagjinonte veten si dora e djatht\u00eb e Ram\u00ebs, ndaj i tha me z\u00eb t\u00eb dridhur:<\/p>\n<p>\u201cShef, un\u00eb deri aty lart te krahu nuk arrij dot\u2026\u201d<\/p>\n<p>\u201cNuk ka gj\u00eb,\u201d ja preu i Plotfuqishmi, \u201cdo gjejm\u00eb ndonj\u00eb gj\u00eb t\u00eb djatht\u00eb tjet\u00ebr, deri aty ku arrin. Do kullandrisemi\u201d.<\/p>\n<p>Qershia mbi tort\u00eb ishte Laja e PS-s\u00eb, ndryshe Elisa n\u00eb Bot\u00ebn e Spiropalit. E mori telefon Elis\u00ebn n\u00eb telefon dhe i tha shkurt, \u201cngjo, po b\u00ebj ca ndryshime. Do t\u00eb vish?\u201d<\/p>\n<p>\u201cKu o Sk\u00ebnderbe, n\u00eb dogan\u00eb?\u201d u hodh p\u00ebrpjet\u00eb nga g\u00ebzimi ajo.<\/p>\n<p>\u201cAvash avash, se mo k\u00ebput mish,\u201d ja ktheu M\u00ebshir\u00ebploti, \u201cdoganave u bie t\u00eb fik\u00ebt kur d\u00ebgjojn\u00eb emrin t\u00ebnd, po un\u00eb them p\u00ebr ministre, t\u00eb rregullosh marr\u00ebdh\u00ebniet me parlamentin\u201d.<\/p>\n<p>N\u00eb fakt, thon\u00eb Goj\u00ebt e Liga, q\u00eb kur n\u00eb parlament kishin mbetur vet\u00ebm deputet\u00eb socialist\u00eb, marr\u00ebdh\u00ebniet e qeveris\u00eb socialiste me parlamentin ishin keq\u00ebsuar duksh\u00ebm. Kreu i qeveris\u00eb socialiste kishte \u00e7uar kaq her\u00eb njer\u00ebz p\u00ebr t\u2019i k\u00ebrkuar takim kryetarit t\u00eb PS-s\u00eb, por ky kthente p\u00ebrgjigje, \u201ci thoni kryeministrit t\u00eb m\u00eb rruaj\u00eb Bra\u00e7en e djatht\u00eb, se t\u00eb majtin e kam p\u00ebr vete\u201d.<\/p>\n<p>Elisa, q\u00eb e dinte k\u00ebt\u00eb muhabet, pyeti me kompetenc\u00eb:<\/p>\n<p>\u201cE b\u00ebj un\u00eb shef, pa merak. Por me cilin Bra\u00e7e duhet t\u00eb merrem?\u201d<\/p>\n<p>\u201cMe t\u00eb dy,\u201d i tha Rama, \u201cse ti je kuadro me kapacitet\u201d.<\/p>\n<p>K\u00ebshtu, me formatimin final t\u00eb qeveris\u00eb s\u00eb re dhe saldimin e plot\u00eb t\u00eb timonit me tepsin\u00eb, kryeshpik\u00ebsi q\u00eb ngjalli admirimin dhe cmir\u00ebn e Bill Gejtsit, Elon Maskut dhe Xhef Bezos nj\u00ebher\u00ebsh, tani e ka m\u00eb kollaj:<\/p>\n<p>Sa her\u00eb q\u00eb do modifikoj\u00eb drejtimin e qeveris\u00eb, rrotullon tepsin\u00eb. Sa her\u00eb e ka goj\u00ebn helm dhe ja do mideja di\u00e7ka t\u00eb \u00ebmb\u00ebl, zgjat dor\u00ebn dhe kap ndonj\u00eb llokm\u00eb t\u00eb vog\u00ebl ppp-je apo kon\u00e7esioni te timoni\u2026 Apo e anasjellta?<\/p>\n<p>E \u00e7\u2019r\u00ebnd\u00ebsi ka kjo more shok\u00eb dhe zot\u00ebrinj. Tani ato jan\u00eb e nj\u00ebjta gj\u00eb. Bile m\u00ebsohet se k\u00ebto terma jan\u00eb b\u00ebr\u00eb ekuivalente dhe t\u00eb k\u00ebmbyeshme edhe n\u00eb tregun e valut\u00ebs, sidomos pas r\u00ebnies s\u00eb pashpjegueshme t\u00eb euros q\u00eb nuk dihet se \u00e7\u2019mushkonj\u00eb Divjake vazhdon ta mundoj\u00eb.<\/p>\n<p>Fjala vjen, n\u00eb manualet e kurseve t\u00eb patent\u00ebs, tani gjen r\u00ebndom t\u00eb shkruhet, \u201ctepsia mbahet me t\u00eb dyja duart\u201d, ose \u201crrotullojeni tepsin\u00eb n\u00eb 90 grad\u00eb dhe shikoni te pasqyra\u201d. Nd\u00ebrsa p\u00ebr Vit t\u00eb Ri, n\u00eb furrat e buk\u00ebs d\u00ebgjoje k\u00ebrkesa t\u00eb tipit, \u201ckam nj\u00eb timon t\u00eb vog\u00ebl me nj\u00eb pul\u00eb fshati, a ta sjell?\u201d<\/p>\n<p>E reja m\u00eb e fresk\u00ebt, si p\u00ebr inat t\u00eb Lajes, dmth t\u00eb \u00c7udirave t\u00eb Eliz\u00ebs n\u00eb bot\u00ebn e PS-s\u00eb, erdhi pik\u00ebrisht nga doganat: Ka mund\u00ebsi q\u00eb vitin e ardhsh\u00ebm t\u00eb ndalohet importi i makinave me tepsi angleze!!!!<\/p>\n<p>*****<\/p>\n<p><img data-recalc-dims=\"1\" loading=\"lazy\" decoding=\"async\" data-attachment-id=\"16200\" data-permalink=\"https:\/\/www.shqiperia.com\/blog\/historia-e-kryepikturistit-qe-saldoi-dhe-beri-njesh-timonin-me-tepsine\/rama-7-770x426-905x395-2\/\" data-orig-file=\"https:\/\/i0.wp.com\/www.shqiperia.com\/blog\/wp-content\/uploads\/2019\/01\/Rama-7-770x426-905x395-1.jpg?fit=905%2C395&amp;ssl=1\" data-orig-size=\"905,395\" data-comments-opened=\"1\" data-image-meta=\"{&quot;aperture&quot;:&quot;0&quot;,&quot;credit&quot;:&quot;&quot;,&quot;camera&quot;:&quot;&quot;,&quot;caption&quot;:&quot;&quot;,&quot;created_timestamp&quot;:&quot;0&quot;,&quot;copyright&quot;:&quot;&quot;,&quot;focal_length&quot;:&quot;0&quot;,&quot;iso&quot;:&quot;0&quot;,&quot;shutter_speed&quot;:&quot;0&quot;,&quot;title&quot;:&quot;&quot;,&quot;orientation&quot;:&quot;0&quot;}\" data-image-title=\"Rama-7-770&#215;426-905&#215;395\" data-image-description=\"\" data-image-caption=\"\" data-medium-file=\"https:\/\/i0.wp.com\/www.shqiperia.com\/blog\/wp-content\/uploads\/2019\/01\/Rama-7-770x426-905x395-1.jpg?fit=300%2C131&amp;ssl=1\" data-large-file=\"https:\/\/i0.wp.com\/www.shqiperia.com\/blog\/wp-content\/uploads\/2019\/01\/Rama-7-770x426-905x395-1.jpg?fit=905%2C395&amp;ssl=1\" class=\"alignnone  wp-image-16200\" alt=\"\" src=\"https:\/\/i0.wp.com\/www.shqiperia.com\/blog\/wp-content\/uploads\/2019\/01\/Rama-7-770x426-905x395-1-300x131.jpg?resize=843%2C368\" width=\"843\" height=\"368\" srcset=\"https:\/\/i0.wp.com\/www.shqiperia.com\/blog\/wp-content\/uploads\/2019\/01\/Rama-7-770x426-905x395-1.jpg?resize=300%2C131&amp;ssl=1 300w, https:\/\/i0.wp.com\/www.shqiperia.com\/blog\/wp-content\/uploads\/2019\/01\/Rama-7-770x426-905x395-1.jpg?resize=768%2C335&amp;ssl=1 768w, https:\/\/i0.wp.com\/www.shqiperia.com\/blog\/wp-content\/uploads\/2019\/01\/Rama-7-770x426-905x395-1.jpg?resize=450%2C196&amp;ssl=1 450w, https:\/\/i0.wp.com\/www.shqiperia.com\/blog\/wp-content\/uploads\/2019\/01\/Rama-7-770x426-905x395-1.jpg?resize=600%2C262&amp;ssl=1 600w, https:\/\/i0.wp.com\/www.shqiperia.com\/blog\/wp-content\/uploads\/2019\/01\/Rama-7-770x426-905x395-1.jpg?resize=400%2C175&amp;ssl=1 400w, https:\/\/i0.wp.com\/www.shqiperia.com\/blog\/wp-content\/uploads\/2019\/01\/Rama-7-770x426-905x395-1.jpg?w=905&amp;ssl=1 905w\" sizes=\"auto, (max-width: 843px) 100vw, 843px\" \/><\/p>\n<p>Sh\u00ebnim: Goj\u00ebt e Liga \u00ebsht\u00eb rubrik\u00eb satirike q\u00eb ju uron seriozisht g\u00ebzuar 2019!<\/p>\n","protected":false},"excerpt":{"rendered":"<p>Historia e Kryepikturistit q\u00eb Saldoi dhe B\u00ebri Nj\u00ebsh Timonin me Tepsin\u00eb. &#8211; 31 dhjetor 2018 Gazeta Dita Ka realizuar nj\u00eb arritje sa teknologjike, aq dhe politiko-sociale kryepersonazhi shqiptar q\u00eb l\u00ebvdohet se nuk ka asnj\u00eb titull t\u00eb tep\u00ebrt shkencor mbi diplom\u00ebn e shkoll\u00ebs s\u00eb nalt\u00eb. \u00cbsht\u00eb fjala p\u00ebr kryepikturistin Edi Rama, q\u00eb sipas revist\u00ebs Science, ka [&hellip;]<\/p>\n","protected":false},"author":9,"featured_media":16199,"comment_status":"open","ping_status":"open","sticky":false,"template":"","format":"standard","meta":{"jetpack_post_was_ever_published":false,"_jetpack_newsletter_access":"","_jetpack_dont_email_post_to_subs":false,"_jetpack_newsletter_tier_id":0,"_jetpack_memberships_contains_paywalled_content":false,"_jetpack_memberships_contains_paid_content":false,"footnotes":"","jetpack_publicize_message":"","jetpack_publicize_feature_enabled":true,"jetpack_social_post_already_shared":true,"jetpack_social_options":{"image_generator_settings":{"template":"highway","default_image_id":0,"font":"","enabled":false},"version":2}},"categories":[27,10,35],"tags":[],"class_list":["post-16198","post","type-post","status-publish","format-standard","has-post-thumbnail","hentry","category-blogu-i-udhetarit","category-kultura","category-shoqerore"],"jetpack_publicize_connections":[],"jetpack_featured_media_url":"https:\/\/i0.wp.com\/www.shqiperia.com\/blog\/wp-content\/uploads\/2019\/01\/Rama-7-770x426-905x395.jpg?fit=905%2C395&ssl=1","jetpack_sharing_enabled":true,"jetpack_shortlink":"https:\/\/wp.me\/p5Z6wp-4dg","jetpack-related-posts":[{"id":25278,"url":"https:\/\/www.shqiperia.com\/blog\/perla-turistike-e-shqiperise-jepet-me-qira-sa-nje-kioske\/","url_meta":{"origin":16198,"position":0},"title":"Perla turistike e Shqip\u00ebris\u00eb jepet me qira sa nj\u00eb kiosk\u00eb","author":"Kurt Farka","date":"August 30, 2019","format":false,"excerpt":"Perla turistike e Shqip\u00ebris\u00eb jepet me qira sa nj\u00eb kiosk\u00eb Nga Gazeta Telegraf 27 Gusht, 2019 Qeveria vendosi q\u00eb Drilonin e famsh\u00ebm n\u00eb Pogradec t\u2019ia jap\u00eb me qira privatit p\u00ebr 170 mij\u00eb lek\u00eb n\u00eb muaj. Pas votimeve t\u00eb 30 qershorit, pushtetar\u00ebt e rinj lokal\u00eb, ata qendror\u00eb dhe oligrak\u00ebt e tyre\u2026","rel":"","context":"In &quot;Blogu i Udh\u00ebtarit&quot;","block_context":{"text":"Blogu i Udh\u00ebtarit","link":"https:\/\/www.shqiperia.com\/blog\/category\/blogu-i-udhetarit\/"},"img":{"alt_text":"","src":"https:\/\/i0.wp.com\/www.shqiperia.com\/blog\/wp-content\/uploads\/2019\/08\/DGDywtsXcAMi13F-696x522-Copy.jpg?fit=696%2C391&ssl=1&resize=350%2C200","width":350,"height":200,"srcset":"https:\/\/i0.wp.com\/www.shqiperia.com\/blog\/wp-content\/uploads\/2019\/08\/DGDywtsXcAMi13F-696x522-Copy.jpg?fit=696%2C391&ssl=1&resize=350%2C200 1x, https:\/\/i0.wp.com\/www.shqiperia.com\/blog\/wp-content\/uploads\/2019\/08\/DGDywtsXcAMi13F-696x522-Copy.jpg?fit=696%2C391&ssl=1&resize=525%2C300 1.5x"},"classes":[]},{"id":71268,"url":"https:\/\/www.shqiperia.com\/blog\/rama-prezanton-kuaj-dhe-gomere-murrizi-nese-shajne-e-mallkojne-4-vjet-dhe-harrojne-te-kutia-e-votimit-populli-fajtor\/","url_meta":{"origin":16198,"position":1},"title":"&#8220;Rama prezanton kuaj dhe gomer\u00eb&#8221;, Murrizi: &#8211; N\u00ebse shajn\u00eb e mallkojn\u00eb 4 vjet dhe harrojn\u00eb te kutia e votimit, populli fajtor","author":"Kurt Farka","date":"May 9, 2023","format":false,"excerpt":"9 Maji 2023 Ish-deputeti i PD, Myslim Murrizi, i ftuar n\u00eb \"Drejt\" thot\u00eb se gjith\u00eb tensioni politik gjat\u00eb fushat\u00ebs do t\u00eb shfryhet pas zgjedhjeve. Sipas tij qytetar\u00ebt do t\u00eb duhet t\u00eb mendojn\u00eb mir\u00eb vot\u00ebn\u00a0 q\u00eb do t\u00eb hedhin n\u00eb kutin\u00eb e votimit. Murrizi:\u00a0\u00cbsht\u00eb e diel\u00eb, pas t\u00eb diel\u00ebs vjen e\u2026","rel":"","context":"In &quot;Blogu i Udh\u00ebtarit&quot;","block_context":{"text":"Blogu i Udh\u00ebtarit","link":"https:\/\/www.shqiperia.com\/blog\/category\/blogu-i-udhetarit\/"},"img":{"alt_text":"","src":"https:\/\/i0.wp.com\/www.shqiperia.com\/blog\/wp-content\/uploads\/2023\/05\/foto-murr.jpg?fit=780%2C440&ssl=1&resize=350%2C200","width":350,"height":200,"srcset":"https:\/\/i0.wp.com\/www.shqiperia.com\/blog\/wp-content\/uploads\/2023\/05\/foto-murr.jpg?fit=780%2C440&ssl=1&resize=350%2C200 1x, https:\/\/i0.wp.com\/www.shqiperia.com\/blog\/wp-content\/uploads\/2023\/05\/foto-murr.jpg?fit=780%2C440&ssl=1&resize=525%2C300 1.5x, https:\/\/i0.wp.com\/www.shqiperia.com\/blog\/wp-content\/uploads\/2023\/05\/foto-murr.jpg?fit=780%2C440&ssl=1&resize=700%2C400 2x"},"classes":[]},{"id":21587,"url":"https:\/\/www.shqiperia.com\/blog\/president-erdhi-koha-ta-shperndani-kete-parlament\/","url_meta":{"origin":16198,"position":2},"title":"President erdhi koha ta shp\u00ebrndani k\u00ebt\u00eb Parlament.","author":"Kurt Farka","date":"May 27, 2019","format":false,"excerpt":"President erdhi koha ta shp\u00ebrndani k\u00ebt\u00eb Parlament. Nga Gentian Gaba Edhe nj\u00ebher\u00eb, p\u00ebr t\u00eb cituar shkrimtarin rumun Constantin Virgil Gheorghiu, jemi n\u00eb or\u00ebn e 25-t\u00eb. Nj\u00eb koh\u00eb pa koh\u00eb nga e cila shqiptar\u00ebt presin, in extremis, zgjidhjen e nj\u00eb krize q\u00eb prej shum\u00eb gjat\u00eb ka kapur vendin. N\u00ebn presionin e\u2026","rel":"","context":"In &quot;Blogu i Udh\u00ebtarit&quot;","block_context":{"text":"Blogu i Udh\u00ebtarit","link":"https:\/\/www.shqiperia.com\/blog\/category\/blogu-i-udhetarit\/"},"img":{"alt_text":"","src":"https:\/\/i0.wp.com\/www.shqiperia.com\/blog\/wp-content\/uploads\/2019\/05\/parlamenti-shqiptar.jpg?fit=900%2C461&ssl=1&resize=350%2C200","width":350,"height":200,"srcset":"https:\/\/i0.wp.com\/www.shqiperia.com\/blog\/wp-content\/uploads\/2019\/05\/parlamenti-shqiptar.jpg?fit=900%2C461&ssl=1&resize=350%2C200 1x, https:\/\/i0.wp.com\/www.shqiperia.com\/blog\/wp-content\/uploads\/2019\/05\/parlamenti-shqiptar.jpg?fit=900%2C461&ssl=1&resize=525%2C300 1.5x, https:\/\/i0.wp.com\/www.shqiperia.com\/blog\/wp-content\/uploads\/2019\/05\/parlamenti-shqiptar.jpg?fit=900%2C461&ssl=1&resize=700%2C400 2x"},"classes":[]},{"id":21164,"url":"https:\/\/www.shqiperia.com\/blog\/terheqja-e-aleateve-rama-mbetet-i-vetem-ne-zgjedhje\/","url_meta":{"origin":16198,"position":3},"title":"T\u00ebrheqja e aleat\u00ebve, Rama mbetet i vet\u00ebm n\u00eb zgjedhje\u2026","author":"Kurt Farka","date":"May 15, 2019","format":false,"excerpt":"T\u00ebrheqja e aleat\u00ebve, Rama mbetet i vet\u00ebm n\u00eb zgjedhje\u2026 Nga: Gazeta Telegraf 15 Maj, 2019. Kryeministri Edi Rama duket se po shkon i vet\u00ebm drejt projektit t\u00eb tij p\u00ebr zgjedhjet e 30 qershorit. P\u00ebrvecc partive opozitare q\u00eb tashm\u00eb nuk jan\u00eb regjistruar p\u00ebr t\u00eb marr\u00eb pjes\u00eb n\u00eb k\u00ebto zgjedhje, KQZ-s\u00eb i\u2026","rel":"","context":"In &quot;Blogu i Udh\u00ebtarit&quot;","block_context":{"text":"Blogu i Udh\u00ebtarit","link":"https:\/\/www.shqiperia.com\/blog\/category\/blogu-i-udhetarit\/"},"img":{"alt_text":"","src":"https:\/\/i0.wp.com\/www.shqiperia.com\/blog\/wp-content\/uploads\/2019\/05\/rama-2-696x464.jpg?fit=696%2C398&ssl=1&resize=350%2C200","width":350,"height":200,"srcset":"https:\/\/i0.wp.com\/www.shqiperia.com\/blog\/wp-content\/uploads\/2019\/05\/rama-2-696x464.jpg?fit=696%2C398&ssl=1&resize=350%2C200 1x, https:\/\/i0.wp.com\/www.shqiperia.com\/blog\/wp-content\/uploads\/2019\/05\/rama-2-696x464.jpg?fit=696%2C398&ssl=1&resize=525%2C300 1.5x"},"classes":[]},{"id":39102,"url":"https:\/\/www.shqiperia.com\/blog\/politik-on-nis-fort-nuk-do-ti-leme-te-ikin-me-tepsi-e-timon-e-te-na-lene-rroten\/","url_meta":{"origin":16198,"position":4},"title":"Politik ON nis fort: &#8211; Nuk do ti l\u00ebm\u00eb te ikin me tepsi e timon e t\u00eb na l\u00ebn\u00eb rrot\u00ebn","author":"Kurt Farka","date":"September 30, 2020","format":false,"excerpt":"Politik ON nis fort: - Nuk do ti l\u00ebm\u00eb te ikin me tepsi e timon e t\u00eb na l\u00ebn\u00eb rrot\u00ebn 28\/09\/2020 Mbr\u00ebmjen e sotme ka nisur p\u00ebr her\u00eb t\u00eb par\u00eb emisioni \u201cPolitik ON\u201d n\u00eb RTV Ora, nj\u00eb emision i cili vjen nga gazetari i mir\u00ebnjohur, Alfred Lela. \u201cPolitik ON\u201d do\u2026","rel":"","context":"In &quot;Blogu i Udh\u00ebtarit&quot;","block_context":{"text":"Blogu i Udh\u00ebtarit","link":"https:\/\/www.shqiperia.com\/blog\/category\/blogu-i-udhetarit\/"},"img":{"alt_text":"","src":"https:\/\/i0.wp.com\/www.shqiperia.com\/blog\/wp-content\/uploads\/2020\/09\/alfred-lela.jpg?fit=1200%2C675&ssl=1&resize=350%2C200","width":350,"height":200,"srcset":"https:\/\/i0.wp.com\/www.shqiperia.com\/blog\/wp-content\/uploads\/2020\/09\/alfred-lela.jpg?fit=1200%2C675&ssl=1&resize=350%2C200 1x, https:\/\/i0.wp.com\/www.shqiperia.com\/blog\/wp-content\/uploads\/2020\/09\/alfred-lela.jpg?fit=1200%2C675&ssl=1&resize=525%2C300 1.5x, https:\/\/i0.wp.com\/www.shqiperia.com\/blog\/wp-content\/uploads\/2020\/09\/alfred-lela.jpg?fit=1200%2C675&ssl=1&resize=700%2C400 2x, https:\/\/i0.wp.com\/www.shqiperia.com\/blog\/wp-content\/uploads\/2020\/09\/alfred-lela.jpg?fit=1200%2C675&ssl=1&resize=1050%2C600 3x"},"classes":[]},{"id":45492,"url":"https:\/\/www.shqiperia.com\/blog\/rama-dua-serish-timonin-per-zahon-dhe-bashkemoshataret-e-tij-qe\/","url_meta":{"origin":16198,"position":5},"title":"Rama: Dua s\u00ebrish timonin p\u00ebr Zahon dhe bashk\u00ebmoshatar\u00ebt e tij q\u00eb\u2026","author":"Kurt Farka","date":"March 19, 2021","format":false,"excerpt":"Rama: Dua s\u00ebrish timonin p\u00ebr Zahon dhe bashk\u00ebmoshatar\u00ebt e tij q\u00eb\u2026 19 mars 2021 Duke folur mbi leht\u00ebsirat e sh\u00ebrbimeve online p\u00ebr drejtuesit e mjeteve, Rama nuk e kurseu nj\u00eb batut\u00eb p\u00ebr \u201ctimonin\u201d, duke theksuar se k\u00ebrkon drejtimin e qeveris\u00eb p\u00ebr t\u00eb birin dhe bashk\u00ebmoshatar\u00ebt e tij, q\u00eb t\u00eb mos\u2026","rel":"","context":"In &quot;Blogu i Udh\u00ebtarit&quot;","block_context":{"text":"Blogu i Udh\u00ebtarit","link":"https:\/\/www.shqiperia.com\/blog\/category\/blogu-i-udhetarit\/"},"img":{"alt_text":"","src":"https:\/\/i0.wp.com\/www.shqiperia.com\/blog\/wp-content\/uploads\/2021\/03\/Edi-Rama-6.jpg?fit=520%2C285&ssl=1&resize=350%2C200","width":350,"height":200},"classes":[]}],"_links":{"self":[{"href":"https:\/\/www.shqiperia.com\/blog\/wp-json\/wp\/v2\/posts\/16198","targetHints":{"allow":["GET"]}}],"collection":[{"href":"https:\/\/www.shqiperia.com\/blog\/wp-json\/wp\/v2\/posts"}],"about":[{"href":"https:\/\/www.shqiperia.com\/blog\/wp-json\/wp\/v2\/types\/post"}],"author":[{"embeddable":true,"href":"https:\/\/www.shqiperia.com\/blog\/wp-json\/wp\/v2\/users\/9"}],"replies":[{"embeddable":true,"href":"https:\/\/www.shqiperia.com\/blog\/wp-json\/wp\/v2\/comments?post=16198"}],"version-history":[{"count":1,"href":"https:\/\/www.shqiperia.com\/blog\/wp-json\/wp\/v2\/posts\/16198\/revisions"}],"predecessor-version":[{"id":16201,"href":"https:\/\/www.shqiperia.com\/blog\/wp-json\/wp\/v2\/posts\/16198\/revisions\/16201"}],"wp:featuredmedia":[{"embeddable":true,"href":"https:\/\/www.shqiperia.com\/blog\/wp-json\/wp\/v2\/media\/16199"}],"wp:attachment":[{"href":"https:\/\/www.shqiperia.com\/blog\/wp-json\/wp\/v2\/media?parent=16198"}],"wp:term":[{"taxonomy":"category","embeddable":true,"href":"https:\/\/www.shqiperia.com\/blog\/wp-json\/wp\/v2\/categories?post=16198"},{"taxonomy":"post_tag","embeddable":true,"href":"https:\/\/www.shqiperia.com\/blog\/wp-json\/wp\/v2\/tags?post=16198"}],"curies":[{"name":"wp","href":"https:\/\/api.w.org\/{rel}","templated":true}]}}