{"id":16194,"date":"2019-01-16T22:38:07","date_gmt":"2019-01-16T22:38:07","guid":{"rendered":"http:\/\/www.shqiperia.com\/blog\/?p=16194"},"modified":"2019-01-16T22:38:07","modified_gmt":"2019-01-16T22:38:07","slug":"kim-mehmeti-rama-hiene-politike-po-percan-shqiptaret-ne-kadrinj-e-kristaqe","status":"publish","type":"post","link":"https:\/\/www.shqiperia.com\/blog\/kim-mehmeti-rama-hiene-politike-po-percan-shqiptaret-ne-kadrinj-e-kristaqe\/","title":{"rendered":"Kim Mehmeti: &#8211; Rama hien\u00eb politike, po p\u00ebr\u00e7an shqiptar\u00ebt n\u00eb \u2018Kadrinj\u2019 e \u2018Kristaq\u00eb\u2019-"},"content":{"rendered":"<div id=\"attachment_16195\" style=\"width: 497px\" class=\"wp-caption alignnone\"><img data-recalc-dims=\"1\" loading=\"lazy\" decoding=\"async\" aria-describedby=\"caption-attachment-16195\" data-attachment-id=\"16195\" data-permalink=\"https:\/\/www.shqiperia.com\/blog\/kim-mehmeti-rama-hiene-politike-po-percan-shqiptaret-ne-kadrinj-e-kristaqe\/kim-rama\/\" data-orig-file=\"https:\/\/i0.wp.com\/www.shqiperia.com\/blog\/wp-content\/uploads\/2019\/01\/kim-rama.jpg?fit=800%2C460&amp;ssl=1\" data-orig-size=\"800,460\" data-comments-opened=\"1\" data-image-meta=\"{&quot;aperture&quot;:&quot;0&quot;,&quot;credit&quot;:&quot;&quot;,&quot;camera&quot;:&quot;&quot;,&quot;caption&quot;:&quot;&quot;,&quot;created_timestamp&quot;:&quot;1534596107&quot;,&quot;copyright&quot;:&quot;&quot;,&quot;focal_length&quot;:&quot;0&quot;,&quot;iso&quot;:&quot;0&quot;,&quot;shutter_speed&quot;:&quot;0&quot;,&quot;title&quot;:&quot;&quot;,&quot;orientation&quot;:&quot;1&quot;}\" data-image-title=\"Kim Mehmeti -rama Kadri\" data-image-description=\"\" data-image-caption=\"&lt;p&gt;Kim Mehmeti -rama Kadri&lt;\/p&gt;\n\" data-medium-file=\"https:\/\/i0.wp.com\/www.shqiperia.com\/blog\/wp-content\/uploads\/2019\/01\/kim-rama.jpg?fit=300%2C173&amp;ssl=1\" data-large-file=\"https:\/\/i0.wp.com\/www.shqiperia.com\/blog\/wp-content\/uploads\/2019\/01\/kim-rama.jpg?fit=800%2C460&amp;ssl=1\" class=\" wp-image-16195\" alt=\"\" src=\"https:\/\/i0.wp.com\/www.shqiperia.com\/blog\/wp-content\/uploads\/2019\/01\/kim-rama-300x173.jpg?resize=487%2C281\" width=\"487\" height=\"281\" srcset=\"https:\/\/i0.wp.com\/www.shqiperia.com\/blog\/wp-content\/uploads\/2019\/01\/kim-rama.jpg?resize=300%2C173&amp;ssl=1 300w, https:\/\/i0.wp.com\/www.shqiperia.com\/blog\/wp-content\/uploads\/2019\/01\/kim-rama.jpg?resize=768%2C442&amp;ssl=1 768w, https:\/\/i0.wp.com\/www.shqiperia.com\/blog\/wp-content\/uploads\/2019\/01\/kim-rama.jpg?resize=450%2C259&amp;ssl=1 450w, https:\/\/i0.wp.com\/www.shqiperia.com\/blog\/wp-content\/uploads\/2019\/01\/kim-rama.jpg?resize=600%2C345&amp;ssl=1 600w, https:\/\/i0.wp.com\/www.shqiperia.com\/blog\/wp-content\/uploads\/2019\/01\/kim-rama.jpg?resize=400%2C230&amp;ssl=1 400w, https:\/\/i0.wp.com\/www.shqiperia.com\/blog\/wp-content\/uploads\/2019\/01\/kim-rama.jpg?w=800&amp;ssl=1 800w\" sizes=\"auto, (max-width: 487px) 100vw, 487px\" \/><p id=\"caption-attachment-16195\" class=\"wp-caption-text\">Kim Mehmeti -rama Kadri<\/p><\/div>\n<p><strong>Kim Mehmeti: &#8211; Rama hien\u00eb politike, po p\u00ebr\u00e7an shqiptar\u00ebt n\u00eb \u2018Kadrinj\u2019 e \u2018Kristaq\u00eb\u2019-<\/strong><\/p>\n<p>16 Janar, 2019<\/p>\n<p>Publicisti i njohur, Kim Mehmeti, ka reaguar dhe d\u00ebnuar gjuh\u00ebn e ashp\u00ebr t\u00eb p\u00ebrdorur nga kryeministri Edi Rama ndaj gjith\u00eb atyre q\u00eb e kund\u00ebrshtojn\u00eb dhe nuk e p\u00ebrkrahin n\u00eb \u2018\u00e7mendurin\u00eb\u2019 e vet.<\/p>\n<p>Me an\u00eb t\u00eb nj\u00eb statusi n\u00eb Facebook, Mehmeti shkruan se Rama duke i etiketuar ata q\u00eb e duan \u2018Kristaq\u00eb\u2019 dhe ata q\u00eb e kund\u00ebrshtojn\u00eb n\u00eb \u2018Kadrinj\u2019, po synon p\u00ebr\u00e7arjen e shqiptar\u00ebve.<\/p>\n<p><strong>Ja postimi i Kim Mehmetit:<\/strong><\/p>\n<p><em>Hienat politike q\u00eb duan t\u00eb na coptojn\u00eb e p\u00ebr\u00e7ajn\u00eb n\u00eb \u2018Kadrinj\u00eb\u2019 e \u2018Kristaq\u00eb\u2019!<\/em><\/p>\n<p><em>A e keni v\u00ebrejtur: Kryeministri i Shqip\u00ebris\u00eb shqiptar\u00ebt i ndan\u00eb n\u00eb \u2018Kristaq\u00ebt\u2019 e vet q\u00eb e p\u00ebrkrahin, e t\u00eb lindurit p\u00ebr t\u00eb qen\u00eb t\u00eb civilizuar e t\u00eb men\u00e7ur dhe gjith\u00eb t\u00eb tjer\u00ebt q\u00eb e kritikojn\u00eb at\u00eb, e q\u00eb \u2018natyrsh\u00ebm\u2019, mund t\u00eb jen\u00eb vet\u00ebm \u2018kadrinj\u00eb\u2019 e \u2018malok\u00eb\u2019, me emra \u2018anadollak\u2019, q\u00eb e turp\u00ebrojn\u00eb shqiptarin\u00eb!\u201d<\/em><\/p>\n<div id=\"attachment_16196\" style=\"width: 855px\" class=\"wp-caption alignnone\"><img data-recalc-dims=\"1\" loading=\"lazy\" decoding=\"async\" aria-describedby=\"caption-attachment-16196\" data-attachment-id=\"16196\" data-permalink=\"https:\/\/www.shqiperia.com\/blog\/kim-mehmeti-rama-hiene-politike-po-percan-shqiptaret-ne-kadrinj-e-kristaqe\/kim-rama-2\/\" data-orig-file=\"https:\/\/i0.wp.com\/www.shqiperia.com\/blog\/wp-content\/uploads\/2019\/01\/kim-rama-1.jpg?fit=800%2C460&amp;ssl=1\" data-orig-size=\"800,460\" data-comments-opened=\"1\" data-image-meta=\"{&quot;aperture&quot;:&quot;0&quot;,&quot;credit&quot;:&quot;&quot;,&quot;camera&quot;:&quot;&quot;,&quot;caption&quot;:&quot;&quot;,&quot;created_timestamp&quot;:&quot;1534596107&quot;,&quot;copyright&quot;:&quot;&quot;,&quot;focal_length&quot;:&quot;0&quot;,&quot;iso&quot;:&quot;0&quot;,&quot;shutter_speed&quot;:&quot;0&quot;,&quot;title&quot;:&quot;&quot;,&quot;orientation&quot;:&quot;1&quot;}\" data-image-title=\"kim-rama\" data-image-description=\"\" data-image-caption=\"&lt;p&gt;Kim Mehmeti -rama Kadri&lt;\/p&gt;\n\" data-medium-file=\"https:\/\/i0.wp.com\/www.shqiperia.com\/blog\/wp-content\/uploads\/2019\/01\/kim-rama-1.jpg?fit=300%2C173&amp;ssl=1\" data-large-file=\"https:\/\/i0.wp.com\/www.shqiperia.com\/blog\/wp-content\/uploads\/2019\/01\/kim-rama-1.jpg?fit=800%2C460&amp;ssl=1\" class=\" wp-image-16196\" alt=\"\" src=\"https:\/\/i0.wp.com\/www.shqiperia.com\/blog\/wp-content\/uploads\/2019\/01\/kim-rama-1-300x173.jpg?resize=845%2C487\" width=\"845\" height=\"487\" srcset=\"https:\/\/i0.wp.com\/www.shqiperia.com\/blog\/wp-content\/uploads\/2019\/01\/kim-rama-1.jpg?resize=300%2C173&amp;ssl=1 300w, https:\/\/i0.wp.com\/www.shqiperia.com\/blog\/wp-content\/uploads\/2019\/01\/kim-rama-1.jpg?resize=768%2C442&amp;ssl=1 768w, https:\/\/i0.wp.com\/www.shqiperia.com\/blog\/wp-content\/uploads\/2019\/01\/kim-rama-1.jpg?resize=450%2C259&amp;ssl=1 450w, https:\/\/i0.wp.com\/www.shqiperia.com\/blog\/wp-content\/uploads\/2019\/01\/kim-rama-1.jpg?resize=600%2C345&amp;ssl=1 600w, https:\/\/i0.wp.com\/www.shqiperia.com\/blog\/wp-content\/uploads\/2019\/01\/kim-rama-1.jpg?resize=400%2C230&amp;ssl=1 400w, https:\/\/i0.wp.com\/www.shqiperia.com\/blog\/wp-content\/uploads\/2019\/01\/kim-rama-1.jpg?w=800&amp;ssl=1 800w\" sizes=\"auto, (max-width: 845px) 100vw, 845px\" \/><p id=\"caption-attachment-16196\" class=\"wp-caption-text\">Kim Mehmeti -rama Kadri<\/p><\/div>\n","protected":false},"excerpt":{"rendered":"<p>Kim Mehmeti: &#8211; Rama hien\u00eb politike, po p\u00ebr\u00e7an shqiptar\u00ebt n\u00eb \u2018Kadrinj\u2019 e \u2018Kristaq\u00eb\u2019- 16 Janar, 2019 Publicisti i njohur, Kim Mehmeti, ka reaguar dhe d\u00ebnuar gjuh\u00ebn e ashp\u00ebr t\u00eb p\u00ebrdorur nga kryeministri Edi Rama ndaj gjith\u00eb atyre q\u00eb e kund\u00ebrshtojn\u00eb dhe nuk e p\u00ebrkrahin n\u00eb \u2018\u00e7mendurin\u00eb\u2019 e vet. Me an\u00eb t\u00eb nj\u00eb statusi n\u00eb Facebook, [&hellip;]<\/p>\n","protected":false},"author":9,"featured_media":16195,"comment_status":"open","ping_status":"open","sticky":false,"template":"","format":"standard","meta":{"jetpack_post_was_ever_published":false,"_jetpack_newsletter_access":"","_jetpack_dont_email_post_to_subs":false,"_jetpack_newsletter_tier_id":0,"_jetpack_memberships_contains_paywalled_content":false,"_jetpack_memberships_contains_paid_content":false,"footnotes":"","jetpack_publicize_message":"","jetpack_publicize_feature_enabled":true,"jetpack_social_post_already_shared":true,"jetpack_social_options":{"image_generator_settings":{"template":"highway","default_image_id":0,"font":"","enabled":false},"version":2}},"categories":[27,10,35],"tags":[],"class_list":["post-16194","post","type-post","status-publish","format-standard","has-post-thumbnail","hentry","category-blogu-i-udhetarit","category-kultura","category-shoqerore"],"jetpack_publicize_connections":[],"jetpack_featured_media_url":"https:\/\/i0.wp.com\/www.shqiperia.com\/blog\/wp-content\/uploads\/2019\/01\/kim-rama.jpg?fit=800%2C460&ssl=1","jetpack_sharing_enabled":true,"jetpack_shortlink":"https:\/\/wp.me\/p5Z6wp-4dc","jetpack-related-posts":[{"id":27117,"url":"https:\/\/www.shqiperia.com\/blog\/shqiperine-nuk-e-demtojne-armiqte-e-jashtem-por-patriotet-e-brendshem-te-rilindjes-kim-mehmeti-piktori-beri-shtet-qe-te\/","url_meta":{"origin":16194,"position":0},"title":"\u201cShqip\u00ebrin\u00eb nuk e d\u00ebmtojn\u00eb armiqt\u00eb e jasht\u00ebm, por patriot\u00ebt e brendsh\u00ebm t\u00eb \u2018Rilindjes\u2019\u201d- Kim Mehmeti: Piktori b\u00ebri shtet q\u00eb t\u00eb\u2026","author":"Kurt Farka","date":"October 18, 2019","format":false,"excerpt":"\u201cShqip\u00ebrin\u00eb nuk e d\u00ebmtojn\u00eb armiqt\u00eb e jasht\u00ebm, por patriot\u00ebt e brendsh\u00ebm t\u00eb \u2018Rilindjes\u2019\u201d- Kim Mehmeti: Piktori b\u00ebri shtet q\u00eb t\u00eb\u2026 18 tetor 2019 Analisti i njohur, Kim Mehmeti ka reaguar ndaj vendimit t\u00eb pritsh\u00ebm t\u00eb BE-s\u00eb p\u00ebr t\u00eb mos \u00e7elur negociatat me Shqip\u00ebrin\u00eb. Sipas tij problemi i Shqip\u00ebris\u00eb nuk \u00ebsht\u00eb\u2026","rel":"","context":"In &quot;Blogu i Udh\u00ebtarit&quot;","block_context":{"text":"Blogu i Udh\u00ebtarit","link":"https:\/\/www.shqiperia.com\/blog\/category\/blogu-i-udhetarit\/"},"img":{"alt_text":"","src":"https:\/\/i0.wp.com\/www.shqiperia.com\/blog\/wp-content\/uploads\/2019\/10\/Kim-mehmeti-Rama-tusk-Copy.jpg?fit=600%2C298&ssl=1&resize=350%2C200","width":350,"height":200,"srcset":"https:\/\/i0.wp.com\/www.shqiperia.com\/blog\/wp-content\/uploads\/2019\/10\/Kim-mehmeti-Rama-tusk-Copy.jpg?fit=600%2C298&ssl=1&resize=350%2C200 1x, https:\/\/i0.wp.com\/www.shqiperia.com\/blog\/wp-content\/uploads\/2019\/10\/Kim-mehmeti-Rama-tusk-Copy.jpg?fit=600%2C298&ssl=1&resize=525%2C300 1.5x"},"classes":[]},{"id":15048,"url":"https:\/\/www.shqiperia.com\/blog\/kim-mehmeti-argumentoi-qendrimin-e-tij-se-pse-nuk-mbeshtet-dialogun-e-rames-me-studentet\/","url_meta":{"origin":16194,"position":1},"title":"Kim Mehmeti argumentoi q\u00ebndrimin e tij se pse nuk mb\u00ebshtet dialogun e Ram\u00ebs me student\u00ebt. &#8211;","author":"Kurt Farka","date":"December 20, 2018","format":false,"excerpt":"Kim Mehmeti argumentoi q\u00ebndrimin e tij se pse nuk mb\u00ebshtet dialogun e Ram\u00ebs me student\u00ebt. - 19 December 2018 Shkrimtari dhe publicisti Kim Mehmeti i sheh dhe i diferencon pengmarr\u00ebsit, mendimtar\u00ebt dhe m\u00ebkatar\u00ebt shqiptar\u00eb t\u00eb Shqip\u00ebris\u00eb. Kim Mehmeti: Kemi nisur dekad\u00ebn e tret\u00eb ku jetojm\u00eb vet\u00ebm me g\u00ebnjeshtra dhe premtime\u2026","rel":"","context":"In &quot;Blogu i Udh\u00ebtarit&quot;","block_context":{"text":"Blogu i Udh\u00ebtarit","link":"https:\/\/www.shqiperia.com\/blog\/category\/blogu-i-udhetarit\/"},"img":{"alt_text":"","src":"https:\/\/i0.wp.com\/www.shqiperia.com\/blog\/wp-content\/uploads\/2018\/12\/Kim-Mehmeti.jpg?fit=800%2C472&ssl=1&resize=350%2C200","width":350,"height":200,"srcset":"https:\/\/i0.wp.com\/www.shqiperia.com\/blog\/wp-content\/uploads\/2018\/12\/Kim-Mehmeti.jpg?fit=800%2C472&ssl=1&resize=350%2C200 1x, https:\/\/i0.wp.com\/www.shqiperia.com\/blog\/wp-content\/uploads\/2018\/12\/Kim-Mehmeti.jpg?fit=800%2C472&ssl=1&resize=525%2C300 1.5x, https:\/\/i0.wp.com\/www.shqiperia.com\/blog\/wp-content\/uploads\/2018\/12\/Kim-Mehmeti.jpg?fit=800%2C472&ssl=1&resize=700%2C400 2x"},"classes":[]},{"id":7801,"url":"https:\/\/www.shqiperia.com\/blog\/kim-mehmeti-na-kanoset-dicka-e-rrezikshme-ana-e-bukur-e-kultures-po-zhduket\/","url_meta":{"origin":16194,"position":2},"title":"Kim Mehmeti: Na kanoset di\u00e7ka e rrezikshme, ana e bukur e kultur\u00ebs po zhduket.-","author":"Kurt Farka","date":"May 22, 2018","format":false,"excerpt":"Kim Mehmeti:\u00a0Na kanoset di\u00e7ka e rrezikshme, ana e bukur e kultur\u00ebs po zhduket.- Kim Mehmeti, autor i \u201cMapo Edition\u201d me romanin \u201cPusi\u201d, ka qen\u00eb i pranish\u00ebm gjat\u00eb Dit\u00ebnet\u00ebve t\u00eb Librit q\u00eb u mbajt n\u00eb Muzeun Historik Komb\u00ebtar p\u00ebr t\u00eb folur mbi k\u00ebt\u00eb roman, por dhe let\u00ebrsin\u00eb n\u00eb t\u00ebr\u00ebsi, takim i\u2026","rel":"","context":"In &quot;Kultura&quot;","block_context":{"text":"Kultura","link":"https:\/\/www.shqiperia.com\/blog\/category\/kultura\/"},"img":{"alt_text":"","src":"https:\/\/i0.wp.com\/www.shqiperia.com\/blog\/wp-content\/uploads\/2018\/05\/Kim-Mehmeti.jpg?fit=770%2C395&ssl=1&resize=350%2C200","width":350,"height":200,"srcset":"https:\/\/i0.wp.com\/www.shqiperia.com\/blog\/wp-content\/uploads\/2018\/05\/Kim-Mehmeti.jpg?fit=770%2C395&ssl=1&resize=350%2C200 1x, https:\/\/i0.wp.com\/www.shqiperia.com\/blog\/wp-content\/uploads\/2018\/05\/Kim-Mehmeti.jpg?fit=770%2C395&ssl=1&resize=525%2C300 1.5x, https:\/\/i0.wp.com\/www.shqiperia.com\/blog\/wp-content\/uploads\/2018\/05\/Kim-Mehmeti.jpg?fit=770%2C395&ssl=1&resize=700%2C400 2x"},"classes":[]},{"id":87406,"url":"https:\/\/www.shqiperia.com\/blog\/kim-mehmeti-proces-gjyqesor-kunder-me-te-shenjtes-qe-kemi-gjuhes-shqipe\/","url_meta":{"origin":16194,"position":3},"title":"Kim Mehmeti: &#8211; Proces gjyq\u00ebsor kund\u00ebr m\u00eb t\u00eb shenjt\u00ebs q\u00eb kemi \u2013 gjuh\u00ebs shqipe!","author":"Kurt Farka","date":"December 14, 2024","format":false,"excerpt":"14 Dhjetor 2024 T\u00eb jesh 30 p\u00ebr qind i numrit t\u00eb p\u00ebrgjithsh\u00ebm t\u00eb banor\u00ebve t\u00eb shtetit, t\u00eb kesh pas shpine dy \u2018m\u00ebm\u00ebdhe\u2019 \u2013 Shqip\u00ebrin\u00eb e Kosov\u00ebn \u2013 e p\u00ebr gjuh\u00ebn t\u00ebnde t\u00eb vendosin gjykatat dhe ligjet, kjo shpjegon dhe shp\u00ebrfaq edhe mjerimin politik\u00eb t\u00eb nj\u00eb populli. Nd\u00ebrkoh\u00eb, a ju kujtohet\u2026","rel":"","context":"In &quot;Blogu i Udh\u00ebtarit&quot;","block_context":{"text":"Blogu i Udh\u00ebtarit","link":"https:\/\/www.shqiperia.com\/blog\/category\/blogu-i-udhetarit\/"},"img":{"alt_text":"","src":"https:\/\/i0.wp.com\/www.shqiperia.com\/blog\/wp-content\/uploads\/2024\/12\/kimi_sd.webp?fit=1200%2C675&ssl=1&resize=350%2C200","width":350,"height":200,"srcset":"https:\/\/i0.wp.com\/www.shqiperia.com\/blog\/wp-content\/uploads\/2024\/12\/kimi_sd.webp?fit=1200%2C675&ssl=1&resize=350%2C200 1x, https:\/\/i0.wp.com\/www.shqiperia.com\/blog\/wp-content\/uploads\/2024\/12\/kimi_sd.webp?fit=1200%2C675&ssl=1&resize=525%2C300 1.5x, https:\/\/i0.wp.com\/www.shqiperia.com\/blog\/wp-content\/uploads\/2024\/12\/kimi_sd.webp?fit=1200%2C675&ssl=1&resize=700%2C400 2x, https:\/\/i0.wp.com\/www.shqiperia.com\/blog\/wp-content\/uploads\/2024\/12\/kimi_sd.webp?fit=1200%2C675&ssl=1&resize=1050%2C600 3x"},"classes":[]},{"id":8371,"url":"https:\/\/www.shqiperia.com\/blog\/xhacka-ne-izrael-reagon-kim-mehmeti-shqiperia-po-merret-peng-nga-sherbimet-sekrete\/","url_meta":{"origin":16194,"position":4},"title":"Xha\u00e7ka n\u00eb Izrael, reagon Kim Mehmeti: Shqip\u00ebria po merret peng nga sh\u00ebrbimet sekrete. &#8211;","author":"Kurt Farka","date":"June 4, 2018","format":false,"excerpt":"Xha\u00e7ka n\u00eb Izrael, reagon Kim Mehmeti: Shqip\u00ebria po merret peng nga sh\u00ebrbimet sekrete Shkrimtari dhe publicist i njohur shqiptar, Kim Mehmeti \u00ebsht\u00eb shprehur i shqet\u00ebsuar pas vizit\u00ebs s\u00eb Ministres s\u00eb Mbrojtjes, Olta Xha\u00e7ka n\u00eb Izrael m\u00eb disa dit\u00eb m\u00eb pare. Sipas tij, Xha\u00e7ka ka shkuar n\u00eb Izrael p\u00ebr t\u00eb diskutuar\u2026","rel":"","context":"In &quot;Blogu i Udh\u00ebtarit&quot;","block_context":{"text":"Blogu i Udh\u00ebtarit","link":"https:\/\/www.shqiperia.com\/blog\/category\/blogu-i-udhetarit\/"},"img":{"alt_text":"","src":"https:\/\/i0.wp.com\/www.shqiperia.com\/blog\/wp-content\/uploads\/2018\/06\/Capture-3.jpg?fit=1077%2C501&ssl=1&resize=350%2C200","width":350,"height":200,"srcset":"https:\/\/i0.wp.com\/www.shqiperia.com\/blog\/wp-content\/uploads\/2018\/06\/Capture-3.jpg?fit=1077%2C501&ssl=1&resize=350%2C200 1x, https:\/\/i0.wp.com\/www.shqiperia.com\/blog\/wp-content\/uploads\/2018\/06\/Capture-3.jpg?fit=1077%2C501&ssl=1&resize=525%2C300 1.5x, https:\/\/i0.wp.com\/www.shqiperia.com\/blog\/wp-content\/uploads\/2018\/06\/Capture-3.jpg?fit=1077%2C501&ssl=1&resize=700%2C400 2x, https:\/\/i0.wp.com\/www.shqiperia.com\/blog\/wp-content\/uploads\/2018\/06\/Capture-3.jpg?fit=1077%2C501&ssl=1&resize=1050%2C600 3x"},"classes":[]},{"id":88174,"url":"https:\/\/www.shqiperia.com\/blog\/kim-mehmeti-nese-dikush-ta-perbuz-gjuhen-e-nenes-ai-te-ka-peshtyre-ne-fytyre\/","url_meta":{"origin":16194,"position":5},"title":"Kim Mehmeti: &#8211; N\u00ebse dikush ta p\u00ebrbuz gjuh\u00ebn e n\u00ebn\u00ebs, ai t\u00eb ka p\u00ebshtyr\u00eb n\u00eb fytyr\u00eb!","author":"Kurt Farka","date":"January 9, 2025","format":false,"excerpt":"9 Janar 2025 Kjo \u2018tezja\u2019 q\u00eb shpesh her\u00eb nuk e din\u00eb se ku ndodhet \u2013 por q\u00eb nuk harron se \u00ebsht\u00eb Presidente e Maqedonis\u00eb dhe se vendin duhet ta mbroj\u00eb nga armiku i natyrsh\u00ebm i tij, nga shqiptar\u00ebt \u2013 gjithmon\u00eb ka qen\u00eb parimore. Gjat\u00eb koh\u00ebs s\u00eb Millosheviqit ajo e mbronte\u2026","rel":"","context":"In &quot;Blogu i Udh\u00ebtarit&quot;","block_context":{"text":"Blogu i Udh\u00ebtarit","link":"https:\/\/www.shqiperia.com\/blog\/category\/blogu-i-udhetarit\/"},"img":{"alt_text":"","src":"https:\/\/i0.wp.com\/www.shqiperia.com\/blog\/wp-content\/uploads\/2025\/01\/kimi_sd.webp?fit=1200%2C675&ssl=1&resize=350%2C200","width":350,"height":200,"srcset":"https:\/\/i0.wp.com\/www.shqiperia.com\/blog\/wp-content\/uploads\/2025\/01\/kimi_sd.webp?fit=1200%2C675&ssl=1&resize=350%2C200 1x, https:\/\/i0.wp.com\/www.shqiperia.com\/blog\/wp-content\/uploads\/2025\/01\/kimi_sd.webp?fit=1200%2C675&ssl=1&resize=525%2C300 1.5x, https:\/\/i0.wp.com\/www.shqiperia.com\/blog\/wp-content\/uploads\/2025\/01\/kimi_sd.webp?fit=1200%2C675&ssl=1&resize=700%2C400 2x, https:\/\/i0.wp.com\/www.shqiperia.com\/blog\/wp-content\/uploads\/2025\/01\/kimi_sd.webp?fit=1200%2C675&ssl=1&resize=1050%2C600 3x"},"classes":[]}],"_links":{"self":[{"href":"https:\/\/www.shqiperia.com\/blog\/wp-json\/wp\/v2\/posts\/16194","targetHints":{"allow":["GET"]}}],"collection":[{"href":"https:\/\/www.shqiperia.com\/blog\/wp-json\/wp\/v2\/posts"}],"about":[{"href":"https:\/\/www.shqiperia.com\/blog\/wp-json\/wp\/v2\/types\/post"}],"author":[{"embeddable":true,"href":"https:\/\/www.shqiperia.com\/blog\/wp-json\/wp\/v2\/users\/9"}],"replies":[{"embeddable":true,"href":"https:\/\/www.shqiperia.com\/blog\/wp-json\/wp\/v2\/comments?post=16194"}],"version-history":[{"count":1,"href":"https:\/\/www.shqiperia.com\/blog\/wp-json\/wp\/v2\/posts\/16194\/revisions"}],"predecessor-version":[{"id":16197,"href":"https:\/\/www.shqiperia.com\/blog\/wp-json\/wp\/v2\/posts\/16194\/revisions\/16197"}],"wp:featuredmedia":[{"embeddable":true,"href":"https:\/\/www.shqiperia.com\/blog\/wp-json\/wp\/v2\/media\/16195"}],"wp:attachment":[{"href":"https:\/\/www.shqiperia.com\/blog\/wp-json\/wp\/v2\/media?parent=16194"}],"wp:term":[{"taxonomy":"category","embeddable":true,"href":"https:\/\/www.shqiperia.com\/blog\/wp-json\/wp\/v2\/categories?post=16194"},{"taxonomy":"post_tag","embeddable":true,"href":"https:\/\/www.shqiperia.com\/blog\/wp-json\/wp\/v2\/tags?post=16194"}],"curies":[{"name":"wp","href":"https:\/\/api.w.org\/{rel}","templated":true}]}}