{"id":16190,"date":"2019-01-16T21:20:30","date_gmt":"2019-01-16T21:20:30","guid":{"rendered":"http:\/\/www.shqiperia.com\/blog\/?p=16190"},"modified":"2019-01-16T21:20:30","modified_gmt":"2019-01-16T21:20:30","slug":"do-ta-rrezojme-qeverine-basha-merr-vendimin-pas-mbledhjes-te-shtunen-opozita-do-te-nise","status":"publish","type":"post","link":"https:\/\/www.shqiperia.com\/blog\/do-ta-rrezojme-qeverine-basha-merr-vendimin-pas-mbledhjes-te-shtunen-opozita-do-te-nise\/","title":{"rendered":"\u201cDo ta rr\u00ebzojm\u00eb qeverin\u00eb\u201d, Basha merr vendimin pas mbledhjes: T\u00eb shtun\u00ebn opozita do t\u00eb nis\u00eb\u2026-"},"content":{"rendered":"<div id=\"attachment_16191\" style=\"width: 485px\" class=\"wp-caption alignnone\"><img data-recalc-dims=\"1\" loading=\"lazy\" decoding=\"async\" aria-describedby=\"caption-attachment-16191\" data-attachment-id=\"16191\" data-permalink=\"https:\/\/www.shqiperia.com\/blog\/do-ta-rrezojme-qeverine-basha-merr-vendimin-pas-mbledhjes-te-shtunen-opozita-do-te-nise\/attachment\/454451\/\" data-orig-file=\"https:\/\/i0.wp.com\/www.shqiperia.com\/blog\/wp-content\/uploads\/2019\/01\/454451.jpg?fit=856%2C474&amp;ssl=1\" data-orig-size=\"856,474\" data-comments-opened=\"1\" data-image-meta=\"{&quot;aperture&quot;:&quot;0&quot;,&quot;credit&quot;:&quot;user&quot;,&quot;camera&quot;:&quot;&quot;,&quot;caption&quot;:&quot;&quot;,&quot;created_timestamp&quot;:&quot;1547667895&quot;,&quot;copyright&quot;:&quot;&quot;,&quot;focal_length&quot;:&quot;0&quot;,&quot;iso&quot;:&quot;0&quot;,&quot;shutter_speed&quot;:&quot;0&quot;,&quot;title&quot;:&quot;&quot;,&quot;orientation&quot;:&quot;0&quot;}\" data-image-title=\"Do ta rrezojme QEVERINE\" data-image-description=\"\" data-image-caption=\"&lt;p&gt;Do ta rrezojme QEVERINE&lt;\/p&gt;\n\" data-medium-file=\"https:\/\/i0.wp.com\/www.shqiperia.com\/blog\/wp-content\/uploads\/2019\/01\/454451.jpg?fit=300%2C166&amp;ssl=1\" data-large-file=\"https:\/\/i0.wp.com\/www.shqiperia.com\/blog\/wp-content\/uploads\/2019\/01\/454451.jpg?fit=856%2C474&amp;ssl=1\" class=\" wp-image-16191\" alt=\"\" src=\"https:\/\/i0.wp.com\/www.shqiperia.com\/blog\/wp-content\/uploads\/2019\/01\/454451-300x166.jpg?resize=475%2C263\" width=\"475\" height=\"263\" srcset=\"https:\/\/i0.wp.com\/www.shqiperia.com\/blog\/wp-content\/uploads\/2019\/01\/454451.jpg?resize=300%2C166&amp;ssl=1 300w, https:\/\/i0.wp.com\/www.shqiperia.com\/blog\/wp-content\/uploads\/2019\/01\/454451.jpg?resize=768%2C425&amp;ssl=1 768w, https:\/\/i0.wp.com\/www.shqiperia.com\/blog\/wp-content\/uploads\/2019\/01\/454451.jpg?resize=450%2C249&amp;ssl=1 450w, https:\/\/i0.wp.com\/www.shqiperia.com\/blog\/wp-content\/uploads\/2019\/01\/454451.jpg?resize=600%2C332&amp;ssl=1 600w, https:\/\/i0.wp.com\/www.shqiperia.com\/blog\/wp-content\/uploads\/2019\/01\/454451.jpg?resize=400%2C221&amp;ssl=1 400w, https:\/\/i0.wp.com\/www.shqiperia.com\/blog\/wp-content\/uploads\/2019\/01\/454451.jpg?w=856&amp;ssl=1 856w\" sizes=\"auto, (max-width: 475px) 100vw, 475px\" \/><p id=\"caption-attachment-16191\" class=\"wp-caption-text\">Do ta rrezojme QEVERINE<\/p><\/div>\n<p><strong>\u201cDo ta rr\u00ebzojm\u00eb qeverin\u00eb\u201d, Basha merr vendimin pas mbledhjes: T\u00eb shtun\u00ebn opozita do t\u00eb nis\u00eb\u2026-<\/strong><\/p>\n<p>16 janar 2019<\/p>\n<p><strong>Kryetari i Partis\u00eb Demokratike, Lulzim Basha, ka lajm\u00ebruar se t\u00eb shtun\u00ebn, dat\u00eb PD do t\u00eb mbledh\u00eb K\u00ebshillin Komb\u00ebtar p\u00ebr vendsojen e nj\u00eb date p\u00ebr nisjen e protestave popullore.\u00a0 \u00a0 \u00a0 \u00a0 \u00a0 \u00a0 \u00a0 \u00a0 \u00a0 \u00a0 \u00a0 \u00a0 \u00a0 \u00a0 \u00a0 \u00a0\u00a0<\/strong><\/p>\n<p>Deklarat\u00ebn e b\u00ebri nga selia e\u00a0PD-s\u00eb, pas nj\u00eb mbledhjeje me aleat\u00ebt p\u00ebr rreth 1 or\u00eb e 30 minuta, ku Basha u shpreh se opozita ka vendosur q\u00eb t\u00eb udh\u00ebheq\u00eb protestat popullore, deri n\u00eb rr\u00ebzimin e Edi Ram\u00ebs.<\/p>\n<p>\u201cE gjith\u00eb Shqip\u00ebria dhe e gjith\u00eb bota e pa se si n\u00eb parlament Edi Rama i hoqi opozit\u00ebs edhe t\u00eb drejt\u00ebn elementare m\u00eb kushtetuese, t\u00eb drejt\u00ebn p\u00ebr t\u00eb folur.\u00a0 Vendi po rr\u00ebshket drejt autoritarizmit dhe diktatur\u00ebs, Edi Rama ka tani nj\u00eb parlament privat p\u00ebr t\u00eb shkat\u00ebrruar interesat komb\u00ebtare. Ka nd\u00ebrtuar nj\u00eb qeveri private p\u00ebr t\u00eb vjedhur qytetar\u00ebt dhe ka nd\u00ebrtuar nj\u00eb shtet privat p\u00ebr t\u00eb dhunuar qytetar\u00ebt.<\/p>\n<p>Opozita \u00ebsht\u00eb e vendosur t\u2019i jap\u00eb fund kriz\u00ebs politike dhe ekonomike ku \u00ebsht\u00eb vendi, prandaj n\u00eb p\u00ebrgjigje t\u00eb mij\u00ebra mesazheve dhe duke d\u00ebgjuar z\u00ebrin e qytetar\u00ebve, ne vendos\u00ebm t\u00eb udh\u00ebheqim revolt\u00ebn e qytetar\u00ebve me protesta popullore deri n\u00eb rr\u00ebzimin e Edi Ram\u00ebs.<\/p>\n<p>Ky \u00ebsht\u00eb vendimi i opozit\u00ebs s\u00eb bashkuar\u2026.<\/p>\n<p>Dit\u00ebn e shtun\u00eb PD do t\u00eb mbledh\u00eb K\u00ebshillin Komb\u00ebtar p\u00ebr t\u00eb p\u00ebrcaktuar dit\u00ebn e nisjes s\u00eb protestave popullore dhe secila prej partive an\u00ebtare t\u00eb koalicionit t\u00eb opozit\u00eb s\u00eb bashkuar, p\u00ebrfaq\u00ebsuesit parlamentar dhe p\u00ebrfaq\u00ebsuesit e tjer\u00eb, po k\u00ebshtu do t\u00eb mbledhin forumet e tyre. Do t\u00eb vendosim e do t\u00eb komunikojm\u00eb shum\u00eb shpejt nisjen e protestave popullore sipas vendimit q\u00eb kemi marr\u00eb\u201d, u shpreh Basha n\u00eb nj\u00eb deklarat\u00eb para mediave.<\/p>\n<p>I pyetur n\u00ebse do t\u00eb marrin pjes\u00eb n\u00eb parlament, paralelisht me protest\u00ebn, Basha u shpreh se \u201cdo t\u00eb b\u00ebjm\u00eb gjith\u00e7ka p\u00ebr t\u2019i sh\u00ebrbyer objektivit q\u00eb shpall\u00ebm k\u00ebtu, largimit nj\u00eb or\u00eb e m\u00eb par\u00eb t\u00eb Edi Ram\u00ebs.<\/p>\n<div id=\"attachment_16192\" style=\"width: 859px\" class=\"wp-caption alignnone\"><img data-recalc-dims=\"1\" loading=\"lazy\" decoding=\"async\" aria-describedby=\"caption-attachment-16192\" data-attachment-id=\"16192\" data-permalink=\"https:\/\/www.shqiperia.com\/blog\/do-ta-rrezojme-qeverine-basha-merr-vendimin-pas-mbledhjes-te-shtunen-opozita-do-te-nise\/454451-2\/\" data-orig-file=\"https:\/\/i0.wp.com\/www.shqiperia.com\/blog\/wp-content\/uploads\/2019\/01\/454451-1.jpg?fit=856%2C474&amp;ssl=1\" data-orig-size=\"856,474\" data-comments-opened=\"1\" data-image-meta=\"{&quot;aperture&quot;:&quot;0&quot;,&quot;credit&quot;:&quot;user&quot;,&quot;camera&quot;:&quot;&quot;,&quot;caption&quot;:&quot;&quot;,&quot;created_timestamp&quot;:&quot;1547667895&quot;,&quot;copyright&quot;:&quot;&quot;,&quot;focal_length&quot;:&quot;0&quot;,&quot;iso&quot;:&quot;0&quot;,&quot;shutter_speed&quot;:&quot;0&quot;,&quot;title&quot;:&quot;&quot;,&quot;orientation&quot;:&quot;0&quot;}\" data-image-title=\"Do ta rrezojme QEVERINE\" data-image-description=\"\" data-image-caption=\"&lt;p&gt;Do ta rrezojme QEVERINE&lt;\/p&gt;\n\" data-medium-file=\"https:\/\/i0.wp.com\/www.shqiperia.com\/blog\/wp-content\/uploads\/2019\/01\/454451-1.jpg?fit=300%2C166&amp;ssl=1\" data-large-file=\"https:\/\/i0.wp.com\/www.shqiperia.com\/blog\/wp-content\/uploads\/2019\/01\/454451-1.jpg?fit=856%2C474&amp;ssl=1\" class=\" wp-image-16192\" alt=\"\" src=\"https:\/\/i0.wp.com\/www.shqiperia.com\/blog\/wp-content\/uploads\/2019\/01\/454451-1-300x166.jpg?resize=849%2C470\" width=\"849\" height=\"470\" srcset=\"https:\/\/i0.wp.com\/www.shqiperia.com\/blog\/wp-content\/uploads\/2019\/01\/454451-1.jpg?resize=300%2C166&amp;ssl=1 300w, https:\/\/i0.wp.com\/www.shqiperia.com\/blog\/wp-content\/uploads\/2019\/01\/454451-1.jpg?resize=768%2C425&amp;ssl=1 768w, https:\/\/i0.wp.com\/www.shqiperia.com\/blog\/wp-content\/uploads\/2019\/01\/454451-1.jpg?resize=450%2C249&amp;ssl=1 450w, https:\/\/i0.wp.com\/www.shqiperia.com\/blog\/wp-content\/uploads\/2019\/01\/454451-1.jpg?resize=600%2C332&amp;ssl=1 600w, https:\/\/i0.wp.com\/www.shqiperia.com\/blog\/wp-content\/uploads\/2019\/01\/454451-1.jpg?resize=400%2C221&amp;ssl=1 400w, https:\/\/i0.wp.com\/www.shqiperia.com\/blog\/wp-content\/uploads\/2019\/01\/454451-1.jpg?w=856&amp;ssl=1 856w\" sizes=\"auto, (max-width: 849px) 100vw, 849px\" \/><p id=\"caption-attachment-16192\" class=\"wp-caption-text\">Do ta rrezojme QEVERINE<\/p><\/div>\n","protected":false},"excerpt":{"rendered":"<p>\u201cDo ta rr\u00ebzojm\u00eb qeverin\u00eb\u201d, Basha merr vendimin pas mbledhjes: T\u00eb shtun\u00ebn opozita do t\u00eb nis\u00eb\u2026- 16 janar 2019 Kryetari i Partis\u00eb Demokratike, Lulzim Basha, ka lajm\u00ebruar se t\u00eb shtun\u00ebn, dat\u00eb PD do t\u00eb mbledh\u00eb K\u00ebshillin Komb\u00ebtar p\u00ebr vendsojen e nj\u00eb date p\u00ebr nisjen e protestave popullore.\u00a0 \u00a0 \u00a0 \u00a0 \u00a0 \u00a0 \u00a0 \u00a0 \u00a0 \u00a0 [&hellip;]<\/p>\n","protected":false},"author":9,"featured_media":16191,"comment_status":"open","ping_status":"open","sticky":false,"template":"","format":"standard","meta":{"jetpack_post_was_ever_published":false,"_jetpack_newsletter_access":"","_jetpack_dont_email_post_to_subs":false,"_jetpack_newsletter_tier_id":0,"_jetpack_memberships_contains_paywalled_content":false,"_jetpack_memberships_contains_paid_content":false,"footnotes":"","jetpack_publicize_message":"","jetpack_publicize_feature_enabled":true,"jetpack_social_post_already_shared":true,"jetpack_social_options":{"image_generator_settings":{"template":"highway","default_image_id":0,"font":"","enabled":false},"version":2}},"categories":[1,2,35],"tags":[],"class_list":["post-16190","post","type-post","status-publish","format-standard","has-post-thumbnail","hentry","category-njoftime-shtypi","category-politika","category-shoqerore"],"jetpack_publicize_connections":[],"jetpack_featured_media_url":"https:\/\/i0.wp.com\/www.shqiperia.com\/blog\/wp-content\/uploads\/2019\/01\/454451.jpg?fit=856%2C474&ssl=1","jetpack_sharing_enabled":true,"jetpack_shortlink":"https:\/\/wp.me\/p5Z6wp-4d8","jetpack-related-posts":[{"id":49735,"url":"https:\/\/www.shqiperia.com\/blog\/lulzim-basha-merr-vendimin-e-bujshem-largon-sali-berishen-nga-grupi-parlamentar-i-pd\/","url_meta":{"origin":16190,"position":0},"title":"Lulzim Basha merr vendimin e bujsh\u00ebm, largon Sali Berish\u00ebn nga grupi parlamentar i PD","author":"Kurt Farka","date":"September 9, 2021","format":false,"excerpt":"Lulzim Basha merr vendimin e bujsh\u00ebm, largon Sali Berish\u00ebn nga grupi parlamentar i PD 9 SHTATOR 2021 Sot kryedemokrati Lulzim Basha ka mbledhur Kryesin\u00eb e Grupit Parlamentar, n\u00eb p\u00ebrb\u00ebrje t\u00eb s\u00eb cilit jan\u00eb kreu i grupit parlamentar, Alfred Rushaj, n\u00ebnkryetar\u00ebt Ervin Salianji dhe Lu\u00e7iano Bo\u00e7i, z\u00ebdh\u00ebn\u00ebsja Oriola Pampuri dhe Sekretari\u2026","rel":"","context":"In &quot;Politika&quot;","block_context":{"text":"Politika","link":"https:\/\/www.shqiperia.com\/blog\/category\/politika\/"},"img":{"alt_text":"","src":"https:\/\/i0.wp.com\/www.shqiperia.com\/blog\/wp-content\/uploads\/2021\/09\/800-0-613a4dbfd23b2.jpg?fit=800%2C500&ssl=1&resize=350%2C200","width":350,"height":200,"srcset":"https:\/\/i0.wp.com\/www.shqiperia.com\/blog\/wp-content\/uploads\/2021\/09\/800-0-613a4dbfd23b2.jpg?fit=800%2C500&ssl=1&resize=350%2C200 1x, https:\/\/i0.wp.com\/www.shqiperia.com\/blog\/wp-content\/uploads\/2021\/09\/800-0-613a4dbfd23b2.jpg?fit=800%2C500&ssl=1&resize=525%2C300 1.5x, https:\/\/i0.wp.com\/www.shqiperia.com\/blog\/wp-content\/uploads\/2021\/09\/800-0-613a4dbfd23b2.jpg?fit=800%2C500&ssl=1&resize=700%2C400 2x"},"classes":[]},{"id":18840,"url":"https:\/\/www.shqiperia.com\/blog\/basha-ndjese-ne-emer-te-pd-per-te-gjithe-ata-qe-u-bene-milionere-ne-kurrizin-tone\/","url_meta":{"origin":16190,"position":1},"title":"Basha: -\u201cNdjes\u00eb n\u00eb em\u00ebr t\u00eb PD p\u00ebr t\u00eb gjith\u00eb ata q\u00eb u b\u00ebn\u00eb milioner\u00eb n\u00eb kurrizin ton\u00eb.\u201d","author":"Kurt Farka","date":"March 28, 2019","format":false,"excerpt":"Basha: -\u201cNdjes\u00eb n\u00eb em\u00ebr t\u00eb PD p\u00ebr t\u00eb gjith\u00eb ata q\u00eb u b\u00ebn\u00eb milioner\u00eb n\u00eb kurrizin ton\u00eb.\u201d 28\/03\/19 | Nga: mapo.al Kryetari i Partis\u00eb Demokratike, Lulzim Basha, e mbylli protest\u00ebn e radh\u00ebs t\u00eb opozit\u00ebs me disa mesazhe t\u00eb forta.\u00a0Fillimisht, duke folur p\u00ebrpara protestuesve, Basha tha se or\u00ebt e Edi Ram\u00ebs\u2026","rel":"","context":"In &quot;Blogu i Udh\u00ebtarit&quot;","block_context":{"text":"Blogu i Udh\u00ebtarit","link":"https:\/\/www.shqiperia.com\/blog\/category\/blogu-i-udhetarit\/"},"img":{"alt_text":"","src":"https:\/\/i0.wp.com\/www.shqiperia.com\/blog\/wp-content\/uploads\/2019\/03\/basha-3.jpg?fit=1100%2C620&ssl=1&resize=350%2C200","width":350,"height":200,"srcset":"https:\/\/i0.wp.com\/www.shqiperia.com\/blog\/wp-content\/uploads\/2019\/03\/basha-3.jpg?fit=1100%2C620&ssl=1&resize=350%2C200 1x, https:\/\/i0.wp.com\/www.shqiperia.com\/blog\/wp-content\/uploads\/2019\/03\/basha-3.jpg?fit=1100%2C620&ssl=1&resize=525%2C300 1.5x, https:\/\/i0.wp.com\/www.shqiperia.com\/blog\/wp-content\/uploads\/2019\/03\/basha-3.jpg?fit=1100%2C620&ssl=1&resize=700%2C400 2x, https:\/\/i0.wp.com\/www.shqiperia.com\/blog\/wp-content\/uploads\/2019\/03\/basha-3.jpg?fit=1100%2C620&ssl=1&resize=1050%2C600 3x"},"classes":[]},{"id":34675,"url":"https:\/\/www.shqiperia.com\/blog\/teatri-vija-e-kuqe-basha-proteste-me-artistet-nese-e-shembin-te-presin-zjarrin-e-popullit-ne-institucione-e-qendra-tregtare-budina-opozita-eshte-me-ne\/","url_meta":{"origin":16190,"position":2},"title":"Teatri \u2018vija e kuqe&#8217;, Basha protest\u00eb me artist\u00ebt: &#8211; N\u00ebse e shembin t\u00eb presin zjarrin e popullit n\u00eb institucione e qendra tregtare! Budina: Opozita \u00ebsht\u00eb me ne","author":"Kurt Farka","date":"May 15, 2020","format":false,"excerpt":"Teatri \u2018vija e kuqe', Basha protest\u00eb me artist\u00ebt: - N\u00ebse e shembin t\u00eb presin zjarrin e popullit n\u00eb institucione e qendra tregtare! Budina: Opozita \u00ebsht\u00eb me ne Opozita \u00ebsht\u00eb zotuar se do t\u00eb p\u00ebrkrah\u00eb kauz\u00ebn e artist\u00ebve, t\u00eb cil\u00ebt thon\u00eb se Teatri Komb\u00ebtar nuk mund t\u00eb shembet, pasi \u00ebsht\u00eb nj\u00eb\u2026","rel":"","context":"In &quot;Blogu i Udh\u00ebtarit&quot;","block_context":{"text":"Blogu i Udh\u00ebtarit","link":"https:\/\/www.shqiperia.com\/blog\/category\/blogu-i-udhetarit\/"},"img":{"alt_text":"","src":"https:\/\/i0.wp.com\/www.shqiperia.com\/blog\/wp-content\/uploads\/2020\/05\/1589466766_basha.jpg?fit=780%2C440&ssl=1&resize=350%2C200","width":350,"height":200,"srcset":"https:\/\/i0.wp.com\/www.shqiperia.com\/blog\/wp-content\/uploads\/2020\/05\/1589466766_basha.jpg?fit=780%2C440&ssl=1&resize=350%2C200 1x, https:\/\/i0.wp.com\/www.shqiperia.com\/blog\/wp-content\/uploads\/2020\/05\/1589466766_basha.jpg?fit=780%2C440&ssl=1&resize=525%2C300 1.5x, https:\/\/i0.wp.com\/www.shqiperia.com\/blog\/wp-content\/uploads\/2020\/05\/1589466766_basha.jpg?fit=780%2C440&ssl=1&resize=700%2C400 2x"},"classes":[]},{"id":20215,"url":"https:\/\/www.shqiperia.com\/blog\/basha-flet-per-mercenare-ne-milot-nuk-ka-zgjedhje-me-30-qershor-opozita-nuk-klonohet-mesazh-patosit\/","url_meta":{"origin":16190,"position":3},"title":"\u00a0Basha flet p\u00ebr mercenar\u00eb n\u00eb Milot: &#8211; Nuk ka zgjedhje m\u00eb 30 qershor, opozita nuk klonohet! &#8211; Mesazh Patosit. \u2013","author":"Kurt Farka","date":"April 25, 2019","format":false,"excerpt":"Basha flet p\u00ebr mercenar\u00eb n\u00eb Milot: - Nuk ka zgjedhje m\u00eb 30 qershor, opozita nuk klonohet! - Mesazh Patosit. \u2013 25 Prill \u00a02019 \u00a0 Kreu demokrat tha nga Miloti se nuk do t\u00eb ket\u00eb zgjedhje m\u00eb 30 qershor dhe se opozita as nuk klonohet dhe as nuk shpiket si krijohen\u2026","rel":"","context":"In &quot;Blogu i Udh\u00ebtarit&quot;","block_context":{"text":"Blogu i Udh\u00ebtarit","link":"https:\/\/www.shqiperia.com\/blog\/category\/blogu-i-udhetarit\/"},"img":{"alt_text":"","src":"https:\/\/i0.wp.com\/www.shqiperia.com\/blog\/wp-content\/uploads\/2019\/04\/basha9.jpg?fit=785%2C409&ssl=1&resize=350%2C200","width":350,"height":200,"srcset":"https:\/\/i0.wp.com\/www.shqiperia.com\/blog\/wp-content\/uploads\/2019\/04\/basha9.jpg?fit=785%2C409&ssl=1&resize=350%2C200 1x, https:\/\/i0.wp.com\/www.shqiperia.com\/blog\/wp-content\/uploads\/2019\/04\/basha9.jpg?fit=785%2C409&ssl=1&resize=525%2C300 1.5x, https:\/\/i0.wp.com\/www.shqiperia.com\/blog\/wp-content\/uploads\/2019\/04\/basha9.jpg?fit=785%2C409&ssl=1&resize=700%2C400 2x"},"classes":[]},{"id":96623,"url":"https:\/\/www.shqiperia.com\/blog\/pd-duhet-te-binde-edhe-lapajn-shehajn-e-qorin-salianji-qellimi-eshte-rrezimi-i-rames-terhiqem-nese-une-jam-pengese\/","url_meta":{"origin":16190,"position":4},"title":"\u2018PD duhet t\u00eb bind\u00eb edhe Lapajn, Shehajn e Qorin\u2019,.Salianji: &#8211; Q\u00ebllimi \u00ebsht\u00eb rr\u00ebzimi i Ram\u00ebs, t\u00ebrhiqem n\u00ebse un\u00eb jam penges\u00eb.","author":"Kurt Farka","date":"January 16, 2026","format":false,"excerpt":"16 Janar 2026 Ish-deputeti i Partis\u00eb Demokratike, Ervin Salianji, ka folur p\u00ebr strategjin\u00eb q\u00eb, sipas tij, opozita duhet t\u00eb ndjek\u00eb p\u00ebr t\u00eb fituar me vot\u00eb kund\u00ebr qeveris\u00eb Rama, n\u00eb nj\u00eb koh\u00eb kur ai ka nisur nj\u00eb l\u00ebvizje me demokrat\u00ebt n\u00eb t\u00eb gjith\u00eb Shqip\u00ebrin\u00eb. I ftuar n\u00eb nj\u00eb emision televiziv, Salianji\u2026","rel":"","context":"In &quot;Blogu i Udh\u00ebtarit&quot;","block_context":{"text":"Blogu i Udh\u00ebtarit","link":"https:\/\/www.shqiperia.com\/blog\/category\/blogu-i-udhetarit\/"},"img":{"alt_text":"","src":"https:\/\/i0.wp.com\/www.shqiperia.com\/blog\/wp-content\/uploads\/2026\/01\/ervin-salianji-688x450-1.jpg?fit=688%2C450&ssl=1&resize=350%2C200","width":350,"height":200,"srcset":"https:\/\/i0.wp.com\/www.shqiperia.com\/blog\/wp-content\/uploads\/2026\/01\/ervin-salianji-688x450-1.jpg?fit=688%2C450&ssl=1&resize=350%2C200 1x, https:\/\/i0.wp.com\/www.shqiperia.com\/blog\/wp-content\/uploads\/2026\/01\/ervin-salianji-688x450-1.jpg?fit=688%2C450&ssl=1&resize=525%2C300 1.5x"},"classes":[]},{"id":23462,"url":"https:\/\/www.shqiperia.com\/blog\/basha-nga-tropoja-rama-ka-diskriminuar-bashkite-e-veriut-objektivi-yne-eshte-ta-largojme\/","url_meta":{"origin":16190,"position":5},"title":"Basha nga Tropoja: &#8211; Rama ka diskriminuar bashkit\u00eb e veriut, objektivi yn\u00eb \u00ebsht\u00eb ta largojm\u00eb","author":"Kurt Farka","date":"July 23, 2019","format":false,"excerpt":"Basha nga Tropoja: - Rama ka diskriminuar bashkit\u00eb e veriut, objektivi yn\u00eb \u00ebsht\u00eb ta largojm\u00eb Lulzim Basha ka deklaruar se Rama ka diskriminuar bashkit\u00eb e veriut dhe ka nd\u00ebshkuar politikisht qytetar\u00ebt. Ai ka theksuar objektivi i tyre \u00ebsht\u00eb ta largojm\u00eb nga pushteti Ram\u00ebn pasi ka varf\u00ebruar qytetar\u00ebt. 23 Korrik, 2019\u2026","rel":"","context":"In &quot;Blogu i Udh\u00ebtarit&quot;","block_context":{"text":"Blogu i Udh\u00ebtarit","link":"https:\/\/www.shqiperia.com\/blog\/category\/blogu-i-udhetarit\/"},"img":{"alt_text":"","src":"https:\/\/i0.wp.com\/www.shqiperia.com\/blog\/wp-content\/uploads\/2019\/07\/a-12.jpg?fit=1000%2C580&ssl=1&resize=350%2C200","width":350,"height":200,"srcset":"https:\/\/i0.wp.com\/www.shqiperia.com\/blog\/wp-content\/uploads\/2019\/07\/a-12.jpg?fit=1000%2C580&ssl=1&resize=350%2C200 1x, https:\/\/i0.wp.com\/www.shqiperia.com\/blog\/wp-content\/uploads\/2019\/07\/a-12.jpg?fit=1000%2C580&ssl=1&resize=525%2C300 1.5x, https:\/\/i0.wp.com\/www.shqiperia.com\/blog\/wp-content\/uploads\/2019\/07\/a-12.jpg?fit=1000%2C580&ssl=1&resize=700%2C400 2x"},"classes":[]}],"_links":{"self":[{"href":"https:\/\/www.shqiperia.com\/blog\/wp-json\/wp\/v2\/posts\/16190","targetHints":{"allow":["GET"]}}],"collection":[{"href":"https:\/\/www.shqiperia.com\/blog\/wp-json\/wp\/v2\/posts"}],"about":[{"href":"https:\/\/www.shqiperia.com\/blog\/wp-json\/wp\/v2\/types\/post"}],"author":[{"embeddable":true,"href":"https:\/\/www.shqiperia.com\/blog\/wp-json\/wp\/v2\/users\/9"}],"replies":[{"embeddable":true,"href":"https:\/\/www.shqiperia.com\/blog\/wp-json\/wp\/v2\/comments?post=16190"}],"version-history":[{"count":1,"href":"https:\/\/www.shqiperia.com\/blog\/wp-json\/wp\/v2\/posts\/16190\/revisions"}],"predecessor-version":[{"id":16193,"href":"https:\/\/www.shqiperia.com\/blog\/wp-json\/wp\/v2\/posts\/16190\/revisions\/16193"}],"wp:featuredmedia":[{"embeddable":true,"href":"https:\/\/www.shqiperia.com\/blog\/wp-json\/wp\/v2\/media\/16191"}],"wp:attachment":[{"href":"https:\/\/www.shqiperia.com\/blog\/wp-json\/wp\/v2\/media?parent=16190"}],"wp:term":[{"taxonomy":"category","embeddable":true,"href":"https:\/\/www.shqiperia.com\/blog\/wp-json\/wp\/v2\/categories?post=16190"},{"taxonomy":"post_tag","embeddable":true,"href":"https:\/\/www.shqiperia.com\/blog\/wp-json\/wp\/v2\/tags?post=16190"}],"curies":[{"name":"wp","href":"https:\/\/api.w.org\/{rel}","templated":true}]}}