{"id":16138,"date":"2019-01-16T09:02:14","date_gmt":"2019-01-16T09:02:14","guid":{"rendered":"http:\/\/www.shqiperia.com\/blog\/?p=16138"},"modified":"2019-01-16T09:02:59","modified_gmt":"2019-01-16T09:02:59","slug":"deklarata-e-forte-e-putinit-shba-po-destabilizon-ballkanin-situata-shqetesuese","status":"publish","type":"post","link":"https:\/\/www.shqiperia.com\/blog\/deklarata-e-forte-e-putinit-shba-po-destabilizon-ballkanin-situata-shqetesuese\/","title":{"rendered":"Deklarata e fort\u00eb e Putinit: &#8211; SHBA po destabilizon Ballkanin, situata shqet\u00ebsuese. &#8211;"},"content":{"rendered":"<div id=\"attachment_16139\" style=\"width: 446px\" class=\"wp-caption alignnone\"><img data-recalc-dims=\"1\" loading=\"lazy\" decoding=\"async\" aria-describedby=\"caption-attachment-16139\" data-attachment-id=\"16139\" data-permalink=\"https:\/\/www.shqiperia.com\/blog\/deklarata-e-forte-e-putinit-shba-po-destabilizon-ballkanin-situata-shqetesuese\/putin\/\" data-orig-file=\"https:\/\/i0.wp.com\/www.shqiperia.com\/blog\/wp-content\/uploads\/2019\/01\/putin.jpg?fit=921%2C533&amp;ssl=1\" data-orig-size=\"921,533\" data-comments-opened=\"1\" data-image-meta=\"{&quot;aperture&quot;:&quot;0&quot;,&quot;credit&quot;:&quot;&quot;,&quot;camera&quot;:&quot;&quot;,&quot;caption&quot;:&quot;&quot;,&quot;created_timestamp&quot;:&quot;0&quot;,&quot;copyright&quot;:&quot;&quot;,&quot;focal_length&quot;:&quot;0&quot;,&quot;iso&quot;:&quot;0&quot;,&quot;shutter_speed&quot;:&quot;0&quot;,&quot;title&quot;:&quot;&quot;,&quot;orientation&quot;:&quot;0&quot;}\" data-image-title=\"putin\" data-image-description=\"\" data-image-caption=\"&lt;p&gt;putin&lt;\/p&gt;\n\" data-medium-file=\"https:\/\/i0.wp.com\/www.shqiperia.com\/blog\/wp-content\/uploads\/2019\/01\/putin.jpg?fit=300%2C174&amp;ssl=1\" data-large-file=\"https:\/\/i0.wp.com\/www.shqiperia.com\/blog\/wp-content\/uploads\/2019\/01\/putin.jpg?fit=921%2C533&amp;ssl=1\" class=\" wp-image-16139\" alt=\"\" src=\"https:\/\/i0.wp.com\/www.shqiperia.com\/blog\/wp-content\/uploads\/2019\/01\/putin-300x174.jpg?resize=436%2C253\" width=\"436\" height=\"253\" srcset=\"https:\/\/i0.wp.com\/www.shqiperia.com\/blog\/wp-content\/uploads\/2019\/01\/putin.jpg?resize=300%2C174&amp;ssl=1 300w, https:\/\/i0.wp.com\/www.shqiperia.com\/blog\/wp-content\/uploads\/2019\/01\/putin.jpg?resize=768%2C444&amp;ssl=1 768w, https:\/\/i0.wp.com\/www.shqiperia.com\/blog\/wp-content\/uploads\/2019\/01\/putin.jpg?resize=450%2C260&amp;ssl=1 450w, https:\/\/i0.wp.com\/www.shqiperia.com\/blog\/wp-content\/uploads\/2019\/01\/putin.jpg?resize=600%2C347&amp;ssl=1 600w, https:\/\/i0.wp.com\/www.shqiperia.com\/blog\/wp-content\/uploads\/2019\/01\/putin.jpg?resize=400%2C231&amp;ssl=1 400w, https:\/\/i0.wp.com\/www.shqiperia.com\/blog\/wp-content\/uploads\/2019\/01\/putin.jpg?w=921&amp;ssl=1 921w\" sizes=\"auto, (max-width: 436px) 100vw, 436px\" \/><p id=\"caption-attachment-16139\" class=\"wp-caption-text\">putin<\/p><\/div>\n<p><strong>Deklarata e fort\u00eb e Putinit: &#8211; SHBA po destabilizon Ballkanin, situata shqet\u00ebsuese. &#8211;<br \/>\n<\/strong><\/p>\n<p><strong>\u201cShtetet e Bashkuara po destabilizojn\u00eb Ballkanin duke imponuar rolin e tyre dominues n\u00eb rajon\u201d. Keshtu eshte shprehur presidenti rus, Vladimir Putin, ne nje interviste te dhene per mediat serbe, nje dite para takimit te tij me homologun Vu\u00e7i\u00e7.\u00a0<\/strong><\/p>\n<p>Putin i ka b\u00ebr\u00eb k\u00ebto komente gazetat serbe, Ve\u00e7ernje Novosti dhe Politika, t\u00eb publikuara m\u00eb 15 janar, pak para se t\u00eb vizitoj\u00eb Serbin\u00eb k\u00ebt\u00eb jav\u00eb.<\/p>\n<p>Komentet e presidentit rus jan\u00eb publikuar edhe n\u00eb faqen online t\u00eb Kremlinit.\u00a0N\u00eb deklaratat e tij \u00ebsht\u00eb theksuar edhe nj\u00eb her\u00eb lidhja e ngusht\u00eb historike e Mosk\u00ebs me Serbin\u00eb, si dhe paralajm\u00ebrimi p\u00ebr ndikimin per\u00ebndimor.<\/p>\n<p>Komentet e tij kan\u00eb qen\u00eb edhe n\u00eb kund\u00ebrshtim me paralajm\u00ebrimet nga Uashingtoni dhe nga disa vende evropiane q\u00eb jan\u00eb t\u00eb shqet\u00ebsuara p\u00ebr tentimet e Rusis\u00eb q\u00eb ta destabilizoj\u00eb rajonin, duke p\u00ebrfshir\u00eb, Malin e Zi, Bosnje Hercegovin\u00ebn dhe Maqedonin\u00eb.<\/p>\n<p>N\u00eb k\u00ebto intervista, Putin ka rikujtuar edhe bombardimet e NATO-s n\u00eb Serbi m\u00eb 1999 gjat\u00eb luft\u00ebs n\u00eb Kosov\u00eb, si dhe pavar\u00ebsin\u00eb e Kosov\u00ebs, raporton Rel.<\/p>\n<p>\u201cP\u00ebr aq koh\u00eb sa situata n\u00eb Ballkan \u00ebsht\u00eb shqet\u00ebsuese, politika e Shteteve t\u00eb Bashkuara dhe disa kombeve per\u00ebndimore q\u00eb tregojn\u00eb rolin e tyre dominant, vazhdon t\u00eb jet\u00eb faktor serioz i destabilizimit\u201d, \u00ebsht\u00eb cituar t\u00eb ket\u00eb th\u00ebn\u00eb Putin.<\/p>\n<p>Analist\u00ebt kan\u00eb th\u00ebn\u00eb se vizita kryesore e Putinit n\u00eb Serbi do t\u00eb fokusohet n\u00eb Kish\u00ebn Ortodokose n\u00eb Beograd, Sh\u00ebn Vava.<\/p>\n<p>Organizator\u00ebt e takimit kan\u00eb th\u00ebn\u00eb se Putin dhe nikoqiri i tij, presidenti serb, Aleksandar Vu\u00e7iq pritet t\u2019iu drejtohen mij\u00ebra personave jasht\u00eb Kish\u00ebs, e cila nj\u00ebher\u00ebsh konsiderohet \u201csimbol i lidhjeve vllaz\u00ebrore\u201d mes t\u00eb dyja shteteve.\u00a0Putin nis vizit\u00ebn n\u00eb Serbi m\u00eb 17 janar.<\/p>\n<p><img data-recalc-dims=\"1\" loading=\"lazy\" decoding=\"async\" data-attachment-id=\"16140\" data-permalink=\"https:\/\/www.shqiperia.com\/blog\/deklarata-e-forte-e-putinit-shba-po-destabilizon-ballkanin-situata-shqetesuese\/putin-2\/\" data-orig-file=\"https:\/\/i0.wp.com\/www.shqiperia.com\/blog\/wp-content\/uploads\/2019\/01\/putin-1.jpg?fit=921%2C533&amp;ssl=1\" data-orig-size=\"921,533\" data-comments-opened=\"1\" data-image-meta=\"{&quot;aperture&quot;:&quot;0&quot;,&quot;credit&quot;:&quot;&quot;,&quot;camera&quot;:&quot;&quot;,&quot;caption&quot;:&quot;&quot;,&quot;created_timestamp&quot;:&quot;0&quot;,&quot;copyright&quot;:&quot;&quot;,&quot;focal_length&quot;:&quot;0&quot;,&quot;iso&quot;:&quot;0&quot;,&quot;shutter_speed&quot;:&quot;0&quot;,&quot;title&quot;:&quot;&quot;,&quot;orientation&quot;:&quot;0&quot;}\" data-image-title=\"putin\" data-image-description=\"\" data-image-caption=\"\" data-medium-file=\"https:\/\/i0.wp.com\/www.shqiperia.com\/blog\/wp-content\/uploads\/2019\/01\/putin-1.jpg?fit=300%2C174&amp;ssl=1\" data-large-file=\"https:\/\/i0.wp.com\/www.shqiperia.com\/blog\/wp-content\/uploads\/2019\/01\/putin-1.jpg?fit=921%2C533&amp;ssl=1\" class=\"alignnone wp-image-16140\" alt=\"\" src=\"https:\/\/i0.wp.com\/www.shqiperia.com\/blog\/wp-content\/uploads\/2019\/01\/putin-1-300x174.jpg?resize=822%2C477\" width=\"822\" height=\"477\" srcset=\"https:\/\/i0.wp.com\/www.shqiperia.com\/blog\/wp-content\/uploads\/2019\/01\/putin-1.jpg?resize=300%2C174&amp;ssl=1 300w, https:\/\/i0.wp.com\/www.shqiperia.com\/blog\/wp-content\/uploads\/2019\/01\/putin-1.jpg?resize=450%2C260&amp;ssl=1 450w, https:\/\/i0.wp.com\/www.shqiperia.com\/blog\/wp-content\/uploads\/2019\/01\/putin-1.jpg?resize=600%2C347&amp;ssl=1 600w, https:\/\/i0.wp.com\/www.shqiperia.com\/blog\/wp-content\/uploads\/2019\/01\/putin-1.jpg?resize=400%2C231&amp;ssl=1 400w, https:\/\/i0.wp.com\/www.shqiperia.com\/blog\/wp-content\/uploads\/2019\/01\/putin-1.jpg?w=921&amp;ssl=1 921w\" sizes=\"auto, (max-width: 822px) 100vw, 822px\" \/><\/p>\n","protected":false},"excerpt":{"rendered":"<p>Deklarata e fort\u00eb e Putinit: &#8211; SHBA po destabilizon Ballkanin, situata shqet\u00ebsuese. &#8211; \u201cShtetet e Bashkuara po destabilizojn\u00eb Ballkanin duke imponuar rolin e tyre dominues n\u00eb rajon\u201d. Keshtu eshte shprehur presidenti rus, Vladimir Putin, ne nje interviste te dhene per mediat serbe, nje dite para takimit te tij me homologun Vu\u00e7i\u00e7.\u00a0 Putin i ka b\u00ebr\u00eb [&hellip;]<\/p>\n","protected":false},"author":9,"featured_media":16139,"comment_status":"open","ping_status":"open","sticky":false,"template":"","format":"standard","meta":{"jetpack_post_was_ever_published":false,"_jetpack_newsletter_access":"","_jetpack_dont_email_post_to_subs":false,"_jetpack_newsletter_tier_id":0,"_jetpack_memberships_contains_paywalled_content":false,"_jetpack_memberships_contains_paid_content":false,"footnotes":"","jetpack_publicize_message":"","jetpack_publicize_feature_enabled":true,"jetpack_social_post_already_shared":true,"jetpack_social_options":{"image_generator_settings":{"template":"highway","default_image_id":0,"font":"","enabled":false},"version":2}},"categories":[27,2,35],"tags":[],"class_list":["post-16138","post","type-post","status-publish","format-standard","has-post-thumbnail","hentry","category-blogu-i-udhetarit","category-politika","category-shoqerore"],"jetpack_publicize_connections":[],"jetpack_featured_media_url":"https:\/\/i0.wp.com\/www.shqiperia.com\/blog\/wp-content\/uploads\/2019\/01\/putin.jpg?fit=921%2C533&ssl=1","jetpack_sharing_enabled":true,"jetpack_shortlink":"https:\/\/wp.me\/p5Z6wp-4ci","jetpack-related-posts":[{"id":57279,"url":"https:\/\/www.shqiperia.com\/blog\/keshtu-jane-vellezerit-ruse-shperthejne-mediat-serbe-kunder-putin-ka-njohur-kosoven-e-goditi-serbine-pas-shpine\/","url_meta":{"origin":16138,"position":0},"title":"\u201cK\u00ebshtu jan\u00eb v\u00ebllez\u00ebrit rus\u00eb?&#8221; &#8211; Shp\u00ebrthejn\u00eb mediat serbe kund\u00ebr Putin: Ka njohur Kosov\u00ebn, e goditi Serbin\u00eb pas shpine","author":"Kurt Farka","date":"April 28, 2022","format":false,"excerpt":"\u201cK\u00ebshtu jan\u00eb v\u00ebllez\u00ebrit rus\u00eb?\" - Shp\u00ebrthejn\u00eb mediat serbe kund\u00ebr Putin: Ka njohur Kosov\u00ebn, e goditi Serbin\u00eb pas shpine 28 PRILL 2022 Krahasimi q\u00eb Vladimir Putin u ka b\u00ebr\u00eb dy rajoneve me Kosov\u00ebn duke th\u00ebn\u00eb dy rajonet e Ukrain\u00ebs Donetsk dhe Luhansk jan\u00eb njohur nga Rusia n\u00eb baz\u00eb t\u00eb precedentit t\u00eb\u2026","rel":"","context":"In &quot;Blogu i Udh\u00ebtarit&quot;","block_context":{"text":"Blogu i Udh\u00ebtarit","link":"https:\/\/www.shqiperia.com\/blog\/category\/blogu-i-udhetarit\/"},"img":{"alt_text":"","src":"https:\/\/i0.wp.com\/www.shqiperia.com\/blog\/wp-content\/uploads\/2022\/04\/640-0-626a43fa267af.png?fit=640%2C343&ssl=1&resize=350%2C200","width":350,"height":200,"srcset":"https:\/\/i0.wp.com\/www.shqiperia.com\/blog\/wp-content\/uploads\/2022\/04\/640-0-626a43fa267af.png?fit=640%2C343&ssl=1&resize=350%2C200 1x, https:\/\/i0.wp.com\/www.shqiperia.com\/blog\/wp-content\/uploads\/2022\/04\/640-0-626a43fa267af.png?fit=640%2C343&ssl=1&resize=525%2C300 1.5x"},"classes":[]},{"id":56856,"url":"https:\/\/www.shqiperia.com\/blog\/deklarata-e-forte-presidentes-se-kosoves-putini-si-milloshevici-permes-serbise-synon-ta-destabilizoje-ballkanin-dhe-me-pas\/","url_meta":{"origin":16138,"position":1},"title":"Deklarata e fort\u00eb presidentes s\u00eb Kosov\u00ebs: &#8211; Putini si Milloshevi\u00e7i, p\u00ebrmes Serbis\u00eb synon ta destabilizoj\u00eb Ballkanin dhe m\u00eb pas\u2026","author":"Kurt Farka","date":"April 17, 2022","format":false,"excerpt":"Deklarata e fort\u00eb presidentes s\u00eb Kosov\u00ebs: - Putini si Milloshevi\u00e7i, p\u00ebrmes Serbis\u00eb synon ta destabilizoj\u00eb Ballkanin dhe m\u00eb pas\u2026 17 Prill 2022 \u201cPresidenti rus Vladimir Putin do t\u00eb k\u00ebrkoj\u00eb t\u00eb p\u00ebrdor\u00eb Serbin\u00eb p\u00ebr t\u00eb destabilizuar Ballkanin dhe bashk\u00eb me t\u00eb, t\u00eb gjith\u00eb Evrop\u00ebn Per\u00ebndimore, n\u00eb nj\u00eb sulm ndaj vlerave demokratike\u2026","rel":"","context":"In &quot;Blogu i Udh\u00ebtarit&quot;","block_context":{"text":"Blogu i Udh\u00ebtarit","link":"https:\/\/www.shqiperia.com\/blog\/category\/blogu-i-udhetarit\/"},"img":{"alt_text":"","src":"https:\/\/i0.wp.com\/www.shqiperia.com\/blog\/wp-content\/uploads\/2022\/04\/vjosa-osmani1.jpg?fit=944%2C554&ssl=1&resize=350%2C200","width":350,"height":200,"srcset":"https:\/\/i0.wp.com\/www.shqiperia.com\/blog\/wp-content\/uploads\/2022\/04\/vjosa-osmani1.jpg?fit=944%2C554&ssl=1&resize=350%2C200 1x, https:\/\/i0.wp.com\/www.shqiperia.com\/blog\/wp-content\/uploads\/2022\/04\/vjosa-osmani1.jpg?fit=944%2C554&ssl=1&resize=525%2C300 1.5x, https:\/\/i0.wp.com\/www.shqiperia.com\/blog\/wp-content\/uploads\/2022\/04\/vjosa-osmani1.jpg?fit=944%2C554&ssl=1&resize=700%2C400 2x"},"classes":[]},{"id":51177,"url":"https:\/\/www.shqiperia.com\/blog\/ish-zv-kryeministrja-e-kosoves-tregon-planin-e-rames-paralajmeron-te-keqijat-qe-e-presin-ballkanin\/","url_meta":{"origin":16138,"position":2},"title":"Ish-zv.kryeministrja e Kosov\u00ebs tregon planin e Ram\u00ebs, paralajm\u00ebron t\u00eb k\u00ebqijat q\u00eb e presin Ballkanin","author":"Kurt Farka","date":"November 8, 2021","format":false,"excerpt":"Ish-zv.kryeministrja e Kosov\u00ebs tregon planin e Ram\u00ebs, paralajm\u00ebron t\u00eb k\u00ebqijat q\u00eb e presin Ballkanin 4 N\u00cbNTOR 2021 Ajo ka akuzuar kryeministrin Edi Rama se po kontribuon p\u00ebr krijimin e Serbis\u00eb s\u00eb Madhe me iniciativ\u00ebn e Ballkanit t\u00eb Hapur. N\u00eb studion e \u201cDebati me Alba Alishani\u201d n\u00eb A2 CNN, ajo pati\u2026","rel":"","context":"In &quot;Blogu i Udh\u00ebtarit&quot;","block_context":{"text":"Blogu i Udh\u00ebtarit","link":"https:\/\/www.shqiperia.com\/blog\/category\/blogu-i-udhetarit\/"},"img":{"alt_text":"","src":"https:\/\/i0.wp.com\/www.shqiperia.com\/blog\/wp-content\/uploads\/2021\/11\/edi-rama.jpg?fit=419%2C265&ssl=1&resize=350%2C200","width":350,"height":200},"classes":[]},{"id":72326,"url":"https:\/\/www.shqiperia.com\/blog\/vasali-i-vladimir-putinit-gati-te-ndeze-serish-ballkanin-milorad-dodik-justifikon-agresionin-rus-e-quan-te-njejte-me-situaten-e-serbeve-ne-bosnje\/","url_meta":{"origin":16138,"position":3},"title":"Vasali i Vladimir Putinit gati t\u00eb ndez\u00eb s\u00ebrish Ballkanin. &#8211; Milorad Dodik justifikon agresionin rus, e quan t\u00eb nj\u00ebjt\u00eb me situat\u00ebn e serb\u00ebve n\u00eb Bosnj\u00eb","author":"Kurt Farka","date":"June 21, 2023","format":false,"excerpt":"21 Qershor 2023 Udh\u00ebheq\u00ebsi i Bosnj\u00eb-Hercegovin\u00ebs Milorad Dodik po p\u00ebrpiqet ta izoloj\u00eb vendin e tij nga e gjith\u00eb bota dhe \u201casi i fundit i tij n\u00ebn m\u00ebng\u00eb\u201d \u00ebsht\u00eb q\u00eb t\u00eb\u00a0 shkaktoj\u00eb luft\u00eb n\u00eb Ballkan me mb\u00ebshtetjen e Vladimir Putinit. Ai ka kritikuar Per\u00ebndimin duke pretenduar se ka bashk\u00ebpunuar me forcat\u2026","rel":"","context":"In &quot;Blogu i Udh\u00ebtarit&quot;","block_context":{"text":"Blogu i Udh\u00ebtarit","link":"https:\/\/www.shqiperia.com\/blog\/category\/blogu-i-udhetarit\/"},"img":{"alt_text":"","src":"https:\/\/i0.wp.com\/www.shqiperia.com\/blog\/wp-content\/uploads\/2023\/06\/800-0-63298701d28e9.png?fit=800%2C494&ssl=1&resize=350%2C200","width":350,"height":200,"srcset":"https:\/\/i0.wp.com\/www.shqiperia.com\/blog\/wp-content\/uploads\/2023\/06\/800-0-63298701d28e9.png?fit=800%2C494&ssl=1&resize=350%2C200 1x, https:\/\/i0.wp.com\/www.shqiperia.com\/blog\/wp-content\/uploads\/2023\/06\/800-0-63298701d28e9.png?fit=800%2C494&ssl=1&resize=525%2C300 1.5x, https:\/\/i0.wp.com\/www.shqiperia.com\/blog\/wp-content\/uploads\/2023\/06\/800-0-63298701d28e9.png?fit=800%2C494&ssl=1&resize=700%2C400 2x"},"classes":[]},{"id":57639,"url":"https:\/\/www.shqiperia.com\/blog\/situata-ne-serbi-ka-ndryshuar-per-keq-vucic-deklaratat-e-putinit-per-kosoven-rrisin-presionin-mbi-beogradin\/","url_meta":{"origin":16138,"position":4},"title":"\u201cSituata n\u00eb Serbi ka ndryshuar p\u00ebr keq\u201d- Vu\u00e7i\u00e7: Deklaratat e Putinit p\u00ebr Kosov\u00ebn rrisin presionin mbi Beogradin","author":"Kurt Farka","date":"May 6, 2022","format":false,"excerpt":"\u201cSituata n\u00eb Serbi ka ndryshuar p\u00ebr keq\u201d- Vu\u00e7i\u00e7: Deklaratat e Putinit p\u00ebr Kosov\u00ebn rrisin presionin mbi Beogradin 6 Maji 2022 Ai tha se situata n\u00eb Serbi \u201cka ndryshuar p\u00ebr t\u00eb keq\u201d, pas deklaratave t\u00eb presidentit t\u00eb Rusis\u00eb, Vladimir Putin. Ky i fundit, m\u00eb 26 prill, e ka krahasuar Kosov\u00ebn me\u2026","rel":"","context":"In &quot;Blogu i Udh\u00ebtarit&quot;","block_context":{"text":"Blogu i Udh\u00ebtarit","link":"https:\/\/www.shqiperia.com\/blog\/category\/blogu-i-udhetarit\/"},"img":{"alt_text":"","src":"https:\/\/i0.wp.com\/www.shqiperia.com\/blog\/wp-content\/uploads\/2022\/05\/Aleksandar-Vucic.jpg?fit=1200%2C661&ssl=1&resize=350%2C200","width":350,"height":200,"srcset":"https:\/\/i0.wp.com\/www.shqiperia.com\/blog\/wp-content\/uploads\/2022\/05\/Aleksandar-Vucic.jpg?fit=1200%2C661&ssl=1&resize=350%2C200 1x, https:\/\/i0.wp.com\/www.shqiperia.com\/blog\/wp-content\/uploads\/2022\/05\/Aleksandar-Vucic.jpg?fit=1200%2C661&ssl=1&resize=525%2C300 1.5x, https:\/\/i0.wp.com\/www.shqiperia.com\/blog\/wp-content\/uploads\/2022\/05\/Aleksandar-Vucic.jpg?fit=1200%2C661&ssl=1&resize=700%2C400 2x, https:\/\/i0.wp.com\/www.shqiperia.com\/blog\/wp-content\/uploads\/2022\/05\/Aleksandar-Vucic.jpg?fit=1200%2C661&ssl=1&resize=1050%2C600 3x"},"classes":[]},{"id":71970,"url":"https:\/\/www.shqiperia.com\/blog\/e-verteta-e-hidhur-per-serbet-dhe-shqiptaret-qe-ne-po-e-fshehim-deputeti-gjerman-e-thote-cope\/","url_meta":{"origin":16138,"position":5},"title":"\u201cE v\u00ebrteta e hidhur p\u00ebr serb\u00ebt dhe shqiptar\u00ebt q\u00eb ne po e fshehim\u201d, deputeti gjerman e thot\u00eb cop\u00eb","author":"Kurt Farka","date":"June 5, 2023","format":false,"excerpt":"5 Qershor 2023 Deputeti gjerman, Michael Brand nga CDU\/CSU ka mbajtur nj\u00eb fjalim n\u00eb Bundestag p\u00ebr zhvillimet n\u00eb veriun e Kosov\u00ebs. Ai ka theksuar qart\u00eb se nacionalizmi agresiv i udh\u00ebheqjes serbe \u00ebsht\u00eb shkaku i gjith\u00eb problemeve n\u00eb Ballkan. \u201cN\u00ebse heqim at\u00eb nga ekuacioni, 80% e tensioneve n\u00eb t\u00eb gjith\u00eb Ballkanin\u2026","rel":"","context":"In &quot;Blogu i Udh\u00ebtarit&quot;","block_context":{"text":"Blogu i Udh\u00ebtarit","link":"https:\/\/www.shqiperia.com\/blog\/category\/blogu-i-udhetarit\/"},"img":{"alt_text":"","src":"https:\/\/i0.wp.com\/www.shqiperia.com\/blog\/wp-content\/uploads\/2023\/06\/Screenshot_20230604_233203_Gallery.jpg?fit=1077%2C687&ssl=1&resize=350%2C200","width":350,"height":200,"srcset":"https:\/\/i0.wp.com\/www.shqiperia.com\/blog\/wp-content\/uploads\/2023\/06\/Screenshot_20230604_233203_Gallery.jpg?fit=1077%2C687&ssl=1&resize=350%2C200 1x, https:\/\/i0.wp.com\/www.shqiperia.com\/blog\/wp-content\/uploads\/2023\/06\/Screenshot_20230604_233203_Gallery.jpg?fit=1077%2C687&ssl=1&resize=525%2C300 1.5x, https:\/\/i0.wp.com\/www.shqiperia.com\/blog\/wp-content\/uploads\/2023\/06\/Screenshot_20230604_233203_Gallery.jpg?fit=1077%2C687&ssl=1&resize=700%2C400 2x, https:\/\/i0.wp.com\/www.shqiperia.com\/blog\/wp-content\/uploads\/2023\/06\/Screenshot_20230604_233203_Gallery.jpg?fit=1077%2C687&ssl=1&resize=1050%2C600 3x"},"classes":[]}],"_links":{"self":[{"href":"https:\/\/www.shqiperia.com\/blog\/wp-json\/wp\/v2\/posts\/16138","targetHints":{"allow":["GET"]}}],"collection":[{"href":"https:\/\/www.shqiperia.com\/blog\/wp-json\/wp\/v2\/posts"}],"about":[{"href":"https:\/\/www.shqiperia.com\/blog\/wp-json\/wp\/v2\/types\/post"}],"author":[{"embeddable":true,"href":"https:\/\/www.shqiperia.com\/blog\/wp-json\/wp\/v2\/users\/9"}],"replies":[{"embeddable":true,"href":"https:\/\/www.shqiperia.com\/blog\/wp-json\/wp\/v2\/comments?post=16138"}],"version-history":[{"count":2,"href":"https:\/\/www.shqiperia.com\/blog\/wp-json\/wp\/v2\/posts\/16138\/revisions"}],"predecessor-version":[{"id":16142,"href":"https:\/\/www.shqiperia.com\/blog\/wp-json\/wp\/v2\/posts\/16138\/revisions\/16142"}],"wp:featuredmedia":[{"embeddable":true,"href":"https:\/\/www.shqiperia.com\/blog\/wp-json\/wp\/v2\/media\/16139"}],"wp:attachment":[{"href":"https:\/\/www.shqiperia.com\/blog\/wp-json\/wp\/v2\/media?parent=16138"}],"wp:term":[{"taxonomy":"category","embeddable":true,"href":"https:\/\/www.shqiperia.com\/blog\/wp-json\/wp\/v2\/categories?post=16138"},{"taxonomy":"post_tag","embeddable":true,"href":"https:\/\/www.shqiperia.com\/blog\/wp-json\/wp\/v2\/tags?post=16138"}],"curies":[{"name":"wp","href":"https:\/\/api.w.org\/{rel}","templated":true}]}}