{"id":16132,"date":"2019-01-16T00:06:24","date_gmt":"2019-01-16T00:06:24","guid":{"rendered":"http:\/\/www.shqiperia.com\/blog\/?p=16132"},"modified":"2019-01-16T00:08:34","modified_gmt":"2019-01-16T00:08:34","slug":"ngjarja-me-e-rendesishme-per-te-ardhmen-e-shqiptareve-talat-xhaferi-firmos-ligjin-shqipja-gjuhe-zyrtare-ne-maqedoni","status":"publish","type":"post","link":"https:\/\/www.shqiperia.com\/blog\/ngjarja-me-e-rendesishme-per-te-ardhmen-e-shqiptareve-talat-xhaferi-firmos-ligjin-shqipja-gjuhe-zyrtare-ne-maqedoni\/","title":{"rendered":"Ngjarja me e Rendesishme per te ardhmen e SHQIPTAREVE -Talat Xhaferi firmos ligjin:  Shqipja gjuh\u00eb zyrtare n\u00eb Maqedoni. &#8211;"},"content":{"rendered":"<div id=\"attachment_16134\" style=\"width: 436px\" class=\"wp-caption alignnone\"><img data-recalc-dims=\"1\" loading=\"lazy\" decoding=\"async\" aria-describedby=\"caption-attachment-16134\" data-attachment-id=\"16134\" data-permalink=\"https:\/\/www.shqiperia.com\/blog\/ngjarja-me-e-rendesishme-per-te-ardhmen-e-shqiptareve-talat-xhaferi-firmos-ligjin-shqipja-gjuhe-zyrtare-ne-maqedoni\/auto_talat-xhaferi-kabinet1547501183-640x384-2\/\" data-orig-file=\"https:\/\/i0.wp.com\/www.shqiperia.com\/blog\/wp-content\/uploads\/2019\/01\/auto_talat-xhaferi-kabinet1547501183-640x384-1.jpg?fit=640%2C346&amp;ssl=1\" data-orig-size=\"640,346\" data-comments-opened=\"1\" data-image-meta=\"{&quot;aperture&quot;:&quot;0&quot;,&quot;credit&quot;:&quot;&quot;,&quot;camera&quot;:&quot;&quot;,&quot;caption&quot;:&quot;CREATOR: gd-jpeg v1.0 (using IJG JPEG v62), quality = 82&quot;,&quot;created_timestamp&quot;:&quot;0&quot;,&quot;copyright&quot;:&quot;&quot;,&quot;focal_length&quot;:&quot;0&quot;,&quot;iso&quot;:&quot;0&quot;,&quot;shutter_speed&quot;:&quot;0&quot;,&quot;title&quot;:&quot;&quot;,&quot;orientation&quot;:&quot;0&quot;}\" data-image-title=\"Talat Xhaferi firmos ligjin:  Shqipja gjuh\u00eb zyrtare n\u00eb Maqedoni. &#8211;\" data-image-description=\"\" data-image-caption=\"&lt;p&gt;Talat Xhaferi firmos ligjin:  Shqipja gjuh\u00eb zyrtare n\u00eb Maqedoni. &#8211;&lt;\/p&gt;\n\" data-medium-file=\"https:\/\/i0.wp.com\/www.shqiperia.com\/blog\/wp-content\/uploads\/2019\/01\/auto_talat-xhaferi-kabinet1547501183-640x384-1.jpg?fit=300%2C162&amp;ssl=1\" data-large-file=\"https:\/\/i0.wp.com\/www.shqiperia.com\/blog\/wp-content\/uploads\/2019\/01\/auto_talat-xhaferi-kabinet1547501183-640x384-1.jpg?fit=640%2C346&amp;ssl=1\" class=\" wp-image-16134\" alt=\"\" src=\"https:\/\/i0.wp.com\/www.shqiperia.com\/blog\/wp-content\/uploads\/2019\/01\/auto_talat-xhaferi-kabinet1547501183-640x384-1-300x162.jpg?resize=426%2C230\" width=\"426\" height=\"230\" srcset=\"https:\/\/i0.wp.com\/www.shqiperia.com\/blog\/wp-content\/uploads\/2019\/01\/auto_talat-xhaferi-kabinet1547501183-640x384-1.jpg?resize=300%2C162&amp;ssl=1 300w, https:\/\/i0.wp.com\/www.shqiperia.com\/blog\/wp-content\/uploads\/2019\/01\/auto_talat-xhaferi-kabinet1547501183-640x384-1.jpg?resize=450%2C243&amp;ssl=1 450w, https:\/\/i0.wp.com\/www.shqiperia.com\/blog\/wp-content\/uploads\/2019\/01\/auto_talat-xhaferi-kabinet1547501183-640x384-1.jpg?resize=600%2C324&amp;ssl=1 600w, https:\/\/i0.wp.com\/www.shqiperia.com\/blog\/wp-content\/uploads\/2019\/01\/auto_talat-xhaferi-kabinet1547501183-640x384-1.jpg?resize=400%2C216&amp;ssl=1 400w, https:\/\/i0.wp.com\/www.shqiperia.com\/blog\/wp-content\/uploads\/2019\/01\/auto_talat-xhaferi-kabinet1547501183-640x384-1.jpg?w=640&amp;ssl=1 640w\" sizes=\"auto, (max-width: 426px) 100vw, 426px\" \/><p id=\"caption-attachment-16134\" class=\"wp-caption-text\">Talat Xhaferi firmos ligjin: Shqipja gjuh\u00eb zyrtare n\u00eb Maqedoni. &#8211;<\/p><\/div>\n<p><strong>Ngjarja me e Rendesishme per te ardhmen e SHQIPTAREVE -Talat Xhaferi firmos ligjin:\u00a0 Shqipja gjuh\u00eb zyrtare n\u00eb Maqedoni. &#8211;<\/strong><\/p>\n<p>15 janar 2019<\/p>\n<p><strong>Kryetari i Kuvendit ka firmosur Ligjin p\u00ebr gjuh\u00ebt. Ligji me firm\u00ebn e Xhaferit d\u00ebrgohet n\u00eb Gazet\u00ebn Zyrtare dhe pas shpalljes n\u00eb Gazet\u00ebn Zyrtare menj\u00ebher\u00eb hyn n\u00eb fuqi.<\/strong><\/p>\n<p>Kreu i Kuvendit, Talat Xhaferi sot ka d\u00ebrguar Ligjin n\u00eb Gazet\u00ebn Zyrtare. Para pak minutave Xhaferi k\u00ebt\u00eb e ka konfirmuar edhe n\u00eb profilin e tij n\u00eb Facebook.<\/p>\n<p>Ligji p\u00ebr Gjuh\u00ebt u miratua m\u00eb 11 janar t\u00eb vitit t\u00eb kaluar n\u00eb situat\u00eb t\u00eb tensionuar mes deputet\u00ebve. Pas votimit n\u00eb lexim t\u00eb dyt\u00eb me 69 vota p\u00ebr, presidenti maqedonas, Gjorgje Ivanovi, nuk e dekretoi me arsyetimin se i ky ligj \u00ebsht\u00eb n\u00eb kund\u00ebrshtim me Kushtetut\u00ebn dhe se \u00ebsht\u00eb n\u00eb kund\u00ebrshtim me rregulloren e Kuvendit.<\/p>\n<p>Sipas procedur\u00ebs, Ligji u kthye p\u00ebr rivotim n\u00eb institucionin ligjv\u00ebn\u00ebs. N\u00eb lexim t\u00eb tret\u00eb, ai p\u00ebrs\u00ebri mori miratimin e shumic\u00ebs s\u00eb deputet\u00ebve. Pavar\u00ebsisht k\u00ebsaj, Ivanovi ka vazhduar t\u00eb mos e n\u00ebnshkruaj\u00eb Ligjin p\u00ebr p\u00ebrdorimin e gjuh\u00ebve.<\/p>\n<div id=\"attachment_16135\" style=\"width: 812px\" class=\"wp-caption alignnone\"><img data-recalc-dims=\"1\" loading=\"lazy\" decoding=\"async\" aria-describedby=\"caption-attachment-16135\" data-attachment-id=\"16135\" data-permalink=\"https:\/\/www.shqiperia.com\/blog\/ngjarja-me-e-rendesishme-per-te-ardhmen-e-shqiptareve-talat-xhaferi-firmos-ligjin-shqipja-gjuhe-zyrtare-ne-maqedoni\/talat-xhaferi-firmos-ligjin-shqipja-gjuhe-zyrtare-ne-maqedoni\/\" data-orig-file=\"https:\/\/i0.wp.com\/www.shqiperia.com\/blog\/wp-content\/uploads\/2019\/01\/Talat-Xhaferi-firmos-ligjin-Shqipja-gjuh%C3%AB-zyrtare-n%C3%AB-Maqedoni.-.jpg?fit=640%2C346&amp;ssl=1\" data-orig-size=\"640,346\" data-comments-opened=\"1\" data-image-meta=\"{&quot;aperture&quot;:&quot;0&quot;,&quot;credit&quot;:&quot;&quot;,&quot;camera&quot;:&quot;&quot;,&quot;caption&quot;:&quot;CREATOR: gd-jpeg v1.0 (using IJG JPEG v62), quality = 82&quot;,&quot;created_timestamp&quot;:&quot;0&quot;,&quot;copyright&quot;:&quot;&quot;,&quot;focal_length&quot;:&quot;0&quot;,&quot;iso&quot;:&quot;0&quot;,&quot;shutter_speed&quot;:&quot;0&quot;,&quot;title&quot;:&quot;&quot;,&quot;orientation&quot;:&quot;0&quot;}\" data-image-title=\"Talat Xhaferi firmos ligjin Shqipja gjuh\u00eb zyrtare n\u00eb Maqedoni. &#8211;\" data-image-description=\"\" data-image-caption=\"&lt;p&gt;Talat Xhaferi firmos ligjin:  Shqipja gjuh\u00eb zyrtare n\u00eb Maqedoni. &#8211;&lt;\/p&gt;\n\" data-medium-file=\"https:\/\/i0.wp.com\/www.shqiperia.com\/blog\/wp-content\/uploads\/2019\/01\/Talat-Xhaferi-firmos-ligjin-Shqipja-gjuh%C3%AB-zyrtare-n%C3%AB-Maqedoni.-.jpg?fit=300%2C162&amp;ssl=1\" data-large-file=\"https:\/\/i0.wp.com\/www.shqiperia.com\/blog\/wp-content\/uploads\/2019\/01\/Talat-Xhaferi-firmos-ligjin-Shqipja-gjuh%C3%AB-zyrtare-n%C3%AB-Maqedoni.-.jpg?fit=640%2C346&amp;ssl=1\" class=\" wp-image-16135\" alt=\"\" src=\"https:\/\/i0.wp.com\/www.shqiperia.com\/blog\/wp-content\/uploads\/2019\/01\/Talat-Xhaferi-firmos-ligjin-Shqipja-gjuh%C3%AB-zyrtare-n%C3%AB-Maqedoni.--300x162.jpg?resize=802%2C433\" width=\"802\" height=\"433\" srcset=\"https:\/\/i0.wp.com\/www.shqiperia.com\/blog\/wp-content\/uploads\/2019\/01\/Talat-Xhaferi-firmos-ligjin-Shqipja-gjuh%C3%AB-zyrtare-n%C3%AB-Maqedoni.-.jpg?resize=300%2C162&amp;ssl=1 300w, https:\/\/i0.wp.com\/www.shqiperia.com\/blog\/wp-content\/uploads\/2019\/01\/Talat-Xhaferi-firmos-ligjin-Shqipja-gjuh%C3%AB-zyrtare-n%C3%AB-Maqedoni.-.jpg?resize=450%2C243&amp;ssl=1 450w, https:\/\/i0.wp.com\/www.shqiperia.com\/blog\/wp-content\/uploads\/2019\/01\/Talat-Xhaferi-firmos-ligjin-Shqipja-gjuh%C3%AB-zyrtare-n%C3%AB-Maqedoni.-.jpg?resize=600%2C324&amp;ssl=1 600w, https:\/\/i0.wp.com\/www.shqiperia.com\/blog\/wp-content\/uploads\/2019\/01\/Talat-Xhaferi-firmos-ligjin-Shqipja-gjuh%C3%AB-zyrtare-n%C3%AB-Maqedoni.-.jpg?resize=400%2C216&amp;ssl=1 400w, https:\/\/i0.wp.com\/www.shqiperia.com\/blog\/wp-content\/uploads\/2019\/01\/Talat-Xhaferi-firmos-ligjin-Shqipja-gjuh%C3%AB-zyrtare-n%C3%AB-Maqedoni.-.jpg?w=640&amp;ssl=1 640w\" sizes=\"auto, (max-width: 802px) 100vw, 802px\" \/><p id=\"caption-attachment-16135\" class=\"wp-caption-text\">Talat Xhaferi firmos ligjin: Shqipja gjuh\u00eb zyrtare n\u00eb Maqedoni. &#8211;<\/p><\/div>\n","protected":false},"excerpt":{"rendered":"<p>Ngjarja me e Rendesishme per te ardhmen e SHQIPTAREVE -Talat Xhaferi firmos ligjin:\u00a0 Shqipja gjuh\u00eb zyrtare n\u00eb Maqedoni. &#8211; 15 janar 2019 Kryetari i Kuvendit ka firmosur Ligjin p\u00ebr gjuh\u00ebt. Ligji me firm\u00ebn e Xhaferit d\u00ebrgohet n\u00eb Gazet\u00ebn Zyrtare dhe pas shpalljes n\u00eb Gazet\u00ebn Zyrtare menj\u00ebher\u00eb hyn n\u00eb fuqi. Kreu i Kuvendit, Talat Xhaferi sot [&hellip;]<\/p>\n","protected":false},"author":9,"featured_media":16133,"comment_status":"open","ping_status":"open","sticky":false,"template":"","format":"standard","meta":{"jetpack_post_was_ever_published":false,"_jetpack_newsletter_access":"","_jetpack_dont_email_post_to_subs":false,"_jetpack_newsletter_tier_id":0,"_jetpack_memberships_contains_paywalled_content":false,"_jetpack_memberships_contains_paid_content":false,"footnotes":"","jetpack_publicize_message":"","jetpack_publicize_feature_enabled":true,"jetpack_social_post_already_shared":true,"jetpack_social_options":{"image_generator_settings":{"template":"highway","default_image_id":0,"font":"","enabled":false},"version":2}},"categories":[85,10,35],"tags":[],"class_list":["post-16132","post","type-post","status-publish","format-standard","has-post-thumbnail","hentry","category-histori","category-kultura","category-shoqerore"],"jetpack_publicize_connections":[],"jetpack_featured_media_url":"https:\/\/i0.wp.com\/www.shqiperia.com\/blog\/wp-content\/uploads\/2019\/01\/auto_talat-xhaferi-kabinet1547501183-640x384.jpg?fit=640%2C346&ssl=1","jetpack_sharing_enabled":true,"jetpack_shortlink":"https:\/\/wp.me\/p5Z6wp-4cc","jetpack-related-posts":[{"id":78119,"url":"https:\/\/www.shqiperia.com\/blog\/talat-xhaferi-nuk-i-ben-dot-as-100-dite-me-kerkese-te-shqiptareve-kuvendi-maqedonas-ia-shkarkon-dy-ministrat-e-tij\/","url_meta":{"origin":16132,"position":0},"title":"Talat Xhaferi nuk i b\u00ebn dot as 100 dit\u00eb. &#8211; Me k\u00ebrkes\u00eb t\u00eb shqiptar\u00ebve Kuvendi maqedonas ia shkarkon dy ministrat e tij","author":"Kurt Farka","date":"February 10, 2024","format":false,"excerpt":"10 Shkurt 2024 Probleme p\u00ebr qeverin\u00eb e Talat Xhaferit ende pa u mbushur 2 jav\u00eb. Parlamenti i Maqedonis\u00eb s\u00eb Veriut filloi pasditen e s\u00eb premtes nj\u00eb seanc\u00eb p\u00ebr shkarkimin e dy ministrave q\u00eb vijn\u00eb nga radh\u00ebt e Aleanc\u00ebs p\u00ebr Shqiptar\u00ebt, q\u00eb ka p\u00ebrfunduar pak minuta m\u00eb par\u00eb me shkarkimin e\u2026","rel":"","context":"In &quot;Blogu i Udh\u00ebtarit&quot;","block_context":{"text":"Blogu i Udh\u00ebtarit","link":"https:\/\/www.shqiperia.com\/blog\/category\/blogu-i-udhetarit\/"},"img":{"alt_text":"","src":"https:\/\/i0.wp.com\/www.shqiperia.com\/blog\/wp-content\/uploads\/2024\/02\/640-0-95c04bd7a6514e97d88666cc8d40029a.jpg?fit=640%2C427&ssl=1&resize=350%2C200","width":350,"height":200,"srcset":"https:\/\/i0.wp.com\/www.shqiperia.com\/blog\/wp-content\/uploads\/2024\/02\/640-0-95c04bd7a6514e97d88666cc8d40029a.jpg?fit=640%2C427&ssl=1&resize=350%2C200 1x, https:\/\/i0.wp.com\/www.shqiperia.com\/blog\/wp-content\/uploads\/2024\/02\/640-0-95c04bd7a6514e97d88666cc8d40029a.jpg?fit=640%2C427&ssl=1&resize=525%2C300 1.5x"},"classes":[]},{"id":98420,"url":"https:\/\/www.shqiperia.com\/blog\/ligji-per-gjuhen-shqipe-ne-kushtetuese-ish-presidenti-i-maqedonise-se-veriut-problem-i-madh-nese-shfuqizohet\/","url_meta":{"origin":16132,"position":1},"title":"Ligji p\u00ebr gjuh\u00ebn shqipe n\u00eb Kushtetuese, ish-presidenti i Maqedonis\u00eb s\u00eb Veriut: &#8211; Problem i madh n\u00ebse shfuqizohet","author":"Kurt Farka","date":"March 15, 2026","format":false,"excerpt":"15 Mars 2026 Ish-presidenti i Maqedonis\u00eb s\u00eb Veriut, Stevo Pendarovski, ka folur p\u00ebr statusin e gjuh\u00ebs shqipe dhe sfidat e zbatimit t\u00eb saj praktik. Pendarovski gjat\u00eb fjal\u00ebs s\u00eb tij n\u00eb nj\u00eb intervist\u00eb tha se shqipja \u00ebsht\u00eb gjuh\u00eb zyrtare p\u00ebr shkak t\u00eb 20% t\u00eb popullsis\u00eb shqiptare dhe p\u00ebrdorimi i saj rregullohet\u2026","rel":"","context":"In &quot;Histori&quot;","block_context":{"text":"Histori","link":"https:\/\/www.shqiperia.com\/blog\/category\/histori\/"},"img":{"alt_text":"","src":"https:\/\/i0.wp.com\/www.shqiperia.com\/blog\/wp-content\/uploads\/2026\/03\/2016-05-flamuri-i-maqedonise-780-jpg.webp?fit=1200%2C674&ssl=1&resize=350%2C200","width":350,"height":200,"srcset":"https:\/\/i0.wp.com\/www.shqiperia.com\/blog\/wp-content\/uploads\/2026\/03\/2016-05-flamuri-i-maqedonise-780-jpg.webp?fit=1200%2C674&ssl=1&resize=350%2C200 1x, https:\/\/i0.wp.com\/www.shqiperia.com\/blog\/wp-content\/uploads\/2026\/03\/2016-05-flamuri-i-maqedonise-780-jpg.webp?fit=1200%2C674&ssl=1&resize=525%2C300 1.5x, https:\/\/i0.wp.com\/www.shqiperia.com\/blog\/wp-content\/uploads\/2026\/03\/2016-05-flamuri-i-maqedonise-780-jpg.webp?fit=1200%2C674&ssl=1&resize=700%2C400 2x, https:\/\/i0.wp.com\/www.shqiperia.com\/blog\/wp-content\/uploads\/2026\/03\/2016-05-flamuri-i-maqedonise-780-jpg.webp?fit=1200%2C674&ssl=1&resize=1050%2C600 3x"},"classes":[]},{"id":17799,"url":"https:\/\/www.shqiperia.com\/blog\/21-shkurti-shqipja-ne-diten-nderkombetare-te-gjuhes\/","url_meta":{"origin":16132,"position":2},"title":"21 shkurti, shqipja n\u00eb Dit\u00ebn Nd\u00ebrkomb\u00ebtare t\u00eb Gjuh\u00ebs. &#8211;","author":"Kurt Farka","date":"February 22, 2019","format":false,"excerpt":"21 shkurti, shqipja n\u00eb Dit\u00ebn Nd\u00ebrkomb\u00ebtare t\u00eb Gjuh\u00ebs. - Gjuh\u00ebtar\u00ebt i drejtohen shtetit p\u00ebr t\u00eb miratuar ligjin p\u00ebrkat\u00ebs dhe q\u00eb q\u00eb t\u00eb vendosen sanksione t\u00eb t\u00eb rrepta p\u00ebr ndotjet gjuh\u00ebsore dhe shkeljet e normave t\u00eb gjuh\u00ebs letrare Nga Rami Memushaj 21 shkurti \u00ebsht\u00eb Dita Nd\u00ebrkomb\u00ebtare e Gjuh\u00ebs Amtare, q\u00eb kremtohet\u2026","rel":"","context":"In &quot;Histori&quot;","block_context":{"text":"Histori","link":"https:\/\/www.shqiperia.com\/blog\/category\/histori\/"},"img":{"alt_text":"","src":"https:\/\/i0.wp.com\/www.shqiperia.com\/blog\/wp-content\/uploads\/2019\/02\/fjalor-drejtshkrimor-i-gjuhes-shqipe-ali-dhrimo-rami-memushaj.jpg?fit=528%2C278&ssl=1&resize=350%2C200","width":350,"height":200,"srcset":"https:\/\/i0.wp.com\/www.shqiperia.com\/blog\/wp-content\/uploads\/2019\/02\/fjalor-drejtshkrimor-i-gjuhes-shqipe-ali-dhrimo-rami-memushaj.jpg?fit=528%2C278&ssl=1&resize=350%2C200 1x, https:\/\/i0.wp.com\/www.shqiperia.com\/blog\/wp-content\/uploads\/2019\/02\/fjalor-drejtshkrimor-i-gjuhes-shqipe-ali-dhrimo-rami-memushaj.jpg?fit=528%2C278&ssl=1&resize=525%2C300 1.5x"},"classes":[]},{"id":77724,"url":"https:\/\/www.shqiperia.com\/blog\/vmro-dpmne-e-cila-do-te-udheheqe-ministrine-e-puneve-te-brendshme-dhe-ate-te-punes-dhe-politikes-sociale-kryeministri-i-100-diteve-shqiptar\/","url_meta":{"origin":16132,"position":3},"title":"VMRO DPMNE, e cila do t\u00eb udh\u00ebheq\u00eb Ministrin\u00eb e Pun\u00ebve t\u00eb Brendshme dhe at\u00eb t\u00eb Pun\u00ebs dhe Politik\u00ebs Sociale. &#8211; Kryeministri i 100 dit\u00ebve Shqiptar.","author":"Kurt Farka","date":"January 28, 2024","format":false,"excerpt":"28 Janar 2024 Zgjedhjet parlamentare n\u00eb Maqedonin\u00eb e Veriut do t\u00eb mbahen m\u00eb 8 maj, s\u00eb bashku me zgjedhjet presidenciale. Pjes\u00eb e Qeveris\u00eb teknike do t\u00eb jet\u00eb edhe partia maqedonase opozitare, VMRO DPMNE, e cila do t\u00eb udh\u00ebheq\u00eb Ministrin\u00eb e Pun\u00ebve t\u00eb Brendshme dhe at\u00eb t\u00eb Pun\u00ebs dhe Politik\u00ebs Sociale.\u2026","rel":"","context":"In &quot;Blogu i Udh\u00ebtarit&quot;","block_context":{"text":"Blogu i Udh\u00ebtarit","link":"https:\/\/www.shqiperia.com\/blog\/category\/blogu-i-udhetarit\/"},"img":{"alt_text":"","src":"https:\/\/i0.wp.com\/www.shqiperia.com\/blog\/wp-content\/uploads\/2024\/01\/vmro-dpmne.jpg?fit=644%2C451&ssl=1&resize=350%2C200","width":350,"height":200,"srcset":"https:\/\/i0.wp.com\/www.shqiperia.com\/blog\/wp-content\/uploads\/2024\/01\/vmro-dpmne.jpg?fit=644%2C451&ssl=1&resize=350%2C200 1x, https:\/\/i0.wp.com\/www.shqiperia.com\/blog\/wp-content\/uploads\/2024\/01\/vmro-dpmne.jpg?fit=644%2C451&ssl=1&resize=525%2C300 1.5x"},"classes":[]},{"id":1122,"url":"https:\/\/www.shqiperia.com\/blog\/1122-2\/","url_meta":{"origin":16132,"position":4},"title":"Tirana p\u00ebrsh\u00ebndet votimin e gjuh\u00ebs shqipe n\u00eb Parlamentin maqedonas","author":"Kurt Farka","date":"January 12, 2018","format":false,"excerpt":"Tirana p\u00ebrsh\u00ebndet votimin e gjuh\u00ebs shqipe n\u00eb Parlamentin maqedonas Miratimi nga Parlamenti maqedonas i ligjit p\u00ebr gjuh\u00ebn shqipe \u00ebsht\u00eb p\u00ebrsh\u00ebndetur nga politika n\u00eb Tiran\u00eb. Presidenti Ilir Meta shkruan n\u00eb rrjetet sociale se lajmin e ka marr\u00eb sapo ka mb\u00ebrritur n\u00eb Aeroportin e Ljubljan\u00ebs. \u201cMora lajmin e g\u00ebzuesh\u00ebm se Parlamenti i\u2026","rel":"","context":"In &quot;Shoqerore&quot;","block_context":{"text":"Shoqerore","link":"https:\/\/www.shqiperia.com\/blog\/category\/shoqerore\/"},"img":{"alt_text":"","src":"https:\/\/i0.wp.com\/www.shqiperia.com\/blog\/wp-content\/uploads\/2018\/01\/Abetarja-227x300.jpg?resize=350%2C200","width":350,"height":200},"classes":[]},{"id":79345,"url":"https:\/\/www.shqiperia.com\/blog\/bdi-paralajmeron-trazira-ne-maqedonine-e-veriut-pas-zgjedhjeve-parlamentare-mar-18-2024-1727\/","url_meta":{"origin":16132,"position":5},"title":"BDI paralajm\u00ebron trazira n\u00eb Maqedonin\u00eb e Veriut pas zgjedhjeve parlamentare Mar 18, 2024 | 17:27","author":"Kurt Farka","date":"March 18, 2024","format":false,"excerpt":"18 Mars 2024 Bashkimi Demokratik p\u00ebr Integrim (BDI) ka paralajm\u00ebruar trazira t\u00eb mundshme n\u00eb Maqedonin\u00eb e Veriut pas zgjedhjeve parlamentare, q\u00eb do t\u00eb mbahen m\u00eb 8 maj. K\u00ebto trazira, sipas k\u00ebsaj partie q\u00eb \u00ebsht\u00eb pjes\u00eb e Qeveris\u00eb maqedonase, kan\u00eb p\u00ebr baz\u00eb nj\u00eb \u201cskenar rus\u201d t\u00eb koordinuar, si\u00e7 tha, mes opozit\u00ebs\u2026","rel":"","context":"In &quot;Blogu i Udh\u00ebtarit&quot;","block_context":{"text":"Blogu i Udh\u00ebtarit","link":"https:\/\/www.shqiperia.com\/blog\/category\/blogu-i-udhetarit\/"},"img":{"alt_text":"","src":"https:\/\/i0.wp.com\/www.shqiperia.com\/blog\/wp-content\/uploads\/2024\/03\/f.0408162546773_m-780x439-1.jpg?fit=780%2C439&ssl=1&resize=350%2C200","width":350,"height":200,"srcset":"https:\/\/i0.wp.com\/www.shqiperia.com\/blog\/wp-content\/uploads\/2024\/03\/f.0408162546773_m-780x439-1.jpg?fit=780%2C439&ssl=1&resize=350%2C200 1x, https:\/\/i0.wp.com\/www.shqiperia.com\/blog\/wp-content\/uploads\/2024\/03\/f.0408162546773_m-780x439-1.jpg?fit=780%2C439&ssl=1&resize=525%2C300 1.5x, https:\/\/i0.wp.com\/www.shqiperia.com\/blog\/wp-content\/uploads\/2024\/03\/f.0408162546773_m-780x439-1.jpg?fit=780%2C439&ssl=1&resize=700%2C400 2x"},"classes":[]}],"_links":{"self":[{"href":"https:\/\/www.shqiperia.com\/blog\/wp-json\/wp\/v2\/posts\/16132","targetHints":{"allow":["GET"]}}],"collection":[{"href":"https:\/\/www.shqiperia.com\/blog\/wp-json\/wp\/v2\/posts"}],"about":[{"href":"https:\/\/www.shqiperia.com\/blog\/wp-json\/wp\/v2\/types\/post"}],"author":[{"embeddable":true,"href":"https:\/\/www.shqiperia.com\/blog\/wp-json\/wp\/v2\/users\/9"}],"replies":[{"embeddable":true,"href":"https:\/\/www.shqiperia.com\/blog\/wp-json\/wp\/v2\/comments?post=16132"}],"version-history":[{"count":2,"href":"https:\/\/www.shqiperia.com\/blog\/wp-json\/wp\/v2\/posts\/16132\/revisions"}],"predecessor-version":[{"id":16137,"href":"https:\/\/www.shqiperia.com\/blog\/wp-json\/wp\/v2\/posts\/16132\/revisions\/16137"}],"wp:featuredmedia":[{"embeddable":true,"href":"https:\/\/www.shqiperia.com\/blog\/wp-json\/wp\/v2\/media\/16133"}],"wp:attachment":[{"href":"https:\/\/www.shqiperia.com\/blog\/wp-json\/wp\/v2\/media?parent=16132"}],"wp:term":[{"taxonomy":"category","embeddable":true,"href":"https:\/\/www.shqiperia.com\/blog\/wp-json\/wp\/v2\/categories?post=16132"},{"taxonomy":"post_tag","embeddable":true,"href":"https:\/\/www.shqiperia.com\/blog\/wp-json\/wp\/v2\/tags?post=16132"}],"curies":[{"name":"wp","href":"https:\/\/api.w.org\/{rel}","templated":true}]}}