{"id":16129,"date":"2019-01-15T23:26:54","date_gmt":"2019-01-15T23:26:54","guid":{"rendered":"http:\/\/www.shqiperia.com\/blog\/?p=16129"},"modified":"2019-01-15T23:26:54","modified_gmt":"2019-01-15T23:26:54","slug":"ish-politikani-flet-hapur-ja-kur-do-te-ndodhe-perplasja-e-madhe-rama-veliaj","status":"publish","type":"post","link":"https:\/\/www.shqiperia.com\/blog\/ish-politikani-flet-hapur-ja-kur-do-te-ndodhe-perplasja-e-madhe-rama-veliaj\/","title":{"rendered":"Ish-politikani flet hapur: Ja kur do t\u00eb ndodh\u00eb p\u00ebrplasja e madhe Rama-Veliaj. &#8211;"},"content":{"rendered":"<p><img data-recalc-dims=\"1\" loading=\"lazy\" decoding=\"async\" data-attachment-id=\"16130\" data-permalink=\"https:\/\/www.shqiperia.com\/blog\/ish-politikani-flet-hapur-ja-kur-do-te-ndodhe-perplasja-e-madhe-rama-veliaj\/screenshot-12_1547574193-9234042\/\" data-orig-file=\"https:\/\/i0.wp.com\/www.shqiperia.com\/blog\/wp-content\/uploads\/2019\/01\/screenshot-12_1547574193-9234042.jpg?fit=300%2C200&amp;ssl=1\" data-orig-size=\"300,200\" data-comments-opened=\"1\" data-image-meta=\"{&quot;aperture&quot;:&quot;0&quot;,&quot;credit&quot;:&quot;&quot;,&quot;camera&quot;:&quot;&quot;,&quot;caption&quot;:&quot;&quot;,&quot;created_timestamp&quot;:&quot;0&quot;,&quot;copyright&quot;:&quot;&quot;,&quot;focal_length&quot;:&quot;0&quot;,&quot;iso&quot;:&quot;0&quot;,&quot;shutter_speed&quot;:&quot;0&quot;,&quot;title&quot;:&quot;&quot;,&quot;orientation&quot;:&quot;0&quot;}\" data-image-title=\"screenshot-12_1547574193-9234042\" data-image-description=\"\" data-image-caption=\"\" data-medium-file=\"https:\/\/i0.wp.com\/www.shqiperia.com\/blog\/wp-content\/uploads\/2019\/01\/screenshot-12_1547574193-9234042.jpg?fit=300%2C200&amp;ssl=1\" data-large-file=\"https:\/\/i0.wp.com\/www.shqiperia.com\/blog\/wp-content\/uploads\/2019\/01\/screenshot-12_1547574193-9234042.jpg?fit=300%2C200&amp;ssl=1\" class=\"alignnone size-medium wp-image-16130\" alt=\"\" src=\"https:\/\/i0.wp.com\/www.shqiperia.com\/blog\/wp-content\/uploads\/2019\/01\/screenshot-12_1547574193-9234042-300x200.jpg?resize=300%2C200\" width=\"300\" height=\"200\" \/><\/p>\n<p><strong>Ish-politikani flet hapur: Ja kur do t\u00eb ndodh\u00eb p\u00ebrplasja e madhe Rama-Veliaj. &#8211;<br \/>\n<\/strong><\/p>\n<p><strong>15\/01\/2019 <\/strong><\/p>\n<p>Gazetari dhe ish.zv ministri i Mbrojtes Dritan Hila tha se nuk e p\u00ebrjashton nj\u00eb p\u00ebrplasje Rama-Veliaj.<\/p>\n<p>Sipas tij nisur edhe nga aludimet e fundit, kjo do t\u00eb ndodh\u00eb n\u00eb kuad\u00ebr t\u00eb zgjedhjeve lokale q\u00eb do t\u00eb mbahen n\u00eb qershor.<\/p>\n<p>Hila tha se Rama sheh tek Veliaj n\u00eb k\u00ebt\u00eb pik\u00eb nj\u00eb \u201cdeja vu\u201d t\u00eb asaj q\u00eb ndodhi mes tij dhe ish-Kryeministrit Nano.<\/p>\n<p>I ftuar n\u00eb emisionin \u201cIntervista e Dit\u00ebs, Hila ka komentuar edhe konfliktin Rama-Meta.<\/p>\n<p>P\u00ebr gazetarin e njohur, ky nuk \u00ebsht\u00eb nj\u00eb konflikt institucional, por nj\u00eb p\u00ebrplasje e vjet\u00ebr e dy miqve-armiq<\/p>\n<p><strong>\/Agjensia e Lajmeve Sot News\/<\/strong><\/p>\n","protected":false},"excerpt":{"rendered":"<p>Ish-politikani flet hapur: Ja kur do t\u00eb ndodh\u00eb p\u00ebrplasja e madhe Rama-Veliaj. &#8211; 15\/01\/2019 Gazetari dhe ish.zv ministri i Mbrojtes Dritan Hila tha se nuk e p\u00ebrjashton nj\u00eb p\u00ebrplasje Rama-Veliaj. Sipas tij nisur edhe nga aludimet e fundit, kjo do t\u00eb ndodh\u00eb n\u00eb kuad\u00ebr t\u00eb zgjedhjeve lokale q\u00eb do t\u00eb mbahen n\u00eb qershor. Hila tha [&hellip;]<\/p>\n","protected":false},"author":9,"featured_media":16130,"comment_status":"open","ping_status":"open","sticky":false,"template":"","format":"standard","meta":{"jetpack_post_was_ever_published":false,"_jetpack_newsletter_access":"","_jetpack_dont_email_post_to_subs":false,"_jetpack_newsletter_tier_id":0,"_jetpack_memberships_contains_paywalled_content":false,"_jetpack_memberships_contains_paid_content":false,"footnotes":"","jetpack_publicize_message":"","jetpack_publicize_feature_enabled":true,"jetpack_social_post_already_shared":true,"jetpack_social_options":{"image_generator_settings":{"template":"highway","default_image_id":0,"font":"","enabled":false},"version":2}},"categories":[85,1,35],"tags":[],"class_list":["post-16129","post","type-post","status-publish","format-standard","has-post-thumbnail","hentry","category-histori","category-njoftime-shtypi","category-shoqerore"],"jetpack_publicize_connections":[],"jetpack_featured_media_url":"https:\/\/i0.wp.com\/www.shqiperia.com\/blog\/wp-content\/uploads\/2019\/01\/screenshot-12_1547574193-9234042.jpg?fit=300%2C200&ssl=1","jetpack_sharing_enabled":true,"jetpack_shortlink":"https:\/\/wp.me\/p5Z6wp-4c9","jetpack-related-posts":[{"id":90620,"url":"https:\/\/www.shqiperia.com\/blog\/perplasje-rama-veliaj-lubonja-kryeministri-ka-hyre-me-cizme-ne-bashki-por-veliaj-ska-guxim-te-beje-te-penduarin\/","url_meta":{"origin":16129,"position":0},"title":"P\u00ebrplasje Rama-Veliaj? Lubonja: Kryeministri ka hyr\u00eb me \u201c\u00e7izme\u201d n\u00eb bashki, por Veliaj s\u2019ka guxim t\u00eb b\u00ebj\u00eb t\u00eb penduarin","author":"Kurt Farka","date":"March 20, 2025","format":false,"excerpt":"20 Mars 2025 Analisti Fatos Lubonja i ftuar n\u00eb emisionin Open n\u00eb News 24 komentoi p\u00ebrplasjen mes kryeministrit Edi Rama dhe kryetarit t\u00eb Bashkis\u00eb s\u00eb Tiran\u00ebs, Erion Veliaj, q\u00eb aktualisht ndodhet n\u00eb burg. Lubonja tha se situata \u00ebsht\u00eb e paqart\u00eb, duke p\u00ebrmendur mund\u00ebsin\u00eb e nd\u00ebrhyrjes nd\u00ebrkomb\u00ebtare dhe teatrit politik nga\u2026","rel":"","context":"In &quot;Blogu i Udh\u00ebtarit&quot;","block_context":{"text":"Blogu i Udh\u00ebtarit","link":"https:\/\/www.shqiperia.com\/blog\/category\/blogu-i-udhetarit\/"},"img":{"alt_text":"","src":"https:\/\/i0.wp.com\/www.shqiperia.com\/blog\/wp-content\/uploads\/2025\/03\/lubonja.jpg?fit=1066%2C619&ssl=1&resize=350%2C200","width":350,"height":200,"srcset":"https:\/\/i0.wp.com\/www.shqiperia.com\/blog\/wp-content\/uploads\/2025\/03\/lubonja.jpg?fit=1066%2C619&ssl=1&resize=350%2C200 1x, https:\/\/i0.wp.com\/www.shqiperia.com\/blog\/wp-content\/uploads\/2025\/03\/lubonja.jpg?fit=1066%2C619&ssl=1&resize=525%2C300 1.5x, https:\/\/i0.wp.com\/www.shqiperia.com\/blog\/wp-content\/uploads\/2025\/03\/lubonja.jpg?fit=1066%2C619&ssl=1&resize=700%2C400 2x, https:\/\/i0.wp.com\/www.shqiperia.com\/blog\/wp-content\/uploads\/2025\/03\/lubonja.jpg?fit=1066%2C619&ssl=1&resize=1050%2C600 3x"},"classes":[]},{"id":91420,"url":"https:\/\/www.shqiperia.com\/blog\/erion-veliaj-kryetari-i-bashkise-se-tiranes-kercenon-edi-ramen-me-fakte-per-zullumet-e\/","url_meta":{"origin":16129,"position":1},"title":"Erion Veliaj, kryetari i Bashkis\u00eb s\u00eb Tiran\u00ebs k\u00ebrc\u00ebnon Edi Ram\u00ebn me fakte p\u00ebr zullumet e\u2026","author":"Kurt Farka","date":"April 14, 2025","format":false,"excerpt":"14 Prill 2025 ... p\u00ebr her\u00eb t\u00eb par\u00eb pas shum\u00eb vitesh, froni i Ram\u00ebs po tundet jo nga opozita, por nga nj\u00eb ish-mik brenda mureve t\u00eb burgut. Ngjarjet e dit\u00ebve t\u00eb fundit kan\u00eb trazuar themelet e sken\u00ebs politike, duke ekspozuar krisjet e thella brenda kupol\u00ebs s\u00eb Partis\u00eb Socialiste. N\u00eb qend\u00ebr\u2026","rel":"","context":"In &quot;Blogu i Udh\u00ebtarit&quot;","block_context":{"text":"Blogu i Udh\u00ebtarit","link":"https:\/\/www.shqiperia.com\/blog\/category\/blogu-i-udhetarit\/"},"img":{"alt_text":"","src":"https:\/\/i0.wp.com\/www.shqiperia.com\/blog\/wp-content\/uploads\/2025\/04\/veliaj1544182923.jpg?fit=669%2C476&ssl=1&resize=350%2C200","width":350,"height":200,"srcset":"https:\/\/i0.wp.com\/www.shqiperia.com\/blog\/wp-content\/uploads\/2025\/04\/veliaj1544182923.jpg?fit=669%2C476&ssl=1&resize=350%2C200 1x, https:\/\/i0.wp.com\/www.shqiperia.com\/blog\/wp-content\/uploads\/2025\/04\/veliaj1544182923.jpg?fit=669%2C476&ssl=1&resize=525%2C300 1.5x"},"classes":[]},{"id":67890,"url":"https:\/\/www.shqiperia.com\/blog\/cfare-do-te-ndodhe-ne-ps-nese-edi-rama-jep-doreheqjen-ja-kush-pritet-te-zevendesoje-kryeministrin-klani-qe-eshte-aktivizuar-eshte-ai-i-erion-veliaj\/","url_meta":{"origin":16129,"position":2},"title":"\u00c7far\u00eb do t\u00eb ndodh\u00eb ne PS n\u00ebse Edi Rama jep dor\u00ebheqjen. &#8211; Ja kush pritet t\u00eb z\u00ebvend\u00ebsoj\u00eb kryeministrin. &#8211; Klani q\u00eb \u00ebsht\u00eb aktivizuar \u00ebsht\u00eb ai i Erion Veliaj","author":"Kurt Farka","date":"February 13, 2023","format":false,"excerpt":"13 Shkurt 2023 \"... Klani q\u00eb \u00ebsht\u00eb aktivizuar \u00ebsht\u00eb ai i kryebashkiakut t\u00eb Tiran\u00ebs, Erion Veliaj dhe kreu i grupit parlamentar t\u00eb Partis\u00eb Socialiste, Taulant Balla\". N\u00eb Shqip\u00ebri zien debati mbi skandalin \u201cMcGonigal\u201d dhe si duket p\u00ebrplasje p\u00ebr k\u00ebt\u00eb \u00e7\u00ebshtje pritet t\u00eb ket\u00eb edhe gjat\u00ebs seanc\u00ebs plenare t\u00eb k\u00ebsaj mbasdite,\u2026","rel":"","context":"In &quot;Blogu i Udh\u00ebtarit&quot;","block_context":{"text":"Blogu i Udh\u00ebtarit","link":"https:\/\/www.shqiperia.com\/blog\/category\/blogu-i-udhetarit\/"},"img":{"alt_text":"","src":"https:\/\/i0.wp.com\/www.shqiperia.com\/blog\/wp-content\/uploads\/2023\/02\/196117386_3047299295493353_8837247964216065948_n-2.jpg?fit=640%2C405&ssl=1&resize=350%2C200","width":350,"height":200,"srcset":"https:\/\/i0.wp.com\/www.shqiperia.com\/blog\/wp-content\/uploads\/2023\/02\/196117386_3047299295493353_8837247964216065948_n-2.jpg?fit=640%2C405&ssl=1&resize=350%2C200 1x, https:\/\/i0.wp.com\/www.shqiperia.com\/blog\/wp-content\/uploads\/2023\/02\/196117386_3047299295493353_8837247964216065948_n-2.jpg?fit=640%2C405&ssl=1&resize=525%2C300 1.5x"},"classes":[]},{"id":89376,"url":"https:\/\/www.shqiperia.com\/blog\/rama-kunder-spak-kryeministri-flet-serish-per-rastin-veliaj-te-japin-prova-qe\/","url_meta":{"origin":16129,"position":3},"title":"Rama kund\u00ebr SPAK? Kryeministri flet s\u00ebrish p\u00ebr rastin Veliaj: T\u00eb japin prova q\u00eb\u2026","author":"Kurt Farka","date":"February 11, 2025","format":false,"excerpt":"11 Shkurt 2025 Nga: Gazeta Sot Kryeministri Edi Rama ka reaguar ashp\u00ebr ndaj nj\u00eb artikulli t\u00eb publikuar nga BIRN, i cili raportonte se ai kishte deklaruar q\u00eb SPAK ka dal\u00eb nga shinat dhe se Erion Veliaj nuk do t\u00eb shkarkohet. Rama e ka cil\u00ebsuar k\u00ebt\u00eb interpretim si nj\u00eb keqinterpretim brutal\u2026","rel":"","context":"In &quot;Blogu i Udh\u00ebtarit&quot;","block_context":{"text":"Blogu i Udh\u00ebtarit","link":"https:\/\/www.shqiperia.com\/blog\/category\/blogu-i-udhetarit\/"},"img":{"alt_text":"","src":"https:\/\/i0.wp.com\/www.shqiperia.com\/blog\/wp-content\/uploads\/2025\/02\/800-0-rama-tjeter-770x433-1.png?fit=800%2C450&ssl=1&resize=350%2C200","width":350,"height":200,"srcset":"https:\/\/i0.wp.com\/www.shqiperia.com\/blog\/wp-content\/uploads\/2025\/02\/800-0-rama-tjeter-770x433-1.png?fit=800%2C450&ssl=1&resize=350%2C200 1x, https:\/\/i0.wp.com\/www.shqiperia.com\/blog\/wp-content\/uploads\/2025\/02\/800-0-rama-tjeter-770x433-1.png?fit=800%2C450&ssl=1&resize=525%2C300 1.5x, https:\/\/i0.wp.com\/www.shqiperia.com\/blog\/wp-content\/uploads\/2025\/02\/800-0-rama-tjeter-770x433-1.png?fit=800%2C450&ssl=1&resize=700%2C400 2x"},"classes":[]},{"id":87230,"url":"https:\/\/www.shqiperia.com\/blog\/eshte-erion-veliaj-qe-ka-protestuar-kunder-socialisteve-qe-e-ka-nxjerre-ps-ne-ne-opozite-ne-vitin-2005\/","url_meta":{"origin":16129,"position":4},"title":"\u00cbsht\u00eb Erion Veliaj q\u00eb ka protestuar kund\u00ebr socialist\u00ebve, q\u00eb e ka nxjerr\u00eb PS-n\u00eb n\u00eb opozit\u00eb n\u00eb vitin 2005.","author":"Kurt Farka","date":"December 9, 2024","format":false,"excerpt":"9 Dhjetor 2024 Erion Veliaj, n\u00eb kurrizin e socialist\u00ebve. Nj\u00eb barr\u00eb e madhe po u vihet socialist\u00ebve q\u00eb nuk fillon dhe nuk mbaron te zgjedhjet. \u00cbsht\u00eb nj\u00eb pesh\u00eb e r\u00ebnd\u00eb p\u00ebr ta, \u00ebsht\u00eb dikush q\u00eb \u00ebsht\u00eb si nj\u00eb \u00e7iban brenda tyre, q\u00eb nuk ka lidhje me PS-n\u00eb. \u00cbsht\u00eb ai q\u00eb\u2026","rel":"","context":"In &quot;Blogu i Udh\u00ebtarit&quot;","block_context":{"text":"Blogu i Udh\u00ebtarit","link":"https:\/\/www.shqiperia.com\/blog\/category\/blogu-i-udhetarit\/"},"img":{"alt_text":"","src":"https:\/\/i0.wp.com\/www.shqiperia.com\/blog\/wp-content\/uploads\/2024\/12\/640-0-1c65af0ce1d646ce9ca9d946251e4fc1-1.jpg?fit=640%2C336&ssl=1&resize=350%2C200","width":350,"height":200,"srcset":"https:\/\/i0.wp.com\/www.shqiperia.com\/blog\/wp-content\/uploads\/2024\/12\/640-0-1c65af0ce1d646ce9ca9d946251e4fc1-1.jpg?fit=640%2C336&ssl=1&resize=350%2C200 1x, https:\/\/i0.wp.com\/www.shqiperia.com\/blog\/wp-content\/uploads\/2024\/12\/640-0-1c65af0ce1d646ce9ca9d946251e4fc1-1.jpg?fit=640%2C336&ssl=1&resize=525%2C300 1.5x"},"classes":[]},{"id":9463,"url":"https:\/\/www.shqiperia.com\/blog\/erion-veliaj-sekseri-i-pazareve-te-rames\/","url_meta":{"origin":16129,"position":5},"title":"Erion Veliaj, sekseri i pazareve t\u00eb Ram\u00ebs. &#8211;","author":"Kurt Farka","date":"July 6, 2018","format":false,"excerpt":"Erion Veliaj, sekseri i pazareve t\u00eb Ram\u00ebs. - Nga Fatos Lubonja A ju kujtohet q\u00eb n\u00eb vitet \u201890 ka qen\u00eb shum\u00eb i p\u00ebrhapur fjala \u201csekser\u201d? Tani sikur \u00ebsht\u00eb harruar, aq sa besoj se, p\u00ebr nj\u00eb pjes\u00eb lexuesish, duhet ta rikujtoj kuptimin. Me dy fjal\u00eb, sekseri ishte nj\u00eb person, i cili\u2026","rel":"","context":"In &quot;Blogu i Udh\u00ebtarit&quot;","block_context":{"text":"Blogu i Udh\u00ebtarit","link":"https:\/\/www.shqiperia.com\/blog\/category\/blogu-i-udhetarit\/"},"img":{"alt_text":"","src":"https:\/\/i0.wp.com\/www.shqiperia.com\/blog\/wp-content\/uploads\/2018\/07\/lubonja-veliaj-rama.jpg?fit=800%2C500&ssl=1&resize=350%2C200","width":350,"height":200,"srcset":"https:\/\/i0.wp.com\/www.shqiperia.com\/blog\/wp-content\/uploads\/2018\/07\/lubonja-veliaj-rama.jpg?fit=800%2C500&ssl=1&resize=350%2C200 1x, https:\/\/i0.wp.com\/www.shqiperia.com\/blog\/wp-content\/uploads\/2018\/07\/lubonja-veliaj-rama.jpg?fit=800%2C500&ssl=1&resize=525%2C300 1.5x, https:\/\/i0.wp.com\/www.shqiperia.com\/blog\/wp-content\/uploads\/2018\/07\/lubonja-veliaj-rama.jpg?fit=800%2C500&ssl=1&resize=700%2C400 2x"},"classes":[]}],"_links":{"self":[{"href":"https:\/\/www.shqiperia.com\/blog\/wp-json\/wp\/v2\/posts\/16129","targetHints":{"allow":["GET"]}}],"collection":[{"href":"https:\/\/www.shqiperia.com\/blog\/wp-json\/wp\/v2\/posts"}],"about":[{"href":"https:\/\/www.shqiperia.com\/blog\/wp-json\/wp\/v2\/types\/post"}],"author":[{"embeddable":true,"href":"https:\/\/www.shqiperia.com\/blog\/wp-json\/wp\/v2\/users\/9"}],"replies":[{"embeddable":true,"href":"https:\/\/www.shqiperia.com\/blog\/wp-json\/wp\/v2\/comments?post=16129"}],"version-history":[{"count":1,"href":"https:\/\/www.shqiperia.com\/blog\/wp-json\/wp\/v2\/posts\/16129\/revisions"}],"predecessor-version":[{"id":16131,"href":"https:\/\/www.shqiperia.com\/blog\/wp-json\/wp\/v2\/posts\/16129\/revisions\/16131"}],"wp:featuredmedia":[{"embeddable":true,"href":"https:\/\/www.shqiperia.com\/blog\/wp-json\/wp\/v2\/media\/16130"}],"wp:attachment":[{"href":"https:\/\/www.shqiperia.com\/blog\/wp-json\/wp\/v2\/media?parent=16129"}],"wp:term":[{"taxonomy":"category","embeddable":true,"href":"https:\/\/www.shqiperia.com\/blog\/wp-json\/wp\/v2\/categories?post=16129"},{"taxonomy":"post_tag","embeddable":true,"href":"https:\/\/www.shqiperia.com\/blog\/wp-json\/wp\/v2\/tags?post=16129"}],"curies":[{"name":"wp","href":"https:\/\/api.w.org\/{rel}","templated":true}]}}