{"id":16126,"date":"2019-01-15T23:14:30","date_gmt":"2019-01-15T23:14:30","guid":{"rendered":"http:\/\/www.shqiperia.com\/blog\/?p=16126"},"modified":"2019-01-15T23:14:30","modified_gmt":"2019-01-15T23:14:30","slug":"spartak-ngjela-paralajmeron-ndryshimin-e-madh-gjithcka-do-te-varet-nga-berisha-dhe-basha","status":"publish","type":"post","link":"https:\/\/www.shqiperia.com\/blog\/spartak-ngjela-paralajmeron-ndryshimin-e-madh-gjithcka-do-te-varet-nga-berisha-dhe-basha\/","title":{"rendered":"Spartak Ngjela paralajm\u00ebron ndryshimin e madh: Gjith\u00e7ka do t\u00eb varet nga Berisha dhe Basha. &#8211;"},"content":{"rendered":"<p><img data-recalc-dims=\"1\" loading=\"lazy\" decoding=\"async\" data-attachment-id=\"16127\" data-permalink=\"https:\/\/www.shqiperia.com\/blog\/spartak-ngjela-paralajmeron-ndryshimin-e-madh-gjithcka-do-te-varet-nga-berisha-dhe-basha\/index-142\/\" data-orig-file=\"https:\/\/i0.wp.com\/www.shqiperia.com\/blog\/wp-content\/uploads\/2019\/01\/index-19.jpg?fit=246%2C156&amp;ssl=1\" data-orig-size=\"246,156\" data-comments-opened=\"1\" data-image-meta=\"{&quot;aperture&quot;:&quot;0&quot;,&quot;credit&quot;:&quot;&quot;,&quot;camera&quot;:&quot;&quot;,&quot;caption&quot;:&quot;&quot;,&quot;created_timestamp&quot;:&quot;0&quot;,&quot;copyright&quot;:&quot;&quot;,&quot;focal_length&quot;:&quot;0&quot;,&quot;iso&quot;:&quot;0&quot;,&quot;shutter_speed&quot;:&quot;0&quot;,&quot;title&quot;:&quot;&quot;,&quot;orientation&quot;:&quot;0&quot;}\" data-image-title=\"index\" data-image-description=\"\" data-image-caption=\"\" data-medium-file=\"https:\/\/i0.wp.com\/www.shqiperia.com\/blog\/wp-content\/uploads\/2019\/01\/index-19.jpg?fit=246%2C156&amp;ssl=1\" data-large-file=\"https:\/\/i0.wp.com\/www.shqiperia.com\/blog\/wp-content\/uploads\/2019\/01\/index-19.jpg?fit=246%2C156&amp;ssl=1\" class=\"alignnone  wp-image-16127\" alt=\"\" src=\"https:\/\/i0.wp.com\/www.shqiperia.com\/blog\/wp-content\/uploads\/2019\/01\/index-19.jpg?resize=454%2C288\" width=\"454\" height=\"288\" \/><\/p>\n<p><strong>Spartak Ngjela paralajm\u00ebron ndryshimin e madh: Gjith\u00e7ka do t\u00eb varet nga Berisha dhe Basha. &#8211;<br \/>\n<\/strong><\/p>\n<p>Avokati i njohur, Spartak Ngjela, ka goditur t\u00eb gjith\u00ebt politikan\u00ebt e lart\u00eb, duke th\u00ebn\u00eb se jan\u00eb b\u00ebr\u00eb bashk\u00eb p\u00ebr t\u2019i shp\u00ebtuar \u2018uraganit\u2019 studentor. Sipas tij, fuqit\u00eb e m\u00ebdha jan\u00eb krah student\u00ebve p\u00ebr t\u00eb shporrur klas\u00ebn aktuale politike.<\/p>\n<p>Ai shkruan se student\u00ebt nuk do t\u00eb ndalen pavar\u00ebsisht ndihm\u00ebs q\u00eb Berisha dhe Basha pritet q\u00eb do t&#8217;i japin Ram\u00ebs.<\/p>\n<p><strong>Postimi i plot\u00eb<\/strong><\/p>\n<p>Student\u00ebt e kan\u00eb kapur korrupsionin Rama n\u00eb n\u00eb arsimin e lart\u00eb.<br \/>\nTani kuptohet sesi jan\u00eb marr\u00eb parat\u00eb e universiteteve me administrator\u00ebt e tij, sipas ligjit bloz\u00eb q\u00eb miratoi p\u00ebr arsimin e lart\u00eb.<\/p>\n<p>l.<br \/>\nGjith\u00eb vjedhja dhe degradimi i universiteteve publik\u00eb ka ardhur nga administrator\u00ebt. Nj\u00eb shkat\u00ebrrim gjigand i universiteteve publik\u00eb, dhe miliona Euro t\u00eb grabitura.<br \/>\nE kuptoni tani pse korrupsioni Rama nuk e hiqte ministren?<br \/>\nE kuptoni tani pse shiteshin notat?<br \/>\nE kuptoni tani pse universitetet publik\u00eb jan\u00eb n\u00eb pik\u00eb t\u00eb hallit pa ngrohje, pa laborator\u00eb, pa instrumenta dhe pa auditor\u00eb?<br \/>\nSepse parat\u00eb kan\u00eb shkuar nga administrator\u00ebt te ministrja, dhe prej andej te Rama. Arsye tjet\u00ebr nuk mund t\u00eb ket\u00eb. Turp historik!<br \/>\nE kuptoni tani pse nuk e pranon Rama abrogimin e ligjit p\u00ebr arsimin? Sepse \u00ebsht\u00eb kaq i trash\u00eb, sa mendon q\u00eb t\u00eb vazhdoj\u00eb vjeljen e parave me administrator\u00ebt, t\u00eb cil\u00ebt po presin ministrin e ri.<\/p>\n<p>Po student\u00ebt?<br \/>\nAta nuk i ndahen. Jan\u00eb ngujuar sepse si\u00e7 duket duan t\u00eb l\u00ebn\u00eb jasht\u00eb tyre hordhit\u00eb e Saliut dhe t\u00eb Met\u00ebs. K\u00ebto hordhi u sul\u00ebn q\u00eb t\u00eb shkat\u00ebrronin protest\u00ebn e student\u00ebve me ekstremiz\u00ebm q\u00eb Rama t&#8217;iu thosh budallenj\u00ebve q\u00eb e ndjekin se protesta \u00ebsht\u00eb e Saliut dhe e Met\u00ebs. Dhe k\u00ebshtu vijoi. Madje budallenjt\u00eb e trembur q\u00eb drejton Rama k\u00ebshtu thon\u00eb dhe sot. Po tani pas fillimit t\u00eb ngujimit, \u00e7do t\u00eb thon\u00eb? T\u00eb shohim, sepse gjith\u00e7ka do t\u00eb varet nga ndihma q\u00eb Berisha dhe Basha do t&#8217;i japim Ram\u00ebs.<br \/>\nN\u00eb fakt lodhen kot. Student\u00ebt nuk do t&#8217;iu ndahen, se fluksi studentor i protest\u00ebs e ka t\u00eb menduar mir\u00eb q\u00eb korrupsioni shkon drejt degradimit n\u00ebse ata do t\u00eb vijojn\u00eb protest\u00ebn e tyre, e cila n\u00eb thelb \u00ebsht\u00eb nj\u00eb protest\u00eb antikorrupsion.<\/p>\n<p>ll.<br \/>\nGjith\u00e7ka sot duhet par\u00eb n\u00ebn nj\u00eb priz\u00ebm t\u00eb ri. P\u00ebrplasja e korrupsionit me presionin e reform\u00ebs n\u00eb drejt\u00ebsi dhe protest\u00ebs s\u00eb student\u00ebve, \u00ebsht\u00eb epiqendra e zhvillimit t\u00eb sot\u00ebm p\u00ebr goditjen e korrupsionit dhe krijimit t\u00eb premisave p\u00ebr zhvillimin e Shqip\u00ebris\u00eb, t\u00eb kapur peng nga nj\u00eb band\u00eb korruptive.<\/p>\n<p>Korrupsioni kryeministror shqiptar i t\u00eb dy krah\u00ebve t\u00eb politik\u00ebs, dometh\u00ebn\u00eb korrupsioni kryeministror Rama-Berisha, tani \u00ebsht\u00eb n\u00ebn goditje, dhe pik\u00ebrisht \u00ebsht\u00eb trysnia e k\u00ebsaj goditjeje q\u00eb po shihet, e cila ka koh\u00eb q\u00eb i ka bashkuar.<br \/>\nT\u00eb dy k\u00ebta korrupsione kryeministror\u00eb kan\u00eb bler\u00eb plot\u00ebsisht median, dhe media prandaj, e ndar\u00eb politikisht, n\u00eb fakt \u00ebsht\u00eb brenda korrupsionit t\u00eb bashkuar. Kjo \u00ebsht\u00eb arsyeja q\u00eb nuk jepen fare lajme p\u00ebr antikorrupsionin, dhe gjith\u00e7ka opozitare \u00ebsht\u00eb futur n\u00eb nj\u00eb luft\u00eb krejt personale p\u00ebr t\u00eb shp\u00ebrngulur v\u00ebmendjen. Kjo \u00ebsht\u00eb nj\u00eb zhurm\u00eb mashtruese q\u00eb po k\u00ebrkon t\u00eb zhvendos v\u00ebmendjen e opinionit publik shqiptar.<\/p>\n<p>Por ky \u00ebsht\u00eb naivitet. Reforma n\u00eb Drejt\u00ebsi tani \u00ebsht\u00eb thuajse e p\u00ebrfunduar, kurse korrupsioni kryeministror e ka skem\u00ebn e vet te zvarritja, dhe te triumfi i Rusis\u00eb n\u00eb Ballkanin Per\u00ebndimor.<br \/>\nN\u00eb fakt t\u00eb korruptuarit e lart\u00eb t\u00eb Shqip\u00ebris\u00eb kan\u00eb nj\u00eb vit q\u00eb po presin q\u00eb politika Amerikane t\u00eb t\u00ebrhiqet nga Ballkani Per\u00ebndimor.<\/p>\n<p>Korrupsioni kryeministror shqiptar ka kthyer brenda vetes iluzionin se presidenti amerikan Trump do t\u00eb p\u00ebrkrah\u00eb interesin Rus n\u00eb Ballkan.<br \/>\nPor k\u00ebta t\u00eb korruptuar q\u00eb gurgullojn\u00eb s\u00eb brendshmi nga frika nuk arrijn\u00eb t\u00eb kuptojn\u00eb q\u00eb ajo q\u00eb mendojn\u00eb k\u00ebta, \u00ebsht\u00eb objekt hetimi kund\u00ebr presidentit n\u00eb Amerik\u00eb. Po me k\u00eb t\u00eb flas\u00ebsh! K\u00ebta jan\u00eb individ\u00eb q\u00eb kurr\u00eb nuk e kuptuan se \u00e7far\u00eb \u00ebsht\u00eb drejtimi politik i nj\u00eb vendi brenda interesit komb\u00ebtar. Jan\u00eb p\u00ebrvet\u00ebsues t\u00eb m\u00ebdhenj t\u00eb vlerave komb\u00ebtare dhe po hidhen deg\u00eb m\u00eb deg\u00eb p\u00ebr t\u00eb krijuar destabilizimin e Shqip\u00ebris\u00eb, q\u00eb me anarki t\u00eb largohen p\u00ebr t\u00eb shp\u00ebtuar gj\u00ebn\u00eb e vjedhur. Shkuan n\u00eb Mosk\u00eb para nj\u00eb viti dhe hyn\u00eb n\u00eb \u00e7ad\u00ebr. D\u00ebshtuan aty me gjith\u00eb t\u00eb mbi dyqind oficer\u00ebt rus\u00eb t\u00eb ardhur k\u00ebtu nga t\u00eb gjitha pikat kufitare&#8230;<\/p>\n<p>Kot lodheni o t\u00eb mjer\u00eb, ju dhe ata palo ekspert\u00eb mediatik\u00eb q\u00eb ju p\u00ebrkrahin, nuk b\u00ebni dot gj\u00eb, se nuk e kuptoni q\u00eb antikorrupsioni ju ka marr\u00eb kushtetut\u00ebn, dhe antikorrupsionin shqiptar e drejton Uashingtoni. Nuk ka kthim mbrapa, shpresoni kot. Bota shqiptare n\u00eb Ballkanin Per\u00ebndimor \u00ebsht\u00eb trend historik i politik\u00ebs amerikano-gjermane kund\u00ebr politik\u00ebs ruso-orientale n\u00eb Ballkanin Per\u00ebndimor.<\/p>\n<p>A e pat\u00eb sjelljen e Merkelit dje n\u00eb Athin\u00eb? \u00cbsht\u00eb k\u00ebrc\u00ebnim p\u00ebr Athin\u00ebn dhe Beogradin. Ku ka para Athina dhe Beogradi q\u00eb t&#8217;i kund\u00ebrvihet politik\u00ebs amerikano-gjermane n\u00eb Ballkanin Per\u00ebndimor! Jan\u00eb t\u00eb humbur. Por edhe Moska, edhe Beogradi dhe, edhe Athina shpres\u00ebn e kan\u00eb te korrupsioni kryeministror shqiptar. Por e kan\u00eb kot. Asgj\u00eb nuk b\u00ebjn\u00eb dot. Kushtetuta shqiptare do t\u00eb zbatohet nj\u00eb p\u00ebr nj\u00eb, se n\u00eb t\u00eb kund\u00ebrt qeveria shqiptare do t\u00eb p\u00ebrplaset me embargo t\u00eb plot\u00eb q\u00eb as Rama dhe as Saliu e Lul\u00ebzimi bashk\u00eb nuk do din\u00eb ku t\u00eb futen.<br \/>\nKryeministri shqiptar duhet t&#8217;i k\u00ebt\u00eb t\u00eb gjitha k\u00ebto parasysh. N\u00ebnshtrimi ndaj akuz\u00ebs q\u00eb po i vjen s\u00eb shpejti, \u00ebsht\u00eb e vetmja rrug\u00eb racionale p\u00ebr t\u00eb. Gjith\u00eb t\u00eb tjerat jan\u00eb shum\u00eb t\u00eb rrezikshme.<\/p>\n<p><strong>\/Agjensia e Lajmeve Sot News\/<\/strong><\/p>\n","protected":false},"excerpt":{"rendered":"<p>Spartak Ngjela paralajm\u00ebron ndryshimin e madh: Gjith\u00e7ka do t\u00eb varet nga Berisha dhe Basha. &#8211; Avokati i njohur, Spartak Ngjela, ka goditur t\u00eb gjith\u00ebt politikan\u00ebt e lart\u00eb, duke th\u00ebn\u00eb se jan\u00eb b\u00ebr\u00eb bashk\u00eb p\u00ebr t\u2019i shp\u00ebtuar \u2018uraganit\u2019 studentor. Sipas tij, fuqit\u00eb e m\u00ebdha jan\u00eb krah student\u00ebve p\u00ebr t\u00eb shporrur klas\u00ebn aktuale politike. Ai shkruan se [&hellip;]<\/p>\n","protected":false},"author":9,"featured_media":16127,"comment_status":"open","ping_status":"open","sticky":false,"template":"","format":"standard","meta":{"jetpack_post_was_ever_published":false,"_jetpack_newsletter_access":"","_jetpack_dont_email_post_to_subs":false,"_jetpack_newsletter_tier_id":0,"_jetpack_memberships_contains_paywalled_content":false,"_jetpack_memberships_contains_paid_content":false,"footnotes":"","jetpack_publicize_message":"","jetpack_publicize_feature_enabled":true,"jetpack_social_post_already_shared":true,"jetpack_social_options":{"image_generator_settings":{"template":"highway","default_image_id":0,"font":"","enabled":false},"version":2}},"categories":[27,2,35],"tags":[],"class_list":["post-16126","post","type-post","status-publish","format-standard","has-post-thumbnail","hentry","category-blogu-i-udhetarit","category-politika","category-shoqerore"],"jetpack_publicize_connections":[],"jetpack_featured_media_url":"https:\/\/i0.wp.com\/www.shqiperia.com\/blog\/wp-content\/uploads\/2019\/01\/index-19.jpg?fit=246%2C156&ssl=1","jetpack_sharing_enabled":true,"jetpack_shortlink":"https:\/\/wp.me\/p5Z6wp-4c6","jetpack-related-posts":[{"id":52890,"url":"https:\/\/www.shqiperia.com\/blog\/basha-sot-e-ndihmoi-berishen-spartak-ngjela-zbulon-cfare-ndodhi-ne-seline-blu-zheji-ben-parashikimin-e-rendesishem-nese-deri-ne-oren\/","url_meta":{"origin":16126,"position":0},"title":"\u201cBasha sot e ndihmoi Berish\u00ebn\u201d, Spartak Ngjela zbulon \u00e7far\u00eb ndodhi n\u00eb selin\u00eb blu, Zheji b\u00ebn parashikimin e r\u00ebnd\u00ebsish\u00ebm: N\u00ebse deri n\u00eb or\u00ebn&#8230;","author":"Kurt Farka","date":"January 5, 2022","format":false,"excerpt":"\u201cBasha sot e ndihmoi Berish\u00ebn\u201d, Spartak Ngjela zbulon \u00e7far\u00eb ndodhi n\u00eb selin\u00eb blu, Zheji b\u00ebn parashikimin e r\u00ebnd\u00ebsish\u00ebm: N\u00ebse deri n\u00eb or\u00ebn... 5 JANAR 2022 Avokati Spartak Ngjela dhe analisti Artur Zheji komentuan sot n\u00eb emisionin \u2018Pikat mbi i\u2019 p\u00ebrplasjet brenda PD-s\u00eb. Sipas avokatit Ngjela, ish-kryeministri Sali Berisha \u00ebsht\u00eb i\u2026","rel":"","context":"In &quot;Blogu i Udh\u00ebtarit&quot;","block_context":{"text":"Blogu i Udh\u00ebtarit","link":"https:\/\/www.shqiperia.com\/blog\/category\/blogu-i-udhetarit\/"},"img":{"alt_text":"","src":"https:\/\/i0.wp.com\/www.shqiperia.com\/blog\/wp-content\/uploads\/2022\/01\/800-0-61d5a27cba6c0-300x162.png?resize=350%2C200&ssl=1","width":350,"height":200,"srcset":"https:\/\/i0.wp.com\/www.shqiperia.com\/blog\/wp-content\/uploads\/2022\/01\/800-0-61d5a27cba6c0-300x162.png?resize=350%2C200&ssl=1 1x, https:\/\/i0.wp.com\/www.shqiperia.com\/blog\/wp-content\/uploads\/2022\/01\/800-0-61d5a27cba6c0-300x162.png?resize=525%2C300&ssl=1 1.5x"},"classes":[]},{"id":81810,"url":"https:\/\/www.shqiperia.com\/blog\/ja-si-do-spastrohet-politika-shqiptare-nga-sali-berisha-spartak-ngjela-zbardh-prapaskenat-e-vendimit-te-gjykates-se-apelit-per-kalimin-e-vules-dhe-logos-se-pd-te-rithemelimi\/","url_meta":{"origin":16126,"position":1},"title":"Ja si do spastrohet politika shqiptare nga Sali Berisha. &#8211; Spartak Ngjela zbardh prapaskenat e vendimit t\u00eb Gjykat\u00ebs s\u00eb Apelit p\u00ebr kalimin e vul\u00ebs dhe logos s\u00eb PD te Rithemelimi","author":"Kurt Farka","date":"June 12, 2024","format":false,"excerpt":"12 Qershor 2024 Avokat i njohur, Spartak Ngjela ka zbardhur dje prapaskenat e vendimit t\u00eb Gjykat\u00ebs s\u00eb Apelit p\u00ebr kalimin e vul\u00ebs dhe logos s\u00eb PD te ish-kryeministri Sali Berisha. Pas 30 muaj luft\u00eb juridike me kuvende e p\u00ebrplasje n\u00eb seanca gjyq\u00ebsore m\u00eb n\u00eb fund ka nj\u00eb vendim p\u00ebr Partin\u00eb\u2026","rel":"","context":"In &quot;Blogu i Udh\u00ebtarit&quot;","block_context":{"text":"Blogu i Udh\u00ebtarit","link":"https:\/\/www.shqiperia.com\/blog\/category\/blogu-i-udhetarit\/"},"img":{"alt_text":"","src":"https:\/\/i0.wp.com\/www.shqiperia.com\/blog\/wp-content\/uploads\/2024\/06\/Seli-PD.jpg?fit=1200%2C771&ssl=1&resize=350%2C200","width":350,"height":200,"srcset":"https:\/\/i0.wp.com\/www.shqiperia.com\/blog\/wp-content\/uploads\/2024\/06\/Seli-PD.jpg?fit=1200%2C771&ssl=1&resize=350%2C200 1x, https:\/\/i0.wp.com\/www.shqiperia.com\/blog\/wp-content\/uploads\/2024\/06\/Seli-PD.jpg?fit=1200%2C771&ssl=1&resize=525%2C300 1.5x, https:\/\/i0.wp.com\/www.shqiperia.com\/blog\/wp-content\/uploads\/2024\/06\/Seli-PD.jpg?fit=1200%2C771&ssl=1&resize=700%2C400 2x, https:\/\/i0.wp.com\/www.shqiperia.com\/blog\/wp-content\/uploads\/2024\/06\/Seli-PD.jpg?fit=1200%2C771&ssl=1&resize=1050%2C600 3x"},"classes":[]},{"id":53940,"url":"https:\/\/www.shqiperia.com\/blog\/spartak-ngjela-tregon-politikanin-qe-po-mban-ne-pushtet-ramen-tani-kryeministri-eshte-trembur-nga\/","url_meta":{"origin":16126,"position":2},"title":"Spartak Ngjela tregon politikanin q\u00eb po mban n\u00eb pushtet Ram\u00ebn: Tani kryeministri \u00ebsht\u00eb trembur nga&#8230;","author":"Kurt Farka","date":"February 13, 2022","format":false,"excerpt":"Spartak Ngjela tregon politikanin q\u00eb po mban n\u00eb pushtet Ram\u00ebn: Tani kryeministri \u00ebsht\u00eb trembur nga... 13 SHKURT 2022 Avokati i njohur Spartak Ngjela ka komentuar zhvillimet e fundit politike. Sipas Ngjel\u00ebs, kryeministri Rama deri tani \u00ebsht\u00eb mbajtur n\u00eb pushtet nga Sali Berisha. Avokati u shpreh se Rama \u00ebsht\u00eb trembur tani\u2026","rel":"","context":"In &quot;Blogu i Udh\u00ebtarit&quot;","block_context":{"text":"Blogu i Udh\u00ebtarit","link":"https:\/\/www.shqiperia.com\/blog\/category\/blogu-i-udhetarit\/"},"img":{"alt_text":"","src":"https:\/\/i0.wp.com\/www.shqiperia.com\/blog\/wp-content\/uploads\/2022\/02\/800-0-620931b15309d.jpg?fit=800%2C400&ssl=1&resize=350%2C200","width":350,"height":200,"srcset":"https:\/\/i0.wp.com\/www.shqiperia.com\/blog\/wp-content\/uploads\/2022\/02\/800-0-620931b15309d.jpg?fit=800%2C400&ssl=1&resize=350%2C200 1x, https:\/\/i0.wp.com\/www.shqiperia.com\/blog\/wp-content\/uploads\/2022\/02\/800-0-620931b15309d.jpg?fit=800%2C400&ssl=1&resize=525%2C300 1.5x, https:\/\/i0.wp.com\/www.shqiperia.com\/blog\/wp-content\/uploads\/2022\/02\/800-0-620931b15309d.jpg?fit=800%2C400&ssl=1&resize=700%2C400 2x"},"classes":[]},{"id":34320,"url":"https:\/\/www.shqiperia.com\/blog\/spartak-ngjela-flet-per-nje-nga-levizjet-qe-pritet-te-ndodhe-ne-skenen-politike-dhe-ben-deklaraten-e-papritur-rama-dhe-basha-nuk-marrin-mandatin-e-deputetit-nese\/","url_meta":{"origin":16126,"position":3},"title":"Spartak Ngjela flet p\u00ebr nj\u00eb nga l\u00ebvizjet q\u00eb pritet t\u00eb ndodh\u00eb n\u00eb sken\u00ebn politike dhe b\u00ebn deklarat\u00ebn e papritur: Rama dhe Basha nuk marrin mandatin e deputetit, n\u00ebse&#8230;","author":"Kurt Farka","date":"May 6, 2020","format":false,"excerpt":"Spartak Ngjela flet p\u00ebr nj\u00eb nga l\u00ebvizjet q\u00eb pritet t\u00eb ndodh\u00eb n\u00eb sken\u00ebn politike dhe b\u00ebn deklarat\u00ebn e papritur: Rama dhe Basha nuk marrin mandatin e deputetit, n\u00ebse... 6 MAJ 2020 Avokati Spartak Ngjela deklaroi \u00a0p\u00ebr Ora Ne\u00ebs q\u00eb nuk mund t\u00eb ket\u00eb nj\u00eb reform\u00eb zgjedhore reale n\u00ebse nuk p\u00ebrfundon\u2026","rel":"","context":"In &quot;Blogu i Udh\u00ebtarit&quot;","block_context":{"text":"Blogu i Udh\u00ebtarit","link":"https:\/\/www.shqiperia.com\/blog\/category\/blogu-i-udhetarit\/"},"img":{"alt_text":"","src":"https:\/\/i0.wp.com\/www.shqiperia.com\/blog\/wp-content\/uploads\/2020\/05\/800-0-5eb3089e77876.jpg?fit=782%2C387&ssl=1&resize=350%2C200","width":350,"height":200,"srcset":"https:\/\/i0.wp.com\/www.shqiperia.com\/blog\/wp-content\/uploads\/2020\/05\/800-0-5eb3089e77876.jpg?fit=782%2C387&ssl=1&resize=350%2C200 1x, https:\/\/i0.wp.com\/www.shqiperia.com\/blog\/wp-content\/uploads\/2020\/05\/800-0-5eb3089e77876.jpg?fit=782%2C387&ssl=1&resize=525%2C300 1.5x, https:\/\/i0.wp.com\/www.shqiperia.com\/blog\/wp-content\/uploads\/2020\/05\/800-0-5eb3089e77876.jpg?fit=782%2C387&ssl=1&resize=700%2C400 2x"},"classes":[]},{"id":50163,"url":"https:\/\/www.shqiperia.com\/blog\/shperthen-spartak-ngjela-dhe-nuk-le-gje-pa-nxjerre-rama-ka-shkelur-ne-derrase-te-kalbur-e-keni-pare-sa-i-trembur-eshte\/","url_meta":{"origin":16126,"position":4},"title":"Shp\u00ebrthen Spartak Ngjela dhe nuk l\u00eb gj\u00eb pa nxjerr\u00eb: &#8211; Rama ka shkelur n\u00eb d\u00ebrras\u00eb t\u00eb kalbur! &#8211; \u201cE keni par\u00eb sa i trembur \u00ebsht\u00eb?\u201d","author":"Kurt Farka","date":"September 28, 2021","format":false,"excerpt":"Shp\u00ebrthen Spartak Ngjela dhe nuk l\u00eb gj\u00eb pa nxjerr\u00eb: - Rama ka shkelur n\u00eb d\u00ebrras\u00eb t\u00eb kalbur! - \u201cE keni par\u00eb sa i trembur \u00ebsht\u00eb?\u201d 28 SHTATOR 2021 Avokat Spartak Ngjela komentoi mbr\u00ebmjen\u00a0 e djeshme n\u00eb emisionin \u2018Spotlight\u2019 vizit\u00ebn e kryeministrit Rama n\u00eb Kosov\u00eb dhe faktin q\u00eb nuk takoi Presidenten\u2026","rel":"","context":"In &quot;Blogu i Udh\u00ebtarit&quot;","block_context":{"text":"Blogu i Udh\u00ebtarit","link":"https:\/\/www.shqiperia.com\/blog\/category\/blogu-i-udhetarit\/"},"img":{"alt_text":"","src":"https:\/\/i0.wp.com\/www.shqiperia.com\/blog\/wp-content\/uploads\/2021\/09\/800-0-6152cf896deb3.jpg?fit=800%2C400&ssl=1&resize=350%2C200","width":350,"height":200,"srcset":"https:\/\/i0.wp.com\/www.shqiperia.com\/blog\/wp-content\/uploads\/2021\/09\/800-0-6152cf896deb3.jpg?fit=800%2C400&ssl=1&resize=350%2C200 1x, https:\/\/i0.wp.com\/www.shqiperia.com\/blog\/wp-content\/uploads\/2021\/09\/800-0-6152cf896deb3.jpg?fit=800%2C400&ssl=1&resize=525%2C300 1.5x, https:\/\/i0.wp.com\/www.shqiperia.com\/blog\/wp-content\/uploads\/2021\/09\/800-0-6152cf896deb3.jpg?fit=800%2C400&ssl=1&resize=700%2C400 2x"},"classes":[]},{"id":42766,"url":"https:\/\/www.shqiperia.com\/blog\/spartak-ngjela-paralajmeron-kthesen-e-madhe-ne-politiken-shqiptare-ju-tregoj-se-cfare-do-te-ndodhe-me-yuri-kim-ja-nderhyrja-qe-do-te-vije-nga-fbi-dhe-cia\/","url_meta":{"origin":16126,"position":5},"title":"Spartak Ngjela paralajm\u00ebron kthes\u00ebn e madhe n\u00eb politik\u00ebn shqiptare: Ju tregoj se \u00e7far\u00eb do t\u00eb ndodh\u00eb me \u00a0Yuri Kim! Ja nd\u00ebrhyrja q\u00eb do t\u00eb vij\u00eb nga FBI dhe CIA","author":"Kurt Farka","date":"January 9, 2021","format":false,"excerpt":"Spartak Ngjela paralajm\u00ebron kthes\u00ebn e madhe n\u00eb politik\u00ebn shqiptare: Ju tregoj se \u00e7far\u00eb do t\u00eb ndodh\u00eb me \u00a0Yuri Kim! Ja nd\u00ebrhyrja q\u00eb do t\u00eb vij\u00eb nga FBI dhe CIA 9 JANAR 2021 Avokati i njohur Spartak Ngjela \u00ebsht\u00eb i bindur se demokrati Joe Biden, i cili ka fituar zgjedhjet presidenciale\u2026","rel":"","context":"In &quot;Blogu i Udh\u00ebtarit&quot;","block_context":{"text":"Blogu i Udh\u00ebtarit","link":"https:\/\/www.shqiperia.com\/blog\/category\/blogu-i-udhetarit\/"},"img":{"alt_text":"","src":"https:\/\/i0.wp.com\/www.shqiperia.com\/blog\/wp-content\/uploads\/2021\/01\/800-0-5ff9e4069cbcd.jpg?fit=554%2C312&ssl=1&resize=350%2C200","width":350,"height":200,"srcset":"https:\/\/i0.wp.com\/www.shqiperia.com\/blog\/wp-content\/uploads\/2021\/01\/800-0-5ff9e4069cbcd.jpg?fit=554%2C312&ssl=1&resize=350%2C200 1x, https:\/\/i0.wp.com\/www.shqiperia.com\/blog\/wp-content\/uploads\/2021\/01\/800-0-5ff9e4069cbcd.jpg?fit=554%2C312&ssl=1&resize=525%2C300 1.5x"},"classes":[]}],"_links":{"self":[{"href":"https:\/\/www.shqiperia.com\/blog\/wp-json\/wp\/v2\/posts\/16126","targetHints":{"allow":["GET"]}}],"collection":[{"href":"https:\/\/www.shqiperia.com\/blog\/wp-json\/wp\/v2\/posts"}],"about":[{"href":"https:\/\/www.shqiperia.com\/blog\/wp-json\/wp\/v2\/types\/post"}],"author":[{"embeddable":true,"href":"https:\/\/www.shqiperia.com\/blog\/wp-json\/wp\/v2\/users\/9"}],"replies":[{"embeddable":true,"href":"https:\/\/www.shqiperia.com\/blog\/wp-json\/wp\/v2\/comments?post=16126"}],"version-history":[{"count":1,"href":"https:\/\/www.shqiperia.com\/blog\/wp-json\/wp\/v2\/posts\/16126\/revisions"}],"predecessor-version":[{"id":16128,"href":"https:\/\/www.shqiperia.com\/blog\/wp-json\/wp\/v2\/posts\/16126\/revisions\/16128"}],"wp:featuredmedia":[{"embeddable":true,"href":"https:\/\/www.shqiperia.com\/blog\/wp-json\/wp\/v2\/media\/16127"}],"wp:attachment":[{"href":"https:\/\/www.shqiperia.com\/blog\/wp-json\/wp\/v2\/media?parent=16126"}],"wp:term":[{"taxonomy":"category","embeddable":true,"href":"https:\/\/www.shqiperia.com\/blog\/wp-json\/wp\/v2\/categories?post=16126"},{"taxonomy":"post_tag","embeddable":true,"href":"https:\/\/www.shqiperia.com\/blog\/wp-json\/wp\/v2\/tags?post=16126"}],"curies":[{"name":"wp","href":"https:\/\/api.w.org\/{rel}","templated":true}]}}