{"id":16121,"date":"2019-01-15T16:55:01","date_gmt":"2019-01-15T16:55:01","guid":{"rendered":"http:\/\/www.shqiperia.com\/blog\/?p=16121"},"modified":"2019-01-15T17:00:04","modified_gmt":"2019-01-15T17:00:04","slug":"lleshaj-aksion-i-suksesshem-i-policise","status":"publish","type":"post","link":"https:\/\/www.shqiperia.com\/blog\/lleshaj-aksion-i-suksesshem-i-policise\/","title":{"rendered":"Lleshaj: &#8220;Aksion&#8221; i suksesshem i Policise."},"content":{"rendered":"<p><img data-recalc-dims=\"1\" loading=\"lazy\" decoding=\"async\" data-attachment-id=\"16122\" data-permalink=\"https:\/\/www.shqiperia.com\/blog\/lleshaj-aksion-i-suksesshem-i-policise\/50622414_10156861450287207_811197426747572224_n-copy\/\" data-orig-file=\"https:\/\/i0.wp.com\/www.shqiperia.com\/blog\/wp-content\/uploads\/2019\/01\/50622414_10156861450287207_811197426747572224_n-Copy.jpg?fit=793%2C637&amp;ssl=1\" data-orig-size=\"793,637\" data-comments-opened=\"1\" data-image-meta=\"{&quot;aperture&quot;:&quot;0&quot;,&quot;credit&quot;:&quot;&quot;,&quot;camera&quot;:&quot;&quot;,&quot;caption&quot;:&quot;&quot;,&quot;created_timestamp&quot;:&quot;0&quot;,&quot;copyright&quot;:&quot;&quot;,&quot;focal_length&quot;:&quot;0&quot;,&quot;iso&quot;:&quot;0&quot;,&quot;shutter_speed&quot;:&quot;0&quot;,&quot;title&quot;:&quot;&quot;,&quot;orientation&quot;:&quot;0&quot;}\" data-image-title=\"50622414_10156861450287207_811197426747572224_n &#8211; Copy\" data-image-description=\"\" data-image-caption=\"\" data-medium-file=\"https:\/\/i0.wp.com\/www.shqiperia.com\/blog\/wp-content\/uploads\/2019\/01\/50622414_10156861450287207_811197426747572224_n-Copy.jpg?fit=300%2C241&amp;ssl=1\" data-large-file=\"https:\/\/i0.wp.com\/www.shqiperia.com\/blog\/wp-content\/uploads\/2019\/01\/50622414_10156861450287207_811197426747572224_n-Copy.jpg?fit=793%2C637&amp;ssl=1\" class=\"alignnone size-medium wp-image-16122\" alt=\"\" src=\"https:\/\/i0.wp.com\/www.shqiperia.com\/blog\/wp-content\/uploads\/2019\/01\/50622414_10156861450287207_811197426747572224_n-Copy-300x241.jpg?resize=300%2C241\" width=\"300\" height=\"241\" srcset=\"https:\/\/i0.wp.com\/www.shqiperia.com\/blog\/wp-content\/uploads\/2019\/01\/50622414_10156861450287207_811197426747572224_n-Copy.jpg?resize=300%2C241&amp;ssl=1 300w, https:\/\/i0.wp.com\/www.shqiperia.com\/blog\/wp-content\/uploads\/2019\/01\/50622414_10156861450287207_811197426747572224_n-Copy.jpg?resize=768%2C617&amp;ssl=1 768w, https:\/\/i0.wp.com\/www.shqiperia.com\/blog\/wp-content\/uploads\/2019\/01\/50622414_10156861450287207_811197426747572224_n-Copy.jpg?resize=450%2C361&amp;ssl=1 450w, https:\/\/i0.wp.com\/www.shqiperia.com\/blog\/wp-content\/uploads\/2019\/01\/50622414_10156861450287207_811197426747572224_n-Copy.jpg?resize=600%2C482&amp;ssl=1 600w, https:\/\/i0.wp.com\/www.shqiperia.com\/blog\/wp-content\/uploads\/2019\/01\/50622414_10156861450287207_811197426747572224_n-Copy.jpg?resize=400%2C321&amp;ssl=1 400w, https:\/\/i0.wp.com\/www.shqiperia.com\/blog\/wp-content\/uploads\/2019\/01\/50622414_10156861450287207_811197426747572224_n-Copy.jpg?w=793&amp;ssl=1 793w\" sizes=\"auto, (max-width: 300px) 100vw, 300px\" \/><\/p>\n<p>Lleshaj: &#8220;Aksion&#8221; i suksesshem i Policise.<\/p>\n<p><img data-recalc-dims=\"1\" loading=\"lazy\" decoding=\"async\" data-attachment-id=\"16123\" data-permalink=\"https:\/\/www.shqiperia.com\/blog\/lleshaj-aksion-i-suksesshem-i-policise\/50622414_10156861450287207_811197426747572224_n\/\" data-orig-file=\"https:\/\/i0.wp.com\/www.shqiperia.com\/blog\/wp-content\/uploads\/2019\/01\/50622414_10156861450287207_811197426747572224_n.jpg?fit=793%2C960&amp;ssl=1\" data-orig-size=\"793,960\" data-comments-opened=\"1\" data-image-meta=\"{&quot;aperture&quot;:&quot;0&quot;,&quot;credit&quot;:&quot;&quot;,&quot;camera&quot;:&quot;&quot;,&quot;caption&quot;:&quot;&quot;,&quot;created_timestamp&quot;:&quot;0&quot;,&quot;copyright&quot;:&quot;&quot;,&quot;focal_length&quot;:&quot;0&quot;,&quot;iso&quot;:&quot;0&quot;,&quot;shutter_speed&quot;:&quot;0&quot;,&quot;title&quot;:&quot;&quot;,&quot;orientation&quot;:&quot;0&quot;}\" data-image-title=\"50622414_10156861450287207_811197426747572224_n\" data-image-description=\"\" data-image-caption=\"\" data-medium-file=\"https:\/\/i0.wp.com\/www.shqiperia.com\/blog\/wp-content\/uploads\/2019\/01\/50622414_10156861450287207_811197426747572224_n.jpg?fit=248%2C300&amp;ssl=1\" data-large-file=\"https:\/\/i0.wp.com\/www.shqiperia.com\/blog\/wp-content\/uploads\/2019\/01\/50622414_10156861450287207_811197426747572224_n.jpg?fit=793%2C960&amp;ssl=1\" class=\"alignnone wp-image-16123\" alt=\"\" src=\"https:\/\/i0.wp.com\/www.shqiperia.com\/blog\/wp-content\/uploads\/2019\/01\/50622414_10156861450287207_811197426747572224_n-248x300.jpg?resize=762%2C922\" width=\"762\" height=\"922\" srcset=\"https:\/\/i0.wp.com\/www.shqiperia.com\/blog\/wp-content\/uploads\/2019\/01\/50622414_10156861450287207_811197426747572224_n.jpg?resize=248%2C300&amp;ssl=1 248w, https:\/\/i0.wp.com\/www.shqiperia.com\/blog\/wp-content\/uploads\/2019\/01\/50622414_10156861450287207_811197426747572224_n.jpg?resize=768%2C930&amp;ssl=1 768w, https:\/\/i0.wp.com\/www.shqiperia.com\/blog\/wp-content\/uploads\/2019\/01\/50622414_10156861450287207_811197426747572224_n.jpg?resize=450%2C545&amp;ssl=1 450w, https:\/\/i0.wp.com\/www.shqiperia.com\/blog\/wp-content\/uploads\/2019\/01\/50622414_10156861450287207_811197426747572224_n.jpg?resize=600%2C726&amp;ssl=1 600w, https:\/\/i0.wp.com\/www.shqiperia.com\/blog\/wp-content\/uploads\/2019\/01\/50622414_10156861450287207_811197426747572224_n.jpg?resize=400%2C484&amp;ssl=1 400w, https:\/\/i0.wp.com\/www.shqiperia.com\/blog\/wp-content\/uploads\/2019\/01\/50622414_10156861450287207_811197426747572224_n.jpg?w=793&amp;ssl=1 793w\" sizes=\"auto, (max-width: 762px) 100vw, 762px\" \/><\/p>\n","protected":false},"excerpt":{"rendered":"<p>Lleshaj: &#8220;Aksion&#8221; i suksesshem i Policise.<\/p>\n","protected":false},"author":9,"featured_media":16122,"comment_status":"open","ping_status":"open","sticky":false,"template":"","format":"standard","meta":{"jetpack_post_was_ever_published":false,"_jetpack_newsletter_access":"","_jetpack_dont_email_post_to_subs":false,"_jetpack_newsletter_tier_id":0,"_jetpack_memberships_contains_paywalled_content":false,"_jetpack_memberships_contains_paid_content":false,"footnotes":"","jetpack_publicize_message":"","jetpack_publicize_feature_enabled":true,"jetpack_social_post_already_shared":true,"jetpack_social_options":{"image_generator_settings":{"template":"highway","default_image_id":0,"font":"","enabled":false},"version":2}},"categories":[10,2,35],"tags":[],"class_list":["post-16121","post","type-post","status-publish","format-standard","has-post-thumbnail","hentry","category-kultura","category-politika","category-shoqerore"],"jetpack_publicize_connections":[],"jetpack_featured_media_url":"https:\/\/i0.wp.com\/www.shqiperia.com\/blog\/wp-content\/uploads\/2019\/01\/50622414_10156861450287207_811197426747572224_n-Copy.jpg?fit=793%2C637&ssl=1","jetpack_sharing_enabled":true,"jetpack_shortlink":"https:\/\/wp.me\/p5Z6wp-4c1","jetpack-related-posts":[{"id":16095,"url":"https:\/\/www.shqiperia.com\/blog\/klodiana-lala-deklarate-per-dorzimin-e-balilit-sander-lleshi-aksion-i-jashtezakonshem\/","url_meta":{"origin":16121,"position":0},"title":"Klodiana Lala deklarate per dorzimin e Balilit. Sander Lleshi:  \u201cAksion i jasht\u00ebzakonsh\u00ebm&#8230;\u201d-","author":"Kurt Farka","date":"January 15, 2019","format":false,"excerpt":"Klodiana Lala deklarate per dorzimin e Balilit. Sander Lleshi: \u00a0\u201cAksion i jasht\u00ebzakonsh\u00ebm...\u201d- 15\/01\/2019 - Klodiana Lala: -\u201cNuk besoj se \u00ebsht\u00eb sukses i policis\u00eb s\u00eb shtetit vet\u00ebdor\u00ebzimi i nj\u00eb personi q\u00eb ka sfiduar t\u00eb gjith\u00eb struktur\u00ebn e drejt\u00ebsis\u00eb shqiptare dhe jo vet\u00ebm, duke q\u00ebndruar n\u00eb arrati deri sa ai u bind\u2026","rel":"","context":"In &quot;Blogu i Udh\u00ebtarit&quot;","block_context":{"text":"Blogu i Udh\u00ebtarit","link":"https:\/\/www.shqiperia.com\/blog\/category\/blogu-i-udhetarit\/"},"img":{"alt_text":"","src":"https:\/\/i0.wp.com\/www.shqiperia.com\/blog\/wp-content\/uploads\/2019\/01\/1547547411_klementbalili-300x250.jpg?resize=350%2C200","width":350,"height":200},"classes":[]},{"id":41527,"url":"https:\/\/www.shqiperia.com\/blog\/me-jep-nje-emer-te-ndonje-peshku-te-madh-sander-lleshaj-perplaset-me-klodiana-lalen-gazetarja-do-te-te-kerkoj-falje-nese\/","url_meta":{"origin":16121,"position":1},"title":"&#8220;M\u00eb jep nj\u00eb em\u00ebr t\u00eb ndonj\u00eb peshku t\u00eb madh&#8221;, Sand\u00ebr Lleshaj p\u00ebrplaset me Klodiana Lal\u00ebn, gazetarja: Do t\u00eb t\u00eb k\u00ebrkoj falje n\u00ebse&#8230;","author":"Kurt Farka","date":"December 3, 2020","format":false,"excerpt":"\"M\u00eb jep nj\u00eb em\u00ebr t\u00eb ndonj\u00eb peshku t\u00eb madh\", Sand\u00ebr Lleshaj p\u00ebrplaset me Klodiana Lal\u00ebn, gazetarja: Do t\u00eb t\u00eb k\u00ebrkoj falje n\u00ebse... 3 DHJETOR 2020 Gazetarja Klodiana Lala ka debatuar me ministrin e Brendsh\u00ebm Sand\u00ebr Lleshaj. Ajo i ka k\u00ebrkuar nj\u00eb em\u00ebr \"peshku t\u00eb madh\" apo nj\u00eb em\u00ebr operacioni t\u00eb\u2026","rel":"","context":"In &quot;Blogu i Udh\u00ebtarit&quot;","block_context":{"text":"Blogu i Udh\u00ebtarit","link":"https:\/\/www.shqiperia.com\/blog\/category\/blogu-i-udhetarit\/"},"img":{"alt_text":"","src":"https:\/\/i0.wp.com\/www.shqiperia.com\/blog\/wp-content\/uploads\/2020\/12\/800-0-5fc953cbaacba.jpg?fit=800%2C403&ssl=1&resize=350%2C200","width":350,"height":200,"srcset":"https:\/\/i0.wp.com\/www.shqiperia.com\/blog\/wp-content\/uploads\/2020\/12\/800-0-5fc953cbaacba.jpg?fit=800%2C403&ssl=1&resize=350%2C200 1x, https:\/\/i0.wp.com\/www.shqiperia.com\/blog\/wp-content\/uploads\/2020\/12\/800-0-5fc953cbaacba.jpg?fit=800%2C403&ssl=1&resize=525%2C300 1.5x, https:\/\/i0.wp.com\/www.shqiperia.com\/blog\/wp-content\/uploads\/2020\/12\/800-0-5fc953cbaacba.jpg?fit=800%2C403&ssl=1&resize=700%2C400 2x"},"classes":[]},{"id":34742,"url":"https:\/\/www.shqiperia.com\/blog\/sander-lleshaj-mbledhje-urgjente-me-drejtues-te-policise-se-tiranes-dhe-antiterrorit-merret-vendimi-i-rendesishem-per-protesten-e-pasdites-se-sotshme\/","url_meta":{"origin":16121,"position":2},"title":"Sand\u00ebr Lleshaj mbledhje urgjente me drejtues t\u00eb Policis\u00eb s\u00eb Tiran\u00ebs dhe Antiterrorit, merret vendimi i r\u00ebnd\u00ebsish\u00ebm p\u00ebr protest\u00ebn e pasdites s\u00eb sotshme","author":"Kurt Farka","date":"May 18, 2020","format":false,"excerpt":"Sand\u00ebr Lleshaj mbledhje urgjente me drejtues t\u00eb Policis\u00eb s\u00eb Tiran\u00ebs dhe Antiterrorit, merret vendimi i r\u00ebnd\u00ebsish\u00ebm p\u00ebr protest\u00ebn e pasdites s\u00eb sotshme 18 MAJ 2020 Pak \u00e7aste m\u00eb par\u00eb drejtues t\u00eb Policis\u00eb s\u00eb Tiran\u00ebs dhe Departamentit t\u00eb Antiterrorit p\u00ebrfunduan nj\u00eb mbledhje n\u00eb Ministrin\u00eb e Brendshme p\u00ebr sa i p\u00ebrket menaxhimit\u2026","rel":"","context":"In &quot;Njoftime Shtypi&quot;","block_context":{"text":"Njoftime Shtypi","link":"https:\/\/www.shqiperia.com\/blog\/category\/njoftime-shtypi\/"},"img":{"alt_text":"","src":"https:\/\/i0.wp.com\/www.shqiperia.com\/blog\/wp-content\/uploads\/2020\/05\/unnamed.jpg?fit=512%2C341&ssl=1&resize=350%2C200","width":350,"height":200},"classes":[]},{"id":95618,"url":"https:\/\/www.shqiperia.com\/blog\/aksioni-i-spak-te-aksh-i-mase-pezullimi-nga-detyra-per-zv-drejtorin-e-policise-se-tiranes\/","url_meta":{"origin":16121,"position":3},"title":"Aksioni i SPAK te AKSH-i, mas\u00eb pezullimi nga detyra p\u00ebr zv.drejtorin e Policis\u00eb s\u00eb Tiran\u00ebs","author":"Kurt Farka","date":"December 16, 2025","format":false,"excerpt":"16 Dhjetor 2025 Jepet mas\u00eb pezullimi nga detyra p\u00ebr z\u00ebvend\u00ebsdrejtorin e Policis\u00eb s\u00eb Tiran\u00ebs, Erion Ismaili. Masa \u00ebsht\u00eb dh\u00ebn\u00eb n\u00eb kuad\u00ebr t\u00eb aksionit t\u00eb SPAK pas hetimeve p\u00ebr tenderat n\u00eb AKSH. Sot SPAK nd\u00ebrmori nj\u00eb aksion n\u00eb Kodr\u00ebn e Diellit, ku u ushtruan kontrolle n\u00eb disa banesa. GJKKO l\u00ebshoi mas\u00ebn\u2026","rel":"","context":"In &quot;Blogu i Udh\u00ebtarit&quot;","block_context":{"text":"Blogu i Udh\u00ebtarit","link":"https:\/\/www.shqiperia.com\/blog\/category\/blogu-i-udhetarit\/"},"img":{"alt_text":"","src":"https:\/\/i0.wp.com\/www.shqiperia.com\/blog\/wp-content\/uploads\/2025\/12\/zevendesdrejtori-i-Policise-se-Tiranes-Erion-Ismaili.png?fit=537%2C300&ssl=1&resize=350%2C200","width":350,"height":200,"srcset":"https:\/\/i0.wp.com\/www.shqiperia.com\/blog\/wp-content\/uploads\/2025\/12\/zevendesdrejtori-i-Policise-se-Tiranes-Erion-Ismaili.png?fit=537%2C300&ssl=1&resize=350%2C200 1x, https:\/\/i0.wp.com\/www.shqiperia.com\/blog\/wp-content\/uploads\/2025\/12\/zevendesdrejtori-i-Policise-se-Tiranes-Erion-Ismaili.png?fit=537%2C300&ssl=1&resize=525%2C300 1.5x"},"classes":[]},{"id":41754,"url":"https:\/\/www.shqiperia.com\/blog\/lleshaj-dha-doreheqjen-protestuesit-protesta-do-vazhdoje-jemi-pa-shprese\/","url_meta":{"origin":16121,"position":4},"title":"Lleshaj dha dor\u00ebheqjen, protestuesit: Protesta do vazhdoj\u00eb, jemi pa shpres\u00eb","author":"Kurt Farka","date":"December 10, 2020","format":false,"excerpt":"Lleshaj dha dor\u00ebheqjen, protestuesit: Protesta do vazhdoj\u00eb, jemi pa shpres\u00eb 10 DHJETOR 2020 Ministri i Brendsh\u00ebm, Sand\u00ebr Lleshaj dha dor\u00ebheqjen, por duket se kjo nuk do t\u00eb ndaloj\u00eb protestuesit q\u00eb jan\u00eb ngritur p\u00ebr t\u00eb v\u00ebn\u00eb drejt\u00ebsi p\u00ebr vrasjen e Klodian Rash\u00ebs nga efektivi i policis\u00eb. Protestuesit shprehe se k\u00ebrkesat e\u2026","rel":"","context":"In &quot;Blogu i Udh\u00ebtarit&quot;","block_context":{"text":"Blogu i Udh\u00ebtarit","link":"https:\/\/www.shqiperia.com\/blog\/category\/blogu-i-udhetarit\/"},"img":{"alt_text":"","src":"https:\/\/i0.wp.com\/www.shqiperia.com\/blog\/wp-content\/uploads\/2020\/12\/640-0-5fd26bf1e7dda.png?fit=640%2C365&ssl=1&resize=350%2C200","width":350,"height":200,"srcset":"https:\/\/i0.wp.com\/www.shqiperia.com\/blog\/wp-content\/uploads\/2020\/12\/640-0-5fd26bf1e7dda.png?fit=640%2C365&ssl=1&resize=350%2C200 1x, https:\/\/i0.wp.com\/www.shqiperia.com\/blog\/wp-content\/uploads\/2020\/12\/640-0-5fd26bf1e7dda.png?fit=640%2C365&ssl=1&resize=525%2C300 1.5x"},"classes":[]},{"id":31708,"url":"https:\/\/www.shqiperia.com\/blog\/media-kosovare-sander-lleshaj-genjeu-gazin-lotsjelles-per-te-shtypur-protestuesit-e-opozites-e-mori-nga-policia-e-kosoves\/","url_meta":{"origin":16121,"position":5},"title":"Media kosovare: &#8211; Sand\u00ebr Lleshaj g\u00ebnjeu, gazin lotsjell\u00ebs p\u00ebr t\u00eb shtypur protestuesit e opozit\u00ebs e mori nga Policia e Kosov\u00ebs.","author":"Kurt Farka","date":"February 23, 2020","format":false,"excerpt":"Media kosovare: - Sand\u00ebr Lleshaj g\u00ebnjeu, gazin lotsjell\u00ebs p\u00ebr t\u00eb shtypur protestuesit e opozit\u00ebs e mori nga Policia e Kosov\u00ebs Gazeta Insajderi ka zbuluar se drejtori i Policis\u00eb Rashit Qalaj ka ndihmuar q\u00eb t\u00eb shtypen protestat e opozit\u00ebs n\u00eb Shqip\u00ebri. Insajderi ka zbuluar se Sand\u00ebr Lleshaj, ministri i Pun\u00ebve t\u00eb\u2026","rel":"","context":"In &quot;Blogu i Udh\u00ebtarit&quot;","block_context":{"text":"Blogu i Udh\u00ebtarit","link":"https:\/\/www.shqiperia.com\/blog\/category\/blogu-i-udhetarit\/"},"img":{"alt_text":"","src":"https:\/\/i0.wp.com\/www.shqiperia.com\/blog\/wp-content\/uploads\/2020\/02\/protesta1.jpg?fit=730%2C440&ssl=1&resize=350%2C200","width":350,"height":200,"srcset":"https:\/\/i0.wp.com\/www.shqiperia.com\/blog\/wp-content\/uploads\/2020\/02\/protesta1.jpg?fit=730%2C440&ssl=1&resize=350%2C200 1x, https:\/\/i0.wp.com\/www.shqiperia.com\/blog\/wp-content\/uploads\/2020\/02\/protesta1.jpg?fit=730%2C440&ssl=1&resize=525%2C300 1.5x, https:\/\/i0.wp.com\/www.shqiperia.com\/blog\/wp-content\/uploads\/2020\/02\/protesta1.jpg?fit=730%2C440&ssl=1&resize=700%2C400 2x"},"classes":[]}],"_links":{"self":[{"href":"https:\/\/www.shqiperia.com\/blog\/wp-json\/wp\/v2\/posts\/16121","targetHints":{"allow":["GET"]}}],"collection":[{"href":"https:\/\/www.shqiperia.com\/blog\/wp-json\/wp\/v2\/posts"}],"about":[{"href":"https:\/\/www.shqiperia.com\/blog\/wp-json\/wp\/v2\/types\/post"}],"author":[{"embeddable":true,"href":"https:\/\/www.shqiperia.com\/blog\/wp-json\/wp\/v2\/users\/9"}],"replies":[{"embeddable":true,"href":"https:\/\/www.shqiperia.com\/blog\/wp-json\/wp\/v2\/comments?post=16121"}],"version-history":[{"count":2,"href":"https:\/\/www.shqiperia.com\/blog\/wp-json\/wp\/v2\/posts\/16121\/revisions"}],"predecessor-version":[{"id":16125,"href":"https:\/\/www.shqiperia.com\/blog\/wp-json\/wp\/v2\/posts\/16121\/revisions\/16125"}],"wp:featuredmedia":[{"embeddable":true,"href":"https:\/\/www.shqiperia.com\/blog\/wp-json\/wp\/v2\/media\/16122"}],"wp:attachment":[{"href":"https:\/\/www.shqiperia.com\/blog\/wp-json\/wp\/v2\/media?parent=16121"}],"wp:term":[{"taxonomy":"category","embeddable":true,"href":"https:\/\/www.shqiperia.com\/blog\/wp-json\/wp\/v2\/categories?post=16121"},{"taxonomy":"post_tag","embeddable":true,"href":"https:\/\/www.shqiperia.com\/blog\/wp-json\/wp\/v2\/tags?post=16121"}],"curies":[{"name":"wp","href":"https:\/\/api.w.org\/{rel}","templated":true}]}}