{"id":16116,"date":"2019-01-15T16:41:06","date_gmt":"2019-01-15T16:41:06","guid":{"rendered":"http:\/\/www.shqiperia.com\/blog\/?p=16116"},"modified":"2019-01-15T16:41:06","modified_gmt":"2019-01-15T16:41:06","slug":"studentet-e-nje-tjeter-fakulteti-mbyllen-ne-korpus-tani-protesta-perhapet-edhe-ne-rrethe","status":"publish","type":"post","link":"https:\/\/www.shqiperia.com\/blog\/studentet-e-nje-tjeter-fakulteti-mbyllen-ne-korpus-tani-protesta-perhapet-edhe-ne-rrethe\/","title":{"rendered":"Student\u00ebt e nj\u00eb tjet\u00ebr fakulteti mbyllen n\u00eb Korpus, tani protesta p\u00ebrhapet edhe n\u00eb rrethe. &#8211;"},"content":{"rendered":"<p><img data-recalc-dims=\"1\" loading=\"lazy\" decoding=\"async\" data-attachment-id=\"16117\" data-permalink=\"https:\/\/www.shqiperia.com\/blog\/studentet-e-nje-tjeter-fakulteti-mbyllen-ne-korpus-tani-protesta-perhapet-edhe-ne-rrethe\/safe_image-php-13\/\" data-orig-file=\"https:\/\/i0.wp.com\/www.shqiperia.com\/blog\/wp-content\/uploads\/2019\/01\/safe_image.php_-1.jpg?fit=476%2C248&amp;ssl=1\" data-orig-size=\"476,248\" data-comments-opened=\"1\" data-image-meta=\"{&quot;aperture&quot;:&quot;0&quot;,&quot;credit&quot;:&quot;&quot;,&quot;camera&quot;:&quot;&quot;,&quot;caption&quot;:&quot;&quot;,&quot;created_timestamp&quot;:&quot;0&quot;,&quot;copyright&quot;:&quot;&quot;,&quot;focal_length&quot;:&quot;0&quot;,&quot;iso&quot;:&quot;0&quot;,&quot;shutter_speed&quot;:&quot;0&quot;,&quot;title&quot;:&quot;&quot;,&quot;orientation&quot;:&quot;0&quot;}\" data-image-title=\"safe_image.php\" data-image-description=\"\" data-image-caption=\"\" data-medium-file=\"https:\/\/i0.wp.com\/www.shqiperia.com\/blog\/wp-content\/uploads\/2019\/01\/safe_image.php_-1.jpg?fit=300%2C156&amp;ssl=1\" data-large-file=\"https:\/\/i0.wp.com\/www.shqiperia.com\/blog\/wp-content\/uploads\/2019\/01\/safe_image.php_-1.jpg?fit=476%2C248&amp;ssl=1\" class=\"alignnone  wp-image-16117\" alt=\"\" src=\"https:\/\/i0.wp.com\/www.shqiperia.com\/blog\/wp-content\/uploads\/2019\/01\/safe_image.php_-1-300x156.jpg?resize=483%2C251\" width=\"483\" height=\"251\" srcset=\"https:\/\/i0.wp.com\/www.shqiperia.com\/blog\/wp-content\/uploads\/2019\/01\/safe_image.php_-1.jpg?resize=300%2C156&amp;ssl=1 300w, https:\/\/i0.wp.com\/www.shqiperia.com\/blog\/wp-content\/uploads\/2019\/01\/safe_image.php_-1.jpg?resize=450%2C234&amp;ssl=1 450w, https:\/\/i0.wp.com\/www.shqiperia.com\/blog\/wp-content\/uploads\/2019\/01\/safe_image.php_-1.jpg?resize=400%2C208&amp;ssl=1 400w, https:\/\/i0.wp.com\/www.shqiperia.com\/blog\/wp-content\/uploads\/2019\/01\/safe_image.php_-1.jpg?w=476&amp;ssl=1 476w\" sizes=\"auto, (max-width: 483px) 100vw, 483px\" \/><\/p>\n<p><strong>Student\u00ebt e nj\u00eb tjet\u00ebr fakulteti mbyllen n\u00eb Korpus, tani protesta p\u00ebrhapet edhe n\u00eb rrethe. &#8211;<br \/>\n<\/strong><\/p>\n<p>15 janar 2019<\/p>\n<p><span>\u00a0<\/span><\/p>\n<p><strong>Rreth 20 student\u00eb t\u00eb fakultetit t\u00eb Universitetit Aleksand\u00ebr Xhuvanit n\u00eb Elbasan prej or\u00ebs 16:00 jan\u00eb ngujuar n\u00eb ambientet kryesore t\u00eb k\u00ebtij fakulteti.<\/strong><\/p>\n<p>Ata i jan\u00eb bashkuar n\u00eb k\u00ebt\u00eb m\u00ebnyr\u00eb protest\u00ebs q\u00eb po b\u00ebjn\u00eb edhe studentet e fakulteteve n\u00eb Tiran\u00eb, protest\u00eb e cila \u00ebsht\u00eb kthyer n\u00eb ngujim brenda k\u00ebtyre ambiente, tashm\u00eb prej disa dit\u00ebsh.<\/p>\n<p><span>\u00a0<\/span><\/p>\n<p>Student\u00ebt kan\u00eb b\u00ebr\u00eb t\u00eb ditur se pritet q\u00eb k\u00ebtij ngujimi t\u2019i bashkohen edhe student\u00ebt t\u00eb tjer\u00eb n\u00eb or\u00ebt n\u00eb vijim.<strong>\/<\/strong><\/p>\n<p><strong>Panorama<\/strong><\/p>\n","protected":false},"excerpt":{"rendered":"<p>Student\u00ebt e nj\u00eb tjet\u00ebr fakulteti mbyllen n\u00eb Korpus, tani protesta p\u00ebrhapet edhe n\u00eb rrethe. &#8211; 15 janar 2019 \u00a0 Rreth 20 student\u00eb t\u00eb fakultetit t\u00eb Universitetit Aleksand\u00ebr Xhuvanit n\u00eb Elbasan prej or\u00ebs 16:00 jan\u00eb ngujuar n\u00eb ambientet kryesore t\u00eb k\u00ebtij fakulteti. Ata i jan\u00eb bashkuar n\u00eb k\u00ebt\u00eb m\u00ebnyr\u00eb protest\u00ebs q\u00eb po b\u00ebjn\u00eb edhe studentet e [&hellip;]<\/p>\n","protected":false},"author":9,"featured_media":16117,"comment_status":"open","ping_status":"open","sticky":false,"template":"","format":"standard","meta":{"jetpack_post_was_ever_published":false,"_jetpack_newsletter_access":"","_jetpack_dont_email_post_to_subs":false,"_jetpack_newsletter_tier_id":0,"_jetpack_memberships_contains_paywalled_content":false,"_jetpack_memberships_contains_paid_content":false,"footnotes":"","jetpack_publicize_message":"","jetpack_publicize_feature_enabled":true,"jetpack_social_post_already_shared":true,"jetpack_social_options":{"image_generator_settings":{"template":"highway","default_image_id":0,"font":"","enabled":false},"version":2}},"categories":[27,2,35],"tags":[],"class_list":["post-16116","post","type-post","status-publish","format-standard","has-post-thumbnail","hentry","category-blogu-i-udhetarit","category-politika","category-shoqerore"],"jetpack_publicize_connections":[],"jetpack_featured_media_url":"https:\/\/i0.wp.com\/www.shqiperia.com\/blog\/wp-content\/uploads\/2019\/01\/safe_image.php_-1.jpg?fit=476%2C248&ssl=1","jetpack_sharing_enabled":true,"jetpack_shortlink":"https:\/\/wp.me\/p5Z6wp-4bW","jetpack-related-posts":[{"id":14587,"url":"https:\/\/www.shqiperia.com\/blog\/universitetet-ne-rrethe-bojkot-total-edhe-saranda-i-bashkohet-protestes\/","url_meta":{"origin":16116,"position":0},"title":"Universitetet n\u00eb rrethe bojkot total, edhe Saranda i bashkohet protest\u00ebs.-","author":"Kurt Farka","date":"December 11, 2018","format":false,"excerpt":"Universitetet n\u00eb rrethe bojkot total, edhe Saranda i bashkohet protest\u00ebs.- 11,12.2018 \u00a0 Ka nisur edhe sot protesta e student\u00ebve, e cila ka marr\u00eb p\u00ebrmasa komb\u00ebtare, pasi jan\u00eb bashkuar student\u00ebt nga t\u00eb gjitha rrethet. \u00a0 Student\u00ebt nga rrethe t\u00eb ndryshme si Vlora, Kor\u00e7a, Elbasani dhe Durr\u00ebsi jan\u00eb nisur me grupe t\u00eb\u2026","rel":"","context":"In &quot;Blogu i Udh\u00ebtarit&quot;","block_context":{"text":"Blogu i Udh\u00ebtarit","link":"https:\/\/www.shqiperia.com\/blog\/category\/blogu-i-udhetarit\/"},"img":{"alt_text":"","src":"https:\/\/i0.wp.com\/www.shqiperia.com\/blog\/wp-content\/uploads\/2018\/12\/studentet-lore-Copy-2.jpg?fit=1200%2C474&ssl=1&resize=350%2C200","width":350,"height":200,"srcset":"https:\/\/i0.wp.com\/www.shqiperia.com\/blog\/wp-content\/uploads\/2018\/12\/studentet-lore-Copy-2.jpg?fit=1200%2C474&ssl=1&resize=350%2C200 1x, https:\/\/i0.wp.com\/www.shqiperia.com\/blog\/wp-content\/uploads\/2018\/12\/studentet-lore-Copy-2.jpg?fit=1200%2C474&ssl=1&resize=525%2C300 1.5x, https:\/\/i0.wp.com\/www.shqiperia.com\/blog\/wp-content\/uploads\/2018\/12\/studentet-lore-Copy-2.jpg?fit=1200%2C474&ssl=1&resize=700%2C400 2x, https:\/\/i0.wp.com\/www.shqiperia.com\/blog\/wp-content\/uploads\/2018\/12\/studentet-lore-Copy-2.jpg?fit=1200%2C474&ssl=1&resize=1050%2C600 3x"},"classes":[]},{"id":16335,"url":"https:\/\/www.shqiperia.com\/blog\/vijon-bojkoti-studentet-shqiperia-e-shqiptareve-te-ikin-tradhetaret\/","url_meta":{"origin":16116,"position":1},"title":"Vijon bojkoti\/ Student\u00ebt: Shqip\u00ebria e shqiptar\u00ebve, t\u00eb ikin tradh\u00ebtar\u00ebt. &#8211;","author":"Kurt Farka","date":"January 19, 2019","format":false,"excerpt":"Vijon bojkoti\/ Student\u00ebt: Shqip\u00ebria e shqiptar\u00ebve, t\u00eb ikin tradh\u00ebtar\u00ebt. - 18 Janar, 2019 Student\u00ebt vazhdojn\u00eb t\u00eb mbeten jasht\u00eb Universiteteve n\u00eb shenj\u00eb proteste p\u00ebr plot\u00ebsimin e k\u00ebrkesave t\u00eb tyre. Ndon\u00ebse qeveria deklaron se k\u00ebrkesat jan\u00eb plot\u00ebsuar, student\u00ebt nuk jan\u00eb t\u00eb k\u00ebnaqur. T\u00eb dy fakultetet e inxhinieris\u00eb, mekanike dhe elektrike vazhdojne bojkotin\u2026","rel":"","context":"In &quot;Blogu i Udh\u00ebtarit&quot;","block_context":{"text":"Blogu i Udh\u00ebtarit","link":"https:\/\/www.shqiperia.com\/blog\/category\/blogu-i-udhetarit\/"},"img":{"alt_text":"","src":"https:\/\/i0.wp.com\/www.shqiperia.com\/blog\/wp-content\/uploads\/2019\/01\/universitet.png?fit=632%2C343&ssl=1&resize=350%2C200","width":350,"height":200,"srcset":"https:\/\/i0.wp.com\/www.shqiperia.com\/blog\/wp-content\/uploads\/2019\/01\/universitet.png?fit=632%2C343&ssl=1&resize=350%2C200 1x, https:\/\/i0.wp.com\/www.shqiperia.com\/blog\/wp-content\/uploads\/2019\/01\/universitet.png?fit=632%2C343&ssl=1&resize=525%2C300 1.5x"},"classes":[]},{"id":55451,"url":"https:\/\/www.shqiperia.com\/blog\/revoltohen-edhe-studentet-i-bashkohen-protestes-kombetare-te-rinjte-bejne-publike-tre-kerkesat-e-tyre-nga-neser-nisim-organizimet-per\/","url_meta":{"origin":16116,"position":2},"title":"Revoltohen edhe student\u00ebt, i bashkohen protest\u00ebs komb\u00ebtare. T\u00eb rinjt\u00eb b\u00ebjn\u00eb publike tre k\u00ebrkesat e tyre: &#8211; Nga nes\u00ebr nisim organizimet p\u00ebr\u2026","author":"Kurt Farka","date":"March 15, 2022","format":false,"excerpt":"Revoltohen edhe student\u00ebt, i bashkohen protest\u00ebs komb\u00ebtare. T\u00eb rinjt\u00eb b\u00ebjn\u00eb publike tre k\u00ebrkesat e tyre: - Nga nes\u00ebr nisim organizimet p\u00ebr\u2026 15 Mars 2022 Student\u00ebt e fakulteteve t\u00eb Tiran\u00ebs do i bashkohen protest\u00ebs komb\u00ebtare q\u00eb ka nisur prej disa dit\u00ebsh me t\u00eb pakt\u00ebn tre k\u00ebrkesa q\u00eb shtohen n\u00eb drejtim t\u00eb\u2026","rel":"","context":"In &quot;Blogu i Udh\u00ebtarit&quot;","block_context":{"text":"Blogu i Udh\u00ebtarit","link":"https:\/\/www.shqiperia.com\/blog\/category\/blogu-i-udhetarit\/"},"img":{"alt_text":"","src":"https:\/\/i0.wp.com\/www.shqiperia.com\/blog\/wp-content\/uploads\/2022\/03\/studentet-proteste.jpg?fit=1200%2C562&ssl=1&resize=350%2C200","width":350,"height":200,"srcset":"https:\/\/i0.wp.com\/www.shqiperia.com\/blog\/wp-content\/uploads\/2022\/03\/studentet-proteste.jpg?fit=1200%2C562&ssl=1&resize=350%2C200 1x, https:\/\/i0.wp.com\/www.shqiperia.com\/blog\/wp-content\/uploads\/2022\/03\/studentet-proteste.jpg?fit=1200%2C562&ssl=1&resize=525%2C300 1.5x, https:\/\/i0.wp.com\/www.shqiperia.com\/blog\/wp-content\/uploads\/2022\/03\/studentet-proteste.jpg?fit=1200%2C562&ssl=1&resize=700%2C400 2x, https:\/\/i0.wp.com\/www.shqiperia.com\/blog\/wp-content\/uploads\/2022\/03\/studentet-proteste.jpg?fit=1200%2C562&ssl=1&resize=1050%2C600 3x"},"classes":[]},{"id":15844,"url":"https:\/\/www.shqiperia.com\/blog\/tensione-gjate-nates-studentet-e-juridikut-dhe-ekonomikut-perplasen-me-policine-private-rrine-gjithe-naten-ne-fakultet\/","url_meta":{"origin":16116,"position":3},"title":"Tensione gjat\u00eb nat\u00ebs, student\u00ebt e Juridikut dhe Ekonomikut p\u00ebrplasen me policin\u00eb private, rrine gjithe naten ne fakultet.","author":"Kurt Farka","date":"January 11, 2019","format":false,"excerpt":"Tensione gjat\u00eb nat\u00ebs, student\u00ebt e Juridikut dhe Ekonomikut p\u00ebrplasen me policin\u00eb private, rrine gjithe naten ne fakultet. 11janar 2019. \u00cbsht\u00eb tensionuar situata tek Fakulteti i Drejt\u00ebsis\u00eb gjat\u00eb or\u00ebve t\u00eb vona t\u00eb nat\u00ebs. Policia private q\u00eb ruan ambientet e Fakultetit ka nd\u00ebrhyr\u00eb duke hequr bankat e vendosura nga grupi i student\u00ebve\u2026","rel":"","context":"In &quot;Blogu i Udh\u00ebtarit&quot;","block_context":{"text":"Blogu i Udh\u00ebtarit","link":"https:\/\/www.shqiperia.com\/blog\/category\/blogu-i-udhetarit\/"},"img":{"alt_text":"","src":"https:\/\/i0.wp.com\/www.shqiperia.com\/blog\/wp-content\/uploads\/2019\/01\/Studentet-tek-Fakulteti-Juridik..jpg?fit=886%2C452&ssl=1&resize=350%2C200","width":350,"height":200,"srcset":"https:\/\/i0.wp.com\/www.shqiperia.com\/blog\/wp-content\/uploads\/2019\/01\/Studentet-tek-Fakulteti-Juridik..jpg?fit=886%2C452&ssl=1&resize=350%2C200 1x, https:\/\/i0.wp.com\/www.shqiperia.com\/blog\/wp-content\/uploads\/2019\/01\/Studentet-tek-Fakulteti-Juridik..jpg?fit=886%2C452&ssl=1&resize=525%2C300 1.5x, https:\/\/i0.wp.com\/www.shqiperia.com\/blog\/wp-content\/uploads\/2019\/01\/Studentet-tek-Fakulteti-Juridik..jpg?fit=886%2C452&ssl=1&resize=700%2C400 2x"},"classes":[]},{"id":21520,"url":"https:\/\/www.shqiperia.com\/blog\/qeveria-anulon-vendimin-per-kthimin-e-fakultetit-te-gjeologjise-ne-pallatin-e-drejtesise\/","url_meta":{"origin":16116,"position":4},"title":"Qeveria anulon vendimin p\u00ebr kthimin e Fakultetit t\u00eb Gjeologjis\u00eb, n\u00eb Pallatin e Drejt\u00ebsis\u00eb. &#8211;","author":"Kurt Farka","date":"May 23, 2019","format":false,"excerpt":"Qeveria anulon vendimin p\u00ebr kthimin e Fakultetit t\u00eb Gjeologjis\u00eb, n\u00eb Pallatin e Drejt\u00ebsis\u00eb. - Kryeministri Edi Rama ka anuluar vendimin e marr\u00eb m\u00eb 2014, q\u00eb Fakulteti i Gjeologjis\u00eb dhe Minierave t\u2019i kalonte Ministris\u00eb s\u00eb Drejt\u00ebsis\u00eb. N\u00eb mbledhjen e sotme t\u00eb qeveris\u00eb \u00ebsht\u00eb anuluar\u00a0vendimi\u00a0i marr\u00eb m\u00eb 2014, q\u00eb Fakulteti i Gjeologjis\u00eb\u2026","rel":"","context":"In &quot;Blogu i Udh\u00ebtarit&quot;","block_context":{"text":"Blogu i Udh\u00ebtarit","link":"https:\/\/www.shqiperia.com\/blog\/category\/blogu-i-udhetarit\/"},"img":{"alt_text":"","src":"https:\/\/i0.wp.com\/www.shqiperia.com\/blog\/wp-content\/uploads\/2019\/05\/Fakulteti-Gjeologjik.jpg?fit=636%2C314&ssl=1&resize=350%2C200","width":350,"height":200,"srcset":"https:\/\/i0.wp.com\/www.shqiperia.com\/blog\/wp-content\/uploads\/2019\/05\/Fakulteti-Gjeologjik.jpg?fit=636%2C314&ssl=1&resize=350%2C200 1x, https:\/\/i0.wp.com\/www.shqiperia.com\/blog\/wp-content\/uploads\/2019\/05\/Fakulteti-Gjeologjik.jpg?fit=636%2C314&ssl=1&resize=525%2C300 1.5x"},"classes":[]},{"id":14764,"url":"https:\/\/www.shqiperia.com\/blog\/po-ndodh-tani-shiu-nuk-i-ndal-studentet-e-rretheve-ne-kembe-drejt-tiranes-pasdite-ka-protesta-te-banorve-ne-disa-qytete\/","url_meta":{"origin":16116,"position":5},"title":"Po ndodh tani. &#8211; Shiu nuk i ndal, student\u00ebt e rretheve n\u00eb k\u00ebmb\u00eb drejt Tiran\u00ebs. Pasdite ka Protesta te banorve  ne disa qytete.","author":"Kurt Farka","date":"December 14, 2018","format":false,"excerpt":"Po ndodh tani. - Shiu nuk i ndal, student\u00ebt e rretheve n\u00eb k\u00ebmb\u00eb drejt Tiran\u00ebs. Pasdite ka Protesta te banorve\u00a0 ne disa qytete. 14 Dhjetor, 2018 P\u00ebr gati 10 dit\u00eb me radh\u00eb student\u00ebt e rretheve iu jan\u00eb bashkuar protest\u00ebs s\u00eb moshatar\u00ebve t\u00eb tyre n\u00eb universitetet publike n\u00eb Tiran\u00eb. \u2018BalkanWeb\u2019 m\u00ebson\u2026","rel":"","context":"In &quot;Blogu i Udh\u00ebtarit&quot;","block_context":{"text":"Blogu i Udh\u00ebtarit","link":"https:\/\/www.shqiperia.com\/blog\/category\/blogu-i-udhetarit\/"},"img":{"alt_text":"","src":"https:\/\/i0.wp.com\/www.shqiperia.com\/blog\/wp-content\/uploads\/2018\/12\/milot-leshe-protesta-600x450.jpg?fit=471%2C238&ssl=1&resize=350%2C200","width":350,"height":200},"classes":[]}],"_links":{"self":[{"href":"https:\/\/www.shqiperia.com\/blog\/wp-json\/wp\/v2\/posts\/16116","targetHints":{"allow":["GET"]}}],"collection":[{"href":"https:\/\/www.shqiperia.com\/blog\/wp-json\/wp\/v2\/posts"}],"about":[{"href":"https:\/\/www.shqiperia.com\/blog\/wp-json\/wp\/v2\/types\/post"}],"author":[{"embeddable":true,"href":"https:\/\/www.shqiperia.com\/blog\/wp-json\/wp\/v2\/users\/9"}],"replies":[{"embeddable":true,"href":"https:\/\/www.shqiperia.com\/blog\/wp-json\/wp\/v2\/comments?post=16116"}],"version-history":[{"count":1,"href":"https:\/\/www.shqiperia.com\/blog\/wp-json\/wp\/v2\/posts\/16116\/revisions"}],"predecessor-version":[{"id":16118,"href":"https:\/\/www.shqiperia.com\/blog\/wp-json\/wp\/v2\/posts\/16116\/revisions\/16118"}],"wp:featuredmedia":[{"embeddable":true,"href":"https:\/\/www.shqiperia.com\/blog\/wp-json\/wp\/v2\/media\/16117"}],"wp:attachment":[{"href":"https:\/\/www.shqiperia.com\/blog\/wp-json\/wp\/v2\/media?parent=16116"}],"wp:term":[{"taxonomy":"category","embeddable":true,"href":"https:\/\/www.shqiperia.com\/blog\/wp-json\/wp\/v2\/categories?post=16116"},{"taxonomy":"post_tag","embeddable":true,"href":"https:\/\/www.shqiperia.com\/blog\/wp-json\/wp\/v2\/tags?post=16116"}],"curies":[{"name":"wp","href":"https:\/\/api.w.org\/{rel}","templated":true}]}}