{"id":16112,"date":"2019-01-15T15:53:57","date_gmt":"2019-01-15T15:53:57","guid":{"rendered":"http:\/\/www.shqiperia.com\/blog\/?p=16112"},"modified":"2019-01-15T15:53:57","modified_gmt":"2019-01-15T15:53:57","slug":"batonorgjia-e-dhimbshme-e-kryeministrit-te-vendit-tim","status":"publish","type":"post","link":"https:\/\/www.shqiperia.com\/blog\/batonorgjia-e-dhimbshme-e-kryeministrit-te-vendit-tim\/","title":{"rendered":"BATONORGJIA E DHIMBSHME E KRYEMINISTRIT T\u00cb VENDIT TIM!-"},"content":{"rendered":"<p><img data-recalc-dims=\"1\" loading=\"lazy\" decoding=\"async\" data-attachment-id=\"16113\" data-permalink=\"https:\/\/www.shqiperia.com\/blog\/batonorgjia-e-dhimbshme-e-kryeministrit-te-vendit-tim\/luan-rama-640x427\/\" data-orig-file=\"https:\/\/i0.wp.com\/www.shqiperia.com\/blog\/wp-content\/uploads\/2019\/01\/Luan-Rama-640x427.jpg?fit=640%2C367&amp;ssl=1\" data-orig-size=\"640,367\" data-comments-opened=\"1\" data-image-meta=\"{&quot;aperture&quot;:&quot;0&quot;,&quot;credit&quot;:&quot;&quot;,&quot;camera&quot;:&quot;&quot;,&quot;caption&quot;:&quot;&quot;,&quot;created_timestamp&quot;:&quot;0&quot;,&quot;copyright&quot;:&quot;&quot;,&quot;focal_length&quot;:&quot;0&quot;,&quot;iso&quot;:&quot;0&quot;,&quot;shutter_speed&quot;:&quot;0&quot;,&quot;title&quot;:&quot;&quot;,&quot;orientation&quot;:&quot;0&quot;}\" data-image-title=\"Luan-Rama-640&#215;427\" data-image-description=\"\" data-image-caption=\"\" data-medium-file=\"https:\/\/i0.wp.com\/www.shqiperia.com\/blog\/wp-content\/uploads\/2019\/01\/Luan-Rama-640x427.jpg?fit=300%2C172&amp;ssl=1\" data-large-file=\"https:\/\/i0.wp.com\/www.shqiperia.com\/blog\/wp-content\/uploads\/2019\/01\/Luan-Rama-640x427.jpg?fit=640%2C367&amp;ssl=1\" class=\"alignnone  wp-image-16113\" alt=\"\" src=\"https:\/\/i0.wp.com\/www.shqiperia.com\/blog\/wp-content\/uploads\/2019\/01\/Luan-Rama-640x427-300x172.jpg?resize=544%2C312\" width=\"544\" height=\"312\" srcset=\"https:\/\/i0.wp.com\/www.shqiperia.com\/blog\/wp-content\/uploads\/2019\/01\/Luan-Rama-640x427.jpg?resize=300%2C172&amp;ssl=1 300w, https:\/\/i0.wp.com\/www.shqiperia.com\/blog\/wp-content\/uploads\/2019\/01\/Luan-Rama-640x427.jpg?resize=450%2C258&amp;ssl=1 450w, https:\/\/i0.wp.com\/www.shqiperia.com\/blog\/wp-content\/uploads\/2019\/01\/Luan-Rama-640x427.jpg?resize=600%2C344&amp;ssl=1 600w, https:\/\/i0.wp.com\/www.shqiperia.com\/blog\/wp-content\/uploads\/2019\/01\/Luan-Rama-640x427.jpg?resize=400%2C229&amp;ssl=1 400w, https:\/\/i0.wp.com\/www.shqiperia.com\/blog\/wp-content\/uploads\/2019\/01\/Luan-Rama-640x427.jpg?resize=640%2C427&amp;ssl=1 640w\" sizes=\"auto, (max-width: 544px) 100vw, 544px\" \/><\/p>\n<p><strong>BATONORGJIA E DHIMBSHME E KRYEMINISTRIT T\u00cb VENDIT TIM!-<\/strong><\/p>\n<p>Ai, Kryeministri i vendit tim, m\u00eb e pakta do t\u00eb duhej t\u00eb hesht\u00ebte. T\u00eb hesht\u00ebte dhe t\u00eb reflektonte mund\u00ebsisht nj\u00eb her\u00eb t\u00eb vetme nga lart\u00ebsit\u00eb e p\u00ebrgjegj\u00ebsis\u00eb s\u00eb Kryeministrit, e t\u00eb mos b\u00ebhej argument i pap\u00ebrgjegjshm\u00ebris\u00eb s\u00eb rradh\u00ebs me t\u00eb cil\u00ebn ai trajton shtetin, kushtetut\u00ebn, ligjet dhe institucionet e vendit!<\/p>\n<p>T\u00eb hesht\u00ebte dhe t\u00eb k\u00ebrkonte ndjes\u00eb p\u00ebr gjith\u00eb sa gatoi e b\u00ebri me propozimin p\u00ebr Minist\u00ebr p\u00ebr Evrop\u00ebn dhe Pun\u00ebt e Jashtme t\u00eb Republik\u00ebs s\u00eb Shqip\u00ebris\u00eb, t\u00eb nj\u00eb kandidature m\u00eb shum\u00eb se t\u00eb pap\u00ebrshtatshme e t\u00eb padenj\u00eb, fyese dhe provokative, e madje q\u00eb nuk di as ta flas\u00eb e as ta shkruaj\u00eb minimalisht n\u00eb m\u00ebnyr\u00eb t\u00eb kuptueshme, se n\u00eb m\u00ebnyr\u00eb korrekte jo e jo gjuh\u00eb shqipe!<\/p>\n<p>Dhe nes\u00ebr, pra pasi t\u00eb kishte heshtur sot, t\u00eb reflektonte e t\u00eb k\u00ebrkonte ndjes\u00eb, do t\u00eb duhej t\u00eb shfaqej i matur, serioz dhe i p\u00ebrgjegjsh\u00ebm mbi argumentat q\u00eb paraqiti Presidenti i Republik\u00ebs, dhe si Kryeminist\u00ebr i p\u00ebrgjegjsh\u00ebm i vendit tim t\u00eb d\u00ebshmonte se di t\u2019a tejkaloj\u00eb lajthitjen ( njer\u00ebzit t\u00eb gjith\u00eb gabojn\u00eb!), dhe t\u00eb shkonte kah udha e zgjidhjes s\u00eb drejt\u00eb, t\u00eb ligjshme dhe n\u00eb p\u00ebrputhje me interesat e vendit!<\/p>\n<p>Mir\u00ebpo, ai, Kryeministri Edi Rama nuk di as t\u00eb hesht\u00eb, as t\u00eb k\u00ebrkoj\u00eb ndjes\u00eb, as t\u00eb reflektoj\u00eb, as t\u00eb shfaqet i matur dhe i p\u00ebrgjegjsh\u00ebm, as bashk\u00ebpunues e n\u00eb sh\u00ebrbim t\u00eb interesave t\u00eb vendit e t\u00eb shtetit.<\/p>\n<p>Ai b\u00ebri t\u00eb vetmen gj\u00eb q\u00eb di t\u00eb b\u00ebj\u00eb; batonorgjin\u00eb e rradh\u00ebs, duke p\u00ebrdorur Kosov\u00ebn si l\u00ebvere p\u00ebr t\u00eb mbuluar kinse lakuriq\u00ebsin\u00eb e vet!<\/p>\n<p>Dhe, medemeke, i k\u00ebrkon falje Kosov\u00eb, sepse, a thua Kosova na qenk\u00ebrka ndjer\u00eb e fyer dhe e l\u00ebnduar nga mosdekretimi prej Presidentit t\u00eb Republik\u00ebs s\u00eb Shqip\u00ebris\u00eb, t\u00eb kandidatur\u00ebs anonime t\u00eb batonorgjis\u00eb kryeministrore p\u00ebr Minist\u00ebr p\u00ebr Evrop\u00ebn dhe Pun\u00ebt e Jashtme, a thua se edhe Batonit vet\u00eb nuk i mjafton Ministria e Arsimit q\u00eb sapo e mori, pasi ka marr\u00eb m\u00eb her\u00ebt edhe vet\u00eb Kryeministrin!<\/p>\n<p>Gjith\u00eb kjo batonorgji \u00ebsht\u00eb e turpshme, \u00ebsht\u00eb fyese p\u00ebr vet\u00eb dinjitetin e Shqip\u00ebris\u00eb dhe t\u00eb Kosov\u00eb si dy shtete sovrane, por edhe p\u00ebr shqiptar\u00ebt si nj\u00eb komb, q\u00eb nuk e meritojn\u00eb talljen e t\u00eb tjer\u00ebve q\u00eb vazhdojn\u00eb t\u00eb thon\u00eb se shqiptar\u00ebt nuk din\u00eb as t\u00eb b\u00ebjn\u00eb shtet dhe as t\u00eb qeverisen, nd\u00ebrkoh\u00eb q\u00eb ne qeverisjen e kemi shnd\u00ebrruar n\u00eb batonorgji!<\/p>\n<p>Kjo \u00ebsht\u00eb batonorgjia e dhimbshme dhe po aq e turpshme e Kryeministrit t\u00eb vendit tim, e cila nuk mund t\u00eb mbulohet as me miellin serb dhe as me licensat e qeveris\u00eb s\u00eb Tiran\u00ebs, dhe q\u00eb \u00ebsht\u00eb shfaqur edhe m\u00eb par\u00eb, me iden\u00eb idiote t\u00eb partneritetit strategjik me Serbin\u00eb, kur Shqip\u00ebria q\u00eb prej rr\u00ebzimit t\u00eb sistemit komunist \u00ebsht\u00eb shprehur me vullnet popullor dhe komb\u00ebtar se partner strategjik i saj jan\u00eb Shtetet e Bashkuara t\u00eb Amerik\u00ebs, pa t\u00eb cilat as Shqip\u00ebria dhe as Kosova nuk do t\u00eb ishin k\u00ebto q\u00eb jan\u00eb!<\/p>\n<p><img data-recalc-dims=\"1\" loading=\"lazy\" decoding=\"async\" data-attachment-id=\"16113\" data-permalink=\"https:\/\/www.shqiperia.com\/blog\/batonorgjia-e-dhimbshme-e-kryeministrit-te-vendit-tim\/luan-rama-640x427\/\" data-orig-file=\"https:\/\/i0.wp.com\/www.shqiperia.com\/blog\/wp-content\/uploads\/2019\/01\/Luan-Rama-640x427.jpg?fit=640%2C367&amp;ssl=1\" data-orig-size=\"640,367\" data-comments-opened=\"1\" data-image-meta=\"{&quot;aperture&quot;:&quot;0&quot;,&quot;credit&quot;:&quot;&quot;,&quot;camera&quot;:&quot;&quot;,&quot;caption&quot;:&quot;&quot;,&quot;created_timestamp&quot;:&quot;0&quot;,&quot;copyright&quot;:&quot;&quot;,&quot;focal_length&quot;:&quot;0&quot;,&quot;iso&quot;:&quot;0&quot;,&quot;shutter_speed&quot;:&quot;0&quot;,&quot;title&quot;:&quot;&quot;,&quot;orientation&quot;:&quot;0&quot;}\" data-image-title=\"Luan-Rama-640&#215;427\" data-image-description=\"\" data-image-caption=\"\" data-medium-file=\"https:\/\/i0.wp.com\/www.shqiperia.com\/blog\/wp-content\/uploads\/2019\/01\/Luan-Rama-640x427.jpg?fit=300%2C172&amp;ssl=1\" data-large-file=\"https:\/\/i0.wp.com\/www.shqiperia.com\/blog\/wp-content\/uploads\/2019\/01\/Luan-Rama-640x427.jpg?fit=640%2C367&amp;ssl=1\" class=\"alignnone  wp-image-16113\" alt=\"\" src=\"https:\/\/i0.wp.com\/www.shqiperia.com\/blog\/wp-content\/uploads\/2019\/01\/Luan-Rama-640x427-300x172.jpg?resize=827%2C474\" width=\"827\" height=\"474\" srcset=\"https:\/\/i0.wp.com\/www.shqiperia.com\/blog\/wp-content\/uploads\/2019\/01\/Luan-Rama-640x427.jpg?resize=300%2C172&amp;ssl=1 300w, https:\/\/i0.wp.com\/www.shqiperia.com\/blog\/wp-content\/uploads\/2019\/01\/Luan-Rama-640x427.jpg?resize=450%2C258&amp;ssl=1 450w, https:\/\/i0.wp.com\/www.shqiperia.com\/blog\/wp-content\/uploads\/2019\/01\/Luan-Rama-640x427.jpg?resize=600%2C344&amp;ssl=1 600w, https:\/\/i0.wp.com\/www.shqiperia.com\/blog\/wp-content\/uploads\/2019\/01\/Luan-Rama-640x427.jpg?resize=400%2C229&amp;ssl=1 400w, https:\/\/i0.wp.com\/www.shqiperia.com\/blog\/wp-content\/uploads\/2019\/01\/Luan-Rama-640x427.jpg?resize=640%2C427&amp;ssl=1 640w\" sizes=\"auto, (max-width: 827px) 100vw, 827px\" \/><\/p>\n<p>11 janar 2019 (gazeta-Shqip.com)<\/p>\n","protected":false},"excerpt":{"rendered":"<p>BATONORGJIA E DHIMBSHME E KRYEMINISTRIT T\u00cb VENDIT TIM!- Ai, Kryeministri i vendit tim, m\u00eb e pakta do t\u00eb duhej t\u00eb hesht\u00ebte. T\u00eb hesht\u00ebte dhe t\u00eb reflektonte mund\u00ebsisht nj\u00eb her\u00eb t\u00eb vetme nga lart\u00ebsit\u00eb e p\u00ebrgjegj\u00ebsis\u00eb s\u00eb Kryeministrit, e t\u00eb mos b\u00ebhej argument i pap\u00ebrgjegjshm\u00ebris\u00eb s\u00eb rradh\u00ebs me t\u00eb cil\u00ebn ai trajton shtetin, kushtetut\u00ebn, ligjet dhe [&hellip;]<\/p>\n","protected":false},"author":9,"featured_media":16113,"comment_status":"open","ping_status":"open","sticky":false,"template":"","format":"standard","meta":{"jetpack_post_was_ever_published":false,"_jetpack_newsletter_access":"","_jetpack_dont_email_post_to_subs":false,"_jetpack_newsletter_tier_id":0,"_jetpack_memberships_contains_paywalled_content":false,"_jetpack_memberships_contains_paid_content":false,"footnotes":"","jetpack_publicize_message":"","jetpack_publicize_feature_enabled":true,"jetpack_social_post_already_shared":true,"jetpack_social_options":{"image_generator_settings":{"template":"highway","default_image_id":0,"font":"","enabled":false},"version":2}},"categories":[10,2,35],"tags":[],"class_list":["post-16112","post","type-post","status-publish","format-standard","has-post-thumbnail","hentry","category-kultura","category-politika","category-shoqerore"],"jetpack_publicize_connections":[],"jetpack_featured_media_url":"https:\/\/i0.wp.com\/www.shqiperia.com\/blog\/wp-content\/uploads\/2019\/01\/Luan-Rama-640x427.jpg?fit=640%2C367&ssl=1","jetpack_sharing_enabled":true,"jetpack_shortlink":"https:\/\/wp.me\/p5Z6wp-4bS","jetpack-related-posts":[{"id":16091,"url":"https:\/\/www.shqiperia.com\/blog\/qeverisja-me-fise-me-klane-me-agresivitet-dhe-banalitet-eshte-vete-shkaterruese-per-nje-komb\/","url_meta":{"origin":16112,"position":0},"title":"Qeverisja me fise, me klane me agresivitet dhe banalitet \u00ebsht\u00eb vet\u00eb-shkat\u00ebrruese p\u00ebr nj\u00eb komb. &#8211;","author":"Kurt Farka","date":"January 15, 2019","format":false,"excerpt":"Qeverisja me fise, me klane me agresivitet dhe banalitet \u00ebsht\u00eb vet\u00eb-shkat\u00ebrruese p\u00ebr nj\u00eb komb. - 14 Janar, 2019 Nga: Prof. Dr. Arben Malaj: Kjo q\u00eb po ndodh aktualisht n\u00eb Shqip\u00ebri bazuar n\u00eb: agresivitetin; banalitetin dhe shkall\u00ebn e p\u00ebrfshirjes\/konkurruese n\u00eb banalitetin e tyre t\u00eb drejtuesve dhe mb\u00ebshtet\u00ebsve partiak\u00eb t\u00eb institucioneve kushtetuese,\u2026","rel":"","context":"In &quot;Blogu i Udh\u00ebtarit&quot;","block_context":{"text":"Blogu i Udh\u00ebtarit","link":"https:\/\/www.shqiperia.com\/blog\/category\/blogu-i-udhetarit\/"},"img":{"alt_text":"","src":"https:\/\/i0.wp.com\/www.shqiperia.com\/blog\/wp-content\/uploads\/2019\/01\/Kuvendi-1-696x388.jpg?fit=696%2C388&ssl=1&resize=350%2C200","width":350,"height":200,"srcset":"https:\/\/i0.wp.com\/www.shqiperia.com\/blog\/wp-content\/uploads\/2019\/01\/Kuvendi-1-696x388.jpg?fit=696%2C388&ssl=1&resize=350%2C200 1x, https:\/\/i0.wp.com\/www.shqiperia.com\/blog\/wp-content\/uploads\/2019\/01\/Kuvendi-1-696x388.jpg?fit=696%2C388&ssl=1&resize=525%2C300 1.5x"},"classes":[]},{"id":85003,"url":"https:\/\/www.shqiperia.com\/blog\/nje-utopi-e-rrezikshme-shteti-bektashi\/","url_meta":{"origin":16112,"position":1},"title":"Nj\u00eb utopi e rrezikshme &#8211; Shteti Bektashi","author":"Kurt Farka","date":"September 25, 2024","format":false,"excerpt":"25 Shtator 2024Nga Fatos Tarifa Botuar n\u00eb DITA Kushdo flet sot mbi nj\u00eb propozim t\u00eb \u00e7uditsh\u00ebm t\u00eb kryeministrit Rama p\u00ebr krijimin e nj\u00eb Shteti Sovran t\u00eb Urdh\u00ebrit t\u00eb Bektashinjve n\u00eb Tirane. Klan, Top Channel, kushdo. - Publicitet - N\u00eb vend q\u00eb kryeminstri i Shqip\u00ebris\u00eb t\u00eb k\u00ebrkoj\u00eb me z\u00eb t\u0113 lart\u00eb\u2026","rel":"","context":"In &quot;Blogu i Udh\u00ebtarit&quot;","block_context":{"text":"Blogu i Udh\u00ebtarit","link":"https:\/\/www.shqiperia.com\/blog\/category\/blogu-i-udhetarit\/"},"img":{"alt_text":"","src":"https:\/\/i0.wp.com\/www.shqiperia.com\/blog\/wp-content\/uploads\/2024\/09\/alba-1-800x450-1.jpg?fit=800%2C450&ssl=1&resize=350%2C200","width":350,"height":200,"srcset":"https:\/\/i0.wp.com\/www.shqiperia.com\/blog\/wp-content\/uploads\/2024\/09\/alba-1-800x450-1.jpg?fit=800%2C450&ssl=1&resize=350%2C200 1x, https:\/\/i0.wp.com\/www.shqiperia.com\/blog\/wp-content\/uploads\/2024\/09\/alba-1-800x450-1.jpg?fit=800%2C450&ssl=1&resize=525%2C300 1.5x, https:\/\/i0.wp.com\/www.shqiperia.com\/blog\/wp-content\/uploads\/2024\/09\/alba-1-800x450-1.jpg?fit=800%2C450&ssl=1&resize=700%2C400 2x"},"classes":[]},{"id":17095,"url":"https:\/\/www.shqiperia.com\/blog\/darka-e-gabuar-e-rames-ne-prishtine-ndryshe-nga-sa-thote-ai-po-lobon-fuqishem-per\/","url_meta":{"origin":16112,"position":2},"title":"\u201cDarka e gabuar e Ram\u00ebs n\u00eb Prishtin\u00eb, ndryshe nga sa thot\u00eb ai po lobon fuqish\u00ebm p\u00ebr\u2026\u201d","author":"Kurt Farka","date":"February 8, 2019","format":false,"excerpt":"\u201cDarka e gabuar e Ram\u00ebs n\u00eb Prishtin\u00eb, ndryshe nga sa thot\u00eb ai po lobon fuqish\u00ebm p\u00ebr\u2026\u201d 8 shkurt 2019 \u00a0 ANDI BUSHATI\/ Nj\u00eb intervist\u00eb e sinqert\u00eb e kryeministrit t\u00eb Kosov\u00ebs Ramush Haradinaj p\u00ebr emisionin \u201cT7\u201d ka nxjer\u00eb n\u00eb pah disa t\u00eb v\u00ebrteta q\u00eb Edi Rama mundohet ti\u2019a mbaj\u00eb t\u00eb fshehta\u2026","rel":"","context":"In &quot;Blogu i Udh\u00ebtarit&quot;","block_context":{"text":"Blogu i Udh\u00ebtarit","link":"https:\/\/www.shqiperia.com\/blog\/category\/blogu-i-udhetarit\/"},"img":{"alt_text":"","src":"https:\/\/i0.wp.com\/www.shqiperia.com\/blog\/wp-content\/uploads\/2019\/02\/Tut-Kamuni.jpg?fit=770%2C433&ssl=1&resize=350%2C200","width":350,"height":200,"srcset":"https:\/\/i0.wp.com\/www.shqiperia.com\/blog\/wp-content\/uploads\/2019\/02\/Tut-Kamuni.jpg?fit=770%2C433&ssl=1&resize=350%2C200 1x, https:\/\/i0.wp.com\/www.shqiperia.com\/blog\/wp-content\/uploads\/2019\/02\/Tut-Kamuni.jpg?fit=770%2C433&ssl=1&resize=525%2C300 1.5x, https:\/\/i0.wp.com\/www.shqiperia.com\/blog\/wp-content\/uploads\/2019\/02\/Tut-Kamuni.jpg?fit=770%2C433&ssl=1&resize=700%2C400 2x"},"classes":[]},{"id":74454,"url":"https:\/\/www.shqiperia.com\/blog\/afera-mcgonigal-faktet-kunder-rames-bubullijne\/","url_meta":{"origin":16112,"position":3},"title":"Afera McGonigal, faktet kund\u00ebr Ram\u00ebs bubullijn\u00eb.","author":"Kurt Farka","date":"September 26, 2023","format":false,"excerpt":"26 Shtator 2023 McGonigal pranoi t\u00eb gjitha akuzat q\u00eb kishin t\u00eb b\u00ebnin me Shqip\u00ebrin\u00eb, k\u00ebshtu raporton Z\u00ebri i Amerik\u00ebs\u00a0 q\u00eb \u00ebsht\u00eb emitenti radioteleviziv zyrtar i Departamentit t\u00eb Shtetit. Z\u00ebri i Amerik\u00ebs thot\u00eb n\u00eb lajmin e 22 shtator: \"Zoti McGonigal pranoi t\u00eb gjith\u00eb akuzat q\u00eb kishin t\u00eb b\u00ebnin me Shqip\u00ebrin\u00eb, p\u00ebrfshir\u00eb\u2026","rel":"","context":"In &quot;Blogu i Udh\u00ebtarit&quot;","block_context":{"text":"Blogu i Udh\u00ebtarit","link":"https:\/\/www.shqiperia.com\/blog\/category\/blogu-i-udhetarit\/"},"img":{"alt_text":"","src":"https:\/\/i0.wp.com\/www.shqiperia.com\/blog\/wp-content\/uploads\/2023\/09\/800-0-64d9f32ab5982-1.png?fit=800%2C421&ssl=1&resize=350%2C200","width":350,"height":200,"srcset":"https:\/\/i0.wp.com\/www.shqiperia.com\/blog\/wp-content\/uploads\/2023\/09\/800-0-64d9f32ab5982-1.png?fit=800%2C421&ssl=1&resize=350%2C200 1x, https:\/\/i0.wp.com\/www.shqiperia.com\/blog\/wp-content\/uploads\/2023\/09\/800-0-64d9f32ab5982-1.png?fit=800%2C421&ssl=1&resize=525%2C300 1.5x, https:\/\/i0.wp.com\/www.shqiperia.com\/blog\/wp-content\/uploads\/2023\/09\/800-0-64d9f32ab5982-1.png?fit=800%2C421&ssl=1&resize=700%2C400 2x"},"classes":[]},{"id":5566,"url":"https:\/\/www.shqiperia.com\/blog\/libri-ri-nga-stalini-te-mao-shqiperia-dhe-bota-socialiste\/","url_meta":{"origin":16112,"position":4},"title":"Libri I Ri: -\u201cNga Stalini te Mao, Shqip\u00ebria dhe Bota Socialiste\u201d. &#8211;","author":"Kurt Farka","date":"March 25, 2018","format":false,"excerpt":"Promovohet n\u00eb Washington libri \u201cNga Stalini te Mao, Shqip\u00ebria dhe Bota Socialiste\u201d, e studiuesit shqiptar Elidor M\u00ebhilli, ku ende nuk shteron interesi mbi specifikat e komunizmit n\u00eb Shqip\u00ebri dhe dinamikat q\u00eb ndikuan tek aleancat nd\u00ebrkomb\u00ebtare t\u00eb vendit ton\u00eb. Libri pritet t\u00eb p\u00ebrkthehet s\u00eb shpejti edhe n\u00eb shqip Rrethanat, ngjarjet dhe\u2026","rel":"","context":"In &quot;Kultura&quot;","block_context":{"text":"Kultura","link":"https:\/\/www.shqiperia.com\/blog\/category\/kultura\/"},"img":{"alt_text":"","src":"https:\/\/i0.wp.com\/www.shqiperia.com\/blog\/wp-content\/uploads\/2018\/03\/Elidor-M%C3%ABhilli-Nga-Stalini-te-Mao-Copy.jpg?resize=350%2C200","width":350,"height":200},"classes":[]},{"id":96152,"url":"https:\/\/www.shqiperia.com\/blog\/petrit-vasili-rama-mbron-horrat-dardhat-e-akshi-t-i-ke-ngrene-vete\/","url_meta":{"origin":16112,"position":5},"title":"Petrit Vasili: &#8211; Rama mbron horrat  \u201cDardhat e AKSHI-t i ke ngr\u00ebn\u00eb vet\u00eb\u2026&#8221;","author":"Kurt Farka","date":"December 28, 2025","format":false,"excerpt":"28 ZDhjetor 2025 N\u00eb nj\u00eb reagim t\u00eb ashp\u00ebr pas daljes publike t\u00eb kryeministrit, ish deputeti i PL Petrit Vasili ka akuzuar Edi Ram\u00ebn se po mbron haptazi korrupsionin dhe zyrtar\u00ebt e p\u00ebrfshir\u00eb n\u00eb skandalin e Agjencis\u00eb Komb\u00ebtare t\u00eb Shoq\u00ebris\u00eb s\u00eb Informacionit (AKSHI), duke vepruar si avokati i tyre. Sipas Vasilit,\u2026","rel":"","context":"In &quot;Blogu i Udh\u00ebtarit&quot;","block_context":{"text":"Blogu i Udh\u00ebtarit","link":"https:\/\/www.shqiperia.com\/blog\/category\/blogu-i-udhetarit\/"},"img":{"alt_text":"","src":"https:\/\/i0.wp.com\/www.shqiperia.com\/blog\/wp-content\/uploads\/2025\/12\/vasili-rama-.jpg?fit=640%2C452&ssl=1&resize=350%2C200","width":350,"height":200,"srcset":"https:\/\/i0.wp.com\/www.shqiperia.com\/blog\/wp-content\/uploads\/2025\/12\/vasili-rama-.jpg?fit=640%2C452&ssl=1&resize=350%2C200 1x, https:\/\/i0.wp.com\/www.shqiperia.com\/blog\/wp-content\/uploads\/2025\/12\/vasili-rama-.jpg?fit=640%2C452&ssl=1&resize=525%2C300 1.5x"},"classes":[]}],"_links":{"self":[{"href":"https:\/\/www.shqiperia.com\/blog\/wp-json\/wp\/v2\/posts\/16112","targetHints":{"allow":["GET"]}}],"collection":[{"href":"https:\/\/www.shqiperia.com\/blog\/wp-json\/wp\/v2\/posts"}],"about":[{"href":"https:\/\/www.shqiperia.com\/blog\/wp-json\/wp\/v2\/types\/post"}],"author":[{"embeddable":true,"href":"https:\/\/www.shqiperia.com\/blog\/wp-json\/wp\/v2\/users\/9"}],"replies":[{"embeddable":true,"href":"https:\/\/www.shqiperia.com\/blog\/wp-json\/wp\/v2\/comments?post=16112"}],"version-history":[{"count":1,"href":"https:\/\/www.shqiperia.com\/blog\/wp-json\/wp\/v2\/posts\/16112\/revisions"}],"predecessor-version":[{"id":16114,"href":"https:\/\/www.shqiperia.com\/blog\/wp-json\/wp\/v2\/posts\/16112\/revisions\/16114"}],"wp:featuredmedia":[{"embeddable":true,"href":"https:\/\/www.shqiperia.com\/blog\/wp-json\/wp\/v2\/media\/16113"}],"wp:attachment":[{"href":"https:\/\/www.shqiperia.com\/blog\/wp-json\/wp\/v2\/media?parent=16112"}],"wp:term":[{"taxonomy":"category","embeddable":true,"href":"https:\/\/www.shqiperia.com\/blog\/wp-json\/wp\/v2\/categories?post=16112"},{"taxonomy":"post_tag","embeddable":true,"href":"https:\/\/www.shqiperia.com\/blog\/wp-json\/wp\/v2\/tags?post=16112"}],"curies":[{"name":"wp","href":"https:\/\/api.w.org\/{rel}","templated":true}]}}