{"id":16107,"date":"2019-01-15T14:03:41","date_gmt":"2019-01-15T14:03:41","guid":{"rendered":"http:\/\/www.shqiperia.com\/blog\/?p=16107"},"modified":"2019-01-15T14:03:41","modified_gmt":"2019-01-15T14:03:41","slug":"punesimet-partiake-i-kushtojne-140-milion-euro-buxhetit","status":"publish","type":"post","link":"https:\/\/www.shqiperia.com\/blog\/punesimet-partiake-i-kushtojne-140-milion-euro-buxhetit\/","title":{"rendered":"Pun\u00ebsimet partiake i kushtojn\u00eb 140 milion euro Buxhetit!-"},"content":{"rendered":"<p><img data-recalc-dims=\"1\" loading=\"lazy\" decoding=\"async\" data-attachment-id=\"16108\" data-permalink=\"https:\/\/www.shqiperia.com\/blog\/punesimet-partiake-i-kushtojne-140-milion-euro-buxhetit\/auto_56sd11547490588\/\" data-orig-file=\"https:\/\/i0.wp.com\/www.shqiperia.com\/blog\/wp-content\/uploads\/2019\/01\/auto_56sd11547490588.jpg?fit=900%2C635&amp;ssl=1\" data-orig-size=\"900,635\" data-comments-opened=\"1\" data-image-meta=\"{&quot;aperture&quot;:&quot;0&quot;,&quot;credit&quot;:&quot;&quot;,&quot;camera&quot;:&quot;&quot;,&quot;caption&quot;:&quot;&quot;,&quot;created_timestamp&quot;:&quot;0&quot;,&quot;copyright&quot;:&quot;&quot;,&quot;focal_length&quot;:&quot;0&quot;,&quot;iso&quot;:&quot;0&quot;,&quot;shutter_speed&quot;:&quot;0&quot;,&quot;title&quot;:&quot;&quot;,&quot;orientation&quot;:&quot;0&quot;}\" data-image-title=\"auto_56sd11547490588\" data-image-description=\"\" data-image-caption=\"\" data-medium-file=\"https:\/\/i0.wp.com\/www.shqiperia.com\/blog\/wp-content\/uploads\/2019\/01\/auto_56sd11547490588.jpg?fit=300%2C212&amp;ssl=1\" data-large-file=\"https:\/\/i0.wp.com\/www.shqiperia.com\/blog\/wp-content\/uploads\/2019\/01\/auto_56sd11547490588.jpg?fit=900%2C635&amp;ssl=1\" class=\"alignnone  wp-image-16108\" alt=\"\" src=\"https:\/\/i0.wp.com\/www.shqiperia.com\/blog\/wp-content\/uploads\/2019\/01\/auto_56sd11547490588-300x212.jpg?resize=599%2C423\" width=\"599\" height=\"423\" srcset=\"https:\/\/i0.wp.com\/www.shqiperia.com\/blog\/wp-content\/uploads\/2019\/01\/auto_56sd11547490588.jpg?resize=300%2C212&amp;ssl=1 300w, https:\/\/i0.wp.com\/www.shqiperia.com\/blog\/wp-content\/uploads\/2019\/01\/auto_56sd11547490588.jpg?resize=768%2C542&amp;ssl=1 768w, https:\/\/i0.wp.com\/www.shqiperia.com\/blog\/wp-content\/uploads\/2019\/01\/auto_56sd11547490588.jpg?resize=450%2C318&amp;ssl=1 450w, https:\/\/i0.wp.com\/www.shqiperia.com\/blog\/wp-content\/uploads\/2019\/01\/auto_56sd11547490588.jpg?resize=600%2C423&amp;ssl=1 600w, https:\/\/i0.wp.com\/www.shqiperia.com\/blog\/wp-content\/uploads\/2019\/01\/auto_56sd11547490588.jpg?resize=400%2C282&amp;ssl=1 400w, https:\/\/i0.wp.com\/www.shqiperia.com\/blog\/wp-content\/uploads\/2019\/01\/auto_56sd11547490588.jpg?w=900&amp;ssl=1 900w\" sizes=\"auto, (max-width: 599px) 100vw, 599px\" \/><\/p>\n<p><strong>Pun\u00ebsimet partiake i kushtojn\u00eb 140 milion euro Buxhetit!-<\/strong><\/p>\n<p>Nga <strong>Jorida Tabaku<\/strong><\/p>\n<p>&#8211;<strong>14\/01\/2019<\/strong><\/p>\n<p>Ligji i par\u00eb q\u00eb u amendua nga kryeministri Rama ishte pik\u00ebrisht ai i Nepunesit Civil, t\u00eb cilin kur ishte n\u00eb opozit\u00eb e t\u00ebrhoqi zvarr\u00eb p\u00ebr t\u00eb mos lejuar Shqip\u00ebrin\u00eb t\u00eb \u00e7elte negociatat me BE. Nd\u00ebrkoh\u00eb q\u00eb n\u00eb shtator 2013 pak dit\u00eb pasi kishte formuar dhe kabinetin e tij e amendoi duke e larguar nga p\u00ebrcaktimet e qarta q\u00eb BE kishte aprovuar p\u00ebr k\u00ebt\u00eb ligj q\u00eb ishte dhe mbetet nj\u00eb pik\u00eb ky\u00e7e p\u00ebr intergrimin e vendit n\u00eb BE dhe gjithashtu p\u00ebr memorien institucionale.<\/p>\n<p>Me sa duket, p\u00ebrgjimet e shfaqura nga Voice of America d\u00ebshmojn\u00eb se kryeministri Rama ka qen\u00eb m\u00eb shum\u00eb i interesuar p\u00ebr t\u00eb mbushur admnistrat\u00ebn shtet\u00ebrore me militant\u00eb se sa p\u00ebr t\u00eb integruar vendin n\u00eb BE. Ndryshimet ligjore nuk ishin vet\u00ebm se em\u00ebrimi i deputeteve apo stafit politik n\u00eb em\u00ebrimin e administrat\u00ebs civile. Sipas opendata q\u00eb pasqyron l\u00ebvizjet e thesarit, buxheti i shtetit ka paguar nga viti 2014 deri m\u00eb tani 17.5 mld lek\u00eb p\u00ebr pagat ndaj punonj\u00ebsve t\u00eb larguar arbitrarisht nga puna.<\/p>\n<p>Jan\u00eb mbi 17 mij\u00eb transaksione me vler\u00eb mbi 140 mln euro q\u00eb jan\u00eb paguar nga buxheti i shtetit vet\u00ebm q\u00eb kryeministri t\u00eb kryej\u00eb pun\u00ebsime politike n\u00eb administrat\u00eb duke favorizuar njer\u00ebzit partiak\u00eb. Kjo sjellje \u00ebsht\u00eb qart\u00ebsisht n\u00eb d\u00ebm t\u00eb xhepit t\u00eb shqiptar\u00ebve, buxhetit t\u00eb shtetit dhe mbi t\u00eb gjitha interesit ton\u00eb komb\u00ebtar. Administrata publike \u00ebsht\u00eb nj\u00eb k\u00ebrkes\u00eb e qart\u00eb e BE-s\u00eb p\u00ebr procesin e integrimit, paanshm\u00ebria politike \u00ebsht\u00eb nj\u00eb k\u00ebrkes\u00eb e shqiptar\u00ebve p\u00ebr t\u00eb pasur nj\u00eb administrat\u00eb n\u00eb sh\u00ebrbim t\u00eb qeveris\u00eb dhe jo partis\u00eb. Me sa duket, Partia vjen mbi Atdheun, mbi integrimin p\u00ebr kryeministrin dhe qeverin\u00eb.<\/p>\n<p>\u00a9 SYRI.net<\/p>\n","protected":false},"excerpt":{"rendered":"<p>Pun\u00ebsimet partiake i kushtojn\u00eb 140 milion euro Buxhetit!- Nga Jorida Tabaku &#8211;14\/01\/2019 Ligji i par\u00eb q\u00eb u amendua nga kryeministri Rama ishte pik\u00ebrisht ai i Nepunesit Civil, t\u00eb cilin kur ishte n\u00eb opozit\u00eb e t\u00ebrhoqi zvarr\u00eb p\u00ebr t\u00eb mos lejuar Shqip\u00ebrin\u00eb t\u00eb \u00e7elte negociatat me BE. Nd\u00ebrkoh\u00eb q\u00eb n\u00eb shtator 2013 pak dit\u00eb pasi kishte [&hellip;]<\/p>\n","protected":false},"author":9,"featured_media":16108,"comment_status":"open","ping_status":"open","sticky":false,"template":"","format":"standard","meta":{"jetpack_post_was_ever_published":false,"_jetpack_newsletter_access":"","_jetpack_dont_email_post_to_subs":false,"_jetpack_newsletter_tier_id":0,"_jetpack_memberships_contains_paywalled_content":false,"_jetpack_memberships_contains_paid_content":false,"footnotes":"","jetpack_publicize_message":"","jetpack_publicize_feature_enabled":true,"jetpack_social_post_already_shared":true,"jetpack_social_options":{"image_generator_settings":{"template":"highway","default_image_id":0,"font":"","enabled":false},"version":2}},"categories":[1,2,35],"tags":[],"class_list":["post-16107","post","type-post","status-publish","format-standard","has-post-thumbnail","hentry","category-njoftime-shtypi","category-politika","category-shoqerore"],"jetpack_publicize_connections":[],"jetpack_featured_media_url":"https:\/\/i0.wp.com\/www.shqiperia.com\/blog\/wp-content\/uploads\/2019\/01\/auto_56sd11547490588.jpg?fit=900%2C635&ssl=1","jetpack_sharing_enabled":true,"jetpack_shortlink":"https:\/\/wp.me\/p5Z6wp-4bN","jetpack-related-posts":[{"id":67514,"url":"https:\/\/www.shqiperia.com\/blog\/firmosi-koncesionin-per-dizdarin-gjiknuri-foto-me-mcgonigal-nuk-e-dinim-qe-nuk-raportonte-firmosi-koncesionin-per-dizdarin\/","url_meta":{"origin":16107,"position":0},"title":"Firmosi koncesionin p\u00ebr Dizdarin, Gjiknuri: Foto me McGonigal? &#8211; Nuk e dinim q\u00eb nuk raportonte. &#8211; Firmosi koncesionin p\u00ebr Dizdarin","author":"Kurt Farka","date":"February 7, 2023","format":false,"excerpt":"7 Shkurt 2023 Ministri firmosi megjith\u00ebse\u00a0Gjykata Administrative dha vendimin\u00a0q\u00eb tenderi ishte i parregullt dhe se kompania e Dizdarit kishte ofert\u00eb m\u00eb t\u00eb lart\u00eb se kanadez\u00ebt e renditur pas tyre, duke i shkaktuar buxhetit t\u00eb shtetit 10 milion euro d\u00ebm. Sekretari i p\u00ebrgjithsh\u00ebm, i PS-s\u00eb Damian Gjiknuri ka pohuar se \u00ebsht\u00eb\u2026","rel":"","context":"In &quot;Blogu i Udh\u00ebtarit&quot;","block_context":{"text":"Blogu i Udh\u00ebtarit","link":"https:\/\/www.shqiperia.com\/blog\/category\/blogu-i-udhetarit\/"},"img":{"alt_text":"","src":"https:\/\/i0.wp.com\/www.shqiperia.com\/blog\/wp-content\/uploads\/2023\/02\/auto_gjiknuri1674637125.jpg?fit=900%2C600&ssl=1&resize=350%2C200","width":350,"height":200,"srcset":"https:\/\/i0.wp.com\/www.shqiperia.com\/blog\/wp-content\/uploads\/2023\/02\/auto_gjiknuri1674637125.jpg?fit=900%2C600&ssl=1&resize=350%2C200 1x, https:\/\/i0.wp.com\/www.shqiperia.com\/blog\/wp-content\/uploads\/2023\/02\/auto_gjiknuri1674637125.jpg?fit=900%2C600&ssl=1&resize=525%2C300 1.5x, https:\/\/i0.wp.com\/www.shqiperia.com\/blog\/wp-content\/uploads\/2023\/02\/auto_gjiknuri1674637125.jpg?fit=900%2C600&ssl=1&resize=700%2C400 2x"},"classes":[]},{"id":54437,"url":"https:\/\/www.shqiperia.com\/blog\/edi-rama-flet-per-keca-e-dhi-gazetarja-ironizon-ramen-430-mln-eurot-i-flet-si-muhabet-bariu-ne-xhep-ose-ne-kasolle\/","url_meta":{"origin":16107,"position":1},"title":"Edi Rama flet p\u00ebr keca e dhi&#8217;. &#8211; \u00a0Gazetarja ironizon Ram\u00ebn: 430 mln eurot i flet si muhabet bariu n\u00eb &#8216;xhep&#8217; ose n\u00eb &#8216;kasolle&#8217;","author":"Kurt Farka","date":"February 24, 2022","format":false,"excerpt":"Edi Rama flet p\u00ebr keca e dhi'. - \u00a0Gazetarja ironizon Ram\u00ebn: 430 mln eurot i flet si muhabet bariu n\u00eb 'xhep' ose n\u00eb 'kasolle' 23\/02\/2022 P\u00ebr rreth 10 or\u00eb me radh\u00eb kryeministri Edi Rama d\u00ebshmoi k\u00ebt\u00eb t\u00eb m\u00ebrkur\u00eb p\u00ebrpara Komisionit Hetimor Parlamentar p\u00ebr Incenerator\u00ebt. D\u00ebshmia e kreut t\u00eb qeveris\u00eb dhe\u2026","rel":"","context":"In &quot;Blogu i Udh\u00ebtarit&quot;","block_context":{"text":"Blogu i Udh\u00ebtarit","link":"https:\/\/www.shqiperia.com\/blog\/category\/blogu-i-udhetarit\/"},"img":{"alt_text":"","src":"https:\/\/i0.wp.com\/www.shqiperia.com\/blog\/wp-content\/uploads\/2022\/02\/Aranita-Brahaj-Edi-Rama.jpg?fit=900%2C514&ssl=1&resize=350%2C200","width":350,"height":200,"srcset":"https:\/\/i0.wp.com\/www.shqiperia.com\/blog\/wp-content\/uploads\/2022\/02\/Aranita-Brahaj-Edi-Rama.jpg?fit=900%2C514&ssl=1&resize=350%2C200 1x, https:\/\/i0.wp.com\/www.shqiperia.com\/blog\/wp-content\/uploads\/2022\/02\/Aranita-Brahaj-Edi-Rama.jpg?fit=900%2C514&ssl=1&resize=525%2C300 1.5x, https:\/\/i0.wp.com\/www.shqiperia.com\/blog\/wp-content\/uploads\/2022\/02\/Aranita-Brahaj-Edi-Rama.jpg?fit=900%2C514&ssl=1&resize=700%2C400 2x"},"classes":[]},{"id":51540,"url":"https:\/\/www.shqiperia.com\/blog\/pse-spak-dhe-opozita-kane-frike-te-nisin-nje-hetim-malaj-shperthen-ndaj-ahmetajt-dhe-nuk-le-gje-pa-thene-a-nuk-ishte-ky-mashtrues-qe-genjen-ne-menyren-me-te-pashpirt\/","url_meta":{"origin":16107,"position":2},"title":"\u201cPse SPAK dhe opozita kan\u00eb frik\u00eb t\u00eb nisin nj\u00eb hetim?\u201d. Malaj shp\u00ebrthen ndaj Ahmetajt dhe nuk l\u00eb gj\u00eb pa th\u00ebn\u00eb: &#8211; A nuk ishte ky mashtrues q\u00eb g\u00ebnjen n\u00eb m\u00ebnyr\u00ebn m\u00eb t\u00eb pashpirt&#8230;","author":"Kurt Farka","date":"November 20, 2021","format":false,"excerpt":"\u201cPse SPAK dhe opozita kan\u00eb frik\u00eb t\u00eb nisin nj\u00eb hetim?\u201d. Malaj shp\u00ebrthen ndaj Ahmetajt dhe nuk l\u00eb gj\u00eb pa th\u00ebn\u00eb: - A nuk ishte ky mashtrues q\u00eb g\u00ebnjen n\u00eb m\u00ebnyr\u00ebn m\u00eb t\u00eb pashpirt... 19 N\u00cbNTOR 2021 Nisur nga deklarata e zv.kryeministrit Arben Ahmetaj se buxheti i vitit 2022 \u00ebsht\u00eb m\u00eb\u2026","rel":"","context":"In &quot;Blogu i Udh\u00ebtarit&quot;","block_context":{"text":"Blogu i Udh\u00ebtarit","link":"https:\/\/www.shqiperia.com\/blog\/category\/blogu-i-udhetarit\/"},"img":{"alt_text":"","src":"https:\/\/i0.wp.com\/www.shqiperia.com\/blog\/wp-content\/uploads\/2021\/11\/Arben-Malaj-dhe-Ahmetaj.png?fit=640%2C376&ssl=1&resize=350%2C200","width":350,"height":200,"srcset":"https:\/\/i0.wp.com\/www.shqiperia.com\/blog\/wp-content\/uploads\/2021\/11\/Arben-Malaj-dhe-Ahmetaj.png?fit=640%2C376&ssl=1&resize=350%2C200 1x, https:\/\/i0.wp.com\/www.shqiperia.com\/blog\/wp-content\/uploads\/2021\/11\/Arben-Malaj-dhe-Ahmetaj.png?fit=640%2C376&ssl=1&resize=525%2C300 1.5x"},"classes":[]},{"id":27540,"url":"https:\/\/www.shqiperia.com\/blog\/presioni-per-te-punesuar-militante-partiake-ve-ne-rrezik-pensionet-perparim-spahiu-situate-alarmante-entet-shteterore-nuk-paguajne-kontributet\/","url_meta":{"origin":16107,"position":3},"title":"\u201cPresioni p\u00ebr t\u00eb pun\u00ebsuar militant\u00eb partiak\u00eb v\u00eb n\u00eb rrezik pensionet\u201d- P\u00ebrparim Spahiu: Situat\u00eb alarmante, entet shtet\u00ebrore nuk paguajn\u00eb kontributet. &#8211;","author":"Kurt Farka","date":"October 31, 2019","format":false,"excerpt":"\u201cPresioni p\u00ebr t\u00eb pun\u00ebsuar militant\u00eb partiak\u00eb v\u00eb n\u00eb rrezik pensionet\u201d- P\u00ebrparim Spahiu: Situat\u00eb alarmante, entet shtet\u00ebrore nuk paguajn\u00eb kontributet 31 tetor 2019 Ish-deputeti i LSI-s\u00eb P\u00ebrparim Spahiu, L\u00ebvizja Socialiste p\u00ebr Integrim ka reaguar n\u00eb lidhje me lajmin mbi borxhet e krijuara nga mospagimi i sigurimeve shoq\u00ebrore nga institucionet dhe entet\u2026","rel":"","context":"In &quot;Njoftime Shtypi&quot;","block_context":{"text":"Njoftime Shtypi","link":"https:\/\/www.shqiperia.com\/blog\/category\/njoftime-shtypi\/"},"img":{"alt_text":"","src":"https:\/\/i0.wp.com\/www.shqiperia.com\/blog\/wp-content\/uploads\/2019\/10\/791a82fb6a8347b067dbb25df7b078bc.jpg?fit=512%2C298&ssl=1&resize=350%2C200","width":350,"height":200},"classes":[]},{"id":98752,"url":"https:\/\/www.shqiperia.com\/blog\/180-mln-euro-per-bujqesine-premtime-per-bujqit-dhe-perfitime-per-turizmin-ku-perfunduan-milionat-e-eurove\/","url_meta":{"origin":16107,"position":4},"title":"180 mln euro p\u00ebr Bujq\u00ebsin\u00eb\/ Premtime p\u00ebr bujqit dhe p\u00ebrfitime p\u00ebr turizmin! &#8211; Ku p\u00ebrfunduan milionat e eurove?","author":"Kurt Farka","date":"March 28, 2026","format":false,"excerpt":"28 Mars 2026 Bujq\u00ebsia ka qen\u00eb historikisht sektori m\u00eb pak i kredituar nga bankat n\u00eb Shqip\u00ebri. Arsyet p\u00ebr munges\u00ebn e financimit n\u00eb k\u00ebt\u00eb fush\u00eb jan\u00eb t\u00eb shumta, q\u00eb nga informaliteti i lart\u00eb, v\u00ebshtir\u00ebsit\u00eb n\u00eb sigurimin e biznesit nga shoq\u00ebrit\u00eb e sigurimit dhe deri te paqart\u00ebsia e titujve t\u00eb pron\u00ebsis\u00eb dhe\u2026","rel":"","context":"In &quot;Njoftime Shtypi&quot;","block_context":{"text":"Njoftime Shtypi","link":"https:\/\/www.shqiperia.com\/blog\/category\/njoftime-shtypi\/"},"img":{"alt_text":"","src":"https:\/\/i0.wp.com\/www.shqiperia.com\/blog\/wp-content\/uploads\/2026\/03\/Ministrat-e-rinj.jpg?fit=1199%2C557&ssl=1&resize=350%2C200","width":350,"height":200,"srcset":"https:\/\/i0.wp.com\/www.shqiperia.com\/blog\/wp-content\/uploads\/2026\/03\/Ministrat-e-rinj.jpg?fit=1199%2C557&ssl=1&resize=350%2C200 1x, https:\/\/i0.wp.com\/www.shqiperia.com\/blog\/wp-content\/uploads\/2026\/03\/Ministrat-e-rinj.jpg?fit=1199%2C557&ssl=1&resize=525%2C300 1.5x, https:\/\/i0.wp.com\/www.shqiperia.com\/blog\/wp-content\/uploads\/2026\/03\/Ministrat-e-rinj.jpg?fit=1199%2C557&ssl=1&resize=700%2C400 2x, https:\/\/i0.wp.com\/www.shqiperia.com\/blog\/wp-content\/uploads\/2026\/03\/Ministrat-e-rinj.jpg?fit=1199%2C557&ssl=1&resize=1050%2C600 3x"},"classes":[]},{"id":16072,"url":"https:\/\/www.shqiperia.com\/blog\/tepsia-per-vete-me-punesimet-ne-burgje-ne-rrjeten-e-pergjimeve-manja-spahiu-gjylameti-e-sterkaj\/","url_meta":{"origin":16107,"position":5},"title":"\u201cTepsia p\u00ebr vete\u201d &#8211; me pun\u00ebsimet n\u00eb burgje\u2026 N\u00eb rrjet\u00ebn e p\u00ebrgjimeve Manja, Spahiu, Gjylameti e Sterkaj.-","author":"Kurt Farka","date":"January 14, 2019","format":false,"excerpt":"\u201cTepsia p\u00ebr vete\u201d - me pun\u00ebsimet n\u00eb burgje\u2026 N\u00eb rrjet\u00ebn e p\u00ebrgjimeve Manja, Spahiu, Gjylameti e Sterkaj.- - 14.01.2019 Gazeta Shqiptare. Hetimet e Prokuroris\u00eb s\u00eb Krimeve t\u00eb R\u00ebnda p\u00ebr ish-drejtorin e Burgjeve, Arben \u00c7uko ekspozojn\u00eb fars\u00ebn e konkurseve publike dhe nd\u00ebrhyrjet p\u00ebr pun\u00ebsime nga zyrtar\u00eb lokal\u00eb, deputet\u00eb t\u00eb Partis\u00eb Socialiste\u2026","rel":"","context":"In &quot;Blogu i Udh\u00ebtarit&quot;","block_context":{"text":"Blogu i Udh\u00ebtarit","link":"https:\/\/www.shqiperia.com\/blog\/category\/blogu-i-udhetarit\/"},"img":{"alt_text":"","src":"https:\/\/i0.wp.com\/www.shqiperia.com\/blog\/wp-content\/uploads\/2019\/01\/1CD8436C-1E08-4897-8575-6A4D5A43E165_w1023_r1_s-770x433.jpg?fit=770%2C346&ssl=1&resize=350%2C200","width":350,"height":200,"srcset":"https:\/\/i0.wp.com\/www.shqiperia.com\/blog\/wp-content\/uploads\/2019\/01\/1CD8436C-1E08-4897-8575-6A4D5A43E165_w1023_r1_s-770x433.jpg?fit=770%2C346&ssl=1&resize=350%2C200 1x, https:\/\/i0.wp.com\/www.shqiperia.com\/blog\/wp-content\/uploads\/2019\/01\/1CD8436C-1E08-4897-8575-6A4D5A43E165_w1023_r1_s-770x433.jpg?fit=770%2C346&ssl=1&resize=525%2C300 1.5x, https:\/\/i0.wp.com\/www.shqiperia.com\/blog\/wp-content\/uploads\/2019\/01\/1CD8436C-1E08-4897-8575-6A4D5A43E165_w1023_r1_s-770x433.jpg?fit=770%2C346&ssl=1&resize=700%2C400 2x"},"classes":[]}],"_links":{"self":[{"href":"https:\/\/www.shqiperia.com\/blog\/wp-json\/wp\/v2\/posts\/16107","targetHints":{"allow":["GET"]}}],"collection":[{"href":"https:\/\/www.shqiperia.com\/blog\/wp-json\/wp\/v2\/posts"}],"about":[{"href":"https:\/\/www.shqiperia.com\/blog\/wp-json\/wp\/v2\/types\/post"}],"author":[{"embeddable":true,"href":"https:\/\/www.shqiperia.com\/blog\/wp-json\/wp\/v2\/users\/9"}],"replies":[{"embeddable":true,"href":"https:\/\/www.shqiperia.com\/blog\/wp-json\/wp\/v2\/comments?post=16107"}],"version-history":[{"count":1,"href":"https:\/\/www.shqiperia.com\/blog\/wp-json\/wp\/v2\/posts\/16107\/revisions"}],"predecessor-version":[{"id":16109,"href":"https:\/\/www.shqiperia.com\/blog\/wp-json\/wp\/v2\/posts\/16107\/revisions\/16109"}],"wp:featuredmedia":[{"embeddable":true,"href":"https:\/\/www.shqiperia.com\/blog\/wp-json\/wp\/v2\/media\/16108"}],"wp:attachment":[{"href":"https:\/\/www.shqiperia.com\/blog\/wp-json\/wp\/v2\/media?parent=16107"}],"wp:term":[{"taxonomy":"category","embeddable":true,"href":"https:\/\/www.shqiperia.com\/blog\/wp-json\/wp\/v2\/categories?post=16107"},{"taxonomy":"post_tag","embeddable":true,"href":"https:\/\/www.shqiperia.com\/blog\/wp-json\/wp\/v2\/tags?post=16107"}],"curies":[{"name":"wp","href":"https:\/\/api.w.org\/{rel}","templated":true}]}}