{"id":1575,"date":"2018-01-21T00:46:27","date_gmt":"2018-01-21T00:46:27","guid":{"rendered":"http:\/\/www.shqiperia.com\/blog\/?p=1575"},"modified":"2018-01-21T00:51:12","modified_gmt":"2018-01-21T00:51:12","slug":"fshati-lepushe-dhe-prespektiva-e-zhvillimit-ekonomik-ne-fushen-e-turizmit-ekologjik","status":"publish","type":"post","link":"https:\/\/www.shqiperia.com\/blog\/fshati-lepushe-dhe-prespektiva-e-zhvillimit-ekonomik-ne-fushen-e-turizmit-ekologjik\/","title":{"rendered":"Fshati L\u00ebpush\u00eb &#8211; dhe  prespektiva e  zhvillimit ekonomik n\u00eb fush\u00ebn e  turizmit ekologjik."},"content":{"rendered":"<div><img data-recalc-dims=\"1\" loading=\"lazy\" decoding=\"async\" data-attachment-id=\"1577\" data-permalink=\"https:\/\/www.shqiperia.com\/blog\/fshati-lepushe-dhe-prespektiva-e-zhvillimit-ekonomik-ne-fushen-e-turizmit-ekologjik\/lepusha-kelmend-2\/\" data-orig-file=\"https:\/\/i0.wp.com\/www.shqiperia.com\/blog\/wp-content\/uploads\/2018\/01\/Lepusha-Kelmend-2.jpg?fit=960%2C540&amp;ssl=1\" data-orig-size=\"960,540\" data-comments-opened=\"1\" data-image-meta=\"{&quot;aperture&quot;:&quot;0&quot;,&quot;credit&quot;:&quot;&quot;,&quot;camera&quot;:&quot;&quot;,&quot;caption&quot;:&quot;&quot;,&quot;created_timestamp&quot;:&quot;0&quot;,&quot;copyright&quot;:&quot;&quot;,&quot;focal_length&quot;:&quot;0&quot;,&quot;iso&quot;:&quot;0&quot;,&quot;shutter_speed&quot;:&quot;0&quot;,&quot;title&quot;:&quot;&quot;,&quot;orientation&quot;:&quot;0&quot;}\" data-image-title=\"Lepusha Kelmend (2)\" data-image-description=\"\" data-image-caption=\"\" data-medium-file=\"https:\/\/i0.wp.com\/www.shqiperia.com\/blog\/wp-content\/uploads\/2018\/01\/Lepusha-Kelmend-2.jpg?fit=300%2C169&amp;ssl=1\" data-large-file=\"https:\/\/i0.wp.com\/www.shqiperia.com\/blog\/wp-content\/uploads\/2018\/01\/Lepusha-Kelmend-2.jpg?fit=960%2C540&amp;ssl=1\" class=\"alignnone size-medium wp-image-1577\" alt=\"\" src=\"https:\/\/i0.wp.com\/www.shqiperia.com\/blog\/wp-content\/uploads\/2018\/01\/Lepusha-Kelmend-2-300x169.jpg?resize=300%2C169\" width=\"300\" height=\"169\" srcset=\"https:\/\/i0.wp.com\/www.shqiperia.com\/blog\/wp-content\/uploads\/2018\/01\/Lepusha-Kelmend-2.jpg?resize=300%2C169&amp;ssl=1 300w, https:\/\/i0.wp.com\/www.shqiperia.com\/blog\/wp-content\/uploads\/2018\/01\/Lepusha-Kelmend-2.jpg?resize=768%2C432&amp;ssl=1 768w, https:\/\/i0.wp.com\/www.shqiperia.com\/blog\/wp-content\/uploads\/2018\/01\/Lepusha-Kelmend-2.jpg?resize=800%2C450&amp;ssl=1 800w, https:\/\/i0.wp.com\/www.shqiperia.com\/blog\/wp-content\/uploads\/2018\/01\/Lepusha-Kelmend-2.jpg?resize=600%2C338&amp;ssl=1 600w, https:\/\/i0.wp.com\/www.shqiperia.com\/blog\/wp-content\/uploads\/2018\/01\/Lepusha-Kelmend-2.jpg?w=960&amp;ssl=1 960w\" sizes=\"auto, (max-width: 300px) 100vw, 300px\" \/><\/div>\n<div><em>Nga Anton Pllumaj. &#8211; <\/em><\/div>\n<div><\/div>\n<div class=\"text_exposed_root text_exposed\" id=\"id_5a63e18d3a47f0344072152\">\n<p>L\u00ebpusha &#8211; Kelm\u00ebnd \/ Mal\u00ebsi e Madhe dhe Bjeshk\u00ebt e N\u00ebmuna (Shqypni).<\/p>\n<p>Fshati L\u00ebpush\u00eb \u00ebsht\u00eb nj\u00eb fshat bjeshkor m\u00eb nj\u00eb gjeografi jasht\u00ebzakonisht komplekse dhe interesante. Shtrihet n\u00eb lugin\u00ebn e Sheut t\u00eb L\u00ebpush\u00ebs, dikur\u00eb lugin\u00eb akullnajore. Rreth e p\u00ebr qark shtrihet natyra ekzotike, p\u00ebrmbajtja e geodiversitetit dhe biodiversitetit \u00ebsht\u00eb nd\u00ebrlidhur si rrall\u00eb ndokund. Nga zona e poshtme e K\u00eblmendit, L\u00eb<span class=\"text_exposed_show\">push\u00ebn e ndan\u00eb Qafa e P\u00ebrdelecit me l.mb. 1226 metra. L\u00ebpusha gjendet e rrethuar me kreshtat malore t\u00eb majave t\u00eb Trojanit, Vajush\u00ebs, Brizhdolit, Grebenit, rreth shtrihen edhe Golishi, Suka e Tom Kushit etj. N\u00ebp\u00ebr k\u00ebt\u00eb terren t\u00eb thyer shtrihet nj\u00eb num\u00ebr i madh i objekteve gjeomorfologjike si\u00e7 jan\u00eb shpellat t\u00eb cilat jan\u00eb n\u00eb faz\u00ebn e hulumtimeve intensive. K\u00ebto shpella jan\u00eb objekt i vizitave t\u00eb ekipeve t\u00eb ndryshme t\u00eb speleolog\u00ebve nga vendet e ndryshme t\u00eb Europ\u00ebs. Lepush\u00ebs n\u00eb k\u00ebt\u00eb aspekt i buz\u00ebqesh turizmi speleologjik. T\u00eb gjitha majat dhe kreshat malore t\u00eb zon\u00ebs s\u00eb L\u00ebpush\u00ebs jan\u00eb t\u00eb kalueshme dhe t\u00eb gjitha shtigjet e mund\u00ebshme jan\u00eb t\u00eb sh\u00ebnuara si n\u00eb terren poashtu n\u00eb hartat turistike. P\u00ebrmes\u00eb fshatit L\u00ebpush\u00eb rrjedh sheu i L\u00ebpush\u00ebs. Sheu i L\u00ebpush\u00ebs krijohet nga shenat: Brizhdol, Paj\u00eb dhe Dopku. Sheu i L\u00ebpush\u00ebs me shenat q\u00eb e ushqejn\u00eb jan\u00eb rrjedhje t\u00eb p\u00ebrhershme. N\u00ebp\u00ebr shtratin e tyre rrjedh uji i kristalt\u00eb i cili kullohet nga Bjeshk\u00ebt e N\u00ebmuna. Sheu i L\u00ebpush\u00ebs bashkohet te Pika e Bashkimit me sheun apo lumin e Vermoshit dhe s\u00eb bashku krijojn\u00eb lumin G\u00ebrn\u00e7ar. Karakteristik\u00eb hidrologjike e pellgut uj\u00ebmbledh\u00ebs t\u00eb sheut t\u00eb L\u00ebpush\u00ebs dhe Vermoshit \u00ebsht\u00eb se s\u00eb bashku i takojn\u00eb pellgut uj\u00ebmbledh\u00ebs t\u00eb lumit Danub, gjegj\u00ebsisht pellgut t\u00eb detit t\u00eb Zi. P\u00ebr ndryshe i t\u00ebr\u00eb territori tjet\u00ebr i Republik\u00ebs s\u00eb Shqiperis\u00eb i takon pellgut t\u00eb detit Adriatik dhe detit Jon. Shenat L\u00ebpusha dhe Vemoshi krijojn\u00eb lumin G\u00ebrn\u00e7ar i cili \u00ebsht\u00eb deg\u00eb ushqyese e liqenit t\u00eb Plav\u00ebs ( liqe akullnajor i tipit akumulativ ). Nga liqeni i Plav\u00ebs, si deg\u00eb shkarkuese buron lumi Lim i cili \u00ebsht\u00eb deg\u00eb e djatht\u00eb e lumit Drina, Drina \u00ebsht\u00eb deg\u00eb e djatht\u00eb e lumit Sava, nd\u00ebrsa Sava n\u00eb Ushqe te Beogradi, si deg\u00eb e djatht\u00eb bashkohet me lumin Danub i cili n\u00eb vazhdim rrijedh drejt detit t\u00eb Zi. Sa p\u00ebr kuriozitet ta dini s\u00eb \u00e7do qytetar\u00eb i L\u00ebpush\u00ebs mund t\u00eb lundroi falas me mjetet e transportit n\u00ebp\u00ebr lumin Danub duke iu falenderuar asaj\u00eb q\u00eb sheu i L\u00ebpush\u00ebs i takon pellgut t\u00eb lumit Danub. Fshati L\u00ebpush\u00eb p\u00ebrb\u00ebhet nga tre lagje: L\u00ebpusha me 26 sht\u00ebpia, Gropa me 22 sht\u00ebpi dhe Buda\u00e7a me 24 sht\u00ebpi. L\u00ebpusha i takon Famullis\u00eb s\u00eb Vuklit me kish\u00ebn kushtuar Zoj\u00ebs s\u00eb Vuklit, deri m\u00eb tani nuk kishte kish\u00eb, nd\u00ebrsa p\u00ebr momentin kisha \u00ebsht\u00eb n\u00eb faz\u00ebn fillestare t\u00eb nd\u00ebrtimit e cila \u00ebsht\u00eb donacion gjerman. <\/span><\/p>\n<p><img data-recalc-dims=\"1\" loading=\"lazy\" decoding=\"async\" data-attachment-id=\"1578\" data-permalink=\"https:\/\/www.shqiperia.com\/blog\/fshati-lepushe-dhe-prespektiva-e-zhvillimit-ekonomik-ne-fushen-e-turizmit-ekologjik\/lepusha-kelmend-3\/\" data-orig-file=\"https:\/\/i0.wp.com\/www.shqiperia.com\/blog\/wp-content\/uploads\/2018\/01\/Lepusha-Kelmend-3.jpg?fit=480%2C480&amp;ssl=1\" data-orig-size=\"480,480\" data-comments-opened=\"1\" data-image-meta=\"{&quot;aperture&quot;:&quot;0&quot;,&quot;credit&quot;:&quot;&quot;,&quot;camera&quot;:&quot;&quot;,&quot;caption&quot;:&quot;&quot;,&quot;created_timestamp&quot;:&quot;0&quot;,&quot;copyright&quot;:&quot;&quot;,&quot;focal_length&quot;:&quot;0&quot;,&quot;iso&quot;:&quot;0&quot;,&quot;shutter_speed&quot;:&quot;0&quot;,&quot;title&quot;:&quot;&quot;,&quot;orientation&quot;:&quot;0&quot;}\" data-image-title=\"Lepusha Kelmend (3)\" data-image-description=\"\" data-image-caption=\"\" data-medium-file=\"https:\/\/i0.wp.com\/www.shqiperia.com\/blog\/wp-content\/uploads\/2018\/01\/Lepusha-Kelmend-3.jpg?fit=300%2C300&amp;ssl=1\" data-large-file=\"https:\/\/i0.wp.com\/www.shqiperia.com\/blog\/wp-content\/uploads\/2018\/01\/Lepusha-Kelmend-3.jpg?fit=480%2C480&amp;ssl=1\" class=\"alignnone size-medium wp-image-1578\" alt=\"\" src=\"https:\/\/i0.wp.com\/www.shqiperia.com\/blog\/wp-content\/uploads\/2018\/01\/Lepusha-Kelmend-3-300x300.jpg?resize=300%2C300\" width=\"300\" height=\"300\" srcset=\"https:\/\/i0.wp.com\/www.shqiperia.com\/blog\/wp-content\/uploads\/2018\/01\/Lepusha-Kelmend-3.jpg?resize=300%2C300&amp;ssl=1 300w, https:\/\/i0.wp.com\/www.shqiperia.com\/blog\/wp-content\/uploads\/2018\/01\/Lepusha-Kelmend-3.jpg?resize=150%2C150&amp;ssl=1 150w, https:\/\/i0.wp.com\/www.shqiperia.com\/blog\/wp-content\/uploads\/2018\/01\/Lepusha-Kelmend-3.jpg?resize=100%2C100&amp;ssl=1 100w, https:\/\/i0.wp.com\/www.shqiperia.com\/blog\/wp-content\/uploads\/2018\/01\/Lepusha-Kelmend-3.jpg?resize=50%2C50&amp;ssl=1 50w, https:\/\/i0.wp.com\/www.shqiperia.com\/blog\/wp-content\/uploads\/2018\/01\/Lepusha-Kelmend-3.jpg?w=480&amp;ssl=1 480w\" sizes=\"auto, (max-width: 300px) 100vw, 300px\" \/> <img data-recalc-dims=\"1\" loading=\"lazy\" decoding=\"async\" data-attachment-id=\"1580\" data-permalink=\"https:\/\/www.shqiperia.com\/blog\/fshati-lepushe-dhe-prespektiva-e-zhvillimit-ekonomik-ne-fushen-e-turizmit-ekologjik\/lepusha-kelmend\/\" data-orig-file=\"https:\/\/i0.wp.com\/www.shqiperia.com\/blog\/wp-content\/uploads\/2018\/01\/Lepusha-Kelmend.jpg?fit=960%2C720&amp;ssl=1\" data-orig-size=\"960,720\" data-comments-opened=\"1\" data-image-meta=\"{&quot;aperture&quot;:&quot;0&quot;,&quot;credit&quot;:&quot;&quot;,&quot;camera&quot;:&quot;&quot;,&quot;caption&quot;:&quot;&quot;,&quot;created_timestamp&quot;:&quot;0&quot;,&quot;copyright&quot;:&quot;&quot;,&quot;focal_length&quot;:&quot;0&quot;,&quot;iso&quot;:&quot;0&quot;,&quot;shutter_speed&quot;:&quot;0&quot;,&quot;title&quot;:&quot;&quot;,&quot;orientation&quot;:&quot;0&quot;}\" data-image-title=\"Lepusha Kelmend\" data-image-description=\"\" data-image-caption=\"\" data-medium-file=\"https:\/\/i0.wp.com\/www.shqiperia.com\/blog\/wp-content\/uploads\/2018\/01\/Lepusha-Kelmend.jpg?fit=300%2C225&amp;ssl=1\" data-large-file=\"https:\/\/i0.wp.com\/www.shqiperia.com\/blog\/wp-content\/uploads\/2018\/01\/Lepusha-Kelmend.jpg?fit=960%2C720&amp;ssl=1\" class=\"alignnone size-medium wp-image-1580\" alt=\"\" src=\"https:\/\/i0.wp.com\/www.shqiperia.com\/blog\/wp-content\/uploads\/2018\/01\/Lepusha-Kelmend-300x225.jpg?resize=300%2C225\" width=\"300\" height=\"225\" srcset=\"https:\/\/i0.wp.com\/www.shqiperia.com\/blog\/wp-content\/uploads\/2018\/01\/Lepusha-Kelmend.jpg?resize=300%2C225&amp;ssl=1 300w, https:\/\/i0.wp.com\/www.shqiperia.com\/blog\/wp-content\/uploads\/2018\/01\/Lepusha-Kelmend.jpg?resize=768%2C576&amp;ssl=1 768w, https:\/\/i0.wp.com\/www.shqiperia.com\/blog\/wp-content\/uploads\/2018\/01\/Lepusha-Kelmend.jpg?resize=600%2C450&amp;ssl=1 600w, https:\/\/i0.wp.com\/www.shqiperia.com\/blog\/wp-content\/uploads\/2018\/01\/Lepusha-Kelmend.jpg?resize=800%2C600&amp;ssl=1 800w, https:\/\/i0.wp.com\/www.shqiperia.com\/blog\/wp-content\/uploads\/2018\/01\/Lepusha-Kelmend.jpg?w=960&amp;ssl=1 960w\" sizes=\"auto, (max-width: 300px) 100vw, 300px\" \/><\/p>\n<p><span class=\"text_exposed_show\">Migrimet e popullsis\u00eb jan\u00eb duke vazhduar gjith\u00ebnj\u00eb, plag\u00eb kjo e pa sh\u00ebrueshme p\u00ebr krejt trevat e Mal\u00ebsis\u00eb dhe m\u00eb gj\u00ebr\u00eb. Aktiviteti i vet\u00ebm ekonomik p\u00ebr popullsin\u00eb \u00ebsht\u00eb blegtoria. S\u00eb fundi zon\u00ebs s\u00eb Kelm\u00ebndit i buz\u00ebqesh ekonomia e turizmit, fal\u00eb potencialit t\u00eb madh t\u00eb geo dhe biodiversitetit po shkon drejt destinacioneve m\u00eb t\u00eb preferuara turistike p\u00ebr turizmin e bjeshk\u00ebs ( malor ). Gjith\u00ebnj\u00eb e m\u00eb tep\u00ebr Kelm\u00ebndi dhe L\u00ebpusha jan\u00eb n\u00eb sh\u00ebnjestr\u00ebn e turist\u00ebve nga vendet e ndryshme t\u00eb bot\u00ebs. L\u00ebpush\u00ebs dhe krejt zon\u00ebs s\u00eb Kelm\u00ebndit i mungon s\u00eb pari infrtastruktura rrugore. N\u00ebp\u00ebr rrug\u00ebt ekzistuese mund t\u00eb l\u00ebvizin vet\u00ebm automjetet e specializuara p\u00ebr terrene t\u00eb v\u00ebshtira. Simbas projekteve t\u00eb cilat ende gjenden n\u00eb faz\u00ebn fillestare, Kelm\u00ebndi do t\u00eb duhet t\u00eb p\u00ebrshkohet me nj\u00eb linje t\u00eb rrug\u00ebs magjistrale me karakter nd\u00ebrkomb\u00ebtar\u00eb: Podgoric\u00eb \u2013 Cem i Trieshit \u2013 Grabom &#8211; Tamare \u2013 Selc\u00eb \u2013 Qaf\u00eb e P\u00ebrdelecit , L\u00ebpush\u00eb \u2013 Pik\u00eb e Bashkimit \u2013 Guci &#8211; Kosov\u00eb. M\u00eb k\u00ebt\u00eb rrug\u00eb K\u00eblmendit do ti hapen mund\u00ebsit\u00eb e shum\u00ebta p\u00ebr zhvillimi ekonomik e sidomos n\u00eb fush\u00ebn e ekonomis\u00eb s\u00eb turizmit ekologjik. T\u00eb shpresojm\u00eb q\u00eb kjo t\u00eb arrihet sa m\u00eb shpejt dhe s\u00eb paku plaga e m\u00ebrgimit t\u00eb mbyllet sa m\u00eb par\u00eb.<\/span><\/p>\n<\/div>\n<div id=\"fbPhotoSnowliftCTMButton\"><\/div>\n","protected":false},"excerpt":{"rendered":"<p>Nga Anton Pllumaj. &#8211; L\u00ebpusha &#8211; Kelm\u00ebnd \/ Mal\u00ebsi e Madhe dhe Bjeshk\u00ebt e N\u00ebmuna (Shqypni). Fshati L\u00ebpush\u00eb \u00ebsht\u00eb nj\u00eb fshat bjeshkor m\u00eb nj\u00eb gjeografi jasht\u00ebzakonisht komplekse dhe interesante. Shtrihet n\u00eb lugin\u00ebn e Sheut t\u00eb L\u00ebpush\u00ebs, dikur\u00eb lugin\u00eb akullnajore. Rreth e p\u00ebr qark shtrihet natyra ekzotike, p\u00ebrmbajtja e geodiversitetit dhe biodiversitetit \u00ebsht\u00eb nd\u00ebrlidhur si rrall\u00eb [&hellip;]<\/p>\n","protected":false},"author":9,"featured_media":1577,"comment_status":"open","ping_status":"open","sticky":false,"template":"","format":"standard","meta":{"jetpack_post_was_ever_published":false,"_jetpack_newsletter_access":"","_jetpack_dont_email_post_to_subs":false,"_jetpack_newsletter_tier_id":0,"_jetpack_memberships_contains_paywalled_content":false,"_jetpack_memberships_contains_paid_content":false,"footnotes":"","jetpack_publicize_message":"","jetpack_publicize_feature_enabled":true,"jetpack_social_post_already_shared":true,"jetpack_social_options":{"image_generator_settings":{"template":"highway","default_image_id":0,"font":"","enabled":false},"version":2}},"categories":[35],"tags":[],"class_list":["post-1575","post","type-post","status-publish","format-standard","has-post-thumbnail","hentry","category-shoqerore"],"jetpack_publicize_connections":[],"jetpack_featured_media_url":"https:\/\/i0.wp.com\/www.shqiperia.com\/blog\/wp-content\/uploads\/2018\/01\/Lepusha-Kelmend-2.jpg?fit=960%2C540&ssl=1","jetpack_sharing_enabled":true,"jetpack_shortlink":"https:\/\/wp.me\/p5Z6wp-pp","jetpack-related-posts":[{"id":13295,"url":"https:\/\/www.shqiperia.com\/blog\/nua-dragu-lis-i-kelmendit\/","url_meta":{"origin":1575,"position":0},"title":"Nua Dragu Lis i Kelmendit.-","author":"Kurt Farka","date":"November 2, 2018","format":false,"excerpt":"Nua Dragu Lis i Kelmendit.- Me hidherim morem lajmin se u nda nga jeta Nua Dragu nga Lepusha e Kelmendit. Nuk mundem me harru mbresat qe kam nga takimi ne banesen e tij ne Lepushe, dhe biseda e gjate dhe e kandshme me kete njohes dhe bartes te traditave etnokulturore\u2026","rel":"","context":"In &quot;Blogu i Udh\u00ebtarit&quot;","block_context":{"text":"Blogu i Udh\u00ebtarit","link":"https:\/\/www.shqiperia.com\/blog\/category\/blogu-i-udhetarit\/"},"img":{"alt_text":"","src":"https:\/\/i0.wp.com\/www.shqiperia.com\/blog\/wp-content\/uploads\/2018\/11\/NUA-DRAGU.jpg?fit=720%2C960&ssl=1&resize=350%2C200","width":350,"height":200,"srcset":"https:\/\/i0.wp.com\/www.shqiperia.com\/blog\/wp-content\/uploads\/2018\/11\/NUA-DRAGU.jpg?fit=720%2C960&ssl=1&resize=350%2C200 1x, https:\/\/i0.wp.com\/www.shqiperia.com\/blog\/wp-content\/uploads\/2018\/11\/NUA-DRAGU.jpg?fit=720%2C960&ssl=1&resize=525%2C300 1.5x, https:\/\/i0.wp.com\/www.shqiperia.com\/blog\/wp-content\/uploads\/2018\/11\/NUA-DRAGU.jpg?fit=720%2C960&ssl=1&resize=700%2C400 2x"},"classes":[]},{"id":10255,"url":"https:\/\/www.shqiperia.com\/blog\/ku-ndodhet-lepusha\/","url_meta":{"origin":1575,"position":1},"title":"Ku ndodhet L\u00ebpusha?","author":"Kurt Farka","date":"July 25, 2018","format":false,"excerpt":"Ku ndodhet L\u00ebpusha? Sipas Enciklopedis\u00eb Shqiptare, botim i akademis\u00eb s\u00eb Shkencave t\u00eb vitit 1984, s\u00eb cil\u00ebs i referohemi shpesh n\u00eb rubrik\u00ebn ton\u00eb, L\u00ebpusha \u00ebsht\u00eb fshat n\u00eb rrethin e Shkodr\u00ebs, n\u00eb pjes\u00ebn verilindore t\u00eb zon\u00ebs s\u00eb Kelmendit. B\u00ebn pjes\u00eb n\u00eb fshatin e bashkuar Tamar\u00eb. Banesat e para jan\u00eb ngritur rreth viteve\u2026","rel":"","context":"In &quot;Blogu i Udh\u00ebtarit&quot;","block_context":{"text":"Blogu i Udh\u00ebtarit","link":"https:\/\/www.shqiperia.com\/blog\/category\/blogu-i-udhetarit\/"},"img":{"alt_text":"","src":"https:\/\/i0.wp.com\/www.shqiperia.com\/blog\/wp-content\/uploads\/2018\/07\/Screenshot_2016-09-21-13-17-06-1.png?fit=1200%2C590&ssl=1&resize=350%2C200","width":350,"height":200,"srcset":"https:\/\/i0.wp.com\/www.shqiperia.com\/blog\/wp-content\/uploads\/2018\/07\/Screenshot_2016-09-21-13-17-06-1.png?fit=1200%2C590&ssl=1&resize=350%2C200 1x, https:\/\/i0.wp.com\/www.shqiperia.com\/blog\/wp-content\/uploads\/2018\/07\/Screenshot_2016-09-21-13-17-06-1.png?fit=1200%2C590&ssl=1&resize=525%2C300 1.5x, https:\/\/i0.wp.com\/www.shqiperia.com\/blog\/wp-content\/uploads\/2018\/07\/Screenshot_2016-09-21-13-17-06-1.png?fit=1200%2C590&ssl=1&resize=700%2C400 2x, https:\/\/i0.wp.com\/www.shqiperia.com\/blog\/wp-content\/uploads\/2018\/07\/Screenshot_2016-09-21-13-17-06-1.png?fit=1200%2C590&ssl=1&resize=1050%2C600 3x"},"classes":[]},{"id":25985,"url":"https:\/\/www.shqiperia.com\/blog\/fshati-rrenoje-i-tragjasit-te-vjeter-vlore\/","url_meta":{"origin":1575,"position":2},"title":"Fshati rr\u00ebnoj\u00eb i Tragjasit t\u00eb vjet\u00ebr \u2013 Vlor\u00eb","author":"Kurt Farka","date":"September 16, 2019","format":false,"excerpt":"Fshati rr\u00ebnoj\u00eb i Tragjasit t\u00eb vjet\u00ebr \u2013 Vlor\u00eb Tragjasi \u00ebsht\u00eb nj\u00eb vendbanim i periudh\u00ebs s\u00eb von\u00eb bizantine, i themeluar nga t\u00eb ardhur prej viseve p\u00ebrreth. Emri i fshatit p\u00ebrmendet p\u00ebr her\u00eb t\u00eb par\u00eb n\u00eb burimet dokumentare t\u00eb vitit 1432. N\u00eb sip\u00ebrfaqen e kodr\u00ebs ku shtrihet vendbanimi ruhen gjurm\u00ebt e nj\u00eb\u2026","rel":"","context":"In &quot;Blogu i Udh\u00ebtarit&quot;","block_context":{"text":"Blogu i Udh\u00ebtarit","link":"https:\/\/www.shqiperia.com\/blog\/category\/blogu-i-udhetarit\/"},"img":{"alt_text":"","src":"https:\/\/i0.wp.com\/www.shqiperia.com\/blog\/wp-content\/uploads\/2019\/09\/Tragjasi-i-vjeter.jpg?fit=960%2C506&ssl=1&resize=350%2C200","width":350,"height":200,"srcset":"https:\/\/i0.wp.com\/www.shqiperia.com\/blog\/wp-content\/uploads\/2019\/09\/Tragjasi-i-vjeter.jpg?fit=960%2C506&ssl=1&resize=350%2C200 1x, https:\/\/i0.wp.com\/www.shqiperia.com\/blog\/wp-content\/uploads\/2019\/09\/Tragjasi-i-vjeter.jpg?fit=960%2C506&ssl=1&resize=525%2C300 1.5x, https:\/\/i0.wp.com\/www.shqiperia.com\/blog\/wp-content\/uploads\/2019\/09\/Tragjasi-i-vjeter.jpg?fit=960%2C506&ssl=1&resize=700%2C400 2x"},"classes":[]},{"id":40605,"url":"https:\/\/www.shqiperia.com\/blog\/fshatrat-shqiptare-kokaj-gjilan-kosove\/","url_meta":{"origin":1575,"position":3},"title":"Fshatrat shqiptare \u2013 Kokaj, Gjilan Kosove.","author":"Kurt Farka","date":"November 6, 2020","format":false,"excerpt":"Fshatrat shqiptare \u2013 Kokaj, Gjilan Kosove. Kokaj\u00a0\u00ebsht\u00eb nj\u00eb fshat n\u00eb\u00a0Malet e Karadakut\u00a0(Malet e Zeza),\u00a0Gjilan,\u00a0Kosov\u00eb. Vendbanimi Kokaj shtrihet n\u00eb juglindje t\u00eb territorit t\u00eb Komun\u00ebs s\u00eb Gjilanit, gjegj\u00ebsisht n\u00eb skajin juglindor t\u00eb territorit t\u00eb Kosov\u00ebs. Ky vendbanim i vendosur thell\u00eb n\u00eb Malet e Karadakut \u00ebsht\u00eb 18\u00a0km larg Gjilanit (12,2\u00a0km vija ajrore nga\u2026","rel":"","context":"In &quot;Blogu i Udh\u00ebtarit&quot;","block_context":{"text":"Blogu i Udh\u00ebtarit","link":"https:\/\/www.shqiperia.com\/blog\/category\/blogu-i-udhetarit\/"},"img":{"alt_text":"","src":"https:\/\/i0.wp.com\/www.shqiperia.com\/blog\/wp-content\/uploads\/2020\/11\/kokaj-m-e-poshtme.jpg?fit=1024%2C517&ssl=1&resize=350%2C200","width":350,"height":200,"srcset":"https:\/\/i0.wp.com\/www.shqiperia.com\/blog\/wp-content\/uploads\/2020\/11\/kokaj-m-e-poshtme.jpg?fit=1024%2C517&ssl=1&resize=350%2C200 1x, https:\/\/i0.wp.com\/www.shqiperia.com\/blog\/wp-content\/uploads\/2020\/11\/kokaj-m-e-poshtme.jpg?fit=1024%2C517&ssl=1&resize=525%2C300 1.5x, https:\/\/i0.wp.com\/www.shqiperia.com\/blog\/wp-content\/uploads\/2020\/11\/kokaj-m-e-poshtme.jpg?fit=1024%2C517&ssl=1&resize=700%2C400 2x"},"classes":[]},{"id":20570,"url":"https:\/\/www.shqiperia.com\/blog\/dhermiu-fshati-i-30-kishave-monument-kulture-qe-po-rilind\/","url_meta":{"origin":1575,"position":4},"title":"Dh\u00ebrmiu, fshati i 30 kishave monument kulture q\u00eb po rilind. &#8211;","author":"Kurt Farka","date":"May 1, 2019","format":false,"excerpt":"Dh\u00ebrmiu, fshati i 30 kishave monument kulture q\u00eb po rilind. - Nga:\u00a0Klotilda Sara\u00e7ini - Dh\u00ebrmiu, fshati i 30 kishave monument kulture t\u00eb kategoris\u00eb s\u00eb par\u00eb n\u00eb bashkin\u00eb e Himar\u00ebs, i vendosur buz\u00eb detit Jon dhe n\u00eb shpatet e maleve, midis gjelb\u00ebrimit t\u00eb ullinjve dhe agrumeve t\u00eb shumta po rilind fal\u00eb\u2026","rel":"","context":"In &quot;Histori&quot;","block_context":{"text":"Histori","link":"https:\/\/www.shqiperia.com\/blog\/category\/histori\/"},"img":{"alt_text":"","src":"https:\/\/i0.wp.com\/www.shqiperia.com\/blog\/wp-content\/uploads\/2019\/05\/Dhermiu-3.jpg?fit=622%2C320&ssl=1&resize=350%2C200","width":350,"height":200,"srcset":"https:\/\/i0.wp.com\/www.shqiperia.com\/blog\/wp-content\/uploads\/2019\/05\/Dhermiu-3.jpg?fit=622%2C320&ssl=1&resize=350%2C200 1x, https:\/\/i0.wp.com\/www.shqiperia.com\/blog\/wp-content\/uploads\/2019\/05\/Dhermiu-3.jpg?fit=622%2C320&ssl=1&resize=525%2C300 1.5x"},"classes":[]},{"id":37107,"url":"https:\/\/www.shqiperia.com\/blog\/fshati-gega-dhe-manastiri-perrallor-me-djajte-ne-malin-ograzhden-bullgari\/","url_meta":{"origin":1575,"position":5},"title":"Fshati Gega dhe \u201cManastiri p\u00ebrrallor me djajt\u00eb\u201c n\u00eb malin Ograzhden, Bullgari","author":"Kurt Farka","date":"August 12, 2020","format":false,"excerpt":"Fshati Gega dhe \u201cManastiri p\u00ebrrallor me djajt\u00eb\u201c n\u00eb malin Ograzhden, Bullgari Mali Ograzhden shtrihet n\u00eb pjes\u00ebn jugper\u00ebndimore t\u00eb Bullgaris\u00eb dhe kalon n\u00eb territorin e Maqedonis\u00eb s\u00eb Veriut, ku ndodhet pjesa m\u00eb e lart e tij. Dhjet\u00ebvje\u00e7ar\u00eb t\u00eb t\u00ebr\u00eb me radh\u00eb kjo krahin\u00eb ka qen\u00eb nj\u00eb zon\u00eb e izoluar kufitare, q\u00eb\u2026","rel":"","context":"In &quot;Kultura&quot;","block_context":{"text":"Kultura","link":"https:\/\/www.shqiperia.com\/blog\/category\/kultura\/"},"img":{"alt_text":"","src":"https:\/\/i0.wp.com\/www.shqiperia.com\/blog\/wp-content\/uploads\/2020\/08\/Fshati-Gega-Bullgari-2.jpg?fit=1067%2C533&ssl=1&resize=350%2C200","width":350,"height":200,"srcset":"https:\/\/i0.wp.com\/www.shqiperia.com\/blog\/wp-content\/uploads\/2020\/08\/Fshati-Gega-Bullgari-2.jpg?fit=1067%2C533&ssl=1&resize=350%2C200 1x, https:\/\/i0.wp.com\/www.shqiperia.com\/blog\/wp-content\/uploads\/2020\/08\/Fshati-Gega-Bullgari-2.jpg?fit=1067%2C533&ssl=1&resize=525%2C300 1.5x, https:\/\/i0.wp.com\/www.shqiperia.com\/blog\/wp-content\/uploads\/2020\/08\/Fshati-Gega-Bullgari-2.jpg?fit=1067%2C533&ssl=1&resize=700%2C400 2x, https:\/\/i0.wp.com\/www.shqiperia.com\/blog\/wp-content\/uploads\/2020\/08\/Fshati-Gega-Bullgari-2.jpg?fit=1067%2C533&ssl=1&resize=1050%2C600 3x"},"classes":[]}],"_links":{"self":[{"href":"https:\/\/www.shqiperia.com\/blog\/wp-json\/wp\/v2\/posts\/1575","targetHints":{"allow":["GET"]}}],"collection":[{"href":"https:\/\/www.shqiperia.com\/blog\/wp-json\/wp\/v2\/posts"}],"about":[{"href":"https:\/\/www.shqiperia.com\/blog\/wp-json\/wp\/v2\/types\/post"}],"author":[{"embeddable":true,"href":"https:\/\/www.shqiperia.com\/blog\/wp-json\/wp\/v2\/users\/9"}],"replies":[{"embeddable":true,"href":"https:\/\/www.shqiperia.com\/blog\/wp-json\/wp\/v2\/comments?post=1575"}],"version-history":[{"count":3,"href":"https:\/\/www.shqiperia.com\/blog\/wp-json\/wp\/v2\/posts\/1575\/revisions"}],"predecessor-version":[{"id":1581,"href":"https:\/\/www.shqiperia.com\/blog\/wp-json\/wp\/v2\/posts\/1575\/revisions\/1581"}],"wp:featuredmedia":[{"embeddable":true,"href":"https:\/\/www.shqiperia.com\/blog\/wp-json\/wp\/v2\/media\/1577"}],"wp:attachment":[{"href":"https:\/\/www.shqiperia.com\/blog\/wp-json\/wp\/v2\/media?parent=1575"}],"wp:term":[{"taxonomy":"category","embeddable":true,"href":"https:\/\/www.shqiperia.com\/blog\/wp-json\/wp\/v2\/categories?post=1575"},{"taxonomy":"post_tag","embeddable":true,"href":"https:\/\/www.shqiperia.com\/blog\/wp-json\/wp\/v2\/tags?post=1575"}],"curies":[{"name":"wp","href":"https:\/\/api.w.org\/{rel}","templated":true}]}}