{"id":1527,"date":"2018-01-20T14:47:31","date_gmt":"2018-01-20T14:47:31","guid":{"rendered":"http:\/\/www.shqiperia.com\/blog\/?p=1527"},"modified":"2018-01-20T14:47:31","modified_gmt":"2018-01-20T14:47:31","slug":"liste-gjerat-qe-kishim-para-pushtimit-turk-nga-piktori-ardian-devolli","status":"publish","type":"post","link":"https:\/\/www.shqiperia.com\/blog\/liste-gjerat-qe-kishim-para-pushtimit-turk-nga-piktori-ardian-devolli\/","title":{"rendered":"List\u00eb me gj\u00ebrat q\u00eb kishim para pushtimit turk nga Piktori Ardian Devolli."},"content":{"rendered":"<h5><img data-recalc-dims=\"1\" loading=\"lazy\" decoding=\"async\" data-attachment-id=\"1528\" data-permalink=\"https:\/\/www.shqiperia.com\/blog\/liste-gjerat-qe-kishim-para-pushtimit-turk-nga-piktori-ardian-devolli\/kuvendi-i-lezhes\/\" data-orig-file=\"https:\/\/i0.wp.com\/www.shqiperia.com\/blog\/wp-content\/uploads\/2018\/01\/Kuvendi-i-Lezhes.jpg?fit=633%2C347&amp;ssl=1\" data-orig-size=\"633,347\" data-comments-opened=\"1\" data-image-meta=\"{&quot;aperture&quot;:&quot;0&quot;,&quot;credit&quot;:&quot;&quot;,&quot;camera&quot;:&quot;&quot;,&quot;caption&quot;:&quot;&quot;,&quot;created_timestamp&quot;:&quot;0&quot;,&quot;copyright&quot;:&quot;&quot;,&quot;focal_length&quot;:&quot;0&quot;,&quot;iso&quot;:&quot;0&quot;,&quot;shutter_speed&quot;:&quot;0&quot;,&quot;title&quot;:&quot;&quot;,&quot;orientation&quot;:&quot;0&quot;}\" data-image-title=\"Kuvendi i Lezhes\" data-image-description=\"\" data-image-caption=\"\" data-medium-file=\"https:\/\/i0.wp.com\/www.shqiperia.com\/blog\/wp-content\/uploads\/2018\/01\/Kuvendi-i-Lezhes.jpg?fit=300%2C164&amp;ssl=1\" data-large-file=\"https:\/\/i0.wp.com\/www.shqiperia.com\/blog\/wp-content\/uploads\/2018\/01\/Kuvendi-i-Lezhes.jpg?fit=633%2C347&amp;ssl=1\" class=\"alignnone size-medium wp-image-1528\" alt=\"\" src=\"https:\/\/i0.wp.com\/www.shqiperia.com\/blog\/wp-content\/uploads\/2018\/01\/Kuvendi-i-Lezhes-300x164.jpg?resize=300%2C164\" width=\"300\" height=\"164\" srcset=\"https:\/\/i0.wp.com\/www.shqiperia.com\/blog\/wp-content\/uploads\/2018\/01\/Kuvendi-i-Lezhes.jpg?resize=300%2C164&amp;ssl=1 300w, https:\/\/i0.wp.com\/www.shqiperia.com\/blog\/wp-content\/uploads\/2018\/01\/Kuvendi-i-Lezhes.jpg?resize=600%2C329&amp;ssl=1 600w, https:\/\/i0.wp.com\/www.shqiperia.com\/blog\/wp-content\/uploads\/2018\/01\/Kuvendi-i-Lezhes.jpg?w=633&amp;ssl=1 633w\" sizes=\"auto, (max-width: 300px) 100vw, 300px\" \/><\/h5>\n<h5><em>Nga: Ardian Devolli<\/em><\/h5>\n<h5 class=\"entry-title\">Sot dua ta p\u00ebrkujtoj Sk\u00ebnderbeun duke b\u00ebr\u00eb nj\u00eb list\u00eb me gj\u00ebrat q\u00eb kishim para pushtimit turk e q\u00eb \u201cv\u00ebllez\u00ebrit\u201d turq, nga dashuria p\u00ebr ne, na i hoq\u00ebn p\u00ebr 5 shekuj:<\/h5>\n<p>\u2013 Kishim nj\u00eb Universitet n\u00eb vitin 1380 n\u00eb Durr\u00ebs. Q\u00eb t\u00eb krijoni iden\u00eb: Gjermania e ka hapur universitetin e par\u00eb, 6 vjet pas Durr\u00ebsit (Heidelberg University).<\/p>\n<p>\u2013 Kishim 6 qytete plot\u00ebsisht t\u00eb zhvilluara po aq sa Firence, Venecia, Marseja apo Parisi. (Durr\u00ebsi, Shkodra, Drishti, Lezha, Berati dhe Preveza).<\/p>\n<div class=\"text_exposed_show\">\n<p>\u2013 Kishim klas\u00ebn ton\u00eb aristokratike me 8 familje bujar\u00ebsh (Balshajt, Topiajt, Muzakajt, Kastriot\u00ebt, Arianit\u00ebt, Zebenisht\u00ebt, Shpatajt dhe Dukagjin\u00ebt) t\u00eb lidhura n\u00eb martes\u00eb deri edhe me Habsburg-\u00ebt dhe Bourbon-\u00ebt.<\/p>\n<p>\u2013 Kishim filozof\u00ebt tan\u00eb humanist\u00eb, q\u00eb b\u00ebnin \u201ck\u00ebrdin\u00eb\u201d n\u00eb Europ\u00eb me idet\u00eb e tyre dhe ishin k\u00ebshilltar\u00eb t\u00eb familjeve perandorake n\u00eb Hungari, Itali dhe Austri. (Gjon Gazhuli, Pal \u00cbngj\u00eblli, Leonik Tomeo dhe Gjon Durrsaku)<\/p>\n<p>\u2013 Qytetet tona kishin Statute dhe qeveriseshin me Demokraci nd\u00ebrkoh\u00eb q\u00eb Amerika p. sh. qeverisej nga Indian\u00ebt Cheroki apo fiset Azteke q\u00eb pinin ende gjak njeriu dhe jetonin si kanibal\u00eb.<\/p>\n<p>\u2013 N\u00eb Durr\u00ebs, intelektualizmi ishte aq i lart\u00eb, sa kemi t\u00eb dokumentuar n\u00eb shekullin e XII p\u00ebr her\u00eb t\u00eb par\u00eb not\u00ebn e protest\u00ebs s\u00eb nj\u00eb Metropoliti Ortodoks, i cili i shkruan Kostandinopoj\u00ebs, kundra skllav\u00ebris\u00eb, 300 vjet p\u00ebrpara se n\u00eb Europ\u00eb t\u00eb fillonte si debat.<\/p>\n<p>\u2013 N\u00eb Durr\u00ebs b\u00ebhej tregti deri edhe me Tunizin\u00eb, Ukrain\u00ebn dhe me Franc\u00ebn, q\u00eb n\u00eb shek. V-VII. Nd\u00ebrkoh\u00eb q\u00eb p. sh. vendet skandinave jetonin ende duke adhuruar pem\u00ebn apo malin.<\/p>\n<p>\u2013 Kisha e Shqip\u00ebris\u00eb kishte nxjerr\u00eb Kardinal (dhe kardinal nuk ishte gj\u00eb e vog\u00ebl at\u00ebher\u00eb).<\/p>\n<p>\u00c7far\u00eb ndodhi m\u00eb pas? Asgj\u00eb! Thjesht erdhi turku.<\/p>\n<\/div>\n","protected":false},"excerpt":{"rendered":"<p>Nga: Ardian Devolli Sot dua ta p\u00ebrkujtoj Sk\u00ebnderbeun duke b\u00ebr\u00eb nj\u00eb list\u00eb me gj\u00ebrat q\u00eb kishim para pushtimit turk e q\u00eb \u201cv\u00ebllez\u00ebrit\u201d turq, nga dashuria p\u00ebr ne, na i hoq\u00ebn p\u00ebr 5 shekuj: \u2013 Kishim nj\u00eb Universitet n\u00eb vitin 1380 n\u00eb Durr\u00ebs. Q\u00eb t\u00eb krijoni iden\u00eb: Gjermania e ka hapur universitetin e par\u00eb, 6 vjet [&hellip;]<\/p>\n","protected":false},"author":9,"featured_media":1528,"comment_status":"open","ping_status":"open","sticky":false,"template":"","format":"standard","meta":{"jetpack_post_was_ever_published":false,"_jetpack_newsletter_access":"","_jetpack_dont_email_post_to_subs":false,"_jetpack_newsletter_tier_id":0,"_jetpack_memberships_contains_paywalled_content":false,"_jetpack_memberships_contains_paid_content":false,"footnotes":"","jetpack_publicize_message":"","jetpack_publicize_feature_enabled":true,"jetpack_social_post_already_shared":true,"jetpack_social_options":{"image_generator_settings":{"template":"highway","default_image_id":0,"font":"","enabled":false},"version":2}},"categories":[27],"tags":[],"class_list":["post-1527","post","type-post","status-publish","format-standard","has-post-thumbnail","hentry","category-blogu-i-udhetarit"],"jetpack_publicize_connections":[],"jetpack_featured_media_url":"https:\/\/i0.wp.com\/www.shqiperia.com\/blog\/wp-content\/uploads\/2018\/01\/Kuvendi-i-Lezhes.jpg?fit=633%2C347&ssl=1","jetpack_sharing_enabled":true,"jetpack_shortlink":"https:\/\/wp.me\/p5Z6wp-oD","jetpack-related-posts":[{"id":34316,"url":"https:\/\/www.shqiperia.com\/blog\/do-kishim-18-mije-viktima-rama-zihet-ngushte-nga-gazetari-kryeministri-ndryshon-menjehere-deklaraten\/","url_meta":{"origin":1527,"position":0},"title":"\u201cDo kishim 18 mij\u00eb viktima?\u201d\/ Rama \u201czihet ngusht\u00eb\u201d nga gazetari, kryeministri ndryshon menj\u00ebher\u00eb deklarat\u00ebn","author":"Kurt Farka","date":"May 6, 2020","format":false,"excerpt":"\u201cDo kishim 18 mij\u00eb viktima?\u201d\/ Rama \u201czihet ngusht\u00eb\u201d nga gazetari, kryeministri ndryshon menj\u00ebher\u00eb deklarat\u00ebn 6 MAJ 2020 N\u00eb nj\u00eb intervist\u00eb t\u00eb gjat\u00eb ku foli p\u00ebr situat\u00ebn aktuale dhe politike n\u00eb vend, kryeministri i vendit, Edi Rama n\u00eb emisionin e gazetarit Enkel demi\u00a0ka mohuar sot t\u00eb ket\u00eb th\u00ebn\u00eb ai q\u00eb do\u2026","rel":"","context":"In &quot;Blogu i Udh\u00ebtarit&quot;","block_context":{"text":"Blogu i Udh\u00ebtarit","link":"https:\/\/www.shqiperia.com\/blog\/category\/blogu-i-udhetarit\/"},"img":{"alt_text":"","src":"https:\/\/i0.wp.com\/www.shqiperia.com\/blog\/wp-content\/uploads\/2020\/05\/800-0-5eb2b37460c03.jpg?fit=610%2C300&ssl=1&resize=350%2C200","width":350,"height":200,"srcset":"https:\/\/i0.wp.com\/www.shqiperia.com\/blog\/wp-content\/uploads\/2020\/05\/800-0-5eb2b37460c03.jpg?fit=610%2C300&ssl=1&resize=350%2C200 1x, https:\/\/i0.wp.com\/www.shqiperia.com\/blog\/wp-content\/uploads\/2020\/05\/800-0-5eb2b37460c03.jpg?fit=610%2C300&ssl=1&resize=525%2C300 1.5x"},"classes":[]},{"id":9680,"url":"https:\/\/www.shqiperia.com\/blog\/bordurat-e-sheshit-si-krevat-te-pakten-te-kishim-nje-cope-si-kujtim\/","url_meta":{"origin":1527,"position":1},"title":"Bordurat e Sheshit si Krevat. -Te pakten te kishim nje cope si kujtim. &#8211;","author":"Kurt Farka","date":"July 13, 2018","format":false,"excerpt":"Bordurat e Sheshit si Krevat. -Te pakten te kishim nje cope si kujtim. - Nga Roland Tasho. Bordurat e Sheshit si Krevat.Sot duke kaluar nga qendra takoj nje mik te kohes kur rrinim tek bordurat...ne gjurmet e bordures se vjeter eshte bere nje e ngjashme por e ndare ne stola\u2026","rel":"","context":"In &quot;Blogu i Udh\u00ebtarit&quot;","block_context":{"text":"Blogu i Udh\u00ebtarit","link":"https:\/\/www.shqiperia.com\/blog\/category\/blogu-i-udhetarit\/"},"img":{"alt_text":"","src":"https:\/\/i0.wp.com\/www.shqiperia.com\/blog\/wp-content\/uploads\/2018\/07\/36907526_2189433778007634_6594036394463592448_n.jpg?fit=960%2C720&ssl=1&resize=350%2C200","width":350,"height":200,"srcset":"https:\/\/i0.wp.com\/www.shqiperia.com\/blog\/wp-content\/uploads\/2018\/07\/36907526_2189433778007634_6594036394463592448_n.jpg?fit=960%2C720&ssl=1&resize=350%2C200 1x, https:\/\/i0.wp.com\/www.shqiperia.com\/blog\/wp-content\/uploads\/2018\/07\/36907526_2189433778007634_6594036394463592448_n.jpg?fit=960%2C720&ssl=1&resize=525%2C300 1.5x, https:\/\/i0.wp.com\/www.shqiperia.com\/blog\/wp-content\/uploads\/2018\/07\/36907526_2189433778007634_6594036394463592448_n.jpg?fit=960%2C720&ssl=1&resize=700%2C400 2x"},"classes":[]},{"id":33478,"url":"https:\/\/www.shqiperia.com\/blog\/mire-qe-kishim-mediat-qe-bene-psikologun-se-mjeket-i-perlau-gjermania-ironizon-avni-delvina\/","url_meta":{"origin":1527,"position":2},"title":"&#8211; Mir\u00eb q\u00eb kishim mediat q\u00eb b\u00ebn\u00eb psikologun se mjek\u00ebt i p\u00ebrlau Gjermania. Ironizon Avni Delvina","author":"Kurt Farka","date":"April 16, 2020","format":false,"excerpt":"Mir\u00eb q\u00eb kishim mediat q\u00eb b\u00ebn\u00eb psikologun se mjek\u00ebt i p\u00ebrlau Gjermania. Ironizon Avni Delvina 16 PRILL 2020 Gjitholog\u00ebt e ekraneve q\u00eb u shnd\u00ebrruan psikolog\u00ebt e nj\u00eb populli n\u00eb terrorin e kornavirusit jan\u00eb thumbuar n\u00ebp\u00ebrmjet nj\u00eb grafike nga Avni Delvina. \u201cMjafton ti shoh\u00ebsh me t\u00eb bardha- thot\u00eb Delvina - dhe\u2026","rel":"","context":"In &quot;Arte&quot;","block_context":{"text":"Arte","link":"https:\/\/www.shqiperia.com\/blog\/category\/arte\/"},"img":{"alt_text":"","src":"https:\/\/i0.wp.com\/www.shqiperia.com\/blog\/wp-content\/uploads\/2020\/04\/800-0-5e9794e2951c5.jpg?fit=800%2C526&ssl=1&resize=350%2C200","width":350,"height":200,"srcset":"https:\/\/i0.wp.com\/www.shqiperia.com\/blog\/wp-content\/uploads\/2020\/04\/800-0-5e9794e2951c5.jpg?fit=800%2C526&ssl=1&resize=350%2C200 1x, https:\/\/i0.wp.com\/www.shqiperia.com\/blog\/wp-content\/uploads\/2020\/04\/800-0-5e9794e2951c5.jpg?fit=800%2C526&ssl=1&resize=525%2C300 1.5x, https:\/\/i0.wp.com\/www.shqiperia.com\/blog\/wp-content\/uploads\/2020\/04\/800-0-5e9794e2951c5.jpg?fit=800%2C526&ssl=1&resize=700%2C400 2x"},"classes":[]},{"id":96376,"url":"https:\/\/www.shqiperia.com\/blog\/permbytjet-ne-durres-lubonja-tender-18-mln-euro-per-hidrovorin-qe-nuk-funksionon\/","url_meta":{"origin":1527,"position":3},"title":"P\u00ebrmbytjet n\u00eb Durr\u00ebs, Lubonja: &#8211; Tender 18 mln euro p\u00ebr hidrovorin q\u00eb nuk funksionon!","author":"Kurt Farka","date":"January 9, 2026","format":false,"excerpt":"9 Janar 2026 Analisti Fatos Lubonja komentoi mbr\u00ebmjen e sotme n\u00eb \u201cKjo Jav\u00eb\u201d situat\u00ebn e r\u00ebnd\u00eb me p\u00ebrmbytjet n\u00eb vend, teksa u ndal edhe tek p\u00ebrmbytjet n\u00eb Durr\u00ebs. Lubonja mori rastin e hidrovorit q\u00eb nuk funksionon, q\u00eb u b\u00eb me tender 18 mln euro. K\u00ebt\u00eb ai e lidhi dhe me\u2026","rel":"","context":"In &quot;Blogu i Udh\u00ebtarit&quot;","block_context":{"text":"Blogu i Udh\u00ebtarit","link":"https:\/\/www.shqiperia.com\/blog\/category\/blogu-i-udhetarit\/"},"img":{"alt_text":"","src":"https:\/\/i0.wp.com\/www.shqiperia.com\/blog\/wp-content\/uploads\/2026\/01\/lubonja-fatos.jpg?fit=1011%2C720&ssl=1&resize=350%2C200","width":350,"height":200,"srcset":"https:\/\/i0.wp.com\/www.shqiperia.com\/blog\/wp-content\/uploads\/2026\/01\/lubonja-fatos.jpg?fit=1011%2C720&ssl=1&resize=350%2C200 1x, https:\/\/i0.wp.com\/www.shqiperia.com\/blog\/wp-content\/uploads\/2026\/01\/lubonja-fatos.jpg?fit=1011%2C720&ssl=1&resize=525%2C300 1.5x, https:\/\/i0.wp.com\/www.shqiperia.com\/blog\/wp-content\/uploads\/2026\/01\/lubonja-fatos.jpg?fit=1011%2C720&ssl=1&resize=700%2C400 2x"},"classes":[]},{"id":43594,"url":"https:\/\/www.shqiperia.com\/blog\/gjenden-fije-biblike-3000-vjecare-te-profeteve-te-medhenj-ne-izrael\/","url_meta":{"origin":1527,"position":4},"title":"Gjenden fije biblike 3000-vje\u00e7are t\u00eb profet\u00ebve t\u00eb m\u00ebdhenj n\u00eb Izrael","author":"Kurt Farka","date":"January 31, 2021","format":false,"excerpt":"Gjenden fije biblike 3000-vje\u00e7are t\u00eb profet\u00ebve t\u00eb m\u00ebdhenj n\u00eb Izrael 29 janar \u00a02021 Fijet me ngjyr\u00eb t\u00eb purpurt q\u00eb jan\u00eb t\u00eb p\u00ebrshkruara n\u00eb Bib\u00ebl dhe t\u00eb veshura nga mbret\u00ebrit e Izraelit, p\u00ebrfshir\u00eb Davidin dhe Solomonin, u zbuluan n\u00eb disa p\u00eblhura 3,000 vje\u00e7are n\u00eb vendin ikonik t\u00eb Timna n\u00eb Negev. Davidi\u2026","rel":"","context":"In &quot;Histori&quot;","block_context":{"text":"Histori","link":"https:\/\/www.shqiperia.com\/blog\/category\/histori\/"},"img":{"alt_text":"","src":"https:\/\/i0.wp.com\/www.shqiperia.com\/blog\/wp-content\/uploads\/2021\/01\/fije-biblike-1.png?fit=687%2C493&ssl=1&resize=350%2C200","width":350,"height":200,"srcset":"https:\/\/i0.wp.com\/www.shqiperia.com\/blog\/wp-content\/uploads\/2021\/01\/fije-biblike-1.png?fit=687%2C493&ssl=1&resize=350%2C200 1x, https:\/\/i0.wp.com\/www.shqiperia.com\/blog\/wp-content\/uploads\/2021\/01\/fije-biblike-1.png?fit=687%2C493&ssl=1&resize=525%2C300 1.5x"},"classes":[]},{"id":60684,"url":"https:\/\/www.shqiperia.com\/blog\/edhe-qurravitjet-e-fevzos-kishim-manget-replikon-mane\/","url_meta":{"origin":1527,"position":5},"title":"Edhe qurravitjet e Fevzos kishim mang\u00ebt, \u2013 replikon Mane.","author":"Kurt Farka","date":"August 5, 2022","format":false,"excerpt":"5 Korrik 2022 Pas Tragjedise: \u2013 Qe prej me shume se 15 vitesh flas cdo sezon personalisht me Ministrat e Brendshem dhe Drejtorat e policis\u00eb, se jam notar dhe zhytes i perditshem\u2026\u201d \u2013 \u201cSa her\u00eb ndodh ndonj\u00eb ngjarje e r\u00ebnd\u00eb si ajo e Himar\u00ebs, k\u00ebta \u201cVIP\u201d-at e Tiran\u00ebs reagojn\u00eb me\u2026","rel":"","context":"In &quot;Press Releases&quot;","block_context":{"text":"Press Releases","link":"https:\/\/www.shqiperia.com\/blog\/category\/press-releases\/"},"img":{"alt_text":"","src":"https:\/\/i0.wp.com\/www.shqiperia.com\/blog\/wp-content\/uploads\/2022\/08\/Screenshot_20220805-062034_Facebook-1.jpg?fit=992%2C801&ssl=1&resize=350%2C200","width":350,"height":200,"srcset":"https:\/\/i0.wp.com\/www.shqiperia.com\/blog\/wp-content\/uploads\/2022\/08\/Screenshot_20220805-062034_Facebook-1.jpg?fit=992%2C801&ssl=1&resize=350%2C200 1x, https:\/\/i0.wp.com\/www.shqiperia.com\/blog\/wp-content\/uploads\/2022\/08\/Screenshot_20220805-062034_Facebook-1.jpg?fit=992%2C801&ssl=1&resize=525%2C300 1.5x, https:\/\/i0.wp.com\/www.shqiperia.com\/blog\/wp-content\/uploads\/2022\/08\/Screenshot_20220805-062034_Facebook-1.jpg?fit=992%2C801&ssl=1&resize=700%2C400 2x"},"classes":[]}],"_links":{"self":[{"href":"https:\/\/www.shqiperia.com\/blog\/wp-json\/wp\/v2\/posts\/1527","targetHints":{"allow":["GET"]}}],"collection":[{"href":"https:\/\/www.shqiperia.com\/blog\/wp-json\/wp\/v2\/posts"}],"about":[{"href":"https:\/\/www.shqiperia.com\/blog\/wp-json\/wp\/v2\/types\/post"}],"author":[{"embeddable":true,"href":"https:\/\/www.shqiperia.com\/blog\/wp-json\/wp\/v2\/users\/9"}],"replies":[{"embeddable":true,"href":"https:\/\/www.shqiperia.com\/blog\/wp-json\/wp\/v2\/comments?post=1527"}],"version-history":[{"count":1,"href":"https:\/\/www.shqiperia.com\/blog\/wp-json\/wp\/v2\/posts\/1527\/revisions"}],"predecessor-version":[{"id":1529,"href":"https:\/\/www.shqiperia.com\/blog\/wp-json\/wp\/v2\/posts\/1527\/revisions\/1529"}],"wp:featuredmedia":[{"embeddable":true,"href":"https:\/\/www.shqiperia.com\/blog\/wp-json\/wp\/v2\/media\/1528"}],"wp:attachment":[{"href":"https:\/\/www.shqiperia.com\/blog\/wp-json\/wp\/v2\/media?parent=1527"}],"wp:term":[{"taxonomy":"category","embeddable":true,"href":"https:\/\/www.shqiperia.com\/blog\/wp-json\/wp\/v2\/categories?post=1527"},{"taxonomy":"post_tag","embeddable":true,"href":"https:\/\/www.shqiperia.com\/blog\/wp-json\/wp\/v2\/tags?post=1527"}],"curies":[{"name":"wp","href":"https:\/\/api.w.org\/{rel}","templated":true}]}}