{"id":14699,"date":"2018-12-12T15:34:02","date_gmt":"2018-12-12T15:34:02","guid":{"rendered":"http:\/\/www.shqiperia.com\/blog\/?p=14699"},"modified":"2018-12-12T15:34:02","modified_gmt":"2018-12-12T15:34:02","slug":"tjeter-proteste-minatoret-paralajmerojne-greve-urie","status":"publish","type":"post","link":"https:\/\/www.shqiperia.com\/blog\/tjeter-proteste-minatoret-paralajmerojne-greve-urie\/","title":{"rendered":"Tjet\u00ebr protest\u00eb, &#8211; Minator\u00ebt paralajm\u00ebrojn\u00eb grev\u00eb urie. &#8211;"},"content":{"rendered":"<div id=\"attachment_14700\" style=\"width: 609px\" class=\"wp-caption alignnone\"><img data-recalc-dims=\"1\" loading=\"lazy\" decoding=\"async\" aria-describedby=\"caption-attachment-14700\" data-attachment-id=\"14700\" data-permalink=\"https:\/\/www.shqiperia.com\/blog\/tjeter-proteste-minatoret-paralajmerojne-greve-urie\/protesta-minatoret\/\" data-orig-file=\"https:\/\/i0.wp.com\/www.shqiperia.com\/blog\/wp-content\/uploads\/2018\/12\/protesta-minatoret.jpg?fit=640%2C432&amp;ssl=1\" data-orig-size=\"640,432\" data-comments-opened=\"1\" data-image-meta=\"{&quot;aperture&quot;:&quot;8&quot;,&quot;credit&quot;:&quot;IDLIR ABAZI&quot;,&quot;camera&quot;:&quot;Canon EOS 20D&quot;,&quot;caption&quot;:&quot;MINATORET PER TVSH - Minatore, gjate nje proteste ne Bulevardin Deshmoret e Kombit, ku pervec statusit te minatorit, kane kerkuar qe televizioni publik TVSH te jete i balancuar.&quot;,&quot;created_timestamp&quot;:&quot;1284035281&quot;,&quot;copyright&quot;:&quot;All rights reserved to LSA PHOTO Agency. Read Terms and Conditions onsite&quot;,&quot;focal_length&quot;:&quot;32&quot;,&quot;iso&quot;:&quot;200&quot;,&quot;shutter_speed&quot;:&quot;0.0025&quot;,&quot;title&quot;:&quot;&quot;,&quot;orientation&quot;:&quot;0&quot;}\" data-image-title=\"protesta-minatoret\" data-image-description=\"\" data-image-caption=\"&lt;p&gt;MINATORET PER TVSH &#8211; Minatore, gjate nje proteste ne Bulevardin Deshmoret e Kombit, ku pervec statusit te minatorit, kane kerkuar qe televizioni publik TVSH te jete i balancuar.&lt;\/p&gt;\n\" data-medium-file=\"https:\/\/i0.wp.com\/www.shqiperia.com\/blog\/wp-content\/uploads\/2018\/12\/protesta-minatoret.jpg?fit=300%2C203&amp;ssl=1\" data-large-file=\"https:\/\/i0.wp.com\/www.shqiperia.com\/blog\/wp-content\/uploads\/2018\/12\/protesta-minatoret.jpg?fit=640%2C432&amp;ssl=1\" class=\" wp-image-14700\" alt=\"\" src=\"https:\/\/i0.wp.com\/www.shqiperia.com\/blog\/wp-content\/uploads\/2018\/12\/protesta-minatoret-300x203.jpg?resize=599%2C405\" width=\"599\" height=\"405\" srcset=\"https:\/\/i0.wp.com\/www.shqiperia.com\/blog\/wp-content\/uploads\/2018\/12\/protesta-minatoret.jpg?resize=300%2C203&amp;ssl=1 300w, https:\/\/i0.wp.com\/www.shqiperia.com\/blog\/wp-content\/uploads\/2018\/12\/protesta-minatoret.jpg?resize=450%2C304&amp;ssl=1 450w, https:\/\/i0.wp.com\/www.shqiperia.com\/blog\/wp-content\/uploads\/2018\/12\/protesta-minatoret.jpg?resize=600%2C405&amp;ssl=1 600w, https:\/\/i0.wp.com\/www.shqiperia.com\/blog\/wp-content\/uploads\/2018\/12\/protesta-minatoret.jpg?resize=235%2C160&amp;ssl=1 235w, https:\/\/i0.wp.com\/www.shqiperia.com\/blog\/wp-content\/uploads\/2018\/12\/protesta-minatoret.jpg?resize=400%2C270&amp;ssl=1 400w, https:\/\/i0.wp.com\/www.shqiperia.com\/blog\/wp-content\/uploads\/2018\/12\/protesta-minatoret.jpg?w=640&amp;ssl=1 640w\" sizes=\"auto, (max-width: 599px) 100vw, 599px\" \/><p id=\"caption-attachment-14700\" class=\"wp-caption-text\">MINATORET PER TVSH &#8211; Minatore, gjate nje proteste ne Bulevardin Deshmoret e Kombit, ku pervec statusit te minatorit, kane kerkuar qe televizioni publik TVSH te jete i balancuar.<\/p><\/div>\n<p><strong>Tjet\u00ebr protest\u00eb, &#8211; Minator\u00ebt paralajm\u00ebrojn\u00eb grev\u00eb urie. &#8211;<\/strong><\/p>\n<p>12 Dhjetor, 2018<\/p>\n<p>Nd\u00ebrkoh\u00eb q\u00eb n\u00eb Tiran\u00eb student\u00ebt po protestojn\u00eb prej disa dit\u00ebsh, n\u00eb Bulqiz\u00eb jan\u00eb ngritur minator\u00ebt.<\/p>\n<p>M\u00ebsohet se minator\u00ebt k\u00ebrkojn\u00eb plot\u00ebsimin e kushteve n\u00eb pun\u00eb si dhe p\u00ebr statusin e tyre.<br \/>\nB\u00ebhet e ditur se minator\u00ebt kan\u00eb paralajm\u00ebruar p\u00ebrshkall\u00ebzim t\u00eb protestave n\u00ebse qeveria nuk i p\u00ebrgjigjet atyre pozitivisht. Ata k\u00ebrc\u00ebnojn\u00eb se do t\u00eb hyjn\u00eb n\u00eb grev\u00eb urie.<\/p>\n<p>Minator\u00ebt shoq\u00ebrohen n\u00eb protest\u00eb nga familjar\u00ebt e tyre, si dhe qytetar\u00eb t\u00eb Bulqiz\u00ebs. Ata kan\u00eb l\u00ebshuar nj\u00eb s\u00ebr\u00eb akuzash n\u00eb drejtim t\u00eb qeveris\u00eb, nd\u00ebrsa presin p\u00ebrmir\u00ebsimin e kushteve.<\/p>\n<div id=\"attachment_14700\" style=\"width: 858px\" class=\"wp-caption alignnone\"><img data-recalc-dims=\"1\" loading=\"lazy\" decoding=\"async\" aria-describedby=\"caption-attachment-14700\" data-attachment-id=\"14700\" data-permalink=\"https:\/\/www.shqiperia.com\/blog\/tjeter-proteste-minatoret-paralajmerojne-greve-urie\/protesta-minatoret\/\" data-orig-file=\"https:\/\/i0.wp.com\/www.shqiperia.com\/blog\/wp-content\/uploads\/2018\/12\/protesta-minatoret.jpg?fit=640%2C432&amp;ssl=1\" data-orig-size=\"640,432\" data-comments-opened=\"1\" data-image-meta=\"{&quot;aperture&quot;:&quot;8&quot;,&quot;credit&quot;:&quot;IDLIR ABAZI&quot;,&quot;camera&quot;:&quot;Canon EOS 20D&quot;,&quot;caption&quot;:&quot;MINATORET PER TVSH - Minatore, gjate nje proteste ne Bulevardin Deshmoret e Kombit, ku pervec statusit te minatorit, kane kerkuar qe televizioni publik TVSH te jete i balancuar.&quot;,&quot;created_timestamp&quot;:&quot;1284035281&quot;,&quot;copyright&quot;:&quot;All rights reserved to LSA PHOTO Agency. Read Terms and Conditions onsite&quot;,&quot;focal_length&quot;:&quot;32&quot;,&quot;iso&quot;:&quot;200&quot;,&quot;shutter_speed&quot;:&quot;0.0025&quot;,&quot;title&quot;:&quot;&quot;,&quot;orientation&quot;:&quot;0&quot;}\" data-image-title=\"protesta-minatoret\" data-image-description=\"\" data-image-caption=\"&lt;p&gt;MINATORET PER TVSH &#8211; Minatore, gjate nje proteste ne Bulevardin Deshmoret e Kombit, ku pervec statusit te minatorit, kane kerkuar qe televizioni publik TVSH te jete i balancuar.&lt;\/p&gt;\n\" data-medium-file=\"https:\/\/i0.wp.com\/www.shqiperia.com\/blog\/wp-content\/uploads\/2018\/12\/protesta-minatoret.jpg?fit=300%2C203&amp;ssl=1\" data-large-file=\"https:\/\/i0.wp.com\/www.shqiperia.com\/blog\/wp-content\/uploads\/2018\/12\/protesta-minatoret.jpg?fit=640%2C432&amp;ssl=1\" class=\" wp-image-14700\" alt=\"\" src=\"https:\/\/i0.wp.com\/www.shqiperia.com\/blog\/wp-content\/uploads\/2018\/12\/protesta-minatoret-300x203.jpg?resize=848%2C574\" width=\"848\" height=\"574\" srcset=\"https:\/\/i0.wp.com\/www.shqiperia.com\/blog\/wp-content\/uploads\/2018\/12\/protesta-minatoret.jpg?resize=300%2C203&amp;ssl=1 300w, https:\/\/i0.wp.com\/www.shqiperia.com\/blog\/wp-content\/uploads\/2018\/12\/protesta-minatoret.jpg?resize=450%2C304&amp;ssl=1 450w, https:\/\/i0.wp.com\/www.shqiperia.com\/blog\/wp-content\/uploads\/2018\/12\/protesta-minatoret.jpg?resize=600%2C405&amp;ssl=1 600w, https:\/\/i0.wp.com\/www.shqiperia.com\/blog\/wp-content\/uploads\/2018\/12\/protesta-minatoret.jpg?resize=235%2C160&amp;ssl=1 235w, https:\/\/i0.wp.com\/www.shqiperia.com\/blog\/wp-content\/uploads\/2018\/12\/protesta-minatoret.jpg?resize=400%2C270&amp;ssl=1 400w, https:\/\/i0.wp.com\/www.shqiperia.com\/blog\/wp-content\/uploads\/2018\/12\/protesta-minatoret.jpg?w=640&amp;ssl=1 640w\" sizes=\"auto, (max-width: 848px) 100vw, 848px\" \/><p id=\"caption-attachment-14700\" class=\"wp-caption-text\">MINATORET PER TVSH &#8211; Minatore, gjate nje proteste ne Bulevardin Deshmoret e Kombit, ku pervec statusit te minatorit, kane kerkuar qe televizioni publik TVSH te jete i balancuar.<\/p><\/div>\n<p>Nga TPZ.Al.<\/p>\n","protected":false},"excerpt":{"rendered":"<p>Tjet\u00ebr protest\u00eb, &#8211; Minator\u00ebt paralajm\u00ebrojn\u00eb grev\u00eb urie. &#8211; 12 Dhjetor, 2018 Nd\u00ebrkoh\u00eb q\u00eb n\u00eb Tiran\u00eb student\u00ebt po protestojn\u00eb prej disa dit\u00ebsh, n\u00eb Bulqiz\u00eb jan\u00eb ngritur minator\u00ebt. M\u00ebsohet se minator\u00ebt k\u00ebrkojn\u00eb plot\u00ebsimin e kushteve n\u00eb pun\u00eb si dhe p\u00ebr statusin e tyre. B\u00ebhet e ditur se minator\u00ebt kan\u00eb paralajm\u00ebruar p\u00ebrshkall\u00ebzim t\u00eb protestave n\u00ebse qeveria nuk i [&hellip;]<\/p>\n","protected":false},"author":9,"featured_media":14700,"comment_status":"open","ping_status":"open","sticky":false,"template":"","format":"standard","meta":{"jetpack_post_was_ever_published":false,"_jetpack_newsletter_access":"","_jetpack_dont_email_post_to_subs":false,"_jetpack_newsletter_tier_id":0,"_jetpack_memberships_contains_paywalled_content":false,"_jetpack_memberships_contains_paid_content":false,"footnotes":"","jetpack_publicize_message":"","jetpack_publicize_feature_enabled":true,"jetpack_social_post_already_shared":true,"jetpack_social_options":{"image_generator_settings":{"template":"highway","default_image_id":0,"font":"","enabled":false},"version":2}},"categories":[27,2,35],"tags":[],"class_list":["post-14699","post","type-post","status-publish","format-standard","has-post-thumbnail","hentry","category-blogu-i-udhetarit","category-politika","category-shoqerore"],"jetpack_publicize_connections":[],"jetpack_featured_media_url":"https:\/\/i0.wp.com\/www.shqiperia.com\/blog\/wp-content\/uploads\/2018\/12\/protesta-minatoret.jpg?fit=640%2C432&ssl=1","jetpack_sharing_enabled":true,"jetpack_shortlink":"https:\/\/wp.me\/p5Z6wp-3P5","jetpack-related-posts":[{"id":20064,"url":"https:\/\/www.shqiperia.com\/blog\/minatoret-sot-ne-proteste-para-kryeministrise-rama-na-ka-genjyer\/","url_meta":{"origin":14699,"position":0},"title":"Minator\u00ebt sot ne protest\u00eb para Kryeministris\u00eb: &#8211; Rama na ka g\u00ebnjyer. &#8211;","author":"Kurt Farka","date":"April 23, 2019","format":false,"excerpt":"23\/04\/19 Edhe sot minator\u00ebt kan\u00eb dal\u00eb n\u00eb protest\u00eb p\u00ebrpara kryeministris\u00eb. Ata po protestojn\u00eb p\u00ebr statusin e minatorit i cili u \u00ebsht\u00eb premtuar nga qeveria shum\u00eb koh\u00eb m\u00eb par\u00eb. Minator\u00ebt thon\u00eb se do t\u00eb q\u00ebndrojn\u00eb p\u00ebrpara Kryeministris\u00eb e nuk do t\u00eb largohen pa i dh\u00ebn\u00eb nj\u00eb zgjidhje problemit t\u00eb tyre. \u201cRama\u2026","rel":"","context":"In &quot;Blogu i Udh\u00ebtarit&quot;","block_context":{"text":"Blogu i Udh\u00ebtarit","link":"https:\/\/www.shqiperia.com\/blog\/category\/blogu-i-udhetarit\/"},"img":{"alt_text":"","src":"https:\/\/i0.wp.com\/www.shqiperia.com\/blog\/wp-content\/uploads\/2019\/04\/protesta_e_minatoreve-770x433-Copy.jpg?fit=770%2C402&ssl=1&resize=350%2C200","width":350,"height":200,"srcset":"https:\/\/i0.wp.com\/www.shqiperia.com\/blog\/wp-content\/uploads\/2019\/04\/protesta_e_minatoreve-770x433-Copy.jpg?fit=770%2C402&ssl=1&resize=350%2C200 1x, https:\/\/i0.wp.com\/www.shqiperia.com\/blog\/wp-content\/uploads\/2019\/04\/protesta_e_minatoreve-770x433-Copy.jpg?fit=770%2C402&ssl=1&resize=525%2C300 1.5x, https:\/\/i0.wp.com\/www.shqiperia.com\/blog\/wp-content\/uploads\/2019\/04\/protesta_e_minatoreve-770x433-Copy.jpg?fit=770%2C402&ssl=1&resize=700%2C400 2x"},"classes":[]},{"id":18128,"url":"https:\/\/www.shqiperia.com\/blog\/minatoret-e-fushe-arresit-ne-proteste-firma-e-qeverise-na-la-6-muaj-pa-rroga-ka-garancine-e-taulant-balles\/","url_meta":{"origin":14699,"position":1},"title":"Minator\u00ebt e Fush\u00eb Arr\u00ebsit n\u00eb protest\u00eb: Firma e qeveris\u00eb na la 6 muaj pa rroga, ka garancin\u00eb e Taulant Ball\u00ebs. &#8211;","author":"Kurt Farka","date":"March 8, 2019","format":false,"excerpt":"Minator\u00ebt e Fush\u00eb Arr\u00ebsit n\u00eb protest\u00eb: Firma e qeveris\u00eb na la 6 muaj pa rroga, ka garancin\u00eb e Taulant Ball\u00ebs. - 07\/03\/2019 Minator\u00ebt e Munell\u00ebs n\u00eb Puk\u00eb kan\u00eb dal\u00eb n\u00eb protest\u00eb pasi sipas tyre, prej 6 muajsh nuk kan\u00eb marr\u00eb rrogat dhe p\u00ebr k\u00ebt\u00eb ata faj\u00ebsojn\u00eb kompanin\u00eb Nj\u00eb minator i\u2026","rel":"","context":"In &quot;Blogu i Udh\u00ebtarit&quot;","block_context":{"text":"Blogu i Udh\u00ebtarit","link":"https:\/\/www.shqiperia.com\/blog\/category\/blogu-i-udhetarit\/"},"img":{"alt_text":"","src":"https:\/\/i0.wp.com\/www.shqiperia.com\/blog\/wp-content\/uploads\/2019\/03\/protste.jpg?fit=800%2C468&ssl=1&resize=350%2C200","width":350,"height":200,"srcset":"https:\/\/i0.wp.com\/www.shqiperia.com\/blog\/wp-content\/uploads\/2019\/03\/protste.jpg?fit=800%2C468&ssl=1&resize=350%2C200 1x, https:\/\/i0.wp.com\/www.shqiperia.com\/blog\/wp-content\/uploads\/2019\/03\/protste.jpg?fit=800%2C468&ssl=1&resize=525%2C300 1.5x, https:\/\/i0.wp.com\/www.shqiperia.com\/blog\/wp-content\/uploads\/2019\/03\/protste.jpg?fit=800%2C468&ssl=1&resize=700%2C400 2x"},"classes":[]},{"id":15632,"url":"https:\/\/www.shqiperia.com\/blog\/minatoret-bashkohen-me-studentet-ne-proteste-na-kane-mashtruar-per-statusin\/","url_meta":{"origin":14699,"position":2},"title":"Minator\u00ebt bashkohen me student\u00ebt n\u00eb protest\u00eb: Na kan\u00eb mashtruar p\u00ebr statusin. &#8211;","author":"Kurt Farka","date":"January 7, 2019","format":false,"excerpt":"Minator\u00ebt bashkohen me student\u00ebt n\u00eb protest\u00eb: Na kan\u00eb mashtruar p\u00ebr statusin. - 7 Janar, 2019. Protest\u00ebs s\u00eb student\u00ebve t\u00eb universiteteve publike q\u00eb po mbahet para Kryeministris\u00eb, i jan\u00eb bashkuar edhe minator\u00eb nga Puka dhe Mir\u00ebdita. N\u00eb nj\u00eb prononcim p\u00ebr gazetarin Erjon Sk\u00ebndaj nj\u00eb prej protestueseve tha se k\u00ebrkesat e student\u00ebve\u2026","rel":"","context":"In &quot;Blogu i Udh\u00ebtarit&quot;","block_context":{"text":"Blogu i Udh\u00ebtarit","link":"https:\/\/www.shqiperia.com\/blog\/category\/blogu-i-udhetarit\/"},"img":{"alt_text":"","src":"https:\/\/i0.wp.com\/www.shqiperia.com\/blog\/wp-content\/uploads\/2019\/01\/mt.jpg?fit=770%2C393&ssl=1&resize=350%2C200","width":350,"height":200,"srcset":"https:\/\/i0.wp.com\/www.shqiperia.com\/blog\/wp-content\/uploads\/2019\/01\/mt.jpg?fit=770%2C393&ssl=1&resize=350%2C200 1x, https:\/\/i0.wp.com\/www.shqiperia.com\/blog\/wp-content\/uploads\/2019\/01\/mt.jpg?fit=770%2C393&ssl=1&resize=525%2C300 1.5x, https:\/\/i0.wp.com\/www.shqiperia.com\/blog\/wp-content\/uploads\/2019\/01\/mt.jpg?fit=770%2C393&ssl=1&resize=700%2C400 2x"},"classes":[]},{"id":14877,"url":"https:\/\/www.shqiperia.com\/blog\/studentet-paralajmerojne-greve-urie-do-ngujohemi-te-korpusi-universitar\/","url_meta":{"origin":14699,"position":3},"title":"Studentet paralajmerojne greve urie: &#8211; Do ngujohemi te Korpusi Universitar. &#8211;","author":"Kurt Farka","date":"December 17, 2018","format":false,"excerpt":"Studentet paralajmerojne greve urie: - Do ngujohemi te Korpusi Universitar. - 17 dhjetor 208. Student\u00ebt e universiteteve publike jan\u00eb mbledhur para Kryeministris\u00eb n\u00eb nj\u00eb protest\u00eb komb\u00ebtare. Ashtu sikur edhe dje, ata i b\u00ebn\u00eb thirrje qytetar\u00ebve shqiptar\u00eb q\u00eb t\u00eb jen\u00eb t\u00eb pranish\u00ebm n\u00eb k\u00ebt\u00eb protest\u00eb paq\u00ebsore. Rreth or\u00ebs 09:00 student\u00ebt nis\u00ebn\u2026","rel":"","context":"In &quot;Blogu i Udh\u00ebtarit&quot;","block_context":{"text":"Blogu i Udh\u00ebtarit","link":"https:\/\/www.shqiperia.com\/blog\/category\/blogu-i-udhetarit\/"},"img":{"alt_text":"","src":"https:\/\/i0.wp.com\/www.shqiperia.com\/blog\/wp-content\/uploads\/2018\/12\/Protesta-okok-1-675x450.jpeg?fit=675%2C450&ssl=1&resize=350%2C200","width":350,"height":200,"srcset":"https:\/\/i0.wp.com\/www.shqiperia.com\/blog\/wp-content\/uploads\/2018\/12\/Protesta-okok-1-675x450.jpeg?fit=675%2C450&ssl=1&resize=350%2C200 1x, https:\/\/i0.wp.com\/www.shqiperia.com\/blog\/wp-content\/uploads\/2018\/12\/Protesta-okok-1-675x450.jpeg?fit=675%2C450&ssl=1&resize=525%2C300 1.5x"},"classes":[]},{"id":37285,"url":"https:\/\/www.shqiperia.com\/blog\/zbulohet-origjina-e-virusit-ja-ku-u-shfaq-per-here-te-pare-koronavirusi-ne-vitin-2012\/","url_meta":{"origin":14699,"position":4},"title":"Zbulohet origjina e virusit? &#8211; Ja ku u shfaq p\u00ebr her\u00eb t\u00eb par\u00eb koronavirusi n\u00eb vitin 2012","author":"Kurt Farka","date":"August 17, 2020","format":false,"excerpt":"Zbulohet origjina e virusit? - Ja ku u shfaq p\u00ebr her\u00eb t\u00eb par\u00eb koronavirusi n\u00eb vitin 2012 16 gusht 2020 Koronavirusi i ri u shfaq p\u00ebr her\u00eb t\u00eb par\u00eb tek minator\u00ebt kinez\u00eb n\u00eb vitin 2012 dhe mund t\u00eb mos ket\u00eb ardhur nga tregu Wuhan, thon\u00eb shkenc\u00ebtar\u00ebt. Covid-19 mund ta ket\u00eb\u2026","rel":"","context":"In &quot;Blogu i Udh\u00ebtarit&quot;","block_context":{"text":"Blogu i Udh\u00ebtarit","link":"https:\/\/www.shqiperia.com\/blog\/category\/blogu-i-udhetarit\/"},"img":{"alt_text":"","src":"https:\/\/i0.wp.com\/www.shqiperia.com\/blog\/wp-content\/uploads\/2020\/08\/lakuriqi-780x439-1.jpg?fit=780%2C439&ssl=1&resize=350%2C200","width":350,"height":200,"srcset":"https:\/\/i0.wp.com\/www.shqiperia.com\/blog\/wp-content\/uploads\/2020\/08\/lakuriqi-780x439-1.jpg?fit=780%2C439&ssl=1&resize=350%2C200 1x, https:\/\/i0.wp.com\/www.shqiperia.com\/blog\/wp-content\/uploads\/2020\/08\/lakuriqi-780x439-1.jpg?fit=780%2C439&ssl=1&resize=525%2C300 1.5x, https:\/\/i0.wp.com\/www.shqiperia.com\/blog\/wp-content\/uploads\/2020\/08\/lakuriqi-780x439-1.jpg?fit=780%2C439&ssl=1&resize=700%2C400 2x"},"classes":[]},{"id":28949,"url":"https:\/\/www.shqiperia.com\/blog\/protesta-e-minatoreve-ne-bulqize-policia-shoqeron-kater-protestues\/","url_meta":{"origin":14699,"position":5},"title":"Protesta e minator\u00ebve n\u00eb Bulqiz\u00eb, policia shoq\u00ebron kat\u00ebr protestues.-","author":"Kurt Farka","date":"December 5, 2019","format":false,"excerpt":"Protesta e minator\u00ebve n\u00eb Bulqiz\u00eb, policia shoq\u00ebron kat\u00ebr protestues 4 Dhjetor 2019 Policia e Shtetit shoq\u00ebroi 4 protestues p\u00ebrfshi kryetarin e Sindikat\u00ebs s\u00eb Minator\u00ebve t\u00eb Bashkuar t\u00eb Bulqiz\u00ebs, nd\u00ebrsa i akuzon ata p\u00ebr tubim t\u00eb paligjsh\u00ebm, edhe pse protestuesit thon\u00eb se shehsi ku protestojn\u00eb nuk pengon qarkullimin e mjeteve dhe\u2026","rel":"","context":"In &quot;Blogu i Udh\u00ebtarit&quot;","block_context":{"text":"Blogu i Udh\u00ebtarit","link":"https:\/\/www.shqiperia.com\/blog\/category\/blogu-i-udhetarit\/"},"img":{"alt_text":"","src":"https:\/\/i0.wp.com\/www.shqiperia.com\/blog\/wp-content\/uploads\/2019\/12\/76205497_1432191813600205_1150979934575919104_n-600x400.jpg?fit=600%2C338&ssl=1&resize=350%2C200","width":350,"height":200,"srcset":"https:\/\/i0.wp.com\/www.shqiperia.com\/blog\/wp-content\/uploads\/2019\/12\/76205497_1432191813600205_1150979934575919104_n-600x400.jpg?fit=600%2C338&ssl=1&resize=350%2C200 1x, https:\/\/i0.wp.com\/www.shqiperia.com\/blog\/wp-content\/uploads\/2019\/12\/76205497_1432191813600205_1150979934575919104_n-600x400.jpg?fit=600%2C338&ssl=1&resize=525%2C300 1.5x"},"classes":[]}],"_links":{"self":[{"href":"https:\/\/www.shqiperia.com\/blog\/wp-json\/wp\/v2\/posts\/14699","targetHints":{"allow":["GET"]}}],"collection":[{"href":"https:\/\/www.shqiperia.com\/blog\/wp-json\/wp\/v2\/posts"}],"about":[{"href":"https:\/\/www.shqiperia.com\/blog\/wp-json\/wp\/v2\/types\/post"}],"author":[{"embeddable":true,"href":"https:\/\/www.shqiperia.com\/blog\/wp-json\/wp\/v2\/users\/9"}],"replies":[{"embeddable":true,"href":"https:\/\/www.shqiperia.com\/blog\/wp-json\/wp\/v2\/comments?post=14699"}],"version-history":[{"count":1,"href":"https:\/\/www.shqiperia.com\/blog\/wp-json\/wp\/v2\/posts\/14699\/revisions"}],"predecessor-version":[{"id":14701,"href":"https:\/\/www.shqiperia.com\/blog\/wp-json\/wp\/v2\/posts\/14699\/revisions\/14701"}],"wp:featuredmedia":[{"embeddable":true,"href":"https:\/\/www.shqiperia.com\/blog\/wp-json\/wp\/v2\/media\/14700"}],"wp:attachment":[{"href":"https:\/\/www.shqiperia.com\/blog\/wp-json\/wp\/v2\/media?parent=14699"}],"wp:term":[{"taxonomy":"category","embeddable":true,"href":"https:\/\/www.shqiperia.com\/blog\/wp-json\/wp\/v2\/categories?post=14699"},{"taxonomy":"post_tag","embeddable":true,"href":"https:\/\/www.shqiperia.com\/blog\/wp-json\/wp\/v2\/tags?post=14699"}],"curies":[{"name":"wp","href":"https:\/\/api.w.org\/{rel}","templated":true}]}}