{"id":14694,"date":"2018-12-12T15:08:34","date_gmt":"2018-12-12T15:08:34","guid":{"rendered":"http:\/\/www.shqiperia.com\/blog\/?p=14694"},"modified":"2018-12-12T15:15:01","modified_gmt":"2018-12-12T15:15:01","slug":"qeveri-rrumpalle-tha-rama-mbreme-nuk-dihet-kush-ju-jep-fuqi-ligjore-vkm-ve","status":"publish","type":"post","link":"https:\/\/www.shqiperia.com\/blog\/qeveri-rrumpalle-tha-rama-mbreme-nuk-dihet-kush-ju-jep-fuqi-ligjore-vkm-ve\/","title":{"rendered":"Qeveri Rrumpalle \u2013 tha Rama mbreme. &#8211; Nuk dihet Kush ju jep fuqi ligjore VKM-ve."},"content":{"rendered":"<p><img data-recalc-dims=\"1\" loading=\"lazy\" decoding=\"async\" data-attachment-id=\"14695\" data-permalink=\"https:\/\/www.shqiperia.com\/blog\/qeveri-rrumpalle-tha-rama-mbreme-nuk-dihet-kush-ju-jep-fuqi-ligjore-vkm-ve\/47687340_10156896935896952_1822840912774955008_n\/\" data-orig-file=\"https:\/\/i0.wp.com\/www.shqiperia.com\/blog\/wp-content\/uploads\/2018\/12\/47687340_10156896935896952_1822840912774955008_n.jpg?fit=960%2C540&amp;ssl=1\" data-orig-size=\"960,540\" data-comments-opened=\"1\" data-image-meta=\"{&quot;aperture&quot;:&quot;0&quot;,&quot;credit&quot;:&quot;&quot;,&quot;camera&quot;:&quot;&quot;,&quot;caption&quot;:&quot;&quot;,&quot;created_timestamp&quot;:&quot;0&quot;,&quot;copyright&quot;:&quot;&quot;,&quot;focal_length&quot;:&quot;0&quot;,&quot;iso&quot;:&quot;0&quot;,&quot;shutter_speed&quot;:&quot;0&quot;,&quot;title&quot;:&quot;&quot;,&quot;orientation&quot;:&quot;0&quot;}\" data-image-title=\"47687340_10156896935896952_1822840912774955008_n\" data-image-description=\"\" data-image-caption=\"\" data-medium-file=\"https:\/\/i0.wp.com\/www.shqiperia.com\/blog\/wp-content\/uploads\/2018\/12\/47687340_10156896935896952_1822840912774955008_n.jpg?fit=300%2C169&amp;ssl=1\" data-large-file=\"https:\/\/i0.wp.com\/www.shqiperia.com\/blog\/wp-content\/uploads\/2018\/12\/47687340_10156896935896952_1822840912774955008_n.jpg?fit=960%2C540&amp;ssl=1\" class=\"alignnone wp-image-14695\" alt=\"\" src=\"https:\/\/i0.wp.com\/www.shqiperia.com\/blog\/wp-content\/uploads\/2018\/12\/47687340_10156896935896952_1822840912774955008_n-300x169.jpg?resize=611%2C344\" width=\"611\" height=\"344\" srcset=\"https:\/\/i0.wp.com\/www.shqiperia.com\/blog\/wp-content\/uploads\/2018\/12\/47687340_10156896935896952_1822840912774955008_n.jpg?resize=300%2C169&amp;ssl=1 300w, https:\/\/i0.wp.com\/www.shqiperia.com\/blog\/wp-content\/uploads\/2018\/12\/47687340_10156896935896952_1822840912774955008_n.jpg?resize=768%2C432&amp;ssl=1 768w, https:\/\/i0.wp.com\/www.shqiperia.com\/blog\/wp-content\/uploads\/2018\/12\/47687340_10156896935896952_1822840912774955008_n.jpg?resize=450%2C253&amp;ssl=1 450w, https:\/\/i0.wp.com\/www.shqiperia.com\/blog\/wp-content\/uploads\/2018\/12\/47687340_10156896935896952_1822840912774955008_n.jpg?resize=600%2C338&amp;ssl=1 600w, https:\/\/i0.wp.com\/www.shqiperia.com\/blog\/wp-content\/uploads\/2018\/12\/47687340_10156896935896952_1822840912774955008_n.jpg?resize=400%2C225&amp;ssl=1 400w, https:\/\/i0.wp.com\/www.shqiperia.com\/blog\/wp-content\/uploads\/2018\/12\/47687340_10156896935896952_1822840912774955008_n.jpg?w=960&amp;ssl=1 960w\" sizes=\"auto, (max-width: 611px) 100vw, 611px\" \/><\/p>\n<p>Qeveri Rrumpalle \u2013 tha Rama mbreme. &#8211; Nuk dihet Kush ju jep fuqi ligjore VKM-ve.<\/p>\n<p>Qeveri Rrumpalle \u2013 tha Rama mbreme. Ne Nje television mbreme Rama (Kryeministri) deklaroi, se VKM (Vendim i Keshillit te Ministrave) per tarifat e provimeve te mbartura te studenteve e kane hartuar Rektoret, dhe nuk dime se si mori fuqi ligjore. Pra, Rektoret ne kete Qeveri (Qeverisje) kane tagrin ligjor te i japin fuqi ligjore vendimeve qe hartojne vete me VKM. Po VKM kush e Firmos, A din ndonje Gje cfare firmos Qeveria ne nje akt ligjor. Rrumpalle.<\/p>\n<p>Shenim:Sot Rektoret (Senati): Deklaroi:\u00a0 &#8220;&#8230; nuk i kan\u00eb paraqitur K\u00ebshillit t\u00eb Ministrave asnj\u00eb k\u00ebrkes\u00eb p\u00ebr vendosjen e k\u00ebsaj tarife.&#8221;&#8230;<\/p>\n<p><img data-recalc-dims=\"1\" loading=\"lazy\" decoding=\"async\" data-attachment-id=\"14695\" data-permalink=\"https:\/\/www.shqiperia.com\/blog\/qeveri-rrumpalle-tha-rama-mbreme-nuk-dihet-kush-ju-jep-fuqi-ligjore-vkm-ve\/47687340_10156896935896952_1822840912774955008_n\/\" data-orig-file=\"https:\/\/i0.wp.com\/www.shqiperia.com\/blog\/wp-content\/uploads\/2018\/12\/47687340_10156896935896952_1822840912774955008_n.jpg?fit=960%2C540&amp;ssl=1\" data-orig-size=\"960,540\" data-comments-opened=\"1\" data-image-meta=\"{&quot;aperture&quot;:&quot;0&quot;,&quot;credit&quot;:&quot;&quot;,&quot;camera&quot;:&quot;&quot;,&quot;caption&quot;:&quot;&quot;,&quot;created_timestamp&quot;:&quot;0&quot;,&quot;copyright&quot;:&quot;&quot;,&quot;focal_length&quot;:&quot;0&quot;,&quot;iso&quot;:&quot;0&quot;,&quot;shutter_speed&quot;:&quot;0&quot;,&quot;title&quot;:&quot;&quot;,&quot;orientation&quot;:&quot;0&quot;}\" data-image-title=\"47687340_10156896935896952_1822840912774955008_n\" data-image-description=\"\" data-image-caption=\"\" data-medium-file=\"https:\/\/i0.wp.com\/www.shqiperia.com\/blog\/wp-content\/uploads\/2018\/12\/47687340_10156896935896952_1822840912774955008_n.jpg?fit=300%2C169&amp;ssl=1\" data-large-file=\"https:\/\/i0.wp.com\/www.shqiperia.com\/blog\/wp-content\/uploads\/2018\/12\/47687340_10156896935896952_1822840912774955008_n.jpg?fit=960%2C540&amp;ssl=1\" class=\"alignnone wp-image-14695\" alt=\"\" src=\"https:\/\/i0.wp.com\/www.shqiperia.com\/blog\/wp-content\/uploads\/2018\/12\/47687340_10156896935896952_1822840912774955008_n-300x169.jpg?resize=788%2C444\" width=\"788\" height=\"444\" srcset=\"https:\/\/i0.wp.com\/www.shqiperia.com\/blog\/wp-content\/uploads\/2018\/12\/47687340_10156896935896952_1822840912774955008_n.jpg?resize=300%2C169&amp;ssl=1 300w, https:\/\/i0.wp.com\/www.shqiperia.com\/blog\/wp-content\/uploads\/2018\/12\/47687340_10156896935896952_1822840912774955008_n.jpg?resize=768%2C432&amp;ssl=1 768w, https:\/\/i0.wp.com\/www.shqiperia.com\/blog\/wp-content\/uploads\/2018\/12\/47687340_10156896935896952_1822840912774955008_n.jpg?resize=450%2C253&amp;ssl=1 450w, https:\/\/i0.wp.com\/www.shqiperia.com\/blog\/wp-content\/uploads\/2018\/12\/47687340_10156896935896952_1822840912774955008_n.jpg?resize=600%2C338&amp;ssl=1 600w, https:\/\/i0.wp.com\/www.shqiperia.com\/blog\/wp-content\/uploads\/2018\/12\/47687340_10156896935896952_1822840912774955008_n.jpg?resize=400%2C225&amp;ssl=1 400w, https:\/\/i0.wp.com\/www.shqiperia.com\/blog\/wp-content\/uploads\/2018\/12\/47687340_10156896935896952_1822840912774955008_n.jpg?w=960&amp;ssl=1 960w\" sizes=\"auto, (max-width: 788px) 100vw, 788px\" \/><\/p>\n<p>A nuk eshte Rrumpalle me Ligjet (VKM) e Shtetit Shqiptar.<\/p>\n","protected":false},"excerpt":{"rendered":"<p>Qeveri Rrumpalle \u2013 tha Rama mbreme. &#8211; Nuk dihet Kush ju jep fuqi ligjore VKM-ve. Qeveri Rrumpalle \u2013 tha Rama mbreme. Ne Nje television mbreme Rama (Kryeministri) deklaroi, se VKM (Vendim i Keshillit te Ministrave) per tarifat e provimeve te mbartura te studenteve e kane hartuar Rektoret, dhe nuk dime se si mori fuqi ligjore. [&hellip;]<\/p>\n","protected":false},"author":9,"featured_media":14695,"comment_status":"open","ping_status":"open","sticky":false,"template":"","format":"standard","meta":{"jetpack_post_was_ever_published":false,"_jetpack_newsletter_access":"","_jetpack_dont_email_post_to_subs":false,"_jetpack_newsletter_tier_id":0,"_jetpack_memberships_contains_paywalled_content":false,"_jetpack_memberships_contains_paid_content":false,"footnotes":"","jetpack_publicize_message":"","jetpack_publicize_feature_enabled":true,"jetpack_social_post_already_shared":true,"jetpack_social_options":{"image_generator_settings":{"template":"highway","default_image_id":0,"font":"","enabled":false},"version":2}},"categories":[27,2,35],"tags":[],"class_list":["post-14694","post","type-post","status-publish","format-standard","has-post-thumbnail","hentry","category-blogu-i-udhetarit","category-politika","category-shoqerore"],"jetpack_publicize_connections":[],"jetpack_featured_media_url":"https:\/\/i0.wp.com\/www.shqiperia.com\/blog\/wp-content\/uploads\/2018\/12\/47687340_10156896935896952_1822840912774955008_n.jpg?fit=960%2C540&ssl=1","jetpack_sharing_enabled":true,"jetpack_shortlink":"https:\/\/wp.me\/p5Z6wp-3P0","jetpack-related-posts":[{"id":61073,"url":"https:\/\/www.shqiperia.com\/blog\/pd-thirrje-spak-te-hetoje-arben-ahmetaj-firmos-tre-dite-pas-shkarkimit-nga-posti-i-zv-kryeministrit\/","url_meta":{"origin":14694,"position":0},"title":"PD thirrje SPAK t\u00eb hetoj\u00eb: &#8211; Arben Ahmetaj firmos tre dit\u00eb pas shkarkimit nga posti i zv\/kryeministrit","author":"Kurt Farka","date":"August 13, 2022","format":false,"excerpt":"13 Gusht 2022 Kryetarja e Komisionit t\u00eb Apelimit n\u00eb Partin\u00eb Demokratike, Adriana Kalaja tha sot n\u00eb nj\u00eb deklarat\u00eb nga selia blu se ish-zv\/kryeministri Arben Ahmetaj ka firmosur 14 vendime t\u00eb qeveris\u00eb 3 dit\u00eb pas shkarkimit t\u00eb tij nga detyra. Kalaja u shpreh se nj\u00eb nga k\u00ebto vendime \u00ebsht\u00eb edhe ai\u2026","rel":"","context":"In &quot;Blogu i Udh\u00ebtarit&quot;","block_context":{"text":"Blogu i Udh\u00ebtarit","link":"https:\/\/www.shqiperia.com\/blog\/category\/blogu-i-udhetarit\/"},"img":{"alt_text":"","src":"https:\/\/i0.wp.com\/www.shqiperia.com\/blog\/wp-content\/uploads\/2022\/08\/ahmetaj-rama-850x450-770x433-1.jpg?fit=770%2C433&ssl=1&resize=350%2C200","width":350,"height":200,"srcset":"https:\/\/i0.wp.com\/www.shqiperia.com\/blog\/wp-content\/uploads\/2022\/08\/ahmetaj-rama-850x450-770x433-1.jpg?fit=770%2C433&ssl=1&resize=350%2C200 1x, https:\/\/i0.wp.com\/www.shqiperia.com\/blog\/wp-content\/uploads\/2022\/08\/ahmetaj-rama-850x450-770x433-1.jpg?fit=770%2C433&ssl=1&resize=525%2C300 1.5x, https:\/\/i0.wp.com\/www.shqiperia.com\/blog\/wp-content\/uploads\/2022\/08\/ahmetaj-rama-850x450-770x433-1.jpg?fit=770%2C433&ssl=1&resize=700%2C400 2x"},"classes":[]},{"id":54376,"url":"https:\/\/www.shqiperia.com\/blog\/plas-keq-debati-ne-komision-rama-i-kthehet-deputetit-nuk-ka-lindur-ai-burre-qe-me\/","url_meta":{"origin":14694,"position":1},"title":"Plas keq debati n\u00eb Komision: &#8211; \u00a0Rama i kthehet deputetit: Nuk ka lindur ai burr\u00eb q\u00eb m\u00eb&#8230;","author":"Kurt Farka","date":"February 23, 2022","format":false,"excerpt":"Plas keq debati n\u00eb Komision: - \u00a0Rama i kthehet deputetit: Nuk ka lindur ai burr\u00eb q\u00eb m\u00eb... 23 SHKURT 2022 Kryeministri ka debatuar me deputetin demokrat Lu\u00e7iano Bo\u00e7i n\u00eb Komisionin Hetimor p\u00ebr Incenerator\u00ebt. Bo\u00e7i e pyeti Ram\u00ebn n\u00ebse ka nj\u00eb VKM q\u00eb ndryshon autoritetin kontraktor n\u00eb vitin 2018 nga Ministria\u2026","rel":"","context":"In &quot;Blogu i Udh\u00ebtarit&quot;","block_context":{"text":"Blogu i Udh\u00ebtarit","link":"https:\/\/www.shqiperia.com\/blog\/category\/blogu-i-udhetarit\/"},"img":{"alt_text":"","src":"https:\/\/i0.wp.com\/www.shqiperia.com\/blog\/wp-content\/uploads\/2022\/02\/800-0-621689854788f.png?fit=664%2C327&ssl=1&resize=350%2C200","width":350,"height":200,"srcset":"https:\/\/i0.wp.com\/www.shqiperia.com\/blog\/wp-content\/uploads\/2022\/02\/800-0-621689854788f.png?fit=664%2C327&ssl=1&resize=350%2C200 1x, https:\/\/i0.wp.com\/www.shqiperia.com\/blog\/wp-content\/uploads\/2022\/02\/800-0-621689854788f.png?fit=664%2C327&ssl=1&resize=525%2C300 1.5x"},"classes":[]},{"id":25730,"url":"https:\/\/www.shqiperia.com\/blog\/kryeministri-nuk-figuron-te-kete-qene-prezent-kur-jane-votuar-ne-kuvend-dy-kontratat-koncesionare-ppp-orikum-dukat-dhe-milot-balldren-arsyeja-ato-jane-ne-kundershtim-me-ligjet\/","url_meta":{"origin":14694,"position":2},"title":"Kryeministri nuk figuron t\u00eb ket\u00eb qene prezent kur jane \u00a0votuar n\u00eb Kuvend dy kontratat koncesionare\/PPP: \u00a0Orikum \u2013 Dukat dhe Milot-Balldren. Arsyeja, ato jane ne kundershtim me Ligjet.","author":"Kurt Farka","date":"September 10, 2019","format":false,"excerpt":"Kryeministri nuk figuron t\u00eb ket\u00eb qene prezent kur jane \u00a0votuar n\u00eb Kuvend dy kontratat koncesionare\/PPP: \u00a0Orikum \u2013 Dukat dhe Milot-Balldren. Arsyeja, ato jane ne kundershtim me Ligjet. 10\/09\/2019 EKSKLUZIVE -\u00a0S\u00eb fundmi, n\u00eb korrik 2019, Kuvendi miratoi dy ligje p\u00ebr miratimin e kontratave kocesionare\/PPP. Ligjin nr. 51\/2019 p\u00ebr miratimin e kontrat\u00ebs\u2026","rel":"","context":"In &quot;Blogu i Udh\u00ebtarit&quot;","block_context":{"text":"Blogu i Udh\u00ebtarit","link":"https:\/\/www.shqiperia.com\/blog\/category\/blogu-i-udhetarit\/"},"img":{"alt_text":"","src":"https:\/\/i0.wp.com\/www.shqiperia.com\/blog\/wp-content\/uploads\/2019\/09\/Dora-e-shtrire-Edi-Rama-Copy-1.jpg?fit=831%2C478&ssl=1&resize=350%2C200","width":350,"height":200,"srcset":"https:\/\/i0.wp.com\/www.shqiperia.com\/blog\/wp-content\/uploads\/2019\/09\/Dora-e-shtrire-Edi-Rama-Copy-1.jpg?fit=831%2C478&ssl=1&resize=350%2C200 1x, https:\/\/i0.wp.com\/www.shqiperia.com\/blog\/wp-content\/uploads\/2019\/09\/Dora-e-shtrire-Edi-Rama-Copy-1.jpg?fit=831%2C478&ssl=1&resize=525%2C300 1.5x, https:\/\/i0.wp.com\/www.shqiperia.com\/blog\/wp-content\/uploads\/2019\/09\/Dora-e-shtrire-Edi-Rama-Copy-1.jpg?fit=831%2C478&ssl=1&resize=700%2C400 2x"},"classes":[]},{"id":21121,"url":"https:\/\/www.shqiperia.com\/blog\/zjarrin-republikes-spo-ia-vendos-molotovi-rama-urdhra-me-vkm-arta-markut-dokumenti\/","url_meta":{"origin":14694,"position":3},"title":"\u201cZjarrin Republik\u00ebs s\u2019po ia vendos \u2018molotovi\u2019\u201d\/ &#8211; Rama urdhra me VKM Arta Markut (DOKUMENTI). &#8211;","author":"Kurt Farka","date":"May 13, 2019","format":false,"excerpt":"\u201cZjarrin Republik\u00ebs s\u2019po ia vendos \u2018molotovi\u2019\u201d\/ - Rama urdhra me VKM Arta Markut (DOKUMENTI). - 13 Maj 2019. Nga: Gazeta Shqip. Drejtoresha e Open Data, Aranita Brahaj, p\u00ebrmes nj\u00eb postimi n\u00eb Facebook, shprehet se, n\u00eb shkelje me ligjin, qeveria i ka vendosur Prokuroris\u00eb prioritete n\u00eb shkelje me faktin se, organi\u2026","rel":"","context":"In &quot;Blogu i Udh\u00ebtarit&quot;","block_context":{"text":"Blogu i Udh\u00ebtarit","link":"https:\/\/www.shqiperia.com\/blog\/category\/blogu-i-udhetarit\/"},"img":{"alt_text":"","src":"https:\/\/i0.wp.com\/www.shqiperia.com\/blog\/wp-content\/uploads\/2019\/05\/60269331_10218704890314567_8866129529190481920_n.jpg?fit=960%2C466&ssl=1&resize=350%2C200","width":350,"height":200,"srcset":"https:\/\/i0.wp.com\/www.shqiperia.com\/blog\/wp-content\/uploads\/2019\/05\/60269331_10218704890314567_8866129529190481920_n.jpg?fit=960%2C466&ssl=1&resize=350%2C200 1x, https:\/\/i0.wp.com\/www.shqiperia.com\/blog\/wp-content\/uploads\/2019\/05\/60269331_10218704890314567_8866129529190481920_n.jpg?fit=960%2C466&ssl=1&resize=525%2C300 1.5x, https:\/\/i0.wp.com\/www.shqiperia.com\/blog\/wp-content\/uploads\/2019\/05\/60269331_10218704890314567_8866129529190481920_n.jpg?fit=960%2C466&ssl=1&resize=700%2C400 2x"},"classes":[]},{"id":62302,"url":"https:\/\/www.shqiperia.com\/blog\/deputeti-dashnor-sula-plas-deklaraten-e-forte-mbreme-u-ndalua-arrestimi-i-tre-oligarkeve-ne-tirane-eshte-bere-presion-ndaj-prokurorise\/","url_meta":{"origin":14694,"position":4},"title":"Deputeti Dashnor Sula plas deklarat\u00ebn e fort\u00eb: &#8211; Mbr\u00ebm\u00eb u ndalua arrestimi i tre oligark\u00ebve n\u00eb Tiran\u00eb, \u00ebsht\u00eb b\u00ebr\u00eb presion ndaj Prokuroris\u00eb","author":"Kurt Farka","date":"September 15, 2022","format":false,"excerpt":"15 Shtator 2022 Deputeti i Partis\u00eb Demokratike, Dashnor Sula nga foltorja e Kuvendit deklaroi se \u00ebsht\u00eb ndaluar arrestimi i tre oligark\u00ebve n\u00eb Tiran\u00eb. Duke folur p\u00ebr aksionin e qeveris\u00eb p\u00ebr nd\u00ebrtimet pa leje, Sula tha se tre urdhra arresti jan\u00eb t\u00ebrhequr mbr\u00ebm\u00eb, pasi i \u00ebsht\u00eb b\u00ebr\u00eb presion Prokuroris\u00eb s\u00eb Tiran\u00ebs.\u2026","rel":"","context":"In &quot;Blogu i Udh\u00ebtarit&quot;","block_context":{"text":"Blogu i Udh\u00ebtarit","link":"https:\/\/www.shqiperia.com\/blog\/category\/blogu-i-udhetarit\/"},"img":{"alt_text":"","src":"https:\/\/i0.wp.com\/www.shqiperia.com\/blog\/wp-content\/uploads\/2022\/09\/Dashnor-Sula.jpg?fit=800%2C438&ssl=1&resize=350%2C200","width":350,"height":200,"srcset":"https:\/\/i0.wp.com\/www.shqiperia.com\/blog\/wp-content\/uploads\/2022\/09\/Dashnor-Sula.jpg?fit=800%2C438&ssl=1&resize=350%2C200 1x, https:\/\/i0.wp.com\/www.shqiperia.com\/blog\/wp-content\/uploads\/2022\/09\/Dashnor-Sula.jpg?fit=800%2C438&ssl=1&resize=525%2C300 1.5x, https:\/\/i0.wp.com\/www.shqiperia.com\/blog\/wp-content\/uploads\/2022\/09\/Dashnor-Sula.jpg?fit=800%2C438&ssl=1&resize=700%2C400 2x"},"classes":[]},{"id":99593,"url":"https:\/\/www.shqiperia.com\/blog\/aferat-e-ard-veliut-shnderrojne-kayo-financues-te-jashteligjshem-te-bizneseve-anonime-ja-si-u-lidhen-kontrata-per\/","url_meta":{"origin":14694,"position":5},"title":"Aferat e Ard Veliut shnd\u00ebrrojn\u00eb KAYO financues t\u00eb jasht\u00ebligjsh\u00ebm t\u00eb bizneseve anonime, ja si u lidh\u00ebn kontrata p\u00ebr\u2026","author":"Kurt Farka","date":"April 20, 2026","format":false,"excerpt":"21 Prill 2026 Nga: Gazeta Sot Ekspertja e ekonomis\u00eb,\u00a0Brisida Shehaj ka ngritur akuza t\u00eb forta lidhur me kompanin\u00eb shtet\u00ebrore KAYO, t\u00eb drejtuar nga Ardi Veliu, duke pretenduar se jan\u00eb lidhur kontrata n\u00eb fush\u00ebn e mbrojtjes me kompani q\u00eb, sipas saj, nuk plot\u00ebsojn\u00eb kriteret financiare dhe teknologjike t\u00eb p\u00ebrcaktuara n\u00eb vendimet\u2026","rel":"","context":"In &quot;Blogu i Udh\u00ebtarit&quot;","block_context":{"text":"Blogu i Udh\u00ebtarit","link":"https:\/\/www.shqiperia.com\/blog\/category\/blogu-i-udhetarit\/"},"img":{"alt_text":"","src":"https:\/\/i0.wp.com\/www.shqiperia.com\/blog\/wp-content\/uploads\/2026\/04\/Ard-Veliu.jpg?fit=1080%2C697&ssl=1&resize=350%2C200","width":350,"height":200,"srcset":"https:\/\/i0.wp.com\/www.shqiperia.com\/blog\/wp-content\/uploads\/2026\/04\/Ard-Veliu.jpg?fit=1080%2C697&ssl=1&resize=350%2C200 1x, https:\/\/i0.wp.com\/www.shqiperia.com\/blog\/wp-content\/uploads\/2026\/04\/Ard-Veliu.jpg?fit=1080%2C697&ssl=1&resize=525%2C300 1.5x, https:\/\/i0.wp.com\/www.shqiperia.com\/blog\/wp-content\/uploads\/2026\/04\/Ard-Veliu.jpg?fit=1080%2C697&ssl=1&resize=700%2C400 2x, https:\/\/i0.wp.com\/www.shqiperia.com\/blog\/wp-content\/uploads\/2026\/04\/Ard-Veliu.jpg?fit=1080%2C697&ssl=1&resize=1050%2C600 3x"},"classes":[]}],"_links":{"self":[{"href":"https:\/\/www.shqiperia.com\/blog\/wp-json\/wp\/v2\/posts\/14694","targetHints":{"allow":["GET"]}}],"collection":[{"href":"https:\/\/www.shqiperia.com\/blog\/wp-json\/wp\/v2\/posts"}],"about":[{"href":"https:\/\/www.shqiperia.com\/blog\/wp-json\/wp\/v2\/types\/post"}],"author":[{"embeddable":true,"href":"https:\/\/www.shqiperia.com\/blog\/wp-json\/wp\/v2\/users\/9"}],"replies":[{"embeddable":true,"href":"https:\/\/www.shqiperia.com\/blog\/wp-json\/wp\/v2\/comments?post=14694"}],"version-history":[{"count":3,"href":"https:\/\/www.shqiperia.com\/blog\/wp-json\/wp\/v2\/posts\/14694\/revisions"}],"predecessor-version":[{"id":14698,"href":"https:\/\/www.shqiperia.com\/blog\/wp-json\/wp\/v2\/posts\/14694\/revisions\/14698"}],"wp:featuredmedia":[{"embeddable":true,"href":"https:\/\/www.shqiperia.com\/blog\/wp-json\/wp\/v2\/media\/14695"}],"wp:attachment":[{"href":"https:\/\/www.shqiperia.com\/blog\/wp-json\/wp\/v2\/media?parent=14694"}],"wp:term":[{"taxonomy":"category","embeddable":true,"href":"https:\/\/www.shqiperia.com\/blog\/wp-json\/wp\/v2\/categories?post=14694"},{"taxonomy":"post_tag","embeddable":true,"href":"https:\/\/www.shqiperia.com\/blog\/wp-json\/wp\/v2\/tags?post=14694"}],"curies":[{"name":"wp","href":"https:\/\/api.w.org\/{rel}","templated":true}]}}