{"id":14690,"date":"2018-12-12T14:20:36","date_gmt":"2018-12-12T14:20:36","guid":{"rendered":"http:\/\/www.shqiperia.com\/blog\/?p=14690"},"modified":"2018-12-12T14:20:36","modified_gmt":"2018-12-12T14:20:36","slug":"keta-jane-delet-qe-jane-bere-desh-dhe-me-brire-madje-deklarata-e-forte-e-tupes","status":"publish","type":"post","link":"https:\/\/www.shqiperia.com\/blog\/keta-jane-delet-qe-jane-bere-desh-dhe-me-brire-madje-deklarata-e-forte-e-tupes\/","title":{"rendered":"K\u00ebta jan\u00eb \u201cdelet\u201d q\u00eb jan\u00eb b\u00ebr\u00eb desh dhe me brir\u00eb madje. Deklarata e fort\u00eb e Tupes. &#8211;"},"content":{"rendered":"<p><img data-recalc-dims=\"1\" loading=\"lazy\" decoding=\"async\" data-attachment-id=\"14691\" data-permalink=\"https:\/\/www.shqiperia.com\/blog\/keta-jane-delet-qe-jane-bere-desh-dhe-me-brire-madje-deklarata-e-forte-e-tupes\/tupja-780x405\/\" data-orig-file=\"https:\/\/i0.wp.com\/www.shqiperia.com\/blog\/wp-content\/uploads\/2018\/12\/tupja-780x405.jpg?fit=780%2C405&amp;ssl=1\" data-orig-size=\"780,405\" data-comments-opened=\"1\" data-image-meta=\"{&quot;aperture&quot;:&quot;0&quot;,&quot;credit&quot;:&quot;&quot;,&quot;camera&quot;:&quot;&quot;,&quot;caption&quot;:&quot;&quot;,&quot;created_timestamp&quot;:&quot;0&quot;,&quot;copyright&quot;:&quot;&quot;,&quot;focal_length&quot;:&quot;0&quot;,&quot;iso&quot;:&quot;0&quot;,&quot;shutter_speed&quot;:&quot;0&quot;,&quot;title&quot;:&quot;&quot;,&quot;orientation&quot;:&quot;0&quot;}\" data-image-title=\"tupja-780&#215;405\" data-image-description=\"\" data-image-caption=\"\" data-medium-file=\"https:\/\/i0.wp.com\/www.shqiperia.com\/blog\/wp-content\/uploads\/2018\/12\/tupja-780x405.jpg?fit=300%2C156&amp;ssl=1\" data-large-file=\"https:\/\/i0.wp.com\/www.shqiperia.com\/blog\/wp-content\/uploads\/2018\/12\/tupja-780x405.jpg?fit=780%2C405&amp;ssl=1\" class=\"alignnone  wp-image-14691\" alt=\"\" src=\"https:\/\/i0.wp.com\/www.shqiperia.com\/blog\/wp-content\/uploads\/2018\/12\/tupja-780x405-300x156.jpg?resize=762%2C396\" width=\"762\" height=\"396\" srcset=\"https:\/\/i0.wp.com\/www.shqiperia.com\/blog\/wp-content\/uploads\/2018\/12\/tupja-780x405.jpg?resize=300%2C156&amp;ssl=1 300w, https:\/\/i0.wp.com\/www.shqiperia.com\/blog\/wp-content\/uploads\/2018\/12\/tupja-780x405.jpg?resize=768%2C399&amp;ssl=1 768w, https:\/\/i0.wp.com\/www.shqiperia.com\/blog\/wp-content\/uploads\/2018\/12\/tupja-780x405.jpg?resize=450%2C234&amp;ssl=1 450w, https:\/\/i0.wp.com\/www.shqiperia.com\/blog\/wp-content\/uploads\/2018\/12\/tupja-780x405.jpg?resize=600%2C312&amp;ssl=1 600w, https:\/\/i0.wp.com\/www.shqiperia.com\/blog\/wp-content\/uploads\/2018\/12\/tupja-780x405.jpg?resize=400%2C208&amp;ssl=1 400w, https:\/\/i0.wp.com\/www.shqiperia.com\/blog\/wp-content\/uploads\/2018\/12\/tupja-780x405.jpg?resize=780%2C405&amp;ssl=1 780w\" sizes=\"auto, (max-width: 762px) 100vw, 762px\" \/><\/p>\n<p><strong>K\u00ebta jan\u00eb \u201cdelet\u201d q\u00eb jan\u00eb b\u00ebr\u00eb desh dhe me brir\u00eb madje. Deklarata e fort\u00eb e Tupes. &#8211;<\/strong><\/p>\n<p>12 Dhjetor, 2018.<\/p>\n<p>Pak or\u00eb pas publiki mit t\u00eb lajmit se ndaj tij ishte nd\u00ebrmarr\u00eb nj\u00eb procedim penal nga policia, shkrimtari i njohur Edmond Tupja, n\u00eb nj\u00eb intervist\u00eb p\u00ebr gazetaren Mirilda Tili t\u00eb Fax News, tha se ai \u00ebsht\u00eb nj\u00eb nga mb\u00ebshtet\u00ebsit e shumt\u00eb t\u00eb l\u00ebvizjes studentore dhe jo organizator i saj.<\/p>\n<p>Tupja u shpreh se nj\u00eb vendim i till\u00eb nga ana e policis\u00eb \u00ebsht\u00eb trondit\u00ebs si akt, dhe t\u00eb l\u00eb nj\u00eb shije shum\u00eb t\u00eb keqe.<\/p>\n<p>\u201cNuk \u00ebsht\u00eb i r\u00ebnd\u00ebsish\u00ebm fakti q\u00eb m\u00eb kan\u00eb proceduar, e r\u00ebnd\u00ebsishme \u00ebsht\u00eb q\u00eb protesta t\u00eb vijoj\u00eb e bashkuar dhe e vendosur. Student\u00ebt e kan\u00eb organizuar vet\u00eb k\u00ebt\u00eb protest\u00eb dhe din\u00eb vet\u00eb se \u00e7 \u2018b\u00ebjn\u00eb. E r\u00ebnd\u00ebsishme \u00ebsht\u00eb q\u00eb shoh unitet brenda diversitetit t\u00eb tyre.<\/p>\n<p>Nuk e kam menduar kurr\u00eb t\u00eb ndikoj tek student\u00ebt apo t\u2019i them dikujt t\u00eb b\u00ebni k\u00ebshtu apo ashtu. Gjithsesi un\u00eb i sugjeroj t\u00eb shkojn\u00eb drejt formimit t\u00eb Unionit Komb\u00ebtar t\u00eb Student\u00ebve t\u00eb Shqip\u00ebris\u00eb dhe jo t\u00eb zhvillojn\u00eb vet\u00ebm disa revolta me hope,\u201d \u2013 tha Tupja.<\/p>\n<p>Sipas Tupes, protesta \u00ebsht\u00eb n\u00eb rrug\u00eb t\u00eb mbar\u00eb. Ai tha gjithashtu se ligji ka defekte t\u00eb m\u00ebdha, \u2013\u201cNd\u00ebrkoh\u00eb q\u00eb qeveritar\u00ebt dhe njer\u00ebz t\u00eb tjer\u00eb rreth e rrotull tyre pasurohen dhe nga ana tjet\u00ebr student\u00ebt nuk kan\u00eb ngrohje n\u00eb auditore dhe konvikte<\/p>\n<p>Kjo \u00ebsht\u00eb reforma n\u00eb arsim? Nuk jemi budallenj. Ja pra, k\u00ebta jan\u00eb delet sepse delet nganj\u00ebher\u00eb b\u00ebhen desh me brir\u00eb,\u201d \u2013 tha shkrimtari i njohur duke i\u2019u referuar revolt\u00ebs s\u00eb student\u00ebve.<\/p>\n<p>Ai shprehu vler\u00ebsimet m\u00eb t\u00eb larta p\u00ebr protest\u00ebn e student\u00ebve t\u00eb cil\u00ebt prej 8 dit\u00ebsh kan\u00eb bojkotuar universitetin duke dal\u00eb p\u00ebrpara ministris\u00eb s\u00eb arsimit p\u00ebr heqjen e tarifave shtes\u00eb, p\u00ebrmir\u00ebsimin e kushteve n\u00eb universitete dhe konvikte, p\u00ebrgjysmimin e tarifave etj.<\/p>\n<p>\u201cKorrupsioni ka arritur n\u00eb nivele t\u00eb frikshme. Lali Eri nd\u00ebrton shkolla dhe rikonstrukton shkolla nga nj\u00ebra an\u00eb nd\u00ebrkoh\u00eb nga ana tjet\u00ebr ua marrin parat\u00eb shqiptar\u00ebve me rritjen e taksave.<\/p>\n<p>Me k\u00eb tallen k\u00ebta\u201d?!<\/p>\n<p>Sa i p\u00ebrket rekrutimit t\u00eb pedagog\u00ebve t\u00eb rijn\u00eb n\u00ebp\u00ebr universitete, Tupja tha se ky proces \u00ebsht\u00eb skandaloz sepse ka serviliz\u00ebm, korrupsion, nepotiz\u00ebm n\u00eb p\u00ebrzgjedhjen e tyre.<br \/>\n\u201cDuhet b\u00ebr\u00eb VETING moral dhe profesional ndaj pedagog\u00ebve sepse ka pedagog q\u00eb marrin para sepse kan\u00eb marr\u00eb gjithmon\u00eb,\u201d \u2013 shpreh Tupja.<\/p>\n<p>Ai shtoi se nj\u00eb ligj q\u00eb nuk u p\u00ebrgjigjet k\u00ebrkesave dhe nevojave t\u00eb student\u00ebve nuk duhet t\u00eb ekzistoj\u00eb sepse sipas tij, nes\u00ebr mund t\u00eb nxjerrin nj\u00eb ligj q\u00eb bi\u00e7ikletat do t\u00eb b\u00ebhen t\u00eb detyrueshme dhe q\u00eb duhen bler\u00eb n\u00eb filan firm\u00eb.<\/p>\n<p><img data-recalc-dims=\"1\" loading=\"lazy\" decoding=\"async\" data-attachment-id=\"14692\" data-permalink=\"https:\/\/www.shqiperia.com\/blog\/keta-jane-delet-qe-jane-bere-desh-dhe-me-brire-madje-deklarata-e-forte-e-tupes\/tupja-780x405-2\/\" data-orig-file=\"https:\/\/i0.wp.com\/www.shqiperia.com\/blog\/wp-content\/uploads\/2018\/12\/tupja-780x405-1.jpg?fit=780%2C405&amp;ssl=1\" data-orig-size=\"780,405\" data-comments-opened=\"1\" data-image-meta=\"{&quot;aperture&quot;:&quot;0&quot;,&quot;credit&quot;:&quot;&quot;,&quot;camera&quot;:&quot;&quot;,&quot;caption&quot;:&quot;&quot;,&quot;created_timestamp&quot;:&quot;0&quot;,&quot;copyright&quot;:&quot;&quot;,&quot;focal_length&quot;:&quot;0&quot;,&quot;iso&quot;:&quot;0&quot;,&quot;shutter_speed&quot;:&quot;0&quot;,&quot;title&quot;:&quot;&quot;,&quot;orientation&quot;:&quot;0&quot;}\" data-image-title=\"tupja-780&#215;405\" data-image-description=\"\" data-image-caption=\"\" data-medium-file=\"https:\/\/i0.wp.com\/www.shqiperia.com\/blog\/wp-content\/uploads\/2018\/12\/tupja-780x405-1.jpg?fit=300%2C156&amp;ssl=1\" data-large-file=\"https:\/\/i0.wp.com\/www.shqiperia.com\/blog\/wp-content\/uploads\/2018\/12\/tupja-780x405-1.jpg?fit=780%2C405&amp;ssl=1\" class=\"alignnone  wp-image-14692\" alt=\"\" src=\"https:\/\/i0.wp.com\/www.shqiperia.com\/blog\/wp-content\/uploads\/2018\/12\/tupja-780x405-1-300x156.jpg?resize=869%2C452\" width=\"869\" height=\"452\" srcset=\"https:\/\/i0.wp.com\/www.shqiperia.com\/blog\/wp-content\/uploads\/2018\/12\/tupja-780x405-1.jpg?resize=300%2C156&amp;ssl=1 300w, https:\/\/i0.wp.com\/www.shqiperia.com\/blog\/wp-content\/uploads\/2018\/12\/tupja-780x405-1.jpg?resize=768%2C399&amp;ssl=1 768w, https:\/\/i0.wp.com\/www.shqiperia.com\/blog\/wp-content\/uploads\/2018\/12\/tupja-780x405-1.jpg?resize=450%2C234&amp;ssl=1 450w, https:\/\/i0.wp.com\/www.shqiperia.com\/blog\/wp-content\/uploads\/2018\/12\/tupja-780x405-1.jpg?resize=600%2C312&amp;ssl=1 600w, https:\/\/i0.wp.com\/www.shqiperia.com\/blog\/wp-content\/uploads\/2018\/12\/tupja-780x405-1.jpg?resize=400%2C208&amp;ssl=1 400w, https:\/\/i0.wp.com\/www.shqiperia.com\/blog\/wp-content\/uploads\/2018\/12\/tupja-780x405-1.jpg?w=780&amp;ssl=1 780w\" sizes=\"auto, (max-width: 869px) 100vw, 869px\" \/><\/p>\n<p>\u201cDuhet mbajtur gjall\u00eb zjarri dhe shk\u00ebndija e shpres\u00ebs, nj\u00eb dit\u00eb k\u00ebta politikan\u00eb do t\u00eb shporren, beteja \u00ebsht\u00eb e gjat\u00eb por do t\u00eb ndodh,\u201d \u2013 tha Tupja.<\/p>\n<p>Ai e p\u00ebrfundoi duke th\u00ebn\u00eb se student\u00ebt jan\u00eb ndar\u00eb n\u00eb dy sheshe por kauza \u00ebsht\u00eb e p\u00ebrbashk\u00ebt dhe do ta gjejn\u00eb rrug\u00ebn e tyre, ata nuk mund t\u2019i marr\u00eb askush p\u00ebrdore por ata kan\u00eb nevoj\u00eb p\u00ebr mendime.<\/p>\n","protected":false},"excerpt":{"rendered":"<p>K\u00ebta jan\u00eb \u201cdelet\u201d q\u00eb jan\u00eb b\u00ebr\u00eb desh dhe me brir\u00eb madje. Deklarata e fort\u00eb e Tupes. &#8211; 12 Dhjetor, 2018. Pak or\u00eb pas publiki mit t\u00eb lajmit se ndaj tij ishte nd\u00ebrmarr\u00eb nj\u00eb procedim penal nga policia, shkrimtari i njohur Edmond Tupja, n\u00eb nj\u00eb intervist\u00eb p\u00ebr gazetaren Mirilda Tili t\u00eb Fax News, tha se ai [&hellip;]<\/p>\n","protected":false},"author":9,"featured_media":14691,"comment_status":"open","ping_status":"open","sticky":false,"template":"","format":"standard","meta":{"jetpack_post_was_ever_published":false,"_jetpack_newsletter_access":"","_jetpack_dont_email_post_to_subs":false,"_jetpack_newsletter_tier_id":0,"_jetpack_memberships_contains_paywalled_content":false,"_jetpack_memberships_contains_paid_content":false,"footnotes":"","jetpack_publicize_message":"","jetpack_publicize_feature_enabled":true,"jetpack_social_post_already_shared":true,"jetpack_social_options":{"image_generator_settings":{"template":"highway","default_image_id":0,"font":"","enabled":false},"version":2}},"categories":[27,2,35],"tags":[],"class_list":["post-14690","post","type-post","status-publish","format-standard","has-post-thumbnail","hentry","category-blogu-i-udhetarit","category-politika","category-shoqerore"],"jetpack_publicize_connections":[],"jetpack_featured_media_url":"https:\/\/i0.wp.com\/www.shqiperia.com\/blog\/wp-content\/uploads\/2018\/12\/tupja-780x405.jpg?fit=780%2C405&ssl=1","jetpack_sharing_enabled":true,"jetpack_shortlink":"https:\/\/wp.me\/p5Z6wp-3OW","jetpack-related-posts":[{"id":78602,"url":"https:\/\/www.shqiperia.com\/blog\/edmond-tupja-shqipja-rrezikon-zhdukjen-si-latinishja-dhe-greqishtja-e-lashte\/","url_meta":{"origin":14690,"position":0},"title":"Edmond Tupja &#8211; Shqipja rrezikon zhdukjen si latinishja dhe greqishtja e lasht\u00eb","author":"Kurt Farka","date":"February 24, 2024","format":false,"excerpt":"25 Shkurt 2024 P\u00ebrkthyesi dhe shkrimtari i njohur Edmond Tupja deklaron se gjuha shqipe \u00ebsht\u00eb nj\u00eb nga 3 gjuh\u00ebt m\u00eb t\u00eb vjetra. I ftuar n\u00eb \u201c Mes dy bot\u00ebve\u201d t\u00eb Helidon Halitit n\u00eb RTSH, Edmond Tupja jep alarmin e zhdukjes s\u00eb gjuh\u00ebs son\u00eb si pasoj\u00eb e globalizimit. \u201cShqipja \u00ebsht\u00eb nj\u00eb\u2026","rel":"","context":"In &quot;Blogu i Udh\u00ebtarit&quot;","block_context":{"text":"Blogu i Udh\u00ebtarit","link":"https:\/\/www.shqiperia.com\/blog\/category\/blogu-i-udhetarit\/"},"img":{"alt_text":"","src":"https:\/\/i0.wp.com\/www.shqiperia.com\/blog\/wp-content\/uploads\/2024\/02\/640-0-65d9c1b69b2e4.jpeg?fit=640%2C382&ssl=1&resize=350%2C200","width":350,"height":200,"srcset":"https:\/\/i0.wp.com\/www.shqiperia.com\/blog\/wp-content\/uploads\/2024\/02\/640-0-65d9c1b69b2e4.jpeg?fit=640%2C382&ssl=1&resize=350%2C200 1x, https:\/\/i0.wp.com\/www.shqiperia.com\/blog\/wp-content\/uploads\/2024\/02\/640-0-65d9c1b69b2e4.jpeg?fit=640%2C382&ssl=1&resize=525%2C300 1.5x"},"classes":[]},{"id":34343,"url":"https:\/\/www.shqiperia.com\/blog\/jo-vetem-covid-19-ky-eshte-kercenimi-i-radhes-qe-na-vjen-nga-kina-vrasesit-me-brire-qe-po-bejne-namin-foto\/","url_meta":{"origin":14690,"position":1},"title":"Jo vet\u00ebm COVID-19, ky \u00ebsht\u00eb k\u00ebrc\u00ebnimi i radh\u00ebs q\u00eb na vjen nga Kina, \u2018vras\u00ebsit me brir\u00eb\u2019 q\u00eb po b\u00ebjn\u00eb namin (FOTO)","author":"Kurt Farka","date":"May 7, 2020","format":false,"excerpt":"Jo vet\u00ebm COVID-19, ky \u00ebsht\u00eb k\u00ebrc\u00ebnimi i radh\u00ebs q\u00eb na vjen nga Kina, \u2018vras\u00ebsit me brir\u00eb\u2019 q\u00eb po b\u00ebjn\u00eb namin (FOTO) Njihen ndryshe si \u2018vras\u00ebsit me brir\u00eb\u2019 ose \u2018gjigand\u00ebt aziatik\u00eb\u2019 dhe jan\u00eb insektet m\u00eb vdekjeprur\u00ebse, q\u00eb tashm\u00eb kan\u00eb mb\u00ebrritur dhe n\u00eb per\u00ebndim. K\u00ebto insekte vrasin rreth 50 njer\u00ebz n\u00eb vit\u2026","rel":"","context":"In &quot;Blogu i Udh\u00ebtarit&quot;","block_context":{"text":"Blogu i Udh\u00ebtarit","link":"https:\/\/www.shqiperia.com\/blog\/category\/blogu-i-udhetarit\/"},"img":{"alt_text":"","src":"https:\/\/i0.wp.com\/www.shqiperia.com\/blog\/wp-content\/uploads\/2020\/05\/Rreziku-%E2%80%98gjigand%C3%ABt-aziatik%C3%AB%E2%80%99-2.jpg?fit=640%2C302&ssl=1&resize=350%2C200","width":350,"height":200,"srcset":"https:\/\/i0.wp.com\/www.shqiperia.com\/blog\/wp-content\/uploads\/2020\/05\/Rreziku-%E2%80%98gjigand%C3%ABt-aziatik%C3%AB%E2%80%99-2.jpg?fit=640%2C302&ssl=1&resize=350%2C200 1x, https:\/\/i0.wp.com\/www.shqiperia.com\/blog\/wp-content\/uploads\/2020\/05\/Rreziku-%E2%80%98gjigand%C3%ABt-aziatik%C3%AB%E2%80%99-2.jpg?fit=640%2C302&ssl=1&resize=525%2C300 1.5x"},"classes":[]},{"id":32465,"url":"https:\/\/www.shqiperia.com\/blog\/mjeku-fahri-beqa-nga-gjermania-del-me-thirrje-te-forte-jo-kete-medikament-qe-po-perdoret-ne-menyre-masive-ka-ndikuar-ne-zhvillimin-me-te-shpejte-te-semundjes\/","url_meta":{"origin":14690,"position":2},"title":"Mjeku Fahri Beqa nga Gjermania, del me thirrje t\u00eb fort\u00eb: &#8211; JO k\u00ebt\u00eb medikament q\u00eb po p\u00ebrdoret n\u00eb m\u00ebnyr\u00eb masive, ka ndikuar n\u00eb zhvillimin m\u00eb t\u00eb shpejt\u00eb t\u00eb s\u00ebmundjes","author":"Kurt Farka","date":"March 17, 2020","format":false,"excerpt":"Fahri Beqa del me thirrje t\u00eb fort\u00eb: JO k\u00ebt\u00eb medikament q\u00eb po p\u00ebrdoret n\u00eb m\u00ebnyr\u00eb masive, ka ndikuar n\u00eb zhvillimin m\u00eb t\u00eb shpejt\u00eb t\u00eb s\u00ebmundjes 17 MARS 2020 N\u00eb nj\u00eb lidhje direkte p\u00ebr \u201cAbc-ja e m\u00ebngjesit\u201d Fahri Beqa, ekspert i Sh\u00ebndetit Publik n\u00eb Gjermani ka folur p\u00ebr situat\u00ebn e krijuar\u2026","rel":"","context":"In &quot;Blogu i Udh\u00ebtarit&quot;","block_context":{"text":"Blogu i Udh\u00ebtarit","link":"https:\/\/www.shqiperia.com\/blog\/category\/blogu-i-udhetarit\/"},"img":{"alt_text":"","src":"https:\/\/i0.wp.com\/www.shqiperia.com\/blog\/wp-content\/uploads\/2020\/03\/Mjeku-Fahri-Beqa.jpg?fit=800%2C455&ssl=1&resize=350%2C200","width":350,"height":200,"srcset":"https:\/\/i0.wp.com\/www.shqiperia.com\/blog\/wp-content\/uploads\/2020\/03\/Mjeku-Fahri-Beqa.jpg?fit=800%2C455&ssl=1&resize=350%2C200 1x, https:\/\/i0.wp.com\/www.shqiperia.com\/blog\/wp-content\/uploads\/2020\/03\/Mjeku-Fahri-Beqa.jpg?fit=800%2C455&ssl=1&resize=525%2C300 1.5x, https:\/\/i0.wp.com\/www.shqiperia.com\/blog\/wp-content\/uploads\/2020\/03\/Mjeku-Fahri-Beqa.jpg?fit=800%2C455&ssl=1&resize=700%2C400 2x"},"classes":[]},{"id":97295,"url":"https:\/\/www.shqiperia.com\/blog\/rama-ka-humbur-mbeshtetjen-e-nderkombetareve-lubonja-balluku-para-drejtesise-mund-te\/","url_meta":{"origin":14690,"position":3},"title":"\u201cRama ka humbur mb\u00ebshtetjen e nd\u00ebrkomb\u00ebtar\u00ebve\u201d, Lubonja: &#8211; Balluku para drejt\u00ebsis\u00eb, mund t\u00eb\u2026","author":"Kurt Farka","date":"February 3, 2026","format":false,"excerpt":"3 Shkurt 2026 ... N\u00ebse SPAK nuk shkon te Rama q\u00eb \u00ebsht\u00eb autori\u2026\u00e7far\u00eb mund t\u00eb them. Por k\u00ebta po luajn\u00eb volejboll p\u00ebr \u00e7\u00ebshtjen Balluku\u201d. Analisti Fatos Lubonja komentoi vizit\u00ebn e kryeministrit Edi Rama n\u00eb Izrael. Gjat\u00eb nj\u00eb interviste televizive, analisti Fatos Lubonja u shpreh se kryeministri Rama e ka humbur\u2026","rel":"","context":"In &quot;Blogu i Udh\u00ebtarit&quot;","block_context":{"text":"Blogu i Udh\u00ebtarit","link":"https:\/\/www.shqiperia.com\/blog\/category\/blogu-i-udhetarit\/"},"img":{"alt_text":"","src":"https:\/\/i0.wp.com\/www.shqiperia.com\/blog\/wp-content\/uploads\/2026\/02\/hq720.jpg?fit=686%2C386&ssl=1&resize=350%2C200","width":350,"height":200,"srcset":"https:\/\/i0.wp.com\/www.shqiperia.com\/blog\/wp-content\/uploads\/2026\/02\/hq720.jpg?fit=686%2C386&ssl=1&resize=350%2C200 1x, https:\/\/i0.wp.com\/www.shqiperia.com\/blog\/wp-content\/uploads\/2026\/02\/hq720.jpg?fit=686%2C386&ssl=1&resize=525%2C300 1.5x"},"classes":[]},{"id":57754,"url":"https:\/\/www.shqiperia.com\/blog\/artan-hoxha-tregon-ceshtjen-qe-spak-ka-ne-hetim-do-te-trazoje-politiken-shqiptare\/","url_meta":{"origin":14690,"position":4},"title":"Artan Hoxha tregon \u00e7\u00ebshtjen q\u00eb SPAK ka n\u00eb hetim: &#8211; Do t\u00eb trazoj\u00eb politik\u00ebn shqiptare","author":"Kurt Farka","date":"May 9, 2022","format":false,"excerpt":"Artan Hoxha tregon \u00e7\u00ebshtjen q\u00eb SPAK ka n\u00eb hetim: - Do t\u00eb trazoj\u00eb politik\u00ebn shqiptare 9 MAJ 2022 I ftuar n\u00eb emisionin \u201cLog\u201d, gazetari investigativ Artan Hoxha ka zbuluar se SPAK ka n\u00eb hetim \u00e7\u00ebshtje q\u00eb nuk jan\u00eb b\u00ebr\u00eb publike dhe q\u00eb mund t\u00eb trazojn\u00eb m\u00eb shum\u00eb politik\u00ebn shqiptare. Hoxha\u2026","rel":"","context":"In &quot;Blogu i Udh\u00ebtarit&quot;","block_context":{"text":"Blogu i Udh\u00ebtarit","link":"https:\/\/www.shqiperia.com\/blog\/category\/blogu-i-udhetarit\/"},"img":{"alt_text":"","src":"https:\/\/i0.wp.com\/www.shqiperia.com\/blog\/wp-content\/uploads\/2022\/05\/800-0-62796f70765c0.jpg?fit=800%2C420&ssl=1&resize=350%2C200","width":350,"height":200,"srcset":"https:\/\/i0.wp.com\/www.shqiperia.com\/blog\/wp-content\/uploads\/2022\/05\/800-0-62796f70765c0.jpg?fit=800%2C420&ssl=1&resize=350%2C200 1x, https:\/\/i0.wp.com\/www.shqiperia.com\/blog\/wp-content\/uploads\/2022\/05\/800-0-62796f70765c0.jpg?fit=800%2C420&ssl=1&resize=525%2C300 1.5x, https:\/\/i0.wp.com\/www.shqiperia.com\/blog\/wp-content\/uploads\/2022\/05\/800-0-62796f70765c0.jpg?fit=800%2C420&ssl=1&resize=700%2C400 2x"},"classes":[]},{"id":98468,"url":"https:\/\/www.shqiperia.com\/blog\/sulmi-kibernetik-ndaj-kuvendit-dervishi-nuk-u-be-nga-irani-por-njerezit-qe-kontrollonin-akshi-n\/","url_meta":{"origin":14690,"position":5},"title":"Sulmi kibernetik ndaj Kuvendit\/ Dervishi: Nuk u b\u00eb nga Irani, por njer\u00ebzit q\u00eb kontrollonin AKSHI-n","author":"Kurt Farka","date":"March 18, 2026","format":false,"excerpt":"18 Mars 2026 Gazetari Ferdinand Dervishi ka deklaruar se sulmi kibernetik ndaj Kuvendit, nuk ishte nga hekerat iranian\u00eb, por njer\u00ebzit q\u00eb kontrollonin AKSHI-n. Sipas Dervishit ata k\u00ebrkojn\u00eb t\u00eb thon\u00eb q\u00eb jan\u00eb t\u00eb paz\u00ebvend\u00ebsuesh\u00ebm dhe se k\u00ebrkojn\u00eb mbrojtje. \u201cU kalua shum\u00eb n\u00eb heshtje kjo histori. Kemi sulm t\u00eb armatosur ndaj Iranit\u2026","rel":"","context":"In &quot;Blogu i Udh\u00ebtarit&quot;","block_context":{"text":"Blogu i Udh\u00ebtarit","link":"https:\/\/www.shqiperia.com\/blog\/category\/blogu-i-udhetarit\/"},"img":{"alt_text":"","src":"https:\/\/i0.wp.com\/www.shqiperia.com\/blog\/wp-content\/uploads\/2026\/03\/Capture-344.jpg?fit=791%2C439&ssl=1&resize=350%2C200","width":350,"height":200,"srcset":"https:\/\/i0.wp.com\/www.shqiperia.com\/blog\/wp-content\/uploads\/2026\/03\/Capture-344.jpg?fit=791%2C439&ssl=1&resize=350%2C200 1x, https:\/\/i0.wp.com\/www.shqiperia.com\/blog\/wp-content\/uploads\/2026\/03\/Capture-344.jpg?fit=791%2C439&ssl=1&resize=525%2C300 1.5x, https:\/\/i0.wp.com\/www.shqiperia.com\/blog\/wp-content\/uploads\/2026\/03\/Capture-344.jpg?fit=791%2C439&ssl=1&resize=700%2C400 2x"},"classes":[]}],"_links":{"self":[{"href":"https:\/\/www.shqiperia.com\/blog\/wp-json\/wp\/v2\/posts\/14690","targetHints":{"allow":["GET"]}}],"collection":[{"href":"https:\/\/www.shqiperia.com\/blog\/wp-json\/wp\/v2\/posts"}],"about":[{"href":"https:\/\/www.shqiperia.com\/blog\/wp-json\/wp\/v2\/types\/post"}],"author":[{"embeddable":true,"href":"https:\/\/www.shqiperia.com\/blog\/wp-json\/wp\/v2\/users\/9"}],"replies":[{"embeddable":true,"href":"https:\/\/www.shqiperia.com\/blog\/wp-json\/wp\/v2\/comments?post=14690"}],"version-history":[{"count":1,"href":"https:\/\/www.shqiperia.com\/blog\/wp-json\/wp\/v2\/posts\/14690\/revisions"}],"predecessor-version":[{"id":14693,"href":"https:\/\/www.shqiperia.com\/blog\/wp-json\/wp\/v2\/posts\/14690\/revisions\/14693"}],"wp:featuredmedia":[{"embeddable":true,"href":"https:\/\/www.shqiperia.com\/blog\/wp-json\/wp\/v2\/media\/14691"}],"wp:attachment":[{"href":"https:\/\/www.shqiperia.com\/blog\/wp-json\/wp\/v2\/media?parent=14690"}],"wp:term":[{"taxonomy":"category","embeddable":true,"href":"https:\/\/www.shqiperia.com\/blog\/wp-json\/wp\/v2\/categories?post=14690"},{"taxonomy":"post_tag","embeddable":true,"href":"https:\/\/www.shqiperia.com\/blog\/wp-json\/wp\/v2\/tags?post=14690"}],"curies":[{"name":"wp","href":"https:\/\/api.w.org\/{rel}","templated":true}]}}